{"id":5212,"date":"2025-12-16T01:28:46","date_gmt":"2025-12-16T04:28:46","guid":{"rendered":"https:\/\/motorista.com.br\/noticias\/2025\/12\/16\/tesla-inicia-testes-de-robos-taxi-autonomos-em-austin\/"},"modified":"2025-12-16T01:28:46","modified_gmt":"2025-12-16T04:28:46","slug":"tesla-inicia-testes-de-robos-taxi-autonomos-em-austin","status":"publish","type":"post","link":"https:\/\/motorista.com.br\/noticias\/2025\/12\/16\/tesla-inicia-testes-de-robos-taxi-autonomos-em-austin\/","title":{"rendered":"Tesla inicia testes de rob\u00f4s-t\u00e1xi aut\u00f4nomos em Austin."},"content":{"rendered":"<p>Tesla Avan\u00e7a em Testes de Rob\u00f4s-T\u00e1xi Sem Monitores em Austin<\/p>\n<p>A Tesla est\u00e1 dando passos significativos na dire\u00e7\u00e3o da autonomia total em seus ve\u00edculos. Seis meses ap\u00f3s iniciar testes de rob\u00f4-t\u00e1xi em Austin, no Texas, a empresa j\u00e1 permite que seus carros circulem sem a presen\u00e7a de monitores humanos. Essa mudan\u00e7a marca uma etapa importante na transi\u00e7\u00e3o para um servi\u00e7o comercial, algo que Elon Musk havia prometido h\u00e1 anos.<\/p>\n<p>## Impactos na Mobilidade<\/p>\n<p>A introdu\u00e7\u00e3o de rob\u00f4s-t\u00e1xi tem o potencial de transformar a forma como nos movemos nas cidades. Com a remo\u00e7\u00e3o dos monitores de seguran\u00e7a, a Tesla vislumbra um futuro em que o transporte individual se torna mais acess\u00edvel e eficiente. A ideia \u00e9 que os ve\u00edculos aut\u00f4nomos possam operar em hor\u00e1rios de pico, aumentando a capacidade do sistema de transporte e reduzindo o congestionamento.<\/p>\n<p>## Seguran\u00e7a e Desafios<\/p>\n<p>Apesar dos avan\u00e7os, quest\u00f5es de seguran\u00e7a n\u00e3o podem ser ignoradas. Nos \u00faltimos meses, a frota experimental da Tesla esteve envolvida em acidentes, gerando preocupa\u00e7\u00f5es sobre a seguran\u00e7a do novo modelo. Quando mais ve\u00edculos aut\u00f4nomos est\u00e3o nas ruas, a necessidade de garantias de seguran\u00e7a e regulamenta\u00e7\u00e3o adequada se torna ainda mais premente. Isso ressalta a import\u00e2ncia de um di\u00e1logo cont\u00ednuo entre a empresa, \u00f3rg\u00e3os governamentais e a sociedade.<\/p>\n<p>## O Futuro do Transporte<\/p>\n<p>A Tesla n\u00e3o est\u00e1 apenas competindo com outras empresas de rob\u00f4-t\u00e1xi, como a Waymo, mas tamb\u00e9m coloca \u00e0 prova a resist\u00eancia de conceitos tradicionais de transporte. Com a possibilidade de integrar carros particulares \u00e0 frota de rob\u00f4s-t\u00e1xi, a empresa abre espa\u00e7o para uma nova era de mobilidade compartilhada.<\/p>\n<p>A inova\u00e7\u00e3o promete facilitar a mobilidade nas cidades, mas dever\u00e1 enfrentar desafios regulat\u00f3rios e de aceita\u00e7\u00e3o p\u00fablica. O equil\u00edbrio entre inova\u00e7\u00e3o e seguran\u00e7a ser\u00e1 crucial para definir o sucesso desse novo modelo de transporte.<\/p>\n<p>Fonte: olhardigital<\/p>\n","protected":false},"excerpt":{"rendered":"<p>Tesla Avan\u00e7a em Testes de Rob\u00f4s-T\u00e1xi Sem Monitores em Austin A Tesla est\u00e1 dando passos significativos na dire\u00e7\u00e3o da autonomia total em seus ve\u00edculos. Seis meses ap\u00f3s iniciar testes de rob\u00f4-t\u00e1xi em Austin, no Texas, a empresa j\u00e1 permite que seus carros circulem sem a presen\u00e7a de monitores humanos. Essa mudan\u00e7a marca uma etapa importante &hellip;<\/p>\n","protected":false},"author":4,"featured_media":2036,"comment_status":"","ping_status":"open","sticky":false,"template":"","format":"standard","meta":{"footnotes":""},"categories":[56],"tags":[],"coauthors":[42],"class_list":["post-5212","post","type-post","status-publish","format-standard","has-post-thumbnail","hentry","category-tecnologia"],"yoast_head":"<!-- This site is optimized with the Yoast SEO Premium plugin v25.5 (Yoast SEO v27.4) - https:\/\/yoast.com\/product\/yoast-seo-premium-wordpress\/ -->\n<title>Tesla inicia testes de rob\u00f4s-t\u00e1xi aut\u00f4nomos em Austin. - Motorista.com.br<\/title>\n<meta name=\"robots\" content=\"index, follow, max-snippet:-1, max-image-preview:large, max-video-preview:-1\" \/>\n<link rel=\"canonical\" href=\"https:\/\/motorista.com.br\/noticias\/2025\/12\/16\/tesla-inicia-testes-de-robos-taxi-autonomos-em-austin\/\" \/>\n<meta property=\"og:locale\" content=\"pt_BR\" \/>\n<meta property=\"og:type\" content=\"article\" \/>\n<meta property=\"og:title\" content=\"Tesla inicia testes de rob\u00f4s-t\u00e1xi aut\u00f4nomos em Austin.\" \/>\n<meta property=\"og:description\" content=\"Tesla Avan\u00e7a em Testes de Rob\u00f4s-T\u00e1xi Sem Monitores em Austin A Tesla est\u00e1 dando passos significativos na dire\u00e7\u00e3o da autonomia total em seus ve\u00edculos. Seis meses ap\u00f3s iniciar testes de rob\u00f4-t\u00e1xi em Austin, no Texas, a empresa j\u00e1 permite que seus carros circulem sem a presen\u00e7a de monitores humanos. Essa mudan\u00e7a marca uma etapa importante &hellip;\" \/>\n<meta property=\"og:url\" content=\"https:\/\/motorista.com.br\/noticias\/2025\/12\/16\/tesla-inicia-testes-de-robos-taxi-autonomos-em-austin\/\" \/>\n<meta property=\"og:site_name\" content=\"Motorista.com.br\" \/>\n<meta property=\"article:published_time\" content=\"2025-12-16T04:28:46+00:00\" \/>\n<meta name=\"author\" content=\"Equipe Reda\u00e7\u00e3o\" \/>\n<meta name=\"twitter:card\" content=\"summary_large_image\" \/>\n<meta name=\"twitter:label1\" content=\"Escrito por\" \/>\n\t<meta name=\"twitter:data1\" content=\"Equipe Reda\u00e7\u00e3o\" \/>\n\t<meta name=\"twitter:label2\" content=\"Est. tempo de leitura\" \/>\n\t<meta name=\"twitter:data2\" content=\"2 minutos\" \/>\n\t<meta name=\"twitter:label3\" content=\"Written by\" \/>\n\t<meta name=\"twitter:data3\" content=\"Equipe Reda\u00e7\u00e3o\" \/>\n<script type=\"application\/ld+json\" class=\"yoast-schema-graph\">{\"@context\":\"https:\\\/\\\/schema.org\",\"@graph\":[{\"@type\":\"Article\",\"@id\":\"https:\\\/\\\/motorista.com.br\\\/noticias\\\/2025\\\/12\\\/16\\\/tesla-inicia-testes-de-robos-taxi-autonomos-em-austin\\\/#article\",\"isPartOf\":{\"@id\":\"https:\\\/\\\/motorista.com.br\\\/noticias\\\/2025\\\/12\\\/16\\\/tesla-inicia-testes-de-robos-taxi-autonomos-em-austin\\\/\"},\"author\":{\"name\":\"Equipe Reda\u00e7\u00e3o\",\"@id\":\"https:\\\/\\\/motorista.com.br\\\/noticias\\\/#\\\/schema\\\/person\\\/dc93afc2981c0e3ce6bc3c053fd847be\"},\"headline\":\"Tesla inicia testes de rob\u00f4s-t\u00e1xi aut\u00f4nomos em Austin.\",\"datePublished\":\"2025-12-16T04:28:46+00:00\",\"mainEntityOfPage\":{\"@id\":\"https:\\\/\\\/motorista.com.br\\\/noticias\\\/2025\\\/12\\\/16\\\/tesla-inicia-testes-de-robos-taxi-autonomos-em-austin\\\/\"},\"wordCount\":353,\"publisher\":{\"@id\":\"https:\\\/\\\/motorista.com.br\\\/noticias\\\/#organization\"},\"image\":{\"@id\":\"https:\\\/\\\/motorista.com.br\\\/noticias\\\/2025\\\/12\\\/16\\\/tesla-inicia-testes-de-robos-taxi-autonomos-em-austin\\\/#primaryimage\"},\"thumbnailUrl\":\"https:\\\/\\\/motorista.com.br\\\/noticias\\\/wp-content\\\/uploads\\\/2025\\\/07\\\/tesla-.jpg\",\"articleSection\":[\"Tecnologia\"],\"inLanguage\":\"pt-BR\"},{\"@type\":\"WebPage\",\"@id\":\"https:\\\/\\\/motorista.com.br\\\/noticias\\\/2025\\\/12\\\/16\\\/tesla-inicia-testes-de-robos-taxi-autonomos-em-austin\\\/\",\"url\":\"https:\\\/\\\/motorista.com.br\\\/noticias\\\/2025\\\/12\\\/16\\\/tesla-inicia-testes-de-robos-taxi-autonomos-em-austin\\\/\",\"name\":\"Tesla inicia testes de rob\u00f4s-t\u00e1xi aut\u00f4nomos em Austin. - Motorista.com.br\",\"isPartOf\":{\"@id\":\"https:\\\/\\\/motorista.com.br\\\/noticias\\\/#website\"},\"primaryImageOfPage\":{\"@id\":\"https:\\\/\\\/motorista.com.br\\\/noticias\\\/2025\\\/12\\\/16\\\/tesla-inicia-testes-de-robos-taxi-autonomos-em-austin\\\/#primaryimage\"},\"image\":{\"@id\":\"https:\\\/\\\/motorista.com.br\\\/noticias\\\/2025\\\/12\\\/16\\\/tesla-inicia-testes-de-robos-taxi-autonomos-em-austin\\\/#primaryimage\"},\"thumbnailUrl\":\"https:\\\/\\\/motorista.com.br\\\/noticias\\\/wp-content\\\/uploads\\\/2025\\\/07\\\/tesla-.jpg\",\"datePublished\":\"2025-12-16T04:28:46+00:00\",\"breadcrumb\":{\"@id\":\"https:\\\/\\\/motorista.com.br\\\/noticias\\\/2025\\\/12\\\/16\\\/tesla-inicia-testes-de-robos-taxi-autonomos-em-austin\\\/#breadcrumb\"},\"inLanguage\":\"pt-BR\",\"potentialAction\":[{\"@type\":\"ReadAction\",\"target\":[\"https:\\\/\\\/motorista.com.br\\\/noticias\\\/2025\\\/12\\\/16\\\/tesla-inicia-testes-de-robos-taxi-autonomos-em-austin\\\/\"]}]},{\"@type\":\"ImageObject\",\"inLanguage\":\"pt-BR\",\"@id\":\"https:\\\/\\\/motorista.com.br\\\/noticias\\\/2025\\\/12\\\/16\\\/tesla-inicia-testes-de-robos-taxi-autonomos-em-austin\\\/#primaryimage\",\"url\":\"https:\\\/\\\/motorista.com.br\\\/noticias\\\/wp-content\\\/uploads\\\/2025\\\/07\\\/tesla-.jpg\",\"contentUrl\":\"https:\\\/\\\/motorista.com.br\\\/noticias\\\/wp-content\\\/uploads\\\/2025\\\/07\\\/tesla-.jpg\",\"width\":2003,\"height\":1127},{\"@type\":\"BreadcrumbList\",\"@id\":\"https:\\\/\\\/motorista.com.br\\\/noticias\\\/2025\\\/12\\\/16\\\/tesla-inicia-testes-de-robos-taxi-autonomos-em-austin\\\/#breadcrumb\",\"itemListElement\":[{\"@type\":\"ListItem\",\"position\":1,\"name\":\"In\u00edcio\",\"item\":\"https:\\\/\\\/motorista.com.br\\\/noticias\\\/\"},{\"@type\":\"ListItem\",\"position\":2,\"name\":\"Tesla inicia testes de rob\u00f4s-t\u00e1xi aut\u00f4nomos em Austin.\"}]},{\"@type\":\"WebSite\",\"@id\":\"https:\\\/\\\/motorista.com.br\\\/noticias\\\/#website\",\"url\":\"https:\\\/\\\/motorista.com.br\\\/noticias\\\/\",\"name\":\"Motorista.com.br\",\"description\":\"Not\u00edcia do Motorista\",\"publisher\":{\"@id\":\"https:\\\/\\\/motorista.com.br\\\/noticias\\\/#organization\"},\"potentialAction\":[{\"@type\":\"SearchAction\",\"target\":{\"@type\":\"EntryPoint\",\"urlTemplate\":\"https:\\\/\\\/motorista.com.br\\\/noticias\\\/?s={search_term_string}\"},\"query-input\":{\"@type\":\"PropertyValueSpecification\",\"valueRequired\":true,\"valueName\":\"search_term_string\"}}],\"inLanguage\":\"pt-BR\"},{\"@type\":\"Organization\",\"@id\":\"https:\\\/\\\/motorista.com.br\\\/noticias\\\/#organization\",\"name\":\"Motorista.com.br\",\"url\":\"https:\\\/\\\/motorista.com.br\\\/noticias\\\/\",\"logo\":{\"@type\":\"ImageObject\",\"inLanguage\":\"pt-BR\",\"@id\":\"https:\\\/\\\/motorista.com.br\\\/noticias\\\/#\\\/schema\\\/logo\\\/image\\\/\",\"url\":\"https:\\\/\\\/motorista.com.br\\\/noticias\\\/wp-content\\\/uploads\\\/2025\\\/06\\\/Design-sem-nome-9.png\",\"contentUrl\":\"https:\\\/\\\/motorista.com.br\\\/noticias\\\/wp-content\\\/uploads\\\/2025\\\/06\\\/Design-sem-nome-9.png\",\"width\":150,\"height\":85,\"caption\":\"Motorista.com.br\"},\"image\":{\"@id\":\"https:\\\/\\\/motorista.com.br\\\/noticias\\\/#\\\/schema\\\/logo\\\/image\\\/\"}},{\"@type\":\"Person\",\"@id\":\"https:\\\/\\\/motorista.com.br\\\/noticias\\\/#\\\/schema\\\/person\\\/dc93afc2981c0e3ce6bc3c053fd847be\",\"name\":\"Equipe Reda\u00e7\u00e3o\",\"image\":{\"@type\":\"ImageObject\",\"inLanguage\":\"pt-BR\",\"@id\":\"https:\\\/\\\/secure.gravatar.com\\\/avatar\\\/4f525efbf18dd2bb300ccad28bfb99d95a9465a5ba268407c8c37b37e1f28d2d?s=96&d=mm&r=g9e099043a0c61e9ae27e293b9fa75ffc\",\"url\":\"https:\\\/\\\/secure.gravatar.com\\\/avatar\\\/4f525efbf18dd2bb300ccad28bfb99d95a9465a5ba268407c8c37b37e1f28d2d?s=96&d=mm&r=g\",\"contentUrl\":\"https:\\\/\\\/secure.gravatar.com\\\/avatar\\\/4f525efbf18dd2bb300ccad28bfb99d95a9465a5ba268407c8c37b37e1f28d2d?s=96&d=mm&r=g\",\"caption\":\"Equipe Reda\u00e7\u00e3o\"},\"description\":\"Equipe de reda\u00e7\u00e3o \u00e9 um grupo de profissionais que trabalham juntos para criar conte\u00fado escrito para Motorista.com.br\",\"url\":\"https:\\\/\\\/motorista.com.br\\\/noticias\\\/author\\\/equiperedacao\\\/\"}]}<\/script>\n<!-- \/ Yoast SEO Premium plugin. -->","yoast_head_json":{"title":"Tesla inicia testes de rob\u00f4s-t\u00e1xi aut\u00f4nomos em Austin. - Motorista.com.br","robots":{"index":"index","follow":"follow","max-snippet":"max-snippet:-1","max-image-preview":"max-image-preview:large","max-video-preview":"max-video-preview:-1"},"canonical":"https:\/\/motorista.com.br\/noticias\/2025\/12\/16\/tesla-inicia-testes-de-robos-taxi-autonomos-em-austin\/","og_locale":"pt_BR","og_type":"article","og_title":"Tesla inicia testes de rob\u00f4s-t\u00e1xi aut\u00f4nomos em Austin.","og_description":"Tesla Avan\u00e7a em Testes de Rob\u00f4s-T\u00e1xi Sem Monitores em Austin A Tesla est\u00e1 dando passos significativos na dire\u00e7\u00e3o da autonomia total em seus ve\u00edculos. Seis meses ap\u00f3s iniciar testes de rob\u00f4-t\u00e1xi em Austin, no Texas, a empresa j\u00e1 permite que seus carros circulem sem a presen\u00e7a de monitores humanos. Essa mudan\u00e7a marca uma etapa importante &hellip;","og_url":"https:\/\/motorista.com.br\/noticias\/2025\/12\/16\/tesla-inicia-testes-de-robos-taxi-autonomos-em-austin\/","og_site_name":"Motorista.com.br","article_published_time":"2025-12-16T04:28:46+00:00","author":"Equipe Reda\u00e7\u00e3o","twitter_card":"summary_large_image","twitter_misc":{"Escrito por":"Equipe Reda\u00e7\u00e3o","Est. tempo de leitura":"2 minutos","Written by":"Equipe Reda\u00e7\u00e3o"},"schema":{"@context":"https:\/\/schema.org","@graph":[{"@type":"Article","@id":"https:\/\/motorista.com.br\/noticias\/2025\/12\/16\/tesla-inicia-testes-de-robos-taxi-autonomos-em-austin\/#article","isPartOf":{"@id":"https:\/\/motorista.com.br\/noticias\/2025\/12\/16\/tesla-inicia-testes-de-robos-taxi-autonomos-em-austin\/"},"author":{"name":"Equipe Reda\u00e7\u00e3o","@id":"https:\/\/motorista.com.br\/noticias\/#\/schema\/person\/dc93afc2981c0e3ce6bc3c053fd847be"},"headline":"Tesla inicia testes de rob\u00f4s-t\u00e1xi aut\u00f4nomos em Austin.","datePublished":"2025-12-16T04:28:46+00:00","mainEntityOfPage":{"@id":"https:\/\/motorista.com.br\/noticias\/2025\/12\/16\/tesla-inicia-testes-de-robos-taxi-autonomos-em-austin\/"},"wordCount":353,"publisher":{"@id":"https:\/\/motorista.com.br\/noticias\/#organization"},"image":{"@id":"https:\/\/motorista.com.br\/noticias\/2025\/12\/16\/tesla-inicia-testes-de-robos-taxi-autonomos-em-austin\/#primaryimage"},"thumbnailUrl":"https:\/\/motorista.com.br\/noticias\/wp-content\/uploads\/2025\/07\/tesla-.jpg","articleSection":["Tecnologia"],"inLanguage":"pt-BR"},{"@type":"WebPage","@id":"https:\/\/motorista.com.br\/noticias\/2025\/12\/16\/tesla-inicia-testes-de-robos-taxi-autonomos-em-austin\/","url":"https:\/\/motorista.com.br\/noticias\/2025\/12\/16\/tesla-inicia-testes-de-robos-taxi-autonomos-em-austin\/","name":"Tesla inicia testes de rob\u00f4s-t\u00e1xi aut\u00f4nomos em Austin. - Motorista.com.br","isPartOf":{"@id":"https:\/\/motorista.com.br\/noticias\/#website"},"primaryImageOfPage":{"@id":"https:\/\/motorista.com.br\/noticias\/2025\/12\/16\/tesla-inicia-testes-de-robos-taxi-autonomos-em-austin\/#primaryimage"},"image":{"@id":"https:\/\/motorista.com.br\/noticias\/2025\/12\/16\/tesla-inicia-testes-de-robos-taxi-autonomos-em-austin\/#primaryimage"},"thumbnailUrl":"https:\/\/motorista.com.br\/noticias\/wp-content\/uploads\/2025\/07\/tesla-.jpg","datePublished":"2025-12-16T04:28:46+00:00","breadcrumb":{"@id":"https:\/\/motorista.com.br\/noticias\/2025\/12\/16\/tesla-inicia-testes-de-robos-taxi-autonomos-em-austin\/#breadcrumb"},"inLanguage":"pt-BR","potentialAction":[{"@type":"ReadAction","target":["https:\/\/motorista.com.br\/noticias\/2025\/12\/16\/tesla-inicia-testes-de-robos-taxi-autonomos-em-austin\/"]}]},{"@type":"ImageObject","inLanguage":"pt-BR","@id":"https:\/\/motorista.com.br\/noticias\/2025\/12\/16\/tesla-inicia-testes-de-robos-taxi-autonomos-em-austin\/#primaryimage","url":"https:\/\/motorista.com.br\/noticias\/wp-content\/uploads\/2025\/07\/tesla-.jpg","contentUrl":"https:\/\/motorista.com.br\/noticias\/wp-content\/uploads\/2025\/07\/tesla-.jpg","width":2003,"height":1127},{"@type":"BreadcrumbList","@id":"https:\/\/motorista.com.br\/noticias\/2025\/12\/16\/tesla-inicia-testes-de-robos-taxi-autonomos-em-austin\/#breadcrumb","itemListElement":[{"@type":"ListItem","position":1,"name":"In\u00edcio","item":"https:\/\/motorista.com.br\/noticias\/"},{"@type":"ListItem","position":2,"name":"Tesla inicia testes de rob\u00f4s-t\u00e1xi aut\u00f4nomos em Austin."}]},{"@type":"WebSite","@id":"https:\/\/motorista.com.br\/noticias\/#website","url":"https:\/\/motorista.com.br\/noticias\/","name":"Motorista.com.br","description":"Not\u00edcia do Motorista","publisher":{"@id":"https:\/\/motorista.com.br\/noticias\/#organization"},"potentialAction":[{"@type":"SearchAction","target":{"@type":"EntryPoint","urlTemplate":"https:\/\/motorista.com.br\/noticias\/?s={search_term_string}"},"query-input":{"@type":"PropertyValueSpecification","valueRequired":true,"valueName":"search_term_string"}}],"inLanguage":"pt-BR"},{"@type":"Organization","@id":"https:\/\/motorista.com.br\/noticias\/#organization","name":"Motorista.com.br","url":"https:\/\/motorista.com.br\/noticias\/","logo":{"@type":"ImageObject","inLanguage":"pt-BR","@id":"https:\/\/motorista.com.br\/noticias\/#\/schema\/logo\/image\/","url":"https:\/\/motorista.com.br\/noticias\/wp-content\/uploads\/2025\/06\/Design-sem-nome-9.png","contentUrl":"https:\/\/motorista.com.br\/noticias\/wp-content\/uploads\/2025\/06\/Design-sem-nome-9.png","width":150,"height":85,"caption":"Motorista.com.br"},"image":{"@id":"https:\/\/motorista.com.br\/noticias\/#\/schema\/logo\/image\/"}},{"@type":"Person","@id":"https:\/\/motorista.com.br\/noticias\/#\/schema\/person\/dc93afc2981c0e3ce6bc3c053fd847be","name":"Equipe Reda\u00e7\u00e3o","image":{"@type":"ImageObject","inLanguage":"pt-BR","@id":"https:\/\/secure.gravatar.com\/avatar\/4f525efbf18dd2bb300ccad28bfb99d95a9465a5ba268407c8c37b37e1f28d2d?s=96&d=mm&r=g9e099043a0c61e9ae27e293b9fa75ffc","url":"https:\/\/secure.gravatar.com\/avatar\/4f525efbf18dd2bb300ccad28bfb99d95a9465a5ba268407c8c37b37e1f28d2d?s=96&d=mm&r=g","contentUrl":"https:\/\/secure.gravatar.com\/avatar\/4f525efbf18dd2bb300ccad28bfb99d95a9465a5ba268407c8c37b37e1f28d2d?s=96&d=mm&r=g","caption":"Equipe Reda\u00e7\u00e3o"},"description":"Equipe de reda\u00e7\u00e3o \u00e9 um grupo de profissionais que trabalham juntos para criar conte\u00fado escrito para Motorista.com.br","url":"https:\/\/motorista.com.br\/noticias\/author\/equiperedacao\/"}]}},"_links":{"self":[{"href":"https:\/\/motorista.com.br\/noticias\/wp-json\/wp\/v2\/posts\/5212","targetHints":{"allow":["GET"]}}],"collection":[{"href":"https:\/\/motorista.com.br\/noticias\/wp-json\/wp\/v2\/posts"}],"about":[{"href":"https:\/\/motorista.com.br\/noticias\/wp-json\/wp\/v2\/types\/post"}],"author":[{"embeddable":true,"href":"https:\/\/motorista.com.br\/noticias\/wp-json\/wp\/v2\/users\/4"}],"replies":[{"embeddable":true,"href":"https:\/\/motorista.com.br\/noticias\/wp-json\/wp\/v2\/comments?post=5212"}],"version-history":[{"count":0,"href":"https:\/\/motorista.com.br\/noticias\/wp-json\/wp\/v2\/posts\/5212\/revisions"}],"wp:featuredmedia":[{"embeddable":true,"href":"https:\/\/motorista.com.br\/noticias\/wp-json\/wp\/v2\/media\/2036"}],"wp:attachment":[{"href":"https:\/\/motorista.com.br\/noticias\/wp-json\/wp\/v2\/media?parent=5212"}],"wp:term":[{"taxonomy":"category","embeddable":true,"href":"https:\/\/motorista.com.br\/noticias\/wp-json\/wp\/v2\/categories?post=5212"},{"taxonomy":"post_tag","embeddable":true,"href":"https:\/\/motorista.com.br\/noticias\/wp-json\/wp\/v2\/tags?post=5212"},{"taxonomy":"author","embeddable":true,"href":"https:\/\/motorista.com.br\/noticias\/wp-json\/wp\/v2\/coauthors?post=5212"}],"curies":[{"name":"wp","href":"https:\/\/api.w.org\/{rel}","templated":true}]}}