{"id":5203,"date":"2025-12-15T16:31:16","date_gmt":"2025-12-15T19:31:16","guid":{"rendered":"https:\/\/motorista.com.br\/noticias\/2025\/12\/15\/governo-planeja-nova-linha-de-credito-para-aquisicao-de-caminhoes\/"},"modified":"2025-12-15T16:31:16","modified_gmt":"2025-12-15T19:31:16","slug":"governo-planeja-nova-linha-de-credito-para-aquisicao-de-caminhoes","status":"publish","type":"post","link":"https:\/\/motorista.com.br\/noticias\/2025\/12\/15\/governo-planeja-nova-linha-de-credito-para-aquisicao-de-caminhoes\/","title":{"rendered":"Governo planeja nova linha de cr\u00e9dito para aquisi\u00e7\u00e3o de caminh\u00f5es."},"content":{"rendered":"<p><\/p>\n<h3>Governo poder\u00e1 lan\u00e7ar nova linha de cr\u00e9dito para compra de caminh\u00f5es<\/h3>\n<p>O Governo Federal pode estar estruturando uma nova linha de cr\u00e9dito para o financiamento de caminh\u00f5es, uma medida que busca estimular o setor diante das baixas vendas observadas nos \u00faltimos meses. A proposta, segundo informa\u00e7\u00f5es, utilizar\u00e1 os recursos do super\u00e1vit do Fundo de Garantia \u00e0 Exporta\u00e7\u00e3o (FGE) do BNDES, e ser\u00e1 apresentada por meio de uma Medida Provis\u00f3ria em desenvolvimento pelas equipes t\u00e9cnicas do governo.<\/p>\n<p>O FGE tem como principal objetivo oferecer garantias para opera\u00e7\u00f5es de Seguro de Cr\u00e9dito \u00e0 Exporta\u00e7\u00e3o (SCE). A libera\u00e7\u00e3o desses recursos \u00e9 uma resposta aos desafios enfrentados pelo mercado, especialmente ap\u00f3s as recentes eleva\u00e7\u00f5es de tarifas dos Estados Unidos, que impactaram as vendas externas.<\/p>\n<p>Entretanto, a utiliza\u00e7\u00e3o do FGE para financiar caminh\u00f5es destinados ao mercado interno levanta questionamentos, j\u00e1 que sua fun\u00e7\u00e3o primordial \u00e9 dar suporte \u00e0s exporta\u00e7\u00f5es. A proposta, portanto, tem gerado discuss\u00f5es sobre a adequa\u00e7\u00e3o dessa aloca\u00e7\u00e3o de recursos e sua efetividade.<\/p>\n<p>Atualmente, o super\u00e1vit dispon\u00edvel \u00e9 significativo, com cerca de R$ 8 bilh\u00f5es que podem ser direcionados para o novo programa. Esse valor, se bem aplicado, pode n\u00e3o apenas ajudar os transportadores a adquirirem ve\u00edculos mais novos e eficientes, mas tamb\u00e9m, indiretamente, melhorar a mobilidade nas estradas, reduzindo a idade m\u00e9dia da frota e aumentando a efici\u00eancia do transporte.<\/p>\n<p>A introdu\u00e7\u00e3o de uma linha de cr\u00e9dito como essa traz importantes benef\u00edcios para os motoristas e para a mobilidade geral do pa\u00eds. Caminh\u00f5es mais novos tendem a apresentar tecnologias que melhoram a efici\u00eancia do combust\u00edvel e a seguran\u00e7a das opera\u00e7\u00f5es, al\u00e9m de contribuir com a redu\u00e7\u00e3o das emiss\u00f5es de poluentes. Isso se traduz em um tr\u00e2nsito mais seguro e sustent\u00e1vel, beneficiando n\u00e3o apenas os motoristas, mas toda a popula\u00e7\u00e3o.<\/p>\n<p>Al\u00e9m disso, com uma frota mais moderna, as empresas de transporte podem aumentar sua competitividade, oferecendo servi\u00e7os mais \u00e1geis e com menores custos, o que, consequentemente, impacta de forma positiva a economia local e nacional.<\/p>\n<p>Em s\u00edntese, a proposta do governo de lan\u00e7ar uma nova linha de cr\u00e9dito para caminh\u00f5es, se bem gerida, pode se revelar uma estrat\u00e9gica importante para revitalizar o setor de transporte, promover a atualiza\u00e7\u00e3o da frota e melhorar a mobilidade urbana e rural no Brasil.<\/p>\n<p><strong>Fonte: blogdocaminhoneiro<\/strong><\/p>\n","protected":false},"excerpt":{"rendered":"<p>Governo poder\u00e1 lan\u00e7ar nova linha de cr\u00e9dito para compra de caminh\u00f5es O Governo Federal pode estar estruturando uma nova linha de cr\u00e9dito para o financiamento de caminh\u00f5es, uma medida que busca estimular o setor diante das baixas vendas observadas nos \u00faltimos meses. A proposta, segundo informa\u00e7\u00f5es, utilizar\u00e1 os recursos do super\u00e1vit do Fundo de Garantia &hellip;<\/p>\n","protected":false},"author":4,"featured_media":4916,"comment_status":"","ping_status":"open","sticky":false,"template":"","format":"standard","meta":{"footnotes":""},"categories":[78,77],"tags":[],"coauthors":[42],"class_list":["post-5203","post","type-post","status-publish","format-standard","has-post-thumbnail","hentry","category-carreteiro","category-motorista"],"yoast_head":"<!-- This site is optimized with the Yoast SEO Premium plugin v25.5 (Yoast SEO v27.4) - https:\/\/yoast.com\/product\/yoast-seo-premium-wordpress\/ -->\n<title>Governo planeja nova linha de cr\u00e9dito para aquisi\u00e7\u00e3o de caminh\u00f5es. - Motorista.com.br<\/title>\n<meta name=\"robots\" content=\"index, follow, max-snippet:-1, max-image-preview:large, max-video-preview:-1\" \/>\n<link rel=\"canonical\" href=\"https:\/\/motorista.com.br\/noticias\/2025\/12\/15\/governo-planeja-nova-linha-de-credito-para-aquisicao-de-caminhoes\/\" \/>\n<meta property=\"og:locale\" content=\"pt_BR\" \/>\n<meta property=\"og:type\" content=\"article\" \/>\n<meta property=\"og:title\" content=\"Governo planeja nova linha de cr\u00e9dito para aquisi\u00e7\u00e3o de caminh\u00f5es.\" \/>\n<meta property=\"og:description\" content=\"Governo poder\u00e1 lan\u00e7ar nova linha de cr\u00e9dito para compra de caminh\u00f5es O Governo Federal pode estar estruturando uma nova linha de cr\u00e9dito para o financiamento de caminh\u00f5es, uma medida que busca estimular o setor diante das baixas vendas observadas nos \u00faltimos meses. A proposta, segundo informa\u00e7\u00f5es, utilizar\u00e1 os recursos do super\u00e1vit do Fundo de Garantia &hellip;\" \/>\n<meta property=\"og:url\" content=\"https:\/\/motorista.com.br\/noticias\/2025\/12\/15\/governo-planeja-nova-linha-de-credito-para-aquisicao-de-caminhoes\/\" \/>\n<meta property=\"og:site_name\" content=\"Motorista.com.br\" \/>\n<meta property=\"article:published_time\" content=\"2025-12-15T19:31:16+00:00\" \/>\n<meta name=\"author\" content=\"Equipe Reda\u00e7\u00e3o\" \/>\n<meta name=\"twitter:card\" content=\"summary_large_image\" \/>\n<meta name=\"twitter:label1\" content=\"Escrito por\" \/>\n\t<meta name=\"twitter:data1\" content=\"Equipe Reda\u00e7\u00e3o\" \/>\n\t<meta name=\"twitter:label2\" content=\"Est. tempo de leitura\" \/>\n\t<meta name=\"twitter:data2\" content=\"2 minutos\" \/>\n\t<meta name=\"twitter:label3\" content=\"Written by\" \/>\n\t<meta name=\"twitter:data3\" content=\"Equipe Reda\u00e7\u00e3o\" \/>\n<script type=\"application\/ld+json\" class=\"yoast-schema-graph\">{\"@context\":\"https:\\\/\\\/schema.org\",\"@graph\":[{\"@type\":\"Article\",\"@id\":\"https:\\\/\\\/motorista.com.br\\\/noticias\\\/2025\\\/12\\\/15\\\/governo-planeja-nova-linha-de-credito-para-aquisicao-de-caminhoes\\\/#article\",\"isPartOf\":{\"@id\":\"https:\\\/\\\/motorista.com.br\\\/noticias\\\/2025\\\/12\\\/15\\\/governo-planeja-nova-linha-de-credito-para-aquisicao-de-caminhoes\\\/\"},\"author\":{\"name\":\"Equipe Reda\u00e7\u00e3o\",\"@id\":\"https:\\\/\\\/motorista.com.br\\\/noticias\\\/#\\\/schema\\\/person\\\/dc93afc2981c0e3ce6bc3c053fd847be\"},\"headline\":\"Governo planeja nova linha de cr\u00e9dito para aquisi\u00e7\u00e3o de caminh\u00f5es.\",\"datePublished\":\"2025-12-15T19:31:16+00:00\",\"mainEntityOfPage\":{\"@id\":\"https:\\\/\\\/motorista.com.br\\\/noticias\\\/2025\\\/12\\\/15\\\/governo-planeja-nova-linha-de-credito-para-aquisicao-de-caminhoes\\\/\"},\"wordCount\":430,\"publisher\":{\"@id\":\"https:\\\/\\\/motorista.com.br\\\/noticias\\\/#organization\"},\"image\":{\"@id\":\"https:\\\/\\\/motorista.com.br\\\/noticias\\\/2025\\\/12\\\/15\\\/governo-planeja-nova-linha-de-credito-para-aquisicao-de-caminhoes\\\/#primaryimage\"},\"thumbnailUrl\":\"https:\\\/\\\/motorista.com.br\\\/noticias\\\/wp-content\\\/uploads\\\/2025\\\/12\\\/Caminhoes-novos.jpg\",\"articleSection\":[\"Carreteiro\",\"Motorista\"],\"inLanguage\":\"pt-BR\"},{\"@type\":\"WebPage\",\"@id\":\"https:\\\/\\\/motorista.com.br\\\/noticias\\\/2025\\\/12\\\/15\\\/governo-planeja-nova-linha-de-credito-para-aquisicao-de-caminhoes\\\/\",\"url\":\"https:\\\/\\\/motorista.com.br\\\/noticias\\\/2025\\\/12\\\/15\\\/governo-planeja-nova-linha-de-credito-para-aquisicao-de-caminhoes\\\/\",\"name\":\"Governo planeja nova linha de cr\u00e9dito para aquisi\u00e7\u00e3o de caminh\u00f5es. - Motorista.com.br\",\"isPartOf\":{\"@id\":\"https:\\\/\\\/motorista.com.br\\\/noticias\\\/#website\"},\"primaryImageOfPage\":{\"@id\":\"https:\\\/\\\/motorista.com.br\\\/noticias\\\/2025\\\/12\\\/15\\\/governo-planeja-nova-linha-de-credito-para-aquisicao-de-caminhoes\\\/#primaryimage\"},\"image\":{\"@id\":\"https:\\\/\\\/motorista.com.br\\\/noticias\\\/2025\\\/12\\\/15\\\/governo-planeja-nova-linha-de-credito-para-aquisicao-de-caminhoes\\\/#primaryimage\"},\"thumbnailUrl\":\"https:\\\/\\\/motorista.com.br\\\/noticias\\\/wp-content\\\/uploads\\\/2025\\\/12\\\/Caminhoes-novos.jpg\",\"datePublished\":\"2025-12-15T19:31:16+00:00\",\"breadcrumb\":{\"@id\":\"https:\\\/\\\/motorista.com.br\\\/noticias\\\/2025\\\/12\\\/15\\\/governo-planeja-nova-linha-de-credito-para-aquisicao-de-caminhoes\\\/#breadcrumb\"},\"inLanguage\":\"pt-BR\",\"potentialAction\":[{\"@type\":\"ReadAction\",\"target\":[\"https:\\\/\\\/motorista.com.br\\\/noticias\\\/2025\\\/12\\\/15\\\/governo-planeja-nova-linha-de-credito-para-aquisicao-de-caminhoes\\\/\"]}]},{\"@type\":\"ImageObject\",\"inLanguage\":\"pt-BR\",\"@id\":\"https:\\\/\\\/motorista.com.br\\\/noticias\\\/2025\\\/12\\\/15\\\/governo-planeja-nova-linha-de-credito-para-aquisicao-de-caminhoes\\\/#primaryimage\",\"url\":\"https:\\\/\\\/motorista.com.br\\\/noticias\\\/wp-content\\\/uploads\\\/2025\\\/12\\\/Caminhoes-novos.jpg\",\"contentUrl\":\"https:\\\/\\\/motorista.com.br\\\/noticias\\\/wp-content\\\/uploads\\\/2025\\\/12\\\/Caminhoes-novos.jpg\",\"width\":1300,\"height\":867},{\"@type\":\"BreadcrumbList\",\"@id\":\"https:\\\/\\\/motorista.com.br\\\/noticias\\\/2025\\\/12\\\/15\\\/governo-planeja-nova-linha-de-credito-para-aquisicao-de-caminhoes\\\/#breadcrumb\",\"itemListElement\":[{\"@type\":\"ListItem\",\"position\":1,\"name\":\"In\u00edcio\",\"item\":\"https:\\\/\\\/motorista.com.br\\\/noticias\\\/\"},{\"@type\":\"ListItem\",\"position\":2,\"name\":\"Governo planeja nova linha de cr\u00e9dito para aquisi\u00e7\u00e3o de caminh\u00f5es.\"}]},{\"@type\":\"WebSite\",\"@id\":\"https:\\\/\\\/motorista.com.br\\\/noticias\\\/#website\",\"url\":\"https:\\\/\\\/motorista.com.br\\\/noticias\\\/\",\"name\":\"Motorista.com.br\",\"description\":\"Not\u00edcia do Motorista\",\"publisher\":{\"@id\":\"https:\\\/\\\/motorista.com.br\\\/noticias\\\/#organization\"},\"potentialAction\":[{\"@type\":\"SearchAction\",\"target\":{\"@type\":\"EntryPoint\",\"urlTemplate\":\"https:\\\/\\\/motorista.com.br\\\/noticias\\\/?s={search_term_string}\"},\"query-input\":{\"@type\":\"PropertyValueSpecification\",\"valueRequired\":true,\"valueName\":\"search_term_string\"}}],\"inLanguage\":\"pt-BR\"},{\"@type\":\"Organization\",\"@id\":\"https:\\\/\\\/motorista.com.br\\\/noticias\\\/#organization\",\"name\":\"Motorista.com.br\",\"url\":\"https:\\\/\\\/motorista.com.br\\\/noticias\\\/\",\"logo\":{\"@type\":\"ImageObject\",\"inLanguage\":\"pt-BR\",\"@id\":\"https:\\\/\\\/motorista.com.br\\\/noticias\\\/#\\\/schema\\\/logo\\\/image\\\/\",\"url\":\"https:\\\/\\\/motorista.com.br\\\/noticias\\\/wp-content\\\/uploads\\\/2025\\\/06\\\/Design-sem-nome-9.png\",\"contentUrl\":\"https:\\\/\\\/motorista.com.br\\\/noticias\\\/wp-content\\\/uploads\\\/2025\\\/06\\\/Design-sem-nome-9.png\",\"width\":150,\"height\":85,\"caption\":\"Motorista.com.br\"},\"image\":{\"@id\":\"https:\\\/\\\/motorista.com.br\\\/noticias\\\/#\\\/schema\\\/logo\\\/image\\\/\"}},{\"@type\":\"Person\",\"@id\":\"https:\\\/\\\/motorista.com.br\\\/noticias\\\/#\\\/schema\\\/person\\\/dc93afc2981c0e3ce6bc3c053fd847be\",\"name\":\"Equipe Reda\u00e7\u00e3o\",\"image\":{\"@type\":\"ImageObject\",\"inLanguage\":\"pt-BR\",\"@id\":\"https:\\\/\\\/secure.gravatar.com\\\/avatar\\\/4f525efbf18dd2bb300ccad28bfb99d95a9465a5ba268407c8c37b37e1f28d2d?s=96&d=mm&r=g9e099043a0c61e9ae27e293b9fa75ffc\",\"url\":\"https:\\\/\\\/secure.gravatar.com\\\/avatar\\\/4f525efbf18dd2bb300ccad28bfb99d95a9465a5ba268407c8c37b37e1f28d2d?s=96&d=mm&r=g\",\"contentUrl\":\"https:\\\/\\\/secure.gravatar.com\\\/avatar\\\/4f525efbf18dd2bb300ccad28bfb99d95a9465a5ba268407c8c37b37e1f28d2d?s=96&d=mm&r=g\",\"caption\":\"Equipe Reda\u00e7\u00e3o\"},\"description\":\"Equipe de reda\u00e7\u00e3o \u00e9 um grupo de profissionais que trabalham juntos para criar conte\u00fado escrito para Motorista.com.br\",\"url\":\"https:\\\/\\\/motorista.com.br\\\/noticias\\\/author\\\/equiperedacao\\\/\"}]}<\/script>\n<!-- \/ Yoast SEO Premium plugin. -->","yoast_head_json":{"title":"Governo planeja nova linha de cr\u00e9dito para aquisi\u00e7\u00e3o de caminh\u00f5es. - Motorista.com.br","robots":{"index":"index","follow":"follow","max-snippet":"max-snippet:-1","max-image-preview":"max-image-preview:large","max-video-preview":"max-video-preview:-1"},"canonical":"https:\/\/motorista.com.br\/noticias\/2025\/12\/15\/governo-planeja-nova-linha-de-credito-para-aquisicao-de-caminhoes\/","og_locale":"pt_BR","og_type":"article","og_title":"Governo planeja nova linha de cr\u00e9dito para aquisi\u00e7\u00e3o de caminh\u00f5es.","og_description":"Governo poder\u00e1 lan\u00e7ar nova linha de cr\u00e9dito para compra de caminh\u00f5es O Governo Federal pode estar estruturando uma nova linha de cr\u00e9dito para o financiamento de caminh\u00f5es, uma medida que busca estimular o setor diante das baixas vendas observadas nos \u00faltimos meses. A proposta, segundo informa\u00e7\u00f5es, utilizar\u00e1 os recursos do super\u00e1vit do Fundo de Garantia &hellip;","og_url":"https:\/\/motorista.com.br\/noticias\/2025\/12\/15\/governo-planeja-nova-linha-de-credito-para-aquisicao-de-caminhoes\/","og_site_name":"Motorista.com.br","article_published_time":"2025-12-15T19:31:16+00:00","author":"Equipe Reda\u00e7\u00e3o","twitter_card":"summary_large_image","twitter_misc":{"Escrito por":"Equipe Reda\u00e7\u00e3o","Est. tempo de leitura":"2 minutos","Written by":"Equipe Reda\u00e7\u00e3o"},"schema":{"@context":"https:\/\/schema.org","@graph":[{"@type":"Article","@id":"https:\/\/motorista.com.br\/noticias\/2025\/12\/15\/governo-planeja-nova-linha-de-credito-para-aquisicao-de-caminhoes\/#article","isPartOf":{"@id":"https:\/\/motorista.com.br\/noticias\/2025\/12\/15\/governo-planeja-nova-linha-de-credito-para-aquisicao-de-caminhoes\/"},"author":{"name":"Equipe Reda\u00e7\u00e3o","@id":"https:\/\/motorista.com.br\/noticias\/#\/schema\/person\/dc93afc2981c0e3ce6bc3c053fd847be"},"headline":"Governo planeja nova linha de cr\u00e9dito para aquisi\u00e7\u00e3o de caminh\u00f5es.","datePublished":"2025-12-15T19:31:16+00:00","mainEntityOfPage":{"@id":"https:\/\/motorista.com.br\/noticias\/2025\/12\/15\/governo-planeja-nova-linha-de-credito-para-aquisicao-de-caminhoes\/"},"wordCount":430,"publisher":{"@id":"https:\/\/motorista.com.br\/noticias\/#organization"},"image":{"@id":"https:\/\/motorista.com.br\/noticias\/2025\/12\/15\/governo-planeja-nova-linha-de-credito-para-aquisicao-de-caminhoes\/#primaryimage"},"thumbnailUrl":"https:\/\/motorista.com.br\/noticias\/wp-content\/uploads\/2025\/12\/Caminhoes-novos.jpg","articleSection":["Carreteiro","Motorista"],"inLanguage":"pt-BR"},{"@type":"WebPage","@id":"https:\/\/motorista.com.br\/noticias\/2025\/12\/15\/governo-planeja-nova-linha-de-credito-para-aquisicao-de-caminhoes\/","url":"https:\/\/motorista.com.br\/noticias\/2025\/12\/15\/governo-planeja-nova-linha-de-credito-para-aquisicao-de-caminhoes\/","name":"Governo planeja nova linha de cr\u00e9dito para aquisi\u00e7\u00e3o de caminh\u00f5es. - Motorista.com.br","isPartOf":{"@id":"https:\/\/motorista.com.br\/noticias\/#website"},"primaryImageOfPage":{"@id":"https:\/\/motorista.com.br\/noticias\/2025\/12\/15\/governo-planeja-nova-linha-de-credito-para-aquisicao-de-caminhoes\/#primaryimage"},"image":{"@id":"https:\/\/motorista.com.br\/noticias\/2025\/12\/15\/governo-planeja-nova-linha-de-credito-para-aquisicao-de-caminhoes\/#primaryimage"},"thumbnailUrl":"https:\/\/motorista.com.br\/noticias\/wp-content\/uploads\/2025\/12\/Caminhoes-novos.jpg","datePublished":"2025-12-15T19:31:16+00:00","breadcrumb":{"@id":"https:\/\/motorista.com.br\/noticias\/2025\/12\/15\/governo-planeja-nova-linha-de-credito-para-aquisicao-de-caminhoes\/#breadcrumb"},"inLanguage":"pt-BR","potentialAction":[{"@type":"ReadAction","target":["https:\/\/motorista.com.br\/noticias\/2025\/12\/15\/governo-planeja-nova-linha-de-credito-para-aquisicao-de-caminhoes\/"]}]},{"@type":"ImageObject","inLanguage":"pt-BR","@id":"https:\/\/motorista.com.br\/noticias\/2025\/12\/15\/governo-planeja-nova-linha-de-credito-para-aquisicao-de-caminhoes\/#primaryimage","url":"https:\/\/motorista.com.br\/noticias\/wp-content\/uploads\/2025\/12\/Caminhoes-novos.jpg","contentUrl":"https:\/\/motorista.com.br\/noticias\/wp-content\/uploads\/2025\/12\/Caminhoes-novos.jpg","width":1300,"height":867},{"@type":"BreadcrumbList","@id":"https:\/\/motorista.com.br\/noticias\/2025\/12\/15\/governo-planeja-nova-linha-de-credito-para-aquisicao-de-caminhoes\/#breadcrumb","itemListElement":[{"@type":"ListItem","position":1,"name":"In\u00edcio","item":"https:\/\/motorista.com.br\/noticias\/"},{"@type":"ListItem","position":2,"name":"Governo planeja nova linha de cr\u00e9dito para aquisi\u00e7\u00e3o de caminh\u00f5es."}]},{"@type":"WebSite","@id":"https:\/\/motorista.com.br\/noticias\/#website","url":"https:\/\/motorista.com.br\/noticias\/","name":"Motorista.com.br","description":"Not\u00edcia do Motorista","publisher":{"@id":"https:\/\/motorista.com.br\/noticias\/#organization"},"potentialAction":[{"@type":"SearchAction","target":{"@type":"EntryPoint","urlTemplate":"https:\/\/motorista.com.br\/noticias\/?s={search_term_string}"},"query-input":{"@type":"PropertyValueSpecification","valueRequired":true,"valueName":"search_term_string"}}],"inLanguage":"pt-BR"},{"@type":"Organization","@id":"https:\/\/motorista.com.br\/noticias\/#organization","name":"Motorista.com.br","url":"https:\/\/motorista.com.br\/noticias\/","logo":{"@type":"ImageObject","inLanguage":"pt-BR","@id":"https:\/\/motorista.com.br\/noticias\/#\/schema\/logo\/image\/","url":"https:\/\/motorista.com.br\/noticias\/wp-content\/uploads\/2025\/06\/Design-sem-nome-9.png","contentUrl":"https:\/\/motorista.com.br\/noticias\/wp-content\/uploads\/2025\/06\/Design-sem-nome-9.png","width":150,"height":85,"caption":"Motorista.com.br"},"image":{"@id":"https:\/\/motorista.com.br\/noticias\/#\/schema\/logo\/image\/"}},{"@type":"Person","@id":"https:\/\/motorista.com.br\/noticias\/#\/schema\/person\/dc93afc2981c0e3ce6bc3c053fd847be","name":"Equipe Reda\u00e7\u00e3o","image":{"@type":"ImageObject","inLanguage":"pt-BR","@id":"https:\/\/secure.gravatar.com\/avatar\/4f525efbf18dd2bb300ccad28bfb99d95a9465a5ba268407c8c37b37e1f28d2d?s=96&d=mm&r=g9e099043a0c61e9ae27e293b9fa75ffc","url":"https:\/\/secure.gravatar.com\/avatar\/4f525efbf18dd2bb300ccad28bfb99d95a9465a5ba268407c8c37b37e1f28d2d?s=96&d=mm&r=g","contentUrl":"https:\/\/secure.gravatar.com\/avatar\/4f525efbf18dd2bb300ccad28bfb99d95a9465a5ba268407c8c37b37e1f28d2d?s=96&d=mm&r=g","caption":"Equipe Reda\u00e7\u00e3o"},"description":"Equipe de reda\u00e7\u00e3o \u00e9 um grupo de profissionais que trabalham juntos para criar conte\u00fado escrito para Motorista.com.br","url":"https:\/\/motorista.com.br\/noticias\/author\/equiperedacao\/"}]}},"_links":{"self":[{"href":"https:\/\/motorista.com.br\/noticias\/wp-json\/wp\/v2\/posts\/5203","targetHints":{"allow":["GET"]}}],"collection":[{"href":"https:\/\/motorista.com.br\/noticias\/wp-json\/wp\/v2\/posts"}],"about":[{"href":"https:\/\/motorista.com.br\/noticias\/wp-json\/wp\/v2\/types\/post"}],"author":[{"embeddable":true,"href":"https:\/\/motorista.com.br\/noticias\/wp-json\/wp\/v2\/users\/4"}],"replies":[{"embeddable":true,"href":"https:\/\/motorista.com.br\/noticias\/wp-json\/wp\/v2\/comments?post=5203"}],"version-history":[{"count":0,"href":"https:\/\/motorista.com.br\/noticias\/wp-json\/wp\/v2\/posts\/5203\/revisions"}],"wp:featuredmedia":[{"embeddable":true,"href":"https:\/\/motorista.com.br\/noticias\/wp-json\/wp\/v2\/media\/4916"}],"wp:attachment":[{"href":"https:\/\/motorista.com.br\/noticias\/wp-json\/wp\/v2\/media?parent=5203"}],"wp:term":[{"taxonomy":"category","embeddable":true,"href":"https:\/\/motorista.com.br\/noticias\/wp-json\/wp\/v2\/categories?post=5203"},{"taxonomy":"post_tag","embeddable":true,"href":"https:\/\/motorista.com.br\/noticias\/wp-json\/wp\/v2\/tags?post=5203"},{"taxonomy":"author","embeddable":true,"href":"https:\/\/motorista.com.br\/noticias\/wp-json\/wp\/v2\/coauthors?post=5203"}],"curies":[{"name":"wp","href":"https:\/\/api.w.org\/{rel}","templated":true}]}}