{"id":5127,"date":"2025-12-11T23:59:06","date_gmt":"2025-12-12T02:59:06","guid":{"rendered":"https:\/\/motorista.com.br\/noticias\/2025\/12\/11\/musk-afirma-que-waymo-jamais-competiu-com-a-tesla\/"},"modified":"2025-12-11T23:59:06","modified_gmt":"2025-12-12T02:59:06","slug":"musk-afirma-que-waymo-jamais-competiu-com-a-tesla","status":"publish","type":"post","link":"https:\/\/motorista.com.br\/noticias\/2025\/12\/11\/musk-afirma-que-waymo-jamais-competiu-com-a-tesla\/","title":{"rendered":"Musk afirma que Waymo jamais competiu com a Tesla."},"content":{"rendered":"<p><\/p>\n<h1>Musk diz que Waymo &quot;nunca teve chance contra a Tesla&quot;<\/h1>\n<p>No recente embate verbal entre Elon Musk, CEO da Tesla, e a Waymo, empresa da Alphabet, as declara\u00e7\u00f5es de Musk chamaram a aten\u00e7\u00e3o ao desmerecer o progresso da concorrente em dire\u00e7\u00e3o aut\u00f4noma. Ele afirmou que a Waymo &quot;nunca teve uma chance real contra a Tesla&quot;, uma opini\u00e3o expressa em suas redes sociais, mas que vem \u00e0 tona em um contexto muito mais amplo.<\/p>\n<p>Enquanto Musk provocava a Waymo, a empresa de ve\u00edculos aut\u00f4nomos ampliava sua transpar\u00eancia ao divulgar dados que evidenciam uma redu\u00e7\u00e3o de 91% em acidentes com ferimentos graves. Essa promo\u00e7\u00e3o da seguran\u00e7a \u00e9 crucial, n\u00e3o apenas para a imagem da empresa, mas tamb\u00e9m para a percep\u00e7\u00e3o de alternativas aut\u00f4nomas no mercado.<\/p>\n<h2>Disputa reacende ap\u00f3s os dados de quilometragem<\/h2>\n<p>A pol\u00eamica se intensificou quando Jeff Dean, cientista-chefe do Google DeepMind, ressaltou a discrep\u00e2ncia nas opera\u00e7\u00f5es entre as duas empresas. A Waymo alcan\u00e7ou mais de 100 milh\u00f5es de quil\u00f4metros percorridos em modo totalmente aut\u00f4nomo, enquanto a Tesla ainda n\u00e3o possui registros de rodagem sem supervis\u00e3o. Esse contraste \u00e9 importante, pois evidencia um avan\u00e7o significativo em seguran\u00e7a e efici\u00eancia.<\/p>\n<p>Embora a Tesla continue a operar seus rob\u00f4s-t\u00e1xis com supervis\u00e3o, Musk revelou planos de retirar motoristas de seguran\u00e7a de seus ve\u00edculos em Austin. Este movimento \u00e9 uma decis\u00e3o arriscada, considerando que ainda h\u00e1 preocupa\u00e7\u00f5es sobre a seguran\u00e7a real dos ve\u00edculos quando operados sem supervis\u00e3o humana.<\/p>\n<h2>Waymo amplia transpar\u00eancia; Tesla mant\u00e9m dados limitados<\/h2>\n<p>A revela\u00e7\u00e3o dos dados pela Waymo contrasta fortemente com a abordagem da Tesla, que, at\u00e9 o momento, compartilha apenas informa\u00e7\u00f5es b\u00e1sicas relativas ao acionamento de airbags. Apesar de afirmar que seu sistema de dire\u00e7\u00e3o aut\u00f4noma, o &quot;Full Self-Driving&quot; (FSD), supera motoristas humanos, as compara\u00e7\u00f5es utilizadas s\u00e3o limitadas e baseadas em condi\u00e7\u00f5es espec\u00edficas.<\/p>\n<p>Esse n\u00edvel de transpar\u00eancia da Waymo pode influenciar a confian\u00e7a do consumidor e impactar as decis\u00f5es de compra no setor automotivo. Para os motoristas e a mobilidade geral, a disponibiliza\u00e7\u00e3o de dados claros e detalhados sobre seguran\u00e7a pode ser um fator decisivo. Os motoristas tendem a preferir solu\u00e7\u00f5es que ofere\u00e7am comprovada redu\u00e7\u00e3o de riscos, o que n\u00e3o \u00e9 apenas ben\u00e9fico para a imagem das empresas, mas tamb\u00e9m para a aceita\u00e7\u00e3o geral da tecnologia.<\/p>\n<h2>Reflex\u00f5es sobre o Futuro da Mobilidade<\/h2>\n<p>O debate entre as duas gigantes da tecnologia n\u00e3o se limita \u00e0 rivalidade empresarial. A maneira como essas empresas lidam com a transpar\u00eancia de dados de seguran\u00e7a e a efici\u00eancia de seus sistemas pode moldar o futuro da mobilidade, estabelecendo novos padr\u00f5es para seguran\u00e7a nas rodovias.<\/p>\n<p>\u00c0 medida que mais dados s\u00e3o disponibilizados, motoristas poder\u00e3o tomar decis\u00f5es informadas sobre os ve\u00edculos que utilizam. A seguran\u00e7a deve ser priorizada, e a capacidade de avaliar a efic\u00e1cia dos sistemas aut\u00f4nomos \u00e9 essencial para promover a aceita\u00e7\u00e3o p\u00fablica e a integra\u00e7\u00e3o desses ve\u00edculos nas cidades.<\/p>\n<p>Com a crescente concorr\u00eancia e inova\u00e7\u00f5es no setor, motoristas podem esperar melhorias cont\u00ednuas na seguran\u00e7a, efici\u00eancia e, em \u00faltima an\u00e1lise, na experi\u00eancia geral de mobilidade. \u00c0 medida que essas tecnologia avan\u00e7am, \u00e9 crucial que as pr\u00e1ticas de transpar\u00eancia se tornem um padr\u00e3o a ser seguido, beneficiando todos os usu\u00e1rios das vias. <\/p>\n<p><strong>Fonte: olhardigital<\/strong><\/p>\n","protected":false},"excerpt":{"rendered":"<p>Musk diz que Waymo &quot;nunca teve chance contra a Tesla&quot; No recente embate verbal entre Elon Musk, CEO da Tesla, e a Waymo, empresa da Alphabet, as declara\u00e7\u00f5es de Musk chamaram a aten\u00e7\u00e3o ao desmerecer o progresso da concorrente em dire\u00e7\u00e3o aut\u00f4noma. Ele afirmou que a Waymo &quot;nunca teve uma chance real contra a Tesla&quot;, &hellip;<\/p>\n","protected":false},"author":4,"featured_media":5128,"comment_status":"","ping_status":"open","sticky":false,"template":"","format":"standard","meta":{"footnotes":""},"categories":[56],"tags":[],"coauthors":[42],"class_list":["post-5127","post","type-post","status-publish","format-standard","has-post-thumbnail","hentry","category-tecnologia"],"yoast_head":"<!-- This site is optimized with the Yoast SEO Premium plugin v25.5 (Yoast SEO v27.4) - https:\/\/yoast.com\/product\/yoast-seo-premium-wordpress\/ -->\n<title>Musk afirma que Waymo jamais competiu com a Tesla. - Motorista.com.br<\/title>\n<meta name=\"robots\" content=\"index, follow, max-snippet:-1, max-image-preview:large, max-video-preview:-1\" \/>\n<link rel=\"canonical\" href=\"https:\/\/motorista.com.br\/noticias\/2025\/12\/11\/musk-afirma-que-waymo-jamais-competiu-com-a-tesla\/\" \/>\n<meta property=\"og:locale\" content=\"pt_BR\" \/>\n<meta property=\"og:type\" content=\"article\" \/>\n<meta property=\"og:title\" content=\"Musk afirma que Waymo jamais competiu com a Tesla.\" \/>\n<meta property=\"og:description\" content=\"Musk diz que Waymo &quot;nunca teve chance contra a Tesla&quot; No recente embate verbal entre Elon Musk, CEO da Tesla, e a Waymo, empresa da Alphabet, as declara\u00e7\u00f5es de Musk chamaram a aten\u00e7\u00e3o ao desmerecer o progresso da concorrente em dire\u00e7\u00e3o aut\u00f4noma. Ele afirmou que a Waymo &quot;nunca teve uma chance real contra a Tesla&quot;, &hellip;\" \/>\n<meta property=\"og:url\" content=\"https:\/\/motorista.com.br\/noticias\/2025\/12\/11\/musk-afirma-que-waymo-jamais-competiu-com-a-tesla\/\" \/>\n<meta property=\"og:site_name\" content=\"Motorista.com.br\" \/>\n<meta property=\"article:published_time\" content=\"2025-12-12T02:59:06+00:00\" \/>\n<meta name=\"author\" content=\"Equipe Reda\u00e7\u00e3o\" \/>\n<meta name=\"twitter:card\" content=\"summary_large_image\" \/>\n<meta name=\"twitter:label1\" content=\"Escrito por\" \/>\n\t<meta name=\"twitter:data1\" content=\"Equipe Reda\u00e7\u00e3o\" \/>\n\t<meta name=\"twitter:label2\" content=\"Est. tempo de leitura\" \/>\n\t<meta name=\"twitter:data2\" content=\"3 minutos\" \/>\n\t<meta name=\"twitter:label3\" content=\"Written by\" \/>\n\t<meta name=\"twitter:data3\" content=\"Equipe Reda\u00e7\u00e3o\" \/>\n<script type=\"application\/ld+json\" class=\"yoast-schema-graph\">{\"@context\":\"https:\\\/\\\/schema.org\",\"@graph\":[{\"@type\":\"Article\",\"@id\":\"https:\\\/\\\/motorista.com.br\\\/noticias\\\/2025\\\/12\\\/11\\\/musk-afirma-que-waymo-jamais-competiu-com-a-tesla\\\/#article\",\"isPartOf\":{\"@id\":\"https:\\\/\\\/motorista.com.br\\\/noticias\\\/2025\\\/12\\\/11\\\/musk-afirma-que-waymo-jamais-competiu-com-a-tesla\\\/\"},\"author\":{\"name\":\"Equipe Reda\u00e7\u00e3o\",\"@id\":\"https:\\\/\\\/motorista.com.br\\\/noticias\\\/#\\\/schema\\\/person\\\/dc93afc2981c0e3ce6bc3c053fd847be\"},\"headline\":\"Musk afirma que Waymo jamais competiu com a Tesla.\",\"datePublished\":\"2025-12-12T02:59:06+00:00\",\"mainEntityOfPage\":{\"@id\":\"https:\\\/\\\/motorista.com.br\\\/noticias\\\/2025\\\/12\\\/11\\\/musk-afirma-que-waymo-jamais-competiu-com-a-tesla\\\/\"},\"wordCount\":611,\"publisher\":{\"@id\":\"https:\\\/\\\/motorista.com.br\\\/noticias\\\/#organization\"},\"image\":{\"@id\":\"https:\\\/\\\/motorista.com.br\\\/noticias\\\/2025\\\/12\\\/11\\\/musk-afirma-que-waymo-jamais-competiu-com-a-tesla\\\/#primaryimage\"},\"thumbnailUrl\":\"https:\\\/\\\/motorista.com.br\\\/noticias\\\/wp-content\\\/uploads\\\/2025\\\/12\\\/elon-musk-twitter.jpg\",\"articleSection\":[\"Tecnologia\"],\"inLanguage\":\"pt-BR\"},{\"@type\":\"WebPage\",\"@id\":\"https:\\\/\\\/motorista.com.br\\\/noticias\\\/2025\\\/12\\\/11\\\/musk-afirma-que-waymo-jamais-competiu-com-a-tesla\\\/\",\"url\":\"https:\\\/\\\/motorista.com.br\\\/noticias\\\/2025\\\/12\\\/11\\\/musk-afirma-que-waymo-jamais-competiu-com-a-tesla\\\/\",\"name\":\"Musk afirma que Waymo jamais competiu com a Tesla. - Motorista.com.br\",\"isPartOf\":{\"@id\":\"https:\\\/\\\/motorista.com.br\\\/noticias\\\/#website\"},\"primaryImageOfPage\":{\"@id\":\"https:\\\/\\\/motorista.com.br\\\/noticias\\\/2025\\\/12\\\/11\\\/musk-afirma-que-waymo-jamais-competiu-com-a-tesla\\\/#primaryimage\"},\"image\":{\"@id\":\"https:\\\/\\\/motorista.com.br\\\/noticias\\\/2025\\\/12\\\/11\\\/musk-afirma-que-waymo-jamais-competiu-com-a-tesla\\\/#primaryimage\"},\"thumbnailUrl\":\"https:\\\/\\\/motorista.com.br\\\/noticias\\\/wp-content\\\/uploads\\\/2025\\\/12\\\/elon-musk-twitter.jpg\",\"datePublished\":\"2025-12-12T02:59:06+00:00\",\"breadcrumb\":{\"@id\":\"https:\\\/\\\/motorista.com.br\\\/noticias\\\/2025\\\/12\\\/11\\\/musk-afirma-que-waymo-jamais-competiu-com-a-tesla\\\/#breadcrumb\"},\"inLanguage\":\"pt-BR\",\"potentialAction\":[{\"@type\":\"ReadAction\",\"target\":[\"https:\\\/\\\/motorista.com.br\\\/noticias\\\/2025\\\/12\\\/11\\\/musk-afirma-que-waymo-jamais-competiu-com-a-tesla\\\/\"]}]},{\"@type\":\"ImageObject\",\"inLanguage\":\"pt-BR\",\"@id\":\"https:\\\/\\\/motorista.com.br\\\/noticias\\\/2025\\\/12\\\/11\\\/musk-afirma-que-waymo-jamais-competiu-com-a-tesla\\\/#primaryimage\",\"url\":\"https:\\\/\\\/motorista.com.br\\\/noticias\\\/wp-content\\\/uploads\\\/2025\\\/12\\\/elon-musk-twitter.jpg\",\"contentUrl\":\"https:\\\/\\\/motorista.com.br\\\/noticias\\\/wp-content\\\/uploads\\\/2025\\\/12\\\/elon-musk-twitter.jpg\",\"width\":2001,\"height\":1334},{\"@type\":\"BreadcrumbList\",\"@id\":\"https:\\\/\\\/motorista.com.br\\\/noticias\\\/2025\\\/12\\\/11\\\/musk-afirma-que-waymo-jamais-competiu-com-a-tesla\\\/#breadcrumb\",\"itemListElement\":[{\"@type\":\"ListItem\",\"position\":1,\"name\":\"In\u00edcio\",\"item\":\"https:\\\/\\\/motorista.com.br\\\/noticias\\\/\"},{\"@type\":\"ListItem\",\"position\":2,\"name\":\"Musk afirma que Waymo jamais competiu com a Tesla.\"}]},{\"@type\":\"WebSite\",\"@id\":\"https:\\\/\\\/motorista.com.br\\\/noticias\\\/#website\",\"url\":\"https:\\\/\\\/motorista.com.br\\\/noticias\\\/\",\"name\":\"Motorista.com.br\",\"description\":\"Not\u00edcia do Motorista\",\"publisher\":{\"@id\":\"https:\\\/\\\/motorista.com.br\\\/noticias\\\/#organization\"},\"potentialAction\":[{\"@type\":\"SearchAction\",\"target\":{\"@type\":\"EntryPoint\",\"urlTemplate\":\"https:\\\/\\\/motorista.com.br\\\/noticias\\\/?s={search_term_string}\"},\"query-input\":{\"@type\":\"PropertyValueSpecification\",\"valueRequired\":true,\"valueName\":\"search_term_string\"}}],\"inLanguage\":\"pt-BR\"},{\"@type\":\"Organization\",\"@id\":\"https:\\\/\\\/motorista.com.br\\\/noticias\\\/#organization\",\"name\":\"Motorista.com.br\",\"url\":\"https:\\\/\\\/motorista.com.br\\\/noticias\\\/\",\"logo\":{\"@type\":\"ImageObject\",\"inLanguage\":\"pt-BR\",\"@id\":\"https:\\\/\\\/motorista.com.br\\\/noticias\\\/#\\\/schema\\\/logo\\\/image\\\/\",\"url\":\"https:\\\/\\\/motorista.com.br\\\/noticias\\\/wp-content\\\/uploads\\\/2025\\\/06\\\/Design-sem-nome-9.png\",\"contentUrl\":\"https:\\\/\\\/motorista.com.br\\\/noticias\\\/wp-content\\\/uploads\\\/2025\\\/06\\\/Design-sem-nome-9.png\",\"width\":150,\"height\":85,\"caption\":\"Motorista.com.br\"},\"image\":{\"@id\":\"https:\\\/\\\/motorista.com.br\\\/noticias\\\/#\\\/schema\\\/logo\\\/image\\\/\"}},{\"@type\":\"Person\",\"@id\":\"https:\\\/\\\/motorista.com.br\\\/noticias\\\/#\\\/schema\\\/person\\\/dc93afc2981c0e3ce6bc3c053fd847be\",\"name\":\"Equipe Reda\u00e7\u00e3o\",\"image\":{\"@type\":\"ImageObject\",\"inLanguage\":\"pt-BR\",\"@id\":\"https:\\\/\\\/secure.gravatar.com\\\/avatar\\\/4f525efbf18dd2bb300ccad28bfb99d95a9465a5ba268407c8c37b37e1f28d2d?s=96&d=mm&r=g9e099043a0c61e9ae27e293b9fa75ffc\",\"url\":\"https:\\\/\\\/secure.gravatar.com\\\/avatar\\\/4f525efbf18dd2bb300ccad28bfb99d95a9465a5ba268407c8c37b37e1f28d2d?s=96&d=mm&r=g\",\"contentUrl\":\"https:\\\/\\\/secure.gravatar.com\\\/avatar\\\/4f525efbf18dd2bb300ccad28bfb99d95a9465a5ba268407c8c37b37e1f28d2d?s=96&d=mm&r=g\",\"caption\":\"Equipe Reda\u00e7\u00e3o\"},\"description\":\"Equipe de reda\u00e7\u00e3o \u00e9 um grupo de profissionais que trabalham juntos para criar conte\u00fado escrito para Motorista.com.br\",\"url\":\"https:\\\/\\\/motorista.com.br\\\/noticias\\\/author\\\/equiperedacao\\\/\"}]}<\/script>\n<!-- \/ Yoast SEO Premium plugin. -->","yoast_head_json":{"title":"Musk afirma que Waymo jamais competiu com a Tesla. - Motorista.com.br","robots":{"index":"index","follow":"follow","max-snippet":"max-snippet:-1","max-image-preview":"max-image-preview:large","max-video-preview":"max-video-preview:-1"},"canonical":"https:\/\/motorista.com.br\/noticias\/2025\/12\/11\/musk-afirma-que-waymo-jamais-competiu-com-a-tesla\/","og_locale":"pt_BR","og_type":"article","og_title":"Musk afirma que Waymo jamais competiu com a Tesla.","og_description":"Musk diz que Waymo &quot;nunca teve chance contra a Tesla&quot; No recente embate verbal entre Elon Musk, CEO da Tesla, e a Waymo, empresa da Alphabet, as declara\u00e7\u00f5es de Musk chamaram a aten\u00e7\u00e3o ao desmerecer o progresso da concorrente em dire\u00e7\u00e3o aut\u00f4noma. Ele afirmou que a Waymo &quot;nunca teve uma chance real contra a Tesla&quot;, &hellip;","og_url":"https:\/\/motorista.com.br\/noticias\/2025\/12\/11\/musk-afirma-que-waymo-jamais-competiu-com-a-tesla\/","og_site_name":"Motorista.com.br","article_published_time":"2025-12-12T02:59:06+00:00","author":"Equipe Reda\u00e7\u00e3o","twitter_card":"summary_large_image","twitter_misc":{"Escrito por":"Equipe Reda\u00e7\u00e3o","Est. tempo de leitura":"3 minutos","Written by":"Equipe Reda\u00e7\u00e3o"},"schema":{"@context":"https:\/\/schema.org","@graph":[{"@type":"Article","@id":"https:\/\/motorista.com.br\/noticias\/2025\/12\/11\/musk-afirma-que-waymo-jamais-competiu-com-a-tesla\/#article","isPartOf":{"@id":"https:\/\/motorista.com.br\/noticias\/2025\/12\/11\/musk-afirma-que-waymo-jamais-competiu-com-a-tesla\/"},"author":{"name":"Equipe Reda\u00e7\u00e3o","@id":"https:\/\/motorista.com.br\/noticias\/#\/schema\/person\/dc93afc2981c0e3ce6bc3c053fd847be"},"headline":"Musk afirma que Waymo jamais competiu com a Tesla.","datePublished":"2025-12-12T02:59:06+00:00","mainEntityOfPage":{"@id":"https:\/\/motorista.com.br\/noticias\/2025\/12\/11\/musk-afirma-que-waymo-jamais-competiu-com-a-tesla\/"},"wordCount":611,"publisher":{"@id":"https:\/\/motorista.com.br\/noticias\/#organization"},"image":{"@id":"https:\/\/motorista.com.br\/noticias\/2025\/12\/11\/musk-afirma-que-waymo-jamais-competiu-com-a-tesla\/#primaryimage"},"thumbnailUrl":"https:\/\/motorista.com.br\/noticias\/wp-content\/uploads\/2025\/12\/elon-musk-twitter.jpg","articleSection":["Tecnologia"],"inLanguage":"pt-BR"},{"@type":"WebPage","@id":"https:\/\/motorista.com.br\/noticias\/2025\/12\/11\/musk-afirma-que-waymo-jamais-competiu-com-a-tesla\/","url":"https:\/\/motorista.com.br\/noticias\/2025\/12\/11\/musk-afirma-que-waymo-jamais-competiu-com-a-tesla\/","name":"Musk afirma que Waymo jamais competiu com a Tesla. - Motorista.com.br","isPartOf":{"@id":"https:\/\/motorista.com.br\/noticias\/#website"},"primaryImageOfPage":{"@id":"https:\/\/motorista.com.br\/noticias\/2025\/12\/11\/musk-afirma-que-waymo-jamais-competiu-com-a-tesla\/#primaryimage"},"image":{"@id":"https:\/\/motorista.com.br\/noticias\/2025\/12\/11\/musk-afirma-que-waymo-jamais-competiu-com-a-tesla\/#primaryimage"},"thumbnailUrl":"https:\/\/motorista.com.br\/noticias\/wp-content\/uploads\/2025\/12\/elon-musk-twitter.jpg","datePublished":"2025-12-12T02:59:06+00:00","breadcrumb":{"@id":"https:\/\/motorista.com.br\/noticias\/2025\/12\/11\/musk-afirma-que-waymo-jamais-competiu-com-a-tesla\/#breadcrumb"},"inLanguage":"pt-BR","potentialAction":[{"@type":"ReadAction","target":["https:\/\/motorista.com.br\/noticias\/2025\/12\/11\/musk-afirma-que-waymo-jamais-competiu-com-a-tesla\/"]}]},{"@type":"ImageObject","inLanguage":"pt-BR","@id":"https:\/\/motorista.com.br\/noticias\/2025\/12\/11\/musk-afirma-que-waymo-jamais-competiu-com-a-tesla\/#primaryimage","url":"https:\/\/motorista.com.br\/noticias\/wp-content\/uploads\/2025\/12\/elon-musk-twitter.jpg","contentUrl":"https:\/\/motorista.com.br\/noticias\/wp-content\/uploads\/2025\/12\/elon-musk-twitter.jpg","width":2001,"height":1334},{"@type":"BreadcrumbList","@id":"https:\/\/motorista.com.br\/noticias\/2025\/12\/11\/musk-afirma-que-waymo-jamais-competiu-com-a-tesla\/#breadcrumb","itemListElement":[{"@type":"ListItem","position":1,"name":"In\u00edcio","item":"https:\/\/motorista.com.br\/noticias\/"},{"@type":"ListItem","position":2,"name":"Musk afirma que Waymo jamais competiu com a Tesla."}]},{"@type":"WebSite","@id":"https:\/\/motorista.com.br\/noticias\/#website","url":"https:\/\/motorista.com.br\/noticias\/","name":"Motorista.com.br","description":"Not\u00edcia do Motorista","publisher":{"@id":"https:\/\/motorista.com.br\/noticias\/#organization"},"potentialAction":[{"@type":"SearchAction","target":{"@type":"EntryPoint","urlTemplate":"https:\/\/motorista.com.br\/noticias\/?s={search_term_string}"},"query-input":{"@type":"PropertyValueSpecification","valueRequired":true,"valueName":"search_term_string"}}],"inLanguage":"pt-BR"},{"@type":"Organization","@id":"https:\/\/motorista.com.br\/noticias\/#organization","name":"Motorista.com.br","url":"https:\/\/motorista.com.br\/noticias\/","logo":{"@type":"ImageObject","inLanguage":"pt-BR","@id":"https:\/\/motorista.com.br\/noticias\/#\/schema\/logo\/image\/","url":"https:\/\/motorista.com.br\/noticias\/wp-content\/uploads\/2025\/06\/Design-sem-nome-9.png","contentUrl":"https:\/\/motorista.com.br\/noticias\/wp-content\/uploads\/2025\/06\/Design-sem-nome-9.png","width":150,"height":85,"caption":"Motorista.com.br"},"image":{"@id":"https:\/\/motorista.com.br\/noticias\/#\/schema\/logo\/image\/"}},{"@type":"Person","@id":"https:\/\/motorista.com.br\/noticias\/#\/schema\/person\/dc93afc2981c0e3ce6bc3c053fd847be","name":"Equipe Reda\u00e7\u00e3o","image":{"@type":"ImageObject","inLanguage":"pt-BR","@id":"https:\/\/secure.gravatar.com\/avatar\/4f525efbf18dd2bb300ccad28bfb99d95a9465a5ba268407c8c37b37e1f28d2d?s=96&d=mm&r=g9e099043a0c61e9ae27e293b9fa75ffc","url":"https:\/\/secure.gravatar.com\/avatar\/4f525efbf18dd2bb300ccad28bfb99d95a9465a5ba268407c8c37b37e1f28d2d?s=96&d=mm&r=g","contentUrl":"https:\/\/secure.gravatar.com\/avatar\/4f525efbf18dd2bb300ccad28bfb99d95a9465a5ba268407c8c37b37e1f28d2d?s=96&d=mm&r=g","caption":"Equipe Reda\u00e7\u00e3o"},"description":"Equipe de reda\u00e7\u00e3o \u00e9 um grupo de profissionais que trabalham juntos para criar conte\u00fado escrito para Motorista.com.br","url":"https:\/\/motorista.com.br\/noticias\/author\/equiperedacao\/"}]}},"_links":{"self":[{"href":"https:\/\/motorista.com.br\/noticias\/wp-json\/wp\/v2\/posts\/5127","targetHints":{"allow":["GET"]}}],"collection":[{"href":"https:\/\/motorista.com.br\/noticias\/wp-json\/wp\/v2\/posts"}],"about":[{"href":"https:\/\/motorista.com.br\/noticias\/wp-json\/wp\/v2\/types\/post"}],"author":[{"embeddable":true,"href":"https:\/\/motorista.com.br\/noticias\/wp-json\/wp\/v2\/users\/4"}],"replies":[{"embeddable":true,"href":"https:\/\/motorista.com.br\/noticias\/wp-json\/wp\/v2\/comments?post=5127"}],"version-history":[{"count":0,"href":"https:\/\/motorista.com.br\/noticias\/wp-json\/wp\/v2\/posts\/5127\/revisions"}],"wp:featuredmedia":[{"embeddable":true,"href":"https:\/\/motorista.com.br\/noticias\/wp-json\/wp\/v2\/media\/5128"}],"wp:attachment":[{"href":"https:\/\/motorista.com.br\/noticias\/wp-json\/wp\/v2\/media?parent=5127"}],"wp:term":[{"taxonomy":"category","embeddable":true,"href":"https:\/\/motorista.com.br\/noticias\/wp-json\/wp\/v2\/categories?post=5127"},{"taxonomy":"post_tag","embeddable":true,"href":"https:\/\/motorista.com.br\/noticias\/wp-json\/wp\/v2\/tags?post=5127"},{"taxonomy":"author","embeddable":true,"href":"https:\/\/motorista.com.br\/noticias\/wp-json\/wp\/v2\/coauthors?post=5127"}],"curies":[{"name":"wp","href":"https:\/\/api.w.org\/{rel}","templated":true}]}}