{"id":5119,"date":"2025-12-11T17:42:38","date_gmt":"2025-12-11T20:42:38","guid":{"rendered":"https:\/\/motorista.com.br\/noticias\/2025\/12\/11\/brasil-export-apresenta-nova-sede-aos-membros-do-ibl\/"},"modified":"2025-12-11T17:42:38","modified_gmt":"2025-12-11T20:42:38","slug":"brasil-export-apresenta-nova-sede-aos-membros-do-ibl","status":"publish","type":"post","link":"https:\/\/motorista.com.br\/noticias\/2025\/12\/11\/brasil-export-apresenta-nova-sede-aos-membros-do-ibl\/","title":{"rendered":"Brasil Export apresenta nova sede aos membros do IBL"},"content":{"rendered":"<p><\/p>\n<h3>Brasil Export Apresenta Nova Sede do IBL: Impactos para Motoristas e Mobilidade<\/h3>\n<h4>Introdu\u00e7\u00e3o<\/h4>\n<p>Recentemente, o Brasil Export teve a honra de apresentar sua nova sede ao Instituto Brasil Log\u00edstica (IBL). Este evento n\u00e3o apenas simboliza um avan\u00e7o institucional, mas tamb\u00e9m destaca a import\u00e2ncia do setor log\u00edstico para a mobilidade e o papel estrat\u00e9gico que os motoristas desempenham nesse ecossistema.<\/p>\n<h4>Benef\u00edcios da Nova Sede para a Mobilidade<\/h4>\n<p>Com a nova localiza\u00e7\u00e3o do IBL, espera-se que haja uma melhoria significativa na efici\u00eancia operacional das atividades log\u00edsticas no Brasil. Isso pode ter um impacto direto na rotina dos motoristas, que podem se beneficiar de:<\/p>\n<ol>\n<li>\n<p><strong>Melhor Gest\u00e3o de Rotas<\/strong>: Com a centraliza\u00e7\u00e3o das opera\u00e7\u00f5es do IBL, ser\u00e3o promovidas abordagens mais eficazes na gest\u00e3o de rotas. Isso significa que os motoristas poder\u00e3o ter acesso a informa\u00e7\u00f5es mais precisas sobre o tr\u00e1fego, condi\u00e7\u00f5es das estradas e melhores itiner\u00e1rios.<\/p>\n<\/li>\n<li>\n<p><strong>Treinamento e Capacita\u00e7\u00e3o<\/strong>: A nova sede permitir\u00e1 a realiza\u00e7\u00e3o de workshops e treinamentos voltados para motoristas. Isso contribuir\u00e1 para uma frota mais qualificada, aumentando a seguran\u00e7a e a efici\u00eancia no transporte de mercadorias.<\/p>\n<\/li>\n<li>\n<p><strong>Integra\u00e7\u00e3o com Tecnologias<\/strong>: A sede do IBL poder\u00e1 se tornar um hub de inova\u00e7\u00e3o, integrando tecnologias que facilitam a mobilidade, como sistemas de monitoramento em tempo real e aplicativos que otimizam a comunica\u00e7\u00e3o entre motoristas e gestores.<\/p>\n<\/li>\n<\/ol>\n<h4>Impactos Sociais e Econ\u00f4micos<\/h4>\n<p>A realoca\u00e7\u00e3o do IBL tamb\u00e9m pode desencadear impactos positivos para a comunidade ao redor:<\/p>\n<ol>\n<li>\n<p><strong>Gera\u00e7\u00e3o de Empregos<\/strong>: Com o crescimento das opera\u00e7\u00f5es na nova sede, h\u00e1 perspectivas de novas contrata\u00e7\u00f5es e, consequentemente, gera\u00e7\u00e3o de empregos locais, o que pode beneficiar a economia regional.<\/p>\n<\/li>\n<li>\n<p><strong>Conscientiza\u00e7\u00e3o sobre Mobilidade Sustent\u00e1vel<\/strong>: Al\u00e9m de fomentar a efici\u00eancia log\u00edstica, o IBL pode promover pr\u00e1ticas de mobilidade sustent\u00e1vel, incentivando o uso de ve\u00edculos menos poluentes e a ado\u00e7\u00e3o de solu\u00e7\u00f5es de transporte coletivo.<\/p>\n<\/li>\n<li>\n<p><strong>Apoio \u00e0 Infraestrutura Local<\/strong>: A presen\u00e7a do IBL pode levar a uma maior aten\u00e7\u00e3o \u00e0s necessidades de infraestrutura nas vias usadas pelos motoristas, contribuindo para a manuten\u00e7\u00e3o e melhoria das estradas.<\/p>\n<\/li>\n<\/ol>\n<h4>Considera\u00e7\u00f5es Finais<\/h4>\n<p>A nova sede do IBL representam n\u00e3o somente um marco para a institui\u00e7\u00e3o, mas tamb\u00e9m um ponto de inflex\u00e3o para a mobilidade no Brasil. Ao beneficiar os motoristas e proporcionar uma log\u00edstica mais eficiente e sustent\u00e1vel, o IBL reafirma seu compromisso com a inova\u00e7\u00e3o e a responsabilidade social.<\/p>\n<p><strong>Fonte<\/strong>: ibl<\/p>\n","protected":false},"excerpt":{"rendered":"<p>Brasil Export Apresenta Nova Sede do IBL: Impactos para Motoristas e Mobilidade Introdu\u00e7\u00e3o Recentemente, o Brasil Export teve a honra de apresentar sua nova sede ao Instituto Brasil Log\u00edstica (IBL). Este evento n\u00e3o apenas simboliza um avan\u00e7o institucional, mas tamb\u00e9m destaca a import\u00e2ncia do setor log\u00edstico para a mobilidade e o papel estrat\u00e9gico que os &hellip;<\/p>\n","protected":false},"author":4,"featured_media":5120,"comment_status":"","ping_status":"open","sticky":false,"template":"","format":"standard","meta":{"footnotes":""},"categories":[62],"tags":[],"coauthors":[42],"class_list":["post-5119","post","type-post","status-publish","format-standard","has-post-thumbnail","hentry","category-logistica"],"yoast_head":"<!-- This site is optimized with the Yoast SEO Premium plugin v25.5 (Yoast SEO v27.4) - https:\/\/yoast.com\/product\/yoast-seo-premium-wordpress\/ -->\n<title>Brasil Export apresenta nova sede aos membros do IBL - Motorista.com.br<\/title>\n<meta name=\"robots\" content=\"index, follow, max-snippet:-1, max-image-preview:large, max-video-preview:-1\" \/>\n<link rel=\"canonical\" href=\"https:\/\/motorista.com.br\/noticias\/2025\/12\/11\/brasil-export-apresenta-nova-sede-aos-membros-do-ibl\/\" \/>\n<meta property=\"og:locale\" content=\"pt_BR\" \/>\n<meta property=\"og:type\" content=\"article\" \/>\n<meta property=\"og:title\" content=\"Brasil Export apresenta nova sede aos membros do IBL\" \/>\n<meta property=\"og:description\" content=\"Brasil Export Apresenta Nova Sede do IBL: Impactos para Motoristas e Mobilidade Introdu\u00e7\u00e3o Recentemente, o Brasil Export teve a honra de apresentar sua nova sede ao Instituto Brasil Log\u00edstica (IBL). Este evento n\u00e3o apenas simboliza um avan\u00e7o institucional, mas tamb\u00e9m destaca a import\u00e2ncia do setor log\u00edstico para a mobilidade e o papel estrat\u00e9gico que os &hellip;\" \/>\n<meta property=\"og:url\" content=\"https:\/\/motorista.com.br\/noticias\/2025\/12\/11\/brasil-export-apresenta-nova-sede-aos-membros-do-ibl\/\" \/>\n<meta property=\"og:site_name\" content=\"Motorista.com.br\" \/>\n<meta property=\"article:published_time\" content=\"2025-12-11T20:42:38+00:00\" \/>\n<meta name=\"author\" content=\"Equipe Reda\u00e7\u00e3o\" \/>\n<meta name=\"twitter:card\" content=\"summary_large_image\" \/>\n<meta name=\"twitter:label1\" content=\"Escrito por\" \/>\n\t<meta name=\"twitter:data1\" content=\"Equipe Reda\u00e7\u00e3o\" \/>\n\t<meta name=\"twitter:label2\" content=\"Est. tempo de leitura\" \/>\n\t<meta name=\"twitter:data2\" content=\"2 minutos\" \/>\n\t<meta name=\"twitter:label3\" content=\"Written by\" \/>\n\t<meta name=\"twitter:data3\" content=\"Equipe Reda\u00e7\u00e3o\" \/>\n<script type=\"application\/ld+json\" class=\"yoast-schema-graph\">{\"@context\":\"https:\\\/\\\/schema.org\",\"@graph\":[{\"@type\":\"Article\",\"@id\":\"https:\\\/\\\/motorista.com.br\\\/noticias\\\/2025\\\/12\\\/11\\\/brasil-export-apresenta-nova-sede-aos-membros-do-ibl\\\/#article\",\"isPartOf\":{\"@id\":\"https:\\\/\\\/motorista.com.br\\\/noticias\\\/2025\\\/12\\\/11\\\/brasil-export-apresenta-nova-sede-aos-membros-do-ibl\\\/\"},\"author\":{\"name\":\"Equipe Reda\u00e7\u00e3o\",\"@id\":\"https:\\\/\\\/motorista.com.br\\\/noticias\\\/#\\\/schema\\\/person\\\/dc93afc2981c0e3ce6bc3c053fd847be\"},\"headline\":\"Brasil Export apresenta nova sede aos membros do IBL\",\"datePublished\":\"2025-12-11T20:42:38+00:00\",\"mainEntityOfPage\":{\"@id\":\"https:\\\/\\\/motorista.com.br\\\/noticias\\\/2025\\\/12\\\/11\\\/brasil-export-apresenta-nova-sede-aos-membros-do-ibl\\\/\"},\"wordCount\":440,\"publisher\":{\"@id\":\"https:\\\/\\\/motorista.com.br\\\/noticias\\\/#organization\"},\"image\":{\"@id\":\"https:\\\/\\\/motorista.com.br\\\/noticias\\\/2025\\\/12\\\/11\\\/brasil-export-apresenta-nova-sede-aos-membros-do-ibl\\\/#primaryimage\"},\"thumbnailUrl\":\"https:\\\/\\\/motorista.com.br\\\/noticias\\\/wp-content\\\/uploads\\\/2025\\\/12\\\/WhatsApp-Image-2025-12-11-at-16.56.16.jpeg\",\"articleSection\":[\"Log\u00edstica\"],\"inLanguage\":\"pt-BR\"},{\"@type\":\"WebPage\",\"@id\":\"https:\\\/\\\/motorista.com.br\\\/noticias\\\/2025\\\/12\\\/11\\\/brasil-export-apresenta-nova-sede-aos-membros-do-ibl\\\/\",\"url\":\"https:\\\/\\\/motorista.com.br\\\/noticias\\\/2025\\\/12\\\/11\\\/brasil-export-apresenta-nova-sede-aos-membros-do-ibl\\\/\",\"name\":\"Brasil Export apresenta nova sede aos membros do IBL - Motorista.com.br\",\"isPartOf\":{\"@id\":\"https:\\\/\\\/motorista.com.br\\\/noticias\\\/#website\"},\"primaryImageOfPage\":{\"@id\":\"https:\\\/\\\/motorista.com.br\\\/noticias\\\/2025\\\/12\\\/11\\\/brasil-export-apresenta-nova-sede-aos-membros-do-ibl\\\/#primaryimage\"},\"image\":{\"@id\":\"https:\\\/\\\/motorista.com.br\\\/noticias\\\/2025\\\/12\\\/11\\\/brasil-export-apresenta-nova-sede-aos-membros-do-ibl\\\/#primaryimage\"},\"thumbnailUrl\":\"https:\\\/\\\/motorista.com.br\\\/noticias\\\/wp-content\\\/uploads\\\/2025\\\/12\\\/WhatsApp-Image-2025-12-11-at-16.56.16.jpeg\",\"datePublished\":\"2025-12-11T20:42:38+00:00\",\"breadcrumb\":{\"@id\":\"https:\\\/\\\/motorista.com.br\\\/noticias\\\/2025\\\/12\\\/11\\\/brasil-export-apresenta-nova-sede-aos-membros-do-ibl\\\/#breadcrumb\"},\"inLanguage\":\"pt-BR\",\"potentialAction\":[{\"@type\":\"ReadAction\",\"target\":[\"https:\\\/\\\/motorista.com.br\\\/noticias\\\/2025\\\/12\\\/11\\\/brasil-export-apresenta-nova-sede-aos-membros-do-ibl\\\/\"]}]},{\"@type\":\"ImageObject\",\"inLanguage\":\"pt-BR\",\"@id\":\"https:\\\/\\\/motorista.com.br\\\/noticias\\\/2025\\\/12\\\/11\\\/brasil-export-apresenta-nova-sede-aos-membros-do-ibl\\\/#primaryimage\",\"url\":\"https:\\\/\\\/motorista.com.br\\\/noticias\\\/wp-content\\\/uploads\\\/2025\\\/12\\\/WhatsApp-Image-2025-12-11-at-16.56.16.jpeg\",\"contentUrl\":\"https:\\\/\\\/motorista.com.br\\\/noticias\\\/wp-content\\\/uploads\\\/2025\\\/12\\\/WhatsApp-Image-2025-12-11-at-16.56.16.jpeg\",\"width\":1600,\"height\":900},{\"@type\":\"BreadcrumbList\",\"@id\":\"https:\\\/\\\/motorista.com.br\\\/noticias\\\/2025\\\/12\\\/11\\\/brasil-export-apresenta-nova-sede-aos-membros-do-ibl\\\/#breadcrumb\",\"itemListElement\":[{\"@type\":\"ListItem\",\"position\":1,\"name\":\"In\u00edcio\",\"item\":\"https:\\\/\\\/motorista.com.br\\\/noticias\\\/\"},{\"@type\":\"ListItem\",\"position\":2,\"name\":\"Brasil Export apresenta nova sede aos membros do IBL\"}]},{\"@type\":\"WebSite\",\"@id\":\"https:\\\/\\\/motorista.com.br\\\/noticias\\\/#website\",\"url\":\"https:\\\/\\\/motorista.com.br\\\/noticias\\\/\",\"name\":\"Motorista.com.br\",\"description\":\"Not\u00edcia do Motorista\",\"publisher\":{\"@id\":\"https:\\\/\\\/motorista.com.br\\\/noticias\\\/#organization\"},\"potentialAction\":[{\"@type\":\"SearchAction\",\"target\":{\"@type\":\"EntryPoint\",\"urlTemplate\":\"https:\\\/\\\/motorista.com.br\\\/noticias\\\/?s={search_term_string}\"},\"query-input\":{\"@type\":\"PropertyValueSpecification\",\"valueRequired\":true,\"valueName\":\"search_term_string\"}}],\"inLanguage\":\"pt-BR\"},{\"@type\":\"Organization\",\"@id\":\"https:\\\/\\\/motorista.com.br\\\/noticias\\\/#organization\",\"name\":\"Motorista.com.br\",\"url\":\"https:\\\/\\\/motorista.com.br\\\/noticias\\\/\",\"logo\":{\"@type\":\"ImageObject\",\"inLanguage\":\"pt-BR\",\"@id\":\"https:\\\/\\\/motorista.com.br\\\/noticias\\\/#\\\/schema\\\/logo\\\/image\\\/\",\"url\":\"https:\\\/\\\/motorista.com.br\\\/noticias\\\/wp-content\\\/uploads\\\/2025\\\/06\\\/Design-sem-nome-9.png\",\"contentUrl\":\"https:\\\/\\\/motorista.com.br\\\/noticias\\\/wp-content\\\/uploads\\\/2025\\\/06\\\/Design-sem-nome-9.png\",\"width\":150,\"height\":85,\"caption\":\"Motorista.com.br\"},\"image\":{\"@id\":\"https:\\\/\\\/motorista.com.br\\\/noticias\\\/#\\\/schema\\\/logo\\\/image\\\/\"}},{\"@type\":\"Person\",\"@id\":\"https:\\\/\\\/motorista.com.br\\\/noticias\\\/#\\\/schema\\\/person\\\/dc93afc2981c0e3ce6bc3c053fd847be\",\"name\":\"Equipe Reda\u00e7\u00e3o\",\"image\":{\"@type\":\"ImageObject\",\"inLanguage\":\"pt-BR\",\"@id\":\"https:\\\/\\\/secure.gravatar.com\\\/avatar\\\/4f525efbf18dd2bb300ccad28bfb99d95a9465a5ba268407c8c37b37e1f28d2d?s=96&d=mm&r=g9e099043a0c61e9ae27e293b9fa75ffc\",\"url\":\"https:\\\/\\\/secure.gravatar.com\\\/avatar\\\/4f525efbf18dd2bb300ccad28bfb99d95a9465a5ba268407c8c37b37e1f28d2d?s=96&d=mm&r=g\",\"contentUrl\":\"https:\\\/\\\/secure.gravatar.com\\\/avatar\\\/4f525efbf18dd2bb300ccad28bfb99d95a9465a5ba268407c8c37b37e1f28d2d?s=96&d=mm&r=g\",\"caption\":\"Equipe Reda\u00e7\u00e3o\"},\"description\":\"Equipe de reda\u00e7\u00e3o \u00e9 um grupo de profissionais que trabalham juntos para criar conte\u00fado escrito para Motorista.com.br\",\"url\":\"https:\\\/\\\/motorista.com.br\\\/noticias\\\/author\\\/equiperedacao\\\/\"}]}<\/script>\n<!-- \/ Yoast SEO Premium plugin. -->","yoast_head_json":{"title":"Brasil Export apresenta nova sede aos membros do IBL - Motorista.com.br","robots":{"index":"index","follow":"follow","max-snippet":"max-snippet:-1","max-image-preview":"max-image-preview:large","max-video-preview":"max-video-preview:-1"},"canonical":"https:\/\/motorista.com.br\/noticias\/2025\/12\/11\/brasil-export-apresenta-nova-sede-aos-membros-do-ibl\/","og_locale":"pt_BR","og_type":"article","og_title":"Brasil Export apresenta nova sede aos membros do IBL","og_description":"Brasil Export Apresenta Nova Sede do IBL: Impactos para Motoristas e Mobilidade Introdu\u00e7\u00e3o Recentemente, o Brasil Export teve a honra de apresentar sua nova sede ao Instituto Brasil Log\u00edstica (IBL). Este evento n\u00e3o apenas simboliza um avan\u00e7o institucional, mas tamb\u00e9m destaca a import\u00e2ncia do setor log\u00edstico para a mobilidade e o papel estrat\u00e9gico que os &hellip;","og_url":"https:\/\/motorista.com.br\/noticias\/2025\/12\/11\/brasil-export-apresenta-nova-sede-aos-membros-do-ibl\/","og_site_name":"Motorista.com.br","article_published_time":"2025-12-11T20:42:38+00:00","author":"Equipe Reda\u00e7\u00e3o","twitter_card":"summary_large_image","twitter_misc":{"Escrito por":"Equipe Reda\u00e7\u00e3o","Est. tempo de leitura":"2 minutos","Written by":"Equipe Reda\u00e7\u00e3o"},"schema":{"@context":"https:\/\/schema.org","@graph":[{"@type":"Article","@id":"https:\/\/motorista.com.br\/noticias\/2025\/12\/11\/brasil-export-apresenta-nova-sede-aos-membros-do-ibl\/#article","isPartOf":{"@id":"https:\/\/motorista.com.br\/noticias\/2025\/12\/11\/brasil-export-apresenta-nova-sede-aos-membros-do-ibl\/"},"author":{"name":"Equipe Reda\u00e7\u00e3o","@id":"https:\/\/motorista.com.br\/noticias\/#\/schema\/person\/dc93afc2981c0e3ce6bc3c053fd847be"},"headline":"Brasil Export apresenta nova sede aos membros do IBL","datePublished":"2025-12-11T20:42:38+00:00","mainEntityOfPage":{"@id":"https:\/\/motorista.com.br\/noticias\/2025\/12\/11\/brasil-export-apresenta-nova-sede-aos-membros-do-ibl\/"},"wordCount":440,"publisher":{"@id":"https:\/\/motorista.com.br\/noticias\/#organization"},"image":{"@id":"https:\/\/motorista.com.br\/noticias\/2025\/12\/11\/brasil-export-apresenta-nova-sede-aos-membros-do-ibl\/#primaryimage"},"thumbnailUrl":"https:\/\/motorista.com.br\/noticias\/wp-content\/uploads\/2025\/12\/WhatsApp-Image-2025-12-11-at-16.56.16.jpeg","articleSection":["Log\u00edstica"],"inLanguage":"pt-BR"},{"@type":"WebPage","@id":"https:\/\/motorista.com.br\/noticias\/2025\/12\/11\/brasil-export-apresenta-nova-sede-aos-membros-do-ibl\/","url":"https:\/\/motorista.com.br\/noticias\/2025\/12\/11\/brasil-export-apresenta-nova-sede-aos-membros-do-ibl\/","name":"Brasil Export apresenta nova sede aos membros do IBL - Motorista.com.br","isPartOf":{"@id":"https:\/\/motorista.com.br\/noticias\/#website"},"primaryImageOfPage":{"@id":"https:\/\/motorista.com.br\/noticias\/2025\/12\/11\/brasil-export-apresenta-nova-sede-aos-membros-do-ibl\/#primaryimage"},"image":{"@id":"https:\/\/motorista.com.br\/noticias\/2025\/12\/11\/brasil-export-apresenta-nova-sede-aos-membros-do-ibl\/#primaryimage"},"thumbnailUrl":"https:\/\/motorista.com.br\/noticias\/wp-content\/uploads\/2025\/12\/WhatsApp-Image-2025-12-11-at-16.56.16.jpeg","datePublished":"2025-12-11T20:42:38+00:00","breadcrumb":{"@id":"https:\/\/motorista.com.br\/noticias\/2025\/12\/11\/brasil-export-apresenta-nova-sede-aos-membros-do-ibl\/#breadcrumb"},"inLanguage":"pt-BR","potentialAction":[{"@type":"ReadAction","target":["https:\/\/motorista.com.br\/noticias\/2025\/12\/11\/brasil-export-apresenta-nova-sede-aos-membros-do-ibl\/"]}]},{"@type":"ImageObject","inLanguage":"pt-BR","@id":"https:\/\/motorista.com.br\/noticias\/2025\/12\/11\/brasil-export-apresenta-nova-sede-aos-membros-do-ibl\/#primaryimage","url":"https:\/\/motorista.com.br\/noticias\/wp-content\/uploads\/2025\/12\/WhatsApp-Image-2025-12-11-at-16.56.16.jpeg","contentUrl":"https:\/\/motorista.com.br\/noticias\/wp-content\/uploads\/2025\/12\/WhatsApp-Image-2025-12-11-at-16.56.16.jpeg","width":1600,"height":900},{"@type":"BreadcrumbList","@id":"https:\/\/motorista.com.br\/noticias\/2025\/12\/11\/brasil-export-apresenta-nova-sede-aos-membros-do-ibl\/#breadcrumb","itemListElement":[{"@type":"ListItem","position":1,"name":"In\u00edcio","item":"https:\/\/motorista.com.br\/noticias\/"},{"@type":"ListItem","position":2,"name":"Brasil Export apresenta nova sede aos membros do IBL"}]},{"@type":"WebSite","@id":"https:\/\/motorista.com.br\/noticias\/#website","url":"https:\/\/motorista.com.br\/noticias\/","name":"Motorista.com.br","description":"Not\u00edcia do Motorista","publisher":{"@id":"https:\/\/motorista.com.br\/noticias\/#organization"},"potentialAction":[{"@type":"SearchAction","target":{"@type":"EntryPoint","urlTemplate":"https:\/\/motorista.com.br\/noticias\/?s={search_term_string}"},"query-input":{"@type":"PropertyValueSpecification","valueRequired":true,"valueName":"search_term_string"}}],"inLanguage":"pt-BR"},{"@type":"Organization","@id":"https:\/\/motorista.com.br\/noticias\/#organization","name":"Motorista.com.br","url":"https:\/\/motorista.com.br\/noticias\/","logo":{"@type":"ImageObject","inLanguage":"pt-BR","@id":"https:\/\/motorista.com.br\/noticias\/#\/schema\/logo\/image\/","url":"https:\/\/motorista.com.br\/noticias\/wp-content\/uploads\/2025\/06\/Design-sem-nome-9.png","contentUrl":"https:\/\/motorista.com.br\/noticias\/wp-content\/uploads\/2025\/06\/Design-sem-nome-9.png","width":150,"height":85,"caption":"Motorista.com.br"},"image":{"@id":"https:\/\/motorista.com.br\/noticias\/#\/schema\/logo\/image\/"}},{"@type":"Person","@id":"https:\/\/motorista.com.br\/noticias\/#\/schema\/person\/dc93afc2981c0e3ce6bc3c053fd847be","name":"Equipe Reda\u00e7\u00e3o","image":{"@type":"ImageObject","inLanguage":"pt-BR","@id":"https:\/\/secure.gravatar.com\/avatar\/4f525efbf18dd2bb300ccad28bfb99d95a9465a5ba268407c8c37b37e1f28d2d?s=96&d=mm&r=g9e099043a0c61e9ae27e293b9fa75ffc","url":"https:\/\/secure.gravatar.com\/avatar\/4f525efbf18dd2bb300ccad28bfb99d95a9465a5ba268407c8c37b37e1f28d2d?s=96&d=mm&r=g","contentUrl":"https:\/\/secure.gravatar.com\/avatar\/4f525efbf18dd2bb300ccad28bfb99d95a9465a5ba268407c8c37b37e1f28d2d?s=96&d=mm&r=g","caption":"Equipe Reda\u00e7\u00e3o"},"description":"Equipe de reda\u00e7\u00e3o \u00e9 um grupo de profissionais que trabalham juntos para criar conte\u00fado escrito para Motorista.com.br","url":"https:\/\/motorista.com.br\/noticias\/author\/equiperedacao\/"}]}},"_links":{"self":[{"href":"https:\/\/motorista.com.br\/noticias\/wp-json\/wp\/v2\/posts\/5119","targetHints":{"allow":["GET"]}}],"collection":[{"href":"https:\/\/motorista.com.br\/noticias\/wp-json\/wp\/v2\/posts"}],"about":[{"href":"https:\/\/motorista.com.br\/noticias\/wp-json\/wp\/v2\/types\/post"}],"author":[{"embeddable":true,"href":"https:\/\/motorista.com.br\/noticias\/wp-json\/wp\/v2\/users\/4"}],"replies":[{"embeddable":true,"href":"https:\/\/motorista.com.br\/noticias\/wp-json\/wp\/v2\/comments?post=5119"}],"version-history":[{"count":0,"href":"https:\/\/motorista.com.br\/noticias\/wp-json\/wp\/v2\/posts\/5119\/revisions"}],"wp:featuredmedia":[{"embeddable":true,"href":"https:\/\/motorista.com.br\/noticias\/wp-json\/wp\/v2\/media\/5120"}],"wp:attachment":[{"href":"https:\/\/motorista.com.br\/noticias\/wp-json\/wp\/v2\/media?parent=5119"}],"wp:term":[{"taxonomy":"category","embeddable":true,"href":"https:\/\/motorista.com.br\/noticias\/wp-json\/wp\/v2\/categories?post=5119"},{"taxonomy":"post_tag","embeddable":true,"href":"https:\/\/motorista.com.br\/noticias\/wp-json\/wp\/v2\/tags?post=5119"},{"taxonomy":"author","embeddable":true,"href":"https:\/\/motorista.com.br\/noticias\/wp-json\/wp\/v2\/coauthors?post=5119"}],"curies":[{"name":"wp","href":"https:\/\/api.w.org\/{rel}","templated":true}]}}