{"id":5100,"date":"2025-12-10T23:50:13","date_gmt":"2025-12-11T02:50:13","guid":{"rendered":"https:\/\/motorista.com.br\/noticias\/2025\/12\/10\/carro-eletrico-voador-inicia-producao-nos-eua-saiba-mais\/"},"modified":"2025-12-10T23:50:13","modified_gmt":"2025-12-11T02:50:13","slug":"carro-eletrico-voador-inicia-producao-nos-eua-saiba-mais","status":"publish","type":"post","link":"https:\/\/motorista.com.br\/noticias\/2025\/12\/10\/carro-eletrico-voador-inicia-producao-nos-eua-saiba-mais\/","title":{"rendered":"Carro el\u00e9trico voador inicia produ\u00e7\u00e3o nos EUA; saiba mais."},"content":{"rendered":"<p><\/p>\n<div id=\"\">\n<p>A fic\u00e7\u00e3o cient\u00edfica est\u00e1 cada vez mais pr\u00f3xima da realidade: a startup estadunidense <strong>Alef Aeronautics<\/strong> deu in\u00edcio \u00e0 produ\u00e7\u00e3o de seu inovador <strong>carro voador el\u00e9trico<\/strong>, o <strong>Model A<\/strong>, na Calif\u00f3rnia (EUA).<\/p>\n<p>Este marco significativo na mobilidade a\u00e9rea pessoal coloca a empresa na vanguarda do transporte futurista, com as primeiras unidades destinadas a um seleto grupo de clientes para testes em condi\u00e7\u00f5es rigorosamente controladas. Essa fase inicial visa coletar dados cruciais antes de uma expans\u00e3o maior, indicando um passo em dire\u00e7\u00e3o a um futuro onde a mobilidade a\u00e9rea congestionada pode ser uma solu\u00e7\u00e3o vi\u00e1vel para o tr\u00e2nsito urbano.<\/p>\n<h2 class=\"wp-block-heading\" id=\"h-alef-aeronautics-decolagem-rumo-ao-futuro-da-mobilidade\">Alef Aeronautics: decolagem rumo ao futuro da mobilidade<\/h2>\n<ul>\n<li>A empresa Alef Aeronautics, sediada em <strong>San Mateo<\/strong>, Calif\u00f3rnia (EUA), iniciou a produ\u00e7\u00e3o do seu carro voador <strong>100% el\u00e9trico<\/strong>, o Model A;<\/li>\n<li>Este ve\u00edculo \u00e9 o <strong>primeiro<\/strong> a ser homologado tanto para circula\u00e7\u00e3o em <strong>vias p\u00fablicas<\/strong> quanto para <strong>decolagem e voo vertical<\/strong>, combinando funcionalidades de <strong>carro e aeronave<\/strong>;<\/li>\n<li>Com uma autonomia de <strong>354 km<\/strong> por estrada e <strong>177 km<\/strong> pelo ar, o Model A promete versatilidade sem precedentes;<\/li>\n<li>A Alef j\u00e1 acumulou mais de <strong>3,5 mil<\/strong> pr\u00e9-encomendas, totalizando cerca de <strong>US$ 1 bilh\u00e3o<\/strong>, evidenciando a alta demanda do mercado;<\/li>\n<li>A produ\u00e7\u00e3o inicial \u00e9 feita de forma <strong>artesanal<\/strong> no Vale do Sil\u00edcio, com planos de automa\u00e7\u00e3o para a fabrica\u00e7\u00e3o em massa futura.<\/li>\n<\/ul>\n<h2 class=\"wp-block-heading\" id=\"h-projeto-do-carro-voador-eletrico-tem-uma-decada\">Projeto do carro voador el\u00e9trico tem uma d\u00e9cada<\/h2>\n<p>O Model A \u00e9 o resultado de uma d\u00e9cada de pesquisa e desenvolvimento. Apresentado oficialmente em 2022, o ve\u00edculo obteve a crucial certifica\u00e7\u00e3o de aeronavegabilidade da Administra\u00e7\u00e3o Federal de Avia\u00e7\u00e3o (FAA) em 2023, um passo vital para transformar o conceito em realidade.<\/p>\n<p>Com o apoio de investidores not\u00e1veis, a Alef est\u00e1 posicionada para desbravar este novo segmento de mobilidade. O que realmente diferencia o Model A de outros ve\u00edculos \u00e9 sua dupla funcionalidade: ele pode circular pelas ruas e estacionar como um carro comum, enquanto tamb\u00e9m oferece a capacidade de decolagem vertical, eliminando a necessidade de pistas para decolagem.<\/p>\n<p>As primeiras unidades, montadas manualmente nas instala\u00e7\u00f5es da Alef, levar\u00e3o v\u00e1rios meses para serem conclu\u00eddas. Esses ve\u00edculos ser\u00e3o entregues a um grupo seleto de clientes iniciais, que receber\u00e3o treinamento e suporte cont\u00ednuo, ajudando a otimizar a produ\u00e7\u00e3o e aprimorar o modelo antes da escala maior.<\/p>\n<p>Em termos de seguran\u00e7a, o Model A atinge expectativas elevadas, sendo equipado com sistemas avan\u00e7ados que garantem m\u00faltiplas camadas de prote\u00e7\u00e3o. A combina\u00e7\u00e3o de propuls\u00e3o el\u00e9trica distribu\u00edda, diagn\u00f3sticos avan\u00e7ados e a capacidade de pouso planado demonstram um compromisso com a seguran\u00e7a do usu\u00e1rio.<\/p>\n<p>Embora ainda em fase de testes e com um pre\u00e7o inicial elevado, a vis\u00e3o de longo prazo da Alef aponta para um futuro onde o transporte pessoal a\u00e9reo pode se tornar <strong>acess\u00edvel e pr\u00e1tico<\/strong>. A introdu\u00e7\u00e3o de carros voadores tem o potencial de redefinir a mobilidade e a conectividade urbana, proporcionando um novo n\u00edvel de liberdade e conveni\u00eancia no dia a dia dos motoristas e, consequentemente, impactando positivamente o fluxo de tr\u00e1fego nas cidades.<\/p>\n<p><strong>Fonte:<\/strong> olhardigital<\/p>\n<\/div>\n","protected":false},"excerpt":{"rendered":"<p>A fic\u00e7\u00e3o cient\u00edfica est\u00e1 cada vez mais pr\u00f3xima da realidade: a startup estadunidense Alef Aeronautics deu in\u00edcio \u00e0 produ\u00e7\u00e3o de seu inovador carro voador el\u00e9trico, o Model A, na Calif\u00f3rnia (EUA). Este marco significativo na mobilidade a\u00e9rea pessoal coloca a empresa na vanguarda do transporte futurista, com as primeiras unidades destinadas a um seleto grupo &hellip;<\/p>\n","protected":false},"author":4,"featured_media":5101,"comment_status":"","ping_status":"open","sticky":false,"template":"","format":"standard","meta":{"footnotes":""},"categories":[56],"tags":[],"coauthors":[42],"class_list":["post-5100","post","type-post","status-publish","format-standard","has-post-thumbnail","hentry","category-tecnologia"],"yoast_head":"<!-- This site is optimized with the Yoast SEO Premium plugin v25.5 (Yoast SEO v27.4) - https:\/\/yoast.com\/product\/yoast-seo-premium-wordpress\/ -->\n<title>Carro el\u00e9trico voador inicia produ\u00e7\u00e3o nos EUA; saiba mais. - Motorista.com.br<\/title>\n<meta name=\"robots\" content=\"index, follow, max-snippet:-1, max-image-preview:large, max-video-preview:-1\" \/>\n<link rel=\"canonical\" href=\"https:\/\/motorista.com.br\/noticias\/2025\/12\/10\/carro-eletrico-voador-inicia-producao-nos-eua-saiba-mais\/\" \/>\n<meta property=\"og:locale\" content=\"pt_BR\" \/>\n<meta property=\"og:type\" content=\"article\" \/>\n<meta property=\"og:title\" content=\"Carro el\u00e9trico voador inicia produ\u00e7\u00e3o nos EUA; saiba mais.\" \/>\n<meta property=\"og:description\" content=\"A fic\u00e7\u00e3o cient\u00edfica est\u00e1 cada vez mais pr\u00f3xima da realidade: a startup estadunidense Alef Aeronautics deu in\u00edcio \u00e0 produ\u00e7\u00e3o de seu inovador carro voador el\u00e9trico, o Model A, na Calif\u00f3rnia (EUA). Este marco significativo na mobilidade a\u00e9rea pessoal coloca a empresa na vanguarda do transporte futurista, com as primeiras unidades destinadas a um seleto grupo &hellip;\" \/>\n<meta property=\"og:url\" content=\"https:\/\/motorista.com.br\/noticias\/2025\/12\/10\/carro-eletrico-voador-inicia-producao-nos-eua-saiba-mais\/\" \/>\n<meta property=\"og:site_name\" content=\"Motorista.com.br\" \/>\n<meta property=\"article:published_time\" content=\"2025-12-11T02:50:13+00:00\" \/>\n<meta name=\"author\" content=\"Equipe Reda\u00e7\u00e3o\" \/>\n<meta name=\"twitter:card\" content=\"summary_large_image\" \/>\n<meta name=\"twitter:label1\" content=\"Escrito por\" \/>\n\t<meta name=\"twitter:data1\" content=\"Equipe Reda\u00e7\u00e3o\" \/>\n\t<meta name=\"twitter:label2\" content=\"Est. tempo de leitura\" \/>\n\t<meta name=\"twitter:data2\" content=\"3 minutos\" \/>\n\t<meta name=\"twitter:label3\" content=\"Written by\" \/>\n\t<meta name=\"twitter:data3\" content=\"Equipe Reda\u00e7\u00e3o\" \/>\n<script type=\"application\/ld+json\" class=\"yoast-schema-graph\">{\"@context\":\"https:\\\/\\\/schema.org\",\"@graph\":[{\"@type\":\"Article\",\"@id\":\"https:\\\/\\\/motorista.com.br\\\/noticias\\\/2025\\\/12\\\/10\\\/carro-eletrico-voador-inicia-producao-nos-eua-saiba-mais\\\/#article\",\"isPartOf\":{\"@id\":\"https:\\\/\\\/motorista.com.br\\\/noticias\\\/2025\\\/12\\\/10\\\/carro-eletrico-voador-inicia-producao-nos-eua-saiba-mais\\\/\"},\"author\":{\"name\":\"Equipe Reda\u00e7\u00e3o\",\"@id\":\"https:\\\/\\\/motorista.com.br\\\/noticias\\\/#\\\/schema\\\/person\\\/dc93afc2981c0e3ce6bc3c053fd847be\"},\"headline\":\"Carro el\u00e9trico voador inicia produ\u00e7\u00e3o nos EUA; saiba mais.\",\"datePublished\":\"2025-12-11T02:50:13+00:00\",\"mainEntityOfPage\":{\"@id\":\"https:\\\/\\\/motorista.com.br\\\/noticias\\\/2025\\\/12\\\/10\\\/carro-eletrico-voador-inicia-producao-nos-eua-saiba-mais\\\/\"},\"wordCount\":553,\"publisher\":{\"@id\":\"https:\\\/\\\/motorista.com.br\\\/noticias\\\/#organization\"},\"image\":{\"@id\":\"https:\\\/\\\/motorista.com.br\\\/noticias\\\/2025\\\/12\\\/10\\\/carro-eletrico-voador-inicia-producao-nos-eua-saiba-mais\\\/#primaryimage\"},\"thumbnailUrl\":\"https:\\\/\\\/motorista.com.br\\\/noticias\\\/wp-content\\\/uploads\\\/2025\\\/12\\\/carro_v.png\",\"articleSection\":[\"Tecnologia\"],\"inLanguage\":\"pt-BR\"},{\"@type\":\"WebPage\",\"@id\":\"https:\\\/\\\/motorista.com.br\\\/noticias\\\/2025\\\/12\\\/10\\\/carro-eletrico-voador-inicia-producao-nos-eua-saiba-mais\\\/\",\"url\":\"https:\\\/\\\/motorista.com.br\\\/noticias\\\/2025\\\/12\\\/10\\\/carro-eletrico-voador-inicia-producao-nos-eua-saiba-mais\\\/\",\"name\":\"Carro el\u00e9trico voador inicia produ\u00e7\u00e3o nos EUA; saiba mais. - Motorista.com.br\",\"isPartOf\":{\"@id\":\"https:\\\/\\\/motorista.com.br\\\/noticias\\\/#website\"},\"primaryImageOfPage\":{\"@id\":\"https:\\\/\\\/motorista.com.br\\\/noticias\\\/2025\\\/12\\\/10\\\/carro-eletrico-voador-inicia-producao-nos-eua-saiba-mais\\\/#primaryimage\"},\"image\":{\"@id\":\"https:\\\/\\\/motorista.com.br\\\/noticias\\\/2025\\\/12\\\/10\\\/carro-eletrico-voador-inicia-producao-nos-eua-saiba-mais\\\/#primaryimage\"},\"thumbnailUrl\":\"https:\\\/\\\/motorista.com.br\\\/noticias\\\/wp-content\\\/uploads\\\/2025\\\/12\\\/carro_v.png\",\"datePublished\":\"2025-12-11T02:50:13+00:00\",\"breadcrumb\":{\"@id\":\"https:\\\/\\\/motorista.com.br\\\/noticias\\\/2025\\\/12\\\/10\\\/carro-eletrico-voador-inicia-producao-nos-eua-saiba-mais\\\/#breadcrumb\"},\"inLanguage\":\"pt-BR\",\"potentialAction\":[{\"@type\":\"ReadAction\",\"target\":[\"https:\\\/\\\/motorista.com.br\\\/noticias\\\/2025\\\/12\\\/10\\\/carro-eletrico-voador-inicia-producao-nos-eua-saiba-mais\\\/\"]}]},{\"@type\":\"ImageObject\",\"inLanguage\":\"pt-BR\",\"@id\":\"https:\\\/\\\/motorista.com.br\\\/noticias\\\/2025\\\/12\\\/10\\\/carro-eletrico-voador-inicia-producao-nos-eua-saiba-mais\\\/#primaryimage\",\"url\":\"https:\\\/\\\/motorista.com.br\\\/noticias\\\/wp-content\\\/uploads\\\/2025\\\/12\\\/carro_v.png\",\"contentUrl\":\"https:\\\/\\\/motorista.com.br\\\/noticias\\\/wp-content\\\/uploads\\\/2025\\\/12\\\/carro_v.png\",\"width\":2000,\"height\":1125},{\"@type\":\"BreadcrumbList\",\"@id\":\"https:\\\/\\\/motorista.com.br\\\/noticias\\\/2025\\\/12\\\/10\\\/carro-eletrico-voador-inicia-producao-nos-eua-saiba-mais\\\/#breadcrumb\",\"itemListElement\":[{\"@type\":\"ListItem\",\"position\":1,\"name\":\"In\u00edcio\",\"item\":\"https:\\\/\\\/motorista.com.br\\\/noticias\\\/\"},{\"@type\":\"ListItem\",\"position\":2,\"name\":\"Carro el\u00e9trico voador inicia produ\u00e7\u00e3o nos EUA; saiba mais.\"}]},{\"@type\":\"WebSite\",\"@id\":\"https:\\\/\\\/motorista.com.br\\\/noticias\\\/#website\",\"url\":\"https:\\\/\\\/motorista.com.br\\\/noticias\\\/\",\"name\":\"Motorista.com.br\",\"description\":\"Not\u00edcia do Motorista\",\"publisher\":{\"@id\":\"https:\\\/\\\/motorista.com.br\\\/noticias\\\/#organization\"},\"potentialAction\":[{\"@type\":\"SearchAction\",\"target\":{\"@type\":\"EntryPoint\",\"urlTemplate\":\"https:\\\/\\\/motorista.com.br\\\/noticias\\\/?s={search_term_string}\"},\"query-input\":{\"@type\":\"PropertyValueSpecification\",\"valueRequired\":true,\"valueName\":\"search_term_string\"}}],\"inLanguage\":\"pt-BR\"},{\"@type\":\"Organization\",\"@id\":\"https:\\\/\\\/motorista.com.br\\\/noticias\\\/#organization\",\"name\":\"Motorista.com.br\",\"url\":\"https:\\\/\\\/motorista.com.br\\\/noticias\\\/\",\"logo\":{\"@type\":\"ImageObject\",\"inLanguage\":\"pt-BR\",\"@id\":\"https:\\\/\\\/motorista.com.br\\\/noticias\\\/#\\\/schema\\\/logo\\\/image\\\/\",\"url\":\"https:\\\/\\\/motorista.com.br\\\/noticias\\\/wp-content\\\/uploads\\\/2025\\\/06\\\/Design-sem-nome-9.png\",\"contentUrl\":\"https:\\\/\\\/motorista.com.br\\\/noticias\\\/wp-content\\\/uploads\\\/2025\\\/06\\\/Design-sem-nome-9.png\",\"width\":150,\"height\":85,\"caption\":\"Motorista.com.br\"},\"image\":{\"@id\":\"https:\\\/\\\/motorista.com.br\\\/noticias\\\/#\\\/schema\\\/logo\\\/image\\\/\"}},{\"@type\":\"Person\",\"@id\":\"https:\\\/\\\/motorista.com.br\\\/noticias\\\/#\\\/schema\\\/person\\\/dc93afc2981c0e3ce6bc3c053fd847be\",\"name\":\"Equipe Reda\u00e7\u00e3o\",\"image\":{\"@type\":\"ImageObject\",\"inLanguage\":\"pt-BR\",\"@id\":\"https:\\\/\\\/secure.gravatar.com\\\/avatar\\\/4f525efbf18dd2bb300ccad28bfb99d95a9465a5ba268407c8c37b37e1f28d2d?s=96&d=mm&r=g9e099043a0c61e9ae27e293b9fa75ffc\",\"url\":\"https:\\\/\\\/secure.gravatar.com\\\/avatar\\\/4f525efbf18dd2bb300ccad28bfb99d95a9465a5ba268407c8c37b37e1f28d2d?s=96&d=mm&r=g\",\"contentUrl\":\"https:\\\/\\\/secure.gravatar.com\\\/avatar\\\/4f525efbf18dd2bb300ccad28bfb99d95a9465a5ba268407c8c37b37e1f28d2d?s=96&d=mm&r=g\",\"caption\":\"Equipe Reda\u00e7\u00e3o\"},\"description\":\"Equipe de reda\u00e7\u00e3o \u00e9 um grupo de profissionais que trabalham juntos para criar conte\u00fado escrito para Motorista.com.br\",\"url\":\"https:\\\/\\\/motorista.com.br\\\/noticias\\\/author\\\/equiperedacao\\\/\"}]}<\/script>\n<!-- \/ Yoast SEO Premium plugin. -->","yoast_head_json":{"title":"Carro el\u00e9trico voador inicia produ\u00e7\u00e3o nos EUA; saiba mais. - Motorista.com.br","robots":{"index":"index","follow":"follow","max-snippet":"max-snippet:-1","max-image-preview":"max-image-preview:large","max-video-preview":"max-video-preview:-1"},"canonical":"https:\/\/motorista.com.br\/noticias\/2025\/12\/10\/carro-eletrico-voador-inicia-producao-nos-eua-saiba-mais\/","og_locale":"pt_BR","og_type":"article","og_title":"Carro el\u00e9trico voador inicia produ\u00e7\u00e3o nos EUA; saiba mais.","og_description":"A fic\u00e7\u00e3o cient\u00edfica est\u00e1 cada vez mais pr\u00f3xima da realidade: a startup estadunidense Alef Aeronautics deu in\u00edcio \u00e0 produ\u00e7\u00e3o de seu inovador carro voador el\u00e9trico, o Model A, na Calif\u00f3rnia (EUA). Este marco significativo na mobilidade a\u00e9rea pessoal coloca a empresa na vanguarda do transporte futurista, com as primeiras unidades destinadas a um seleto grupo &hellip;","og_url":"https:\/\/motorista.com.br\/noticias\/2025\/12\/10\/carro-eletrico-voador-inicia-producao-nos-eua-saiba-mais\/","og_site_name":"Motorista.com.br","article_published_time":"2025-12-11T02:50:13+00:00","author":"Equipe Reda\u00e7\u00e3o","twitter_card":"summary_large_image","twitter_misc":{"Escrito por":"Equipe Reda\u00e7\u00e3o","Est. tempo de leitura":"3 minutos","Written by":"Equipe Reda\u00e7\u00e3o"},"schema":{"@context":"https:\/\/schema.org","@graph":[{"@type":"Article","@id":"https:\/\/motorista.com.br\/noticias\/2025\/12\/10\/carro-eletrico-voador-inicia-producao-nos-eua-saiba-mais\/#article","isPartOf":{"@id":"https:\/\/motorista.com.br\/noticias\/2025\/12\/10\/carro-eletrico-voador-inicia-producao-nos-eua-saiba-mais\/"},"author":{"name":"Equipe Reda\u00e7\u00e3o","@id":"https:\/\/motorista.com.br\/noticias\/#\/schema\/person\/dc93afc2981c0e3ce6bc3c053fd847be"},"headline":"Carro el\u00e9trico voador inicia produ\u00e7\u00e3o nos EUA; saiba mais.","datePublished":"2025-12-11T02:50:13+00:00","mainEntityOfPage":{"@id":"https:\/\/motorista.com.br\/noticias\/2025\/12\/10\/carro-eletrico-voador-inicia-producao-nos-eua-saiba-mais\/"},"wordCount":553,"publisher":{"@id":"https:\/\/motorista.com.br\/noticias\/#organization"},"image":{"@id":"https:\/\/motorista.com.br\/noticias\/2025\/12\/10\/carro-eletrico-voador-inicia-producao-nos-eua-saiba-mais\/#primaryimage"},"thumbnailUrl":"https:\/\/motorista.com.br\/noticias\/wp-content\/uploads\/2025\/12\/carro_v.png","articleSection":["Tecnologia"],"inLanguage":"pt-BR"},{"@type":"WebPage","@id":"https:\/\/motorista.com.br\/noticias\/2025\/12\/10\/carro-eletrico-voador-inicia-producao-nos-eua-saiba-mais\/","url":"https:\/\/motorista.com.br\/noticias\/2025\/12\/10\/carro-eletrico-voador-inicia-producao-nos-eua-saiba-mais\/","name":"Carro el\u00e9trico voador inicia produ\u00e7\u00e3o nos EUA; saiba mais. - Motorista.com.br","isPartOf":{"@id":"https:\/\/motorista.com.br\/noticias\/#website"},"primaryImageOfPage":{"@id":"https:\/\/motorista.com.br\/noticias\/2025\/12\/10\/carro-eletrico-voador-inicia-producao-nos-eua-saiba-mais\/#primaryimage"},"image":{"@id":"https:\/\/motorista.com.br\/noticias\/2025\/12\/10\/carro-eletrico-voador-inicia-producao-nos-eua-saiba-mais\/#primaryimage"},"thumbnailUrl":"https:\/\/motorista.com.br\/noticias\/wp-content\/uploads\/2025\/12\/carro_v.png","datePublished":"2025-12-11T02:50:13+00:00","breadcrumb":{"@id":"https:\/\/motorista.com.br\/noticias\/2025\/12\/10\/carro-eletrico-voador-inicia-producao-nos-eua-saiba-mais\/#breadcrumb"},"inLanguage":"pt-BR","potentialAction":[{"@type":"ReadAction","target":["https:\/\/motorista.com.br\/noticias\/2025\/12\/10\/carro-eletrico-voador-inicia-producao-nos-eua-saiba-mais\/"]}]},{"@type":"ImageObject","inLanguage":"pt-BR","@id":"https:\/\/motorista.com.br\/noticias\/2025\/12\/10\/carro-eletrico-voador-inicia-producao-nos-eua-saiba-mais\/#primaryimage","url":"https:\/\/motorista.com.br\/noticias\/wp-content\/uploads\/2025\/12\/carro_v.png","contentUrl":"https:\/\/motorista.com.br\/noticias\/wp-content\/uploads\/2025\/12\/carro_v.png","width":2000,"height":1125},{"@type":"BreadcrumbList","@id":"https:\/\/motorista.com.br\/noticias\/2025\/12\/10\/carro-eletrico-voador-inicia-producao-nos-eua-saiba-mais\/#breadcrumb","itemListElement":[{"@type":"ListItem","position":1,"name":"In\u00edcio","item":"https:\/\/motorista.com.br\/noticias\/"},{"@type":"ListItem","position":2,"name":"Carro el\u00e9trico voador inicia produ\u00e7\u00e3o nos EUA; saiba mais."}]},{"@type":"WebSite","@id":"https:\/\/motorista.com.br\/noticias\/#website","url":"https:\/\/motorista.com.br\/noticias\/","name":"Motorista.com.br","description":"Not\u00edcia do Motorista","publisher":{"@id":"https:\/\/motorista.com.br\/noticias\/#organization"},"potentialAction":[{"@type":"SearchAction","target":{"@type":"EntryPoint","urlTemplate":"https:\/\/motorista.com.br\/noticias\/?s={search_term_string}"},"query-input":{"@type":"PropertyValueSpecification","valueRequired":true,"valueName":"search_term_string"}}],"inLanguage":"pt-BR"},{"@type":"Organization","@id":"https:\/\/motorista.com.br\/noticias\/#organization","name":"Motorista.com.br","url":"https:\/\/motorista.com.br\/noticias\/","logo":{"@type":"ImageObject","inLanguage":"pt-BR","@id":"https:\/\/motorista.com.br\/noticias\/#\/schema\/logo\/image\/","url":"https:\/\/motorista.com.br\/noticias\/wp-content\/uploads\/2025\/06\/Design-sem-nome-9.png","contentUrl":"https:\/\/motorista.com.br\/noticias\/wp-content\/uploads\/2025\/06\/Design-sem-nome-9.png","width":150,"height":85,"caption":"Motorista.com.br"},"image":{"@id":"https:\/\/motorista.com.br\/noticias\/#\/schema\/logo\/image\/"}},{"@type":"Person","@id":"https:\/\/motorista.com.br\/noticias\/#\/schema\/person\/dc93afc2981c0e3ce6bc3c053fd847be","name":"Equipe Reda\u00e7\u00e3o","image":{"@type":"ImageObject","inLanguage":"pt-BR","@id":"https:\/\/secure.gravatar.com\/avatar\/4f525efbf18dd2bb300ccad28bfb99d95a9465a5ba268407c8c37b37e1f28d2d?s=96&d=mm&r=g9e099043a0c61e9ae27e293b9fa75ffc","url":"https:\/\/secure.gravatar.com\/avatar\/4f525efbf18dd2bb300ccad28bfb99d95a9465a5ba268407c8c37b37e1f28d2d?s=96&d=mm&r=g","contentUrl":"https:\/\/secure.gravatar.com\/avatar\/4f525efbf18dd2bb300ccad28bfb99d95a9465a5ba268407c8c37b37e1f28d2d?s=96&d=mm&r=g","caption":"Equipe Reda\u00e7\u00e3o"},"description":"Equipe de reda\u00e7\u00e3o \u00e9 um grupo de profissionais que trabalham juntos para criar conte\u00fado escrito para Motorista.com.br","url":"https:\/\/motorista.com.br\/noticias\/author\/equiperedacao\/"}]}},"_links":{"self":[{"href":"https:\/\/motorista.com.br\/noticias\/wp-json\/wp\/v2\/posts\/5100","targetHints":{"allow":["GET"]}}],"collection":[{"href":"https:\/\/motorista.com.br\/noticias\/wp-json\/wp\/v2\/posts"}],"about":[{"href":"https:\/\/motorista.com.br\/noticias\/wp-json\/wp\/v2\/types\/post"}],"author":[{"embeddable":true,"href":"https:\/\/motorista.com.br\/noticias\/wp-json\/wp\/v2\/users\/4"}],"replies":[{"embeddable":true,"href":"https:\/\/motorista.com.br\/noticias\/wp-json\/wp\/v2\/comments?post=5100"}],"version-history":[{"count":0,"href":"https:\/\/motorista.com.br\/noticias\/wp-json\/wp\/v2\/posts\/5100\/revisions"}],"wp:featuredmedia":[{"embeddable":true,"href":"https:\/\/motorista.com.br\/noticias\/wp-json\/wp\/v2\/media\/5101"}],"wp:attachment":[{"href":"https:\/\/motorista.com.br\/noticias\/wp-json\/wp\/v2\/media?parent=5100"}],"wp:term":[{"taxonomy":"category","embeddable":true,"href":"https:\/\/motorista.com.br\/noticias\/wp-json\/wp\/v2\/categories?post=5100"},{"taxonomy":"post_tag","embeddable":true,"href":"https:\/\/motorista.com.br\/noticias\/wp-json\/wp\/v2\/tags?post=5100"},{"taxonomy":"author","embeddable":true,"href":"https:\/\/motorista.com.br\/noticias\/wp-json\/wp\/v2\/coauthors?post=5100"}],"curies":[{"name":"wp","href":"https:\/\/api.w.org\/{rel}","templated":true}]}}