{"id":5099,"date":"2025-12-10T23:25:16","date_gmt":"2025-12-11T02:25:16","guid":{"rendered":"https:\/\/motorista.com.br\/noticias\/2025\/12\/10\/copom-adia-cortes-na-selic-para-marco-diz-estrategista-da-empiricus\/"},"modified":"2025-12-10T23:25:16","modified_gmt":"2025-12-11T02:25:16","slug":"copom-adia-cortes-na-selic-para-marco-diz-estrategista-da-empiricus","status":"publish","type":"post","link":"https:\/\/motorista.com.br\/noticias\/2025\/12\/10\/copom-adia-cortes-na-selic-para-marco-diz-estrategista-da-empiricus\/","title":{"rendered":"Copom adia cortes na Selic para mar\u00e7o, diz estrategista da Empiricus"},"content":{"rendered":"<p><\/p>\n<p><strong>Comunicado do Copom &#8216;Empurra&#8217; In\u00edcio dos Cortes na Selic para Mar\u00e7o<\/strong><\/p>\n<p>O Comit\u00ea de Pol\u00edtica Monet\u00e1ria (Copom) decidiu manter a taxa Selic em 15% ao ano, um patamar que n\u00e3o \u00e9 visto desde 2006. Essa decis\u00e3o, un\u00e2nime, reflete um cen\u00e1rio econ\u00f4mico desafiador, com a manuten\u00e7\u00e3o do tom &quot;hawkish&quot; que j\u00e1 caracterizava as \u00faltimas reuni\u00f5es. Para Matheus Spiess, estrategista da Empiricus, a preocupa\u00e7\u00e3o com a infla\u00e7\u00e3o persiste, e n\u00e3o houve sinais de flexibiliza\u00e7\u00e3o nas pol\u00edticas monet\u00e1rias, mesmo diante da desacelera\u00e7\u00e3o econ\u00f4mica.<\/p>\n<p>Recentemente, o Produto Interno Bruto (PIB) apresentou um crescimento de apenas 0,1% no terceiro trimestre, indicando uma gradual diminui\u00e7\u00e3o da atividade econ\u00f4mica, o que era esperado em tempos de juros altos. Embora a inten\u00e7\u00e3o do Copom seja controlar a infla\u00e7\u00e3o, os juros elevados n\u00e3o t\u00eam surtido o efeito desejado na desacelera\u00e7\u00e3o da economia. Spiess destaca que fatores, como as pol\u00edticas antic\u00edclicas do governo, reduziram a efic\u00e1cia das medidas adotadas pelo Banco Central.<\/p>\n<p>Al\u00e9m disso, a situa\u00e7\u00e3o fiscal do pa\u00eds mostra-se como um dos principais motivos para a alta dos juros, resultando em um &quot;trip\u00e9 econ\u00f4mico&quot; desequilibrado, onde a pol\u00edtica monet\u00e1ria precisa compensar a falta de uma \u00e2ncora fiscal s\u00f3lida. Assim, os motoristas e a popula\u00e7\u00e3o em geral sentem o impacto dessas decis\u00f5es no dia a dia, uma vez que a dificuldade de financiar a compra de ve\u00edculos e o aumento nos custos de manuten\u00e7\u00e3o podem se refletir em um aumento no pre\u00e7o dos combust\u00edveis e nas tarifas de transporte.<\/p>\n<p>Com a previs\u00e3o de que o ciclo de cortes s\u00f3 comece em mar\u00e7o de 2026, os motoristas devem estar atentos \u00e0s mudan\u00e7as nas condi\u00e7\u00f5es econ\u00f4micas e de consumo. A expectativa \u00e9 que o Copom sinalize com anteced\u00eancia qualquer mudan\u00e7a na pol\u00edtica de juros, evitando um &quot;cavalo de pau&quot; que poderia surpreender o mercado e a sociedade.<\/p>\n<p>A forma como o Copom lida com essa situa\u00e7\u00e3o pode influenciar n\u00e3o apenas a confian\u00e7a do consumidor, mas tamb\u00e9m o pre\u00e7o dos produtos e servi\u00e7os relacionados \u00e0 mobilidade. A continuidade dos altos juros pode levar a um aumento na inadimpl\u00eancia entre os motoristas, prejudicando a mobilidade urbana e dificultando o acesso a servi\u00e7os essenciais.<\/p>\n<p>Assim, o acompanhamento das decis\u00f5es do Copom e suas implica\u00e7\u00f5es \u00e9 fundamental para compreender a din\u00e2mica econ\u00f4mica e seus reflexos na mobilidade da popula\u00e7\u00e3o. Essa comunica\u00e7\u00e3o clara e proativa da parte do Banco Central ser\u00e1 crucial para garantir que motoristas e cidad\u00e3os em geral tenham a oportunidade de se adaptar a um cen\u00e1rio em evolu\u00e7\u00e3o.<\/p>\n<p>Fonte: Money Times<\/p>\n","protected":false},"excerpt":{"rendered":"<p>Comunicado do Copom &#8216;Empurra&#8217; In\u00edcio dos Cortes na Selic para Mar\u00e7o O Comit\u00ea de Pol\u00edtica Monet\u00e1ria (Copom) decidiu manter a taxa Selic em 15% ao ano, um patamar que n\u00e3o \u00e9 visto desde 2006. Essa decis\u00e3o, un\u00e2nime, reflete um cen\u00e1rio econ\u00f4mico desafiador, com a manuten\u00e7\u00e3o do tom &quot;hawkish&quot; que j\u00e1 caracterizava as \u00faltimas reuni\u00f5es. Para &hellip;<\/p>\n","protected":false},"author":4,"featured_media":5088,"comment_status":"","ping_status":"open","sticky":false,"template":"","format":"standard","meta":{"footnotes":""},"categories":[61],"tags":[],"coauthors":[42],"class_list":["post-5099","post","type-post","status-publish","format-standard","has-post-thumbnail","hentry","category-mercado-financeiro"],"yoast_head":"<!-- This site is optimized with the Yoast SEO Premium plugin v25.5 (Yoast SEO v27.4) - https:\/\/yoast.com\/product\/yoast-seo-premium-wordpress\/ -->\n<title>Copom adia cortes na Selic para mar\u00e7o, diz estrategista da Empiricus - Motorista.com.br<\/title>\n<meta name=\"robots\" content=\"index, follow, max-snippet:-1, max-image-preview:large, max-video-preview:-1\" \/>\n<link rel=\"canonical\" href=\"https:\/\/motorista.com.br\/noticias\/2025\/12\/10\/copom-adia-cortes-na-selic-para-marco-diz-estrategista-da-empiricus\/\" \/>\n<meta property=\"og:locale\" content=\"pt_BR\" \/>\n<meta property=\"og:type\" content=\"article\" \/>\n<meta property=\"og:title\" content=\"Copom adia cortes na Selic para mar\u00e7o, diz estrategista da Empiricus\" \/>\n<meta property=\"og:description\" content=\"Comunicado do Copom &#8216;Empurra&#8217; In\u00edcio dos Cortes na Selic para Mar\u00e7o O Comit\u00ea de Pol\u00edtica Monet\u00e1ria (Copom) decidiu manter a taxa Selic em 15% ao ano, um patamar que n\u00e3o \u00e9 visto desde 2006. Essa decis\u00e3o, un\u00e2nime, reflete um cen\u00e1rio econ\u00f4mico desafiador, com a manuten\u00e7\u00e3o do tom &quot;hawkish&quot; que j\u00e1 caracterizava as \u00faltimas reuni\u00f5es. Para &hellip;\" \/>\n<meta property=\"og:url\" content=\"https:\/\/motorista.com.br\/noticias\/2025\/12\/10\/copom-adia-cortes-na-selic-para-marco-diz-estrategista-da-empiricus\/\" \/>\n<meta property=\"og:site_name\" content=\"Motorista.com.br\" \/>\n<meta property=\"article:published_time\" content=\"2025-12-11T02:25:16+00:00\" \/>\n<meta name=\"author\" content=\"Equipe Reda\u00e7\u00e3o\" \/>\n<meta name=\"twitter:card\" content=\"summary_large_image\" \/>\n<meta name=\"twitter:label1\" content=\"Escrito por\" \/>\n\t<meta name=\"twitter:data1\" content=\"Equipe Reda\u00e7\u00e3o\" \/>\n\t<meta name=\"twitter:label2\" content=\"Est. tempo de leitura\" \/>\n\t<meta name=\"twitter:data2\" content=\"2 minutos\" \/>\n\t<meta name=\"twitter:label3\" content=\"Written by\" \/>\n\t<meta name=\"twitter:data3\" content=\"Equipe Reda\u00e7\u00e3o\" \/>\n<script type=\"application\/ld+json\" class=\"yoast-schema-graph\">{\"@context\":\"https:\\\/\\\/schema.org\",\"@graph\":[{\"@type\":\"Article\",\"@id\":\"https:\\\/\\\/motorista.com.br\\\/noticias\\\/2025\\\/12\\\/10\\\/copom-adia-cortes-na-selic-para-marco-diz-estrategista-da-empiricus\\\/#article\",\"isPartOf\":{\"@id\":\"https:\\\/\\\/motorista.com.br\\\/noticias\\\/2025\\\/12\\\/10\\\/copom-adia-cortes-na-selic-para-marco-diz-estrategista-da-empiricus\\\/\"},\"author\":{\"name\":\"Equipe Reda\u00e7\u00e3o\",\"@id\":\"https:\\\/\\\/motorista.com.br\\\/noticias\\\/#\\\/schema\\\/person\\\/dc93afc2981c0e3ce6bc3c053fd847be\"},\"headline\":\"Copom adia cortes na Selic para mar\u00e7o, diz estrategista da Empiricus\",\"datePublished\":\"2025-12-11T02:25:16+00:00\",\"mainEntityOfPage\":{\"@id\":\"https:\\\/\\\/motorista.com.br\\\/noticias\\\/2025\\\/12\\\/10\\\/copom-adia-cortes-na-selic-para-marco-diz-estrategista-da-empiricus\\\/\"},\"wordCount\":484,\"publisher\":{\"@id\":\"https:\\\/\\\/motorista.com.br\\\/noticias\\\/#organization\"},\"image\":{\"@id\":\"https:\\\/\\\/motorista.com.br\\\/noticias\\\/2025\\\/12\\\/10\\\/copom-adia-cortes-na-selic-para-marco-diz-estrategista-da-empiricus\\\/#primaryimage\"},\"thumbnailUrl\":\"https:\\\/\\\/motorista.com.br\\\/noticias\\\/wp-content\\\/uploads\\\/2025\\\/12\\\/selic-juros.jpg\",\"articleSection\":[\"Mercado Financeiro\"],\"inLanguage\":\"pt-BR\"},{\"@type\":\"WebPage\",\"@id\":\"https:\\\/\\\/motorista.com.br\\\/noticias\\\/2025\\\/12\\\/10\\\/copom-adia-cortes-na-selic-para-marco-diz-estrategista-da-empiricus\\\/\",\"url\":\"https:\\\/\\\/motorista.com.br\\\/noticias\\\/2025\\\/12\\\/10\\\/copom-adia-cortes-na-selic-para-marco-diz-estrategista-da-empiricus\\\/\",\"name\":\"Copom adia cortes na Selic para mar\u00e7o, diz estrategista da Empiricus - Motorista.com.br\",\"isPartOf\":{\"@id\":\"https:\\\/\\\/motorista.com.br\\\/noticias\\\/#website\"},\"primaryImageOfPage\":{\"@id\":\"https:\\\/\\\/motorista.com.br\\\/noticias\\\/2025\\\/12\\\/10\\\/copom-adia-cortes-na-selic-para-marco-diz-estrategista-da-empiricus\\\/#primaryimage\"},\"image\":{\"@id\":\"https:\\\/\\\/motorista.com.br\\\/noticias\\\/2025\\\/12\\\/10\\\/copom-adia-cortes-na-selic-para-marco-diz-estrategista-da-empiricus\\\/#primaryimage\"},\"thumbnailUrl\":\"https:\\\/\\\/motorista.com.br\\\/noticias\\\/wp-content\\\/uploads\\\/2025\\\/12\\\/selic-juros.jpg\",\"datePublished\":\"2025-12-11T02:25:16+00:00\",\"breadcrumb\":{\"@id\":\"https:\\\/\\\/motorista.com.br\\\/noticias\\\/2025\\\/12\\\/10\\\/copom-adia-cortes-na-selic-para-marco-diz-estrategista-da-empiricus\\\/#breadcrumb\"},\"inLanguage\":\"pt-BR\",\"potentialAction\":[{\"@type\":\"ReadAction\",\"target\":[\"https:\\\/\\\/motorista.com.br\\\/noticias\\\/2025\\\/12\\\/10\\\/copom-adia-cortes-na-selic-para-marco-diz-estrategista-da-empiricus\\\/\"]}]},{\"@type\":\"ImageObject\",\"inLanguage\":\"pt-BR\",\"@id\":\"https:\\\/\\\/motorista.com.br\\\/noticias\\\/2025\\\/12\\\/10\\\/copom-adia-cortes-na-selic-para-marco-diz-estrategista-da-empiricus\\\/#primaryimage\",\"url\":\"https:\\\/\\\/motorista.com.br\\\/noticias\\\/wp-content\\\/uploads\\\/2025\\\/12\\\/selic-juros.jpg\",\"contentUrl\":\"https:\\\/\\\/motorista.com.br\\\/noticias\\\/wp-content\\\/uploads\\\/2025\\\/12\\\/selic-juros.jpg\",\"width\":1280,\"height\":680},{\"@type\":\"BreadcrumbList\",\"@id\":\"https:\\\/\\\/motorista.com.br\\\/noticias\\\/2025\\\/12\\\/10\\\/copom-adia-cortes-na-selic-para-marco-diz-estrategista-da-empiricus\\\/#breadcrumb\",\"itemListElement\":[{\"@type\":\"ListItem\",\"position\":1,\"name\":\"In\u00edcio\",\"item\":\"https:\\\/\\\/motorista.com.br\\\/noticias\\\/\"},{\"@type\":\"ListItem\",\"position\":2,\"name\":\"Copom adia cortes na Selic para mar\u00e7o, diz estrategista da Empiricus\"}]},{\"@type\":\"WebSite\",\"@id\":\"https:\\\/\\\/motorista.com.br\\\/noticias\\\/#website\",\"url\":\"https:\\\/\\\/motorista.com.br\\\/noticias\\\/\",\"name\":\"Motorista.com.br\",\"description\":\"Not\u00edcia do Motorista\",\"publisher\":{\"@id\":\"https:\\\/\\\/motorista.com.br\\\/noticias\\\/#organization\"},\"potentialAction\":[{\"@type\":\"SearchAction\",\"target\":{\"@type\":\"EntryPoint\",\"urlTemplate\":\"https:\\\/\\\/motorista.com.br\\\/noticias\\\/?s={search_term_string}\"},\"query-input\":{\"@type\":\"PropertyValueSpecification\",\"valueRequired\":true,\"valueName\":\"search_term_string\"}}],\"inLanguage\":\"pt-BR\"},{\"@type\":\"Organization\",\"@id\":\"https:\\\/\\\/motorista.com.br\\\/noticias\\\/#organization\",\"name\":\"Motorista.com.br\",\"url\":\"https:\\\/\\\/motorista.com.br\\\/noticias\\\/\",\"logo\":{\"@type\":\"ImageObject\",\"inLanguage\":\"pt-BR\",\"@id\":\"https:\\\/\\\/motorista.com.br\\\/noticias\\\/#\\\/schema\\\/logo\\\/image\\\/\",\"url\":\"https:\\\/\\\/motorista.com.br\\\/noticias\\\/wp-content\\\/uploads\\\/2025\\\/06\\\/Design-sem-nome-9.png\",\"contentUrl\":\"https:\\\/\\\/motorista.com.br\\\/noticias\\\/wp-content\\\/uploads\\\/2025\\\/06\\\/Design-sem-nome-9.png\",\"width\":150,\"height\":85,\"caption\":\"Motorista.com.br\"},\"image\":{\"@id\":\"https:\\\/\\\/motorista.com.br\\\/noticias\\\/#\\\/schema\\\/logo\\\/image\\\/\"}},{\"@type\":\"Person\",\"@id\":\"https:\\\/\\\/motorista.com.br\\\/noticias\\\/#\\\/schema\\\/person\\\/dc93afc2981c0e3ce6bc3c053fd847be\",\"name\":\"Equipe Reda\u00e7\u00e3o\",\"image\":{\"@type\":\"ImageObject\",\"inLanguage\":\"pt-BR\",\"@id\":\"https:\\\/\\\/secure.gravatar.com\\\/avatar\\\/4f525efbf18dd2bb300ccad28bfb99d95a9465a5ba268407c8c37b37e1f28d2d?s=96&d=mm&r=g9e099043a0c61e9ae27e293b9fa75ffc\",\"url\":\"https:\\\/\\\/secure.gravatar.com\\\/avatar\\\/4f525efbf18dd2bb300ccad28bfb99d95a9465a5ba268407c8c37b37e1f28d2d?s=96&d=mm&r=g\",\"contentUrl\":\"https:\\\/\\\/secure.gravatar.com\\\/avatar\\\/4f525efbf18dd2bb300ccad28bfb99d95a9465a5ba268407c8c37b37e1f28d2d?s=96&d=mm&r=g\",\"caption\":\"Equipe Reda\u00e7\u00e3o\"},\"description\":\"Equipe de reda\u00e7\u00e3o \u00e9 um grupo de profissionais que trabalham juntos para criar conte\u00fado escrito para Motorista.com.br\",\"url\":\"https:\\\/\\\/motorista.com.br\\\/noticias\\\/author\\\/equiperedacao\\\/\"}]}<\/script>\n<!-- \/ Yoast SEO Premium plugin. -->","yoast_head_json":{"title":"Copom adia cortes na Selic para mar\u00e7o, diz estrategista da Empiricus - Motorista.com.br","robots":{"index":"index","follow":"follow","max-snippet":"max-snippet:-1","max-image-preview":"max-image-preview:large","max-video-preview":"max-video-preview:-1"},"canonical":"https:\/\/motorista.com.br\/noticias\/2025\/12\/10\/copom-adia-cortes-na-selic-para-marco-diz-estrategista-da-empiricus\/","og_locale":"pt_BR","og_type":"article","og_title":"Copom adia cortes na Selic para mar\u00e7o, diz estrategista da Empiricus","og_description":"Comunicado do Copom &#8216;Empurra&#8217; In\u00edcio dos Cortes na Selic para Mar\u00e7o O Comit\u00ea de Pol\u00edtica Monet\u00e1ria (Copom) decidiu manter a taxa Selic em 15% ao ano, um patamar que n\u00e3o \u00e9 visto desde 2006. Essa decis\u00e3o, un\u00e2nime, reflete um cen\u00e1rio econ\u00f4mico desafiador, com a manuten\u00e7\u00e3o do tom &quot;hawkish&quot; que j\u00e1 caracterizava as \u00faltimas reuni\u00f5es. Para &hellip;","og_url":"https:\/\/motorista.com.br\/noticias\/2025\/12\/10\/copom-adia-cortes-na-selic-para-marco-diz-estrategista-da-empiricus\/","og_site_name":"Motorista.com.br","article_published_time":"2025-12-11T02:25:16+00:00","author":"Equipe Reda\u00e7\u00e3o","twitter_card":"summary_large_image","twitter_misc":{"Escrito por":"Equipe Reda\u00e7\u00e3o","Est. tempo de leitura":"2 minutos","Written by":"Equipe Reda\u00e7\u00e3o"},"schema":{"@context":"https:\/\/schema.org","@graph":[{"@type":"Article","@id":"https:\/\/motorista.com.br\/noticias\/2025\/12\/10\/copom-adia-cortes-na-selic-para-marco-diz-estrategista-da-empiricus\/#article","isPartOf":{"@id":"https:\/\/motorista.com.br\/noticias\/2025\/12\/10\/copom-adia-cortes-na-selic-para-marco-diz-estrategista-da-empiricus\/"},"author":{"name":"Equipe Reda\u00e7\u00e3o","@id":"https:\/\/motorista.com.br\/noticias\/#\/schema\/person\/dc93afc2981c0e3ce6bc3c053fd847be"},"headline":"Copom adia cortes na Selic para mar\u00e7o, diz estrategista da Empiricus","datePublished":"2025-12-11T02:25:16+00:00","mainEntityOfPage":{"@id":"https:\/\/motorista.com.br\/noticias\/2025\/12\/10\/copom-adia-cortes-na-selic-para-marco-diz-estrategista-da-empiricus\/"},"wordCount":484,"publisher":{"@id":"https:\/\/motorista.com.br\/noticias\/#organization"},"image":{"@id":"https:\/\/motorista.com.br\/noticias\/2025\/12\/10\/copom-adia-cortes-na-selic-para-marco-diz-estrategista-da-empiricus\/#primaryimage"},"thumbnailUrl":"https:\/\/motorista.com.br\/noticias\/wp-content\/uploads\/2025\/12\/selic-juros.jpg","articleSection":["Mercado Financeiro"],"inLanguage":"pt-BR"},{"@type":"WebPage","@id":"https:\/\/motorista.com.br\/noticias\/2025\/12\/10\/copom-adia-cortes-na-selic-para-marco-diz-estrategista-da-empiricus\/","url":"https:\/\/motorista.com.br\/noticias\/2025\/12\/10\/copom-adia-cortes-na-selic-para-marco-diz-estrategista-da-empiricus\/","name":"Copom adia cortes na Selic para mar\u00e7o, diz estrategista da Empiricus - Motorista.com.br","isPartOf":{"@id":"https:\/\/motorista.com.br\/noticias\/#website"},"primaryImageOfPage":{"@id":"https:\/\/motorista.com.br\/noticias\/2025\/12\/10\/copom-adia-cortes-na-selic-para-marco-diz-estrategista-da-empiricus\/#primaryimage"},"image":{"@id":"https:\/\/motorista.com.br\/noticias\/2025\/12\/10\/copom-adia-cortes-na-selic-para-marco-diz-estrategista-da-empiricus\/#primaryimage"},"thumbnailUrl":"https:\/\/motorista.com.br\/noticias\/wp-content\/uploads\/2025\/12\/selic-juros.jpg","datePublished":"2025-12-11T02:25:16+00:00","breadcrumb":{"@id":"https:\/\/motorista.com.br\/noticias\/2025\/12\/10\/copom-adia-cortes-na-selic-para-marco-diz-estrategista-da-empiricus\/#breadcrumb"},"inLanguage":"pt-BR","potentialAction":[{"@type":"ReadAction","target":["https:\/\/motorista.com.br\/noticias\/2025\/12\/10\/copom-adia-cortes-na-selic-para-marco-diz-estrategista-da-empiricus\/"]}]},{"@type":"ImageObject","inLanguage":"pt-BR","@id":"https:\/\/motorista.com.br\/noticias\/2025\/12\/10\/copom-adia-cortes-na-selic-para-marco-diz-estrategista-da-empiricus\/#primaryimage","url":"https:\/\/motorista.com.br\/noticias\/wp-content\/uploads\/2025\/12\/selic-juros.jpg","contentUrl":"https:\/\/motorista.com.br\/noticias\/wp-content\/uploads\/2025\/12\/selic-juros.jpg","width":1280,"height":680},{"@type":"BreadcrumbList","@id":"https:\/\/motorista.com.br\/noticias\/2025\/12\/10\/copom-adia-cortes-na-selic-para-marco-diz-estrategista-da-empiricus\/#breadcrumb","itemListElement":[{"@type":"ListItem","position":1,"name":"In\u00edcio","item":"https:\/\/motorista.com.br\/noticias\/"},{"@type":"ListItem","position":2,"name":"Copom adia cortes na Selic para mar\u00e7o, diz estrategista da Empiricus"}]},{"@type":"WebSite","@id":"https:\/\/motorista.com.br\/noticias\/#website","url":"https:\/\/motorista.com.br\/noticias\/","name":"Motorista.com.br","description":"Not\u00edcia do Motorista","publisher":{"@id":"https:\/\/motorista.com.br\/noticias\/#organization"},"potentialAction":[{"@type":"SearchAction","target":{"@type":"EntryPoint","urlTemplate":"https:\/\/motorista.com.br\/noticias\/?s={search_term_string}"},"query-input":{"@type":"PropertyValueSpecification","valueRequired":true,"valueName":"search_term_string"}}],"inLanguage":"pt-BR"},{"@type":"Organization","@id":"https:\/\/motorista.com.br\/noticias\/#organization","name":"Motorista.com.br","url":"https:\/\/motorista.com.br\/noticias\/","logo":{"@type":"ImageObject","inLanguage":"pt-BR","@id":"https:\/\/motorista.com.br\/noticias\/#\/schema\/logo\/image\/","url":"https:\/\/motorista.com.br\/noticias\/wp-content\/uploads\/2025\/06\/Design-sem-nome-9.png","contentUrl":"https:\/\/motorista.com.br\/noticias\/wp-content\/uploads\/2025\/06\/Design-sem-nome-9.png","width":150,"height":85,"caption":"Motorista.com.br"},"image":{"@id":"https:\/\/motorista.com.br\/noticias\/#\/schema\/logo\/image\/"}},{"@type":"Person","@id":"https:\/\/motorista.com.br\/noticias\/#\/schema\/person\/dc93afc2981c0e3ce6bc3c053fd847be","name":"Equipe Reda\u00e7\u00e3o","image":{"@type":"ImageObject","inLanguage":"pt-BR","@id":"https:\/\/secure.gravatar.com\/avatar\/4f525efbf18dd2bb300ccad28bfb99d95a9465a5ba268407c8c37b37e1f28d2d?s=96&d=mm&r=g9e099043a0c61e9ae27e293b9fa75ffc","url":"https:\/\/secure.gravatar.com\/avatar\/4f525efbf18dd2bb300ccad28bfb99d95a9465a5ba268407c8c37b37e1f28d2d?s=96&d=mm&r=g","contentUrl":"https:\/\/secure.gravatar.com\/avatar\/4f525efbf18dd2bb300ccad28bfb99d95a9465a5ba268407c8c37b37e1f28d2d?s=96&d=mm&r=g","caption":"Equipe Reda\u00e7\u00e3o"},"description":"Equipe de reda\u00e7\u00e3o \u00e9 um grupo de profissionais que trabalham juntos para criar conte\u00fado escrito para Motorista.com.br","url":"https:\/\/motorista.com.br\/noticias\/author\/equiperedacao\/"}]}},"_links":{"self":[{"href":"https:\/\/motorista.com.br\/noticias\/wp-json\/wp\/v2\/posts\/5099","targetHints":{"allow":["GET"]}}],"collection":[{"href":"https:\/\/motorista.com.br\/noticias\/wp-json\/wp\/v2\/posts"}],"about":[{"href":"https:\/\/motorista.com.br\/noticias\/wp-json\/wp\/v2\/types\/post"}],"author":[{"embeddable":true,"href":"https:\/\/motorista.com.br\/noticias\/wp-json\/wp\/v2\/users\/4"}],"replies":[{"embeddable":true,"href":"https:\/\/motorista.com.br\/noticias\/wp-json\/wp\/v2\/comments?post=5099"}],"version-history":[{"count":0,"href":"https:\/\/motorista.com.br\/noticias\/wp-json\/wp\/v2\/posts\/5099\/revisions"}],"wp:featuredmedia":[{"embeddable":true,"href":"https:\/\/motorista.com.br\/noticias\/wp-json\/wp\/v2\/media\/5088"}],"wp:attachment":[{"href":"https:\/\/motorista.com.br\/noticias\/wp-json\/wp\/v2\/media?parent=5099"}],"wp:term":[{"taxonomy":"category","embeddable":true,"href":"https:\/\/motorista.com.br\/noticias\/wp-json\/wp\/v2\/categories?post=5099"},{"taxonomy":"post_tag","embeddable":true,"href":"https:\/\/motorista.com.br\/noticias\/wp-json\/wp\/v2\/tags?post=5099"},{"taxonomy":"author","embeddable":true,"href":"https:\/\/motorista.com.br\/noticias\/wp-json\/wp\/v2\/coauthors?post=5099"}],"curies":[{"name":"wp","href":"https:\/\/api.w.org\/{rel}","templated":true}]}}