{"id":5091,"date":"2025-12-10T17:32:58","date_gmt":"2025-12-10T20:32:58","guid":{"rendered":"https:\/\/motorista.com.br\/noticias\/2025\/12\/10\/ibl-destaca-a-valorizacao-do-tcu-as-prerrogativas-do-mpor-e-da-antaq-no-caso-sts-10\/"},"modified":"2025-12-10T17:32:58","modified_gmt":"2025-12-10T20:32:58","slug":"ibl-destaca-a-valorizacao-do-tcu-as-prerrogativas-do-mpor-e-da-antaq-no-caso-sts-10","status":"publish","type":"post","link":"https:\/\/motorista.com.br\/noticias\/2025\/12\/10\/ibl-destaca-a-valorizacao-do-tcu-as-prerrogativas-do-mpor-e-da-antaq-no-caso-sts-10\/","title":{"rendered":"IBL destaca a valoriza\u00e7\u00e3o do TCU \u00e0s prerrogativas do MPOR e da Antaq no caso STS-10"},"content":{"rendered":"<p><\/p>\n<h3>IBL Elogia Respeito do TCU \u00e0s Prerrogativas do MPOR e da Antaq no Caso STS-10 (Tecon 10)<\/h3>\n<p>O Instituto Brasil Log\u00edstica (IBL) destaca a import\u00e2ncia do respeito do Tribunal de Contas da Uni\u00e3o (TCU) \u00e0s prerrogativas do Minist\u00e9rio P\u00fablico de Contas (MPC) e da Ag\u00eancia Nacional de Transportes Aquavi\u00e1rios (Antaq) no recente caso STS-10, relacionado ao terminal portu\u00e1rio Tecon 10. Essa valoriza\u00e7\u00e3o n\u00e3o apenas refor\u00e7a a governan\u00e7a e a legalidade nas opera\u00e7\u00f5es de transporte, mas tamb\u00e9m tem implica\u00e7\u00f5es diretas para motoristas e a mobilidade em geral.<\/p>\n<h3>Impactos na Mobilidade e no Setor de Transportes<\/h3>\n<ol>\n<li>\n<p><strong>Transpar\u00eancia e Confian\u00e7a<\/strong>: O respeito \u00e0s prerrogativas das institui\u00e7\u00f5es enfatiza a necessidade de transpar\u00eancia nas opera\u00e7\u00f5es portu\u00e1rias e de transporte. Para motoristas, isso significa que as decis\u00f5es que afetam as rotas e o com\u00e9rcio marinho s\u00e3o tomadas com supervis\u00e3o de entidades competentes, o que minimiza riscos de fraudes ou irregularidades que poderiam afetar a efici\u00eancia do transporte.<\/p>\n<\/li>\n<li>\n<p><strong>Melhoria na Infraestrutura<\/strong>: A atua\u00e7\u00e3o fiscalizadora do TCU e do MPC ajuda a assegurar que os recursos destinados aos portos sejam utilizados de forma eficiente. Para motoristas e transportadores, isso pode resultar em melhorias na infraestrutura vi\u00e1ria e portu\u00e1ria, facilitando o fluxo de mercadorias e a acessibilidade aos pontos de carregamento e descarregamento.<\/p>\n<\/li>\n<li>\n<p><strong>Regula\u00e7\u00e3o dos Processos Operacionais<\/strong>: Ao garantir que as normas sejam seguidas, o IBL contribui para um ambiente em que o transporte \u00e9 regulado de maneira justa. Para motoristas, isso significa menos complica\u00e7\u00f5es nas estradas e uma maior previsibilidade em rela\u00e7\u00e3o ao transporte de carga, melhorando a log\u00edstica geral.<\/p>\n<\/li>\n<li>\n<p><strong>Sustentabilidade e Inova\u00e7\u00e3o<\/strong>: As pr\u00e1ticas bienais promovidas pelas decis\u00f5es do TCU tamb\u00e9m podem abrir espa\u00e7o para inova\u00e7\u00f5es em sustentabilidade dentro do setor de transporte. Com o foco crescente em pr\u00e1ticas sustent\u00e1veis, motoristas podem se beneficiar de novos processos e tecnologias que n\u00e3o apenas melhoram a efici\u00eancia, mas tamb\u00e9m reduzem o impacto ambiental.<\/p>\n<\/li>\n<\/ol>\n<h3>Considera\u00e7\u00f5es Finais<\/h3>\n<p>A valoriza\u00e7\u00e3o da atua\u00e7\u00e3o de \u00f3rg\u00e3os de fiscaliza\u00e7\u00e3o pelo IBL evidencia um compromisso com a \u00e9tica e a responsabilidade nas opera\u00e7\u00f5es log\u00edsticas e portu\u00e1rias, refletindo diretamente na mobilidade geral e no cotidiano dos motoristas. Isso cria um ciclo virtuoso, onde a supervis\u00e3o e a conformidade se traduzem em benef\u00edcios pr\u00e1ticos para todos os envolvidos. <\/p>\n<p>Al\u00e9m disso, o acompanhamento por \u00f3rg\u00e3os competentes refor\u00e7a a import\u00e2ncia de uma rede de transporte mais robusta e segura, essencial para o desenvolvimento de um pa\u00eds mais eficiente e conectado.<\/p>\n<p><strong>Fonte: ibl<\/strong><\/p>\n","protected":false},"excerpt":{"rendered":"<p>IBL Elogia Respeito do TCU \u00e0s Prerrogativas do MPOR e da Antaq no Caso STS-10 (Tecon 10) O Instituto Brasil Log\u00edstica (IBL) destaca a import\u00e2ncia do respeito do Tribunal de Contas da Uni\u00e3o (TCU) \u00e0s prerrogativas do Minist\u00e9rio P\u00fablico de Contas (MPC) e da Ag\u00eancia Nacional de Transportes Aquavi\u00e1rios (Antaq) no recente caso STS-10, relacionado &hellip;<\/p>\n","protected":false},"author":4,"featured_media":5092,"comment_status":"","ping_status":"open","sticky":false,"template":"","format":"standard","meta":{"footnotes":""},"categories":[62],"tags":[],"coauthors":[42],"class_list":["post-5091","post","type-post","status-publish","format-standard","has-post-thumbnail","hentry","category-logistica"],"yoast_head":"<!-- This site is optimized with the Yoast SEO Premium plugin v25.5 (Yoast SEO v27.4) - https:\/\/yoast.com\/product\/yoast-seo-premium-wordpress\/ -->\n<title>IBL destaca a valoriza\u00e7\u00e3o do TCU \u00e0s prerrogativas do MPOR e da Antaq no caso STS-10 - Motorista.com.br<\/title>\n<meta name=\"robots\" content=\"index, follow, max-snippet:-1, max-image-preview:large, max-video-preview:-1\" \/>\n<link rel=\"canonical\" href=\"https:\/\/motorista.com.br\/noticias\/2025\/12\/10\/ibl-destaca-a-valorizacao-do-tcu-as-prerrogativas-do-mpor-e-da-antaq-no-caso-sts-10\/\" \/>\n<meta property=\"og:locale\" content=\"pt_BR\" \/>\n<meta property=\"og:type\" content=\"article\" \/>\n<meta property=\"og:title\" content=\"IBL destaca a valoriza\u00e7\u00e3o do TCU \u00e0s prerrogativas do MPOR e da Antaq no caso STS-10\" \/>\n<meta property=\"og:description\" content=\"IBL Elogia Respeito do TCU \u00e0s Prerrogativas do MPOR e da Antaq no Caso STS-10 (Tecon 10) O Instituto Brasil Log\u00edstica (IBL) destaca a import\u00e2ncia do respeito do Tribunal de Contas da Uni\u00e3o (TCU) \u00e0s prerrogativas do Minist\u00e9rio P\u00fablico de Contas (MPC) e da Ag\u00eancia Nacional de Transportes Aquavi\u00e1rios (Antaq) no recente caso STS-10, relacionado &hellip;\" \/>\n<meta property=\"og:url\" content=\"https:\/\/motorista.com.br\/noticias\/2025\/12\/10\/ibl-destaca-a-valorizacao-do-tcu-as-prerrogativas-do-mpor-e-da-antaq-no-caso-sts-10\/\" \/>\n<meta property=\"og:site_name\" content=\"Motorista.com.br\" \/>\n<meta property=\"article:published_time\" content=\"2025-12-10T20:32:58+00:00\" \/>\n<meta name=\"author\" content=\"Equipe Reda\u00e7\u00e3o\" \/>\n<meta name=\"twitter:card\" content=\"summary_large_image\" \/>\n<meta name=\"twitter:label1\" content=\"Escrito por\" \/>\n\t<meta name=\"twitter:data1\" content=\"Equipe Reda\u00e7\u00e3o\" \/>\n\t<meta name=\"twitter:label2\" content=\"Est. tempo de leitura\" \/>\n\t<meta name=\"twitter:data2\" content=\"2 minutos\" \/>\n\t<meta name=\"twitter:label3\" content=\"Written by\" \/>\n\t<meta name=\"twitter:data3\" content=\"Equipe Reda\u00e7\u00e3o\" \/>\n<script type=\"application\/ld+json\" class=\"yoast-schema-graph\">{\"@context\":\"https:\\\/\\\/schema.org\",\"@graph\":[{\"@type\":\"Article\",\"@id\":\"https:\\\/\\\/motorista.com.br\\\/noticias\\\/2025\\\/12\\\/10\\\/ibl-destaca-a-valorizacao-do-tcu-as-prerrogativas-do-mpor-e-da-antaq-no-caso-sts-10\\\/#article\",\"isPartOf\":{\"@id\":\"https:\\\/\\\/motorista.com.br\\\/noticias\\\/2025\\\/12\\\/10\\\/ibl-destaca-a-valorizacao-do-tcu-as-prerrogativas-do-mpor-e-da-antaq-no-caso-sts-10\\\/\"},\"author\":{\"name\":\"Equipe Reda\u00e7\u00e3o\",\"@id\":\"https:\\\/\\\/motorista.com.br\\\/noticias\\\/#\\\/schema\\\/person\\\/dc93afc2981c0e3ce6bc3c053fd847be\"},\"headline\":\"IBL destaca a valoriza\u00e7\u00e3o do TCU \u00e0s prerrogativas do MPOR e da Antaq no caso STS-10\",\"datePublished\":\"2025-12-10T20:32:58+00:00\",\"mainEntityOfPage\":{\"@id\":\"https:\\\/\\\/motorista.com.br\\\/noticias\\\/2025\\\/12\\\/10\\\/ibl-destaca-a-valorizacao-do-tcu-as-prerrogativas-do-mpor-e-da-antaq-no-caso-sts-10\\\/\"},\"wordCount\":466,\"publisher\":{\"@id\":\"https:\\\/\\\/motorista.com.br\\\/noticias\\\/#organization\"},\"image\":{\"@id\":\"https:\\\/\\\/motorista.com.br\\\/noticias\\\/2025\\\/12\\\/10\\\/ibl-destaca-a-valorizacao-do-tcu-as-prerrogativas-do-mpor-e-da-antaq-no-caso-sts-10\\\/#primaryimage\"},\"thumbnailUrl\":\"https:\\\/\\\/motorista.com.br\\\/noticias\\\/wp-content\\\/uploads\\\/2025\\\/12\\\/WhatsApp-Image-2025-12-10-at-10.04.48.jpeg\",\"articleSection\":[\"Log\u00edstica\"],\"inLanguage\":\"pt-BR\"},{\"@type\":\"WebPage\",\"@id\":\"https:\\\/\\\/motorista.com.br\\\/noticias\\\/2025\\\/12\\\/10\\\/ibl-destaca-a-valorizacao-do-tcu-as-prerrogativas-do-mpor-e-da-antaq-no-caso-sts-10\\\/\",\"url\":\"https:\\\/\\\/motorista.com.br\\\/noticias\\\/2025\\\/12\\\/10\\\/ibl-destaca-a-valorizacao-do-tcu-as-prerrogativas-do-mpor-e-da-antaq-no-caso-sts-10\\\/\",\"name\":\"IBL destaca a valoriza\u00e7\u00e3o do TCU \u00e0s prerrogativas do MPOR e da Antaq no caso STS-10 - Motorista.com.br\",\"isPartOf\":{\"@id\":\"https:\\\/\\\/motorista.com.br\\\/noticias\\\/#website\"},\"primaryImageOfPage\":{\"@id\":\"https:\\\/\\\/motorista.com.br\\\/noticias\\\/2025\\\/12\\\/10\\\/ibl-destaca-a-valorizacao-do-tcu-as-prerrogativas-do-mpor-e-da-antaq-no-caso-sts-10\\\/#primaryimage\"},\"image\":{\"@id\":\"https:\\\/\\\/motorista.com.br\\\/noticias\\\/2025\\\/12\\\/10\\\/ibl-destaca-a-valorizacao-do-tcu-as-prerrogativas-do-mpor-e-da-antaq-no-caso-sts-10\\\/#primaryimage\"},\"thumbnailUrl\":\"https:\\\/\\\/motorista.com.br\\\/noticias\\\/wp-content\\\/uploads\\\/2025\\\/12\\\/WhatsApp-Image-2025-12-10-at-10.04.48.jpeg\",\"datePublished\":\"2025-12-10T20:32:58+00:00\",\"breadcrumb\":{\"@id\":\"https:\\\/\\\/motorista.com.br\\\/noticias\\\/2025\\\/12\\\/10\\\/ibl-destaca-a-valorizacao-do-tcu-as-prerrogativas-do-mpor-e-da-antaq-no-caso-sts-10\\\/#breadcrumb\"},\"inLanguage\":\"pt-BR\",\"potentialAction\":[{\"@type\":\"ReadAction\",\"target\":[\"https:\\\/\\\/motorista.com.br\\\/noticias\\\/2025\\\/12\\\/10\\\/ibl-destaca-a-valorizacao-do-tcu-as-prerrogativas-do-mpor-e-da-antaq-no-caso-sts-10\\\/\"]}]},{\"@type\":\"ImageObject\",\"inLanguage\":\"pt-BR\",\"@id\":\"https:\\\/\\\/motorista.com.br\\\/noticias\\\/2025\\\/12\\\/10\\\/ibl-destaca-a-valorizacao-do-tcu-as-prerrogativas-do-mpor-e-da-antaq-no-caso-sts-10\\\/#primaryimage\",\"url\":\"https:\\\/\\\/motorista.com.br\\\/noticias\\\/wp-content\\\/uploads\\\/2025\\\/12\\\/WhatsApp-Image-2025-12-10-at-10.04.48.jpeg\",\"contentUrl\":\"https:\\\/\\\/motorista.com.br\\\/noticias\\\/wp-content\\\/uploads\\\/2025\\\/12\\\/WhatsApp-Image-2025-12-10-at-10.04.48.jpeg\",\"width\":692,\"height\":465},{\"@type\":\"BreadcrumbList\",\"@id\":\"https:\\\/\\\/motorista.com.br\\\/noticias\\\/2025\\\/12\\\/10\\\/ibl-destaca-a-valorizacao-do-tcu-as-prerrogativas-do-mpor-e-da-antaq-no-caso-sts-10\\\/#breadcrumb\",\"itemListElement\":[{\"@type\":\"ListItem\",\"position\":1,\"name\":\"In\u00edcio\",\"item\":\"https:\\\/\\\/motorista.com.br\\\/noticias\\\/\"},{\"@type\":\"ListItem\",\"position\":2,\"name\":\"IBL destaca a valoriza\u00e7\u00e3o do TCU \u00e0s prerrogativas do MPOR e da Antaq no caso STS-10\"}]},{\"@type\":\"WebSite\",\"@id\":\"https:\\\/\\\/motorista.com.br\\\/noticias\\\/#website\",\"url\":\"https:\\\/\\\/motorista.com.br\\\/noticias\\\/\",\"name\":\"Motorista.com.br\",\"description\":\"Not\u00edcia do Motorista\",\"publisher\":{\"@id\":\"https:\\\/\\\/motorista.com.br\\\/noticias\\\/#organization\"},\"potentialAction\":[{\"@type\":\"SearchAction\",\"target\":{\"@type\":\"EntryPoint\",\"urlTemplate\":\"https:\\\/\\\/motorista.com.br\\\/noticias\\\/?s={search_term_string}\"},\"query-input\":{\"@type\":\"PropertyValueSpecification\",\"valueRequired\":true,\"valueName\":\"search_term_string\"}}],\"inLanguage\":\"pt-BR\"},{\"@type\":\"Organization\",\"@id\":\"https:\\\/\\\/motorista.com.br\\\/noticias\\\/#organization\",\"name\":\"Motorista.com.br\",\"url\":\"https:\\\/\\\/motorista.com.br\\\/noticias\\\/\",\"logo\":{\"@type\":\"ImageObject\",\"inLanguage\":\"pt-BR\",\"@id\":\"https:\\\/\\\/motorista.com.br\\\/noticias\\\/#\\\/schema\\\/logo\\\/image\\\/\",\"url\":\"https:\\\/\\\/motorista.com.br\\\/noticias\\\/wp-content\\\/uploads\\\/2025\\\/06\\\/Design-sem-nome-9.png\",\"contentUrl\":\"https:\\\/\\\/motorista.com.br\\\/noticias\\\/wp-content\\\/uploads\\\/2025\\\/06\\\/Design-sem-nome-9.png\",\"width\":150,\"height\":85,\"caption\":\"Motorista.com.br\"},\"image\":{\"@id\":\"https:\\\/\\\/motorista.com.br\\\/noticias\\\/#\\\/schema\\\/logo\\\/image\\\/\"}},{\"@type\":\"Person\",\"@id\":\"https:\\\/\\\/motorista.com.br\\\/noticias\\\/#\\\/schema\\\/person\\\/dc93afc2981c0e3ce6bc3c053fd847be\",\"name\":\"Equipe Reda\u00e7\u00e3o\",\"image\":{\"@type\":\"ImageObject\",\"inLanguage\":\"pt-BR\",\"@id\":\"https:\\\/\\\/secure.gravatar.com\\\/avatar\\\/4f525efbf18dd2bb300ccad28bfb99d95a9465a5ba268407c8c37b37e1f28d2d?s=96&d=mm&r=g9e099043a0c61e9ae27e293b9fa75ffc\",\"url\":\"https:\\\/\\\/secure.gravatar.com\\\/avatar\\\/4f525efbf18dd2bb300ccad28bfb99d95a9465a5ba268407c8c37b37e1f28d2d?s=96&d=mm&r=g\",\"contentUrl\":\"https:\\\/\\\/secure.gravatar.com\\\/avatar\\\/4f525efbf18dd2bb300ccad28bfb99d95a9465a5ba268407c8c37b37e1f28d2d?s=96&d=mm&r=g\",\"caption\":\"Equipe Reda\u00e7\u00e3o\"},\"description\":\"Equipe de reda\u00e7\u00e3o \u00e9 um grupo de profissionais que trabalham juntos para criar conte\u00fado escrito para Motorista.com.br\",\"url\":\"https:\\\/\\\/motorista.com.br\\\/noticias\\\/author\\\/equiperedacao\\\/\"}]}<\/script>\n<!-- \/ Yoast SEO Premium plugin. -->","yoast_head_json":{"title":"IBL destaca a valoriza\u00e7\u00e3o do TCU \u00e0s prerrogativas do MPOR e da Antaq no caso STS-10 - Motorista.com.br","robots":{"index":"index","follow":"follow","max-snippet":"max-snippet:-1","max-image-preview":"max-image-preview:large","max-video-preview":"max-video-preview:-1"},"canonical":"https:\/\/motorista.com.br\/noticias\/2025\/12\/10\/ibl-destaca-a-valorizacao-do-tcu-as-prerrogativas-do-mpor-e-da-antaq-no-caso-sts-10\/","og_locale":"pt_BR","og_type":"article","og_title":"IBL destaca a valoriza\u00e7\u00e3o do TCU \u00e0s prerrogativas do MPOR e da Antaq no caso STS-10","og_description":"IBL Elogia Respeito do TCU \u00e0s Prerrogativas do MPOR e da Antaq no Caso STS-10 (Tecon 10) O Instituto Brasil Log\u00edstica (IBL) destaca a import\u00e2ncia do respeito do Tribunal de Contas da Uni\u00e3o (TCU) \u00e0s prerrogativas do Minist\u00e9rio P\u00fablico de Contas (MPC) e da Ag\u00eancia Nacional de Transportes Aquavi\u00e1rios (Antaq) no recente caso STS-10, relacionado &hellip;","og_url":"https:\/\/motorista.com.br\/noticias\/2025\/12\/10\/ibl-destaca-a-valorizacao-do-tcu-as-prerrogativas-do-mpor-e-da-antaq-no-caso-sts-10\/","og_site_name":"Motorista.com.br","article_published_time":"2025-12-10T20:32:58+00:00","author":"Equipe Reda\u00e7\u00e3o","twitter_card":"summary_large_image","twitter_misc":{"Escrito por":"Equipe Reda\u00e7\u00e3o","Est. tempo de leitura":"2 minutos","Written by":"Equipe Reda\u00e7\u00e3o"},"schema":{"@context":"https:\/\/schema.org","@graph":[{"@type":"Article","@id":"https:\/\/motorista.com.br\/noticias\/2025\/12\/10\/ibl-destaca-a-valorizacao-do-tcu-as-prerrogativas-do-mpor-e-da-antaq-no-caso-sts-10\/#article","isPartOf":{"@id":"https:\/\/motorista.com.br\/noticias\/2025\/12\/10\/ibl-destaca-a-valorizacao-do-tcu-as-prerrogativas-do-mpor-e-da-antaq-no-caso-sts-10\/"},"author":{"name":"Equipe Reda\u00e7\u00e3o","@id":"https:\/\/motorista.com.br\/noticias\/#\/schema\/person\/dc93afc2981c0e3ce6bc3c053fd847be"},"headline":"IBL destaca a valoriza\u00e7\u00e3o do TCU \u00e0s prerrogativas do MPOR e da Antaq no caso STS-10","datePublished":"2025-12-10T20:32:58+00:00","mainEntityOfPage":{"@id":"https:\/\/motorista.com.br\/noticias\/2025\/12\/10\/ibl-destaca-a-valorizacao-do-tcu-as-prerrogativas-do-mpor-e-da-antaq-no-caso-sts-10\/"},"wordCount":466,"publisher":{"@id":"https:\/\/motorista.com.br\/noticias\/#organization"},"image":{"@id":"https:\/\/motorista.com.br\/noticias\/2025\/12\/10\/ibl-destaca-a-valorizacao-do-tcu-as-prerrogativas-do-mpor-e-da-antaq-no-caso-sts-10\/#primaryimage"},"thumbnailUrl":"https:\/\/motorista.com.br\/noticias\/wp-content\/uploads\/2025\/12\/WhatsApp-Image-2025-12-10-at-10.04.48.jpeg","articleSection":["Log\u00edstica"],"inLanguage":"pt-BR"},{"@type":"WebPage","@id":"https:\/\/motorista.com.br\/noticias\/2025\/12\/10\/ibl-destaca-a-valorizacao-do-tcu-as-prerrogativas-do-mpor-e-da-antaq-no-caso-sts-10\/","url":"https:\/\/motorista.com.br\/noticias\/2025\/12\/10\/ibl-destaca-a-valorizacao-do-tcu-as-prerrogativas-do-mpor-e-da-antaq-no-caso-sts-10\/","name":"IBL destaca a valoriza\u00e7\u00e3o do TCU \u00e0s prerrogativas do MPOR e da Antaq no caso STS-10 - Motorista.com.br","isPartOf":{"@id":"https:\/\/motorista.com.br\/noticias\/#website"},"primaryImageOfPage":{"@id":"https:\/\/motorista.com.br\/noticias\/2025\/12\/10\/ibl-destaca-a-valorizacao-do-tcu-as-prerrogativas-do-mpor-e-da-antaq-no-caso-sts-10\/#primaryimage"},"image":{"@id":"https:\/\/motorista.com.br\/noticias\/2025\/12\/10\/ibl-destaca-a-valorizacao-do-tcu-as-prerrogativas-do-mpor-e-da-antaq-no-caso-sts-10\/#primaryimage"},"thumbnailUrl":"https:\/\/motorista.com.br\/noticias\/wp-content\/uploads\/2025\/12\/WhatsApp-Image-2025-12-10-at-10.04.48.jpeg","datePublished":"2025-12-10T20:32:58+00:00","breadcrumb":{"@id":"https:\/\/motorista.com.br\/noticias\/2025\/12\/10\/ibl-destaca-a-valorizacao-do-tcu-as-prerrogativas-do-mpor-e-da-antaq-no-caso-sts-10\/#breadcrumb"},"inLanguage":"pt-BR","potentialAction":[{"@type":"ReadAction","target":["https:\/\/motorista.com.br\/noticias\/2025\/12\/10\/ibl-destaca-a-valorizacao-do-tcu-as-prerrogativas-do-mpor-e-da-antaq-no-caso-sts-10\/"]}]},{"@type":"ImageObject","inLanguage":"pt-BR","@id":"https:\/\/motorista.com.br\/noticias\/2025\/12\/10\/ibl-destaca-a-valorizacao-do-tcu-as-prerrogativas-do-mpor-e-da-antaq-no-caso-sts-10\/#primaryimage","url":"https:\/\/motorista.com.br\/noticias\/wp-content\/uploads\/2025\/12\/WhatsApp-Image-2025-12-10-at-10.04.48.jpeg","contentUrl":"https:\/\/motorista.com.br\/noticias\/wp-content\/uploads\/2025\/12\/WhatsApp-Image-2025-12-10-at-10.04.48.jpeg","width":692,"height":465},{"@type":"BreadcrumbList","@id":"https:\/\/motorista.com.br\/noticias\/2025\/12\/10\/ibl-destaca-a-valorizacao-do-tcu-as-prerrogativas-do-mpor-e-da-antaq-no-caso-sts-10\/#breadcrumb","itemListElement":[{"@type":"ListItem","position":1,"name":"In\u00edcio","item":"https:\/\/motorista.com.br\/noticias\/"},{"@type":"ListItem","position":2,"name":"IBL destaca a valoriza\u00e7\u00e3o do TCU \u00e0s prerrogativas do MPOR e da Antaq no caso STS-10"}]},{"@type":"WebSite","@id":"https:\/\/motorista.com.br\/noticias\/#website","url":"https:\/\/motorista.com.br\/noticias\/","name":"Motorista.com.br","description":"Not\u00edcia do Motorista","publisher":{"@id":"https:\/\/motorista.com.br\/noticias\/#organization"},"potentialAction":[{"@type":"SearchAction","target":{"@type":"EntryPoint","urlTemplate":"https:\/\/motorista.com.br\/noticias\/?s={search_term_string}"},"query-input":{"@type":"PropertyValueSpecification","valueRequired":true,"valueName":"search_term_string"}}],"inLanguage":"pt-BR"},{"@type":"Organization","@id":"https:\/\/motorista.com.br\/noticias\/#organization","name":"Motorista.com.br","url":"https:\/\/motorista.com.br\/noticias\/","logo":{"@type":"ImageObject","inLanguage":"pt-BR","@id":"https:\/\/motorista.com.br\/noticias\/#\/schema\/logo\/image\/","url":"https:\/\/motorista.com.br\/noticias\/wp-content\/uploads\/2025\/06\/Design-sem-nome-9.png","contentUrl":"https:\/\/motorista.com.br\/noticias\/wp-content\/uploads\/2025\/06\/Design-sem-nome-9.png","width":150,"height":85,"caption":"Motorista.com.br"},"image":{"@id":"https:\/\/motorista.com.br\/noticias\/#\/schema\/logo\/image\/"}},{"@type":"Person","@id":"https:\/\/motorista.com.br\/noticias\/#\/schema\/person\/dc93afc2981c0e3ce6bc3c053fd847be","name":"Equipe Reda\u00e7\u00e3o","image":{"@type":"ImageObject","inLanguage":"pt-BR","@id":"https:\/\/secure.gravatar.com\/avatar\/4f525efbf18dd2bb300ccad28bfb99d95a9465a5ba268407c8c37b37e1f28d2d?s=96&d=mm&r=g9e099043a0c61e9ae27e293b9fa75ffc","url":"https:\/\/secure.gravatar.com\/avatar\/4f525efbf18dd2bb300ccad28bfb99d95a9465a5ba268407c8c37b37e1f28d2d?s=96&d=mm&r=g","contentUrl":"https:\/\/secure.gravatar.com\/avatar\/4f525efbf18dd2bb300ccad28bfb99d95a9465a5ba268407c8c37b37e1f28d2d?s=96&d=mm&r=g","caption":"Equipe Reda\u00e7\u00e3o"},"description":"Equipe de reda\u00e7\u00e3o \u00e9 um grupo de profissionais que trabalham juntos para criar conte\u00fado escrito para Motorista.com.br","url":"https:\/\/motorista.com.br\/noticias\/author\/equiperedacao\/"}]}},"_links":{"self":[{"href":"https:\/\/motorista.com.br\/noticias\/wp-json\/wp\/v2\/posts\/5091","targetHints":{"allow":["GET"]}}],"collection":[{"href":"https:\/\/motorista.com.br\/noticias\/wp-json\/wp\/v2\/posts"}],"about":[{"href":"https:\/\/motorista.com.br\/noticias\/wp-json\/wp\/v2\/types\/post"}],"author":[{"embeddable":true,"href":"https:\/\/motorista.com.br\/noticias\/wp-json\/wp\/v2\/users\/4"}],"replies":[{"embeddable":true,"href":"https:\/\/motorista.com.br\/noticias\/wp-json\/wp\/v2\/comments?post=5091"}],"version-history":[{"count":0,"href":"https:\/\/motorista.com.br\/noticias\/wp-json\/wp\/v2\/posts\/5091\/revisions"}],"wp:featuredmedia":[{"embeddable":true,"href":"https:\/\/motorista.com.br\/noticias\/wp-json\/wp\/v2\/media\/5092"}],"wp:attachment":[{"href":"https:\/\/motorista.com.br\/noticias\/wp-json\/wp\/v2\/media?parent=5091"}],"wp:term":[{"taxonomy":"category","embeddable":true,"href":"https:\/\/motorista.com.br\/noticias\/wp-json\/wp\/v2\/categories?post=5091"},{"taxonomy":"post_tag","embeddable":true,"href":"https:\/\/motorista.com.br\/noticias\/wp-json\/wp\/v2\/tags?post=5091"},{"taxonomy":"author","embeddable":true,"href":"https:\/\/motorista.com.br\/noticias\/wp-json\/wp\/v2\/coauthors?post=5091"}],"curies":[{"name":"wp","href":"https:\/\/api.w.org\/{rel}","templated":true}]}}