{"id":5089,"date":"2025-12-10T11:46:45","date_gmt":"2025-12-10T14:46:45","guid":{"rendered":"https:\/\/motorista.com.br\/noticias\/2025\/12\/10\/ricardo-nunes-aprova-nova-regra-para-mototaxis-em-sp\/"},"modified":"2025-12-10T11:46:45","modified_gmt":"2025-12-10T14:46:45","slug":"ricardo-nunes-aprova-nova-regra-para-mototaxis-em-sp","status":"publish","type":"post","link":"https:\/\/motorista.com.br\/noticias\/2025\/12\/10\/ricardo-nunes-aprova-nova-regra-para-mototaxis-em-sp\/","title":{"rendered":"Ricardo Nunes aprova nova regra para motot\u00e1xis em SP"},"content":{"rendered":"<p><\/p>\n<div id=\"\">\n<p>O prefeito de S\u00e3o Paulo, Ricardo Nunes, sancionou, na quarta-feira (10), a regulamenta\u00e7\u00e3o dos servi\u00e7os de motot\u00e1xis por aplicativo na cidade, uma decis\u00e3o que promete impactar a mobilidade urbana e a seguran\u00e7a dos usu\u00e1rios. Empresas como Uber e 99 j\u00e1 confirmaram a retomada dos servi\u00e7os na quinta-feira (11), mesmo diante da hesita\u00e7\u00e3o inicial de Nunes a respeito da revis\u00e3o do texto. Esta regulamenta\u00e7\u00e3o n\u00e3o apenas formaliza a opera\u00e7\u00e3o desse tipo de transporte, mas tamb\u00e9m estabelece diretrizes importantes para a seguran\u00e7a e forma\u00e7\u00e3o dos condutores.<\/p>\n<h2>Nunes sancionou regulamenta\u00e7\u00e3o<\/h2>\n<p>O projeto regulamentar, que passou pela C\u00e2mara Municipal na noite de segunda-feira, trouxe nove pontos adicionais ao texto original, incluindo iniciativas como aux\u00edlio-funeral e custeio das placas vermelhas obrigat\u00f3rias para as motocicletas. A formaliza\u00e7\u00e3o na legisla\u00e7\u00e3o representa um passo significativo para acompanhar a crescente demanda por motot\u00e1xis, proporcionando tamb\u00e9m maior seguran\u00e7a para motoristas e passageiros.<\/p>\n<h2>O que diz a proposta para os motot\u00e1xis em S\u00e3o Paulo<\/h2>\n<p>Entre os crit\u00e9rios estabelecidos, destaca-se a exig\u00eancia de que os condutores sejam maiores de 21 anos, possuam CNH A ou AB por pelo menos dois anos, e sejam aprovados em um curso especializado. Al\u00e9m disso, a necessidade de um CNPJ ativo e a comprova\u00e7\u00e3o de antecedentes criminais e de infra\u00e7\u00f5es de tr\u00e2nsito s\u00e3o medidas que visam elevar o padr\u00e3o de seguran\u00e7a no transporte de passageiros.<\/p>\n<p>A regulamenta\u00e7\u00e3o tamb\u00e9m inclui a responsabilidade das empresas em fornecer equipamentos de seguran\u00e7a, como coletes e capacetes, al\u00e9m de assegurar \u00e1reas de descanso. Com isso, espera-se promover melhores condi\u00e7\u00f5es de trabalho para os mototaxistas, refletindo positivamente na experi\u00eancia do usu\u00e1ro e na confian\u00e7a na modalidade de transporte.<\/p>\n<p>    <strong>Restri\u00e7\u00f5es e Seguran\u00e7a<\/strong><\/p>\n<p><strong>O que n\u00e3o pode?<\/strong><\/p>\n<ul>\n<li>Os motot\u00e1xis est\u00e3o proibidos de circular em vias r\u00e1pidas da cidade, como as marginais Pinheiros e Tiet\u00ea;<\/li>\n<li>N\u00e3o podem ocupar corredores de \u00f4nibus, ciclovias ou ciclofaixas;<\/li>\n<li>Servi\u00e7os n\u00e3o podem operar em dias com condi\u00e7\u00f5es clim\u00e1ticas adversas e n\u00e3o podem transportar passageiros menores de 18 anos.<\/li>\n<\/ul>\n<h2>Impacto na Mobilidade Urbana<\/h2>\n<p>A regulamenta\u00e7\u00e3o vai al\u00e9m de um mero ajuste legal; representa um avan\u00e7o na estrutura de mobilidade da metr\u00f3pole. A introdu\u00e7\u00e3o de motot\u00e1xis devidamente regulamentados poder\u00e1 reduzir a press\u00e3o sobre o transporte p\u00fablico, oferecendo uma alternativa \u00e1gil e personalizada para os cidad\u00e3os. Al\u00e9m disso, o controle na opera\u00e7\u00e3o e a exig\u00eancia de forma\u00e7\u00e3o adequada para os motoristas devem contribuir para uma diminui\u00e7\u00e3o no n\u00famero de acidentes, aumentando a seguran\u00e7a para todos os usu\u00e1rios das vias. Portanto, a san\u00e7\u00e3o de Nunes n\u00e3o apenas regulariza a opera\u00e7\u00e3o, mas tamb\u00e9m tem o potencial de transformar a experi\u00eancia de mobilidade em S\u00e3o Paulo, refletindo um compromisso com a seguran\u00e7a e a efici\u00eancia no transporte urbano.<\/p>\n<p>Enquanto as empresas se preparam para a implementa\u00e7\u00e3o das novas regras, o foco deve ser na educa\u00e7\u00e3o e forma\u00e7\u00e3o cont\u00ednua dos motoristas, promovendo uma cultura de seguran\u00e7a que beneficiar\u00e1 tanto os profissionais quanto os passageiros. A expectativa \u00e9 que, com a regulamenta\u00e7\u00e3o, a cidade avance na busca de solu\u00e7\u00f5es para o tr\u00e2nsito e a mobilidade, tornando-se um exemplo positivo em gest\u00e3o de transporte p\u00fablico urbano.<\/p>\n<p><strong>Fonte:<\/strong> Olhar Digital<\/p>\n<\/div>\n","protected":false},"excerpt":{"rendered":"<p>O prefeito de S\u00e3o Paulo, Ricardo Nunes, sancionou, na quarta-feira (10), a regulamenta\u00e7\u00e3o dos servi\u00e7os de motot\u00e1xis por aplicativo na cidade, uma decis\u00e3o que promete impactar a mobilidade urbana e a seguran\u00e7a dos usu\u00e1rios. Empresas como Uber e 99 j\u00e1 confirmaram a retomada dos servi\u00e7os na quinta-feira (11), mesmo diante da hesita\u00e7\u00e3o inicial de Nunes &hellip;<\/p>\n","protected":false},"author":4,"featured_media":5090,"comment_status":"","ping_status":"open","sticky":false,"template":"","format":"standard","meta":{"footnotes":""},"categories":[56],"tags":[],"coauthors":[42],"class_list":["post-5089","post","type-post","status-publish","format-standard","has-post-thumbnail","hentry","category-tecnologia"],"yoast_head":"<!-- This site is optimized with the Yoast SEO Premium plugin v25.5 (Yoast SEO v27.4) - https:\/\/yoast.com\/product\/yoast-seo-premium-wordpress\/ -->\n<title>Ricardo Nunes aprova nova regra para motot\u00e1xis em SP - Motorista.com.br<\/title>\n<meta name=\"robots\" content=\"index, follow, max-snippet:-1, max-image-preview:large, max-video-preview:-1\" \/>\n<link rel=\"canonical\" href=\"https:\/\/motorista.com.br\/noticias\/2025\/12\/10\/ricardo-nunes-aprova-nova-regra-para-mototaxis-em-sp\/\" \/>\n<meta property=\"og:locale\" content=\"pt_BR\" \/>\n<meta property=\"og:type\" content=\"article\" \/>\n<meta property=\"og:title\" content=\"Ricardo Nunes aprova nova regra para motot\u00e1xis em SP\" \/>\n<meta property=\"og:description\" content=\"O prefeito de S\u00e3o Paulo, Ricardo Nunes, sancionou, na quarta-feira (10), a regulamenta\u00e7\u00e3o dos servi\u00e7os de motot\u00e1xis por aplicativo na cidade, uma decis\u00e3o que promete impactar a mobilidade urbana e a seguran\u00e7a dos usu\u00e1rios. Empresas como Uber e 99 j\u00e1 confirmaram a retomada dos servi\u00e7os na quinta-feira (11), mesmo diante da hesita\u00e7\u00e3o inicial de Nunes &hellip;\" \/>\n<meta property=\"og:url\" content=\"https:\/\/motorista.com.br\/noticias\/2025\/12\/10\/ricardo-nunes-aprova-nova-regra-para-mototaxis-em-sp\/\" \/>\n<meta property=\"og:site_name\" content=\"Motorista.com.br\" \/>\n<meta property=\"article:published_time\" content=\"2025-12-10T14:46:45+00:00\" \/>\n<meta name=\"author\" content=\"Equipe Reda\u00e7\u00e3o\" \/>\n<meta name=\"twitter:card\" content=\"summary_large_image\" \/>\n<meta name=\"twitter:label1\" content=\"Escrito por\" \/>\n\t<meta name=\"twitter:data1\" content=\"Equipe Reda\u00e7\u00e3o\" \/>\n\t<meta name=\"twitter:label2\" content=\"Est. tempo de leitura\" \/>\n\t<meta name=\"twitter:data2\" content=\"3 minutos\" \/>\n\t<meta name=\"twitter:label3\" content=\"Written by\" \/>\n\t<meta name=\"twitter:data3\" content=\"Equipe Reda\u00e7\u00e3o\" \/>\n<script type=\"application\/ld+json\" class=\"yoast-schema-graph\">{\"@context\":\"https:\\\/\\\/schema.org\",\"@graph\":[{\"@type\":\"Article\",\"@id\":\"https:\\\/\\\/motorista.com.br\\\/noticias\\\/2025\\\/12\\\/10\\\/ricardo-nunes-aprova-nova-regra-para-mototaxis-em-sp\\\/#article\",\"isPartOf\":{\"@id\":\"https:\\\/\\\/motorista.com.br\\\/noticias\\\/2025\\\/12\\\/10\\\/ricardo-nunes-aprova-nova-regra-para-mototaxis-em-sp\\\/\"},\"author\":{\"name\":\"Equipe Reda\u00e7\u00e3o\",\"@id\":\"https:\\\/\\\/motorista.com.br\\\/noticias\\\/#\\\/schema\\\/person\\\/dc93afc2981c0e3ce6bc3c053fd847be\"},\"headline\":\"Ricardo Nunes aprova nova regra para motot\u00e1xis em SP\",\"datePublished\":\"2025-12-10T14:46:45+00:00\",\"mainEntityOfPage\":{\"@id\":\"https:\\\/\\\/motorista.com.br\\\/noticias\\\/2025\\\/12\\\/10\\\/ricardo-nunes-aprova-nova-regra-para-mototaxis-em-sp\\\/\"},\"wordCount\":594,\"publisher\":{\"@id\":\"https:\\\/\\\/motorista.com.br\\\/noticias\\\/#organization\"},\"image\":{\"@id\":\"https:\\\/\\\/motorista.com.br\\\/noticias\\\/2025\\\/12\\\/10\\\/ricardo-nunes-aprova-nova-regra-para-mototaxis-em-sp\\\/#primaryimage\"},\"thumbnailUrl\":\"https:\\\/\\\/motorista.com.br\\\/noticias\\\/wp-content\\\/uploads\\\/2025\\\/12\\\/mototaxi-2.jpg\",\"articleSection\":[\"Tecnologia\"],\"inLanguage\":\"pt-BR\"},{\"@type\":\"WebPage\",\"@id\":\"https:\\\/\\\/motorista.com.br\\\/noticias\\\/2025\\\/12\\\/10\\\/ricardo-nunes-aprova-nova-regra-para-mototaxis-em-sp\\\/\",\"url\":\"https:\\\/\\\/motorista.com.br\\\/noticias\\\/2025\\\/12\\\/10\\\/ricardo-nunes-aprova-nova-regra-para-mototaxis-em-sp\\\/\",\"name\":\"Ricardo Nunes aprova nova regra para motot\u00e1xis em SP - Motorista.com.br\",\"isPartOf\":{\"@id\":\"https:\\\/\\\/motorista.com.br\\\/noticias\\\/#website\"},\"primaryImageOfPage\":{\"@id\":\"https:\\\/\\\/motorista.com.br\\\/noticias\\\/2025\\\/12\\\/10\\\/ricardo-nunes-aprova-nova-regra-para-mototaxis-em-sp\\\/#primaryimage\"},\"image\":{\"@id\":\"https:\\\/\\\/motorista.com.br\\\/noticias\\\/2025\\\/12\\\/10\\\/ricardo-nunes-aprova-nova-regra-para-mototaxis-em-sp\\\/#primaryimage\"},\"thumbnailUrl\":\"https:\\\/\\\/motorista.com.br\\\/noticias\\\/wp-content\\\/uploads\\\/2025\\\/12\\\/mototaxi-2.jpg\",\"datePublished\":\"2025-12-10T14:46:45+00:00\",\"breadcrumb\":{\"@id\":\"https:\\\/\\\/motorista.com.br\\\/noticias\\\/2025\\\/12\\\/10\\\/ricardo-nunes-aprova-nova-regra-para-mototaxis-em-sp\\\/#breadcrumb\"},\"inLanguage\":\"pt-BR\",\"potentialAction\":[{\"@type\":\"ReadAction\",\"target\":[\"https:\\\/\\\/motorista.com.br\\\/noticias\\\/2025\\\/12\\\/10\\\/ricardo-nunes-aprova-nova-regra-para-mototaxis-em-sp\\\/\"]}]},{\"@type\":\"ImageObject\",\"inLanguage\":\"pt-BR\",\"@id\":\"https:\\\/\\\/motorista.com.br\\\/noticias\\\/2025\\\/12\\\/10\\\/ricardo-nunes-aprova-nova-regra-para-mototaxis-em-sp\\\/#primaryimage\",\"url\":\"https:\\\/\\\/motorista.com.br\\\/noticias\\\/wp-content\\\/uploads\\\/2025\\\/12\\\/mototaxi-2.jpg\",\"contentUrl\":\"https:\\\/\\\/motorista.com.br\\\/noticias\\\/wp-content\\\/uploads\\\/2025\\\/12\\\/mototaxi-2.jpg\",\"width\":2000,\"height\":1239},{\"@type\":\"BreadcrumbList\",\"@id\":\"https:\\\/\\\/motorista.com.br\\\/noticias\\\/2025\\\/12\\\/10\\\/ricardo-nunes-aprova-nova-regra-para-mototaxis-em-sp\\\/#breadcrumb\",\"itemListElement\":[{\"@type\":\"ListItem\",\"position\":1,\"name\":\"In\u00edcio\",\"item\":\"https:\\\/\\\/motorista.com.br\\\/noticias\\\/\"},{\"@type\":\"ListItem\",\"position\":2,\"name\":\"Ricardo Nunes aprova nova regra para motot\u00e1xis em SP\"}]},{\"@type\":\"WebSite\",\"@id\":\"https:\\\/\\\/motorista.com.br\\\/noticias\\\/#website\",\"url\":\"https:\\\/\\\/motorista.com.br\\\/noticias\\\/\",\"name\":\"Motorista.com.br\",\"description\":\"Not\u00edcia do Motorista\",\"publisher\":{\"@id\":\"https:\\\/\\\/motorista.com.br\\\/noticias\\\/#organization\"},\"potentialAction\":[{\"@type\":\"SearchAction\",\"target\":{\"@type\":\"EntryPoint\",\"urlTemplate\":\"https:\\\/\\\/motorista.com.br\\\/noticias\\\/?s={search_term_string}\"},\"query-input\":{\"@type\":\"PropertyValueSpecification\",\"valueRequired\":true,\"valueName\":\"search_term_string\"}}],\"inLanguage\":\"pt-BR\"},{\"@type\":\"Organization\",\"@id\":\"https:\\\/\\\/motorista.com.br\\\/noticias\\\/#organization\",\"name\":\"Motorista.com.br\",\"url\":\"https:\\\/\\\/motorista.com.br\\\/noticias\\\/\",\"logo\":{\"@type\":\"ImageObject\",\"inLanguage\":\"pt-BR\",\"@id\":\"https:\\\/\\\/motorista.com.br\\\/noticias\\\/#\\\/schema\\\/logo\\\/image\\\/\",\"url\":\"https:\\\/\\\/motorista.com.br\\\/noticias\\\/wp-content\\\/uploads\\\/2025\\\/06\\\/Design-sem-nome-9.png\",\"contentUrl\":\"https:\\\/\\\/motorista.com.br\\\/noticias\\\/wp-content\\\/uploads\\\/2025\\\/06\\\/Design-sem-nome-9.png\",\"width\":150,\"height\":85,\"caption\":\"Motorista.com.br\"},\"image\":{\"@id\":\"https:\\\/\\\/motorista.com.br\\\/noticias\\\/#\\\/schema\\\/logo\\\/image\\\/\"}},{\"@type\":\"Person\",\"@id\":\"https:\\\/\\\/motorista.com.br\\\/noticias\\\/#\\\/schema\\\/person\\\/dc93afc2981c0e3ce6bc3c053fd847be\",\"name\":\"Equipe Reda\u00e7\u00e3o\",\"image\":{\"@type\":\"ImageObject\",\"inLanguage\":\"pt-BR\",\"@id\":\"https:\\\/\\\/secure.gravatar.com\\\/avatar\\\/4f525efbf18dd2bb300ccad28bfb99d95a9465a5ba268407c8c37b37e1f28d2d?s=96&d=mm&r=g9e099043a0c61e9ae27e293b9fa75ffc\",\"url\":\"https:\\\/\\\/secure.gravatar.com\\\/avatar\\\/4f525efbf18dd2bb300ccad28bfb99d95a9465a5ba268407c8c37b37e1f28d2d?s=96&d=mm&r=g\",\"contentUrl\":\"https:\\\/\\\/secure.gravatar.com\\\/avatar\\\/4f525efbf18dd2bb300ccad28bfb99d95a9465a5ba268407c8c37b37e1f28d2d?s=96&d=mm&r=g\",\"caption\":\"Equipe Reda\u00e7\u00e3o\"},\"description\":\"Equipe de reda\u00e7\u00e3o \u00e9 um grupo de profissionais que trabalham juntos para criar conte\u00fado escrito para Motorista.com.br\",\"url\":\"https:\\\/\\\/motorista.com.br\\\/noticias\\\/author\\\/equiperedacao\\\/\"}]}<\/script>\n<!-- \/ Yoast SEO Premium plugin. -->","yoast_head_json":{"title":"Ricardo Nunes aprova nova regra para motot\u00e1xis em SP - Motorista.com.br","robots":{"index":"index","follow":"follow","max-snippet":"max-snippet:-1","max-image-preview":"max-image-preview:large","max-video-preview":"max-video-preview:-1"},"canonical":"https:\/\/motorista.com.br\/noticias\/2025\/12\/10\/ricardo-nunes-aprova-nova-regra-para-mototaxis-em-sp\/","og_locale":"pt_BR","og_type":"article","og_title":"Ricardo Nunes aprova nova regra para motot\u00e1xis em SP","og_description":"O prefeito de S\u00e3o Paulo, Ricardo Nunes, sancionou, na quarta-feira (10), a regulamenta\u00e7\u00e3o dos servi\u00e7os de motot\u00e1xis por aplicativo na cidade, uma decis\u00e3o que promete impactar a mobilidade urbana e a seguran\u00e7a dos usu\u00e1rios. Empresas como Uber e 99 j\u00e1 confirmaram a retomada dos servi\u00e7os na quinta-feira (11), mesmo diante da hesita\u00e7\u00e3o inicial de Nunes &hellip;","og_url":"https:\/\/motorista.com.br\/noticias\/2025\/12\/10\/ricardo-nunes-aprova-nova-regra-para-mototaxis-em-sp\/","og_site_name":"Motorista.com.br","article_published_time":"2025-12-10T14:46:45+00:00","author":"Equipe Reda\u00e7\u00e3o","twitter_card":"summary_large_image","twitter_misc":{"Escrito por":"Equipe Reda\u00e7\u00e3o","Est. tempo de leitura":"3 minutos","Written by":"Equipe Reda\u00e7\u00e3o"},"schema":{"@context":"https:\/\/schema.org","@graph":[{"@type":"Article","@id":"https:\/\/motorista.com.br\/noticias\/2025\/12\/10\/ricardo-nunes-aprova-nova-regra-para-mototaxis-em-sp\/#article","isPartOf":{"@id":"https:\/\/motorista.com.br\/noticias\/2025\/12\/10\/ricardo-nunes-aprova-nova-regra-para-mototaxis-em-sp\/"},"author":{"name":"Equipe Reda\u00e7\u00e3o","@id":"https:\/\/motorista.com.br\/noticias\/#\/schema\/person\/dc93afc2981c0e3ce6bc3c053fd847be"},"headline":"Ricardo Nunes aprova nova regra para motot\u00e1xis em SP","datePublished":"2025-12-10T14:46:45+00:00","mainEntityOfPage":{"@id":"https:\/\/motorista.com.br\/noticias\/2025\/12\/10\/ricardo-nunes-aprova-nova-regra-para-mototaxis-em-sp\/"},"wordCount":594,"publisher":{"@id":"https:\/\/motorista.com.br\/noticias\/#organization"},"image":{"@id":"https:\/\/motorista.com.br\/noticias\/2025\/12\/10\/ricardo-nunes-aprova-nova-regra-para-mototaxis-em-sp\/#primaryimage"},"thumbnailUrl":"https:\/\/motorista.com.br\/noticias\/wp-content\/uploads\/2025\/12\/mototaxi-2.jpg","articleSection":["Tecnologia"],"inLanguage":"pt-BR"},{"@type":"WebPage","@id":"https:\/\/motorista.com.br\/noticias\/2025\/12\/10\/ricardo-nunes-aprova-nova-regra-para-mototaxis-em-sp\/","url":"https:\/\/motorista.com.br\/noticias\/2025\/12\/10\/ricardo-nunes-aprova-nova-regra-para-mototaxis-em-sp\/","name":"Ricardo Nunes aprova nova regra para motot\u00e1xis em SP - Motorista.com.br","isPartOf":{"@id":"https:\/\/motorista.com.br\/noticias\/#website"},"primaryImageOfPage":{"@id":"https:\/\/motorista.com.br\/noticias\/2025\/12\/10\/ricardo-nunes-aprova-nova-regra-para-mototaxis-em-sp\/#primaryimage"},"image":{"@id":"https:\/\/motorista.com.br\/noticias\/2025\/12\/10\/ricardo-nunes-aprova-nova-regra-para-mototaxis-em-sp\/#primaryimage"},"thumbnailUrl":"https:\/\/motorista.com.br\/noticias\/wp-content\/uploads\/2025\/12\/mototaxi-2.jpg","datePublished":"2025-12-10T14:46:45+00:00","breadcrumb":{"@id":"https:\/\/motorista.com.br\/noticias\/2025\/12\/10\/ricardo-nunes-aprova-nova-regra-para-mototaxis-em-sp\/#breadcrumb"},"inLanguage":"pt-BR","potentialAction":[{"@type":"ReadAction","target":["https:\/\/motorista.com.br\/noticias\/2025\/12\/10\/ricardo-nunes-aprova-nova-regra-para-mototaxis-em-sp\/"]}]},{"@type":"ImageObject","inLanguage":"pt-BR","@id":"https:\/\/motorista.com.br\/noticias\/2025\/12\/10\/ricardo-nunes-aprova-nova-regra-para-mototaxis-em-sp\/#primaryimage","url":"https:\/\/motorista.com.br\/noticias\/wp-content\/uploads\/2025\/12\/mototaxi-2.jpg","contentUrl":"https:\/\/motorista.com.br\/noticias\/wp-content\/uploads\/2025\/12\/mototaxi-2.jpg","width":2000,"height":1239},{"@type":"BreadcrumbList","@id":"https:\/\/motorista.com.br\/noticias\/2025\/12\/10\/ricardo-nunes-aprova-nova-regra-para-mototaxis-em-sp\/#breadcrumb","itemListElement":[{"@type":"ListItem","position":1,"name":"In\u00edcio","item":"https:\/\/motorista.com.br\/noticias\/"},{"@type":"ListItem","position":2,"name":"Ricardo Nunes aprova nova regra para motot\u00e1xis em SP"}]},{"@type":"WebSite","@id":"https:\/\/motorista.com.br\/noticias\/#website","url":"https:\/\/motorista.com.br\/noticias\/","name":"Motorista.com.br","description":"Not\u00edcia do Motorista","publisher":{"@id":"https:\/\/motorista.com.br\/noticias\/#organization"},"potentialAction":[{"@type":"SearchAction","target":{"@type":"EntryPoint","urlTemplate":"https:\/\/motorista.com.br\/noticias\/?s={search_term_string}"},"query-input":{"@type":"PropertyValueSpecification","valueRequired":true,"valueName":"search_term_string"}}],"inLanguage":"pt-BR"},{"@type":"Organization","@id":"https:\/\/motorista.com.br\/noticias\/#organization","name":"Motorista.com.br","url":"https:\/\/motorista.com.br\/noticias\/","logo":{"@type":"ImageObject","inLanguage":"pt-BR","@id":"https:\/\/motorista.com.br\/noticias\/#\/schema\/logo\/image\/","url":"https:\/\/motorista.com.br\/noticias\/wp-content\/uploads\/2025\/06\/Design-sem-nome-9.png","contentUrl":"https:\/\/motorista.com.br\/noticias\/wp-content\/uploads\/2025\/06\/Design-sem-nome-9.png","width":150,"height":85,"caption":"Motorista.com.br"},"image":{"@id":"https:\/\/motorista.com.br\/noticias\/#\/schema\/logo\/image\/"}},{"@type":"Person","@id":"https:\/\/motorista.com.br\/noticias\/#\/schema\/person\/dc93afc2981c0e3ce6bc3c053fd847be","name":"Equipe Reda\u00e7\u00e3o","image":{"@type":"ImageObject","inLanguage":"pt-BR","@id":"https:\/\/secure.gravatar.com\/avatar\/4f525efbf18dd2bb300ccad28bfb99d95a9465a5ba268407c8c37b37e1f28d2d?s=96&d=mm&r=g9e099043a0c61e9ae27e293b9fa75ffc","url":"https:\/\/secure.gravatar.com\/avatar\/4f525efbf18dd2bb300ccad28bfb99d95a9465a5ba268407c8c37b37e1f28d2d?s=96&d=mm&r=g","contentUrl":"https:\/\/secure.gravatar.com\/avatar\/4f525efbf18dd2bb300ccad28bfb99d95a9465a5ba268407c8c37b37e1f28d2d?s=96&d=mm&r=g","caption":"Equipe Reda\u00e7\u00e3o"},"description":"Equipe de reda\u00e7\u00e3o \u00e9 um grupo de profissionais que trabalham juntos para criar conte\u00fado escrito para Motorista.com.br","url":"https:\/\/motorista.com.br\/noticias\/author\/equiperedacao\/"}]}},"_links":{"self":[{"href":"https:\/\/motorista.com.br\/noticias\/wp-json\/wp\/v2\/posts\/5089","targetHints":{"allow":["GET"]}}],"collection":[{"href":"https:\/\/motorista.com.br\/noticias\/wp-json\/wp\/v2\/posts"}],"about":[{"href":"https:\/\/motorista.com.br\/noticias\/wp-json\/wp\/v2\/types\/post"}],"author":[{"embeddable":true,"href":"https:\/\/motorista.com.br\/noticias\/wp-json\/wp\/v2\/users\/4"}],"replies":[{"embeddable":true,"href":"https:\/\/motorista.com.br\/noticias\/wp-json\/wp\/v2\/comments?post=5089"}],"version-history":[{"count":0,"href":"https:\/\/motorista.com.br\/noticias\/wp-json\/wp\/v2\/posts\/5089\/revisions"}],"wp:featuredmedia":[{"embeddable":true,"href":"https:\/\/motorista.com.br\/noticias\/wp-json\/wp\/v2\/media\/5090"}],"wp:attachment":[{"href":"https:\/\/motorista.com.br\/noticias\/wp-json\/wp\/v2\/media?parent=5089"}],"wp:term":[{"taxonomy":"category","embeddable":true,"href":"https:\/\/motorista.com.br\/noticias\/wp-json\/wp\/v2\/categories?post=5089"},{"taxonomy":"post_tag","embeddable":true,"href":"https:\/\/motorista.com.br\/noticias\/wp-json\/wp\/v2\/tags?post=5089"},{"taxonomy":"author","embeddable":true,"href":"https:\/\/motorista.com.br\/noticias\/wp-json\/wp\/v2\/coauthors?post=5089"}],"curies":[{"name":"wp","href":"https:\/\/api.w.org\/{rel}","templated":true}]}}