{"id":5076,"date":"2025-12-09T23:38:48","date_gmt":"2025-12-10T02:38:48","guid":{"rendered":"https:\/\/motorista.com.br\/noticias\/2025\/12\/09\/mototaxis-em-sp-aplicativos-devem-contestar-nova-lei\/"},"modified":"2025-12-09T23:38:48","modified_gmt":"2025-12-10T02:38:48","slug":"mototaxis-em-sp-aplicativos-devem-contestar-nova-lei","status":"publish","type":"post","link":"https:\/\/motorista.com.br\/noticias\/2025\/12\/09\/mototaxis-em-sp-aplicativos-devem-contestar-nova-lei\/","title":{"rendered":"Motot\u00e1xis em SP: aplicativos devem contestar nova lei"},"content":{"rendered":"<p><\/p>\n<p><strong>Motot\u00e1xi em SP: plataformas devem recorrer de projeto<\/strong><\/p>\n<p>A Associa\u00e7\u00e3o Brasileira de Mobilidade e Tecnologia (Amobitec), que representa empresas como Uber e 99, prepara-se para recorrer judicialmente contra um projeto de lei que regula o servi\u00e7o de motot\u00e1xi na cidade de S\u00e3o Paulo. A nova legisla\u00e7\u00e3o, aprovada recentemente pela C\u00e2mara Municipal, \u00e9 vista pela associa\u00e7\u00e3o como um obst\u00e1culo \u00e0 opera\u00e7\u00e3o dessas plataformas, alega-se que o texto extrapola limites legais e inviabiliza a oferta de corridas.<\/p>\n<p>Ap\u00f3s a san\u00e7\u00e3o do projeto pelo prefeito Ricardo Nunes, a Amobitec pretende protocolar uma A\u00e7\u00e3o Direta de Inconstitucionalidade (ADI) no Tribunal de Justi\u00e7a de S\u00e3o Paulo. A expectativa em torno desta quest\u00e3o destaca a relev\u00e2ncia das opera\u00e7\u00f5es de motot\u00e1xi na vida urbana, especialmente em uma metr\u00f3pole como S\u00e3o Paulo, onde o tr\u00e1fego intenso frequentemente torna os deslocamentos desafiadores.<\/p>\n<h3>Impactos da nova regulamenta\u00e7\u00e3o<\/h3>\n<p>Os novos requisitos exigem que os mototaxistas sejam credenciados com uma s\u00e9rie de condi\u00e7\u00f5es, incluindo experi\u00eancia m\u00ednima de dois anos e a realiza\u00e7\u00e3o de um curso especializado. Embora essas medidas tenham como objetivo aumentar a seguran\u00e7a e a qualidade do servi\u00e7o, elas tamb\u00e9m podem prejudicar a oferta e a acessibilidade do motot\u00e1xi, um servi\u00e7o que tem crescido em popularidade justamente pela agilidade e praticidade que oferece. Para muitos motoristas, a burocracia adicional pode representar uma barreira \u00e0 entrada nesse mercado.<\/p>\n<p>Al\u00e9m disso, a exig\u00eancia da troca da placa das motos e a necessidade de conformidade com normas rigorosas geram preocupa\u00e7\u00f5es sobre a efici\u00eancia do servi\u00e7o. S\u00e3o Paulo enfrenta desafios significativos em termos de mobilidade urbana e, embora a regulamenta\u00e7\u00e3o possa levar a um aumento na seguran\u00e7a, o impacto sobre a quantidade de motoristas atuando poder\u00e1 diminuir as op\u00e7\u00f5es dispon\u00edveis para a popula\u00e7\u00e3o, tornando o tr\u00e2nsito ainda mais complicado.<\/p>\n<h3>Vantagens e Desafios da Regulamenta\u00e7\u00e3o<\/h3>\n<p>A inten\u00e7\u00e3o por tr\u00e1s da regulamenta\u00e7\u00e3o \u00e9 assegurar a seguran\u00e7a dos passageiros e motoristas, algo que, sem d\u00favida, \u00e9 ben\u00e9fico. No entanto, existem preocupa\u00e7\u00f5es sobre a execu\u00e7\u00e3o e poss\u00edveis consequ\u00eancias negativas. Com a regulamenta\u00e7\u00e3o, pode-se esperar um aumento no custo dos servi\u00e7os, uma vez que as empresas ter\u00e3o que arcar com custos adicionais para atender \u00e0s exig\u00eancias legais.<\/p>\n<p>Essa situa\u00e7\u00e3o real\u00e7a a import\u00e2ncia das a\u00e7\u00f5es judiciais de plataformas que operam como motot\u00e1xi. Al\u00e9m de contestar a legalidade do projeto, essas a\u00e7\u00f5es podem trazer \u00e0 tona um debate necess\u00e1rio sobre como equilibrar regulamenta\u00e7\u00f5es que promovem a seguran\u00e7a com a necessidade de inova\u00e7\u00e3o e acessibilidade no transporte urbano.<\/p>\n<h3>Conclus\u00e3o<\/h3>\n<p>O futuro do motot\u00e1xi em S\u00e3o Paulo e a resposta das plataformas ao novo projeto de lei s\u00e3o significativos para a mobilidade na cidade. A balan\u00e7a entre seguran\u00e7a, regulamenta\u00e7\u00e3o e acessibilidade precisa ser cuidadosamente ponderada, visando assegurar que as necessidades dos usu\u00e1rios e motoristas sejam atendidas. Em \u00faltima an\u00e1lise, as decis\u00f5es tomadas nesse cen\u00e1rio podem moldar a din\u00e2mica do transporte urbano em uma metr\u00f3pole onde a agilidade e a efici\u00eancia s\u00e3o indispens\u00e1veis. <\/p>\n<p><em>Fonte: Olhar Digital<\/em><\/p>\n","protected":false},"excerpt":{"rendered":"<p>Motot\u00e1xi em SP: plataformas devem recorrer de projeto A Associa\u00e7\u00e3o Brasileira de Mobilidade e Tecnologia (Amobitec), que representa empresas como Uber e 99, prepara-se para recorrer judicialmente contra um projeto de lei que regula o servi\u00e7o de motot\u00e1xi na cidade de S\u00e3o Paulo. A nova legisla\u00e7\u00e3o, aprovada recentemente pela C\u00e2mara Municipal, \u00e9 vista pela associa\u00e7\u00e3o &hellip;<\/p>\n","protected":false},"author":4,"featured_media":5077,"comment_status":"","ping_status":"open","sticky":false,"template":"","format":"standard","meta":{"footnotes":""},"categories":[56],"tags":[],"coauthors":[42],"class_list":["post-5076","post","type-post","status-publish","format-standard","has-post-thumbnail","hentry","category-tecnologia"],"yoast_head":"<!-- This site is optimized with the Yoast SEO Premium plugin v25.5 (Yoast SEO v27.4) - https:\/\/yoast.com\/product\/yoast-seo-premium-wordpress\/ -->\n<title>Motot\u00e1xis em SP: aplicativos devem contestar nova lei - Motorista.com.br<\/title>\n<meta name=\"robots\" content=\"index, follow, max-snippet:-1, max-image-preview:large, max-video-preview:-1\" \/>\n<link rel=\"canonical\" href=\"https:\/\/motorista.com.br\/noticias\/2025\/12\/09\/mototaxis-em-sp-aplicativos-devem-contestar-nova-lei\/\" \/>\n<meta property=\"og:locale\" content=\"pt_BR\" \/>\n<meta property=\"og:type\" content=\"article\" \/>\n<meta property=\"og:title\" content=\"Motot\u00e1xis em SP: aplicativos devem contestar nova lei\" \/>\n<meta property=\"og:description\" content=\"Motot\u00e1xi em SP: plataformas devem recorrer de projeto A Associa\u00e7\u00e3o Brasileira de Mobilidade e Tecnologia (Amobitec), que representa empresas como Uber e 99, prepara-se para recorrer judicialmente contra um projeto de lei que regula o servi\u00e7o de motot\u00e1xi na cidade de S\u00e3o Paulo. A nova legisla\u00e7\u00e3o, aprovada recentemente pela C\u00e2mara Municipal, \u00e9 vista pela associa\u00e7\u00e3o &hellip;\" \/>\n<meta property=\"og:url\" content=\"https:\/\/motorista.com.br\/noticias\/2025\/12\/09\/mototaxis-em-sp-aplicativos-devem-contestar-nova-lei\/\" \/>\n<meta property=\"og:site_name\" content=\"Motorista.com.br\" \/>\n<meta property=\"article:published_time\" content=\"2025-12-10T02:38:48+00:00\" \/>\n<meta name=\"author\" content=\"Equipe Reda\u00e7\u00e3o\" \/>\n<meta name=\"twitter:card\" content=\"summary_large_image\" \/>\n<meta name=\"twitter:label1\" content=\"Escrito por\" \/>\n\t<meta name=\"twitter:data1\" content=\"Equipe Reda\u00e7\u00e3o\" \/>\n\t<meta name=\"twitter:label2\" content=\"Est. tempo de leitura\" \/>\n\t<meta name=\"twitter:data2\" content=\"3 minutos\" \/>\n\t<meta name=\"twitter:label3\" content=\"Written by\" \/>\n\t<meta name=\"twitter:data3\" content=\"Equipe Reda\u00e7\u00e3o\" \/>\n<script type=\"application\/ld+json\" class=\"yoast-schema-graph\">{\"@context\":\"https:\\\/\\\/schema.org\",\"@graph\":[{\"@type\":\"Article\",\"@id\":\"https:\\\/\\\/motorista.com.br\\\/noticias\\\/2025\\\/12\\\/09\\\/mototaxis-em-sp-aplicativos-devem-contestar-nova-lei\\\/#article\",\"isPartOf\":{\"@id\":\"https:\\\/\\\/motorista.com.br\\\/noticias\\\/2025\\\/12\\\/09\\\/mototaxis-em-sp-aplicativos-devem-contestar-nova-lei\\\/\"},\"author\":{\"name\":\"Equipe Reda\u00e7\u00e3o\",\"@id\":\"https:\\\/\\\/motorista.com.br\\\/noticias\\\/#\\\/schema\\\/person\\\/dc93afc2981c0e3ce6bc3c053fd847be\"},\"headline\":\"Motot\u00e1xis em SP: aplicativos devem contestar nova lei\",\"datePublished\":\"2025-12-10T02:38:48+00:00\",\"mainEntityOfPage\":{\"@id\":\"https:\\\/\\\/motorista.com.br\\\/noticias\\\/2025\\\/12\\\/09\\\/mototaxis-em-sp-aplicativos-devem-contestar-nova-lei\\\/\"},\"wordCount\":561,\"publisher\":{\"@id\":\"https:\\\/\\\/motorista.com.br\\\/noticias\\\/#organization\"},\"image\":{\"@id\":\"https:\\\/\\\/motorista.com.br\\\/noticias\\\/2025\\\/12\\\/09\\\/mototaxis-em-sp-aplicativos-devem-contestar-nova-lei\\\/#primaryimage\"},\"thumbnailUrl\":\"https:\\\/\\\/motorista.com.br\\\/noticias\\\/wp-content\\\/uploads\\\/2025\\\/12\\\/mototaxi.jpg\",\"articleSection\":[\"Tecnologia\"],\"inLanguage\":\"pt-BR\"},{\"@type\":\"WebPage\",\"@id\":\"https:\\\/\\\/motorista.com.br\\\/noticias\\\/2025\\\/12\\\/09\\\/mototaxis-em-sp-aplicativos-devem-contestar-nova-lei\\\/\",\"url\":\"https:\\\/\\\/motorista.com.br\\\/noticias\\\/2025\\\/12\\\/09\\\/mototaxis-em-sp-aplicativos-devem-contestar-nova-lei\\\/\",\"name\":\"Motot\u00e1xis em SP: aplicativos devem contestar nova lei - Motorista.com.br\",\"isPartOf\":{\"@id\":\"https:\\\/\\\/motorista.com.br\\\/noticias\\\/#website\"},\"primaryImageOfPage\":{\"@id\":\"https:\\\/\\\/motorista.com.br\\\/noticias\\\/2025\\\/12\\\/09\\\/mototaxis-em-sp-aplicativos-devem-contestar-nova-lei\\\/#primaryimage\"},\"image\":{\"@id\":\"https:\\\/\\\/motorista.com.br\\\/noticias\\\/2025\\\/12\\\/09\\\/mototaxis-em-sp-aplicativos-devem-contestar-nova-lei\\\/#primaryimage\"},\"thumbnailUrl\":\"https:\\\/\\\/motorista.com.br\\\/noticias\\\/wp-content\\\/uploads\\\/2025\\\/12\\\/mototaxi.jpg\",\"datePublished\":\"2025-12-10T02:38:48+00:00\",\"breadcrumb\":{\"@id\":\"https:\\\/\\\/motorista.com.br\\\/noticias\\\/2025\\\/12\\\/09\\\/mototaxis-em-sp-aplicativos-devem-contestar-nova-lei\\\/#breadcrumb\"},\"inLanguage\":\"pt-BR\",\"potentialAction\":[{\"@type\":\"ReadAction\",\"target\":[\"https:\\\/\\\/motorista.com.br\\\/noticias\\\/2025\\\/12\\\/09\\\/mototaxis-em-sp-aplicativos-devem-contestar-nova-lei\\\/\"]}]},{\"@type\":\"ImageObject\",\"inLanguage\":\"pt-BR\",\"@id\":\"https:\\\/\\\/motorista.com.br\\\/noticias\\\/2025\\\/12\\\/09\\\/mototaxis-em-sp-aplicativos-devem-contestar-nova-lei\\\/#primaryimage\",\"url\":\"https:\\\/\\\/motorista.com.br\\\/noticias\\\/wp-content\\\/uploads\\\/2025\\\/12\\\/mototaxi.jpg\",\"contentUrl\":\"https:\\\/\\\/motorista.com.br\\\/noticias\\\/wp-content\\\/uploads\\\/2025\\\/12\\\/mototaxi.jpg\",\"width\":2560,\"height\":1706},{\"@type\":\"BreadcrumbList\",\"@id\":\"https:\\\/\\\/motorista.com.br\\\/noticias\\\/2025\\\/12\\\/09\\\/mototaxis-em-sp-aplicativos-devem-contestar-nova-lei\\\/#breadcrumb\",\"itemListElement\":[{\"@type\":\"ListItem\",\"position\":1,\"name\":\"In\u00edcio\",\"item\":\"https:\\\/\\\/motorista.com.br\\\/noticias\\\/\"},{\"@type\":\"ListItem\",\"position\":2,\"name\":\"Motot\u00e1xis em SP: aplicativos devem contestar nova lei\"}]},{\"@type\":\"WebSite\",\"@id\":\"https:\\\/\\\/motorista.com.br\\\/noticias\\\/#website\",\"url\":\"https:\\\/\\\/motorista.com.br\\\/noticias\\\/\",\"name\":\"Motorista.com.br\",\"description\":\"Not\u00edcia do Motorista\",\"publisher\":{\"@id\":\"https:\\\/\\\/motorista.com.br\\\/noticias\\\/#organization\"},\"potentialAction\":[{\"@type\":\"SearchAction\",\"target\":{\"@type\":\"EntryPoint\",\"urlTemplate\":\"https:\\\/\\\/motorista.com.br\\\/noticias\\\/?s={search_term_string}\"},\"query-input\":{\"@type\":\"PropertyValueSpecification\",\"valueRequired\":true,\"valueName\":\"search_term_string\"}}],\"inLanguage\":\"pt-BR\"},{\"@type\":\"Organization\",\"@id\":\"https:\\\/\\\/motorista.com.br\\\/noticias\\\/#organization\",\"name\":\"Motorista.com.br\",\"url\":\"https:\\\/\\\/motorista.com.br\\\/noticias\\\/\",\"logo\":{\"@type\":\"ImageObject\",\"inLanguage\":\"pt-BR\",\"@id\":\"https:\\\/\\\/motorista.com.br\\\/noticias\\\/#\\\/schema\\\/logo\\\/image\\\/\",\"url\":\"https:\\\/\\\/motorista.com.br\\\/noticias\\\/wp-content\\\/uploads\\\/2025\\\/06\\\/Design-sem-nome-9.png\",\"contentUrl\":\"https:\\\/\\\/motorista.com.br\\\/noticias\\\/wp-content\\\/uploads\\\/2025\\\/06\\\/Design-sem-nome-9.png\",\"width\":150,\"height\":85,\"caption\":\"Motorista.com.br\"},\"image\":{\"@id\":\"https:\\\/\\\/motorista.com.br\\\/noticias\\\/#\\\/schema\\\/logo\\\/image\\\/\"}},{\"@type\":\"Person\",\"@id\":\"https:\\\/\\\/motorista.com.br\\\/noticias\\\/#\\\/schema\\\/person\\\/dc93afc2981c0e3ce6bc3c053fd847be\",\"name\":\"Equipe Reda\u00e7\u00e3o\",\"image\":{\"@type\":\"ImageObject\",\"inLanguage\":\"pt-BR\",\"@id\":\"https:\\\/\\\/secure.gravatar.com\\\/avatar\\\/4f525efbf18dd2bb300ccad28bfb99d95a9465a5ba268407c8c37b37e1f28d2d?s=96&d=mm&r=g9e099043a0c61e9ae27e293b9fa75ffc\",\"url\":\"https:\\\/\\\/secure.gravatar.com\\\/avatar\\\/4f525efbf18dd2bb300ccad28bfb99d95a9465a5ba268407c8c37b37e1f28d2d?s=96&d=mm&r=g\",\"contentUrl\":\"https:\\\/\\\/secure.gravatar.com\\\/avatar\\\/4f525efbf18dd2bb300ccad28bfb99d95a9465a5ba268407c8c37b37e1f28d2d?s=96&d=mm&r=g\",\"caption\":\"Equipe Reda\u00e7\u00e3o\"},\"description\":\"Equipe de reda\u00e7\u00e3o \u00e9 um grupo de profissionais que trabalham juntos para criar conte\u00fado escrito para Motorista.com.br\",\"url\":\"https:\\\/\\\/motorista.com.br\\\/noticias\\\/author\\\/equiperedacao\\\/\"}]}<\/script>\n<!-- \/ Yoast SEO Premium plugin. -->","yoast_head_json":{"title":"Motot\u00e1xis em SP: aplicativos devem contestar nova lei - Motorista.com.br","robots":{"index":"index","follow":"follow","max-snippet":"max-snippet:-1","max-image-preview":"max-image-preview:large","max-video-preview":"max-video-preview:-1"},"canonical":"https:\/\/motorista.com.br\/noticias\/2025\/12\/09\/mototaxis-em-sp-aplicativos-devem-contestar-nova-lei\/","og_locale":"pt_BR","og_type":"article","og_title":"Motot\u00e1xis em SP: aplicativos devem contestar nova lei","og_description":"Motot\u00e1xi em SP: plataformas devem recorrer de projeto A Associa\u00e7\u00e3o Brasileira de Mobilidade e Tecnologia (Amobitec), que representa empresas como Uber e 99, prepara-se para recorrer judicialmente contra um projeto de lei que regula o servi\u00e7o de motot\u00e1xi na cidade de S\u00e3o Paulo. A nova legisla\u00e7\u00e3o, aprovada recentemente pela C\u00e2mara Municipal, \u00e9 vista pela associa\u00e7\u00e3o &hellip;","og_url":"https:\/\/motorista.com.br\/noticias\/2025\/12\/09\/mototaxis-em-sp-aplicativos-devem-contestar-nova-lei\/","og_site_name":"Motorista.com.br","article_published_time":"2025-12-10T02:38:48+00:00","author":"Equipe Reda\u00e7\u00e3o","twitter_card":"summary_large_image","twitter_misc":{"Escrito por":"Equipe Reda\u00e7\u00e3o","Est. tempo de leitura":"3 minutos","Written by":"Equipe Reda\u00e7\u00e3o"},"schema":{"@context":"https:\/\/schema.org","@graph":[{"@type":"Article","@id":"https:\/\/motorista.com.br\/noticias\/2025\/12\/09\/mototaxis-em-sp-aplicativos-devem-contestar-nova-lei\/#article","isPartOf":{"@id":"https:\/\/motorista.com.br\/noticias\/2025\/12\/09\/mototaxis-em-sp-aplicativos-devem-contestar-nova-lei\/"},"author":{"name":"Equipe Reda\u00e7\u00e3o","@id":"https:\/\/motorista.com.br\/noticias\/#\/schema\/person\/dc93afc2981c0e3ce6bc3c053fd847be"},"headline":"Motot\u00e1xis em SP: aplicativos devem contestar nova lei","datePublished":"2025-12-10T02:38:48+00:00","mainEntityOfPage":{"@id":"https:\/\/motorista.com.br\/noticias\/2025\/12\/09\/mototaxis-em-sp-aplicativos-devem-contestar-nova-lei\/"},"wordCount":561,"publisher":{"@id":"https:\/\/motorista.com.br\/noticias\/#organization"},"image":{"@id":"https:\/\/motorista.com.br\/noticias\/2025\/12\/09\/mototaxis-em-sp-aplicativos-devem-contestar-nova-lei\/#primaryimage"},"thumbnailUrl":"https:\/\/motorista.com.br\/noticias\/wp-content\/uploads\/2025\/12\/mototaxi.jpg","articleSection":["Tecnologia"],"inLanguage":"pt-BR"},{"@type":"WebPage","@id":"https:\/\/motorista.com.br\/noticias\/2025\/12\/09\/mototaxis-em-sp-aplicativos-devem-contestar-nova-lei\/","url":"https:\/\/motorista.com.br\/noticias\/2025\/12\/09\/mototaxis-em-sp-aplicativos-devem-contestar-nova-lei\/","name":"Motot\u00e1xis em SP: aplicativos devem contestar nova lei - Motorista.com.br","isPartOf":{"@id":"https:\/\/motorista.com.br\/noticias\/#website"},"primaryImageOfPage":{"@id":"https:\/\/motorista.com.br\/noticias\/2025\/12\/09\/mototaxis-em-sp-aplicativos-devem-contestar-nova-lei\/#primaryimage"},"image":{"@id":"https:\/\/motorista.com.br\/noticias\/2025\/12\/09\/mototaxis-em-sp-aplicativos-devem-contestar-nova-lei\/#primaryimage"},"thumbnailUrl":"https:\/\/motorista.com.br\/noticias\/wp-content\/uploads\/2025\/12\/mototaxi.jpg","datePublished":"2025-12-10T02:38:48+00:00","breadcrumb":{"@id":"https:\/\/motorista.com.br\/noticias\/2025\/12\/09\/mototaxis-em-sp-aplicativos-devem-contestar-nova-lei\/#breadcrumb"},"inLanguage":"pt-BR","potentialAction":[{"@type":"ReadAction","target":["https:\/\/motorista.com.br\/noticias\/2025\/12\/09\/mototaxis-em-sp-aplicativos-devem-contestar-nova-lei\/"]}]},{"@type":"ImageObject","inLanguage":"pt-BR","@id":"https:\/\/motorista.com.br\/noticias\/2025\/12\/09\/mototaxis-em-sp-aplicativos-devem-contestar-nova-lei\/#primaryimage","url":"https:\/\/motorista.com.br\/noticias\/wp-content\/uploads\/2025\/12\/mototaxi.jpg","contentUrl":"https:\/\/motorista.com.br\/noticias\/wp-content\/uploads\/2025\/12\/mototaxi.jpg","width":2560,"height":1706},{"@type":"BreadcrumbList","@id":"https:\/\/motorista.com.br\/noticias\/2025\/12\/09\/mototaxis-em-sp-aplicativos-devem-contestar-nova-lei\/#breadcrumb","itemListElement":[{"@type":"ListItem","position":1,"name":"In\u00edcio","item":"https:\/\/motorista.com.br\/noticias\/"},{"@type":"ListItem","position":2,"name":"Motot\u00e1xis em SP: aplicativos devem contestar nova lei"}]},{"@type":"WebSite","@id":"https:\/\/motorista.com.br\/noticias\/#website","url":"https:\/\/motorista.com.br\/noticias\/","name":"Motorista.com.br","description":"Not\u00edcia do Motorista","publisher":{"@id":"https:\/\/motorista.com.br\/noticias\/#organization"},"potentialAction":[{"@type":"SearchAction","target":{"@type":"EntryPoint","urlTemplate":"https:\/\/motorista.com.br\/noticias\/?s={search_term_string}"},"query-input":{"@type":"PropertyValueSpecification","valueRequired":true,"valueName":"search_term_string"}}],"inLanguage":"pt-BR"},{"@type":"Organization","@id":"https:\/\/motorista.com.br\/noticias\/#organization","name":"Motorista.com.br","url":"https:\/\/motorista.com.br\/noticias\/","logo":{"@type":"ImageObject","inLanguage":"pt-BR","@id":"https:\/\/motorista.com.br\/noticias\/#\/schema\/logo\/image\/","url":"https:\/\/motorista.com.br\/noticias\/wp-content\/uploads\/2025\/06\/Design-sem-nome-9.png","contentUrl":"https:\/\/motorista.com.br\/noticias\/wp-content\/uploads\/2025\/06\/Design-sem-nome-9.png","width":150,"height":85,"caption":"Motorista.com.br"},"image":{"@id":"https:\/\/motorista.com.br\/noticias\/#\/schema\/logo\/image\/"}},{"@type":"Person","@id":"https:\/\/motorista.com.br\/noticias\/#\/schema\/person\/dc93afc2981c0e3ce6bc3c053fd847be","name":"Equipe Reda\u00e7\u00e3o","image":{"@type":"ImageObject","inLanguage":"pt-BR","@id":"https:\/\/secure.gravatar.com\/avatar\/4f525efbf18dd2bb300ccad28bfb99d95a9465a5ba268407c8c37b37e1f28d2d?s=96&d=mm&r=g9e099043a0c61e9ae27e293b9fa75ffc","url":"https:\/\/secure.gravatar.com\/avatar\/4f525efbf18dd2bb300ccad28bfb99d95a9465a5ba268407c8c37b37e1f28d2d?s=96&d=mm&r=g","contentUrl":"https:\/\/secure.gravatar.com\/avatar\/4f525efbf18dd2bb300ccad28bfb99d95a9465a5ba268407c8c37b37e1f28d2d?s=96&d=mm&r=g","caption":"Equipe Reda\u00e7\u00e3o"},"description":"Equipe de reda\u00e7\u00e3o \u00e9 um grupo de profissionais que trabalham juntos para criar conte\u00fado escrito para Motorista.com.br","url":"https:\/\/motorista.com.br\/noticias\/author\/equiperedacao\/"}]}},"_links":{"self":[{"href":"https:\/\/motorista.com.br\/noticias\/wp-json\/wp\/v2\/posts\/5076","targetHints":{"allow":["GET"]}}],"collection":[{"href":"https:\/\/motorista.com.br\/noticias\/wp-json\/wp\/v2\/posts"}],"about":[{"href":"https:\/\/motorista.com.br\/noticias\/wp-json\/wp\/v2\/types\/post"}],"author":[{"embeddable":true,"href":"https:\/\/motorista.com.br\/noticias\/wp-json\/wp\/v2\/users\/4"}],"replies":[{"embeddable":true,"href":"https:\/\/motorista.com.br\/noticias\/wp-json\/wp\/v2\/comments?post=5076"}],"version-history":[{"count":0,"href":"https:\/\/motorista.com.br\/noticias\/wp-json\/wp\/v2\/posts\/5076\/revisions"}],"wp:featuredmedia":[{"embeddable":true,"href":"https:\/\/motorista.com.br\/noticias\/wp-json\/wp\/v2\/media\/5077"}],"wp:attachment":[{"href":"https:\/\/motorista.com.br\/noticias\/wp-json\/wp\/v2\/media?parent=5076"}],"wp:term":[{"taxonomy":"category","embeddable":true,"href":"https:\/\/motorista.com.br\/noticias\/wp-json\/wp\/v2\/categories?post=5076"},{"taxonomy":"post_tag","embeddable":true,"href":"https:\/\/motorista.com.br\/noticias\/wp-json\/wp\/v2\/tags?post=5076"},{"taxonomy":"author","embeddable":true,"href":"https:\/\/motorista.com.br\/noticias\/wp-json\/wp\/v2\/coauthors?post=5076"}],"curies":[{"name":"wp","href":"https:\/\/api.w.org\/{rel}","templated":true}]}}