{"id":5067,"date":"2025-12-09T11:25:57","date_gmt":"2025-12-09T14:25:57","guid":{"rendered":"https:\/\/motorista.com.br\/noticias\/2025\/12\/09\/cnh-novas-regulamentacoes-entram-em-vigor-nesta-terca-feira-9\/"},"modified":"2025-12-09T11:25:57","modified_gmt":"2025-12-09T14:25:57","slug":"cnh-novas-regulamentacoes-entram-em-vigor-nesta-terca-feira-9","status":"publish","type":"post","link":"https:\/\/motorista.com.br\/noticias\/2025\/12\/09\/cnh-novas-regulamentacoes-entram-em-vigor-nesta-terca-feira-9\/","title":{"rendered":"CNH: novas regulamenta\u00e7\u00f5es entram em vigor nesta ter\u00e7a-feira (9)"},"content":{"rendered":"<p><\/p>\n<h2>CNH: Novas Regras Come\u00e7am a Valer Nesta Ter\u00e7a-feira (9)<\/h2>\n<p>O governo federal implementou um conjunto de mudan\u00e7as que alteram de forma significativa o processo para a obten\u00e7\u00e3o da Carteira Nacional de Habilita\u00e7\u00e3o (CNH), com medidas que visam n\u00e3o apenas modernizar o sistema, mas tamb\u00e9m reduzir custos, promovendo maior acesso \u00e0 habilita\u00e7\u00e3o.<\/p>\n<h3>Principais Mudan\u00e7as<\/h3>\n<p>Entre as altera\u00e7\u00f5es, destaca-se o fim da obrigatoriedade das aulas em autoescolas. O novo aplicativo, CNH do Brasil, oferecer\u00e1 conte\u00fado te\u00f3rico gratuito, sem carga hor\u00e1ria m\u00ednima exigida, permitindo que o aluno escolha entre instrutores credenciados e at\u00e9 utilize seu pr\u00f3prio ve\u00edculo. As aulas pr\u00e1ticas foram simplificadas; a carga m\u00ednima foi reduzida de 20 para apenas 2 horas. Isso pode facilitar a vida de muitos que, por quest\u00f5es financeiras ou log\u00edsticas, n\u00e3o podiam concluir o processo antes.<\/p>\n<h3>Impactos na Mobilidade e na Vida dos Motoristas<\/h3>\n<p>Essas mudan\u00e7as t\u00eam o potencial de impactar positivamente a mobilidade urbana e a seguran\u00e7a no tr\u00e2nsito. Ao permitir que mais pessoas se habilitem, o governo espera reduzir o n\u00famero de motoristas sem CNH \u2014 atualmente estimados em 20 milh\u00f5es. Al\u00e9m disso, com um maior n\u00famero de pessoas habilitadas, espera-se uma melhor circula\u00e7\u00e3o e organiza\u00e7\u00e3o do tr\u00e2nsito, reduzindo potenciais riscos associados a motoristas n\u00e3o qualificados.<\/p>\n<h3>Incentivo \u00e0 Responsabilidade<\/h3>\n<p>Outra inova\u00e7\u00e3o \u00e9 a cria\u00e7\u00e3o do selo de \u201cbom condutor\u201d. Motoristas que n\u00e3o acumularem pontos por infra\u00e7\u00f5es no ano anterior ter\u00e3o a renova\u00e7\u00e3o de sua CNH feita automaticamente e sem custos. Essa medida n\u00e3o s\u00f3 simplifica o processo para condutores respons\u00e1veis, mas tamb\u00e9m serve como um incentivo para a dire\u00e7\u00e3o prudente, contribuindo para a redu\u00e7\u00e3o de acidentes e promovendo um ambiente de tr\u00e2nsito mais seguro.<\/p>\n<h3>Digitaliza\u00e7\u00e3o do Processo<\/h3>\n<p>O processo digital tamb\u00e9m ser\u00e1 uma grande inova\u00e7\u00e3o. A maior parte das etapas, incluindo cursos te\u00f3ricos e exames, ser\u00e1 realizada por meio do aplicativo, tornando a experi\u00eancia mais pr\u00e1tica e acess\u00edvel. Com mais servi\u00e7os dispon\u00edveis digitalmente, espera-se um aumento na efici\u00eancia e uma redu\u00e7\u00e3o nas filas e burocracia enfrentadas atualmente.<\/p>\n<p>A moderniza\u00e7\u00e3o do sistema de habilita\u00e7\u00e3o pode transformar o cen\u00e1rio da mobilidade no Brasil, democratizando o acesso \u00e0 CNH e melhorando a seguran\u00e7a nas estradas.<\/p>\n<p><strong>Fonte: Olhar Digital<\/strong><\/p>\n","protected":false},"excerpt":{"rendered":"<p>CNH: Novas Regras Come\u00e7am a Valer Nesta Ter\u00e7a-feira (9) O governo federal implementou um conjunto de mudan\u00e7as que alteram de forma significativa o processo para a obten\u00e7\u00e3o da Carteira Nacional de Habilita\u00e7\u00e3o (CNH), com medidas que visam n\u00e3o apenas modernizar o sistema, mas tamb\u00e9m reduzir custos, promovendo maior acesso \u00e0 habilita\u00e7\u00e3o. Principais Mudan\u00e7as Entre as &hellip;<\/p>\n","protected":false},"author":4,"featured_media":5068,"comment_status":"","ping_status":"open","sticky":false,"template":"","format":"standard","meta":{"footnotes":""},"categories":[56],"tags":[],"coauthors":[42],"class_list":["post-5067","post","type-post","status-publish","format-standard","has-post-thumbnail","hentry","category-tecnologia"],"yoast_head":"<!-- This site is optimized with the Yoast SEO Premium plugin v25.5 (Yoast SEO v27.4) - https:\/\/yoast.com\/product\/yoast-seo-premium-wordpress\/ -->\n<title>CNH: novas regulamenta\u00e7\u00f5es entram em vigor nesta ter\u00e7a-feira (9) - Motorista.com.br<\/title>\n<meta name=\"robots\" content=\"index, follow, max-snippet:-1, max-image-preview:large, max-video-preview:-1\" \/>\n<link rel=\"canonical\" href=\"https:\/\/motorista.com.br\/noticias\/2025\/12\/09\/cnh-novas-regulamentacoes-entram-em-vigor-nesta-terca-feira-9\/\" \/>\n<meta property=\"og:locale\" content=\"pt_BR\" \/>\n<meta property=\"og:type\" content=\"article\" \/>\n<meta property=\"og:title\" content=\"CNH: novas regulamenta\u00e7\u00f5es entram em vigor nesta ter\u00e7a-feira (9)\" \/>\n<meta property=\"og:description\" content=\"CNH: Novas Regras Come\u00e7am a Valer Nesta Ter\u00e7a-feira (9) O governo federal implementou um conjunto de mudan\u00e7as que alteram de forma significativa o processo para a obten\u00e7\u00e3o da Carteira Nacional de Habilita\u00e7\u00e3o (CNH), com medidas que visam n\u00e3o apenas modernizar o sistema, mas tamb\u00e9m reduzir custos, promovendo maior acesso \u00e0 habilita\u00e7\u00e3o. Principais Mudan\u00e7as Entre as &hellip;\" \/>\n<meta property=\"og:url\" content=\"https:\/\/motorista.com.br\/noticias\/2025\/12\/09\/cnh-novas-regulamentacoes-entram-em-vigor-nesta-terca-feira-9\/\" \/>\n<meta property=\"og:site_name\" content=\"Motorista.com.br\" \/>\n<meta property=\"article:published_time\" content=\"2025-12-09T14:25:57+00:00\" \/>\n<meta name=\"author\" content=\"Equipe Reda\u00e7\u00e3o\" \/>\n<meta name=\"twitter:card\" content=\"summary_large_image\" \/>\n<meta name=\"twitter:label1\" content=\"Escrito por\" \/>\n\t<meta name=\"twitter:data1\" content=\"Equipe Reda\u00e7\u00e3o\" \/>\n\t<meta name=\"twitter:label2\" content=\"Est. tempo de leitura\" \/>\n\t<meta name=\"twitter:data2\" content=\"2 minutos\" \/>\n\t<meta name=\"twitter:label3\" content=\"Written by\" \/>\n\t<meta name=\"twitter:data3\" content=\"Equipe Reda\u00e7\u00e3o\" \/>\n<script type=\"application\/ld+json\" class=\"yoast-schema-graph\">{\"@context\":\"https:\\\/\\\/schema.org\",\"@graph\":[{\"@type\":\"Article\",\"@id\":\"https:\\\/\\\/motorista.com.br\\\/noticias\\\/2025\\\/12\\\/09\\\/cnh-novas-regulamentacoes-entram-em-vigor-nesta-terca-feira-9\\\/#article\",\"isPartOf\":{\"@id\":\"https:\\\/\\\/motorista.com.br\\\/noticias\\\/2025\\\/12\\\/09\\\/cnh-novas-regulamentacoes-entram-em-vigor-nesta-terca-feira-9\\\/\"},\"author\":{\"name\":\"Equipe Reda\u00e7\u00e3o\",\"@id\":\"https:\\\/\\\/motorista.com.br\\\/noticias\\\/#\\\/schema\\\/person\\\/dc93afc2981c0e3ce6bc3c053fd847be\"},\"headline\":\"CNH: novas regulamenta\u00e7\u00f5es entram em vigor nesta ter\u00e7a-feira (9)\",\"datePublished\":\"2025-12-09T14:25:57+00:00\",\"mainEntityOfPage\":{\"@id\":\"https:\\\/\\\/motorista.com.br\\\/noticias\\\/2025\\\/12\\\/09\\\/cnh-novas-regulamentacoes-entram-em-vigor-nesta-terca-feira-9\\\/\"},\"wordCount\":411,\"publisher\":{\"@id\":\"https:\\\/\\\/motorista.com.br\\\/noticias\\\/#organization\"},\"image\":{\"@id\":\"https:\\\/\\\/motorista.com.br\\\/noticias\\\/2025\\\/12\\\/09\\\/cnh-novas-regulamentacoes-entram-em-vigor-nesta-terca-feira-9\\\/#primaryimage\"},\"thumbnailUrl\":\"https:\\\/\\\/motorista.com.br\\\/noticias\\\/wp-content\\\/uploads\\\/2025\\\/12\\\/cnh-scaled.jpg\",\"articleSection\":[\"Tecnologia\"],\"inLanguage\":\"pt-BR\"},{\"@type\":\"WebPage\",\"@id\":\"https:\\\/\\\/motorista.com.br\\\/noticias\\\/2025\\\/12\\\/09\\\/cnh-novas-regulamentacoes-entram-em-vigor-nesta-terca-feira-9\\\/\",\"url\":\"https:\\\/\\\/motorista.com.br\\\/noticias\\\/2025\\\/12\\\/09\\\/cnh-novas-regulamentacoes-entram-em-vigor-nesta-terca-feira-9\\\/\",\"name\":\"CNH: novas regulamenta\u00e7\u00f5es entram em vigor nesta ter\u00e7a-feira (9) - Motorista.com.br\",\"isPartOf\":{\"@id\":\"https:\\\/\\\/motorista.com.br\\\/noticias\\\/#website\"},\"primaryImageOfPage\":{\"@id\":\"https:\\\/\\\/motorista.com.br\\\/noticias\\\/2025\\\/12\\\/09\\\/cnh-novas-regulamentacoes-entram-em-vigor-nesta-terca-feira-9\\\/#primaryimage\"},\"image\":{\"@id\":\"https:\\\/\\\/motorista.com.br\\\/noticias\\\/2025\\\/12\\\/09\\\/cnh-novas-regulamentacoes-entram-em-vigor-nesta-terca-feira-9\\\/#primaryimage\"},\"thumbnailUrl\":\"https:\\\/\\\/motorista.com.br\\\/noticias\\\/wp-content\\\/uploads\\\/2025\\\/12\\\/cnh-scaled.jpg\",\"datePublished\":\"2025-12-09T14:25:57+00:00\",\"breadcrumb\":{\"@id\":\"https:\\\/\\\/motorista.com.br\\\/noticias\\\/2025\\\/12\\\/09\\\/cnh-novas-regulamentacoes-entram-em-vigor-nesta-terca-feira-9\\\/#breadcrumb\"},\"inLanguage\":\"pt-BR\",\"potentialAction\":[{\"@type\":\"ReadAction\",\"target\":[\"https:\\\/\\\/motorista.com.br\\\/noticias\\\/2025\\\/12\\\/09\\\/cnh-novas-regulamentacoes-entram-em-vigor-nesta-terca-feira-9\\\/\"]}]},{\"@type\":\"ImageObject\",\"inLanguage\":\"pt-BR\",\"@id\":\"https:\\\/\\\/motorista.com.br\\\/noticias\\\/2025\\\/12\\\/09\\\/cnh-novas-regulamentacoes-entram-em-vigor-nesta-terca-feira-9\\\/#primaryimage\",\"url\":\"https:\\\/\\\/motorista.com.br\\\/noticias\\\/wp-content\\\/uploads\\\/2025\\\/12\\\/cnh-scaled.jpg\",\"contentUrl\":\"https:\\\/\\\/motorista.com.br\\\/noticias\\\/wp-content\\\/uploads\\\/2025\\\/12\\\/cnh-scaled.jpg\",\"width\":2560,\"height\":1707},{\"@type\":\"BreadcrumbList\",\"@id\":\"https:\\\/\\\/motorista.com.br\\\/noticias\\\/2025\\\/12\\\/09\\\/cnh-novas-regulamentacoes-entram-em-vigor-nesta-terca-feira-9\\\/#breadcrumb\",\"itemListElement\":[{\"@type\":\"ListItem\",\"position\":1,\"name\":\"In\u00edcio\",\"item\":\"https:\\\/\\\/motorista.com.br\\\/noticias\\\/\"},{\"@type\":\"ListItem\",\"position\":2,\"name\":\"CNH: novas regulamenta\u00e7\u00f5es entram em vigor nesta ter\u00e7a-feira (9)\"}]},{\"@type\":\"WebSite\",\"@id\":\"https:\\\/\\\/motorista.com.br\\\/noticias\\\/#website\",\"url\":\"https:\\\/\\\/motorista.com.br\\\/noticias\\\/\",\"name\":\"Motorista.com.br\",\"description\":\"Not\u00edcia do Motorista\",\"publisher\":{\"@id\":\"https:\\\/\\\/motorista.com.br\\\/noticias\\\/#organization\"},\"potentialAction\":[{\"@type\":\"SearchAction\",\"target\":{\"@type\":\"EntryPoint\",\"urlTemplate\":\"https:\\\/\\\/motorista.com.br\\\/noticias\\\/?s={search_term_string}\"},\"query-input\":{\"@type\":\"PropertyValueSpecification\",\"valueRequired\":true,\"valueName\":\"search_term_string\"}}],\"inLanguage\":\"pt-BR\"},{\"@type\":\"Organization\",\"@id\":\"https:\\\/\\\/motorista.com.br\\\/noticias\\\/#organization\",\"name\":\"Motorista.com.br\",\"url\":\"https:\\\/\\\/motorista.com.br\\\/noticias\\\/\",\"logo\":{\"@type\":\"ImageObject\",\"inLanguage\":\"pt-BR\",\"@id\":\"https:\\\/\\\/motorista.com.br\\\/noticias\\\/#\\\/schema\\\/logo\\\/image\\\/\",\"url\":\"https:\\\/\\\/motorista.com.br\\\/noticias\\\/wp-content\\\/uploads\\\/2025\\\/06\\\/Design-sem-nome-9.png\",\"contentUrl\":\"https:\\\/\\\/motorista.com.br\\\/noticias\\\/wp-content\\\/uploads\\\/2025\\\/06\\\/Design-sem-nome-9.png\",\"width\":150,\"height\":85,\"caption\":\"Motorista.com.br\"},\"image\":{\"@id\":\"https:\\\/\\\/motorista.com.br\\\/noticias\\\/#\\\/schema\\\/logo\\\/image\\\/\"}},{\"@type\":\"Person\",\"@id\":\"https:\\\/\\\/motorista.com.br\\\/noticias\\\/#\\\/schema\\\/person\\\/dc93afc2981c0e3ce6bc3c053fd847be\",\"name\":\"Equipe Reda\u00e7\u00e3o\",\"image\":{\"@type\":\"ImageObject\",\"inLanguage\":\"pt-BR\",\"@id\":\"https:\\\/\\\/secure.gravatar.com\\\/avatar\\\/4f525efbf18dd2bb300ccad28bfb99d95a9465a5ba268407c8c37b37e1f28d2d?s=96&d=mm&r=g9e099043a0c61e9ae27e293b9fa75ffc\",\"url\":\"https:\\\/\\\/secure.gravatar.com\\\/avatar\\\/4f525efbf18dd2bb300ccad28bfb99d95a9465a5ba268407c8c37b37e1f28d2d?s=96&d=mm&r=g\",\"contentUrl\":\"https:\\\/\\\/secure.gravatar.com\\\/avatar\\\/4f525efbf18dd2bb300ccad28bfb99d95a9465a5ba268407c8c37b37e1f28d2d?s=96&d=mm&r=g\",\"caption\":\"Equipe Reda\u00e7\u00e3o\"},\"description\":\"Equipe de reda\u00e7\u00e3o \u00e9 um grupo de profissionais que trabalham juntos para criar conte\u00fado escrito para Motorista.com.br\",\"url\":\"https:\\\/\\\/motorista.com.br\\\/noticias\\\/author\\\/equiperedacao\\\/\"}]}<\/script>\n<!-- \/ Yoast SEO Premium plugin. -->","yoast_head_json":{"title":"CNH: novas regulamenta\u00e7\u00f5es entram em vigor nesta ter\u00e7a-feira (9) - Motorista.com.br","robots":{"index":"index","follow":"follow","max-snippet":"max-snippet:-1","max-image-preview":"max-image-preview:large","max-video-preview":"max-video-preview:-1"},"canonical":"https:\/\/motorista.com.br\/noticias\/2025\/12\/09\/cnh-novas-regulamentacoes-entram-em-vigor-nesta-terca-feira-9\/","og_locale":"pt_BR","og_type":"article","og_title":"CNH: novas regulamenta\u00e7\u00f5es entram em vigor nesta ter\u00e7a-feira (9)","og_description":"CNH: Novas Regras Come\u00e7am a Valer Nesta Ter\u00e7a-feira (9) O governo federal implementou um conjunto de mudan\u00e7as que alteram de forma significativa o processo para a obten\u00e7\u00e3o da Carteira Nacional de Habilita\u00e7\u00e3o (CNH), com medidas que visam n\u00e3o apenas modernizar o sistema, mas tamb\u00e9m reduzir custos, promovendo maior acesso \u00e0 habilita\u00e7\u00e3o. Principais Mudan\u00e7as Entre as &hellip;","og_url":"https:\/\/motorista.com.br\/noticias\/2025\/12\/09\/cnh-novas-regulamentacoes-entram-em-vigor-nesta-terca-feira-9\/","og_site_name":"Motorista.com.br","article_published_time":"2025-12-09T14:25:57+00:00","author":"Equipe Reda\u00e7\u00e3o","twitter_card":"summary_large_image","twitter_misc":{"Escrito por":"Equipe Reda\u00e7\u00e3o","Est. tempo de leitura":"2 minutos","Written by":"Equipe Reda\u00e7\u00e3o"},"schema":{"@context":"https:\/\/schema.org","@graph":[{"@type":"Article","@id":"https:\/\/motorista.com.br\/noticias\/2025\/12\/09\/cnh-novas-regulamentacoes-entram-em-vigor-nesta-terca-feira-9\/#article","isPartOf":{"@id":"https:\/\/motorista.com.br\/noticias\/2025\/12\/09\/cnh-novas-regulamentacoes-entram-em-vigor-nesta-terca-feira-9\/"},"author":{"name":"Equipe Reda\u00e7\u00e3o","@id":"https:\/\/motorista.com.br\/noticias\/#\/schema\/person\/dc93afc2981c0e3ce6bc3c053fd847be"},"headline":"CNH: novas regulamenta\u00e7\u00f5es entram em vigor nesta ter\u00e7a-feira (9)","datePublished":"2025-12-09T14:25:57+00:00","mainEntityOfPage":{"@id":"https:\/\/motorista.com.br\/noticias\/2025\/12\/09\/cnh-novas-regulamentacoes-entram-em-vigor-nesta-terca-feira-9\/"},"wordCount":411,"publisher":{"@id":"https:\/\/motorista.com.br\/noticias\/#organization"},"image":{"@id":"https:\/\/motorista.com.br\/noticias\/2025\/12\/09\/cnh-novas-regulamentacoes-entram-em-vigor-nesta-terca-feira-9\/#primaryimage"},"thumbnailUrl":"https:\/\/motorista.com.br\/noticias\/wp-content\/uploads\/2025\/12\/cnh-scaled.jpg","articleSection":["Tecnologia"],"inLanguage":"pt-BR"},{"@type":"WebPage","@id":"https:\/\/motorista.com.br\/noticias\/2025\/12\/09\/cnh-novas-regulamentacoes-entram-em-vigor-nesta-terca-feira-9\/","url":"https:\/\/motorista.com.br\/noticias\/2025\/12\/09\/cnh-novas-regulamentacoes-entram-em-vigor-nesta-terca-feira-9\/","name":"CNH: novas regulamenta\u00e7\u00f5es entram em vigor nesta ter\u00e7a-feira (9) - Motorista.com.br","isPartOf":{"@id":"https:\/\/motorista.com.br\/noticias\/#website"},"primaryImageOfPage":{"@id":"https:\/\/motorista.com.br\/noticias\/2025\/12\/09\/cnh-novas-regulamentacoes-entram-em-vigor-nesta-terca-feira-9\/#primaryimage"},"image":{"@id":"https:\/\/motorista.com.br\/noticias\/2025\/12\/09\/cnh-novas-regulamentacoes-entram-em-vigor-nesta-terca-feira-9\/#primaryimage"},"thumbnailUrl":"https:\/\/motorista.com.br\/noticias\/wp-content\/uploads\/2025\/12\/cnh-scaled.jpg","datePublished":"2025-12-09T14:25:57+00:00","breadcrumb":{"@id":"https:\/\/motorista.com.br\/noticias\/2025\/12\/09\/cnh-novas-regulamentacoes-entram-em-vigor-nesta-terca-feira-9\/#breadcrumb"},"inLanguage":"pt-BR","potentialAction":[{"@type":"ReadAction","target":["https:\/\/motorista.com.br\/noticias\/2025\/12\/09\/cnh-novas-regulamentacoes-entram-em-vigor-nesta-terca-feira-9\/"]}]},{"@type":"ImageObject","inLanguage":"pt-BR","@id":"https:\/\/motorista.com.br\/noticias\/2025\/12\/09\/cnh-novas-regulamentacoes-entram-em-vigor-nesta-terca-feira-9\/#primaryimage","url":"https:\/\/motorista.com.br\/noticias\/wp-content\/uploads\/2025\/12\/cnh-scaled.jpg","contentUrl":"https:\/\/motorista.com.br\/noticias\/wp-content\/uploads\/2025\/12\/cnh-scaled.jpg","width":2560,"height":1707},{"@type":"BreadcrumbList","@id":"https:\/\/motorista.com.br\/noticias\/2025\/12\/09\/cnh-novas-regulamentacoes-entram-em-vigor-nesta-terca-feira-9\/#breadcrumb","itemListElement":[{"@type":"ListItem","position":1,"name":"In\u00edcio","item":"https:\/\/motorista.com.br\/noticias\/"},{"@type":"ListItem","position":2,"name":"CNH: novas regulamenta\u00e7\u00f5es entram em vigor nesta ter\u00e7a-feira (9)"}]},{"@type":"WebSite","@id":"https:\/\/motorista.com.br\/noticias\/#website","url":"https:\/\/motorista.com.br\/noticias\/","name":"Motorista.com.br","description":"Not\u00edcia do Motorista","publisher":{"@id":"https:\/\/motorista.com.br\/noticias\/#organization"},"potentialAction":[{"@type":"SearchAction","target":{"@type":"EntryPoint","urlTemplate":"https:\/\/motorista.com.br\/noticias\/?s={search_term_string}"},"query-input":{"@type":"PropertyValueSpecification","valueRequired":true,"valueName":"search_term_string"}}],"inLanguage":"pt-BR"},{"@type":"Organization","@id":"https:\/\/motorista.com.br\/noticias\/#organization","name":"Motorista.com.br","url":"https:\/\/motorista.com.br\/noticias\/","logo":{"@type":"ImageObject","inLanguage":"pt-BR","@id":"https:\/\/motorista.com.br\/noticias\/#\/schema\/logo\/image\/","url":"https:\/\/motorista.com.br\/noticias\/wp-content\/uploads\/2025\/06\/Design-sem-nome-9.png","contentUrl":"https:\/\/motorista.com.br\/noticias\/wp-content\/uploads\/2025\/06\/Design-sem-nome-9.png","width":150,"height":85,"caption":"Motorista.com.br"},"image":{"@id":"https:\/\/motorista.com.br\/noticias\/#\/schema\/logo\/image\/"}},{"@type":"Person","@id":"https:\/\/motorista.com.br\/noticias\/#\/schema\/person\/dc93afc2981c0e3ce6bc3c053fd847be","name":"Equipe Reda\u00e7\u00e3o","image":{"@type":"ImageObject","inLanguage":"pt-BR","@id":"https:\/\/secure.gravatar.com\/avatar\/4f525efbf18dd2bb300ccad28bfb99d95a9465a5ba268407c8c37b37e1f28d2d?s=96&d=mm&r=g9e099043a0c61e9ae27e293b9fa75ffc","url":"https:\/\/secure.gravatar.com\/avatar\/4f525efbf18dd2bb300ccad28bfb99d95a9465a5ba268407c8c37b37e1f28d2d?s=96&d=mm&r=g","contentUrl":"https:\/\/secure.gravatar.com\/avatar\/4f525efbf18dd2bb300ccad28bfb99d95a9465a5ba268407c8c37b37e1f28d2d?s=96&d=mm&r=g","caption":"Equipe Reda\u00e7\u00e3o"},"description":"Equipe de reda\u00e7\u00e3o \u00e9 um grupo de profissionais que trabalham juntos para criar conte\u00fado escrito para Motorista.com.br","url":"https:\/\/motorista.com.br\/noticias\/author\/equiperedacao\/"}]}},"_links":{"self":[{"href":"https:\/\/motorista.com.br\/noticias\/wp-json\/wp\/v2\/posts\/5067","targetHints":{"allow":["GET"]}}],"collection":[{"href":"https:\/\/motorista.com.br\/noticias\/wp-json\/wp\/v2\/posts"}],"about":[{"href":"https:\/\/motorista.com.br\/noticias\/wp-json\/wp\/v2\/types\/post"}],"author":[{"embeddable":true,"href":"https:\/\/motorista.com.br\/noticias\/wp-json\/wp\/v2\/users\/4"}],"replies":[{"embeddable":true,"href":"https:\/\/motorista.com.br\/noticias\/wp-json\/wp\/v2\/comments?post=5067"}],"version-history":[{"count":0,"href":"https:\/\/motorista.com.br\/noticias\/wp-json\/wp\/v2\/posts\/5067\/revisions"}],"wp:featuredmedia":[{"embeddable":true,"href":"https:\/\/motorista.com.br\/noticias\/wp-json\/wp\/v2\/media\/5068"}],"wp:attachment":[{"href":"https:\/\/motorista.com.br\/noticias\/wp-json\/wp\/v2\/media?parent=5067"}],"wp:term":[{"taxonomy":"category","embeddable":true,"href":"https:\/\/motorista.com.br\/noticias\/wp-json\/wp\/v2\/categories?post=5067"},{"taxonomy":"post_tag","embeddable":true,"href":"https:\/\/motorista.com.br\/noticias\/wp-json\/wp\/v2\/tags?post=5067"},{"taxonomy":"author","embeddable":true,"href":"https:\/\/motorista.com.br\/noticias\/wp-json\/wp\/v2\/coauthors?post=5067"}],"curies":[{"name":"wp","href":"https:\/\/api.w.org\/{rel}","templated":true}]}}