{"id":5007,"date":"2025-12-06T22:26:06","date_gmt":"2025-12-07T01:26:06","guid":{"rendered":"https:\/\/motorista.com.br\/noticias\/2025\/12\/06\/xp-revisa-ipca-2025-e-espera-inflacao-dentro-da-meta\/"},"modified":"2025-12-06T22:26:06","modified_gmt":"2025-12-07T01:26:06","slug":"xp-revisa-ipca-2025-e-espera-inflacao-dentro-da-meta","status":"publish","type":"post","link":"https:\/\/motorista.com.br\/noticias\/2025\/12\/06\/xp-revisa-ipca-2025-e-espera-inflacao-dentro-da-meta\/","title":{"rendered":"XP revisa IPCA 2025 e espera infla\u00e7\u00e3o dentro da meta."},"content":{"rendered":"<p>A XP Investimentos revisou sua proje\u00e7\u00e3o de infla\u00e7\u00e3o para 2025, reduzindo a expectativa de 4,5% para 4,3%. Essa altera\u00e7\u00e3o, de acordo com o economista Alexandre Maluf, \u00e9 resultado da continua\u00e7\u00e3o da desacelera\u00e7\u00e3o nos pre\u00e7os de alimentos e bens industrializados. A an\u00e1lise preliminar do IPCA-15 de novembro indica uma din\u00e2mica favor\u00e1vel para a infla\u00e7\u00e3o no curto prazo, com uma nova rodada de defla\u00e7\u00e3o em diversas categorias.<\/p>\n<p>Os dados apontam que a m\u00e9dia das medidas de n\u00facleo, que excluem itens vol\u00e1teis, caiu para 3,4%, o menor n\u00edvel do ano. Maluf ressaltou que essa tend\u00eancia positiva no comportamento dos pre\u00e7os pode impactar diretamente os motoristas e a mobilidade urbana. Com a expectativa de pre\u00e7os mais baixos em bens industrializados, itens como pneus e pe\u00e7as de reposi\u00e7\u00e3o podem se tornar mais acess\u00edveis, resultando em menores custos de manuten\u00e7\u00e3o para os ve\u00edculos.<\/p>\n<p>Al\u00e9m disso, a queda nos pre\u00e7os de alimentos pode beneficiar motoristas aut\u00f4nomos e prestadores de servi\u00e7os de transporte. A redu\u00e7\u00e3o dos custos relacionados \u00e0 alimenta\u00e7\u00e3o \u00e9 um fator que pode ajudar a equilibrar as despesas operacionais, tornando as atividades mais vi\u00e1veis financeiramente.<\/p>\n<p>No que diz respeito aos servi\u00e7os, Maluf mencionou uma modera\u00e7\u00e3o recente nos pre\u00e7os, como a terceira queda consecutiva nos seguros de ve\u00edculos, que caiu 1,5% em novembro. Essa redu\u00e7\u00e3o pode ter um impacto positivo sobre os motoristas, permitindo que economizem em um dos custos fixos mais significativos relacionados a seus autom\u00f3veis.<\/p>\n<p>Por outro lado, os aumentos projetados para as prote\u00ednas no segundo semestre de 2025, embora limitados pela alta oferta de frango e ovos, podem afetar indiretamente os custos de servi\u00e7os de entrega e transporte, onde a alimenta\u00e7\u00e3o dos motoristas \u00e9 um fator relevante.<\/p>\n<p>Com a perspectiva de infla\u00e7\u00e3o mantida em 4,2% para 2026, a expectativa \u00e9 de que os motoristas continuem a se beneficiar de um ambiente de pre\u00e7os mais est\u00e1veis e previs\u00edveis. A possibilidade de maior estabilidade econ\u00f4mica n\u00e3o apenas ajuda os motoristas individuais, mas tamb\u00e9m pode contribuir para uma mobilidade urbana mais eficiente, com um aumento na confian\u00e7a do consumidor e dos investidores.<\/p>\n<p>Fonte: moneytimes<\/p>\n","protected":false},"excerpt":{"rendered":"<p>A XP Investimentos revisou sua proje\u00e7\u00e3o de infla\u00e7\u00e3o para 2025, reduzindo a expectativa de 4,5% para 4,3%. Essa altera\u00e7\u00e3o, de acordo com o economista Alexandre Maluf, \u00e9 resultado da continua\u00e7\u00e3o da desacelera\u00e7\u00e3o nos pre\u00e7os de alimentos e bens industrializados. A an\u00e1lise preliminar do IPCA-15 de novembro indica uma din\u00e2mica favor\u00e1vel para a infla\u00e7\u00e3o no curto &hellip;<\/p>\n","protected":false},"author":4,"featured_media":5008,"comment_status":"","ping_status":"open","sticky":false,"template":"","format":"standard","meta":{"footnotes":""},"categories":[61],"tags":[],"coauthors":[42],"class_list":["post-5007","post","type-post","status-publish","format-standard","has-post-thumbnail","hentry","category-mercado-financeiro"],"yoast_head":"<!-- This site is optimized with the Yoast SEO Premium plugin v25.5 (Yoast SEO v27.4) - https:\/\/yoast.com\/product\/yoast-seo-premium-wordpress\/ -->\n<title>XP revisa IPCA 2025 e espera infla\u00e7\u00e3o dentro da meta. - Motorista.com.br<\/title>\n<meta name=\"robots\" content=\"index, follow, max-snippet:-1, max-image-preview:large, max-video-preview:-1\" \/>\n<link rel=\"canonical\" href=\"https:\/\/motorista.com.br\/noticias\/2025\/12\/06\/xp-revisa-ipca-2025-e-espera-inflacao-dentro-da-meta\/\" \/>\n<meta property=\"og:locale\" content=\"pt_BR\" \/>\n<meta property=\"og:type\" content=\"article\" \/>\n<meta property=\"og:title\" content=\"XP revisa IPCA 2025 e espera infla\u00e7\u00e3o dentro da meta.\" \/>\n<meta property=\"og:description\" content=\"A XP Investimentos revisou sua proje\u00e7\u00e3o de infla\u00e7\u00e3o para 2025, reduzindo a expectativa de 4,5% para 4,3%. Essa altera\u00e7\u00e3o, de acordo com o economista Alexandre Maluf, \u00e9 resultado da continua\u00e7\u00e3o da desacelera\u00e7\u00e3o nos pre\u00e7os de alimentos e bens industrializados. A an\u00e1lise preliminar do IPCA-15 de novembro indica uma din\u00e2mica favor\u00e1vel para a infla\u00e7\u00e3o no curto &hellip;\" \/>\n<meta property=\"og:url\" content=\"https:\/\/motorista.com.br\/noticias\/2025\/12\/06\/xp-revisa-ipca-2025-e-espera-inflacao-dentro-da-meta\/\" \/>\n<meta property=\"og:site_name\" content=\"Motorista.com.br\" \/>\n<meta property=\"article:published_time\" content=\"2025-12-07T01:26:06+00:00\" \/>\n<meta name=\"author\" content=\"Equipe Reda\u00e7\u00e3o\" \/>\n<meta name=\"twitter:card\" content=\"summary_large_image\" \/>\n<meta name=\"twitter:label1\" content=\"Escrito por\" \/>\n\t<meta name=\"twitter:data1\" content=\"Equipe Reda\u00e7\u00e3o\" \/>\n\t<meta name=\"twitter:label2\" content=\"Est. tempo de leitura\" \/>\n\t<meta name=\"twitter:data2\" content=\"2 minutos\" \/>\n\t<meta name=\"twitter:label3\" content=\"Written by\" \/>\n\t<meta name=\"twitter:data3\" content=\"Equipe Reda\u00e7\u00e3o\" \/>\n<script type=\"application\/ld+json\" class=\"yoast-schema-graph\">{\"@context\":\"https:\\\/\\\/schema.org\",\"@graph\":[{\"@type\":\"Article\",\"@id\":\"https:\\\/\\\/motorista.com.br\\\/noticias\\\/2025\\\/12\\\/06\\\/xp-revisa-ipca-2025-e-espera-inflacao-dentro-da-meta\\\/#article\",\"isPartOf\":{\"@id\":\"https:\\\/\\\/motorista.com.br\\\/noticias\\\/2025\\\/12\\\/06\\\/xp-revisa-ipca-2025-e-espera-inflacao-dentro-da-meta\\\/\"},\"author\":{\"name\":\"Equipe Reda\u00e7\u00e3o\",\"@id\":\"https:\\\/\\\/motorista.com.br\\\/noticias\\\/#\\\/schema\\\/person\\\/dc93afc2981c0e3ce6bc3c053fd847be\"},\"headline\":\"XP revisa IPCA 2025 e espera infla\u00e7\u00e3o dentro da meta.\",\"datePublished\":\"2025-12-07T01:26:06+00:00\",\"mainEntityOfPage\":{\"@id\":\"https:\\\/\\\/motorista.com.br\\\/noticias\\\/2025\\\/12\\\/06\\\/xp-revisa-ipca-2025-e-espera-inflacao-dentro-da-meta\\\/\"},\"wordCount\":381,\"publisher\":{\"@id\":\"https:\\\/\\\/motorista.com.br\\\/noticias\\\/#organization\"},\"image\":{\"@id\":\"https:\\\/\\\/motorista.com.br\\\/noticias\\\/2025\\\/12\\\/06\\\/xp-revisa-ipca-2025-e-espera-inflacao-dentro-da-meta\\\/#primaryimage\"},\"thumbnailUrl\":\"https:\\\/\\\/motorista.com.br\\\/noticias\\\/wp-content\\\/uploads\\\/2025\\\/12\\\/inflacao-ipca-15.jpg\",\"articleSection\":[\"Mercado Financeiro\"],\"inLanguage\":\"pt-BR\"},{\"@type\":\"WebPage\",\"@id\":\"https:\\\/\\\/motorista.com.br\\\/noticias\\\/2025\\\/12\\\/06\\\/xp-revisa-ipca-2025-e-espera-inflacao-dentro-da-meta\\\/\",\"url\":\"https:\\\/\\\/motorista.com.br\\\/noticias\\\/2025\\\/12\\\/06\\\/xp-revisa-ipca-2025-e-espera-inflacao-dentro-da-meta\\\/\",\"name\":\"XP revisa IPCA 2025 e espera infla\u00e7\u00e3o dentro da meta. - Motorista.com.br\",\"isPartOf\":{\"@id\":\"https:\\\/\\\/motorista.com.br\\\/noticias\\\/#website\"},\"primaryImageOfPage\":{\"@id\":\"https:\\\/\\\/motorista.com.br\\\/noticias\\\/2025\\\/12\\\/06\\\/xp-revisa-ipca-2025-e-espera-inflacao-dentro-da-meta\\\/#primaryimage\"},\"image\":{\"@id\":\"https:\\\/\\\/motorista.com.br\\\/noticias\\\/2025\\\/12\\\/06\\\/xp-revisa-ipca-2025-e-espera-inflacao-dentro-da-meta\\\/#primaryimage\"},\"thumbnailUrl\":\"https:\\\/\\\/motorista.com.br\\\/noticias\\\/wp-content\\\/uploads\\\/2025\\\/12\\\/inflacao-ipca-15.jpg\",\"datePublished\":\"2025-12-07T01:26:06+00:00\",\"breadcrumb\":{\"@id\":\"https:\\\/\\\/motorista.com.br\\\/noticias\\\/2025\\\/12\\\/06\\\/xp-revisa-ipca-2025-e-espera-inflacao-dentro-da-meta\\\/#breadcrumb\"},\"inLanguage\":\"pt-BR\",\"potentialAction\":[{\"@type\":\"ReadAction\",\"target\":[\"https:\\\/\\\/motorista.com.br\\\/noticias\\\/2025\\\/12\\\/06\\\/xp-revisa-ipca-2025-e-espera-inflacao-dentro-da-meta\\\/\"]}]},{\"@type\":\"ImageObject\",\"inLanguage\":\"pt-BR\",\"@id\":\"https:\\\/\\\/motorista.com.br\\\/noticias\\\/2025\\\/12\\\/06\\\/xp-revisa-ipca-2025-e-espera-inflacao-dentro-da-meta\\\/#primaryimage\",\"url\":\"https:\\\/\\\/motorista.com.br\\\/noticias\\\/wp-content\\\/uploads\\\/2025\\\/12\\\/inflacao-ipca-15.jpg\",\"contentUrl\":\"https:\\\/\\\/motorista.com.br\\\/noticias\\\/wp-content\\\/uploads\\\/2025\\\/12\\\/inflacao-ipca-15.jpg\",\"width\":1280,\"height\":680},{\"@type\":\"BreadcrumbList\",\"@id\":\"https:\\\/\\\/motorista.com.br\\\/noticias\\\/2025\\\/12\\\/06\\\/xp-revisa-ipca-2025-e-espera-inflacao-dentro-da-meta\\\/#breadcrumb\",\"itemListElement\":[{\"@type\":\"ListItem\",\"position\":1,\"name\":\"In\u00edcio\",\"item\":\"https:\\\/\\\/motorista.com.br\\\/noticias\\\/\"},{\"@type\":\"ListItem\",\"position\":2,\"name\":\"XP revisa IPCA 2025 e espera infla\u00e7\u00e3o dentro da meta.\"}]},{\"@type\":\"WebSite\",\"@id\":\"https:\\\/\\\/motorista.com.br\\\/noticias\\\/#website\",\"url\":\"https:\\\/\\\/motorista.com.br\\\/noticias\\\/\",\"name\":\"Motorista.com.br\",\"description\":\"Not\u00edcia do Motorista\",\"publisher\":{\"@id\":\"https:\\\/\\\/motorista.com.br\\\/noticias\\\/#organization\"},\"potentialAction\":[{\"@type\":\"SearchAction\",\"target\":{\"@type\":\"EntryPoint\",\"urlTemplate\":\"https:\\\/\\\/motorista.com.br\\\/noticias\\\/?s={search_term_string}\"},\"query-input\":{\"@type\":\"PropertyValueSpecification\",\"valueRequired\":true,\"valueName\":\"search_term_string\"}}],\"inLanguage\":\"pt-BR\"},{\"@type\":\"Organization\",\"@id\":\"https:\\\/\\\/motorista.com.br\\\/noticias\\\/#organization\",\"name\":\"Motorista.com.br\",\"url\":\"https:\\\/\\\/motorista.com.br\\\/noticias\\\/\",\"logo\":{\"@type\":\"ImageObject\",\"inLanguage\":\"pt-BR\",\"@id\":\"https:\\\/\\\/motorista.com.br\\\/noticias\\\/#\\\/schema\\\/logo\\\/image\\\/\",\"url\":\"https:\\\/\\\/motorista.com.br\\\/noticias\\\/wp-content\\\/uploads\\\/2025\\\/06\\\/Design-sem-nome-9.png\",\"contentUrl\":\"https:\\\/\\\/motorista.com.br\\\/noticias\\\/wp-content\\\/uploads\\\/2025\\\/06\\\/Design-sem-nome-9.png\",\"width\":150,\"height\":85,\"caption\":\"Motorista.com.br\"},\"image\":{\"@id\":\"https:\\\/\\\/motorista.com.br\\\/noticias\\\/#\\\/schema\\\/logo\\\/image\\\/\"}},{\"@type\":\"Person\",\"@id\":\"https:\\\/\\\/motorista.com.br\\\/noticias\\\/#\\\/schema\\\/person\\\/dc93afc2981c0e3ce6bc3c053fd847be\",\"name\":\"Equipe Reda\u00e7\u00e3o\",\"image\":{\"@type\":\"ImageObject\",\"inLanguage\":\"pt-BR\",\"@id\":\"https:\\\/\\\/secure.gravatar.com\\\/avatar\\\/4f525efbf18dd2bb300ccad28bfb99d95a9465a5ba268407c8c37b37e1f28d2d?s=96&d=mm&r=g9e099043a0c61e9ae27e293b9fa75ffc\",\"url\":\"https:\\\/\\\/secure.gravatar.com\\\/avatar\\\/4f525efbf18dd2bb300ccad28bfb99d95a9465a5ba268407c8c37b37e1f28d2d?s=96&d=mm&r=g\",\"contentUrl\":\"https:\\\/\\\/secure.gravatar.com\\\/avatar\\\/4f525efbf18dd2bb300ccad28bfb99d95a9465a5ba268407c8c37b37e1f28d2d?s=96&d=mm&r=g\",\"caption\":\"Equipe Reda\u00e7\u00e3o\"},\"description\":\"Equipe de reda\u00e7\u00e3o \u00e9 um grupo de profissionais que trabalham juntos para criar conte\u00fado escrito para Motorista.com.br\",\"url\":\"https:\\\/\\\/motorista.com.br\\\/noticias\\\/author\\\/equiperedacao\\\/\"}]}<\/script>\n<!-- \/ Yoast SEO Premium plugin. -->","yoast_head_json":{"title":"XP revisa IPCA 2025 e espera infla\u00e7\u00e3o dentro da meta. - Motorista.com.br","robots":{"index":"index","follow":"follow","max-snippet":"max-snippet:-1","max-image-preview":"max-image-preview:large","max-video-preview":"max-video-preview:-1"},"canonical":"https:\/\/motorista.com.br\/noticias\/2025\/12\/06\/xp-revisa-ipca-2025-e-espera-inflacao-dentro-da-meta\/","og_locale":"pt_BR","og_type":"article","og_title":"XP revisa IPCA 2025 e espera infla\u00e7\u00e3o dentro da meta.","og_description":"A XP Investimentos revisou sua proje\u00e7\u00e3o de infla\u00e7\u00e3o para 2025, reduzindo a expectativa de 4,5% para 4,3%. Essa altera\u00e7\u00e3o, de acordo com o economista Alexandre Maluf, \u00e9 resultado da continua\u00e7\u00e3o da desacelera\u00e7\u00e3o nos pre\u00e7os de alimentos e bens industrializados. A an\u00e1lise preliminar do IPCA-15 de novembro indica uma din\u00e2mica favor\u00e1vel para a infla\u00e7\u00e3o no curto &hellip;","og_url":"https:\/\/motorista.com.br\/noticias\/2025\/12\/06\/xp-revisa-ipca-2025-e-espera-inflacao-dentro-da-meta\/","og_site_name":"Motorista.com.br","article_published_time":"2025-12-07T01:26:06+00:00","author":"Equipe Reda\u00e7\u00e3o","twitter_card":"summary_large_image","twitter_misc":{"Escrito por":"Equipe Reda\u00e7\u00e3o","Est. tempo de leitura":"2 minutos","Written by":"Equipe Reda\u00e7\u00e3o"},"schema":{"@context":"https:\/\/schema.org","@graph":[{"@type":"Article","@id":"https:\/\/motorista.com.br\/noticias\/2025\/12\/06\/xp-revisa-ipca-2025-e-espera-inflacao-dentro-da-meta\/#article","isPartOf":{"@id":"https:\/\/motorista.com.br\/noticias\/2025\/12\/06\/xp-revisa-ipca-2025-e-espera-inflacao-dentro-da-meta\/"},"author":{"name":"Equipe Reda\u00e7\u00e3o","@id":"https:\/\/motorista.com.br\/noticias\/#\/schema\/person\/dc93afc2981c0e3ce6bc3c053fd847be"},"headline":"XP revisa IPCA 2025 e espera infla\u00e7\u00e3o dentro da meta.","datePublished":"2025-12-07T01:26:06+00:00","mainEntityOfPage":{"@id":"https:\/\/motorista.com.br\/noticias\/2025\/12\/06\/xp-revisa-ipca-2025-e-espera-inflacao-dentro-da-meta\/"},"wordCount":381,"publisher":{"@id":"https:\/\/motorista.com.br\/noticias\/#organization"},"image":{"@id":"https:\/\/motorista.com.br\/noticias\/2025\/12\/06\/xp-revisa-ipca-2025-e-espera-inflacao-dentro-da-meta\/#primaryimage"},"thumbnailUrl":"https:\/\/motorista.com.br\/noticias\/wp-content\/uploads\/2025\/12\/inflacao-ipca-15.jpg","articleSection":["Mercado Financeiro"],"inLanguage":"pt-BR"},{"@type":"WebPage","@id":"https:\/\/motorista.com.br\/noticias\/2025\/12\/06\/xp-revisa-ipca-2025-e-espera-inflacao-dentro-da-meta\/","url":"https:\/\/motorista.com.br\/noticias\/2025\/12\/06\/xp-revisa-ipca-2025-e-espera-inflacao-dentro-da-meta\/","name":"XP revisa IPCA 2025 e espera infla\u00e7\u00e3o dentro da meta. - Motorista.com.br","isPartOf":{"@id":"https:\/\/motorista.com.br\/noticias\/#website"},"primaryImageOfPage":{"@id":"https:\/\/motorista.com.br\/noticias\/2025\/12\/06\/xp-revisa-ipca-2025-e-espera-inflacao-dentro-da-meta\/#primaryimage"},"image":{"@id":"https:\/\/motorista.com.br\/noticias\/2025\/12\/06\/xp-revisa-ipca-2025-e-espera-inflacao-dentro-da-meta\/#primaryimage"},"thumbnailUrl":"https:\/\/motorista.com.br\/noticias\/wp-content\/uploads\/2025\/12\/inflacao-ipca-15.jpg","datePublished":"2025-12-07T01:26:06+00:00","breadcrumb":{"@id":"https:\/\/motorista.com.br\/noticias\/2025\/12\/06\/xp-revisa-ipca-2025-e-espera-inflacao-dentro-da-meta\/#breadcrumb"},"inLanguage":"pt-BR","potentialAction":[{"@type":"ReadAction","target":["https:\/\/motorista.com.br\/noticias\/2025\/12\/06\/xp-revisa-ipca-2025-e-espera-inflacao-dentro-da-meta\/"]}]},{"@type":"ImageObject","inLanguage":"pt-BR","@id":"https:\/\/motorista.com.br\/noticias\/2025\/12\/06\/xp-revisa-ipca-2025-e-espera-inflacao-dentro-da-meta\/#primaryimage","url":"https:\/\/motorista.com.br\/noticias\/wp-content\/uploads\/2025\/12\/inflacao-ipca-15.jpg","contentUrl":"https:\/\/motorista.com.br\/noticias\/wp-content\/uploads\/2025\/12\/inflacao-ipca-15.jpg","width":1280,"height":680},{"@type":"BreadcrumbList","@id":"https:\/\/motorista.com.br\/noticias\/2025\/12\/06\/xp-revisa-ipca-2025-e-espera-inflacao-dentro-da-meta\/#breadcrumb","itemListElement":[{"@type":"ListItem","position":1,"name":"In\u00edcio","item":"https:\/\/motorista.com.br\/noticias\/"},{"@type":"ListItem","position":2,"name":"XP revisa IPCA 2025 e espera infla\u00e7\u00e3o dentro da meta."}]},{"@type":"WebSite","@id":"https:\/\/motorista.com.br\/noticias\/#website","url":"https:\/\/motorista.com.br\/noticias\/","name":"Motorista.com.br","description":"Not\u00edcia do Motorista","publisher":{"@id":"https:\/\/motorista.com.br\/noticias\/#organization"},"potentialAction":[{"@type":"SearchAction","target":{"@type":"EntryPoint","urlTemplate":"https:\/\/motorista.com.br\/noticias\/?s={search_term_string}"},"query-input":{"@type":"PropertyValueSpecification","valueRequired":true,"valueName":"search_term_string"}}],"inLanguage":"pt-BR"},{"@type":"Organization","@id":"https:\/\/motorista.com.br\/noticias\/#organization","name":"Motorista.com.br","url":"https:\/\/motorista.com.br\/noticias\/","logo":{"@type":"ImageObject","inLanguage":"pt-BR","@id":"https:\/\/motorista.com.br\/noticias\/#\/schema\/logo\/image\/","url":"https:\/\/motorista.com.br\/noticias\/wp-content\/uploads\/2025\/06\/Design-sem-nome-9.png","contentUrl":"https:\/\/motorista.com.br\/noticias\/wp-content\/uploads\/2025\/06\/Design-sem-nome-9.png","width":150,"height":85,"caption":"Motorista.com.br"},"image":{"@id":"https:\/\/motorista.com.br\/noticias\/#\/schema\/logo\/image\/"}},{"@type":"Person","@id":"https:\/\/motorista.com.br\/noticias\/#\/schema\/person\/dc93afc2981c0e3ce6bc3c053fd847be","name":"Equipe Reda\u00e7\u00e3o","image":{"@type":"ImageObject","inLanguage":"pt-BR","@id":"https:\/\/secure.gravatar.com\/avatar\/4f525efbf18dd2bb300ccad28bfb99d95a9465a5ba268407c8c37b37e1f28d2d?s=96&d=mm&r=g9e099043a0c61e9ae27e293b9fa75ffc","url":"https:\/\/secure.gravatar.com\/avatar\/4f525efbf18dd2bb300ccad28bfb99d95a9465a5ba268407c8c37b37e1f28d2d?s=96&d=mm&r=g","contentUrl":"https:\/\/secure.gravatar.com\/avatar\/4f525efbf18dd2bb300ccad28bfb99d95a9465a5ba268407c8c37b37e1f28d2d?s=96&d=mm&r=g","caption":"Equipe Reda\u00e7\u00e3o"},"description":"Equipe de reda\u00e7\u00e3o \u00e9 um grupo de profissionais que trabalham juntos para criar conte\u00fado escrito para Motorista.com.br","url":"https:\/\/motorista.com.br\/noticias\/author\/equiperedacao\/"}]}},"_links":{"self":[{"href":"https:\/\/motorista.com.br\/noticias\/wp-json\/wp\/v2\/posts\/5007","targetHints":{"allow":["GET"]}}],"collection":[{"href":"https:\/\/motorista.com.br\/noticias\/wp-json\/wp\/v2\/posts"}],"about":[{"href":"https:\/\/motorista.com.br\/noticias\/wp-json\/wp\/v2\/types\/post"}],"author":[{"embeddable":true,"href":"https:\/\/motorista.com.br\/noticias\/wp-json\/wp\/v2\/users\/4"}],"replies":[{"embeddable":true,"href":"https:\/\/motorista.com.br\/noticias\/wp-json\/wp\/v2\/comments?post=5007"}],"version-history":[{"count":0,"href":"https:\/\/motorista.com.br\/noticias\/wp-json\/wp\/v2\/posts\/5007\/revisions"}],"wp:featuredmedia":[{"embeddable":true,"href":"https:\/\/motorista.com.br\/noticias\/wp-json\/wp\/v2\/media\/5008"}],"wp:attachment":[{"href":"https:\/\/motorista.com.br\/noticias\/wp-json\/wp\/v2\/media?parent=5007"}],"wp:term":[{"taxonomy":"category","embeddable":true,"href":"https:\/\/motorista.com.br\/noticias\/wp-json\/wp\/v2\/categories?post=5007"},{"taxonomy":"post_tag","embeddable":true,"href":"https:\/\/motorista.com.br\/noticias\/wp-json\/wp\/v2\/tags?post=5007"},{"taxonomy":"author","embeddable":true,"href":"https:\/\/motorista.com.br\/noticias\/wp-json\/wp\/v2\/coauthors?post=5007"}],"curies":[{"name":"wp","href":"https:\/\/api.w.org\/{rel}","templated":true}]}}