{"id":4971,"date":"2025-12-05T10:11:48","date_gmt":"2025-12-05T13:11:48","guid":{"rendered":"https:\/\/motorista.com.br\/noticias\/2025\/12\/05\/fatores-que-prejudicam-a-vida-util-das-baterias-de-carros-eletricos\/"},"modified":"2025-12-05T10:11:48","modified_gmt":"2025-12-05T13:11:48","slug":"fatores-que-prejudicam-a-vida-util-das-baterias-de-carros-eletricos","status":"publish","type":"post","link":"https:\/\/motorista.com.br\/noticias\/2025\/12\/05\/fatores-que-prejudicam-a-vida-util-das-baterias-de-carros-eletricos\/","title":{"rendered":"Fatores que prejudicam a vida \u00fatil das baterias de carros el\u00e9tricos."},"content":{"rendered":"<p><\/p>\n<p><strong>O que deteriora as baterias de carros el\u00e9tricos? Estudo revela.<\/strong><\/p>\n<p>Um recente estudo do Instituto Avan\u00e7ado de Ci\u00eancia e Tecnologia da Coreia (KAIST) trouxe \u00e0 tona uma preocupa\u00e7\u00e3o significativa sobre as baterias de \u00edon-l\u00edtio de alto teor de n\u00edquel, amplamente utilizadas em ve\u00edculos el\u00e9tricos. Embora esses componentes sejam valorizados por sua alta densidade de energia, o estudo revela que um aditivo utilizado para melhorar o desempenho, conhecido como succinonitrila (CN4), est\u00e1 acelerando a degrada\u00e7\u00e3o dessas baterias.<\/p>\n<h3>A Conex\u00e3o entre Aditivos e Deteriora\u00e7\u00e3o<\/h3>\n<p>Os pesquisadores, liderados pelo professor Nam-Soon Choi, descobriram que o CN4, anteriormente considerado ben\u00e9fico, se liga excessivamente aos \u00edons de n\u00edquel no c\u00e1todo das baterias. Essa intera\u00e7\u00e3o impede a forma\u00e7\u00e3o da camada protetora que deveria estabilizar o material durante os ciclos de carga e descarga, resultando em uma degrada\u00e7\u00e3o acelerada e na migra\u00e7\u00e3o de \u00edons de n\u00edquel para o \u00e2nodo.<\/p>\n<p>Essa descoberta \u00e9 um avan\u00e7o importante, n\u00e3o apenas para a ci\u00eancia dos materiais, mas tamb\u00e9m para a ind\u00fastria automotiva. Compreender as causas da deteriora\u00e7\u00e3o das baterias pode levar \u00e0 elabora\u00e7\u00e3o de aditivos mais adequados, potencialmente aumentando a durabilidade e a efici\u00eancia das baterias de ve\u00edculos el\u00e9tricos.<\/p>\n<h3>Impactos Diretos na Mobilidade e Sustentabilidade<\/h3>\n<p>Para motoristas de ve\u00edculos el\u00e9tricos, as implica\u00e7\u00f5es desse estudo s\u00e3o profundas. Baterias que envelhecem rapidamente podem significar custos mais altos com manuten\u00e7\u00e3o e substitui\u00e7\u00e3o, al\u00e9m de afetar o desempenho geral do ve\u00edculo. Um maior conhecimento sobre as deteriora\u00e7\u00f5es das baterias pode n\u00e3o s\u00f3 reduzir esses custos, mas tamb\u00e9m contribuir para a transi\u00e7\u00e3o mais ampla para a mobilidade el\u00e9trica. Baterias mais dur\u00e1veis e eficazes podem levar a um aumento na ado\u00e7\u00e3o de ve\u00edculos el\u00e9tricos, que s\u00e3o fundamentais para a redu\u00e7\u00e3o das emiss\u00f5es de gases de efeito estufa e para um futuro mais sustent\u00e1vel nas cidades.<\/p>\n<h3>Pr\u00f3ximos Passos para o Setor<\/h3>\n<p>Os pesquisadores afirmam que o futuro do desenvolvimento de baterias pode muito bem depender da cria\u00e7\u00e3o de aditivos que n\u00e3o causem deteriora\u00e7\u00e3o. Essa perspectiva abre novos horizontes para a ind\u00fastria, indicando que um foco na pesquisa de materiais inovadores pode levar a solu\u00e7\u00f5es que atendem \u00e0s necessidades de desempenho e sustentabilidade para os motoristas de amanh\u00e3.<\/p>\n<p>Por fim, a interconex\u00e3o entre a pesquisa em bateria e a mobilidade el\u00e9trica destaca a import\u00e2ncia de investir em inova\u00e7\u00e3o. Para os motoristas, isso n\u00e3o significa apenas ve\u00edculos mais sustent\u00e1veis, mas tamb\u00e9m uma experi\u00eancia de dire\u00e7\u00e3o que \u00e9 eficiente, confi\u00e1vel e economicamente vi\u00e1vel. \u00c0 medida que a tecnologia avan\u00e7a, a expectativa \u00e9 que os ve\u00edculos el\u00e9tricos se tornem uma escolha ainda mais atraente e acess\u00edvel, beneficiando n\u00e3o apenas os usu\u00e1rios, mas a sociedade como um todo.<\/p>\n<p><strong>Fonte: Olhar Digital<\/strong><\/p>\n","protected":false},"excerpt":{"rendered":"<p>O que deteriora as baterias de carros el\u00e9tricos? Estudo revela. Um recente estudo do Instituto Avan\u00e7ado de Ci\u00eancia e Tecnologia da Coreia (KAIST) trouxe \u00e0 tona uma preocupa\u00e7\u00e3o significativa sobre as baterias de \u00edon-l\u00edtio de alto teor de n\u00edquel, amplamente utilizadas em ve\u00edculos el\u00e9tricos. Embora esses componentes sejam valorizados por sua alta densidade de energia, &hellip;<\/p>\n","protected":false},"author":4,"featured_media":4972,"comment_status":"","ping_status":"open","sticky":false,"template":"","format":"standard","meta":{"footnotes":""},"categories":[56],"tags":[],"coauthors":[42],"class_list":["post-4971","post","type-post","status-publish","format-standard","has-post-thumbnail","hentry","category-tecnologia"],"yoast_head":"<!-- This site is optimized with the Yoast SEO Premium plugin v25.5 (Yoast SEO v27.4) - https:\/\/yoast.com\/product\/yoast-seo-premium-wordpress\/ -->\n<title>Fatores que prejudicam a vida \u00fatil das baterias de carros el\u00e9tricos. - Motorista.com.br<\/title>\n<meta name=\"robots\" content=\"index, follow, max-snippet:-1, max-image-preview:large, max-video-preview:-1\" \/>\n<link rel=\"canonical\" href=\"https:\/\/motorista.com.br\/noticias\/2025\/12\/05\/fatores-que-prejudicam-a-vida-util-das-baterias-de-carros-eletricos\/\" \/>\n<meta property=\"og:locale\" content=\"pt_BR\" \/>\n<meta property=\"og:type\" content=\"article\" \/>\n<meta property=\"og:title\" content=\"Fatores que prejudicam a vida \u00fatil das baterias de carros el\u00e9tricos.\" \/>\n<meta property=\"og:description\" content=\"O que deteriora as baterias de carros el\u00e9tricos? Estudo revela. Um recente estudo do Instituto Avan\u00e7ado de Ci\u00eancia e Tecnologia da Coreia (KAIST) trouxe \u00e0 tona uma preocupa\u00e7\u00e3o significativa sobre as baterias de \u00edon-l\u00edtio de alto teor de n\u00edquel, amplamente utilizadas em ve\u00edculos el\u00e9tricos. Embora esses componentes sejam valorizados por sua alta densidade de energia, &hellip;\" \/>\n<meta property=\"og:url\" content=\"https:\/\/motorista.com.br\/noticias\/2025\/12\/05\/fatores-que-prejudicam-a-vida-util-das-baterias-de-carros-eletricos\/\" \/>\n<meta property=\"og:site_name\" content=\"Motorista.com.br\" \/>\n<meta property=\"article:published_time\" content=\"2025-12-05T13:11:48+00:00\" \/>\n<meta name=\"author\" content=\"Equipe Reda\u00e7\u00e3o\" \/>\n<meta name=\"twitter:card\" content=\"summary_large_image\" \/>\n<meta name=\"twitter:label1\" content=\"Escrito por\" \/>\n\t<meta name=\"twitter:data1\" content=\"Equipe Reda\u00e7\u00e3o\" \/>\n\t<meta name=\"twitter:label2\" content=\"Est. tempo de leitura\" \/>\n\t<meta name=\"twitter:data2\" content=\"2 minutos\" \/>\n\t<meta name=\"twitter:label3\" content=\"Written by\" \/>\n\t<meta name=\"twitter:data3\" content=\"Equipe Reda\u00e7\u00e3o\" \/>\n<script type=\"application\/ld+json\" class=\"yoast-schema-graph\">{\"@context\":\"https:\\\/\\\/schema.org\",\"@graph\":[{\"@type\":\"Article\",\"@id\":\"https:\\\/\\\/motorista.com.br\\\/noticias\\\/2025\\\/12\\\/05\\\/fatores-que-prejudicam-a-vida-util-das-baterias-de-carros-eletricos\\\/#article\",\"isPartOf\":{\"@id\":\"https:\\\/\\\/motorista.com.br\\\/noticias\\\/2025\\\/12\\\/05\\\/fatores-que-prejudicam-a-vida-util-das-baterias-de-carros-eletricos\\\/\"},\"author\":{\"name\":\"Equipe Reda\u00e7\u00e3o\",\"@id\":\"https:\\\/\\\/motorista.com.br\\\/noticias\\\/#\\\/schema\\\/person\\\/dc93afc2981c0e3ce6bc3c053fd847be\"},\"headline\":\"Fatores que prejudicam a vida \u00fatil das baterias de carros el\u00e9tricos.\",\"datePublished\":\"2025-12-05T13:11:48+00:00\",\"mainEntityOfPage\":{\"@id\":\"https:\\\/\\\/motorista.com.br\\\/noticias\\\/2025\\\/12\\\/05\\\/fatores-que-prejudicam-a-vida-util-das-baterias-de-carros-eletricos\\\/\"},\"wordCount\":508,\"publisher\":{\"@id\":\"https:\\\/\\\/motorista.com.br\\\/noticias\\\/#organization\"},\"image\":{\"@id\":\"https:\\\/\\\/motorista.com.br\\\/noticias\\\/2025\\\/12\\\/05\\\/fatores-que-prejudicam-a-vida-util-das-baterias-de-carros-eletricos\\\/#primaryimage\"},\"thumbnailUrl\":\"https:\\\/\\\/motorista.com.br\\\/noticias\\\/wp-content\\\/uploads\\\/2025\\\/12\\\/bateria-carro-eletrico.jpg\",\"articleSection\":[\"Tecnologia\"],\"inLanguage\":\"pt-BR\"},{\"@type\":\"WebPage\",\"@id\":\"https:\\\/\\\/motorista.com.br\\\/noticias\\\/2025\\\/12\\\/05\\\/fatores-que-prejudicam-a-vida-util-das-baterias-de-carros-eletricos\\\/\",\"url\":\"https:\\\/\\\/motorista.com.br\\\/noticias\\\/2025\\\/12\\\/05\\\/fatores-que-prejudicam-a-vida-util-das-baterias-de-carros-eletricos\\\/\",\"name\":\"Fatores que prejudicam a vida \u00fatil das baterias de carros el\u00e9tricos. - Motorista.com.br\",\"isPartOf\":{\"@id\":\"https:\\\/\\\/motorista.com.br\\\/noticias\\\/#website\"},\"primaryImageOfPage\":{\"@id\":\"https:\\\/\\\/motorista.com.br\\\/noticias\\\/2025\\\/12\\\/05\\\/fatores-que-prejudicam-a-vida-util-das-baterias-de-carros-eletricos\\\/#primaryimage\"},\"image\":{\"@id\":\"https:\\\/\\\/motorista.com.br\\\/noticias\\\/2025\\\/12\\\/05\\\/fatores-que-prejudicam-a-vida-util-das-baterias-de-carros-eletricos\\\/#primaryimage\"},\"thumbnailUrl\":\"https:\\\/\\\/motorista.com.br\\\/noticias\\\/wp-content\\\/uploads\\\/2025\\\/12\\\/bateria-carro-eletrico.jpg\",\"datePublished\":\"2025-12-05T13:11:48+00:00\",\"breadcrumb\":{\"@id\":\"https:\\\/\\\/motorista.com.br\\\/noticias\\\/2025\\\/12\\\/05\\\/fatores-que-prejudicam-a-vida-util-das-baterias-de-carros-eletricos\\\/#breadcrumb\"},\"inLanguage\":\"pt-BR\",\"potentialAction\":[{\"@type\":\"ReadAction\",\"target\":[\"https:\\\/\\\/motorista.com.br\\\/noticias\\\/2025\\\/12\\\/05\\\/fatores-que-prejudicam-a-vida-util-das-baterias-de-carros-eletricos\\\/\"]}]},{\"@type\":\"ImageObject\",\"inLanguage\":\"pt-BR\",\"@id\":\"https:\\\/\\\/motorista.com.br\\\/noticias\\\/2025\\\/12\\\/05\\\/fatores-que-prejudicam-a-vida-util-das-baterias-de-carros-eletricos\\\/#primaryimage\",\"url\":\"https:\\\/\\\/motorista.com.br\\\/noticias\\\/wp-content\\\/uploads\\\/2025\\\/12\\\/bateria-carro-eletrico.jpg\",\"contentUrl\":\"https:\\\/\\\/motorista.com.br\\\/noticias\\\/wp-content\\\/uploads\\\/2025\\\/12\\\/bateria-carro-eletrico.jpg\",\"width\":2002,\"height\":1335},{\"@type\":\"BreadcrumbList\",\"@id\":\"https:\\\/\\\/motorista.com.br\\\/noticias\\\/2025\\\/12\\\/05\\\/fatores-que-prejudicam-a-vida-util-das-baterias-de-carros-eletricos\\\/#breadcrumb\",\"itemListElement\":[{\"@type\":\"ListItem\",\"position\":1,\"name\":\"In\u00edcio\",\"item\":\"https:\\\/\\\/motorista.com.br\\\/noticias\\\/\"},{\"@type\":\"ListItem\",\"position\":2,\"name\":\"Fatores que prejudicam a vida \u00fatil das baterias de carros el\u00e9tricos.\"}]},{\"@type\":\"WebSite\",\"@id\":\"https:\\\/\\\/motorista.com.br\\\/noticias\\\/#website\",\"url\":\"https:\\\/\\\/motorista.com.br\\\/noticias\\\/\",\"name\":\"Motorista.com.br\",\"description\":\"Not\u00edcia do Motorista\",\"publisher\":{\"@id\":\"https:\\\/\\\/motorista.com.br\\\/noticias\\\/#organization\"},\"potentialAction\":[{\"@type\":\"SearchAction\",\"target\":{\"@type\":\"EntryPoint\",\"urlTemplate\":\"https:\\\/\\\/motorista.com.br\\\/noticias\\\/?s={search_term_string}\"},\"query-input\":{\"@type\":\"PropertyValueSpecification\",\"valueRequired\":true,\"valueName\":\"search_term_string\"}}],\"inLanguage\":\"pt-BR\"},{\"@type\":\"Organization\",\"@id\":\"https:\\\/\\\/motorista.com.br\\\/noticias\\\/#organization\",\"name\":\"Motorista.com.br\",\"url\":\"https:\\\/\\\/motorista.com.br\\\/noticias\\\/\",\"logo\":{\"@type\":\"ImageObject\",\"inLanguage\":\"pt-BR\",\"@id\":\"https:\\\/\\\/motorista.com.br\\\/noticias\\\/#\\\/schema\\\/logo\\\/image\\\/\",\"url\":\"https:\\\/\\\/motorista.com.br\\\/noticias\\\/wp-content\\\/uploads\\\/2025\\\/06\\\/Design-sem-nome-9.png\",\"contentUrl\":\"https:\\\/\\\/motorista.com.br\\\/noticias\\\/wp-content\\\/uploads\\\/2025\\\/06\\\/Design-sem-nome-9.png\",\"width\":150,\"height\":85,\"caption\":\"Motorista.com.br\"},\"image\":{\"@id\":\"https:\\\/\\\/motorista.com.br\\\/noticias\\\/#\\\/schema\\\/logo\\\/image\\\/\"}},{\"@type\":\"Person\",\"@id\":\"https:\\\/\\\/motorista.com.br\\\/noticias\\\/#\\\/schema\\\/person\\\/dc93afc2981c0e3ce6bc3c053fd847be\",\"name\":\"Equipe Reda\u00e7\u00e3o\",\"image\":{\"@type\":\"ImageObject\",\"inLanguage\":\"pt-BR\",\"@id\":\"https:\\\/\\\/secure.gravatar.com\\\/avatar\\\/4f525efbf18dd2bb300ccad28bfb99d95a9465a5ba268407c8c37b37e1f28d2d?s=96&d=mm&r=g9e099043a0c61e9ae27e293b9fa75ffc\",\"url\":\"https:\\\/\\\/secure.gravatar.com\\\/avatar\\\/4f525efbf18dd2bb300ccad28bfb99d95a9465a5ba268407c8c37b37e1f28d2d?s=96&d=mm&r=g\",\"contentUrl\":\"https:\\\/\\\/secure.gravatar.com\\\/avatar\\\/4f525efbf18dd2bb300ccad28bfb99d95a9465a5ba268407c8c37b37e1f28d2d?s=96&d=mm&r=g\",\"caption\":\"Equipe Reda\u00e7\u00e3o\"},\"description\":\"Equipe de reda\u00e7\u00e3o \u00e9 um grupo de profissionais que trabalham juntos para criar conte\u00fado escrito para Motorista.com.br\",\"url\":\"https:\\\/\\\/motorista.com.br\\\/noticias\\\/author\\\/equiperedacao\\\/\"}]}<\/script>\n<!-- \/ Yoast SEO Premium plugin. -->","yoast_head_json":{"title":"Fatores que prejudicam a vida \u00fatil das baterias de carros el\u00e9tricos. - Motorista.com.br","robots":{"index":"index","follow":"follow","max-snippet":"max-snippet:-1","max-image-preview":"max-image-preview:large","max-video-preview":"max-video-preview:-1"},"canonical":"https:\/\/motorista.com.br\/noticias\/2025\/12\/05\/fatores-que-prejudicam-a-vida-util-das-baterias-de-carros-eletricos\/","og_locale":"pt_BR","og_type":"article","og_title":"Fatores que prejudicam a vida \u00fatil das baterias de carros el\u00e9tricos.","og_description":"O que deteriora as baterias de carros el\u00e9tricos? Estudo revela. Um recente estudo do Instituto Avan\u00e7ado de Ci\u00eancia e Tecnologia da Coreia (KAIST) trouxe \u00e0 tona uma preocupa\u00e7\u00e3o significativa sobre as baterias de \u00edon-l\u00edtio de alto teor de n\u00edquel, amplamente utilizadas em ve\u00edculos el\u00e9tricos. Embora esses componentes sejam valorizados por sua alta densidade de energia, &hellip;","og_url":"https:\/\/motorista.com.br\/noticias\/2025\/12\/05\/fatores-que-prejudicam-a-vida-util-das-baterias-de-carros-eletricos\/","og_site_name":"Motorista.com.br","article_published_time":"2025-12-05T13:11:48+00:00","author":"Equipe Reda\u00e7\u00e3o","twitter_card":"summary_large_image","twitter_misc":{"Escrito por":"Equipe Reda\u00e7\u00e3o","Est. tempo de leitura":"2 minutos","Written by":"Equipe Reda\u00e7\u00e3o"},"schema":{"@context":"https:\/\/schema.org","@graph":[{"@type":"Article","@id":"https:\/\/motorista.com.br\/noticias\/2025\/12\/05\/fatores-que-prejudicam-a-vida-util-das-baterias-de-carros-eletricos\/#article","isPartOf":{"@id":"https:\/\/motorista.com.br\/noticias\/2025\/12\/05\/fatores-que-prejudicam-a-vida-util-das-baterias-de-carros-eletricos\/"},"author":{"name":"Equipe Reda\u00e7\u00e3o","@id":"https:\/\/motorista.com.br\/noticias\/#\/schema\/person\/dc93afc2981c0e3ce6bc3c053fd847be"},"headline":"Fatores que prejudicam a vida \u00fatil das baterias de carros el\u00e9tricos.","datePublished":"2025-12-05T13:11:48+00:00","mainEntityOfPage":{"@id":"https:\/\/motorista.com.br\/noticias\/2025\/12\/05\/fatores-que-prejudicam-a-vida-util-das-baterias-de-carros-eletricos\/"},"wordCount":508,"publisher":{"@id":"https:\/\/motorista.com.br\/noticias\/#organization"},"image":{"@id":"https:\/\/motorista.com.br\/noticias\/2025\/12\/05\/fatores-que-prejudicam-a-vida-util-das-baterias-de-carros-eletricos\/#primaryimage"},"thumbnailUrl":"https:\/\/motorista.com.br\/noticias\/wp-content\/uploads\/2025\/12\/bateria-carro-eletrico.jpg","articleSection":["Tecnologia"],"inLanguage":"pt-BR"},{"@type":"WebPage","@id":"https:\/\/motorista.com.br\/noticias\/2025\/12\/05\/fatores-que-prejudicam-a-vida-util-das-baterias-de-carros-eletricos\/","url":"https:\/\/motorista.com.br\/noticias\/2025\/12\/05\/fatores-que-prejudicam-a-vida-util-das-baterias-de-carros-eletricos\/","name":"Fatores que prejudicam a vida \u00fatil das baterias de carros el\u00e9tricos. - Motorista.com.br","isPartOf":{"@id":"https:\/\/motorista.com.br\/noticias\/#website"},"primaryImageOfPage":{"@id":"https:\/\/motorista.com.br\/noticias\/2025\/12\/05\/fatores-que-prejudicam-a-vida-util-das-baterias-de-carros-eletricos\/#primaryimage"},"image":{"@id":"https:\/\/motorista.com.br\/noticias\/2025\/12\/05\/fatores-que-prejudicam-a-vida-util-das-baterias-de-carros-eletricos\/#primaryimage"},"thumbnailUrl":"https:\/\/motorista.com.br\/noticias\/wp-content\/uploads\/2025\/12\/bateria-carro-eletrico.jpg","datePublished":"2025-12-05T13:11:48+00:00","breadcrumb":{"@id":"https:\/\/motorista.com.br\/noticias\/2025\/12\/05\/fatores-que-prejudicam-a-vida-util-das-baterias-de-carros-eletricos\/#breadcrumb"},"inLanguage":"pt-BR","potentialAction":[{"@type":"ReadAction","target":["https:\/\/motorista.com.br\/noticias\/2025\/12\/05\/fatores-que-prejudicam-a-vida-util-das-baterias-de-carros-eletricos\/"]}]},{"@type":"ImageObject","inLanguage":"pt-BR","@id":"https:\/\/motorista.com.br\/noticias\/2025\/12\/05\/fatores-que-prejudicam-a-vida-util-das-baterias-de-carros-eletricos\/#primaryimage","url":"https:\/\/motorista.com.br\/noticias\/wp-content\/uploads\/2025\/12\/bateria-carro-eletrico.jpg","contentUrl":"https:\/\/motorista.com.br\/noticias\/wp-content\/uploads\/2025\/12\/bateria-carro-eletrico.jpg","width":2002,"height":1335},{"@type":"BreadcrumbList","@id":"https:\/\/motorista.com.br\/noticias\/2025\/12\/05\/fatores-que-prejudicam-a-vida-util-das-baterias-de-carros-eletricos\/#breadcrumb","itemListElement":[{"@type":"ListItem","position":1,"name":"In\u00edcio","item":"https:\/\/motorista.com.br\/noticias\/"},{"@type":"ListItem","position":2,"name":"Fatores que prejudicam a vida \u00fatil das baterias de carros el\u00e9tricos."}]},{"@type":"WebSite","@id":"https:\/\/motorista.com.br\/noticias\/#website","url":"https:\/\/motorista.com.br\/noticias\/","name":"Motorista.com.br","description":"Not\u00edcia do Motorista","publisher":{"@id":"https:\/\/motorista.com.br\/noticias\/#organization"},"potentialAction":[{"@type":"SearchAction","target":{"@type":"EntryPoint","urlTemplate":"https:\/\/motorista.com.br\/noticias\/?s={search_term_string}"},"query-input":{"@type":"PropertyValueSpecification","valueRequired":true,"valueName":"search_term_string"}}],"inLanguage":"pt-BR"},{"@type":"Organization","@id":"https:\/\/motorista.com.br\/noticias\/#organization","name":"Motorista.com.br","url":"https:\/\/motorista.com.br\/noticias\/","logo":{"@type":"ImageObject","inLanguage":"pt-BR","@id":"https:\/\/motorista.com.br\/noticias\/#\/schema\/logo\/image\/","url":"https:\/\/motorista.com.br\/noticias\/wp-content\/uploads\/2025\/06\/Design-sem-nome-9.png","contentUrl":"https:\/\/motorista.com.br\/noticias\/wp-content\/uploads\/2025\/06\/Design-sem-nome-9.png","width":150,"height":85,"caption":"Motorista.com.br"},"image":{"@id":"https:\/\/motorista.com.br\/noticias\/#\/schema\/logo\/image\/"}},{"@type":"Person","@id":"https:\/\/motorista.com.br\/noticias\/#\/schema\/person\/dc93afc2981c0e3ce6bc3c053fd847be","name":"Equipe Reda\u00e7\u00e3o","image":{"@type":"ImageObject","inLanguage":"pt-BR","@id":"https:\/\/secure.gravatar.com\/avatar\/4f525efbf18dd2bb300ccad28bfb99d95a9465a5ba268407c8c37b37e1f28d2d?s=96&d=mm&r=g9e099043a0c61e9ae27e293b9fa75ffc","url":"https:\/\/secure.gravatar.com\/avatar\/4f525efbf18dd2bb300ccad28bfb99d95a9465a5ba268407c8c37b37e1f28d2d?s=96&d=mm&r=g","contentUrl":"https:\/\/secure.gravatar.com\/avatar\/4f525efbf18dd2bb300ccad28bfb99d95a9465a5ba268407c8c37b37e1f28d2d?s=96&d=mm&r=g","caption":"Equipe Reda\u00e7\u00e3o"},"description":"Equipe de reda\u00e7\u00e3o \u00e9 um grupo de profissionais que trabalham juntos para criar conte\u00fado escrito para Motorista.com.br","url":"https:\/\/motorista.com.br\/noticias\/author\/equiperedacao\/"}]}},"_links":{"self":[{"href":"https:\/\/motorista.com.br\/noticias\/wp-json\/wp\/v2\/posts\/4971","targetHints":{"allow":["GET"]}}],"collection":[{"href":"https:\/\/motorista.com.br\/noticias\/wp-json\/wp\/v2\/posts"}],"about":[{"href":"https:\/\/motorista.com.br\/noticias\/wp-json\/wp\/v2\/types\/post"}],"author":[{"embeddable":true,"href":"https:\/\/motorista.com.br\/noticias\/wp-json\/wp\/v2\/users\/4"}],"replies":[{"embeddable":true,"href":"https:\/\/motorista.com.br\/noticias\/wp-json\/wp\/v2\/comments?post=4971"}],"version-history":[{"count":0,"href":"https:\/\/motorista.com.br\/noticias\/wp-json\/wp\/v2\/posts\/4971\/revisions"}],"wp:featuredmedia":[{"embeddable":true,"href":"https:\/\/motorista.com.br\/noticias\/wp-json\/wp\/v2\/media\/4972"}],"wp:attachment":[{"href":"https:\/\/motorista.com.br\/noticias\/wp-json\/wp\/v2\/media?parent=4971"}],"wp:term":[{"taxonomy":"category","embeddable":true,"href":"https:\/\/motorista.com.br\/noticias\/wp-json\/wp\/v2\/categories?post=4971"},{"taxonomy":"post_tag","embeddable":true,"href":"https:\/\/motorista.com.br\/noticias\/wp-json\/wp\/v2\/tags?post=4971"},{"taxonomy":"author","embeddable":true,"href":"https:\/\/motorista.com.br\/noticias\/wp-json\/wp\/v2\/coauthors?post=4971"}],"curies":[{"name":"wp","href":"https:\/\/api.w.org\/{rel}","templated":true}]}}