{"id":4921,"date":"2025-12-03T21:34:00","date_gmt":"2025-12-04T00:34:00","guid":{"rendered":"https:\/\/motorista.com.br\/noticias\/2025\/12\/03\/btg-preve-cortes-de-3-pontos-na-selic-mas-dois-fatores-podem-atrasar-afirma-mansueto\/"},"modified":"2025-12-03T21:34:00","modified_gmt":"2025-12-04T00:34:00","slug":"btg-preve-cortes-de-3-pontos-na-selic-mas-dois-fatores-podem-atrasar-afirma-mansueto","status":"publish","type":"post","link":"https:\/\/motorista.com.br\/noticias\/2025\/12\/03\/btg-preve-cortes-de-3-pontos-na-selic-mas-dois-fatores-podem-atrasar-afirma-mansueto\/","title":{"rendered":"BTG prev\u00ea cortes de 3 pontos na Selic, mas dois fatores podem atrasar, afirma Mansueto."},"content":{"rendered":"<p><\/p>\n<p><strong>BTG projeta ciclo de cortes da Selic de tr\u00eas pontos, mas dois fatores podem fazer BC pisar no freio, diz Mansueto<\/strong><\/p>\n<p>O mercado observa atentamente o horizonte de flexibiliza\u00e7\u00e3o da pol\u00edtica monet\u00e1ria no Brasil, com previs\u00f5es do BTG Pactual indicando uma redu\u00e7\u00e3o de tr\u00eas pontos percentuais na taxa Selic durante 2026. Contudo, flutua\u00e7\u00f5es bruscas no c\u00e2mbio e um cen\u00e1rio fiscal mais desafiador do que o esperado podem levar o Banco Central a interromper esses cortes, conforme observa o economista-chefe Mansueto Almeida.<\/p>\n<p>Atualmente, a Selic se mant\u00e9m em 15% e, segundo projections, os cortes come\u00e7ar\u00e3o gradual e estrategicamente em janeiro, podendo atingir 12% at\u00e9 o final de 2026. Este movimento \u00e9 sustentado pela desacelera\u00e7\u00e3o da infla\u00e7\u00e3o e um c\u00e2mbio est\u00e1vel.<\/p>\n<p>O comportamento da taxa de c\u00e2mbio \u00e9 considerado um risco chave para essa trajet\u00f3ria de cortes. Durante anos eleitorais, a volatilidade no mercado costuma aumentar, o que pode impactar diretamente as decis\u00f5es do Banco Central. Se o d\u00f3lar subir para n\u00edveis entre R$ 5,80 e R$ 6, \u00e9 prov\u00e1vel que o BC precise interromper a flexibiliza\u00e7\u00e3o. Por outro lado, uma cota\u00e7\u00e3o est\u00e1vel em torno de R$ 5,30 a R$ 5,40 \u00e9 vista como essencial para viabilizar esses cortes.<\/p>\n<p>Al\u00e9m do c\u00e2mbio, a pol\u00edtica fiscal tamb\u00e9m figura como um fator de risco. H\u00e1 preocupa\u00e7\u00f5es de que o governo, ao introduzir novos programas em ano eleitoral, possa gerar surpresas inflacion\u00e1rias. Entretanto, Mansueto acredita que este risco \u00e9 relativamente baixo, dado o atual contexto pol\u00edtico.<\/p>\n<p>Outro ponto importante a se considerar s\u00e3o os gastos estaduais. Com v\u00e1rias unidades federativas acumulando caixa robusto, um aumento excessivo nas despesas pode contribuir para uma press\u00e3o inflacion\u00e1ria adicional. A infla\u00e7\u00e3o elevada impacta diretamente a mobilidade urbana e financeira dos motoristas, refletindo em custos mais altos para transporte e abastecimento.<\/p>\n<p>A diminui\u00e7\u00e3o da Selic, ao ser efetivada com prud\u00eancia e estabilidade, poder\u00e1 estimular a economia, refletindo na redu\u00e7\u00e3o de custos operacionais para motoristas e no pre\u00e7o dos combust\u00edveis. Isso, por sua vez, pode resultar em um ambiente de mobilidade mais acess\u00edvel e eficiente.<\/p>\n<p>Para que essa expectativa se concretize, a manuten\u00e7\u00e3o de um c\u00e2mbio est\u00e1vel e um controle fiscal rigoroso s\u00e3o cruciais. Portanto, motoristas e o setor de mobilidade devem acompanhar atentamente as decis\u00f5es do Banco Central, pois elas t\u00eam o potencial de impactar diretamente seus custos e, consequentemente, a din\u00e2mica do tr\u00e2nsito nas cidades.<\/p>\n<p>Fonte: Money Times<\/p>\n","protected":false},"excerpt":{"rendered":"<p>BTG projeta ciclo de cortes da Selic de tr\u00eas pontos, mas dois fatores podem fazer BC pisar no freio, diz Mansueto O mercado observa atentamente o horizonte de flexibiliza\u00e7\u00e3o da pol\u00edtica monet\u00e1ria no Brasil, com previs\u00f5es do BTG Pactual indicando uma redu\u00e7\u00e3o de tr\u00eas pontos percentuais na taxa Selic durante 2026. Contudo, flutua\u00e7\u00f5es bruscas no &hellip;<\/p>\n","protected":false},"author":4,"featured_media":4922,"comment_status":"","ping_status":"open","sticky":false,"template":"","format":"standard","meta":{"footnotes":""},"categories":[61],"tags":[],"coauthors":[42],"class_list":["post-4921","post","type-post","status-publish","format-standard","has-post-thumbnail","hentry","category-mercado-financeiro"],"yoast_head":"<!-- This site is optimized with the Yoast SEO Premium plugin v25.5 (Yoast SEO v27.4) - https:\/\/yoast.com\/product\/yoast-seo-premium-wordpress\/ -->\n<title>BTG prev\u00ea cortes de 3 pontos na Selic, mas dois fatores podem atrasar, afirma Mansueto. - Motorista.com.br<\/title>\n<meta name=\"robots\" content=\"index, follow, max-snippet:-1, max-image-preview:large, max-video-preview:-1\" \/>\n<link rel=\"canonical\" href=\"https:\/\/motorista.com.br\/noticias\/2025\/12\/03\/btg-preve-cortes-de-3-pontos-na-selic-mas-dois-fatores-podem-atrasar-afirma-mansueto\/\" \/>\n<meta property=\"og:locale\" content=\"pt_BR\" \/>\n<meta property=\"og:type\" content=\"article\" \/>\n<meta property=\"og:title\" content=\"BTG prev\u00ea cortes de 3 pontos na Selic, mas dois fatores podem atrasar, afirma Mansueto.\" \/>\n<meta property=\"og:description\" content=\"BTG projeta ciclo de cortes da Selic de tr\u00eas pontos, mas dois fatores podem fazer BC pisar no freio, diz Mansueto O mercado observa atentamente o horizonte de flexibiliza\u00e7\u00e3o da pol\u00edtica monet\u00e1ria no Brasil, com previs\u00f5es do BTG Pactual indicando uma redu\u00e7\u00e3o de tr\u00eas pontos percentuais na taxa Selic durante 2026. Contudo, flutua\u00e7\u00f5es bruscas no &hellip;\" \/>\n<meta property=\"og:url\" content=\"https:\/\/motorista.com.br\/noticias\/2025\/12\/03\/btg-preve-cortes-de-3-pontos-na-selic-mas-dois-fatores-podem-atrasar-afirma-mansueto\/\" \/>\n<meta property=\"og:site_name\" content=\"Motorista.com.br\" \/>\n<meta property=\"article:published_time\" content=\"2025-12-04T00:34:00+00:00\" \/>\n<meta name=\"author\" content=\"Equipe Reda\u00e7\u00e3o\" \/>\n<meta name=\"twitter:card\" content=\"summary_large_image\" \/>\n<meta name=\"twitter:label1\" content=\"Escrito por\" \/>\n\t<meta name=\"twitter:data1\" content=\"Equipe Reda\u00e7\u00e3o\" \/>\n\t<meta name=\"twitter:label2\" content=\"Est. tempo de leitura\" \/>\n\t<meta name=\"twitter:data2\" content=\"2 minutos\" \/>\n\t<meta name=\"twitter:label3\" content=\"Written by\" \/>\n\t<meta name=\"twitter:data3\" content=\"Equipe Reda\u00e7\u00e3o\" \/>\n<script type=\"application\/ld+json\" class=\"yoast-schema-graph\">{\"@context\":\"https:\\\/\\\/schema.org\",\"@graph\":[{\"@type\":\"Article\",\"@id\":\"https:\\\/\\\/motorista.com.br\\\/noticias\\\/2025\\\/12\\\/03\\\/btg-preve-cortes-de-3-pontos-na-selic-mas-dois-fatores-podem-atrasar-afirma-mansueto\\\/#article\",\"isPartOf\":{\"@id\":\"https:\\\/\\\/motorista.com.br\\\/noticias\\\/2025\\\/12\\\/03\\\/btg-preve-cortes-de-3-pontos-na-selic-mas-dois-fatores-podem-atrasar-afirma-mansueto\\\/\"},\"author\":{\"name\":\"Equipe Reda\u00e7\u00e3o\",\"@id\":\"https:\\\/\\\/motorista.com.br\\\/noticias\\\/#\\\/schema\\\/person\\\/dc93afc2981c0e3ce6bc3c053fd847be\"},\"headline\":\"BTG prev\u00ea cortes de 3 pontos na Selic, mas dois fatores podem atrasar, afirma Mansueto.\",\"datePublished\":\"2025-12-04T00:34:00+00:00\",\"mainEntityOfPage\":{\"@id\":\"https:\\\/\\\/motorista.com.br\\\/noticias\\\/2025\\\/12\\\/03\\\/btg-preve-cortes-de-3-pontos-na-selic-mas-dois-fatores-podem-atrasar-afirma-mansueto\\\/\"},\"wordCount\":442,\"publisher\":{\"@id\":\"https:\\\/\\\/motorista.com.br\\\/noticias\\\/#organization\"},\"image\":{\"@id\":\"https:\\\/\\\/motorista.com.br\\\/noticias\\\/2025\\\/12\\\/03\\\/btg-preve-cortes-de-3-pontos-na-selic-mas-dois-fatores-podem-atrasar-afirma-mansueto\\\/#primaryimage\"},\"thumbnailUrl\":\"https:\\\/\\\/motorista.com.br\\\/noticias\\\/wp-content\\\/uploads\\\/2025\\\/12\\\/fiscal-inflacao-mansueto-almeida-btg-pactual.jpg\",\"articleSection\":[\"Mercado Financeiro\"],\"inLanguage\":\"pt-BR\"},{\"@type\":\"WebPage\",\"@id\":\"https:\\\/\\\/motorista.com.br\\\/noticias\\\/2025\\\/12\\\/03\\\/btg-preve-cortes-de-3-pontos-na-selic-mas-dois-fatores-podem-atrasar-afirma-mansueto\\\/\",\"url\":\"https:\\\/\\\/motorista.com.br\\\/noticias\\\/2025\\\/12\\\/03\\\/btg-preve-cortes-de-3-pontos-na-selic-mas-dois-fatores-podem-atrasar-afirma-mansueto\\\/\",\"name\":\"BTG prev\u00ea cortes de 3 pontos na Selic, mas dois fatores podem atrasar, afirma Mansueto. - Motorista.com.br\",\"isPartOf\":{\"@id\":\"https:\\\/\\\/motorista.com.br\\\/noticias\\\/#website\"},\"primaryImageOfPage\":{\"@id\":\"https:\\\/\\\/motorista.com.br\\\/noticias\\\/2025\\\/12\\\/03\\\/btg-preve-cortes-de-3-pontos-na-selic-mas-dois-fatores-podem-atrasar-afirma-mansueto\\\/#primaryimage\"},\"image\":{\"@id\":\"https:\\\/\\\/motorista.com.br\\\/noticias\\\/2025\\\/12\\\/03\\\/btg-preve-cortes-de-3-pontos-na-selic-mas-dois-fatores-podem-atrasar-afirma-mansueto\\\/#primaryimage\"},\"thumbnailUrl\":\"https:\\\/\\\/motorista.com.br\\\/noticias\\\/wp-content\\\/uploads\\\/2025\\\/12\\\/fiscal-inflacao-mansueto-almeida-btg-pactual.jpg\",\"datePublished\":\"2025-12-04T00:34:00+00:00\",\"breadcrumb\":{\"@id\":\"https:\\\/\\\/motorista.com.br\\\/noticias\\\/2025\\\/12\\\/03\\\/btg-preve-cortes-de-3-pontos-na-selic-mas-dois-fatores-podem-atrasar-afirma-mansueto\\\/#breadcrumb\"},\"inLanguage\":\"pt-BR\",\"potentialAction\":[{\"@type\":\"ReadAction\",\"target\":[\"https:\\\/\\\/motorista.com.br\\\/noticias\\\/2025\\\/12\\\/03\\\/btg-preve-cortes-de-3-pontos-na-selic-mas-dois-fatores-podem-atrasar-afirma-mansueto\\\/\"]}]},{\"@type\":\"ImageObject\",\"inLanguage\":\"pt-BR\",\"@id\":\"https:\\\/\\\/motorista.com.br\\\/noticias\\\/2025\\\/12\\\/03\\\/btg-preve-cortes-de-3-pontos-na-selic-mas-dois-fatores-podem-atrasar-afirma-mansueto\\\/#primaryimage\",\"url\":\"https:\\\/\\\/motorista.com.br\\\/noticias\\\/wp-content\\\/uploads\\\/2025\\\/12\\\/fiscal-inflacao-mansueto-almeida-btg-pactual.jpg\",\"contentUrl\":\"https:\\\/\\\/motorista.com.br\\\/noticias\\\/wp-content\\\/uploads\\\/2025\\\/12\\\/fiscal-inflacao-mansueto-almeida-btg-pactual.jpg\",\"width\":1280,\"height\":680},{\"@type\":\"BreadcrumbList\",\"@id\":\"https:\\\/\\\/motorista.com.br\\\/noticias\\\/2025\\\/12\\\/03\\\/btg-preve-cortes-de-3-pontos-na-selic-mas-dois-fatores-podem-atrasar-afirma-mansueto\\\/#breadcrumb\",\"itemListElement\":[{\"@type\":\"ListItem\",\"position\":1,\"name\":\"In\u00edcio\",\"item\":\"https:\\\/\\\/motorista.com.br\\\/noticias\\\/\"},{\"@type\":\"ListItem\",\"position\":2,\"name\":\"BTG prev\u00ea cortes de 3 pontos na Selic, mas dois fatores podem atrasar, afirma Mansueto.\"}]},{\"@type\":\"WebSite\",\"@id\":\"https:\\\/\\\/motorista.com.br\\\/noticias\\\/#website\",\"url\":\"https:\\\/\\\/motorista.com.br\\\/noticias\\\/\",\"name\":\"Motorista.com.br\",\"description\":\"Not\u00edcia do Motorista\",\"publisher\":{\"@id\":\"https:\\\/\\\/motorista.com.br\\\/noticias\\\/#organization\"},\"potentialAction\":[{\"@type\":\"SearchAction\",\"target\":{\"@type\":\"EntryPoint\",\"urlTemplate\":\"https:\\\/\\\/motorista.com.br\\\/noticias\\\/?s={search_term_string}\"},\"query-input\":{\"@type\":\"PropertyValueSpecification\",\"valueRequired\":true,\"valueName\":\"search_term_string\"}}],\"inLanguage\":\"pt-BR\"},{\"@type\":\"Organization\",\"@id\":\"https:\\\/\\\/motorista.com.br\\\/noticias\\\/#organization\",\"name\":\"Motorista.com.br\",\"url\":\"https:\\\/\\\/motorista.com.br\\\/noticias\\\/\",\"logo\":{\"@type\":\"ImageObject\",\"inLanguage\":\"pt-BR\",\"@id\":\"https:\\\/\\\/motorista.com.br\\\/noticias\\\/#\\\/schema\\\/logo\\\/image\\\/\",\"url\":\"https:\\\/\\\/motorista.com.br\\\/noticias\\\/wp-content\\\/uploads\\\/2025\\\/06\\\/Design-sem-nome-9.png\",\"contentUrl\":\"https:\\\/\\\/motorista.com.br\\\/noticias\\\/wp-content\\\/uploads\\\/2025\\\/06\\\/Design-sem-nome-9.png\",\"width\":150,\"height\":85,\"caption\":\"Motorista.com.br\"},\"image\":{\"@id\":\"https:\\\/\\\/motorista.com.br\\\/noticias\\\/#\\\/schema\\\/logo\\\/image\\\/\"}},{\"@type\":\"Person\",\"@id\":\"https:\\\/\\\/motorista.com.br\\\/noticias\\\/#\\\/schema\\\/person\\\/dc93afc2981c0e3ce6bc3c053fd847be\",\"name\":\"Equipe Reda\u00e7\u00e3o\",\"image\":{\"@type\":\"ImageObject\",\"inLanguage\":\"pt-BR\",\"@id\":\"https:\\\/\\\/secure.gravatar.com\\\/avatar\\\/4f525efbf18dd2bb300ccad28bfb99d95a9465a5ba268407c8c37b37e1f28d2d?s=96&d=mm&r=g9e099043a0c61e9ae27e293b9fa75ffc\",\"url\":\"https:\\\/\\\/secure.gravatar.com\\\/avatar\\\/4f525efbf18dd2bb300ccad28bfb99d95a9465a5ba268407c8c37b37e1f28d2d?s=96&d=mm&r=g\",\"contentUrl\":\"https:\\\/\\\/secure.gravatar.com\\\/avatar\\\/4f525efbf18dd2bb300ccad28bfb99d95a9465a5ba268407c8c37b37e1f28d2d?s=96&d=mm&r=g\",\"caption\":\"Equipe Reda\u00e7\u00e3o\"},\"description\":\"Equipe de reda\u00e7\u00e3o \u00e9 um grupo de profissionais que trabalham juntos para criar conte\u00fado escrito para Motorista.com.br\",\"url\":\"https:\\\/\\\/motorista.com.br\\\/noticias\\\/author\\\/equiperedacao\\\/\"}]}<\/script>\n<!-- \/ Yoast SEO Premium plugin. -->","yoast_head_json":{"title":"BTG prev\u00ea cortes de 3 pontos na Selic, mas dois fatores podem atrasar, afirma Mansueto. - Motorista.com.br","robots":{"index":"index","follow":"follow","max-snippet":"max-snippet:-1","max-image-preview":"max-image-preview:large","max-video-preview":"max-video-preview:-1"},"canonical":"https:\/\/motorista.com.br\/noticias\/2025\/12\/03\/btg-preve-cortes-de-3-pontos-na-selic-mas-dois-fatores-podem-atrasar-afirma-mansueto\/","og_locale":"pt_BR","og_type":"article","og_title":"BTG prev\u00ea cortes de 3 pontos na Selic, mas dois fatores podem atrasar, afirma Mansueto.","og_description":"BTG projeta ciclo de cortes da Selic de tr\u00eas pontos, mas dois fatores podem fazer BC pisar no freio, diz Mansueto O mercado observa atentamente o horizonte de flexibiliza\u00e7\u00e3o da pol\u00edtica monet\u00e1ria no Brasil, com previs\u00f5es do BTG Pactual indicando uma redu\u00e7\u00e3o de tr\u00eas pontos percentuais na taxa Selic durante 2026. Contudo, flutua\u00e7\u00f5es bruscas no &hellip;","og_url":"https:\/\/motorista.com.br\/noticias\/2025\/12\/03\/btg-preve-cortes-de-3-pontos-na-selic-mas-dois-fatores-podem-atrasar-afirma-mansueto\/","og_site_name":"Motorista.com.br","article_published_time":"2025-12-04T00:34:00+00:00","author":"Equipe Reda\u00e7\u00e3o","twitter_card":"summary_large_image","twitter_misc":{"Escrito por":"Equipe Reda\u00e7\u00e3o","Est. tempo de leitura":"2 minutos","Written by":"Equipe Reda\u00e7\u00e3o"},"schema":{"@context":"https:\/\/schema.org","@graph":[{"@type":"Article","@id":"https:\/\/motorista.com.br\/noticias\/2025\/12\/03\/btg-preve-cortes-de-3-pontos-na-selic-mas-dois-fatores-podem-atrasar-afirma-mansueto\/#article","isPartOf":{"@id":"https:\/\/motorista.com.br\/noticias\/2025\/12\/03\/btg-preve-cortes-de-3-pontos-na-selic-mas-dois-fatores-podem-atrasar-afirma-mansueto\/"},"author":{"name":"Equipe Reda\u00e7\u00e3o","@id":"https:\/\/motorista.com.br\/noticias\/#\/schema\/person\/dc93afc2981c0e3ce6bc3c053fd847be"},"headline":"BTG prev\u00ea cortes de 3 pontos na Selic, mas dois fatores podem atrasar, afirma Mansueto.","datePublished":"2025-12-04T00:34:00+00:00","mainEntityOfPage":{"@id":"https:\/\/motorista.com.br\/noticias\/2025\/12\/03\/btg-preve-cortes-de-3-pontos-na-selic-mas-dois-fatores-podem-atrasar-afirma-mansueto\/"},"wordCount":442,"publisher":{"@id":"https:\/\/motorista.com.br\/noticias\/#organization"},"image":{"@id":"https:\/\/motorista.com.br\/noticias\/2025\/12\/03\/btg-preve-cortes-de-3-pontos-na-selic-mas-dois-fatores-podem-atrasar-afirma-mansueto\/#primaryimage"},"thumbnailUrl":"https:\/\/motorista.com.br\/noticias\/wp-content\/uploads\/2025\/12\/fiscal-inflacao-mansueto-almeida-btg-pactual.jpg","articleSection":["Mercado Financeiro"],"inLanguage":"pt-BR"},{"@type":"WebPage","@id":"https:\/\/motorista.com.br\/noticias\/2025\/12\/03\/btg-preve-cortes-de-3-pontos-na-selic-mas-dois-fatores-podem-atrasar-afirma-mansueto\/","url":"https:\/\/motorista.com.br\/noticias\/2025\/12\/03\/btg-preve-cortes-de-3-pontos-na-selic-mas-dois-fatores-podem-atrasar-afirma-mansueto\/","name":"BTG prev\u00ea cortes de 3 pontos na Selic, mas dois fatores podem atrasar, afirma Mansueto. - Motorista.com.br","isPartOf":{"@id":"https:\/\/motorista.com.br\/noticias\/#website"},"primaryImageOfPage":{"@id":"https:\/\/motorista.com.br\/noticias\/2025\/12\/03\/btg-preve-cortes-de-3-pontos-na-selic-mas-dois-fatores-podem-atrasar-afirma-mansueto\/#primaryimage"},"image":{"@id":"https:\/\/motorista.com.br\/noticias\/2025\/12\/03\/btg-preve-cortes-de-3-pontos-na-selic-mas-dois-fatores-podem-atrasar-afirma-mansueto\/#primaryimage"},"thumbnailUrl":"https:\/\/motorista.com.br\/noticias\/wp-content\/uploads\/2025\/12\/fiscal-inflacao-mansueto-almeida-btg-pactual.jpg","datePublished":"2025-12-04T00:34:00+00:00","breadcrumb":{"@id":"https:\/\/motorista.com.br\/noticias\/2025\/12\/03\/btg-preve-cortes-de-3-pontos-na-selic-mas-dois-fatores-podem-atrasar-afirma-mansueto\/#breadcrumb"},"inLanguage":"pt-BR","potentialAction":[{"@type":"ReadAction","target":["https:\/\/motorista.com.br\/noticias\/2025\/12\/03\/btg-preve-cortes-de-3-pontos-na-selic-mas-dois-fatores-podem-atrasar-afirma-mansueto\/"]}]},{"@type":"ImageObject","inLanguage":"pt-BR","@id":"https:\/\/motorista.com.br\/noticias\/2025\/12\/03\/btg-preve-cortes-de-3-pontos-na-selic-mas-dois-fatores-podem-atrasar-afirma-mansueto\/#primaryimage","url":"https:\/\/motorista.com.br\/noticias\/wp-content\/uploads\/2025\/12\/fiscal-inflacao-mansueto-almeida-btg-pactual.jpg","contentUrl":"https:\/\/motorista.com.br\/noticias\/wp-content\/uploads\/2025\/12\/fiscal-inflacao-mansueto-almeida-btg-pactual.jpg","width":1280,"height":680},{"@type":"BreadcrumbList","@id":"https:\/\/motorista.com.br\/noticias\/2025\/12\/03\/btg-preve-cortes-de-3-pontos-na-selic-mas-dois-fatores-podem-atrasar-afirma-mansueto\/#breadcrumb","itemListElement":[{"@type":"ListItem","position":1,"name":"In\u00edcio","item":"https:\/\/motorista.com.br\/noticias\/"},{"@type":"ListItem","position":2,"name":"BTG prev\u00ea cortes de 3 pontos na Selic, mas dois fatores podem atrasar, afirma Mansueto."}]},{"@type":"WebSite","@id":"https:\/\/motorista.com.br\/noticias\/#website","url":"https:\/\/motorista.com.br\/noticias\/","name":"Motorista.com.br","description":"Not\u00edcia do Motorista","publisher":{"@id":"https:\/\/motorista.com.br\/noticias\/#organization"},"potentialAction":[{"@type":"SearchAction","target":{"@type":"EntryPoint","urlTemplate":"https:\/\/motorista.com.br\/noticias\/?s={search_term_string}"},"query-input":{"@type":"PropertyValueSpecification","valueRequired":true,"valueName":"search_term_string"}}],"inLanguage":"pt-BR"},{"@type":"Organization","@id":"https:\/\/motorista.com.br\/noticias\/#organization","name":"Motorista.com.br","url":"https:\/\/motorista.com.br\/noticias\/","logo":{"@type":"ImageObject","inLanguage":"pt-BR","@id":"https:\/\/motorista.com.br\/noticias\/#\/schema\/logo\/image\/","url":"https:\/\/motorista.com.br\/noticias\/wp-content\/uploads\/2025\/06\/Design-sem-nome-9.png","contentUrl":"https:\/\/motorista.com.br\/noticias\/wp-content\/uploads\/2025\/06\/Design-sem-nome-9.png","width":150,"height":85,"caption":"Motorista.com.br"},"image":{"@id":"https:\/\/motorista.com.br\/noticias\/#\/schema\/logo\/image\/"}},{"@type":"Person","@id":"https:\/\/motorista.com.br\/noticias\/#\/schema\/person\/dc93afc2981c0e3ce6bc3c053fd847be","name":"Equipe Reda\u00e7\u00e3o","image":{"@type":"ImageObject","inLanguage":"pt-BR","@id":"https:\/\/secure.gravatar.com\/avatar\/4f525efbf18dd2bb300ccad28bfb99d95a9465a5ba268407c8c37b37e1f28d2d?s=96&d=mm&r=g9e099043a0c61e9ae27e293b9fa75ffc","url":"https:\/\/secure.gravatar.com\/avatar\/4f525efbf18dd2bb300ccad28bfb99d95a9465a5ba268407c8c37b37e1f28d2d?s=96&d=mm&r=g","contentUrl":"https:\/\/secure.gravatar.com\/avatar\/4f525efbf18dd2bb300ccad28bfb99d95a9465a5ba268407c8c37b37e1f28d2d?s=96&d=mm&r=g","caption":"Equipe Reda\u00e7\u00e3o"},"description":"Equipe de reda\u00e7\u00e3o \u00e9 um grupo de profissionais que trabalham juntos para criar conte\u00fado escrito para Motorista.com.br","url":"https:\/\/motorista.com.br\/noticias\/author\/equiperedacao\/"}]}},"_links":{"self":[{"href":"https:\/\/motorista.com.br\/noticias\/wp-json\/wp\/v2\/posts\/4921","targetHints":{"allow":["GET"]}}],"collection":[{"href":"https:\/\/motorista.com.br\/noticias\/wp-json\/wp\/v2\/posts"}],"about":[{"href":"https:\/\/motorista.com.br\/noticias\/wp-json\/wp\/v2\/types\/post"}],"author":[{"embeddable":true,"href":"https:\/\/motorista.com.br\/noticias\/wp-json\/wp\/v2\/users\/4"}],"replies":[{"embeddable":true,"href":"https:\/\/motorista.com.br\/noticias\/wp-json\/wp\/v2\/comments?post=4921"}],"version-history":[{"count":0,"href":"https:\/\/motorista.com.br\/noticias\/wp-json\/wp\/v2\/posts\/4921\/revisions"}],"wp:featuredmedia":[{"embeddable":true,"href":"https:\/\/motorista.com.br\/noticias\/wp-json\/wp\/v2\/media\/4922"}],"wp:attachment":[{"href":"https:\/\/motorista.com.br\/noticias\/wp-json\/wp\/v2\/media?parent=4921"}],"wp:term":[{"taxonomy":"category","embeddable":true,"href":"https:\/\/motorista.com.br\/noticias\/wp-json\/wp\/v2\/categories?post=4921"},{"taxonomy":"post_tag","embeddable":true,"href":"https:\/\/motorista.com.br\/noticias\/wp-json\/wp\/v2\/tags?post=4921"},{"taxonomy":"author","embeddable":true,"href":"https:\/\/motorista.com.br\/noticias\/wp-json\/wp\/v2\/coauthors?post=4921"}],"curies":[{"name":"wp","href":"https:\/\/api.w.org\/{rel}","templated":true}]}}