{"id":4919,"date":"2025-12-03T21:27:28","date_gmt":"2025-12-04T00:27:28","guid":{"rendered":"https:\/\/motorista.com.br\/noticias\/2025\/12\/03\/anatc-e-frenlogi-ampliam-cooperacao-pelo-piso-de-frete-justo\/"},"modified":"2025-12-03T21:27:28","modified_gmt":"2025-12-04T00:27:28","slug":"anatc-e-frenlogi-ampliam-cooperacao-pelo-piso-de-frete-justo","status":"publish","type":"post","link":"https:\/\/motorista.com.br\/noticias\/2025\/12\/03\/anatc-e-frenlogi-ampliam-cooperacao-pelo-piso-de-frete-justo\/","title":{"rendered":"ANATC e FRENLOGI ampliam coopera\u00e7\u00e3o pelo piso de frete justo"},"content":{"rendered":"<p><\/p>\n<p><strong>ANATC Fortalece Parceria com a FRENLOGI em Defesa do Equil\u00edbrio no Piso M\u00ednimo de Frete<\/strong><\/p>\n<p>A recente parceria entre a ANATC (Associa\u00e7\u00e3o Nacional dos Transportadores de Carga) e a FRENLOGI (Federa\u00e7\u00e3o Nacional dos Transportadores e Log\u00edstica) representa um passo significativo para o setor de transporte. Juntas, as entidades buscam garantir uma regulamenta\u00e7\u00e3o mais equilibrada e justa em rela\u00e7\u00e3o ao piso m\u00ednimo de frete, essencial para a sustentabilidade da atividade de transporte no Brasil.<\/p>\n<h3>Benef\u00edcios para os Motoristas<\/h3>\n<p>A defesa de um piso m\u00ednimo de frete adequado n\u00e3o s\u00f3 assegura uma remunera\u00e7\u00e3o digna para os motoristas, mas tamb\u00e9m fortalece o setor como um todo. Com um valor m\u00ednimo estabelecido, os transportadores podem planejar melhor suas opera\u00e7\u00f5es, garantindo que os custos operacionais sejam cobertos. Isso \u00e9 particularmente importante em um cen\u00e1rio onde os pre\u00e7os dos combust\u00edveis e a infla\u00e7\u00e3o afetam diretamente os ganhos dos profissionais da estrada.<\/p>\n<p>Em adi\u00e7\u00e3o, a melhoria nas condi\u00e7\u00f5es de trabalho dos motoristas pode incentivar novos profissionais a ingressarem na profiss\u00e3o, contribuindo para a redu\u00e7\u00e3o da escassez de m\u00e3o de obra qualificada. Assim, essa parceria pode ser um catalisador positivo para a atra\u00e7\u00e3o e reten\u00e7\u00e3o de talentos no setor.<\/p>\n<h3>Impactos na Mobilidade Geral<\/h3>\n<p>Um piso m\u00ednimo de frete equilibrado tamb\u00e9m influencia a mobilidade no Brasil de maneira mais ampla. Com motoristas satisfeitos e financeiramente seguros, a qualidade do servi\u00e7o tende a aumentar, resultando em prazos de entrega mais confi\u00e1veis e maior efici\u00eancia nas opera\u00e7\u00f5es log\u00edsticas. Isso reflete em melhorias na cadeia de suprimentos, beneficiando tanto empresas quanto consumidores.<\/p>\n<p>Al\u00e9m disso, ao assegurar que os motoristas sejam remunerados adequadamente, essa parceria ajuda a combater pr\u00e1ticas desleais que podem agravar problemas de seguran\u00e7a nas estradas, como uma corrida por tarifas cada vez mais baixas. Assim, uma regula\u00e7\u00e3o justa contribui para uma mobilidade mais segura e eficiente em todo o pa\u00eds.<\/p>\n<h3>Conclus\u00e3o<\/h3>\n<p>A parceria entre a ANATC e a FRENLOGI \u00e9 um passo importante para o fortalecimento do setor de transporte. Atrav\u00e9s do estabelecimento de um piso m\u00ednimo de frete equilibrado, espera-se n\u00e3o apenas proteger os motoristas, mas tamb\u00e9m promover uma mobilidade mais eficiente e segura no Brasil. Dessa forma, os benef\u00edcios se estendem al\u00e9m dos profissionais da estrada, impactando positivamente toda a economia.<\/p>\n<p>Fonte: ibl<\/p>\n","protected":false},"excerpt":{"rendered":"<p>ANATC Fortalece Parceria com a FRENLOGI em Defesa do Equil\u00edbrio no Piso M\u00ednimo de Frete A recente parceria entre a ANATC (Associa\u00e7\u00e3o Nacional dos Transportadores de Carga) e a FRENLOGI (Federa\u00e7\u00e3o Nacional dos Transportadores e Log\u00edstica) representa um passo significativo para o setor de transporte. Juntas, as entidades buscam garantir uma regulamenta\u00e7\u00e3o mais equilibrada e &hellip;<\/p>\n","protected":false},"author":4,"featured_media":4920,"comment_status":"","ping_status":"open","sticky":false,"template":"","format":"standard","meta":{"footnotes":""},"categories":[77],"tags":[],"coauthors":[42],"class_list":["post-4919","post","type-post","status-publish","format-standard","has-post-thumbnail","hentry","category-motorista"],"yoast_head":"<!-- This site is optimized with the Yoast SEO Premium plugin v25.5 (Yoast SEO v27.4) - https:\/\/yoast.com\/product\/yoast-seo-premium-wordpress\/ -->\n<title>ANATC e FRENLOGI ampliam coopera\u00e7\u00e3o pelo piso de frete justo - Motorista.com.br<\/title>\n<meta name=\"robots\" content=\"index, follow, max-snippet:-1, max-image-preview:large, max-video-preview:-1\" \/>\n<link rel=\"canonical\" href=\"https:\/\/motorista.com.br\/noticias\/2025\/12\/03\/anatc-e-frenlogi-ampliam-cooperacao-pelo-piso-de-frete-justo\/\" \/>\n<meta property=\"og:locale\" content=\"pt_BR\" \/>\n<meta property=\"og:type\" content=\"article\" \/>\n<meta property=\"og:title\" content=\"ANATC e FRENLOGI ampliam coopera\u00e7\u00e3o pelo piso de frete justo\" \/>\n<meta property=\"og:description\" content=\"ANATC Fortalece Parceria com a FRENLOGI em Defesa do Equil\u00edbrio no Piso M\u00ednimo de Frete A recente parceria entre a ANATC (Associa\u00e7\u00e3o Nacional dos Transportadores de Carga) e a FRENLOGI (Federa\u00e7\u00e3o Nacional dos Transportadores e Log\u00edstica) representa um passo significativo para o setor de transporte. Juntas, as entidades buscam garantir uma regulamenta\u00e7\u00e3o mais equilibrada e &hellip;\" \/>\n<meta property=\"og:url\" content=\"https:\/\/motorista.com.br\/noticias\/2025\/12\/03\/anatc-e-frenlogi-ampliam-cooperacao-pelo-piso-de-frete-justo\/\" \/>\n<meta property=\"og:site_name\" content=\"Motorista.com.br\" \/>\n<meta property=\"article:published_time\" content=\"2025-12-04T00:27:28+00:00\" \/>\n<meta name=\"author\" content=\"Equipe Reda\u00e7\u00e3o\" \/>\n<meta name=\"twitter:card\" content=\"summary_large_image\" \/>\n<meta name=\"twitter:label1\" content=\"Escrito por\" \/>\n\t<meta name=\"twitter:data1\" content=\"Equipe Reda\u00e7\u00e3o\" \/>\n\t<meta name=\"twitter:label2\" content=\"Est. tempo de leitura\" \/>\n\t<meta name=\"twitter:data2\" content=\"2 minutos\" \/>\n\t<meta name=\"twitter:label3\" content=\"Written by\" \/>\n\t<meta name=\"twitter:data3\" content=\"Equipe Reda\u00e7\u00e3o\" \/>\n<script type=\"application\/ld+json\" class=\"yoast-schema-graph\">{\"@context\":\"https:\\\/\\\/schema.org\",\"@graph\":[{\"@type\":\"Article\",\"@id\":\"https:\\\/\\\/motorista.com.br\\\/noticias\\\/2025\\\/12\\\/03\\\/anatc-e-frenlogi-ampliam-cooperacao-pelo-piso-de-frete-justo\\\/#article\",\"isPartOf\":{\"@id\":\"https:\\\/\\\/motorista.com.br\\\/noticias\\\/2025\\\/12\\\/03\\\/anatc-e-frenlogi-ampliam-cooperacao-pelo-piso-de-frete-justo\\\/\"},\"author\":{\"name\":\"Equipe Reda\u00e7\u00e3o\",\"@id\":\"https:\\\/\\\/motorista.com.br\\\/noticias\\\/#\\\/schema\\\/person\\\/dc93afc2981c0e3ce6bc3c053fd847be\"},\"headline\":\"ANATC e FRENLOGI ampliam coopera\u00e7\u00e3o pelo piso de frete justo\",\"datePublished\":\"2025-12-04T00:27:28+00:00\",\"mainEntityOfPage\":{\"@id\":\"https:\\\/\\\/motorista.com.br\\\/noticias\\\/2025\\\/12\\\/03\\\/anatc-e-frenlogi-ampliam-cooperacao-pelo-piso-de-frete-justo\\\/\"},\"wordCount\":419,\"publisher\":{\"@id\":\"https:\\\/\\\/motorista.com.br\\\/noticias\\\/#organization\"},\"image\":{\"@id\":\"https:\\\/\\\/motorista.com.br\\\/noticias\\\/2025\\\/12\\\/03\\\/anatc-e-frenlogi-ampliam-cooperacao-pelo-piso-de-frete-justo\\\/#primaryimage\"},\"thumbnailUrl\":\"https:\\\/\\\/motorista.com.br\\\/noticias\\\/wp-content\\\/uploads\\\/2025\\\/12\\\/WhatsApp-Image-2025-10-23-at-16.08.54.jpeg\",\"articleSection\":[\"Motorista\"],\"inLanguage\":\"pt-BR\"},{\"@type\":\"WebPage\",\"@id\":\"https:\\\/\\\/motorista.com.br\\\/noticias\\\/2025\\\/12\\\/03\\\/anatc-e-frenlogi-ampliam-cooperacao-pelo-piso-de-frete-justo\\\/\",\"url\":\"https:\\\/\\\/motorista.com.br\\\/noticias\\\/2025\\\/12\\\/03\\\/anatc-e-frenlogi-ampliam-cooperacao-pelo-piso-de-frete-justo\\\/\",\"name\":\"ANATC e FRENLOGI ampliam coopera\u00e7\u00e3o pelo piso de frete justo - Motorista.com.br\",\"isPartOf\":{\"@id\":\"https:\\\/\\\/motorista.com.br\\\/noticias\\\/#website\"},\"primaryImageOfPage\":{\"@id\":\"https:\\\/\\\/motorista.com.br\\\/noticias\\\/2025\\\/12\\\/03\\\/anatc-e-frenlogi-ampliam-cooperacao-pelo-piso-de-frete-justo\\\/#primaryimage\"},\"image\":{\"@id\":\"https:\\\/\\\/motorista.com.br\\\/noticias\\\/2025\\\/12\\\/03\\\/anatc-e-frenlogi-ampliam-cooperacao-pelo-piso-de-frete-justo\\\/#primaryimage\"},\"thumbnailUrl\":\"https:\\\/\\\/motorista.com.br\\\/noticias\\\/wp-content\\\/uploads\\\/2025\\\/12\\\/WhatsApp-Image-2025-10-23-at-16.08.54.jpeg\",\"datePublished\":\"2025-12-04T00:27:28+00:00\",\"breadcrumb\":{\"@id\":\"https:\\\/\\\/motorista.com.br\\\/noticias\\\/2025\\\/12\\\/03\\\/anatc-e-frenlogi-ampliam-cooperacao-pelo-piso-de-frete-justo\\\/#breadcrumb\"},\"inLanguage\":\"pt-BR\",\"potentialAction\":[{\"@type\":\"ReadAction\",\"target\":[\"https:\\\/\\\/motorista.com.br\\\/noticias\\\/2025\\\/12\\\/03\\\/anatc-e-frenlogi-ampliam-cooperacao-pelo-piso-de-frete-justo\\\/\"]}]},{\"@type\":\"ImageObject\",\"inLanguage\":\"pt-BR\",\"@id\":\"https:\\\/\\\/motorista.com.br\\\/noticias\\\/2025\\\/12\\\/03\\\/anatc-e-frenlogi-ampliam-cooperacao-pelo-piso-de-frete-justo\\\/#primaryimage\",\"url\":\"https:\\\/\\\/motorista.com.br\\\/noticias\\\/wp-content\\\/uploads\\\/2025\\\/12\\\/WhatsApp-Image-2025-10-23-at-16.08.54.jpeg\",\"contentUrl\":\"https:\\\/\\\/motorista.com.br\\\/noticias\\\/wp-content\\\/uploads\\\/2025\\\/12\\\/WhatsApp-Image-2025-10-23-at-16.08.54.jpeg\",\"width\":1600,\"height\":900},{\"@type\":\"BreadcrumbList\",\"@id\":\"https:\\\/\\\/motorista.com.br\\\/noticias\\\/2025\\\/12\\\/03\\\/anatc-e-frenlogi-ampliam-cooperacao-pelo-piso-de-frete-justo\\\/#breadcrumb\",\"itemListElement\":[{\"@type\":\"ListItem\",\"position\":1,\"name\":\"In\u00edcio\",\"item\":\"https:\\\/\\\/motorista.com.br\\\/noticias\\\/\"},{\"@type\":\"ListItem\",\"position\":2,\"name\":\"ANATC e FRENLOGI ampliam coopera\u00e7\u00e3o pelo piso de frete justo\"}]},{\"@type\":\"WebSite\",\"@id\":\"https:\\\/\\\/motorista.com.br\\\/noticias\\\/#website\",\"url\":\"https:\\\/\\\/motorista.com.br\\\/noticias\\\/\",\"name\":\"Motorista.com.br\",\"description\":\"Not\u00edcia do Motorista\",\"publisher\":{\"@id\":\"https:\\\/\\\/motorista.com.br\\\/noticias\\\/#organization\"},\"potentialAction\":[{\"@type\":\"SearchAction\",\"target\":{\"@type\":\"EntryPoint\",\"urlTemplate\":\"https:\\\/\\\/motorista.com.br\\\/noticias\\\/?s={search_term_string}\"},\"query-input\":{\"@type\":\"PropertyValueSpecification\",\"valueRequired\":true,\"valueName\":\"search_term_string\"}}],\"inLanguage\":\"pt-BR\"},{\"@type\":\"Organization\",\"@id\":\"https:\\\/\\\/motorista.com.br\\\/noticias\\\/#organization\",\"name\":\"Motorista.com.br\",\"url\":\"https:\\\/\\\/motorista.com.br\\\/noticias\\\/\",\"logo\":{\"@type\":\"ImageObject\",\"inLanguage\":\"pt-BR\",\"@id\":\"https:\\\/\\\/motorista.com.br\\\/noticias\\\/#\\\/schema\\\/logo\\\/image\\\/\",\"url\":\"https:\\\/\\\/motorista.com.br\\\/noticias\\\/wp-content\\\/uploads\\\/2025\\\/06\\\/Design-sem-nome-9.png\",\"contentUrl\":\"https:\\\/\\\/motorista.com.br\\\/noticias\\\/wp-content\\\/uploads\\\/2025\\\/06\\\/Design-sem-nome-9.png\",\"width\":150,\"height\":85,\"caption\":\"Motorista.com.br\"},\"image\":{\"@id\":\"https:\\\/\\\/motorista.com.br\\\/noticias\\\/#\\\/schema\\\/logo\\\/image\\\/\"}},{\"@type\":\"Person\",\"@id\":\"https:\\\/\\\/motorista.com.br\\\/noticias\\\/#\\\/schema\\\/person\\\/dc93afc2981c0e3ce6bc3c053fd847be\",\"name\":\"Equipe Reda\u00e7\u00e3o\",\"image\":{\"@type\":\"ImageObject\",\"inLanguage\":\"pt-BR\",\"@id\":\"https:\\\/\\\/secure.gravatar.com\\\/avatar\\\/4f525efbf18dd2bb300ccad28bfb99d95a9465a5ba268407c8c37b37e1f28d2d?s=96&d=mm&r=g9e099043a0c61e9ae27e293b9fa75ffc\",\"url\":\"https:\\\/\\\/secure.gravatar.com\\\/avatar\\\/4f525efbf18dd2bb300ccad28bfb99d95a9465a5ba268407c8c37b37e1f28d2d?s=96&d=mm&r=g\",\"contentUrl\":\"https:\\\/\\\/secure.gravatar.com\\\/avatar\\\/4f525efbf18dd2bb300ccad28bfb99d95a9465a5ba268407c8c37b37e1f28d2d?s=96&d=mm&r=g\",\"caption\":\"Equipe Reda\u00e7\u00e3o\"},\"description\":\"Equipe de reda\u00e7\u00e3o \u00e9 um grupo de profissionais que trabalham juntos para criar conte\u00fado escrito para Motorista.com.br\",\"url\":\"https:\\\/\\\/motorista.com.br\\\/noticias\\\/author\\\/equiperedacao\\\/\"}]}<\/script>\n<!-- \/ Yoast SEO Premium plugin. -->","yoast_head_json":{"title":"ANATC e FRENLOGI ampliam coopera\u00e7\u00e3o pelo piso de frete justo - Motorista.com.br","robots":{"index":"index","follow":"follow","max-snippet":"max-snippet:-1","max-image-preview":"max-image-preview:large","max-video-preview":"max-video-preview:-1"},"canonical":"https:\/\/motorista.com.br\/noticias\/2025\/12\/03\/anatc-e-frenlogi-ampliam-cooperacao-pelo-piso-de-frete-justo\/","og_locale":"pt_BR","og_type":"article","og_title":"ANATC e FRENLOGI ampliam coopera\u00e7\u00e3o pelo piso de frete justo","og_description":"ANATC Fortalece Parceria com a FRENLOGI em Defesa do Equil\u00edbrio no Piso M\u00ednimo de Frete A recente parceria entre a ANATC (Associa\u00e7\u00e3o Nacional dos Transportadores de Carga) e a FRENLOGI (Federa\u00e7\u00e3o Nacional dos Transportadores e Log\u00edstica) representa um passo significativo para o setor de transporte. Juntas, as entidades buscam garantir uma regulamenta\u00e7\u00e3o mais equilibrada e &hellip;","og_url":"https:\/\/motorista.com.br\/noticias\/2025\/12\/03\/anatc-e-frenlogi-ampliam-cooperacao-pelo-piso-de-frete-justo\/","og_site_name":"Motorista.com.br","article_published_time":"2025-12-04T00:27:28+00:00","author":"Equipe Reda\u00e7\u00e3o","twitter_card":"summary_large_image","twitter_misc":{"Escrito por":"Equipe Reda\u00e7\u00e3o","Est. tempo de leitura":"2 minutos","Written by":"Equipe Reda\u00e7\u00e3o"},"schema":{"@context":"https:\/\/schema.org","@graph":[{"@type":"Article","@id":"https:\/\/motorista.com.br\/noticias\/2025\/12\/03\/anatc-e-frenlogi-ampliam-cooperacao-pelo-piso-de-frete-justo\/#article","isPartOf":{"@id":"https:\/\/motorista.com.br\/noticias\/2025\/12\/03\/anatc-e-frenlogi-ampliam-cooperacao-pelo-piso-de-frete-justo\/"},"author":{"name":"Equipe Reda\u00e7\u00e3o","@id":"https:\/\/motorista.com.br\/noticias\/#\/schema\/person\/dc93afc2981c0e3ce6bc3c053fd847be"},"headline":"ANATC e FRENLOGI ampliam coopera\u00e7\u00e3o pelo piso de frete justo","datePublished":"2025-12-04T00:27:28+00:00","mainEntityOfPage":{"@id":"https:\/\/motorista.com.br\/noticias\/2025\/12\/03\/anatc-e-frenlogi-ampliam-cooperacao-pelo-piso-de-frete-justo\/"},"wordCount":419,"publisher":{"@id":"https:\/\/motorista.com.br\/noticias\/#organization"},"image":{"@id":"https:\/\/motorista.com.br\/noticias\/2025\/12\/03\/anatc-e-frenlogi-ampliam-cooperacao-pelo-piso-de-frete-justo\/#primaryimage"},"thumbnailUrl":"https:\/\/motorista.com.br\/noticias\/wp-content\/uploads\/2025\/12\/WhatsApp-Image-2025-10-23-at-16.08.54.jpeg","articleSection":["Motorista"],"inLanguage":"pt-BR"},{"@type":"WebPage","@id":"https:\/\/motorista.com.br\/noticias\/2025\/12\/03\/anatc-e-frenlogi-ampliam-cooperacao-pelo-piso-de-frete-justo\/","url":"https:\/\/motorista.com.br\/noticias\/2025\/12\/03\/anatc-e-frenlogi-ampliam-cooperacao-pelo-piso-de-frete-justo\/","name":"ANATC e FRENLOGI ampliam coopera\u00e7\u00e3o pelo piso de frete justo - Motorista.com.br","isPartOf":{"@id":"https:\/\/motorista.com.br\/noticias\/#website"},"primaryImageOfPage":{"@id":"https:\/\/motorista.com.br\/noticias\/2025\/12\/03\/anatc-e-frenlogi-ampliam-cooperacao-pelo-piso-de-frete-justo\/#primaryimage"},"image":{"@id":"https:\/\/motorista.com.br\/noticias\/2025\/12\/03\/anatc-e-frenlogi-ampliam-cooperacao-pelo-piso-de-frete-justo\/#primaryimage"},"thumbnailUrl":"https:\/\/motorista.com.br\/noticias\/wp-content\/uploads\/2025\/12\/WhatsApp-Image-2025-10-23-at-16.08.54.jpeg","datePublished":"2025-12-04T00:27:28+00:00","breadcrumb":{"@id":"https:\/\/motorista.com.br\/noticias\/2025\/12\/03\/anatc-e-frenlogi-ampliam-cooperacao-pelo-piso-de-frete-justo\/#breadcrumb"},"inLanguage":"pt-BR","potentialAction":[{"@type":"ReadAction","target":["https:\/\/motorista.com.br\/noticias\/2025\/12\/03\/anatc-e-frenlogi-ampliam-cooperacao-pelo-piso-de-frete-justo\/"]}]},{"@type":"ImageObject","inLanguage":"pt-BR","@id":"https:\/\/motorista.com.br\/noticias\/2025\/12\/03\/anatc-e-frenlogi-ampliam-cooperacao-pelo-piso-de-frete-justo\/#primaryimage","url":"https:\/\/motorista.com.br\/noticias\/wp-content\/uploads\/2025\/12\/WhatsApp-Image-2025-10-23-at-16.08.54.jpeg","contentUrl":"https:\/\/motorista.com.br\/noticias\/wp-content\/uploads\/2025\/12\/WhatsApp-Image-2025-10-23-at-16.08.54.jpeg","width":1600,"height":900},{"@type":"BreadcrumbList","@id":"https:\/\/motorista.com.br\/noticias\/2025\/12\/03\/anatc-e-frenlogi-ampliam-cooperacao-pelo-piso-de-frete-justo\/#breadcrumb","itemListElement":[{"@type":"ListItem","position":1,"name":"In\u00edcio","item":"https:\/\/motorista.com.br\/noticias\/"},{"@type":"ListItem","position":2,"name":"ANATC e FRENLOGI ampliam coopera\u00e7\u00e3o pelo piso de frete justo"}]},{"@type":"WebSite","@id":"https:\/\/motorista.com.br\/noticias\/#website","url":"https:\/\/motorista.com.br\/noticias\/","name":"Motorista.com.br","description":"Not\u00edcia do Motorista","publisher":{"@id":"https:\/\/motorista.com.br\/noticias\/#organization"},"potentialAction":[{"@type":"SearchAction","target":{"@type":"EntryPoint","urlTemplate":"https:\/\/motorista.com.br\/noticias\/?s={search_term_string}"},"query-input":{"@type":"PropertyValueSpecification","valueRequired":true,"valueName":"search_term_string"}}],"inLanguage":"pt-BR"},{"@type":"Organization","@id":"https:\/\/motorista.com.br\/noticias\/#organization","name":"Motorista.com.br","url":"https:\/\/motorista.com.br\/noticias\/","logo":{"@type":"ImageObject","inLanguage":"pt-BR","@id":"https:\/\/motorista.com.br\/noticias\/#\/schema\/logo\/image\/","url":"https:\/\/motorista.com.br\/noticias\/wp-content\/uploads\/2025\/06\/Design-sem-nome-9.png","contentUrl":"https:\/\/motorista.com.br\/noticias\/wp-content\/uploads\/2025\/06\/Design-sem-nome-9.png","width":150,"height":85,"caption":"Motorista.com.br"},"image":{"@id":"https:\/\/motorista.com.br\/noticias\/#\/schema\/logo\/image\/"}},{"@type":"Person","@id":"https:\/\/motorista.com.br\/noticias\/#\/schema\/person\/dc93afc2981c0e3ce6bc3c053fd847be","name":"Equipe Reda\u00e7\u00e3o","image":{"@type":"ImageObject","inLanguage":"pt-BR","@id":"https:\/\/secure.gravatar.com\/avatar\/4f525efbf18dd2bb300ccad28bfb99d95a9465a5ba268407c8c37b37e1f28d2d?s=96&d=mm&r=g9e099043a0c61e9ae27e293b9fa75ffc","url":"https:\/\/secure.gravatar.com\/avatar\/4f525efbf18dd2bb300ccad28bfb99d95a9465a5ba268407c8c37b37e1f28d2d?s=96&d=mm&r=g","contentUrl":"https:\/\/secure.gravatar.com\/avatar\/4f525efbf18dd2bb300ccad28bfb99d95a9465a5ba268407c8c37b37e1f28d2d?s=96&d=mm&r=g","caption":"Equipe Reda\u00e7\u00e3o"},"description":"Equipe de reda\u00e7\u00e3o \u00e9 um grupo de profissionais que trabalham juntos para criar conte\u00fado escrito para Motorista.com.br","url":"https:\/\/motorista.com.br\/noticias\/author\/equiperedacao\/"}]}},"_links":{"self":[{"href":"https:\/\/motorista.com.br\/noticias\/wp-json\/wp\/v2\/posts\/4919","targetHints":{"allow":["GET"]}}],"collection":[{"href":"https:\/\/motorista.com.br\/noticias\/wp-json\/wp\/v2\/posts"}],"about":[{"href":"https:\/\/motorista.com.br\/noticias\/wp-json\/wp\/v2\/types\/post"}],"author":[{"embeddable":true,"href":"https:\/\/motorista.com.br\/noticias\/wp-json\/wp\/v2\/users\/4"}],"replies":[{"embeddable":true,"href":"https:\/\/motorista.com.br\/noticias\/wp-json\/wp\/v2\/comments?post=4919"}],"version-history":[{"count":0,"href":"https:\/\/motorista.com.br\/noticias\/wp-json\/wp\/v2\/posts\/4919\/revisions"}],"wp:featuredmedia":[{"embeddable":true,"href":"https:\/\/motorista.com.br\/noticias\/wp-json\/wp\/v2\/media\/4920"}],"wp:attachment":[{"href":"https:\/\/motorista.com.br\/noticias\/wp-json\/wp\/v2\/media?parent=4919"}],"wp:term":[{"taxonomy":"category","embeddable":true,"href":"https:\/\/motorista.com.br\/noticias\/wp-json\/wp\/v2\/categories?post=4919"},{"taxonomy":"post_tag","embeddable":true,"href":"https:\/\/motorista.com.br\/noticias\/wp-json\/wp\/v2\/tags?post=4919"},{"taxonomy":"author","embeddable":true,"href":"https:\/\/motorista.com.br\/noticias\/wp-json\/wp\/v2\/coauthors?post=4919"}],"curies":[{"name":"wp","href":"https:\/\/api.w.org\/{rel}","templated":true}]}}