{"id":4917,"date":"2025-12-03T15:22:39","date_gmt":"2025-12-03T18:22:39","guid":{"rendered":"https:\/\/motorista.com.br\/noticias\/2025\/12\/03\/atualizacao-do-web-service-natal-para-padrao-nacional\/"},"modified":"2025-12-03T15:22:39","modified_gmt":"2025-12-03T18:22:39","slug":"atualizacao-do-web-service-natal-para-padrao-nacional","status":"publish","type":"post","link":"https:\/\/motorista.com.br\/noticias\/2025\/12\/03\/atualizacao-do-web-service-natal-para-padrao-nacional\/","title":{"rendered":"Atualiza\u00e7\u00e3o do Web Service Natal para padr\u00e3o nacional"},"content":{"rendered":"<p><\/p>\n<p><strong>Natal Atualiza Web Service para o Padr\u00e3o Nacional: Impactos e Benef\u00edcios para Motoristas e Mobilidade<\/strong><\/p>\n<p><em>Por Enzo Bernardes<\/em><\/p>\n<p>A Prefeitura de Natal, atrav\u00e9s da Secretaria Municipal de Finan\u00e7as (Sefin), est\u00e1 finalizando a adequa\u00e7\u00e3o do sistema de emiss\u00e3o da Nota Fiscal de Servi\u00e7o Eletr\u00f4nica (NFS-e) para o novo padr\u00e3o nacional. Embora a cidade continue utilizando seu emissor, o Portal Directa, a ferramenta passar\u00e1 a operar com uma nova lista de servi\u00e7os e campos espec\u00edficos conforme a reforma tribut\u00e1ria do consumo.<\/p>\n<p>As empresas localizadas em Natal continuar\u00e3o a emitir suas notas pelo Portal Directa, podendo faz\u00ea-lo via web ou atrav\u00e9s de um web service integrado aos seus sistemas internos. Essa atualiza\u00e7\u00e3o \u00e9 uma etapa importante que promete trazer mais efici\u00eancia e transpar\u00eancia \u00e0s opera\u00e7\u00f5es, especialmente no que se refere ao registro e controle fiscal.<\/p>\n<p>Uma das inova\u00e7\u00f5es mais significativas \u00e9 a ado\u00e7\u00e3o de uma lista de servi\u00e7os com numera\u00e7\u00e3o de seis d\u00edgitos, conforme definido na Portaria n\u00ba 078\/2025-GS\/SEFIN. Essa mudan\u00e7a, embora n\u00e3o crie novos fatos geradores ou amplie a compet\u00eancia tribut\u00e1ria municipal, representa um esfor\u00e7o da gest\u00e3o local para se alinhar \u00e0s exig\u00eancias nacionais, facilitando a comunica\u00e7\u00e3o dos dados fiscais com o Ambiente de Dados Nacional (ADN).<\/p>\n<p>Essa atualiza\u00e7\u00e3o n\u00e3o se restringe a aspectos fiscais; ela pode repercutir positivamente na mobilidade urbana. Com a correta categoriza\u00e7\u00e3o e apura\u00e7\u00e3o dos tributos, \u00e9 poss\u00edvel aumentar a efici\u00eancia na arrecada\u00e7\u00e3o, permitindo que a Prefeitura direcione recursos para melhorias na infraestrutura de transporte. Investimentos em obras vi\u00e1rias, manuten\u00e7\u00e3o de cal\u00e7adas e n\u00facleos de mobilidade alternativa, como ciclovias e transporte p\u00fablico, podem ser potencialmente ampliados, beneficiando motoristas e usu\u00e1rios de transporte p\u00fablico.<\/p>\n<p>Al\u00e9m disso, a nova forma de emiss\u00e3o de notas, com informa\u00e7\u00f5es mais claras e precisas, promete facilitar a vida dos motoristas de aplicativos e demais prestadores de servi\u00e7os. Um sistema simplificado de registro poder\u00e1 reduzir o tempo gasto em burocracias, permitindo que esses profissionais se concentrem mais na presta\u00e7\u00e3o de servi\u00e7os e menos na parte administrativa.<\/p>\n<p>O secret\u00e1rio de Finan\u00e7as, Marcelo Oliveira, destaca que o projeto da NFS-e Nacional est\u00e1 em constante evolu\u00e7\u00e3o, o que indica que novas atualiza\u00e7\u00f5es podem acontecer ao longo da implementa\u00e7\u00e3o. Essa adaptabilidade \u00e9 crucial em um cen\u00e1rio muitos din\u00e2mico, onde a legisla\u00e7\u00e3o e as necessidades da popula\u00e7\u00e3o est\u00e3o em cont\u00ednua transforma\u00e7\u00e3o.<\/p>\n<p>As novas obrigatoriedades, como o C\u00f3digo de Situa\u00e7\u00e3o Tribut\u00e1ria (CST) e o C\u00f3digo de Classifica\u00e7\u00e3o Tribut\u00e1ria (cClassTrib) do IBS e da CBS, s\u00e3o passos que visam n\u00e3o apenas compliance, mas tamb\u00e9m uma melhor organiza\u00e7\u00e3o do setor de servi\u00e7os. A Prefeitura j\u00e1 disponibilizou a atualiza\u00e7\u00e3o necess\u00e1ria para que os contribuintes possam come\u00e7ar a testar o novo layout em um ambiente de homologa\u00e7\u00e3o.<\/p>\n<p>Em s\u00edntese, a atualiza\u00e7\u00e3o do web service em Natal \u00e9 um avan\u00e7o que pode impactar positivamente a mobilidade urbana e a vida dos motoristas. Ao tornar o sistema fiscal mais \u00e1gil e eficiente, a cidade poder\u00e1 investir mais em infraestrutura e servi\u00e7os, promovendo um tr\u00e2nsito mais flu\u00eddo e uma melhor qualidade de vida para seus habitantes.<\/p>\n<p><em>Fonte: reformatributaria<\/em><\/p>\n","protected":false},"excerpt":{"rendered":"<p>Natal Atualiza Web Service para o Padr\u00e3o Nacional: Impactos e Benef\u00edcios para Motoristas e Mobilidade Por Enzo Bernardes A Prefeitura de Natal, atrav\u00e9s da Secretaria Municipal de Finan\u00e7as (Sefin), est\u00e1 finalizando a adequa\u00e7\u00e3o do sistema de emiss\u00e3o da Nota Fiscal de Servi\u00e7o Eletr\u00f4nica (NFS-e) para o novo padr\u00e3o nacional. Embora a cidade continue utilizando seu &hellip;<\/p>\n","protected":false},"author":4,"featured_media":4918,"comment_status":"","ping_status":"open","sticky":false,"template":"","format":"standard","meta":{"footnotes":""},"categories":[35],"tags":[],"coauthors":[42],"class_list":["post-4917","post","type-post","status-publish","format-standard","has-post-thumbnail","hentry","category-legislacao"],"yoast_head":"<!-- This site is optimized with the Yoast SEO Premium plugin v25.5 (Yoast SEO v27.4) - https:\/\/yoast.com\/product\/yoast-seo-premium-wordpress\/ -->\n<title>Atualiza\u00e7\u00e3o do Web Service Natal para padr\u00e3o nacional - Motorista.com.br<\/title>\n<meta name=\"robots\" content=\"index, follow, max-snippet:-1, max-image-preview:large, max-video-preview:-1\" \/>\n<link rel=\"canonical\" href=\"https:\/\/motorista.com.br\/noticias\/2025\/12\/03\/atualizacao-do-web-service-natal-para-padrao-nacional\/\" \/>\n<meta property=\"og:locale\" content=\"pt_BR\" \/>\n<meta property=\"og:type\" content=\"article\" \/>\n<meta property=\"og:title\" content=\"Atualiza\u00e7\u00e3o do Web Service Natal para padr\u00e3o nacional\" \/>\n<meta property=\"og:description\" content=\"Natal Atualiza Web Service para o Padr\u00e3o Nacional: Impactos e Benef\u00edcios para Motoristas e Mobilidade Por Enzo Bernardes A Prefeitura de Natal, atrav\u00e9s da Secretaria Municipal de Finan\u00e7as (Sefin), est\u00e1 finalizando a adequa\u00e7\u00e3o do sistema de emiss\u00e3o da Nota Fiscal de Servi\u00e7o Eletr\u00f4nica (NFS-e) para o novo padr\u00e3o nacional. Embora a cidade continue utilizando seu &hellip;\" \/>\n<meta property=\"og:url\" content=\"https:\/\/motorista.com.br\/noticias\/2025\/12\/03\/atualizacao-do-web-service-natal-para-padrao-nacional\/\" \/>\n<meta property=\"og:site_name\" content=\"Motorista.com.br\" \/>\n<meta property=\"article:published_time\" content=\"2025-12-03T18:22:39+00:00\" \/>\n<meta name=\"author\" content=\"Equipe Reda\u00e7\u00e3o\" \/>\n<meta name=\"twitter:card\" content=\"summary_large_image\" \/>\n<meta name=\"twitter:label1\" content=\"Escrito por\" \/>\n\t<meta name=\"twitter:data1\" content=\"Equipe Reda\u00e7\u00e3o\" \/>\n\t<meta name=\"twitter:label2\" content=\"Est. tempo de leitura\" \/>\n\t<meta name=\"twitter:data2\" content=\"3 minutos\" \/>\n\t<meta name=\"twitter:label3\" content=\"Written by\" \/>\n\t<meta name=\"twitter:data3\" content=\"Equipe Reda\u00e7\u00e3o\" \/>\n<script type=\"application\/ld+json\" class=\"yoast-schema-graph\">{\"@context\":\"https:\\\/\\\/schema.org\",\"@graph\":[{\"@type\":\"Article\",\"@id\":\"https:\\\/\\\/motorista.com.br\\\/noticias\\\/2025\\\/12\\\/03\\\/atualizacao-do-web-service-natal-para-padrao-nacional\\\/#article\",\"isPartOf\":{\"@id\":\"https:\\\/\\\/motorista.com.br\\\/noticias\\\/2025\\\/12\\\/03\\\/atualizacao-do-web-service-natal-para-padrao-nacional\\\/\"},\"author\":{\"name\":\"Equipe Reda\u00e7\u00e3o\",\"@id\":\"https:\\\/\\\/motorista.com.br\\\/noticias\\\/#\\\/schema\\\/person\\\/dc93afc2981c0e3ce6bc3c053fd847be\"},\"headline\":\"Atualiza\u00e7\u00e3o do Web Service Natal para padr\u00e3o nacional\",\"datePublished\":\"2025-12-03T18:22:39+00:00\",\"mainEntityOfPage\":{\"@id\":\"https:\\\/\\\/motorista.com.br\\\/noticias\\\/2025\\\/12\\\/03\\\/atualizacao-do-web-service-natal-para-padrao-nacional\\\/\"},\"wordCount\":581,\"publisher\":{\"@id\":\"https:\\\/\\\/motorista.com.br\\\/noticias\\\/#organization\"},\"image\":{\"@id\":\"https:\\\/\\\/motorista.com.br\\\/noticias\\\/2025\\\/12\\\/03\\\/atualizacao-do-web-service-natal-para-padrao-nacional\\\/#primaryimage\"},\"thumbnailUrl\":\"https:\\\/\\\/motorista.com.br\\\/noticias\\\/wp-content\\\/uploads\\\/2025\\\/12\\\/Prefeitura-de-Natal.jpg\",\"articleSection\":[\"Legisla\u00e7\u00e3o\"],\"inLanguage\":\"pt-BR\"},{\"@type\":\"WebPage\",\"@id\":\"https:\\\/\\\/motorista.com.br\\\/noticias\\\/2025\\\/12\\\/03\\\/atualizacao-do-web-service-natal-para-padrao-nacional\\\/\",\"url\":\"https:\\\/\\\/motorista.com.br\\\/noticias\\\/2025\\\/12\\\/03\\\/atualizacao-do-web-service-natal-para-padrao-nacional\\\/\",\"name\":\"Atualiza\u00e7\u00e3o do Web Service Natal para padr\u00e3o nacional - Motorista.com.br\",\"isPartOf\":{\"@id\":\"https:\\\/\\\/motorista.com.br\\\/noticias\\\/#website\"},\"primaryImageOfPage\":{\"@id\":\"https:\\\/\\\/motorista.com.br\\\/noticias\\\/2025\\\/12\\\/03\\\/atualizacao-do-web-service-natal-para-padrao-nacional\\\/#primaryimage\"},\"image\":{\"@id\":\"https:\\\/\\\/motorista.com.br\\\/noticias\\\/2025\\\/12\\\/03\\\/atualizacao-do-web-service-natal-para-padrao-nacional\\\/#primaryimage\"},\"thumbnailUrl\":\"https:\\\/\\\/motorista.com.br\\\/noticias\\\/wp-content\\\/uploads\\\/2025\\\/12\\\/Prefeitura-de-Natal.jpg\",\"datePublished\":\"2025-12-03T18:22:39+00:00\",\"breadcrumb\":{\"@id\":\"https:\\\/\\\/motorista.com.br\\\/noticias\\\/2025\\\/12\\\/03\\\/atualizacao-do-web-service-natal-para-padrao-nacional\\\/#breadcrumb\"},\"inLanguage\":\"pt-BR\",\"potentialAction\":[{\"@type\":\"ReadAction\",\"target\":[\"https:\\\/\\\/motorista.com.br\\\/noticias\\\/2025\\\/12\\\/03\\\/atualizacao-do-web-service-natal-para-padrao-nacional\\\/\"]}]},{\"@type\":\"ImageObject\",\"inLanguage\":\"pt-BR\",\"@id\":\"https:\\\/\\\/motorista.com.br\\\/noticias\\\/2025\\\/12\\\/03\\\/atualizacao-do-web-service-natal-para-padrao-nacional\\\/#primaryimage\",\"url\":\"https:\\\/\\\/motorista.com.br\\\/noticias\\\/wp-content\\\/uploads\\\/2025\\\/12\\\/Prefeitura-de-Natal.jpg\",\"contentUrl\":\"https:\\\/\\\/motorista.com.br\\\/noticias\\\/wp-content\\\/uploads\\\/2025\\\/12\\\/Prefeitura-de-Natal.jpg\",\"width\":1920,\"height\":1080},{\"@type\":\"BreadcrumbList\",\"@id\":\"https:\\\/\\\/motorista.com.br\\\/noticias\\\/2025\\\/12\\\/03\\\/atualizacao-do-web-service-natal-para-padrao-nacional\\\/#breadcrumb\",\"itemListElement\":[{\"@type\":\"ListItem\",\"position\":1,\"name\":\"In\u00edcio\",\"item\":\"https:\\\/\\\/motorista.com.br\\\/noticias\\\/\"},{\"@type\":\"ListItem\",\"position\":2,\"name\":\"Atualiza\u00e7\u00e3o do Web Service Natal para padr\u00e3o nacional\"}]},{\"@type\":\"WebSite\",\"@id\":\"https:\\\/\\\/motorista.com.br\\\/noticias\\\/#website\",\"url\":\"https:\\\/\\\/motorista.com.br\\\/noticias\\\/\",\"name\":\"Motorista.com.br\",\"description\":\"Not\u00edcia do Motorista\",\"publisher\":{\"@id\":\"https:\\\/\\\/motorista.com.br\\\/noticias\\\/#organization\"},\"potentialAction\":[{\"@type\":\"SearchAction\",\"target\":{\"@type\":\"EntryPoint\",\"urlTemplate\":\"https:\\\/\\\/motorista.com.br\\\/noticias\\\/?s={search_term_string}\"},\"query-input\":{\"@type\":\"PropertyValueSpecification\",\"valueRequired\":true,\"valueName\":\"search_term_string\"}}],\"inLanguage\":\"pt-BR\"},{\"@type\":\"Organization\",\"@id\":\"https:\\\/\\\/motorista.com.br\\\/noticias\\\/#organization\",\"name\":\"Motorista.com.br\",\"url\":\"https:\\\/\\\/motorista.com.br\\\/noticias\\\/\",\"logo\":{\"@type\":\"ImageObject\",\"inLanguage\":\"pt-BR\",\"@id\":\"https:\\\/\\\/motorista.com.br\\\/noticias\\\/#\\\/schema\\\/logo\\\/image\\\/\",\"url\":\"https:\\\/\\\/motorista.com.br\\\/noticias\\\/wp-content\\\/uploads\\\/2025\\\/06\\\/Design-sem-nome-9.png\",\"contentUrl\":\"https:\\\/\\\/motorista.com.br\\\/noticias\\\/wp-content\\\/uploads\\\/2025\\\/06\\\/Design-sem-nome-9.png\",\"width\":150,\"height\":85,\"caption\":\"Motorista.com.br\"},\"image\":{\"@id\":\"https:\\\/\\\/motorista.com.br\\\/noticias\\\/#\\\/schema\\\/logo\\\/image\\\/\"}},{\"@type\":\"Person\",\"@id\":\"https:\\\/\\\/motorista.com.br\\\/noticias\\\/#\\\/schema\\\/person\\\/dc93afc2981c0e3ce6bc3c053fd847be\",\"name\":\"Equipe Reda\u00e7\u00e3o\",\"image\":{\"@type\":\"ImageObject\",\"inLanguage\":\"pt-BR\",\"@id\":\"https:\\\/\\\/secure.gravatar.com\\\/avatar\\\/4f525efbf18dd2bb300ccad28bfb99d95a9465a5ba268407c8c37b37e1f28d2d?s=96&d=mm&r=g9e099043a0c61e9ae27e293b9fa75ffc\",\"url\":\"https:\\\/\\\/secure.gravatar.com\\\/avatar\\\/4f525efbf18dd2bb300ccad28bfb99d95a9465a5ba268407c8c37b37e1f28d2d?s=96&d=mm&r=g\",\"contentUrl\":\"https:\\\/\\\/secure.gravatar.com\\\/avatar\\\/4f525efbf18dd2bb300ccad28bfb99d95a9465a5ba268407c8c37b37e1f28d2d?s=96&d=mm&r=g\",\"caption\":\"Equipe Reda\u00e7\u00e3o\"},\"description\":\"Equipe de reda\u00e7\u00e3o \u00e9 um grupo de profissionais que trabalham juntos para criar conte\u00fado escrito para Motorista.com.br\",\"url\":\"https:\\\/\\\/motorista.com.br\\\/noticias\\\/author\\\/equiperedacao\\\/\"}]}<\/script>\n<!-- \/ Yoast SEO Premium plugin. -->","yoast_head_json":{"title":"Atualiza\u00e7\u00e3o do Web Service Natal para padr\u00e3o nacional - Motorista.com.br","robots":{"index":"index","follow":"follow","max-snippet":"max-snippet:-1","max-image-preview":"max-image-preview:large","max-video-preview":"max-video-preview:-1"},"canonical":"https:\/\/motorista.com.br\/noticias\/2025\/12\/03\/atualizacao-do-web-service-natal-para-padrao-nacional\/","og_locale":"pt_BR","og_type":"article","og_title":"Atualiza\u00e7\u00e3o do Web Service Natal para padr\u00e3o nacional","og_description":"Natal Atualiza Web Service para o Padr\u00e3o Nacional: Impactos e Benef\u00edcios para Motoristas e Mobilidade Por Enzo Bernardes A Prefeitura de Natal, atrav\u00e9s da Secretaria Municipal de Finan\u00e7as (Sefin), est\u00e1 finalizando a adequa\u00e7\u00e3o do sistema de emiss\u00e3o da Nota Fiscal de Servi\u00e7o Eletr\u00f4nica (NFS-e) para o novo padr\u00e3o nacional. Embora a cidade continue utilizando seu &hellip;","og_url":"https:\/\/motorista.com.br\/noticias\/2025\/12\/03\/atualizacao-do-web-service-natal-para-padrao-nacional\/","og_site_name":"Motorista.com.br","article_published_time":"2025-12-03T18:22:39+00:00","author":"Equipe Reda\u00e7\u00e3o","twitter_card":"summary_large_image","twitter_misc":{"Escrito por":"Equipe Reda\u00e7\u00e3o","Est. tempo de leitura":"3 minutos","Written by":"Equipe Reda\u00e7\u00e3o"},"schema":{"@context":"https:\/\/schema.org","@graph":[{"@type":"Article","@id":"https:\/\/motorista.com.br\/noticias\/2025\/12\/03\/atualizacao-do-web-service-natal-para-padrao-nacional\/#article","isPartOf":{"@id":"https:\/\/motorista.com.br\/noticias\/2025\/12\/03\/atualizacao-do-web-service-natal-para-padrao-nacional\/"},"author":{"name":"Equipe Reda\u00e7\u00e3o","@id":"https:\/\/motorista.com.br\/noticias\/#\/schema\/person\/dc93afc2981c0e3ce6bc3c053fd847be"},"headline":"Atualiza\u00e7\u00e3o do Web Service Natal para padr\u00e3o nacional","datePublished":"2025-12-03T18:22:39+00:00","mainEntityOfPage":{"@id":"https:\/\/motorista.com.br\/noticias\/2025\/12\/03\/atualizacao-do-web-service-natal-para-padrao-nacional\/"},"wordCount":581,"publisher":{"@id":"https:\/\/motorista.com.br\/noticias\/#organization"},"image":{"@id":"https:\/\/motorista.com.br\/noticias\/2025\/12\/03\/atualizacao-do-web-service-natal-para-padrao-nacional\/#primaryimage"},"thumbnailUrl":"https:\/\/motorista.com.br\/noticias\/wp-content\/uploads\/2025\/12\/Prefeitura-de-Natal.jpg","articleSection":["Legisla\u00e7\u00e3o"],"inLanguage":"pt-BR"},{"@type":"WebPage","@id":"https:\/\/motorista.com.br\/noticias\/2025\/12\/03\/atualizacao-do-web-service-natal-para-padrao-nacional\/","url":"https:\/\/motorista.com.br\/noticias\/2025\/12\/03\/atualizacao-do-web-service-natal-para-padrao-nacional\/","name":"Atualiza\u00e7\u00e3o do Web Service Natal para padr\u00e3o nacional - Motorista.com.br","isPartOf":{"@id":"https:\/\/motorista.com.br\/noticias\/#website"},"primaryImageOfPage":{"@id":"https:\/\/motorista.com.br\/noticias\/2025\/12\/03\/atualizacao-do-web-service-natal-para-padrao-nacional\/#primaryimage"},"image":{"@id":"https:\/\/motorista.com.br\/noticias\/2025\/12\/03\/atualizacao-do-web-service-natal-para-padrao-nacional\/#primaryimage"},"thumbnailUrl":"https:\/\/motorista.com.br\/noticias\/wp-content\/uploads\/2025\/12\/Prefeitura-de-Natal.jpg","datePublished":"2025-12-03T18:22:39+00:00","breadcrumb":{"@id":"https:\/\/motorista.com.br\/noticias\/2025\/12\/03\/atualizacao-do-web-service-natal-para-padrao-nacional\/#breadcrumb"},"inLanguage":"pt-BR","potentialAction":[{"@type":"ReadAction","target":["https:\/\/motorista.com.br\/noticias\/2025\/12\/03\/atualizacao-do-web-service-natal-para-padrao-nacional\/"]}]},{"@type":"ImageObject","inLanguage":"pt-BR","@id":"https:\/\/motorista.com.br\/noticias\/2025\/12\/03\/atualizacao-do-web-service-natal-para-padrao-nacional\/#primaryimage","url":"https:\/\/motorista.com.br\/noticias\/wp-content\/uploads\/2025\/12\/Prefeitura-de-Natal.jpg","contentUrl":"https:\/\/motorista.com.br\/noticias\/wp-content\/uploads\/2025\/12\/Prefeitura-de-Natal.jpg","width":1920,"height":1080},{"@type":"BreadcrumbList","@id":"https:\/\/motorista.com.br\/noticias\/2025\/12\/03\/atualizacao-do-web-service-natal-para-padrao-nacional\/#breadcrumb","itemListElement":[{"@type":"ListItem","position":1,"name":"In\u00edcio","item":"https:\/\/motorista.com.br\/noticias\/"},{"@type":"ListItem","position":2,"name":"Atualiza\u00e7\u00e3o do Web Service Natal para padr\u00e3o nacional"}]},{"@type":"WebSite","@id":"https:\/\/motorista.com.br\/noticias\/#website","url":"https:\/\/motorista.com.br\/noticias\/","name":"Motorista.com.br","description":"Not\u00edcia do Motorista","publisher":{"@id":"https:\/\/motorista.com.br\/noticias\/#organization"},"potentialAction":[{"@type":"SearchAction","target":{"@type":"EntryPoint","urlTemplate":"https:\/\/motorista.com.br\/noticias\/?s={search_term_string}"},"query-input":{"@type":"PropertyValueSpecification","valueRequired":true,"valueName":"search_term_string"}}],"inLanguage":"pt-BR"},{"@type":"Organization","@id":"https:\/\/motorista.com.br\/noticias\/#organization","name":"Motorista.com.br","url":"https:\/\/motorista.com.br\/noticias\/","logo":{"@type":"ImageObject","inLanguage":"pt-BR","@id":"https:\/\/motorista.com.br\/noticias\/#\/schema\/logo\/image\/","url":"https:\/\/motorista.com.br\/noticias\/wp-content\/uploads\/2025\/06\/Design-sem-nome-9.png","contentUrl":"https:\/\/motorista.com.br\/noticias\/wp-content\/uploads\/2025\/06\/Design-sem-nome-9.png","width":150,"height":85,"caption":"Motorista.com.br"},"image":{"@id":"https:\/\/motorista.com.br\/noticias\/#\/schema\/logo\/image\/"}},{"@type":"Person","@id":"https:\/\/motorista.com.br\/noticias\/#\/schema\/person\/dc93afc2981c0e3ce6bc3c053fd847be","name":"Equipe Reda\u00e7\u00e3o","image":{"@type":"ImageObject","inLanguage":"pt-BR","@id":"https:\/\/secure.gravatar.com\/avatar\/4f525efbf18dd2bb300ccad28bfb99d95a9465a5ba268407c8c37b37e1f28d2d?s=96&d=mm&r=g9e099043a0c61e9ae27e293b9fa75ffc","url":"https:\/\/secure.gravatar.com\/avatar\/4f525efbf18dd2bb300ccad28bfb99d95a9465a5ba268407c8c37b37e1f28d2d?s=96&d=mm&r=g","contentUrl":"https:\/\/secure.gravatar.com\/avatar\/4f525efbf18dd2bb300ccad28bfb99d95a9465a5ba268407c8c37b37e1f28d2d?s=96&d=mm&r=g","caption":"Equipe Reda\u00e7\u00e3o"},"description":"Equipe de reda\u00e7\u00e3o \u00e9 um grupo de profissionais que trabalham juntos para criar conte\u00fado escrito para Motorista.com.br","url":"https:\/\/motorista.com.br\/noticias\/author\/equiperedacao\/"}]}},"_links":{"self":[{"href":"https:\/\/motorista.com.br\/noticias\/wp-json\/wp\/v2\/posts\/4917","targetHints":{"allow":["GET"]}}],"collection":[{"href":"https:\/\/motorista.com.br\/noticias\/wp-json\/wp\/v2\/posts"}],"about":[{"href":"https:\/\/motorista.com.br\/noticias\/wp-json\/wp\/v2\/types\/post"}],"author":[{"embeddable":true,"href":"https:\/\/motorista.com.br\/noticias\/wp-json\/wp\/v2\/users\/4"}],"replies":[{"embeddable":true,"href":"https:\/\/motorista.com.br\/noticias\/wp-json\/wp\/v2\/comments?post=4917"}],"version-history":[{"count":0,"href":"https:\/\/motorista.com.br\/noticias\/wp-json\/wp\/v2\/posts\/4917\/revisions"}],"wp:featuredmedia":[{"embeddable":true,"href":"https:\/\/motorista.com.br\/noticias\/wp-json\/wp\/v2\/media\/4918"}],"wp:attachment":[{"href":"https:\/\/motorista.com.br\/noticias\/wp-json\/wp\/v2\/media?parent=4917"}],"wp:term":[{"taxonomy":"category","embeddable":true,"href":"https:\/\/motorista.com.br\/noticias\/wp-json\/wp\/v2\/categories?post=4917"},{"taxonomy":"post_tag","embeddable":true,"href":"https:\/\/motorista.com.br\/noticias\/wp-json\/wp\/v2\/tags?post=4917"},{"taxonomy":"author","embeddable":true,"href":"https:\/\/motorista.com.br\/noticias\/wp-json\/wp\/v2\/coauthors?post=4917"}],"curies":[{"name":"wp","href":"https:\/\/api.w.org\/{rel}","templated":true}]}}