{"id":4915,"date":"2025-12-03T14:38:01","date_gmt":"2025-12-03T17:38:01","guid":{"rendered":"https:\/\/motorista.com.br\/noticias\/2025\/12\/03\/vendas-de-caminhoes-seguem-em-queda-no-final-de-novembro\/"},"modified":"2025-12-03T14:38:01","modified_gmt":"2025-12-03T17:38:01","slug":"vendas-de-caminhoes-seguem-em-queda-no-final-de-novembro","status":"publish","type":"post","link":"https:\/\/motorista.com.br\/noticias\/2025\/12\/03\/vendas-de-caminhoes-seguem-em-queda-no-final-de-novembro\/","title":{"rendered":"Vendas de caminh\u00f5es seguem em queda no final de novembro"},"content":{"rendered":"<p><\/p>\n<h3>No fechamento de novembro, vendas de caminh\u00f5es mant\u00eam trajet\u00f3ria de queda em todas as compara\u00e7\u00f5es<\/h3>\n<p>As vendas de caminh\u00f5es no Brasil mostram uma tend\u00eancia de retra\u00e7\u00e3o, conforme divulgado pela Federa\u00e7\u00e3o Nacional da Distribui\u00e7\u00e3o de Ve\u00edculos Automotores (Fenabrave). O fechamento de novembro revela uma diminui\u00e7\u00e3o nas vendas em todos os comparativos, indicando um cen\u00e1rio desafiador para o setor.<\/p>\n<p>No m\u00eas passado, o total de caminh\u00f5es novos vendidos foi de 8.790 unidades, uma queda significativa de 15,98% em rela\u00e7\u00e3o \u00e0s 10.462 unidades vendidas em outubro. Em compara\u00e7\u00e3o com novembro de 2024, a situa\u00e7\u00e3o n\u00e3o \u00e9 mais animadora: as vendas ca\u00edram 11,27%, de 9.907 para as 8.790 unidades do m\u00eas passado.<\/p>\n<p>No acumulado de janeiro a novembro, houve uma queda de 8,33%, com 101.107 caminh\u00f5es emplacados, contra 110.297 do mesmo per\u00edodo do ano anterior. A an\u00e1lise do Presidente da Fenabrave, Arcelio Junior, ressalta que o mercado se tornou mais seletivo. As empresas est\u00e3o alongando o ciclo de uso dos ve\u00edculos e ponderando novos investimentos enquanto aguardam um ambiente econ\u00f4mico mais favor\u00e1vel.<\/p>\n<h4>Marcas em Destaque<\/h4>\n<p>Volkswagen e Mercedes-Benz permanecem como as l\u00edderes do mercado, totalizando mais de 54 mil caminh\u00f5es vendidos entre elas. A Volvo ocupa a terceira posi\u00e7\u00e3o, seguida pela Scania e Iveco, refletindo a diversidade do mercado nacional, que conta com importa\u00e7\u00f5es de 20 marcas diferentes, incluindo fabricantes chineses, europeus e norte-americanos.<\/p>\n<h4>Modelos Mais Vendidos<\/h4>\n<p>O Volkswagen Delivery 11.180 se destacou como o caminh\u00e3o mais vendido do ano, com mais de 1.000 unidades \u00e0 frente do segundo colocado, o Volvo FH 540. Os modelos Volvo VM 290 e FH 460 est\u00e3o em terceiro e quarto lugar, e o DAF XF 530 encerra a lista dos cinco mais vendidos.<\/p>\n<h4>Caminh\u00f5es El\u00e9tricos: Um Crescimento S\u00f3lido<\/h4>\n<p>Um aspecto positivo no cen\u00e1rio atual \u00e9 o crescimento nas vendas de caminh\u00f5es el\u00e9tricos, que tiveram um aumento em novembro na compara\u00e7\u00e3o com outubro, totalizando 34 unidades. A Nanjing, fabricante chinesa, se destacou com 16 unidades vendidas, enquanto a Foton registrou 9 caminh\u00f5es e a JAC, 7. O segmento el\u00e9trico representa uma nova esperan\u00e7a para a mobilidade e sustentabilidade no setor, com um total de 316 unidades emplacadas no acumulado do ano, onde a JAC lidera.<\/p>\n<h3>Impactos nas Vendas e na Mobilidade<\/h3>\n<p>A desacelera\u00e7\u00e3o nas vendas de caminh\u00f5es pode impactar a mobilidade geral e a infraestrutura de transporte. Com menos caminh\u00f5es novos sendo emplacados, as empresas podem enfrentar dificuldades em modernizar suas frotas, o que pode afetar a efici\u00eancia log\u00edstica. Al\u00e9m disso, a hesita\u00e7\u00e3o em investir em novos ve\u00edculos pode adiar a transi\u00e7\u00e3o para tecnologias mais sustent\u00e1veis, como os caminh\u00f5es el\u00e9tricos, o que pode prolongar a depend\u00eancia de ve\u00edculos tradicionais.<\/p>\n<p>Por outro lado, essa seletividade no mercado tamb\u00e9m pode levar as empresas a uma reflex\u00e3o mais profunda sobre suas necessidades reais e estrat\u00e9gias de mobilidade a longo prazo, priorizando solu\u00e7\u00f5es mais eficientes e sustent\u00e1veis.<\/p>\n<p>O monitoramento cont\u00ednuo das vendas e a adapta\u00e7\u00e3o \u00e0s necessidades do mercado s\u00e3o fundamentais para garantir que o setor de transporte rodovi\u00e1rio se mantenha competitivo e alinhado com as demandas futuras.<\/p>\n<hr \/>\n<p><strong>Fonte:<\/strong> motorista<\/p>\n","protected":false},"excerpt":{"rendered":"<p>No fechamento de novembro, vendas de caminh\u00f5es mant\u00eam trajet\u00f3ria de queda em todas as compara\u00e7\u00f5es As vendas de caminh\u00f5es no Brasil mostram uma tend\u00eancia de retra\u00e7\u00e3o, conforme divulgado pela Federa\u00e7\u00e3o Nacional da Distribui\u00e7\u00e3o de Ve\u00edculos Automotores (Fenabrave). O fechamento de novembro revela uma diminui\u00e7\u00e3o nas vendas em todos os comparativos, indicando um cen\u00e1rio desafiador para &hellip;<\/p>\n","protected":false},"author":4,"featured_media":4916,"comment_status":"","ping_status":"open","sticky":false,"template":"","format":"standard","meta":{"footnotes":""},"categories":[78,77],"tags":[],"coauthors":[42],"class_list":["post-4915","post","type-post","status-publish","format-standard","has-post-thumbnail","hentry","category-carreteiro","category-motorista"],"yoast_head":"<!-- This site is optimized with the Yoast SEO Premium plugin v25.5 (Yoast SEO v27.4) - https:\/\/yoast.com\/product\/yoast-seo-premium-wordpress\/ -->\n<title>Vendas de caminh\u00f5es seguem em queda no final de novembro - Motorista.com.br<\/title>\n<meta name=\"robots\" content=\"index, follow, max-snippet:-1, max-image-preview:large, max-video-preview:-1\" \/>\n<link rel=\"canonical\" href=\"https:\/\/motorista.com.br\/noticias\/2025\/12\/03\/vendas-de-caminhoes-seguem-em-queda-no-final-de-novembro\/\" \/>\n<meta property=\"og:locale\" content=\"pt_BR\" \/>\n<meta property=\"og:type\" content=\"article\" \/>\n<meta property=\"og:title\" content=\"Vendas de caminh\u00f5es seguem em queda no final de novembro\" \/>\n<meta property=\"og:description\" content=\"No fechamento de novembro, vendas de caminh\u00f5es mant\u00eam trajet\u00f3ria de queda em todas as compara\u00e7\u00f5es As vendas de caminh\u00f5es no Brasil mostram uma tend\u00eancia de retra\u00e7\u00e3o, conforme divulgado pela Federa\u00e7\u00e3o Nacional da Distribui\u00e7\u00e3o de Ve\u00edculos Automotores (Fenabrave). O fechamento de novembro revela uma diminui\u00e7\u00e3o nas vendas em todos os comparativos, indicando um cen\u00e1rio desafiador para &hellip;\" \/>\n<meta property=\"og:url\" content=\"https:\/\/motorista.com.br\/noticias\/2025\/12\/03\/vendas-de-caminhoes-seguem-em-queda-no-final-de-novembro\/\" \/>\n<meta property=\"og:site_name\" content=\"Motorista.com.br\" \/>\n<meta property=\"article:published_time\" content=\"2025-12-03T17:38:01+00:00\" \/>\n<meta name=\"author\" content=\"Equipe Reda\u00e7\u00e3o\" \/>\n<meta name=\"twitter:card\" content=\"summary_large_image\" \/>\n<meta name=\"twitter:label1\" content=\"Escrito por\" \/>\n\t<meta name=\"twitter:data1\" content=\"Equipe Reda\u00e7\u00e3o\" \/>\n\t<meta name=\"twitter:label2\" content=\"Est. tempo de leitura\" \/>\n\t<meta name=\"twitter:data2\" content=\"3 minutos\" \/>\n\t<meta name=\"twitter:label3\" content=\"Written by\" \/>\n\t<meta name=\"twitter:data3\" content=\"Equipe Reda\u00e7\u00e3o\" \/>\n<script type=\"application\/ld+json\" class=\"yoast-schema-graph\">{\"@context\":\"https:\\\/\\\/schema.org\",\"@graph\":[{\"@type\":\"Article\",\"@id\":\"https:\\\/\\\/motorista.com.br\\\/noticias\\\/2025\\\/12\\\/03\\\/vendas-de-caminhoes-seguem-em-queda-no-final-de-novembro\\\/#article\",\"isPartOf\":{\"@id\":\"https:\\\/\\\/motorista.com.br\\\/noticias\\\/2025\\\/12\\\/03\\\/vendas-de-caminhoes-seguem-em-queda-no-final-de-novembro\\\/\"},\"author\":{\"name\":\"Equipe Reda\u00e7\u00e3o\",\"@id\":\"https:\\\/\\\/motorista.com.br\\\/noticias\\\/#\\\/schema\\\/person\\\/dc93afc2981c0e3ce6bc3c053fd847be\"},\"headline\":\"Vendas de caminh\u00f5es seguem em queda no final de novembro\",\"datePublished\":\"2025-12-03T17:38:01+00:00\",\"mainEntityOfPage\":{\"@id\":\"https:\\\/\\\/motorista.com.br\\\/noticias\\\/2025\\\/12\\\/03\\\/vendas-de-caminhoes-seguem-em-queda-no-final-de-novembro\\\/\"},\"wordCount\":549,\"publisher\":{\"@id\":\"https:\\\/\\\/motorista.com.br\\\/noticias\\\/#organization\"},\"image\":{\"@id\":\"https:\\\/\\\/motorista.com.br\\\/noticias\\\/2025\\\/12\\\/03\\\/vendas-de-caminhoes-seguem-em-queda-no-final-de-novembro\\\/#primaryimage\"},\"thumbnailUrl\":\"https:\\\/\\\/motorista.com.br\\\/noticias\\\/wp-content\\\/uploads\\\/2025\\\/12\\\/Caminhoes-novos.jpg\",\"articleSection\":[\"Carreteiro\",\"Motorista\"],\"inLanguage\":\"pt-BR\"},{\"@type\":\"WebPage\",\"@id\":\"https:\\\/\\\/motorista.com.br\\\/noticias\\\/2025\\\/12\\\/03\\\/vendas-de-caminhoes-seguem-em-queda-no-final-de-novembro\\\/\",\"url\":\"https:\\\/\\\/motorista.com.br\\\/noticias\\\/2025\\\/12\\\/03\\\/vendas-de-caminhoes-seguem-em-queda-no-final-de-novembro\\\/\",\"name\":\"Vendas de caminh\u00f5es seguem em queda no final de novembro - Motorista.com.br\",\"isPartOf\":{\"@id\":\"https:\\\/\\\/motorista.com.br\\\/noticias\\\/#website\"},\"primaryImageOfPage\":{\"@id\":\"https:\\\/\\\/motorista.com.br\\\/noticias\\\/2025\\\/12\\\/03\\\/vendas-de-caminhoes-seguem-em-queda-no-final-de-novembro\\\/#primaryimage\"},\"image\":{\"@id\":\"https:\\\/\\\/motorista.com.br\\\/noticias\\\/2025\\\/12\\\/03\\\/vendas-de-caminhoes-seguem-em-queda-no-final-de-novembro\\\/#primaryimage\"},\"thumbnailUrl\":\"https:\\\/\\\/motorista.com.br\\\/noticias\\\/wp-content\\\/uploads\\\/2025\\\/12\\\/Caminhoes-novos.jpg\",\"datePublished\":\"2025-12-03T17:38:01+00:00\",\"breadcrumb\":{\"@id\":\"https:\\\/\\\/motorista.com.br\\\/noticias\\\/2025\\\/12\\\/03\\\/vendas-de-caminhoes-seguem-em-queda-no-final-de-novembro\\\/#breadcrumb\"},\"inLanguage\":\"pt-BR\",\"potentialAction\":[{\"@type\":\"ReadAction\",\"target\":[\"https:\\\/\\\/motorista.com.br\\\/noticias\\\/2025\\\/12\\\/03\\\/vendas-de-caminhoes-seguem-em-queda-no-final-de-novembro\\\/\"]}]},{\"@type\":\"ImageObject\",\"inLanguage\":\"pt-BR\",\"@id\":\"https:\\\/\\\/motorista.com.br\\\/noticias\\\/2025\\\/12\\\/03\\\/vendas-de-caminhoes-seguem-em-queda-no-final-de-novembro\\\/#primaryimage\",\"url\":\"https:\\\/\\\/motorista.com.br\\\/noticias\\\/wp-content\\\/uploads\\\/2025\\\/12\\\/Caminhoes-novos.jpg\",\"contentUrl\":\"https:\\\/\\\/motorista.com.br\\\/noticias\\\/wp-content\\\/uploads\\\/2025\\\/12\\\/Caminhoes-novos.jpg\",\"width\":1300,\"height\":867},{\"@type\":\"BreadcrumbList\",\"@id\":\"https:\\\/\\\/motorista.com.br\\\/noticias\\\/2025\\\/12\\\/03\\\/vendas-de-caminhoes-seguem-em-queda-no-final-de-novembro\\\/#breadcrumb\",\"itemListElement\":[{\"@type\":\"ListItem\",\"position\":1,\"name\":\"In\u00edcio\",\"item\":\"https:\\\/\\\/motorista.com.br\\\/noticias\\\/\"},{\"@type\":\"ListItem\",\"position\":2,\"name\":\"Vendas de caminh\u00f5es seguem em queda no final de novembro\"}]},{\"@type\":\"WebSite\",\"@id\":\"https:\\\/\\\/motorista.com.br\\\/noticias\\\/#website\",\"url\":\"https:\\\/\\\/motorista.com.br\\\/noticias\\\/\",\"name\":\"Motorista.com.br\",\"description\":\"Not\u00edcia do Motorista\",\"publisher\":{\"@id\":\"https:\\\/\\\/motorista.com.br\\\/noticias\\\/#organization\"},\"potentialAction\":[{\"@type\":\"SearchAction\",\"target\":{\"@type\":\"EntryPoint\",\"urlTemplate\":\"https:\\\/\\\/motorista.com.br\\\/noticias\\\/?s={search_term_string}\"},\"query-input\":{\"@type\":\"PropertyValueSpecification\",\"valueRequired\":true,\"valueName\":\"search_term_string\"}}],\"inLanguage\":\"pt-BR\"},{\"@type\":\"Organization\",\"@id\":\"https:\\\/\\\/motorista.com.br\\\/noticias\\\/#organization\",\"name\":\"Motorista.com.br\",\"url\":\"https:\\\/\\\/motorista.com.br\\\/noticias\\\/\",\"logo\":{\"@type\":\"ImageObject\",\"inLanguage\":\"pt-BR\",\"@id\":\"https:\\\/\\\/motorista.com.br\\\/noticias\\\/#\\\/schema\\\/logo\\\/image\\\/\",\"url\":\"https:\\\/\\\/motorista.com.br\\\/noticias\\\/wp-content\\\/uploads\\\/2025\\\/06\\\/Design-sem-nome-9.png\",\"contentUrl\":\"https:\\\/\\\/motorista.com.br\\\/noticias\\\/wp-content\\\/uploads\\\/2025\\\/06\\\/Design-sem-nome-9.png\",\"width\":150,\"height\":85,\"caption\":\"Motorista.com.br\"},\"image\":{\"@id\":\"https:\\\/\\\/motorista.com.br\\\/noticias\\\/#\\\/schema\\\/logo\\\/image\\\/\"}},{\"@type\":\"Person\",\"@id\":\"https:\\\/\\\/motorista.com.br\\\/noticias\\\/#\\\/schema\\\/person\\\/dc93afc2981c0e3ce6bc3c053fd847be\",\"name\":\"Equipe Reda\u00e7\u00e3o\",\"image\":{\"@type\":\"ImageObject\",\"inLanguage\":\"pt-BR\",\"@id\":\"https:\\\/\\\/secure.gravatar.com\\\/avatar\\\/4f525efbf18dd2bb300ccad28bfb99d95a9465a5ba268407c8c37b37e1f28d2d?s=96&d=mm&r=g9e099043a0c61e9ae27e293b9fa75ffc\",\"url\":\"https:\\\/\\\/secure.gravatar.com\\\/avatar\\\/4f525efbf18dd2bb300ccad28bfb99d95a9465a5ba268407c8c37b37e1f28d2d?s=96&d=mm&r=g\",\"contentUrl\":\"https:\\\/\\\/secure.gravatar.com\\\/avatar\\\/4f525efbf18dd2bb300ccad28bfb99d95a9465a5ba268407c8c37b37e1f28d2d?s=96&d=mm&r=g\",\"caption\":\"Equipe Reda\u00e7\u00e3o\"},\"description\":\"Equipe de reda\u00e7\u00e3o \u00e9 um grupo de profissionais que trabalham juntos para criar conte\u00fado escrito para Motorista.com.br\",\"url\":\"https:\\\/\\\/motorista.com.br\\\/noticias\\\/author\\\/equiperedacao\\\/\"}]}<\/script>\n<!-- \/ Yoast SEO Premium plugin. -->","yoast_head_json":{"title":"Vendas de caminh\u00f5es seguem em queda no final de novembro - Motorista.com.br","robots":{"index":"index","follow":"follow","max-snippet":"max-snippet:-1","max-image-preview":"max-image-preview:large","max-video-preview":"max-video-preview:-1"},"canonical":"https:\/\/motorista.com.br\/noticias\/2025\/12\/03\/vendas-de-caminhoes-seguem-em-queda-no-final-de-novembro\/","og_locale":"pt_BR","og_type":"article","og_title":"Vendas de caminh\u00f5es seguem em queda no final de novembro","og_description":"No fechamento de novembro, vendas de caminh\u00f5es mant\u00eam trajet\u00f3ria de queda em todas as compara\u00e7\u00f5es As vendas de caminh\u00f5es no Brasil mostram uma tend\u00eancia de retra\u00e7\u00e3o, conforme divulgado pela Federa\u00e7\u00e3o Nacional da Distribui\u00e7\u00e3o de Ve\u00edculos Automotores (Fenabrave). O fechamento de novembro revela uma diminui\u00e7\u00e3o nas vendas em todos os comparativos, indicando um cen\u00e1rio desafiador para &hellip;","og_url":"https:\/\/motorista.com.br\/noticias\/2025\/12\/03\/vendas-de-caminhoes-seguem-em-queda-no-final-de-novembro\/","og_site_name":"Motorista.com.br","article_published_time":"2025-12-03T17:38:01+00:00","author":"Equipe Reda\u00e7\u00e3o","twitter_card":"summary_large_image","twitter_misc":{"Escrito por":"Equipe Reda\u00e7\u00e3o","Est. tempo de leitura":"3 minutos","Written by":"Equipe Reda\u00e7\u00e3o"},"schema":{"@context":"https:\/\/schema.org","@graph":[{"@type":"Article","@id":"https:\/\/motorista.com.br\/noticias\/2025\/12\/03\/vendas-de-caminhoes-seguem-em-queda-no-final-de-novembro\/#article","isPartOf":{"@id":"https:\/\/motorista.com.br\/noticias\/2025\/12\/03\/vendas-de-caminhoes-seguem-em-queda-no-final-de-novembro\/"},"author":{"name":"Equipe Reda\u00e7\u00e3o","@id":"https:\/\/motorista.com.br\/noticias\/#\/schema\/person\/dc93afc2981c0e3ce6bc3c053fd847be"},"headline":"Vendas de caminh\u00f5es seguem em queda no final de novembro","datePublished":"2025-12-03T17:38:01+00:00","mainEntityOfPage":{"@id":"https:\/\/motorista.com.br\/noticias\/2025\/12\/03\/vendas-de-caminhoes-seguem-em-queda-no-final-de-novembro\/"},"wordCount":549,"publisher":{"@id":"https:\/\/motorista.com.br\/noticias\/#organization"},"image":{"@id":"https:\/\/motorista.com.br\/noticias\/2025\/12\/03\/vendas-de-caminhoes-seguem-em-queda-no-final-de-novembro\/#primaryimage"},"thumbnailUrl":"https:\/\/motorista.com.br\/noticias\/wp-content\/uploads\/2025\/12\/Caminhoes-novos.jpg","articleSection":["Carreteiro","Motorista"],"inLanguage":"pt-BR"},{"@type":"WebPage","@id":"https:\/\/motorista.com.br\/noticias\/2025\/12\/03\/vendas-de-caminhoes-seguem-em-queda-no-final-de-novembro\/","url":"https:\/\/motorista.com.br\/noticias\/2025\/12\/03\/vendas-de-caminhoes-seguem-em-queda-no-final-de-novembro\/","name":"Vendas de caminh\u00f5es seguem em queda no final de novembro - Motorista.com.br","isPartOf":{"@id":"https:\/\/motorista.com.br\/noticias\/#website"},"primaryImageOfPage":{"@id":"https:\/\/motorista.com.br\/noticias\/2025\/12\/03\/vendas-de-caminhoes-seguem-em-queda-no-final-de-novembro\/#primaryimage"},"image":{"@id":"https:\/\/motorista.com.br\/noticias\/2025\/12\/03\/vendas-de-caminhoes-seguem-em-queda-no-final-de-novembro\/#primaryimage"},"thumbnailUrl":"https:\/\/motorista.com.br\/noticias\/wp-content\/uploads\/2025\/12\/Caminhoes-novos.jpg","datePublished":"2025-12-03T17:38:01+00:00","breadcrumb":{"@id":"https:\/\/motorista.com.br\/noticias\/2025\/12\/03\/vendas-de-caminhoes-seguem-em-queda-no-final-de-novembro\/#breadcrumb"},"inLanguage":"pt-BR","potentialAction":[{"@type":"ReadAction","target":["https:\/\/motorista.com.br\/noticias\/2025\/12\/03\/vendas-de-caminhoes-seguem-em-queda-no-final-de-novembro\/"]}]},{"@type":"ImageObject","inLanguage":"pt-BR","@id":"https:\/\/motorista.com.br\/noticias\/2025\/12\/03\/vendas-de-caminhoes-seguem-em-queda-no-final-de-novembro\/#primaryimage","url":"https:\/\/motorista.com.br\/noticias\/wp-content\/uploads\/2025\/12\/Caminhoes-novos.jpg","contentUrl":"https:\/\/motorista.com.br\/noticias\/wp-content\/uploads\/2025\/12\/Caminhoes-novos.jpg","width":1300,"height":867},{"@type":"BreadcrumbList","@id":"https:\/\/motorista.com.br\/noticias\/2025\/12\/03\/vendas-de-caminhoes-seguem-em-queda-no-final-de-novembro\/#breadcrumb","itemListElement":[{"@type":"ListItem","position":1,"name":"In\u00edcio","item":"https:\/\/motorista.com.br\/noticias\/"},{"@type":"ListItem","position":2,"name":"Vendas de caminh\u00f5es seguem em queda no final de novembro"}]},{"@type":"WebSite","@id":"https:\/\/motorista.com.br\/noticias\/#website","url":"https:\/\/motorista.com.br\/noticias\/","name":"Motorista.com.br","description":"Not\u00edcia do Motorista","publisher":{"@id":"https:\/\/motorista.com.br\/noticias\/#organization"},"potentialAction":[{"@type":"SearchAction","target":{"@type":"EntryPoint","urlTemplate":"https:\/\/motorista.com.br\/noticias\/?s={search_term_string}"},"query-input":{"@type":"PropertyValueSpecification","valueRequired":true,"valueName":"search_term_string"}}],"inLanguage":"pt-BR"},{"@type":"Organization","@id":"https:\/\/motorista.com.br\/noticias\/#organization","name":"Motorista.com.br","url":"https:\/\/motorista.com.br\/noticias\/","logo":{"@type":"ImageObject","inLanguage":"pt-BR","@id":"https:\/\/motorista.com.br\/noticias\/#\/schema\/logo\/image\/","url":"https:\/\/motorista.com.br\/noticias\/wp-content\/uploads\/2025\/06\/Design-sem-nome-9.png","contentUrl":"https:\/\/motorista.com.br\/noticias\/wp-content\/uploads\/2025\/06\/Design-sem-nome-9.png","width":150,"height":85,"caption":"Motorista.com.br"},"image":{"@id":"https:\/\/motorista.com.br\/noticias\/#\/schema\/logo\/image\/"}},{"@type":"Person","@id":"https:\/\/motorista.com.br\/noticias\/#\/schema\/person\/dc93afc2981c0e3ce6bc3c053fd847be","name":"Equipe Reda\u00e7\u00e3o","image":{"@type":"ImageObject","inLanguage":"pt-BR","@id":"https:\/\/secure.gravatar.com\/avatar\/4f525efbf18dd2bb300ccad28bfb99d95a9465a5ba268407c8c37b37e1f28d2d?s=96&d=mm&r=g9e099043a0c61e9ae27e293b9fa75ffc","url":"https:\/\/secure.gravatar.com\/avatar\/4f525efbf18dd2bb300ccad28bfb99d95a9465a5ba268407c8c37b37e1f28d2d?s=96&d=mm&r=g","contentUrl":"https:\/\/secure.gravatar.com\/avatar\/4f525efbf18dd2bb300ccad28bfb99d95a9465a5ba268407c8c37b37e1f28d2d?s=96&d=mm&r=g","caption":"Equipe Reda\u00e7\u00e3o"},"description":"Equipe de reda\u00e7\u00e3o \u00e9 um grupo de profissionais que trabalham juntos para criar conte\u00fado escrito para Motorista.com.br","url":"https:\/\/motorista.com.br\/noticias\/author\/equiperedacao\/"}]}},"_links":{"self":[{"href":"https:\/\/motorista.com.br\/noticias\/wp-json\/wp\/v2\/posts\/4915","targetHints":{"allow":["GET"]}}],"collection":[{"href":"https:\/\/motorista.com.br\/noticias\/wp-json\/wp\/v2\/posts"}],"about":[{"href":"https:\/\/motorista.com.br\/noticias\/wp-json\/wp\/v2\/types\/post"}],"author":[{"embeddable":true,"href":"https:\/\/motorista.com.br\/noticias\/wp-json\/wp\/v2\/users\/4"}],"replies":[{"embeddable":true,"href":"https:\/\/motorista.com.br\/noticias\/wp-json\/wp\/v2\/comments?post=4915"}],"version-history":[{"count":0,"href":"https:\/\/motorista.com.br\/noticias\/wp-json\/wp\/v2\/posts\/4915\/revisions"}],"wp:featuredmedia":[{"embeddable":true,"href":"https:\/\/motorista.com.br\/noticias\/wp-json\/wp\/v2\/media\/4916"}],"wp:attachment":[{"href":"https:\/\/motorista.com.br\/noticias\/wp-json\/wp\/v2\/media?parent=4915"}],"wp:term":[{"taxonomy":"category","embeddable":true,"href":"https:\/\/motorista.com.br\/noticias\/wp-json\/wp\/v2\/categories?post=4915"},{"taxonomy":"post_tag","embeddable":true,"href":"https:\/\/motorista.com.br\/noticias\/wp-json\/wp\/v2\/tags?post=4915"},{"taxonomy":"author","embeddable":true,"href":"https:\/\/motorista.com.br\/noticias\/wp-json\/wp\/v2\/coauthors?post=4915"}],"curies":[{"name":"wp","href":"https:\/\/api.w.org\/{rel}","templated":true}]}}