{"id":4913,"date":"2025-12-03T13:30:46","date_gmt":"2025-12-03T16:30:46","guid":{"rendered":"https:\/\/motorista.com.br\/noticias\/2025\/12\/03\/empreendedor-lanca-app-de-mobilidade-em-mg-com-115-mil-corridas-mes\/"},"modified":"2025-12-03T13:30:46","modified_gmt":"2025-12-03T16:30:46","slug":"empreendedor-lanca-app-de-mobilidade-em-mg-com-115-mil-corridas-mes","status":"publish","type":"post","link":"https:\/\/motorista.com.br\/noticias\/2025\/12\/03\/empreendedor-lanca-app-de-mobilidade-em-mg-com-115-mil-corridas-mes\/","title":{"rendered":"Empreendedor lan\u00e7a app de mobilidade em MG com 115 mil corridas\/m\u00eas."},"content":{"rendered":"<p><\/p>\n<h1>Empreendedor Cria Aplicativo Regional de Mobilidade que Ultrapassa 115 Mil Corridas Mensais em MG<\/h1>\n<p>O iMOVE, aplicativo de mobilidade, surgiu em 2019, fruto da vis\u00e3o empreendedora de Tiago Sanches. Com uma trajet\u00f3ria que come\u00e7ou com investimentos modestos e desafios significativos, o aplicativo hoje destaca-se em Minas Gerais, atendendo a 12 cidades, com mais de 122 mil usu\u00e1rios cadastrados e cerca de 700 motoristas ativos. <\/p>\n<p>Sanches, com uma forma\u00e7\u00e3o voltada para a tecnologia, encontrou sua voca\u00e7\u00e3o em mobilidade ap\u00f3s uma experi\u00eancia nos Estados Unidos, onde percebeu o potencial de solu\u00e7\u00f5es de transporte locais. Retornando ao Brasil, ele identificou uma lacuna no mercado e decidiu criar uma sa\u00edda que fosse adaptada \u00e0 realidade das pequenas cidades mineiras. A ideia era oferecer um servi\u00e7o que fosse n\u00e3o apenas uma alternativa, mas que compreendesse as necessidades locais.<\/p>\n<h2>A Estrutura do iMOVE Hoje<\/h2>\n<p>Hoje, ap\u00f3s seis anos de opera\u00e7\u00e3o, o iMOVE cresceu para uma estrutura robusta, com equipes especializadas e suporte ao usu\u00e1rio dispon\u00edvel diariamente. A meta \u00e9 estender o atendimento para um modelo 24 horas, refletindo um compromisso com a satisfa\u00e7\u00e3o do cliente. Este suporte n\u00e3o s\u00f3 impacta a experi\u00eancia do usu\u00e1rio, mas tamb\u00e9m fortalece a rela\u00e7\u00e3o entre motoristas e a plataforma, incentivando a fideliza\u00e7\u00e3o e a continuidade do uso do servi\u00e7o.<\/p>\n<p>Os n\u00fameros impressionam: s\u00e3o 115 mil corridas mensais, uma taxa de finaliza\u00e7\u00e3o de 90%, e indicadores de satisfa\u00e7\u00e3o que posicionam o iMOVE acima de grandes plataformas do setor. Esses dados n\u00e3o apenas demonstram a efic\u00e1cia do servi\u00e7o, mas tamb\u00e9m indicam um ecossistema de mobilidade que se torna cada vez mais relevante para a popula\u00e7\u00e3o local.<\/p>\n<h2>Um Ecossistema em Expans\u00e3o<\/h2>\n<p>A inova\u00e7\u00e3o do iMOVE vai al\u00e9m do transporte. Com a introdu\u00e7\u00e3o de servi\u00e7os financeiros e a cria\u00e7\u00e3o do iMove Bank, a plataforma come\u00e7ou a oferecer solu\u00e7\u00f5es completas, tornando-se um hub para suas comunidades. Essa diversifica\u00e7\u00e3o, incluindo a loca\u00e7\u00e3o de ve\u00edculos el\u00e9tricos e uma maquininha pr\u00f3pria, potencializa a mobilidade e contribui para uma economia local mais din\u00e2mica.<\/p>\n<p>Os benef\u00edcios sociais e econ\u00f4micos s\u00e3o evidentes. O aplicativo n\u00e3o s\u00f3 facilita o deslocamento, mas tamb\u00e9m gera novas oportunidades de trabalho, permitindo que motoristas alcancem uma maior autonomia financeira. Muitos relatos mostram como o iMOVE tem impactado positivamente a vida de pessoas em situa\u00e7\u00e3o vulner\u00e1vel, proporcionando um meio de ganhar a vida.<\/p>\n<h2>O Futuro e o Impacto na Mobilidade Geral<\/h2>\n<p>Com planos de expans\u00e3o para cidades maiores e at\u00e9 para o exterior, o iMOVE busca n\u00e3o apenas aumentar sua presen\u00e7a, mas tamb\u00e9m melhorar a mobilidade urbana de forma geral. A integra\u00e7\u00e3o de servi\u00e7os, como caronas intermunicipais e bilhetagem digital para eventos, reflete uma abordagem que beneficia a mobilidade coletiva, facilitando o acesso a eventos e promovendo uma vis\u00e3o mais ampla de conectividade na regi\u00e3o.<\/p>\n<p>A vis\u00e3o de Sanches \u00e9 clara: ao transformar a mobilidade, o iMOVE n\u00e3o apenas contribui para o crescimento econ\u00f4mico, mas tamb\u00e9m melhora a qualidade de vida dos cidad\u00e3os. Esse movimento \u00e9 um exemplo inspirador de como a inova\u00e7\u00e3o local pode transformar realidades, conectando pessoas e oportunidades de forma mais eficiente.<\/p>\n<h2>Conclus\u00e3o<\/h2>\n<p>O iMOVE n\u00e3o \u00e9 apenas um aplicativo de mobilidade, mas uma solu\u00e7\u00e3o que reflete o potencial do empreendedorismo regional. Com um forte compromisso com a satisfa\u00e7\u00e3o do usu\u00e1rio e uma vis\u00e3o de crescimento inclusivo, Sanches prova que \u00e9 poss\u00edvel oferecer servi\u00e7os que, al\u00e9m de atender necessidades imediatas, tamb\u00e9m transformam e empoderam comunidades inteiras. <\/p>\n<p>Fonte: motorista<\/p>\n","protected":false},"excerpt":{"rendered":"<p>Empreendedor Cria Aplicativo Regional de Mobilidade que Ultrapassa 115 Mil Corridas Mensais em MG O iMOVE, aplicativo de mobilidade, surgiu em 2019, fruto da vis\u00e3o empreendedora de Tiago Sanches. Com uma trajet\u00f3ria que come\u00e7ou com investimentos modestos e desafios significativos, o aplicativo hoje destaca-se em Minas Gerais, atendendo a 12 cidades, com mais de 122 &hellip;<\/p>\n","protected":false},"author":4,"featured_media":4914,"comment_status":"","ping_status":"open","sticky":false,"template":"","format":"standard","meta":{"footnotes":""},"categories":[49,77],"tags":[],"coauthors":[42],"class_list":["post-4913","post","type-post","status-publish","format-standard","has-post-thumbnail","hentry","category-aplicativos","category-motorista"],"yoast_head":"<!-- This site is optimized with the Yoast SEO Premium plugin v25.5 (Yoast SEO v27.4) - https:\/\/yoast.com\/product\/yoast-seo-premium-wordpress\/ -->\n<title>Empreendedor lan\u00e7a app de mobilidade em MG com 115 mil corridas\/m\u00eas. - Motorista.com.br<\/title>\n<meta name=\"robots\" content=\"index, follow, max-snippet:-1, max-image-preview:large, max-video-preview:-1\" \/>\n<link rel=\"canonical\" href=\"https:\/\/motorista.com.br\/noticias\/2025\/12\/03\/empreendedor-lanca-app-de-mobilidade-em-mg-com-115-mil-corridas-mes\/\" \/>\n<meta property=\"og:locale\" content=\"pt_BR\" \/>\n<meta property=\"og:type\" content=\"article\" \/>\n<meta property=\"og:title\" content=\"Empreendedor lan\u00e7a app de mobilidade em MG com 115 mil corridas\/m\u00eas.\" \/>\n<meta property=\"og:description\" content=\"Empreendedor Cria Aplicativo Regional de Mobilidade que Ultrapassa 115 Mil Corridas Mensais em MG O iMOVE, aplicativo de mobilidade, surgiu em 2019, fruto da vis\u00e3o empreendedora de Tiago Sanches. Com uma trajet\u00f3ria que come\u00e7ou com investimentos modestos e desafios significativos, o aplicativo hoje destaca-se em Minas Gerais, atendendo a 12 cidades, com mais de 122 &hellip;\" \/>\n<meta property=\"og:url\" content=\"https:\/\/motorista.com.br\/noticias\/2025\/12\/03\/empreendedor-lanca-app-de-mobilidade-em-mg-com-115-mil-corridas-mes\/\" \/>\n<meta property=\"og:site_name\" content=\"Motorista.com.br\" \/>\n<meta property=\"article:published_time\" content=\"2025-12-03T16:30:46+00:00\" \/>\n<meta name=\"author\" content=\"Equipe Reda\u00e7\u00e3o\" \/>\n<meta name=\"twitter:card\" content=\"summary_large_image\" \/>\n<meta name=\"twitter:label1\" content=\"Escrito por\" \/>\n\t<meta name=\"twitter:data1\" content=\"Equipe Reda\u00e7\u00e3o\" \/>\n\t<meta name=\"twitter:label2\" content=\"Est. tempo de leitura\" \/>\n\t<meta name=\"twitter:data2\" content=\"3 minutos\" \/>\n\t<meta name=\"twitter:label3\" content=\"Written by\" \/>\n\t<meta name=\"twitter:data3\" content=\"Equipe Reda\u00e7\u00e3o\" \/>\n<script type=\"application\/ld+json\" class=\"yoast-schema-graph\">{\"@context\":\"https:\\\/\\\/schema.org\",\"@graph\":[{\"@type\":\"Article\",\"@id\":\"https:\\\/\\\/motorista.com.br\\\/noticias\\\/2025\\\/12\\\/03\\\/empreendedor-lanca-app-de-mobilidade-em-mg-com-115-mil-corridas-mes\\\/#article\",\"isPartOf\":{\"@id\":\"https:\\\/\\\/motorista.com.br\\\/noticias\\\/2025\\\/12\\\/03\\\/empreendedor-lanca-app-de-mobilidade-em-mg-com-115-mil-corridas-mes\\\/\"},\"author\":{\"name\":\"Equipe Reda\u00e7\u00e3o\",\"@id\":\"https:\\\/\\\/motorista.com.br\\\/noticias\\\/#\\\/schema\\\/person\\\/dc93afc2981c0e3ce6bc3c053fd847be\"},\"headline\":\"Empreendedor lan\u00e7a app de mobilidade em MG com 115 mil corridas\\\/m\u00eas.\",\"datePublished\":\"2025-12-03T16:30:46+00:00\",\"mainEntityOfPage\":{\"@id\":\"https:\\\/\\\/motorista.com.br\\\/noticias\\\/2025\\\/12\\\/03\\\/empreendedor-lanca-app-de-mobilidade-em-mg-com-115-mil-corridas-mes\\\/\"},\"wordCount\":630,\"publisher\":{\"@id\":\"https:\\\/\\\/motorista.com.br\\\/noticias\\\/#organization\"},\"image\":{\"@id\":\"https:\\\/\\\/motorista.com.br\\\/noticias\\\/2025\\\/12\\\/03\\\/empreendedor-lanca-app-de-mobilidade-em-mg-com-115-mil-corridas-mes\\\/#primaryimage\"},\"thumbnailUrl\":\"https:\\\/\\\/motorista.com.br\\\/noticias\\\/wp-content\\\/uploads\\\/2025\\\/12\\\/PHOTO-2025-11-25-11-05-07-e1764098429713.jpg\",\"articleSection\":[\"Aplicativos\",\"Motorista\"],\"inLanguage\":\"pt-BR\"},{\"@type\":\"WebPage\",\"@id\":\"https:\\\/\\\/motorista.com.br\\\/noticias\\\/2025\\\/12\\\/03\\\/empreendedor-lanca-app-de-mobilidade-em-mg-com-115-mil-corridas-mes\\\/\",\"url\":\"https:\\\/\\\/motorista.com.br\\\/noticias\\\/2025\\\/12\\\/03\\\/empreendedor-lanca-app-de-mobilidade-em-mg-com-115-mil-corridas-mes\\\/\",\"name\":\"Empreendedor lan\u00e7a app de mobilidade em MG com 115 mil corridas\\\/m\u00eas. - Motorista.com.br\",\"isPartOf\":{\"@id\":\"https:\\\/\\\/motorista.com.br\\\/noticias\\\/#website\"},\"primaryImageOfPage\":{\"@id\":\"https:\\\/\\\/motorista.com.br\\\/noticias\\\/2025\\\/12\\\/03\\\/empreendedor-lanca-app-de-mobilidade-em-mg-com-115-mil-corridas-mes\\\/#primaryimage\"},\"image\":{\"@id\":\"https:\\\/\\\/motorista.com.br\\\/noticias\\\/2025\\\/12\\\/03\\\/empreendedor-lanca-app-de-mobilidade-em-mg-com-115-mil-corridas-mes\\\/#primaryimage\"},\"thumbnailUrl\":\"https:\\\/\\\/motorista.com.br\\\/noticias\\\/wp-content\\\/uploads\\\/2025\\\/12\\\/PHOTO-2025-11-25-11-05-07-e1764098429713.jpg\",\"datePublished\":\"2025-12-03T16:30:46+00:00\",\"breadcrumb\":{\"@id\":\"https:\\\/\\\/motorista.com.br\\\/noticias\\\/2025\\\/12\\\/03\\\/empreendedor-lanca-app-de-mobilidade-em-mg-com-115-mil-corridas-mes\\\/#breadcrumb\"},\"inLanguage\":\"pt-BR\",\"potentialAction\":[{\"@type\":\"ReadAction\",\"target\":[\"https:\\\/\\\/motorista.com.br\\\/noticias\\\/2025\\\/12\\\/03\\\/empreendedor-lanca-app-de-mobilidade-em-mg-com-115-mil-corridas-mes\\\/\"]}]},{\"@type\":\"ImageObject\",\"inLanguage\":\"pt-BR\",\"@id\":\"https:\\\/\\\/motorista.com.br\\\/noticias\\\/2025\\\/12\\\/03\\\/empreendedor-lanca-app-de-mobilidade-em-mg-com-115-mil-corridas-mes\\\/#primaryimage\",\"url\":\"https:\\\/\\\/motorista.com.br\\\/noticias\\\/wp-content\\\/uploads\\\/2025\\\/12\\\/PHOTO-2025-11-25-11-05-07-e1764098429713.jpg\",\"contentUrl\":\"https:\\\/\\\/motorista.com.br\\\/noticias\\\/wp-content\\\/uploads\\\/2025\\\/12\\\/PHOTO-2025-11-25-11-05-07-e1764098429713.jpg\",\"width\":1200,\"height\":1243},{\"@type\":\"BreadcrumbList\",\"@id\":\"https:\\\/\\\/motorista.com.br\\\/noticias\\\/2025\\\/12\\\/03\\\/empreendedor-lanca-app-de-mobilidade-em-mg-com-115-mil-corridas-mes\\\/#breadcrumb\",\"itemListElement\":[{\"@type\":\"ListItem\",\"position\":1,\"name\":\"In\u00edcio\",\"item\":\"https:\\\/\\\/motorista.com.br\\\/noticias\\\/\"},{\"@type\":\"ListItem\",\"position\":2,\"name\":\"Empreendedor lan\u00e7a app de mobilidade em MG com 115 mil corridas\\\/m\u00eas.\"}]},{\"@type\":\"WebSite\",\"@id\":\"https:\\\/\\\/motorista.com.br\\\/noticias\\\/#website\",\"url\":\"https:\\\/\\\/motorista.com.br\\\/noticias\\\/\",\"name\":\"Motorista.com.br\",\"description\":\"Not\u00edcia do Motorista\",\"publisher\":{\"@id\":\"https:\\\/\\\/motorista.com.br\\\/noticias\\\/#organization\"},\"potentialAction\":[{\"@type\":\"SearchAction\",\"target\":{\"@type\":\"EntryPoint\",\"urlTemplate\":\"https:\\\/\\\/motorista.com.br\\\/noticias\\\/?s={search_term_string}\"},\"query-input\":{\"@type\":\"PropertyValueSpecification\",\"valueRequired\":true,\"valueName\":\"search_term_string\"}}],\"inLanguage\":\"pt-BR\"},{\"@type\":\"Organization\",\"@id\":\"https:\\\/\\\/motorista.com.br\\\/noticias\\\/#organization\",\"name\":\"Motorista.com.br\",\"url\":\"https:\\\/\\\/motorista.com.br\\\/noticias\\\/\",\"logo\":{\"@type\":\"ImageObject\",\"inLanguage\":\"pt-BR\",\"@id\":\"https:\\\/\\\/motorista.com.br\\\/noticias\\\/#\\\/schema\\\/logo\\\/image\\\/\",\"url\":\"https:\\\/\\\/motorista.com.br\\\/noticias\\\/wp-content\\\/uploads\\\/2025\\\/06\\\/Design-sem-nome-9.png\",\"contentUrl\":\"https:\\\/\\\/motorista.com.br\\\/noticias\\\/wp-content\\\/uploads\\\/2025\\\/06\\\/Design-sem-nome-9.png\",\"width\":150,\"height\":85,\"caption\":\"Motorista.com.br\"},\"image\":{\"@id\":\"https:\\\/\\\/motorista.com.br\\\/noticias\\\/#\\\/schema\\\/logo\\\/image\\\/\"}},{\"@type\":\"Person\",\"@id\":\"https:\\\/\\\/motorista.com.br\\\/noticias\\\/#\\\/schema\\\/person\\\/dc93afc2981c0e3ce6bc3c053fd847be\",\"name\":\"Equipe Reda\u00e7\u00e3o\",\"image\":{\"@type\":\"ImageObject\",\"inLanguage\":\"pt-BR\",\"@id\":\"https:\\\/\\\/secure.gravatar.com\\\/avatar\\\/4f525efbf18dd2bb300ccad28bfb99d95a9465a5ba268407c8c37b37e1f28d2d?s=96&d=mm&r=g9e099043a0c61e9ae27e293b9fa75ffc\",\"url\":\"https:\\\/\\\/secure.gravatar.com\\\/avatar\\\/4f525efbf18dd2bb300ccad28bfb99d95a9465a5ba268407c8c37b37e1f28d2d?s=96&d=mm&r=g\",\"contentUrl\":\"https:\\\/\\\/secure.gravatar.com\\\/avatar\\\/4f525efbf18dd2bb300ccad28bfb99d95a9465a5ba268407c8c37b37e1f28d2d?s=96&d=mm&r=g\",\"caption\":\"Equipe Reda\u00e7\u00e3o\"},\"description\":\"Equipe de reda\u00e7\u00e3o \u00e9 um grupo de profissionais que trabalham juntos para criar conte\u00fado escrito para Motorista.com.br\",\"url\":\"https:\\\/\\\/motorista.com.br\\\/noticias\\\/author\\\/equiperedacao\\\/\"}]}<\/script>\n<!-- \/ Yoast SEO Premium plugin. -->","yoast_head_json":{"title":"Empreendedor lan\u00e7a app de mobilidade em MG com 115 mil corridas\/m\u00eas. - Motorista.com.br","robots":{"index":"index","follow":"follow","max-snippet":"max-snippet:-1","max-image-preview":"max-image-preview:large","max-video-preview":"max-video-preview:-1"},"canonical":"https:\/\/motorista.com.br\/noticias\/2025\/12\/03\/empreendedor-lanca-app-de-mobilidade-em-mg-com-115-mil-corridas-mes\/","og_locale":"pt_BR","og_type":"article","og_title":"Empreendedor lan\u00e7a app de mobilidade em MG com 115 mil corridas\/m\u00eas.","og_description":"Empreendedor Cria Aplicativo Regional de Mobilidade que Ultrapassa 115 Mil Corridas Mensais em MG O iMOVE, aplicativo de mobilidade, surgiu em 2019, fruto da vis\u00e3o empreendedora de Tiago Sanches. Com uma trajet\u00f3ria que come\u00e7ou com investimentos modestos e desafios significativos, o aplicativo hoje destaca-se em Minas Gerais, atendendo a 12 cidades, com mais de 122 &hellip;","og_url":"https:\/\/motorista.com.br\/noticias\/2025\/12\/03\/empreendedor-lanca-app-de-mobilidade-em-mg-com-115-mil-corridas-mes\/","og_site_name":"Motorista.com.br","article_published_time":"2025-12-03T16:30:46+00:00","author":"Equipe Reda\u00e7\u00e3o","twitter_card":"summary_large_image","twitter_misc":{"Escrito por":"Equipe Reda\u00e7\u00e3o","Est. tempo de leitura":"3 minutos","Written by":"Equipe Reda\u00e7\u00e3o"},"schema":{"@context":"https:\/\/schema.org","@graph":[{"@type":"Article","@id":"https:\/\/motorista.com.br\/noticias\/2025\/12\/03\/empreendedor-lanca-app-de-mobilidade-em-mg-com-115-mil-corridas-mes\/#article","isPartOf":{"@id":"https:\/\/motorista.com.br\/noticias\/2025\/12\/03\/empreendedor-lanca-app-de-mobilidade-em-mg-com-115-mil-corridas-mes\/"},"author":{"name":"Equipe Reda\u00e7\u00e3o","@id":"https:\/\/motorista.com.br\/noticias\/#\/schema\/person\/dc93afc2981c0e3ce6bc3c053fd847be"},"headline":"Empreendedor lan\u00e7a app de mobilidade em MG com 115 mil corridas\/m\u00eas.","datePublished":"2025-12-03T16:30:46+00:00","mainEntityOfPage":{"@id":"https:\/\/motorista.com.br\/noticias\/2025\/12\/03\/empreendedor-lanca-app-de-mobilidade-em-mg-com-115-mil-corridas-mes\/"},"wordCount":630,"publisher":{"@id":"https:\/\/motorista.com.br\/noticias\/#organization"},"image":{"@id":"https:\/\/motorista.com.br\/noticias\/2025\/12\/03\/empreendedor-lanca-app-de-mobilidade-em-mg-com-115-mil-corridas-mes\/#primaryimage"},"thumbnailUrl":"https:\/\/motorista.com.br\/noticias\/wp-content\/uploads\/2025\/12\/PHOTO-2025-11-25-11-05-07-e1764098429713.jpg","articleSection":["Aplicativos","Motorista"],"inLanguage":"pt-BR"},{"@type":"WebPage","@id":"https:\/\/motorista.com.br\/noticias\/2025\/12\/03\/empreendedor-lanca-app-de-mobilidade-em-mg-com-115-mil-corridas-mes\/","url":"https:\/\/motorista.com.br\/noticias\/2025\/12\/03\/empreendedor-lanca-app-de-mobilidade-em-mg-com-115-mil-corridas-mes\/","name":"Empreendedor lan\u00e7a app de mobilidade em MG com 115 mil corridas\/m\u00eas. - Motorista.com.br","isPartOf":{"@id":"https:\/\/motorista.com.br\/noticias\/#website"},"primaryImageOfPage":{"@id":"https:\/\/motorista.com.br\/noticias\/2025\/12\/03\/empreendedor-lanca-app-de-mobilidade-em-mg-com-115-mil-corridas-mes\/#primaryimage"},"image":{"@id":"https:\/\/motorista.com.br\/noticias\/2025\/12\/03\/empreendedor-lanca-app-de-mobilidade-em-mg-com-115-mil-corridas-mes\/#primaryimage"},"thumbnailUrl":"https:\/\/motorista.com.br\/noticias\/wp-content\/uploads\/2025\/12\/PHOTO-2025-11-25-11-05-07-e1764098429713.jpg","datePublished":"2025-12-03T16:30:46+00:00","breadcrumb":{"@id":"https:\/\/motorista.com.br\/noticias\/2025\/12\/03\/empreendedor-lanca-app-de-mobilidade-em-mg-com-115-mil-corridas-mes\/#breadcrumb"},"inLanguage":"pt-BR","potentialAction":[{"@type":"ReadAction","target":["https:\/\/motorista.com.br\/noticias\/2025\/12\/03\/empreendedor-lanca-app-de-mobilidade-em-mg-com-115-mil-corridas-mes\/"]}]},{"@type":"ImageObject","inLanguage":"pt-BR","@id":"https:\/\/motorista.com.br\/noticias\/2025\/12\/03\/empreendedor-lanca-app-de-mobilidade-em-mg-com-115-mil-corridas-mes\/#primaryimage","url":"https:\/\/motorista.com.br\/noticias\/wp-content\/uploads\/2025\/12\/PHOTO-2025-11-25-11-05-07-e1764098429713.jpg","contentUrl":"https:\/\/motorista.com.br\/noticias\/wp-content\/uploads\/2025\/12\/PHOTO-2025-11-25-11-05-07-e1764098429713.jpg","width":1200,"height":1243},{"@type":"BreadcrumbList","@id":"https:\/\/motorista.com.br\/noticias\/2025\/12\/03\/empreendedor-lanca-app-de-mobilidade-em-mg-com-115-mil-corridas-mes\/#breadcrumb","itemListElement":[{"@type":"ListItem","position":1,"name":"In\u00edcio","item":"https:\/\/motorista.com.br\/noticias\/"},{"@type":"ListItem","position":2,"name":"Empreendedor lan\u00e7a app de mobilidade em MG com 115 mil corridas\/m\u00eas."}]},{"@type":"WebSite","@id":"https:\/\/motorista.com.br\/noticias\/#website","url":"https:\/\/motorista.com.br\/noticias\/","name":"Motorista.com.br","description":"Not\u00edcia do Motorista","publisher":{"@id":"https:\/\/motorista.com.br\/noticias\/#organization"},"potentialAction":[{"@type":"SearchAction","target":{"@type":"EntryPoint","urlTemplate":"https:\/\/motorista.com.br\/noticias\/?s={search_term_string}"},"query-input":{"@type":"PropertyValueSpecification","valueRequired":true,"valueName":"search_term_string"}}],"inLanguage":"pt-BR"},{"@type":"Organization","@id":"https:\/\/motorista.com.br\/noticias\/#organization","name":"Motorista.com.br","url":"https:\/\/motorista.com.br\/noticias\/","logo":{"@type":"ImageObject","inLanguage":"pt-BR","@id":"https:\/\/motorista.com.br\/noticias\/#\/schema\/logo\/image\/","url":"https:\/\/motorista.com.br\/noticias\/wp-content\/uploads\/2025\/06\/Design-sem-nome-9.png","contentUrl":"https:\/\/motorista.com.br\/noticias\/wp-content\/uploads\/2025\/06\/Design-sem-nome-9.png","width":150,"height":85,"caption":"Motorista.com.br"},"image":{"@id":"https:\/\/motorista.com.br\/noticias\/#\/schema\/logo\/image\/"}},{"@type":"Person","@id":"https:\/\/motorista.com.br\/noticias\/#\/schema\/person\/dc93afc2981c0e3ce6bc3c053fd847be","name":"Equipe Reda\u00e7\u00e3o","image":{"@type":"ImageObject","inLanguage":"pt-BR","@id":"https:\/\/secure.gravatar.com\/avatar\/4f525efbf18dd2bb300ccad28bfb99d95a9465a5ba268407c8c37b37e1f28d2d?s=96&d=mm&r=g9e099043a0c61e9ae27e293b9fa75ffc","url":"https:\/\/secure.gravatar.com\/avatar\/4f525efbf18dd2bb300ccad28bfb99d95a9465a5ba268407c8c37b37e1f28d2d?s=96&d=mm&r=g","contentUrl":"https:\/\/secure.gravatar.com\/avatar\/4f525efbf18dd2bb300ccad28bfb99d95a9465a5ba268407c8c37b37e1f28d2d?s=96&d=mm&r=g","caption":"Equipe Reda\u00e7\u00e3o"},"description":"Equipe de reda\u00e7\u00e3o \u00e9 um grupo de profissionais que trabalham juntos para criar conte\u00fado escrito para Motorista.com.br","url":"https:\/\/motorista.com.br\/noticias\/author\/equiperedacao\/"}]}},"_links":{"self":[{"href":"https:\/\/motorista.com.br\/noticias\/wp-json\/wp\/v2\/posts\/4913","targetHints":{"allow":["GET"]}}],"collection":[{"href":"https:\/\/motorista.com.br\/noticias\/wp-json\/wp\/v2\/posts"}],"about":[{"href":"https:\/\/motorista.com.br\/noticias\/wp-json\/wp\/v2\/types\/post"}],"author":[{"embeddable":true,"href":"https:\/\/motorista.com.br\/noticias\/wp-json\/wp\/v2\/users\/4"}],"replies":[{"embeddable":true,"href":"https:\/\/motorista.com.br\/noticias\/wp-json\/wp\/v2\/comments?post=4913"}],"version-history":[{"count":0,"href":"https:\/\/motorista.com.br\/noticias\/wp-json\/wp\/v2\/posts\/4913\/revisions"}],"wp:featuredmedia":[{"embeddable":true,"href":"https:\/\/motorista.com.br\/noticias\/wp-json\/wp\/v2\/media\/4914"}],"wp:attachment":[{"href":"https:\/\/motorista.com.br\/noticias\/wp-json\/wp\/v2\/media?parent=4913"}],"wp:term":[{"taxonomy":"category","embeddable":true,"href":"https:\/\/motorista.com.br\/noticias\/wp-json\/wp\/v2\/categories?post=4913"},{"taxonomy":"post_tag","embeddable":true,"href":"https:\/\/motorista.com.br\/noticias\/wp-json\/wp\/v2\/tags?post=4913"},{"taxonomy":"author","embeddable":true,"href":"https:\/\/motorista.com.br\/noticias\/wp-json\/wp\/v2\/coauthors?post=4913"}],"curies":[{"name":"wp","href":"https:\/\/api.w.org\/{rel}","templated":true}]}}