{"id":4911,"date":"2025-12-03T13:29:38","date_gmt":"2025-12-03T16:29:38","guid":{"rendered":"https:\/\/motorista.com.br\/noticias\/2025\/12\/03\/debate-juridico-sobre-regulacao-maritima-no-forum-brasil-export\/"},"modified":"2025-12-03T13:29:38","modified_gmt":"2025-12-03T16:29:38","slug":"debate-juridico-sobre-regulacao-maritima-no-forum-brasil-export","status":"publish","type":"post","link":"https:\/\/motorista.com.br\/noticias\/2025\/12\/03\/debate-juridico-sobre-regulacao-maritima-no-forum-brasil-export\/","title":{"rendered":"Debate jur\u00eddico sobre regula\u00e7\u00e3o mar\u00edtima no F\u00f3rum Brasil Export"},"content":{"rendered":"<p><\/p>\n<p><strong>Conselheira do IBL Debates Jur\u00eddicos sobre Regula\u00e7\u00e3o Mar\u00edtima no F\u00f3rum Brasil Export Minas e Energia<\/strong><\/p>\n<p>O recente debate jur\u00eddico sobre regula\u00e7\u00e3o mar\u00edtima, promovido pela conselheira do Instituto Brasil Log\u00edstica (IBL) no F\u00f3rum Brasil Export Minas e Energia, destaca a relev\u00e2ncia das diretrizes que governam o tr\u00e1fego e as opera\u00e7\u00f5es mar\u00edtimas no pa\u00eds. Este \u00e9 um tema de grande import\u00e2ncia, n\u00e3o apenas para a log\u00edstica e o com\u00e9rcio exterior, mas tamb\u00e9m para motoristas e a mobilidade geral.<\/p>\n<h3>O Impacto da Regula\u00e7\u00e3o Mar\u00edtima na Mobilidade Terrestre<\/h3>\n<p>As diretrizes mar\u00edtimas t\u00eam impactos diretos e indiretos sobre a mobilidade terrestre. A efici\u00eancia nos portos, por exemplo, pode reduzir significativamente os congestionamentos nas vias que conectam esses pontos aos centros urbanos e \u00e0s ind\u00fastrias. Quando os processos de desembarque e transporte mar\u00edtimo s\u00e3o otimizados, h\u00e1 menos caminh\u00f5es nas estradas, resultando em tr\u00e1fego mais fluido.<\/p>\n<h3>Benef\u00edcios Econ\u00f3micos e Sociais<\/h3>\n<p>Al\u00e9m disso, a san\u00e7\u00e3o de legisla\u00e7\u00f5es que normatizam a opera\u00e7\u00e3o mar\u00edtima pode proporcionar um ambiente mais seguro e eficiente para os motoristas que dependem do transporte de mercadorias. Um sistema log\u00edstico bem estruturado diminui custos e prolonga a vida \u00fatil dos ve\u00edculos, j\u00e1 que evita o desgaste excessivo causado por rotas congestionadas e ineficientes.<\/p>\n<h3>A Interse\u00e7\u00e3o entre Setores<\/h3>\n<p>O di\u00e1logo entre as autoridades mar\u00edtimas e os profissionais de log\u00edstica pode fomentar inova\u00e7\u00f5es que v\u00e3o al\u00e9m da \u00e1gua. A integra\u00e7\u00e3o de solu\u00e7\u00f5es tecnol\u00f3gicas, como sistemas de rastreamento e gest\u00e3o de frotas, pode beneficiar todos os elos da cadeia de suprimentos, incluindo motoristas. Essa interdepend\u00eancia ressalta a import\u00e2ncia de uma regula\u00e7\u00e3o alinhada que visa n\u00e3o apenas o com\u00e9rcio, mas a sustentabilidade do transporte em geral.<\/p>\n<h3>Conclus\u00e3o<\/h3>\n<p>Assim, o debate jur\u00eddico sobre a regula\u00e7\u00e3o mar\u00edtima, promovido pelo IBL, n\u00e3o \u00e9 um tema isolado. Os seus desdobramentos t\u00eam relev\u00e2ncia para motoristas e consumidores, refletindo em um sistema de transporte mais organizado e eficiente. Um bom gerenciamento das diretrizes mar\u00edtimas pode, portanto, ser a chave para uma mobilidade mais inteligente e harmoniosa em nossas cidades.<\/p>\n<p><strong>Fonte: IBL<\/strong><\/p>\n","protected":false},"excerpt":{"rendered":"<p>Conselheira do IBL Debates Jur\u00eddicos sobre Regula\u00e7\u00e3o Mar\u00edtima no F\u00f3rum Brasil Export Minas e Energia O recente debate jur\u00eddico sobre regula\u00e7\u00e3o mar\u00edtima, promovido pela conselheira do Instituto Brasil Log\u00edstica (IBL) no F\u00f3rum Brasil Export Minas e Energia, destaca a relev\u00e2ncia das diretrizes que governam o tr\u00e1fego e as opera\u00e7\u00f5es mar\u00edtimas no pa\u00eds. Este \u00e9 um &hellip;<\/p>\n","protected":false},"author":4,"featured_media":4912,"comment_status":"","ping_status":"open","sticky":false,"template":"","format":"standard","meta":{"footnotes":""},"categories":[62],"tags":[],"coauthors":[42],"class_list":["post-4911","post","type-post","status-publish","format-standard","has-post-thumbnail","hentry","category-logistica"],"yoast_head":"<!-- This site is optimized with the Yoast SEO Premium plugin v25.5 (Yoast SEO v27.4) - https:\/\/yoast.com\/product\/yoast-seo-premium-wordpress\/ -->\n<title>Debate jur\u00eddico sobre regula\u00e7\u00e3o mar\u00edtima no F\u00f3rum Brasil Export - Motorista.com.br<\/title>\n<meta name=\"robots\" content=\"index, follow, max-snippet:-1, max-image-preview:large, max-video-preview:-1\" \/>\n<link rel=\"canonical\" href=\"https:\/\/motorista.com.br\/noticias\/2025\/12\/03\/debate-juridico-sobre-regulacao-maritima-no-forum-brasil-export\/\" \/>\n<meta property=\"og:locale\" content=\"pt_BR\" \/>\n<meta property=\"og:type\" content=\"article\" \/>\n<meta property=\"og:title\" content=\"Debate jur\u00eddico sobre regula\u00e7\u00e3o mar\u00edtima no F\u00f3rum Brasil Export\" \/>\n<meta property=\"og:description\" content=\"Conselheira do IBL Debates Jur\u00eddicos sobre Regula\u00e7\u00e3o Mar\u00edtima no F\u00f3rum Brasil Export Minas e Energia O recente debate jur\u00eddico sobre regula\u00e7\u00e3o mar\u00edtima, promovido pela conselheira do Instituto Brasil Log\u00edstica (IBL) no F\u00f3rum Brasil Export Minas e Energia, destaca a relev\u00e2ncia das diretrizes que governam o tr\u00e1fego e as opera\u00e7\u00f5es mar\u00edtimas no pa\u00eds. Este \u00e9 um &hellip;\" \/>\n<meta property=\"og:url\" content=\"https:\/\/motorista.com.br\/noticias\/2025\/12\/03\/debate-juridico-sobre-regulacao-maritima-no-forum-brasil-export\/\" \/>\n<meta property=\"og:site_name\" content=\"Motorista.com.br\" \/>\n<meta property=\"article:published_time\" content=\"2025-12-03T16:29:38+00:00\" \/>\n<meta name=\"author\" content=\"Equipe Reda\u00e7\u00e3o\" \/>\n<meta name=\"twitter:card\" content=\"summary_large_image\" \/>\n<meta name=\"twitter:label1\" content=\"Escrito por\" \/>\n\t<meta name=\"twitter:data1\" content=\"Equipe Reda\u00e7\u00e3o\" \/>\n\t<meta name=\"twitter:label2\" content=\"Est. tempo de leitura\" \/>\n\t<meta name=\"twitter:data2\" content=\"2 minutos\" \/>\n\t<meta name=\"twitter:label3\" content=\"Written by\" \/>\n\t<meta name=\"twitter:data3\" content=\"Equipe Reda\u00e7\u00e3o\" \/>\n<script type=\"application\/ld+json\" class=\"yoast-schema-graph\">{\"@context\":\"https:\\\/\\\/schema.org\",\"@graph\":[{\"@type\":\"Article\",\"@id\":\"https:\\\/\\\/motorista.com.br\\\/noticias\\\/2025\\\/12\\\/03\\\/debate-juridico-sobre-regulacao-maritima-no-forum-brasil-export\\\/#article\",\"isPartOf\":{\"@id\":\"https:\\\/\\\/motorista.com.br\\\/noticias\\\/2025\\\/12\\\/03\\\/debate-juridico-sobre-regulacao-maritima-no-forum-brasil-export\\\/\"},\"author\":{\"name\":\"Equipe Reda\u00e7\u00e3o\",\"@id\":\"https:\\\/\\\/motorista.com.br\\\/noticias\\\/#\\\/schema\\\/person\\\/dc93afc2981c0e3ce6bc3c053fd847be\"},\"headline\":\"Debate jur\u00eddico sobre regula\u00e7\u00e3o mar\u00edtima no F\u00f3rum Brasil Export\",\"datePublished\":\"2025-12-03T16:29:38+00:00\",\"mainEntityOfPage\":{\"@id\":\"https:\\\/\\\/motorista.com.br\\\/noticias\\\/2025\\\/12\\\/03\\\/debate-juridico-sobre-regulacao-maritima-no-forum-brasil-export\\\/\"},\"wordCount\":398,\"publisher\":{\"@id\":\"https:\\\/\\\/motorista.com.br\\\/noticias\\\/#organization\"},\"image\":{\"@id\":\"https:\\\/\\\/motorista.com.br\\\/noticias\\\/2025\\\/12\\\/03\\\/debate-juridico-sobre-regulacao-maritima-no-forum-brasil-export\\\/#primaryimage\"},\"thumbnailUrl\":\"https:\\\/\\\/motorista.com.br\\\/noticias\\\/wp-content\\\/uploads\\\/2025\\\/12\\\/WhatsApp-Image-2025-11-26-at-10.02.11.jpeg\",\"articleSection\":[\"Log\u00edstica\"],\"inLanguage\":\"pt-BR\"},{\"@type\":\"WebPage\",\"@id\":\"https:\\\/\\\/motorista.com.br\\\/noticias\\\/2025\\\/12\\\/03\\\/debate-juridico-sobre-regulacao-maritima-no-forum-brasil-export\\\/\",\"url\":\"https:\\\/\\\/motorista.com.br\\\/noticias\\\/2025\\\/12\\\/03\\\/debate-juridico-sobre-regulacao-maritima-no-forum-brasil-export\\\/\",\"name\":\"Debate jur\u00eddico sobre regula\u00e7\u00e3o mar\u00edtima no F\u00f3rum Brasil Export - Motorista.com.br\",\"isPartOf\":{\"@id\":\"https:\\\/\\\/motorista.com.br\\\/noticias\\\/#website\"},\"primaryImageOfPage\":{\"@id\":\"https:\\\/\\\/motorista.com.br\\\/noticias\\\/2025\\\/12\\\/03\\\/debate-juridico-sobre-regulacao-maritima-no-forum-brasil-export\\\/#primaryimage\"},\"image\":{\"@id\":\"https:\\\/\\\/motorista.com.br\\\/noticias\\\/2025\\\/12\\\/03\\\/debate-juridico-sobre-regulacao-maritima-no-forum-brasil-export\\\/#primaryimage\"},\"thumbnailUrl\":\"https:\\\/\\\/motorista.com.br\\\/noticias\\\/wp-content\\\/uploads\\\/2025\\\/12\\\/WhatsApp-Image-2025-11-26-at-10.02.11.jpeg\",\"datePublished\":\"2025-12-03T16:29:38+00:00\",\"breadcrumb\":{\"@id\":\"https:\\\/\\\/motorista.com.br\\\/noticias\\\/2025\\\/12\\\/03\\\/debate-juridico-sobre-regulacao-maritima-no-forum-brasil-export\\\/#breadcrumb\"},\"inLanguage\":\"pt-BR\",\"potentialAction\":[{\"@type\":\"ReadAction\",\"target\":[\"https:\\\/\\\/motorista.com.br\\\/noticias\\\/2025\\\/12\\\/03\\\/debate-juridico-sobre-regulacao-maritima-no-forum-brasil-export\\\/\"]}]},{\"@type\":\"ImageObject\",\"inLanguage\":\"pt-BR\",\"@id\":\"https:\\\/\\\/motorista.com.br\\\/noticias\\\/2025\\\/12\\\/03\\\/debate-juridico-sobre-regulacao-maritima-no-forum-brasil-export\\\/#primaryimage\",\"url\":\"https:\\\/\\\/motorista.com.br\\\/noticias\\\/wp-content\\\/uploads\\\/2025\\\/12\\\/WhatsApp-Image-2025-11-26-at-10.02.11.jpeg\",\"contentUrl\":\"https:\\\/\\\/motorista.com.br\\\/noticias\\\/wp-content\\\/uploads\\\/2025\\\/12\\\/WhatsApp-Image-2025-11-26-at-10.02.11.jpeg\",\"width\":1600,\"height\":1066},{\"@type\":\"BreadcrumbList\",\"@id\":\"https:\\\/\\\/motorista.com.br\\\/noticias\\\/2025\\\/12\\\/03\\\/debate-juridico-sobre-regulacao-maritima-no-forum-brasil-export\\\/#breadcrumb\",\"itemListElement\":[{\"@type\":\"ListItem\",\"position\":1,\"name\":\"In\u00edcio\",\"item\":\"https:\\\/\\\/motorista.com.br\\\/noticias\\\/\"},{\"@type\":\"ListItem\",\"position\":2,\"name\":\"Debate jur\u00eddico sobre regula\u00e7\u00e3o mar\u00edtima no F\u00f3rum Brasil Export\"}]},{\"@type\":\"WebSite\",\"@id\":\"https:\\\/\\\/motorista.com.br\\\/noticias\\\/#website\",\"url\":\"https:\\\/\\\/motorista.com.br\\\/noticias\\\/\",\"name\":\"Motorista.com.br\",\"description\":\"Not\u00edcia do Motorista\",\"publisher\":{\"@id\":\"https:\\\/\\\/motorista.com.br\\\/noticias\\\/#organization\"},\"potentialAction\":[{\"@type\":\"SearchAction\",\"target\":{\"@type\":\"EntryPoint\",\"urlTemplate\":\"https:\\\/\\\/motorista.com.br\\\/noticias\\\/?s={search_term_string}\"},\"query-input\":{\"@type\":\"PropertyValueSpecification\",\"valueRequired\":true,\"valueName\":\"search_term_string\"}}],\"inLanguage\":\"pt-BR\"},{\"@type\":\"Organization\",\"@id\":\"https:\\\/\\\/motorista.com.br\\\/noticias\\\/#organization\",\"name\":\"Motorista.com.br\",\"url\":\"https:\\\/\\\/motorista.com.br\\\/noticias\\\/\",\"logo\":{\"@type\":\"ImageObject\",\"inLanguage\":\"pt-BR\",\"@id\":\"https:\\\/\\\/motorista.com.br\\\/noticias\\\/#\\\/schema\\\/logo\\\/image\\\/\",\"url\":\"https:\\\/\\\/motorista.com.br\\\/noticias\\\/wp-content\\\/uploads\\\/2025\\\/06\\\/Design-sem-nome-9.png\",\"contentUrl\":\"https:\\\/\\\/motorista.com.br\\\/noticias\\\/wp-content\\\/uploads\\\/2025\\\/06\\\/Design-sem-nome-9.png\",\"width\":150,\"height\":85,\"caption\":\"Motorista.com.br\"},\"image\":{\"@id\":\"https:\\\/\\\/motorista.com.br\\\/noticias\\\/#\\\/schema\\\/logo\\\/image\\\/\"}},{\"@type\":\"Person\",\"@id\":\"https:\\\/\\\/motorista.com.br\\\/noticias\\\/#\\\/schema\\\/person\\\/dc93afc2981c0e3ce6bc3c053fd847be\",\"name\":\"Equipe Reda\u00e7\u00e3o\",\"image\":{\"@type\":\"ImageObject\",\"inLanguage\":\"pt-BR\",\"@id\":\"https:\\\/\\\/secure.gravatar.com\\\/avatar\\\/4f525efbf18dd2bb300ccad28bfb99d95a9465a5ba268407c8c37b37e1f28d2d?s=96&d=mm&r=g9e099043a0c61e9ae27e293b9fa75ffc\",\"url\":\"https:\\\/\\\/secure.gravatar.com\\\/avatar\\\/4f525efbf18dd2bb300ccad28bfb99d95a9465a5ba268407c8c37b37e1f28d2d?s=96&d=mm&r=g\",\"contentUrl\":\"https:\\\/\\\/secure.gravatar.com\\\/avatar\\\/4f525efbf18dd2bb300ccad28bfb99d95a9465a5ba268407c8c37b37e1f28d2d?s=96&d=mm&r=g\",\"caption\":\"Equipe Reda\u00e7\u00e3o\"},\"description\":\"Equipe de reda\u00e7\u00e3o \u00e9 um grupo de profissionais que trabalham juntos para criar conte\u00fado escrito para Motorista.com.br\",\"url\":\"https:\\\/\\\/motorista.com.br\\\/noticias\\\/author\\\/equiperedacao\\\/\"}]}<\/script>\n<!-- \/ Yoast SEO Premium plugin. -->","yoast_head_json":{"title":"Debate jur\u00eddico sobre regula\u00e7\u00e3o mar\u00edtima no F\u00f3rum Brasil Export - Motorista.com.br","robots":{"index":"index","follow":"follow","max-snippet":"max-snippet:-1","max-image-preview":"max-image-preview:large","max-video-preview":"max-video-preview:-1"},"canonical":"https:\/\/motorista.com.br\/noticias\/2025\/12\/03\/debate-juridico-sobre-regulacao-maritima-no-forum-brasil-export\/","og_locale":"pt_BR","og_type":"article","og_title":"Debate jur\u00eddico sobre regula\u00e7\u00e3o mar\u00edtima no F\u00f3rum Brasil Export","og_description":"Conselheira do IBL Debates Jur\u00eddicos sobre Regula\u00e7\u00e3o Mar\u00edtima no F\u00f3rum Brasil Export Minas e Energia O recente debate jur\u00eddico sobre regula\u00e7\u00e3o mar\u00edtima, promovido pela conselheira do Instituto Brasil Log\u00edstica (IBL) no F\u00f3rum Brasil Export Minas e Energia, destaca a relev\u00e2ncia das diretrizes que governam o tr\u00e1fego e as opera\u00e7\u00f5es mar\u00edtimas no pa\u00eds. Este \u00e9 um &hellip;","og_url":"https:\/\/motorista.com.br\/noticias\/2025\/12\/03\/debate-juridico-sobre-regulacao-maritima-no-forum-brasil-export\/","og_site_name":"Motorista.com.br","article_published_time":"2025-12-03T16:29:38+00:00","author":"Equipe Reda\u00e7\u00e3o","twitter_card":"summary_large_image","twitter_misc":{"Escrito por":"Equipe Reda\u00e7\u00e3o","Est. tempo de leitura":"2 minutos","Written by":"Equipe Reda\u00e7\u00e3o"},"schema":{"@context":"https:\/\/schema.org","@graph":[{"@type":"Article","@id":"https:\/\/motorista.com.br\/noticias\/2025\/12\/03\/debate-juridico-sobre-regulacao-maritima-no-forum-brasil-export\/#article","isPartOf":{"@id":"https:\/\/motorista.com.br\/noticias\/2025\/12\/03\/debate-juridico-sobre-regulacao-maritima-no-forum-brasil-export\/"},"author":{"name":"Equipe Reda\u00e7\u00e3o","@id":"https:\/\/motorista.com.br\/noticias\/#\/schema\/person\/dc93afc2981c0e3ce6bc3c053fd847be"},"headline":"Debate jur\u00eddico sobre regula\u00e7\u00e3o mar\u00edtima no F\u00f3rum Brasil Export","datePublished":"2025-12-03T16:29:38+00:00","mainEntityOfPage":{"@id":"https:\/\/motorista.com.br\/noticias\/2025\/12\/03\/debate-juridico-sobre-regulacao-maritima-no-forum-brasil-export\/"},"wordCount":398,"publisher":{"@id":"https:\/\/motorista.com.br\/noticias\/#organization"},"image":{"@id":"https:\/\/motorista.com.br\/noticias\/2025\/12\/03\/debate-juridico-sobre-regulacao-maritima-no-forum-brasil-export\/#primaryimage"},"thumbnailUrl":"https:\/\/motorista.com.br\/noticias\/wp-content\/uploads\/2025\/12\/WhatsApp-Image-2025-11-26-at-10.02.11.jpeg","articleSection":["Log\u00edstica"],"inLanguage":"pt-BR"},{"@type":"WebPage","@id":"https:\/\/motorista.com.br\/noticias\/2025\/12\/03\/debate-juridico-sobre-regulacao-maritima-no-forum-brasil-export\/","url":"https:\/\/motorista.com.br\/noticias\/2025\/12\/03\/debate-juridico-sobre-regulacao-maritima-no-forum-brasil-export\/","name":"Debate jur\u00eddico sobre regula\u00e7\u00e3o mar\u00edtima no F\u00f3rum Brasil Export - Motorista.com.br","isPartOf":{"@id":"https:\/\/motorista.com.br\/noticias\/#website"},"primaryImageOfPage":{"@id":"https:\/\/motorista.com.br\/noticias\/2025\/12\/03\/debate-juridico-sobre-regulacao-maritima-no-forum-brasil-export\/#primaryimage"},"image":{"@id":"https:\/\/motorista.com.br\/noticias\/2025\/12\/03\/debate-juridico-sobre-regulacao-maritima-no-forum-brasil-export\/#primaryimage"},"thumbnailUrl":"https:\/\/motorista.com.br\/noticias\/wp-content\/uploads\/2025\/12\/WhatsApp-Image-2025-11-26-at-10.02.11.jpeg","datePublished":"2025-12-03T16:29:38+00:00","breadcrumb":{"@id":"https:\/\/motorista.com.br\/noticias\/2025\/12\/03\/debate-juridico-sobre-regulacao-maritima-no-forum-brasil-export\/#breadcrumb"},"inLanguage":"pt-BR","potentialAction":[{"@type":"ReadAction","target":["https:\/\/motorista.com.br\/noticias\/2025\/12\/03\/debate-juridico-sobre-regulacao-maritima-no-forum-brasil-export\/"]}]},{"@type":"ImageObject","inLanguage":"pt-BR","@id":"https:\/\/motorista.com.br\/noticias\/2025\/12\/03\/debate-juridico-sobre-regulacao-maritima-no-forum-brasil-export\/#primaryimage","url":"https:\/\/motorista.com.br\/noticias\/wp-content\/uploads\/2025\/12\/WhatsApp-Image-2025-11-26-at-10.02.11.jpeg","contentUrl":"https:\/\/motorista.com.br\/noticias\/wp-content\/uploads\/2025\/12\/WhatsApp-Image-2025-11-26-at-10.02.11.jpeg","width":1600,"height":1066},{"@type":"BreadcrumbList","@id":"https:\/\/motorista.com.br\/noticias\/2025\/12\/03\/debate-juridico-sobre-regulacao-maritima-no-forum-brasil-export\/#breadcrumb","itemListElement":[{"@type":"ListItem","position":1,"name":"In\u00edcio","item":"https:\/\/motorista.com.br\/noticias\/"},{"@type":"ListItem","position":2,"name":"Debate jur\u00eddico sobre regula\u00e7\u00e3o mar\u00edtima no F\u00f3rum Brasil Export"}]},{"@type":"WebSite","@id":"https:\/\/motorista.com.br\/noticias\/#website","url":"https:\/\/motorista.com.br\/noticias\/","name":"Motorista.com.br","description":"Not\u00edcia do Motorista","publisher":{"@id":"https:\/\/motorista.com.br\/noticias\/#organization"},"potentialAction":[{"@type":"SearchAction","target":{"@type":"EntryPoint","urlTemplate":"https:\/\/motorista.com.br\/noticias\/?s={search_term_string}"},"query-input":{"@type":"PropertyValueSpecification","valueRequired":true,"valueName":"search_term_string"}}],"inLanguage":"pt-BR"},{"@type":"Organization","@id":"https:\/\/motorista.com.br\/noticias\/#organization","name":"Motorista.com.br","url":"https:\/\/motorista.com.br\/noticias\/","logo":{"@type":"ImageObject","inLanguage":"pt-BR","@id":"https:\/\/motorista.com.br\/noticias\/#\/schema\/logo\/image\/","url":"https:\/\/motorista.com.br\/noticias\/wp-content\/uploads\/2025\/06\/Design-sem-nome-9.png","contentUrl":"https:\/\/motorista.com.br\/noticias\/wp-content\/uploads\/2025\/06\/Design-sem-nome-9.png","width":150,"height":85,"caption":"Motorista.com.br"},"image":{"@id":"https:\/\/motorista.com.br\/noticias\/#\/schema\/logo\/image\/"}},{"@type":"Person","@id":"https:\/\/motorista.com.br\/noticias\/#\/schema\/person\/dc93afc2981c0e3ce6bc3c053fd847be","name":"Equipe Reda\u00e7\u00e3o","image":{"@type":"ImageObject","inLanguage":"pt-BR","@id":"https:\/\/secure.gravatar.com\/avatar\/4f525efbf18dd2bb300ccad28bfb99d95a9465a5ba268407c8c37b37e1f28d2d?s=96&d=mm&r=g9e099043a0c61e9ae27e293b9fa75ffc","url":"https:\/\/secure.gravatar.com\/avatar\/4f525efbf18dd2bb300ccad28bfb99d95a9465a5ba268407c8c37b37e1f28d2d?s=96&d=mm&r=g","contentUrl":"https:\/\/secure.gravatar.com\/avatar\/4f525efbf18dd2bb300ccad28bfb99d95a9465a5ba268407c8c37b37e1f28d2d?s=96&d=mm&r=g","caption":"Equipe Reda\u00e7\u00e3o"},"description":"Equipe de reda\u00e7\u00e3o \u00e9 um grupo de profissionais que trabalham juntos para criar conte\u00fado escrito para Motorista.com.br","url":"https:\/\/motorista.com.br\/noticias\/author\/equiperedacao\/"}]}},"_links":{"self":[{"href":"https:\/\/motorista.com.br\/noticias\/wp-json\/wp\/v2\/posts\/4911","targetHints":{"allow":["GET"]}}],"collection":[{"href":"https:\/\/motorista.com.br\/noticias\/wp-json\/wp\/v2\/posts"}],"about":[{"href":"https:\/\/motorista.com.br\/noticias\/wp-json\/wp\/v2\/types\/post"}],"author":[{"embeddable":true,"href":"https:\/\/motorista.com.br\/noticias\/wp-json\/wp\/v2\/users\/4"}],"replies":[{"embeddable":true,"href":"https:\/\/motorista.com.br\/noticias\/wp-json\/wp\/v2\/comments?post=4911"}],"version-history":[{"count":0,"href":"https:\/\/motorista.com.br\/noticias\/wp-json\/wp\/v2\/posts\/4911\/revisions"}],"wp:featuredmedia":[{"embeddable":true,"href":"https:\/\/motorista.com.br\/noticias\/wp-json\/wp\/v2\/media\/4912"}],"wp:attachment":[{"href":"https:\/\/motorista.com.br\/noticias\/wp-json\/wp\/v2\/media?parent=4911"}],"wp:term":[{"taxonomy":"category","embeddable":true,"href":"https:\/\/motorista.com.br\/noticias\/wp-json\/wp\/v2\/categories?post=4911"},{"taxonomy":"post_tag","embeddable":true,"href":"https:\/\/motorista.com.br\/noticias\/wp-json\/wp\/v2\/tags?post=4911"},{"taxonomy":"author","embeddable":true,"href":"https:\/\/motorista.com.br\/noticias\/wp-json\/wp\/v2\/coauthors?post=4911"}],"curies":[{"name":"wp","href":"https:\/\/api.w.org\/{rel}","templated":true}]}}