{"id":4811,"date":"2025-09-25T23:11:53","date_gmt":"2025-09-26T02:11:53","guid":{"rendered":"https:\/\/motorista.com.br\/noticias\/2025\/09\/25\/toyota-interrompe-fabricacao-no-brasil-apos-incendio-em-sp\/"},"modified":"2025-09-25T23:11:53","modified_gmt":"2025-09-26T02:11:53","slug":"toyota-interrompe-fabricacao-no-brasil-apos-incendio-em-sp","status":"publish","type":"post","link":"https:\/\/motorista.com.br\/noticias\/2025\/09\/25\/toyota-interrompe-fabricacao-no-brasil-apos-incendio-em-sp\/","title":{"rendered":"Toyota interrompe fabrica\u00e7\u00e3o no Brasil ap\u00f3s inc\u00eandio em SP."},"content":{"rendered":"<p><\/p>\n<p><strong>Toyota paralisa produ\u00e7\u00e3o no Brasil ap\u00f3s destrui\u00e7\u00e3o de f\u00e1brica em SP<\/strong><\/p>\n<p>A Toyota anunciou, nesta semana, a <strong>suspens\u00e3o total<\/strong> de sua produ\u00e7\u00e3o no Brasil ap\u00f3s os <strong>danos severos<\/strong> provocados pelo temporal que atingiu <strong>Porto Feliz (SP)<\/strong>. A f\u00e1brica de motores da montadora japonesa, inaugurada em <strong>2016<\/strong> e considerada a <strong>principal da Am\u00e9rica Latina<\/strong>, foi <strong>gravemente afetada<\/strong> pelas chuvas e rajadas de vento, que chegaram a <strong>90 km\/h<\/strong>, resultando na <strong>paralisa\u00e7\u00e3o de todas as linhas de produ\u00e7\u00e3o<\/strong> da empresa no pa\u00eds.<\/p>\n<p>Esse impacto n\u00e3o afeta apenas a montadora, mas tamb\u00e9m tem repercuss\u00f5es significativas para os motoristas e a mobilidade geral. A produ\u00e7\u00e3o de modelos populares como Corolla, Corolla Cross, Yaris e, mais importante, a nova vers\u00e3o Yaris Cross, ter\u00e1 sua timeline comprometida. A interrup\u00e7\u00e3o da produ\u00e7\u00e3o gera uma poss\u00edvel escassez desses ve\u00edculos no mercado, o que pode elevar os pre\u00e7os e dificultar o acesso a modelos novos para muitos consumidores.<\/p>\n<p><strong>Retomada das opera\u00e7\u00f5es da Toyota: h\u00e1 prazo?<\/strong><\/p>\n<ul>\n<li>Com a destrui\u00e7\u00e3o de <strong>mais de 90%<\/strong> da estrutura da unidade de Porto Feliz (SP), a Toyota <strong>n\u00e3o estabeleceu prazo<\/strong> para a retomada das opera\u00e7\u00f5es.<\/li>\n<li>Imagens divulgadas por funcion\u00e1rios mostram o local <strong>alagado<\/strong> e com o <strong>teto arrancado<\/strong> pela for\u00e7a do vento.<\/li>\n<li>De acordo com a Defesa Civil, a cidade registrou quedas de \u00e1rvores e destelhamentos, e o prefeito declarou <strong>estado de emerg\u00eancia<\/strong> no munic\u00edpio.<\/li>\n<li>O Sindicato dos Metal\u00fargicos de Itu (SP) informou que <strong>30 funcion\u00e1rios<\/strong> ficaram com ferimentos leves.<\/li>\n<li>O Sindicato dos Metal\u00fargicos de Sorocaba e regi\u00e3o estima que a retomada da produ\u00e7\u00e3o de ve\u00edculos s\u00f3 deve ocorrer em <strong>2026<\/strong>.<\/li>\n<\/ul>\n<p>A seguran\u00e7a dos trabalhadores \u00e9 a <strong>prioridade<\/strong> da Toyota, que anunciou que <strong>n\u00e3o haver\u00e1 demiss\u00f5es<\/strong> durante a paralisa\u00e7\u00e3o. Os dias de trabalho ser\u00e3o abonados, al\u00e9m de um per\u00edodo de <strong>20 dias de f\u00e9rias coletivas<\/strong> a ser seguido por um <strong>layoff<\/strong>, que poder\u00e1 se estender por at\u00e9 <strong>cinco meses<\/strong>.<\/p>\n<p><strong>F\u00e1brica atingida e futuro do Yaris Cross<\/strong><br \/>\nA f\u00e1brica de Porto Feliz (SP) emprega cerca de <strong>800 trabalhadores<\/strong> e \u00e9 respons\u00e1vel pela produ\u00e7\u00e3o de mais de <strong>100 mil motores por ano<\/strong>, incluindo vers\u00f5es h\u00edbridas. A suspens\u00e3o das atividades compromete diretamente o ciclo de investimento de <strong>R$ 11 bilh\u00f5es at\u00e9 2030<\/strong>, que inclu\u00eda o lan\u00e7amento do <strong>Yaris Cross<\/strong> e a expans\u00e3o da f\u00e1brica de Sorocaba.<\/p>\n<p>Com o adiamento do lan\u00e7amento do Yaris Cross, as expectativas de novos consumidores podem ser frustradas, impactando a mobilidade nas cidades. A Toyota trabalha em um <strong>relat\u00f3rio de danos<\/strong> para entender a extens\u00e3o dos impactos, mas a atual incerteza sobre a produ\u00e7\u00e3o pode gerar um efeito cascata na mobilidade urbana.<\/p>\n<p>Assim, enquanto os motoristas aguardam a normaliza\u00e7\u00e3o da situa\u00e7\u00e3o, \u00e9 crucial que as partes envolvidas se mantenham informadas sobre os desenvolvimentos, a fim de planejar adequadamente futuras aquisi\u00e7\u00f5es e entender como a situa\u00e7\u00e3o pode afetar a disponibilidade de ve\u00edculos.<\/p>\n<p><strong>Fonte: olhardigital<\/strong><\/p>\n","protected":false},"excerpt":{"rendered":"<p>Toyota paralisa produ\u00e7\u00e3o no Brasil ap\u00f3s destrui\u00e7\u00e3o de f\u00e1brica em SP A Toyota anunciou, nesta semana, a suspens\u00e3o total de sua produ\u00e7\u00e3o no Brasil ap\u00f3s os danos severos provocados pelo temporal que atingiu Porto Feliz (SP). A f\u00e1brica de motores da montadora japonesa, inaugurada em 2016 e considerada a principal da Am\u00e9rica Latina, foi gravemente &hellip;<\/p>\n","protected":false},"author":4,"featured_media":4812,"comment_status":"","ping_status":"open","sticky":false,"template":"","format":"standard","meta":{"footnotes":""},"categories":[56],"tags":[],"coauthors":[42],"class_list":["post-4811","post","type-post","status-publish","format-standard","has-post-thumbnail","hentry","category-tecnologia"],"yoast_head":"<!-- This site is optimized with the Yoast SEO Premium plugin v25.5 (Yoast SEO v27.4) - https:\/\/yoast.com\/product\/yoast-seo-premium-wordpress\/ -->\n<title>Toyota interrompe fabrica\u00e7\u00e3o no Brasil ap\u00f3s inc\u00eandio em SP. - Motorista.com.br<\/title>\n<meta name=\"robots\" content=\"index, follow, max-snippet:-1, max-image-preview:large, max-video-preview:-1\" \/>\n<link rel=\"canonical\" href=\"https:\/\/motorista.com.br\/noticias\/2025\/09\/25\/toyota-interrompe-fabricacao-no-brasil-apos-incendio-em-sp\/\" \/>\n<meta property=\"og:locale\" content=\"pt_BR\" \/>\n<meta property=\"og:type\" content=\"article\" \/>\n<meta property=\"og:title\" content=\"Toyota interrompe fabrica\u00e7\u00e3o no Brasil ap\u00f3s inc\u00eandio em SP.\" \/>\n<meta property=\"og:description\" content=\"Toyota paralisa produ\u00e7\u00e3o no Brasil ap\u00f3s destrui\u00e7\u00e3o de f\u00e1brica em SP A Toyota anunciou, nesta semana, a suspens\u00e3o total de sua produ\u00e7\u00e3o no Brasil ap\u00f3s os danos severos provocados pelo temporal que atingiu Porto Feliz (SP). A f\u00e1brica de motores da montadora japonesa, inaugurada em 2016 e considerada a principal da Am\u00e9rica Latina, foi gravemente &hellip;\" \/>\n<meta property=\"og:url\" content=\"https:\/\/motorista.com.br\/noticias\/2025\/09\/25\/toyota-interrompe-fabricacao-no-brasil-apos-incendio-em-sp\/\" \/>\n<meta property=\"og:site_name\" content=\"Motorista.com.br\" \/>\n<meta property=\"article:published_time\" content=\"2025-09-26T02:11:53+00:00\" \/>\n<meta name=\"author\" content=\"Equipe Reda\u00e7\u00e3o\" \/>\n<meta name=\"twitter:card\" content=\"summary_large_image\" \/>\n<meta name=\"twitter:label1\" content=\"Escrito por\" \/>\n\t<meta name=\"twitter:data1\" content=\"Equipe Reda\u00e7\u00e3o\" \/>\n\t<meta name=\"twitter:label2\" content=\"Est. tempo de leitura\" \/>\n\t<meta name=\"twitter:data2\" content=\"3 minutos\" \/>\n\t<meta name=\"twitter:label3\" content=\"Written by\" \/>\n\t<meta name=\"twitter:data3\" content=\"Equipe Reda\u00e7\u00e3o\" \/>\n<script type=\"application\/ld+json\" class=\"yoast-schema-graph\">{\"@context\":\"https:\\\/\\\/schema.org\",\"@graph\":[{\"@type\":\"Article\",\"@id\":\"https:\\\/\\\/motorista.com.br\\\/noticias\\\/2025\\\/09\\\/25\\\/toyota-interrompe-fabricacao-no-brasil-apos-incendio-em-sp\\\/#article\",\"isPartOf\":{\"@id\":\"https:\\\/\\\/motorista.com.br\\\/noticias\\\/2025\\\/09\\\/25\\\/toyota-interrompe-fabricacao-no-brasil-apos-incendio-em-sp\\\/\"},\"author\":{\"name\":\"Equipe Reda\u00e7\u00e3o\",\"@id\":\"https:\\\/\\\/motorista.com.br\\\/noticias\\\/#\\\/schema\\\/person\\\/dc93afc2981c0e3ce6bc3c053fd847be\"},\"headline\":\"Toyota interrompe fabrica\u00e7\u00e3o no Brasil ap\u00f3s inc\u00eandio em SP.\",\"datePublished\":\"2025-09-26T02:11:53+00:00\",\"mainEntityOfPage\":{\"@id\":\"https:\\\/\\\/motorista.com.br\\\/noticias\\\/2025\\\/09\\\/25\\\/toyota-interrompe-fabricacao-no-brasil-apos-incendio-em-sp\\\/\"},\"wordCount\":525,\"publisher\":{\"@id\":\"https:\\\/\\\/motorista.com.br\\\/noticias\\\/#organization\"},\"image\":{\"@id\":\"https:\\\/\\\/motorista.com.br\\\/noticias\\\/2025\\\/09\\\/25\\\/toyota-interrompe-fabricacao-no-brasil-apos-incendio-em-sp\\\/#primaryimage\"},\"thumbnailUrl\":\"https:\\\/\\\/motorista.com.br\\\/noticias\\\/wp-content\\\/uploads\\\/2025\\\/09\\\/toyota_destelhada.jpg\",\"articleSection\":[\"Tecnologia\"],\"inLanguage\":\"pt-BR\"},{\"@type\":\"WebPage\",\"@id\":\"https:\\\/\\\/motorista.com.br\\\/noticias\\\/2025\\\/09\\\/25\\\/toyota-interrompe-fabricacao-no-brasil-apos-incendio-em-sp\\\/\",\"url\":\"https:\\\/\\\/motorista.com.br\\\/noticias\\\/2025\\\/09\\\/25\\\/toyota-interrompe-fabricacao-no-brasil-apos-incendio-em-sp\\\/\",\"name\":\"Toyota interrompe fabrica\u00e7\u00e3o no Brasil ap\u00f3s inc\u00eandio em SP. - Motorista.com.br\",\"isPartOf\":{\"@id\":\"https:\\\/\\\/motorista.com.br\\\/noticias\\\/#website\"},\"primaryImageOfPage\":{\"@id\":\"https:\\\/\\\/motorista.com.br\\\/noticias\\\/2025\\\/09\\\/25\\\/toyota-interrompe-fabricacao-no-brasil-apos-incendio-em-sp\\\/#primaryimage\"},\"image\":{\"@id\":\"https:\\\/\\\/motorista.com.br\\\/noticias\\\/2025\\\/09\\\/25\\\/toyota-interrompe-fabricacao-no-brasil-apos-incendio-em-sp\\\/#primaryimage\"},\"thumbnailUrl\":\"https:\\\/\\\/motorista.com.br\\\/noticias\\\/wp-content\\\/uploads\\\/2025\\\/09\\\/toyota_destelhada.jpg\",\"datePublished\":\"2025-09-26T02:11:53+00:00\",\"breadcrumb\":{\"@id\":\"https:\\\/\\\/motorista.com.br\\\/noticias\\\/2025\\\/09\\\/25\\\/toyota-interrompe-fabricacao-no-brasil-apos-incendio-em-sp\\\/#breadcrumb\"},\"inLanguage\":\"pt-BR\",\"potentialAction\":[{\"@type\":\"ReadAction\",\"target\":[\"https:\\\/\\\/motorista.com.br\\\/noticias\\\/2025\\\/09\\\/25\\\/toyota-interrompe-fabricacao-no-brasil-apos-incendio-em-sp\\\/\"]}]},{\"@type\":\"ImageObject\",\"inLanguage\":\"pt-BR\",\"@id\":\"https:\\\/\\\/motorista.com.br\\\/noticias\\\/2025\\\/09\\\/25\\\/toyota-interrompe-fabricacao-no-brasil-apos-incendio-em-sp\\\/#primaryimage\",\"url\":\"https:\\\/\\\/motorista.com.br\\\/noticias\\\/wp-content\\\/uploads\\\/2025\\\/09\\\/toyota_destelhada.jpg\",\"contentUrl\":\"https:\\\/\\\/motorista.com.br\\\/noticias\\\/wp-content\\\/uploads\\\/2025\\\/09\\\/toyota_destelhada.jpg\",\"width\":2000,\"height\":1500},{\"@type\":\"BreadcrumbList\",\"@id\":\"https:\\\/\\\/motorista.com.br\\\/noticias\\\/2025\\\/09\\\/25\\\/toyota-interrompe-fabricacao-no-brasil-apos-incendio-em-sp\\\/#breadcrumb\",\"itemListElement\":[{\"@type\":\"ListItem\",\"position\":1,\"name\":\"In\u00edcio\",\"item\":\"https:\\\/\\\/motorista.com.br\\\/noticias\\\/\"},{\"@type\":\"ListItem\",\"position\":2,\"name\":\"Toyota interrompe fabrica\u00e7\u00e3o no Brasil ap\u00f3s inc\u00eandio em SP.\"}]},{\"@type\":\"WebSite\",\"@id\":\"https:\\\/\\\/motorista.com.br\\\/noticias\\\/#website\",\"url\":\"https:\\\/\\\/motorista.com.br\\\/noticias\\\/\",\"name\":\"Motorista.com.br\",\"description\":\"Not\u00edcia do Motorista\",\"publisher\":{\"@id\":\"https:\\\/\\\/motorista.com.br\\\/noticias\\\/#organization\"},\"potentialAction\":[{\"@type\":\"SearchAction\",\"target\":{\"@type\":\"EntryPoint\",\"urlTemplate\":\"https:\\\/\\\/motorista.com.br\\\/noticias\\\/?s={search_term_string}\"},\"query-input\":{\"@type\":\"PropertyValueSpecification\",\"valueRequired\":true,\"valueName\":\"search_term_string\"}}],\"inLanguage\":\"pt-BR\"},{\"@type\":\"Organization\",\"@id\":\"https:\\\/\\\/motorista.com.br\\\/noticias\\\/#organization\",\"name\":\"Motorista.com.br\",\"url\":\"https:\\\/\\\/motorista.com.br\\\/noticias\\\/\",\"logo\":{\"@type\":\"ImageObject\",\"inLanguage\":\"pt-BR\",\"@id\":\"https:\\\/\\\/motorista.com.br\\\/noticias\\\/#\\\/schema\\\/logo\\\/image\\\/\",\"url\":\"https:\\\/\\\/motorista.com.br\\\/noticias\\\/wp-content\\\/uploads\\\/2025\\\/06\\\/Design-sem-nome-9.png\",\"contentUrl\":\"https:\\\/\\\/motorista.com.br\\\/noticias\\\/wp-content\\\/uploads\\\/2025\\\/06\\\/Design-sem-nome-9.png\",\"width\":150,\"height\":85,\"caption\":\"Motorista.com.br\"},\"image\":{\"@id\":\"https:\\\/\\\/motorista.com.br\\\/noticias\\\/#\\\/schema\\\/logo\\\/image\\\/\"}},{\"@type\":\"Person\",\"@id\":\"https:\\\/\\\/motorista.com.br\\\/noticias\\\/#\\\/schema\\\/person\\\/dc93afc2981c0e3ce6bc3c053fd847be\",\"name\":\"Equipe Reda\u00e7\u00e3o\",\"image\":{\"@type\":\"ImageObject\",\"inLanguage\":\"pt-BR\",\"@id\":\"https:\\\/\\\/secure.gravatar.com\\\/avatar\\\/4f525efbf18dd2bb300ccad28bfb99d95a9465a5ba268407c8c37b37e1f28d2d?s=96&d=mm&r=g9e099043a0c61e9ae27e293b9fa75ffc\",\"url\":\"https:\\\/\\\/secure.gravatar.com\\\/avatar\\\/4f525efbf18dd2bb300ccad28bfb99d95a9465a5ba268407c8c37b37e1f28d2d?s=96&d=mm&r=g\",\"contentUrl\":\"https:\\\/\\\/secure.gravatar.com\\\/avatar\\\/4f525efbf18dd2bb300ccad28bfb99d95a9465a5ba268407c8c37b37e1f28d2d?s=96&d=mm&r=g\",\"caption\":\"Equipe Reda\u00e7\u00e3o\"},\"description\":\"Equipe de reda\u00e7\u00e3o \u00e9 um grupo de profissionais que trabalham juntos para criar conte\u00fado escrito para Motorista.com.br\",\"url\":\"https:\\\/\\\/motorista.com.br\\\/noticias\\\/author\\\/equiperedacao\\\/\"}]}<\/script>\n<!-- \/ Yoast SEO Premium plugin. -->","yoast_head_json":{"title":"Toyota interrompe fabrica\u00e7\u00e3o no Brasil ap\u00f3s inc\u00eandio em SP. - Motorista.com.br","robots":{"index":"index","follow":"follow","max-snippet":"max-snippet:-1","max-image-preview":"max-image-preview:large","max-video-preview":"max-video-preview:-1"},"canonical":"https:\/\/motorista.com.br\/noticias\/2025\/09\/25\/toyota-interrompe-fabricacao-no-brasil-apos-incendio-em-sp\/","og_locale":"pt_BR","og_type":"article","og_title":"Toyota interrompe fabrica\u00e7\u00e3o no Brasil ap\u00f3s inc\u00eandio em SP.","og_description":"Toyota paralisa produ\u00e7\u00e3o no Brasil ap\u00f3s destrui\u00e7\u00e3o de f\u00e1brica em SP A Toyota anunciou, nesta semana, a suspens\u00e3o total de sua produ\u00e7\u00e3o no Brasil ap\u00f3s os danos severos provocados pelo temporal que atingiu Porto Feliz (SP). A f\u00e1brica de motores da montadora japonesa, inaugurada em 2016 e considerada a principal da Am\u00e9rica Latina, foi gravemente &hellip;","og_url":"https:\/\/motorista.com.br\/noticias\/2025\/09\/25\/toyota-interrompe-fabricacao-no-brasil-apos-incendio-em-sp\/","og_site_name":"Motorista.com.br","article_published_time":"2025-09-26T02:11:53+00:00","author":"Equipe Reda\u00e7\u00e3o","twitter_card":"summary_large_image","twitter_misc":{"Escrito por":"Equipe Reda\u00e7\u00e3o","Est. tempo de leitura":"3 minutos","Written by":"Equipe Reda\u00e7\u00e3o"},"schema":{"@context":"https:\/\/schema.org","@graph":[{"@type":"Article","@id":"https:\/\/motorista.com.br\/noticias\/2025\/09\/25\/toyota-interrompe-fabricacao-no-brasil-apos-incendio-em-sp\/#article","isPartOf":{"@id":"https:\/\/motorista.com.br\/noticias\/2025\/09\/25\/toyota-interrompe-fabricacao-no-brasil-apos-incendio-em-sp\/"},"author":{"name":"Equipe Reda\u00e7\u00e3o","@id":"https:\/\/motorista.com.br\/noticias\/#\/schema\/person\/dc93afc2981c0e3ce6bc3c053fd847be"},"headline":"Toyota interrompe fabrica\u00e7\u00e3o no Brasil ap\u00f3s inc\u00eandio em SP.","datePublished":"2025-09-26T02:11:53+00:00","mainEntityOfPage":{"@id":"https:\/\/motorista.com.br\/noticias\/2025\/09\/25\/toyota-interrompe-fabricacao-no-brasil-apos-incendio-em-sp\/"},"wordCount":525,"publisher":{"@id":"https:\/\/motorista.com.br\/noticias\/#organization"},"image":{"@id":"https:\/\/motorista.com.br\/noticias\/2025\/09\/25\/toyota-interrompe-fabricacao-no-brasil-apos-incendio-em-sp\/#primaryimage"},"thumbnailUrl":"https:\/\/motorista.com.br\/noticias\/wp-content\/uploads\/2025\/09\/toyota_destelhada.jpg","articleSection":["Tecnologia"],"inLanguage":"pt-BR"},{"@type":"WebPage","@id":"https:\/\/motorista.com.br\/noticias\/2025\/09\/25\/toyota-interrompe-fabricacao-no-brasil-apos-incendio-em-sp\/","url":"https:\/\/motorista.com.br\/noticias\/2025\/09\/25\/toyota-interrompe-fabricacao-no-brasil-apos-incendio-em-sp\/","name":"Toyota interrompe fabrica\u00e7\u00e3o no Brasil ap\u00f3s inc\u00eandio em SP. - Motorista.com.br","isPartOf":{"@id":"https:\/\/motorista.com.br\/noticias\/#website"},"primaryImageOfPage":{"@id":"https:\/\/motorista.com.br\/noticias\/2025\/09\/25\/toyota-interrompe-fabricacao-no-brasil-apos-incendio-em-sp\/#primaryimage"},"image":{"@id":"https:\/\/motorista.com.br\/noticias\/2025\/09\/25\/toyota-interrompe-fabricacao-no-brasil-apos-incendio-em-sp\/#primaryimage"},"thumbnailUrl":"https:\/\/motorista.com.br\/noticias\/wp-content\/uploads\/2025\/09\/toyota_destelhada.jpg","datePublished":"2025-09-26T02:11:53+00:00","breadcrumb":{"@id":"https:\/\/motorista.com.br\/noticias\/2025\/09\/25\/toyota-interrompe-fabricacao-no-brasil-apos-incendio-em-sp\/#breadcrumb"},"inLanguage":"pt-BR","potentialAction":[{"@type":"ReadAction","target":["https:\/\/motorista.com.br\/noticias\/2025\/09\/25\/toyota-interrompe-fabricacao-no-brasil-apos-incendio-em-sp\/"]}]},{"@type":"ImageObject","inLanguage":"pt-BR","@id":"https:\/\/motorista.com.br\/noticias\/2025\/09\/25\/toyota-interrompe-fabricacao-no-brasil-apos-incendio-em-sp\/#primaryimage","url":"https:\/\/motorista.com.br\/noticias\/wp-content\/uploads\/2025\/09\/toyota_destelhada.jpg","contentUrl":"https:\/\/motorista.com.br\/noticias\/wp-content\/uploads\/2025\/09\/toyota_destelhada.jpg","width":2000,"height":1500},{"@type":"BreadcrumbList","@id":"https:\/\/motorista.com.br\/noticias\/2025\/09\/25\/toyota-interrompe-fabricacao-no-brasil-apos-incendio-em-sp\/#breadcrumb","itemListElement":[{"@type":"ListItem","position":1,"name":"In\u00edcio","item":"https:\/\/motorista.com.br\/noticias\/"},{"@type":"ListItem","position":2,"name":"Toyota interrompe fabrica\u00e7\u00e3o no Brasil ap\u00f3s inc\u00eandio em SP."}]},{"@type":"WebSite","@id":"https:\/\/motorista.com.br\/noticias\/#website","url":"https:\/\/motorista.com.br\/noticias\/","name":"Motorista.com.br","description":"Not\u00edcia do Motorista","publisher":{"@id":"https:\/\/motorista.com.br\/noticias\/#organization"},"potentialAction":[{"@type":"SearchAction","target":{"@type":"EntryPoint","urlTemplate":"https:\/\/motorista.com.br\/noticias\/?s={search_term_string}"},"query-input":{"@type":"PropertyValueSpecification","valueRequired":true,"valueName":"search_term_string"}}],"inLanguage":"pt-BR"},{"@type":"Organization","@id":"https:\/\/motorista.com.br\/noticias\/#organization","name":"Motorista.com.br","url":"https:\/\/motorista.com.br\/noticias\/","logo":{"@type":"ImageObject","inLanguage":"pt-BR","@id":"https:\/\/motorista.com.br\/noticias\/#\/schema\/logo\/image\/","url":"https:\/\/motorista.com.br\/noticias\/wp-content\/uploads\/2025\/06\/Design-sem-nome-9.png","contentUrl":"https:\/\/motorista.com.br\/noticias\/wp-content\/uploads\/2025\/06\/Design-sem-nome-9.png","width":150,"height":85,"caption":"Motorista.com.br"},"image":{"@id":"https:\/\/motorista.com.br\/noticias\/#\/schema\/logo\/image\/"}},{"@type":"Person","@id":"https:\/\/motorista.com.br\/noticias\/#\/schema\/person\/dc93afc2981c0e3ce6bc3c053fd847be","name":"Equipe Reda\u00e7\u00e3o","image":{"@type":"ImageObject","inLanguage":"pt-BR","@id":"https:\/\/secure.gravatar.com\/avatar\/4f525efbf18dd2bb300ccad28bfb99d95a9465a5ba268407c8c37b37e1f28d2d?s=96&d=mm&r=g9e099043a0c61e9ae27e293b9fa75ffc","url":"https:\/\/secure.gravatar.com\/avatar\/4f525efbf18dd2bb300ccad28bfb99d95a9465a5ba268407c8c37b37e1f28d2d?s=96&d=mm&r=g","contentUrl":"https:\/\/secure.gravatar.com\/avatar\/4f525efbf18dd2bb300ccad28bfb99d95a9465a5ba268407c8c37b37e1f28d2d?s=96&d=mm&r=g","caption":"Equipe Reda\u00e7\u00e3o"},"description":"Equipe de reda\u00e7\u00e3o \u00e9 um grupo de profissionais que trabalham juntos para criar conte\u00fado escrito para Motorista.com.br","url":"https:\/\/motorista.com.br\/noticias\/author\/equiperedacao\/"}]}},"_links":{"self":[{"href":"https:\/\/motorista.com.br\/noticias\/wp-json\/wp\/v2\/posts\/4811","targetHints":{"allow":["GET"]}}],"collection":[{"href":"https:\/\/motorista.com.br\/noticias\/wp-json\/wp\/v2\/posts"}],"about":[{"href":"https:\/\/motorista.com.br\/noticias\/wp-json\/wp\/v2\/types\/post"}],"author":[{"embeddable":true,"href":"https:\/\/motorista.com.br\/noticias\/wp-json\/wp\/v2\/users\/4"}],"replies":[{"embeddable":true,"href":"https:\/\/motorista.com.br\/noticias\/wp-json\/wp\/v2\/comments?post=4811"}],"version-history":[{"count":0,"href":"https:\/\/motorista.com.br\/noticias\/wp-json\/wp\/v2\/posts\/4811\/revisions"}],"wp:featuredmedia":[{"embeddable":true,"href":"https:\/\/motorista.com.br\/noticias\/wp-json\/wp\/v2\/media\/4812"}],"wp:attachment":[{"href":"https:\/\/motorista.com.br\/noticias\/wp-json\/wp\/v2\/media?parent=4811"}],"wp:term":[{"taxonomy":"category","embeddable":true,"href":"https:\/\/motorista.com.br\/noticias\/wp-json\/wp\/v2\/categories?post=4811"},{"taxonomy":"post_tag","embeddable":true,"href":"https:\/\/motorista.com.br\/noticias\/wp-json\/wp\/v2\/tags?post=4811"},{"taxonomy":"author","embeddable":true,"href":"https:\/\/motorista.com.br\/noticias\/wp-json\/wp\/v2\/coauthors?post=4811"}],"curies":[{"name":"wp","href":"https:\/\/api.w.org\/{rel}","templated":true}]}}