{"id":4809,"date":"2025-09-25T21:45:04","date_gmt":"2025-09-26T00:45:04","guid":{"rendered":"https:\/\/motorista.com.br\/noticias\/2025\/09\/25\/motorista-de-aplicativo-busca-liberdade-em-vez-de-ser-clt\/"},"modified":"2025-09-25T21:45:04","modified_gmt":"2025-09-26T00:45:04","slug":"motorista-de-aplicativo-busca-liberdade-em-vez-de-ser-clt","status":"publish","type":"post","link":"https:\/\/motorista.com.br\/noticias\/2025\/09\/25\/motorista-de-aplicativo-busca-liberdade-em-vez-de-ser-clt\/","title":{"rendered":"Motorista de aplicativo busca liberdade em vez de ser CLT?"},"content":{"rendered":"<p><\/p>\n<div>\n<p>\u201cMotorista de aplicativo n\u00e3o quer ser CLT, motorista de aplicativo quer ter liberdade.\u201d Essa afirma\u00e7\u00e3o do jurista Rodrigo Saraiva, do Instituto Livre Mercado, ressoa profundamente entre muitos profissionais dessa \u00e1rea, e \u00e9 um ponto de vista que merece reflex\u00e3o.<\/p>\n<h2 class=\"wp-block-heading\" id=\"h-o-que-eu-acho\">O que eu acho?<\/h2>\n<p>Os motoristas de aplicativo desejam autonomia em suas rotinas, longe de imposi\u00e7\u00f5es sobre hor\u00e1rios e modos de trabalho. Com uma trajet\u00f3ria de 10 anos nesse universo, posso afirmar que valorizo minha liberdade. Gosto de sair \u00e0s 4h da manh\u00e3, rodar at\u00e9 umas 9h, voltar para um caf\u00e9 com minha esposa e ent\u00e3o decidir a minha pr\u00f3xima jornada de acordo com a demanda. Essa flexibilidade \u00e9 vital para o meu bem-estar e produtividade.<\/p>\n<h2 class=\"wp-block-heading\" id=\"h-mas-so-minha-opiniao-que-importa\">Mas s\u00f3 minha opini\u00e3o que importa?<\/h2>\n<p>\u00c9 importante lembrar que n\u00e3o existe uma \u00fanica forma de trabalhar que funcione para todos. Meu colega Jo\u00e3ozinho, por exemplo, prefere sair \u00e0s 9h e trabalhar at\u00e9 o almo\u00e7o. Essa diversidade reflete a realidade de motoristas em todo o Brasil, de diferentes estilos de vida e necessidades. Portanto, tentar criar uma regulamenta\u00e7\u00e3o que iguale todos \u00e9 problem\u00e1tico e ignora as nuances de cada contexto. Os desafios enfrentados em Porto Alegre, S\u00e3o Paulo e cidades menores s\u00e3o distintos, e as solu\u00e7\u00f5es devem ser adapt\u00e1veis a essas diferen\u00e7as.<\/p>\n<p>O verdadeiro risco de regulamenta\u00e7\u00f5es r\u00edgidas \u00e9 que elas podem prejudicar motoristas que operam em cidades menores, aqueles que optam por rodar menos horas ou que buscam uma renda extra. Lembrando que, antes da chegada dos aplicativos, o transporte era dominado por um sistema monopolista de t\u00e1xis, que restringia o acesso da popula\u00e7\u00e3o. A democratiza\u00e7\u00e3o promovida pelos aplicativos trouxe mais op\u00e7\u00f5es e liberdade, desafiando esse panorama antigo.<\/p>\n<h2 class=\"wp-block-heading\" id=\"h-o-que-voce-motorista-pode-fazer\">O que voc\u00ea, motorista, pode fazer?<\/h2>\n<p>Portanto, motoristas, \u00e9 crucial permanecerem informados e ativos. Cada nova regulamenta\u00e7\u00e3o deve ser analisada criticamente: \u201cIsso vai me beneficiar ou me prejudicar?\u201d. Se n\u00e3o tomarmos uma posi\u00e7\u00e3o, nossas vozes podem ser ignoradas.<\/p>\n<p>A percep\u00e7\u00e3o dos pol\u00edticos a respeito de nossa situa\u00e7\u00e3o pode ser influenciada pelas nossas a\u00e7\u00f5es. Coment\u00e1rios, reclama\u00e7\u00f5es e engajamento nas redes sociais t\u00eam um peso significativo. Quando mostramos que estamos unidos e conscientes, eles pensam duas vezes antes de tomar decis\u00f5es que nos afetem negativamente. \u00c9 nossa responsabilidade agir.<\/p>\n<p>Ent\u00e3o, nos diga: voc\u00ea prefere ser CLT ou valoriza sua liberdade como motorista de aplicativo?<\/p>\n<p>Estamos juntos nessa jornada. Grande abra\u00e7o!<\/p>\n<\/div><source>motorista.com.br<\/source><\/p>\n","protected":false},"excerpt":{"rendered":"<p>\u201cMotorista de aplicativo n\u00e3o quer ser CLT, motorista de aplicativo quer ter liberdade.\u201d Essa afirma\u00e7\u00e3o do jurista Rodrigo Saraiva, do Instituto Livre Mercado, ressoa profundamente entre muitos profissionais dessa \u00e1rea, e \u00e9 um ponto de vista que merece reflex\u00e3o. O que eu acho? Os motoristas de aplicativo desejam autonomia em suas rotinas, longe de imposi\u00e7\u00f5es &hellip;<\/p>\n","protected":false},"author":4,"featured_media":4810,"comment_status":"","ping_status":"open","sticky":false,"template":"","format":"standard","meta":{"footnotes":""},"categories":[49,77],"tags":[],"coauthors":[42],"class_list":["post-4809","post","type-post","status-publish","format-standard","has-post-thumbnail","hentry","category-aplicativos","category-motorista"],"yoast_head":"<!-- This site is optimized with the Yoast SEO Premium plugin v25.5 (Yoast SEO v27.4) - https:\/\/yoast.com\/product\/yoast-seo-premium-wordpress\/ -->\n<title>Motorista de aplicativo busca liberdade em vez de ser CLT? - Motorista.com.br<\/title>\n<meta name=\"robots\" content=\"index, follow, max-snippet:-1, max-image-preview:large, max-video-preview:-1\" \/>\n<link rel=\"canonical\" href=\"https:\/\/motorista.com.br\/noticias\/2025\/09\/25\/motorista-de-aplicativo-busca-liberdade-em-vez-de-ser-clt\/\" \/>\n<meta property=\"og:locale\" content=\"pt_BR\" \/>\n<meta property=\"og:type\" content=\"article\" \/>\n<meta property=\"og:title\" content=\"Motorista de aplicativo busca liberdade em vez de ser CLT?\" \/>\n<meta property=\"og:description\" content=\"\u201cMotorista de aplicativo n\u00e3o quer ser CLT, motorista de aplicativo quer ter liberdade.\u201d Essa afirma\u00e7\u00e3o do jurista Rodrigo Saraiva, do Instituto Livre Mercado, ressoa profundamente entre muitos profissionais dessa \u00e1rea, e \u00e9 um ponto de vista que merece reflex\u00e3o. O que eu acho? Os motoristas de aplicativo desejam autonomia em suas rotinas, longe de imposi\u00e7\u00f5es &hellip;\" \/>\n<meta property=\"og:url\" content=\"https:\/\/motorista.com.br\/noticias\/2025\/09\/25\/motorista-de-aplicativo-busca-liberdade-em-vez-de-ser-clt\/\" \/>\n<meta property=\"og:site_name\" content=\"Motorista.com.br\" \/>\n<meta property=\"article:published_time\" content=\"2025-09-26T00:45:04+00:00\" \/>\n<meta name=\"author\" content=\"Equipe Reda\u00e7\u00e3o\" \/>\n<meta name=\"twitter:card\" content=\"summary_large_image\" \/>\n<meta name=\"twitter:label1\" content=\"Escrito por\" \/>\n\t<meta name=\"twitter:data1\" content=\"Equipe Reda\u00e7\u00e3o\" \/>\n\t<meta name=\"twitter:label2\" content=\"Est. tempo de leitura\" \/>\n\t<meta name=\"twitter:data2\" content=\"2 minutos\" \/>\n\t<meta name=\"twitter:label3\" content=\"Written by\" \/>\n\t<meta name=\"twitter:data3\" content=\"Equipe Reda\u00e7\u00e3o\" \/>\n<script type=\"application\/ld+json\" class=\"yoast-schema-graph\">{\"@context\":\"https:\\\/\\\/schema.org\",\"@graph\":[{\"@type\":\"Article\",\"@id\":\"https:\\\/\\\/motorista.com.br\\\/noticias\\\/2025\\\/09\\\/25\\\/motorista-de-aplicativo-busca-liberdade-em-vez-de-ser-clt\\\/#article\",\"isPartOf\":{\"@id\":\"https:\\\/\\\/motorista.com.br\\\/noticias\\\/2025\\\/09\\\/25\\\/motorista-de-aplicativo-busca-liberdade-em-vez-de-ser-clt\\\/\"},\"author\":{\"name\":\"Equipe Reda\u00e7\u00e3o\",\"@id\":\"https:\\\/\\\/motorista.com.br\\\/noticias\\\/#\\\/schema\\\/person\\\/dc93afc2981c0e3ce6bc3c053fd847be\"},\"headline\":\"Motorista de aplicativo busca liberdade em vez de ser CLT?\",\"datePublished\":\"2025-09-26T00:45:04+00:00\",\"mainEntityOfPage\":{\"@id\":\"https:\\\/\\\/motorista.com.br\\\/noticias\\\/2025\\\/09\\\/25\\\/motorista-de-aplicativo-busca-liberdade-em-vez-de-ser-clt\\\/\"},\"wordCount\":425,\"publisher\":{\"@id\":\"https:\\\/\\\/motorista.com.br\\\/noticias\\\/#organization\"},\"image\":{\"@id\":\"https:\\\/\\\/motorista.com.br\\\/noticias\\\/2025\\\/09\\\/25\\\/motorista-de-aplicativo-busca-liberdade-em-vez-de-ser-clt\\\/#primaryimage\"},\"thumbnailUrl\":\"https:\\\/\\\/motorista.com.br\\\/noticias\\\/wp-content\\\/uploads\\\/2025\\\/09\\\/Marcelo-Ribeiro-para-o-55content-e1758818504787.jpeg\",\"articleSection\":[\"Aplicativos\",\"Motorista\"],\"inLanguage\":\"pt-BR\"},{\"@type\":\"WebPage\",\"@id\":\"https:\\\/\\\/motorista.com.br\\\/noticias\\\/2025\\\/09\\\/25\\\/motorista-de-aplicativo-busca-liberdade-em-vez-de-ser-clt\\\/\",\"url\":\"https:\\\/\\\/motorista.com.br\\\/noticias\\\/2025\\\/09\\\/25\\\/motorista-de-aplicativo-busca-liberdade-em-vez-de-ser-clt\\\/\",\"name\":\"Motorista de aplicativo busca liberdade em vez de ser CLT? - Motorista.com.br\",\"isPartOf\":{\"@id\":\"https:\\\/\\\/motorista.com.br\\\/noticias\\\/#website\"},\"primaryImageOfPage\":{\"@id\":\"https:\\\/\\\/motorista.com.br\\\/noticias\\\/2025\\\/09\\\/25\\\/motorista-de-aplicativo-busca-liberdade-em-vez-de-ser-clt\\\/#primaryimage\"},\"image\":{\"@id\":\"https:\\\/\\\/motorista.com.br\\\/noticias\\\/2025\\\/09\\\/25\\\/motorista-de-aplicativo-busca-liberdade-em-vez-de-ser-clt\\\/#primaryimage\"},\"thumbnailUrl\":\"https:\\\/\\\/motorista.com.br\\\/noticias\\\/wp-content\\\/uploads\\\/2025\\\/09\\\/Marcelo-Ribeiro-para-o-55content-e1758818504787.jpeg\",\"datePublished\":\"2025-09-26T00:45:04+00:00\",\"breadcrumb\":{\"@id\":\"https:\\\/\\\/motorista.com.br\\\/noticias\\\/2025\\\/09\\\/25\\\/motorista-de-aplicativo-busca-liberdade-em-vez-de-ser-clt\\\/#breadcrumb\"},\"inLanguage\":\"pt-BR\",\"potentialAction\":[{\"@type\":\"ReadAction\",\"target\":[\"https:\\\/\\\/motorista.com.br\\\/noticias\\\/2025\\\/09\\\/25\\\/motorista-de-aplicativo-busca-liberdade-em-vez-de-ser-clt\\\/\"]}]},{\"@type\":\"ImageObject\",\"inLanguage\":\"pt-BR\",\"@id\":\"https:\\\/\\\/motorista.com.br\\\/noticias\\\/2025\\\/09\\\/25\\\/motorista-de-aplicativo-busca-liberdade-em-vez-de-ser-clt\\\/#primaryimage\",\"url\":\"https:\\\/\\\/motorista.com.br\\\/noticias\\\/wp-content\\\/uploads\\\/2025\\\/09\\\/Marcelo-Ribeiro-para-o-55content-e1758818504787.jpeg\",\"contentUrl\":\"https:\\\/\\\/motorista.com.br\\\/noticias\\\/wp-content\\\/uploads\\\/2025\\\/09\\\/Marcelo-Ribeiro-para-o-55content-e1758818504787.jpeg\",\"width\":1200,\"height\":1106},{\"@type\":\"BreadcrumbList\",\"@id\":\"https:\\\/\\\/motorista.com.br\\\/noticias\\\/2025\\\/09\\\/25\\\/motorista-de-aplicativo-busca-liberdade-em-vez-de-ser-clt\\\/#breadcrumb\",\"itemListElement\":[{\"@type\":\"ListItem\",\"position\":1,\"name\":\"In\u00edcio\",\"item\":\"https:\\\/\\\/motorista.com.br\\\/noticias\\\/\"},{\"@type\":\"ListItem\",\"position\":2,\"name\":\"Motorista de aplicativo busca liberdade em vez de ser CLT?\"}]},{\"@type\":\"WebSite\",\"@id\":\"https:\\\/\\\/motorista.com.br\\\/noticias\\\/#website\",\"url\":\"https:\\\/\\\/motorista.com.br\\\/noticias\\\/\",\"name\":\"Motorista.com.br\",\"description\":\"Not\u00edcia do Motorista\",\"publisher\":{\"@id\":\"https:\\\/\\\/motorista.com.br\\\/noticias\\\/#organization\"},\"potentialAction\":[{\"@type\":\"SearchAction\",\"target\":{\"@type\":\"EntryPoint\",\"urlTemplate\":\"https:\\\/\\\/motorista.com.br\\\/noticias\\\/?s={search_term_string}\"},\"query-input\":{\"@type\":\"PropertyValueSpecification\",\"valueRequired\":true,\"valueName\":\"search_term_string\"}}],\"inLanguage\":\"pt-BR\"},{\"@type\":\"Organization\",\"@id\":\"https:\\\/\\\/motorista.com.br\\\/noticias\\\/#organization\",\"name\":\"Motorista.com.br\",\"url\":\"https:\\\/\\\/motorista.com.br\\\/noticias\\\/\",\"logo\":{\"@type\":\"ImageObject\",\"inLanguage\":\"pt-BR\",\"@id\":\"https:\\\/\\\/motorista.com.br\\\/noticias\\\/#\\\/schema\\\/logo\\\/image\\\/\",\"url\":\"https:\\\/\\\/motorista.com.br\\\/noticias\\\/wp-content\\\/uploads\\\/2025\\\/06\\\/Design-sem-nome-9.png\",\"contentUrl\":\"https:\\\/\\\/motorista.com.br\\\/noticias\\\/wp-content\\\/uploads\\\/2025\\\/06\\\/Design-sem-nome-9.png\",\"width\":150,\"height\":85,\"caption\":\"Motorista.com.br\"},\"image\":{\"@id\":\"https:\\\/\\\/motorista.com.br\\\/noticias\\\/#\\\/schema\\\/logo\\\/image\\\/\"}},{\"@type\":\"Person\",\"@id\":\"https:\\\/\\\/motorista.com.br\\\/noticias\\\/#\\\/schema\\\/person\\\/dc93afc2981c0e3ce6bc3c053fd847be\",\"name\":\"Equipe Reda\u00e7\u00e3o\",\"image\":{\"@type\":\"ImageObject\",\"inLanguage\":\"pt-BR\",\"@id\":\"https:\\\/\\\/secure.gravatar.com\\\/avatar\\\/4f525efbf18dd2bb300ccad28bfb99d95a9465a5ba268407c8c37b37e1f28d2d?s=96&d=mm&r=g9e099043a0c61e9ae27e293b9fa75ffc\",\"url\":\"https:\\\/\\\/secure.gravatar.com\\\/avatar\\\/4f525efbf18dd2bb300ccad28bfb99d95a9465a5ba268407c8c37b37e1f28d2d?s=96&d=mm&r=g\",\"contentUrl\":\"https:\\\/\\\/secure.gravatar.com\\\/avatar\\\/4f525efbf18dd2bb300ccad28bfb99d95a9465a5ba268407c8c37b37e1f28d2d?s=96&d=mm&r=g\",\"caption\":\"Equipe Reda\u00e7\u00e3o\"},\"description\":\"Equipe de reda\u00e7\u00e3o \u00e9 um grupo de profissionais que trabalham juntos para criar conte\u00fado escrito para Motorista.com.br\",\"url\":\"https:\\\/\\\/motorista.com.br\\\/noticias\\\/author\\\/equiperedacao\\\/\"}]}<\/script>\n<!-- \/ Yoast SEO Premium plugin. -->","yoast_head_json":{"title":"Motorista de aplicativo busca liberdade em vez de ser CLT? - Motorista.com.br","robots":{"index":"index","follow":"follow","max-snippet":"max-snippet:-1","max-image-preview":"max-image-preview:large","max-video-preview":"max-video-preview:-1"},"canonical":"https:\/\/motorista.com.br\/noticias\/2025\/09\/25\/motorista-de-aplicativo-busca-liberdade-em-vez-de-ser-clt\/","og_locale":"pt_BR","og_type":"article","og_title":"Motorista de aplicativo busca liberdade em vez de ser CLT?","og_description":"\u201cMotorista de aplicativo n\u00e3o quer ser CLT, motorista de aplicativo quer ter liberdade.\u201d Essa afirma\u00e7\u00e3o do jurista Rodrigo Saraiva, do Instituto Livre Mercado, ressoa profundamente entre muitos profissionais dessa \u00e1rea, e \u00e9 um ponto de vista que merece reflex\u00e3o. O que eu acho? Os motoristas de aplicativo desejam autonomia em suas rotinas, longe de imposi\u00e7\u00f5es &hellip;","og_url":"https:\/\/motorista.com.br\/noticias\/2025\/09\/25\/motorista-de-aplicativo-busca-liberdade-em-vez-de-ser-clt\/","og_site_name":"Motorista.com.br","article_published_time":"2025-09-26T00:45:04+00:00","author":"Equipe Reda\u00e7\u00e3o","twitter_card":"summary_large_image","twitter_misc":{"Escrito por":"Equipe Reda\u00e7\u00e3o","Est. tempo de leitura":"2 minutos","Written by":"Equipe Reda\u00e7\u00e3o"},"schema":{"@context":"https:\/\/schema.org","@graph":[{"@type":"Article","@id":"https:\/\/motorista.com.br\/noticias\/2025\/09\/25\/motorista-de-aplicativo-busca-liberdade-em-vez-de-ser-clt\/#article","isPartOf":{"@id":"https:\/\/motorista.com.br\/noticias\/2025\/09\/25\/motorista-de-aplicativo-busca-liberdade-em-vez-de-ser-clt\/"},"author":{"name":"Equipe Reda\u00e7\u00e3o","@id":"https:\/\/motorista.com.br\/noticias\/#\/schema\/person\/dc93afc2981c0e3ce6bc3c053fd847be"},"headline":"Motorista de aplicativo busca liberdade em vez de ser CLT?","datePublished":"2025-09-26T00:45:04+00:00","mainEntityOfPage":{"@id":"https:\/\/motorista.com.br\/noticias\/2025\/09\/25\/motorista-de-aplicativo-busca-liberdade-em-vez-de-ser-clt\/"},"wordCount":425,"publisher":{"@id":"https:\/\/motorista.com.br\/noticias\/#organization"},"image":{"@id":"https:\/\/motorista.com.br\/noticias\/2025\/09\/25\/motorista-de-aplicativo-busca-liberdade-em-vez-de-ser-clt\/#primaryimage"},"thumbnailUrl":"https:\/\/motorista.com.br\/noticias\/wp-content\/uploads\/2025\/09\/Marcelo-Ribeiro-para-o-55content-e1758818504787.jpeg","articleSection":["Aplicativos","Motorista"],"inLanguage":"pt-BR"},{"@type":"WebPage","@id":"https:\/\/motorista.com.br\/noticias\/2025\/09\/25\/motorista-de-aplicativo-busca-liberdade-em-vez-de-ser-clt\/","url":"https:\/\/motorista.com.br\/noticias\/2025\/09\/25\/motorista-de-aplicativo-busca-liberdade-em-vez-de-ser-clt\/","name":"Motorista de aplicativo busca liberdade em vez de ser CLT? - Motorista.com.br","isPartOf":{"@id":"https:\/\/motorista.com.br\/noticias\/#website"},"primaryImageOfPage":{"@id":"https:\/\/motorista.com.br\/noticias\/2025\/09\/25\/motorista-de-aplicativo-busca-liberdade-em-vez-de-ser-clt\/#primaryimage"},"image":{"@id":"https:\/\/motorista.com.br\/noticias\/2025\/09\/25\/motorista-de-aplicativo-busca-liberdade-em-vez-de-ser-clt\/#primaryimage"},"thumbnailUrl":"https:\/\/motorista.com.br\/noticias\/wp-content\/uploads\/2025\/09\/Marcelo-Ribeiro-para-o-55content-e1758818504787.jpeg","datePublished":"2025-09-26T00:45:04+00:00","breadcrumb":{"@id":"https:\/\/motorista.com.br\/noticias\/2025\/09\/25\/motorista-de-aplicativo-busca-liberdade-em-vez-de-ser-clt\/#breadcrumb"},"inLanguage":"pt-BR","potentialAction":[{"@type":"ReadAction","target":["https:\/\/motorista.com.br\/noticias\/2025\/09\/25\/motorista-de-aplicativo-busca-liberdade-em-vez-de-ser-clt\/"]}]},{"@type":"ImageObject","inLanguage":"pt-BR","@id":"https:\/\/motorista.com.br\/noticias\/2025\/09\/25\/motorista-de-aplicativo-busca-liberdade-em-vez-de-ser-clt\/#primaryimage","url":"https:\/\/motorista.com.br\/noticias\/wp-content\/uploads\/2025\/09\/Marcelo-Ribeiro-para-o-55content-e1758818504787.jpeg","contentUrl":"https:\/\/motorista.com.br\/noticias\/wp-content\/uploads\/2025\/09\/Marcelo-Ribeiro-para-o-55content-e1758818504787.jpeg","width":1200,"height":1106},{"@type":"BreadcrumbList","@id":"https:\/\/motorista.com.br\/noticias\/2025\/09\/25\/motorista-de-aplicativo-busca-liberdade-em-vez-de-ser-clt\/#breadcrumb","itemListElement":[{"@type":"ListItem","position":1,"name":"In\u00edcio","item":"https:\/\/motorista.com.br\/noticias\/"},{"@type":"ListItem","position":2,"name":"Motorista de aplicativo busca liberdade em vez de ser CLT?"}]},{"@type":"WebSite","@id":"https:\/\/motorista.com.br\/noticias\/#website","url":"https:\/\/motorista.com.br\/noticias\/","name":"Motorista.com.br","description":"Not\u00edcia do Motorista","publisher":{"@id":"https:\/\/motorista.com.br\/noticias\/#organization"},"potentialAction":[{"@type":"SearchAction","target":{"@type":"EntryPoint","urlTemplate":"https:\/\/motorista.com.br\/noticias\/?s={search_term_string}"},"query-input":{"@type":"PropertyValueSpecification","valueRequired":true,"valueName":"search_term_string"}}],"inLanguage":"pt-BR"},{"@type":"Organization","@id":"https:\/\/motorista.com.br\/noticias\/#organization","name":"Motorista.com.br","url":"https:\/\/motorista.com.br\/noticias\/","logo":{"@type":"ImageObject","inLanguage":"pt-BR","@id":"https:\/\/motorista.com.br\/noticias\/#\/schema\/logo\/image\/","url":"https:\/\/motorista.com.br\/noticias\/wp-content\/uploads\/2025\/06\/Design-sem-nome-9.png","contentUrl":"https:\/\/motorista.com.br\/noticias\/wp-content\/uploads\/2025\/06\/Design-sem-nome-9.png","width":150,"height":85,"caption":"Motorista.com.br"},"image":{"@id":"https:\/\/motorista.com.br\/noticias\/#\/schema\/logo\/image\/"}},{"@type":"Person","@id":"https:\/\/motorista.com.br\/noticias\/#\/schema\/person\/dc93afc2981c0e3ce6bc3c053fd847be","name":"Equipe Reda\u00e7\u00e3o","image":{"@type":"ImageObject","inLanguage":"pt-BR","@id":"https:\/\/secure.gravatar.com\/avatar\/4f525efbf18dd2bb300ccad28bfb99d95a9465a5ba268407c8c37b37e1f28d2d?s=96&d=mm&r=g9e099043a0c61e9ae27e293b9fa75ffc","url":"https:\/\/secure.gravatar.com\/avatar\/4f525efbf18dd2bb300ccad28bfb99d95a9465a5ba268407c8c37b37e1f28d2d?s=96&d=mm&r=g","contentUrl":"https:\/\/secure.gravatar.com\/avatar\/4f525efbf18dd2bb300ccad28bfb99d95a9465a5ba268407c8c37b37e1f28d2d?s=96&d=mm&r=g","caption":"Equipe Reda\u00e7\u00e3o"},"description":"Equipe de reda\u00e7\u00e3o \u00e9 um grupo de profissionais que trabalham juntos para criar conte\u00fado escrito para Motorista.com.br","url":"https:\/\/motorista.com.br\/noticias\/author\/equiperedacao\/"}]}},"_links":{"self":[{"href":"https:\/\/motorista.com.br\/noticias\/wp-json\/wp\/v2\/posts\/4809","targetHints":{"allow":["GET"]}}],"collection":[{"href":"https:\/\/motorista.com.br\/noticias\/wp-json\/wp\/v2\/posts"}],"about":[{"href":"https:\/\/motorista.com.br\/noticias\/wp-json\/wp\/v2\/types\/post"}],"author":[{"embeddable":true,"href":"https:\/\/motorista.com.br\/noticias\/wp-json\/wp\/v2\/users\/4"}],"replies":[{"embeddable":true,"href":"https:\/\/motorista.com.br\/noticias\/wp-json\/wp\/v2\/comments?post=4809"}],"version-history":[{"count":0,"href":"https:\/\/motorista.com.br\/noticias\/wp-json\/wp\/v2\/posts\/4809\/revisions"}],"wp:featuredmedia":[{"embeddable":true,"href":"https:\/\/motorista.com.br\/noticias\/wp-json\/wp\/v2\/media\/4810"}],"wp:attachment":[{"href":"https:\/\/motorista.com.br\/noticias\/wp-json\/wp\/v2\/media?parent=4809"}],"wp:term":[{"taxonomy":"category","embeddable":true,"href":"https:\/\/motorista.com.br\/noticias\/wp-json\/wp\/v2\/categories?post=4809"},{"taxonomy":"post_tag","embeddable":true,"href":"https:\/\/motorista.com.br\/noticias\/wp-json\/wp\/v2\/tags?post=4809"},{"taxonomy":"author","embeddable":true,"href":"https:\/\/motorista.com.br\/noticias\/wp-json\/wp\/v2\/coauthors?post=4809"}],"curies":[{"name":"wp","href":"https:\/\/api.w.org\/{rel}","templated":true}]}}