{"id":4807,"date":"2025-09-25T19:48:09","date_gmt":"2025-09-25T22:48:09","guid":{"rendered":"https:\/\/motorista.com.br\/noticias\/2025\/09\/25\/mudancas-climaticas-demandam-logistica-preditiva-adaptativa\/"},"modified":"2025-09-25T19:48:09","modified_gmt":"2025-09-25T22:48:09","slug":"mudancas-climaticas-demandam-logistica-preditiva-adaptativa","status":"publish","type":"post","link":"https:\/\/motorista.com.br\/noticias\/2025\/09\/25\/mudancas-climaticas-demandam-logistica-preditiva-adaptativa\/","title":{"rendered":"Mudan\u00e7as clim\u00e1ticas demandam log\u00edstica preditiva adaptativa."},"content":{"rendered":"<p><\/p>\n<p><strong>Volatilidade Clim\u00e1tica Exige Ado\u00e7\u00e3o de Log\u00edstica Preditiva<\/strong><\/p>\n<p>A crescente intensidade dos eventos clim\u00e1ticos extremos no Brasil transformou a volatilidade clim\u00e1tica de um risco espor\u00e1dico em uma realidade permanente. Esta mudan\u00e7a exige uma adapta\u00e7\u00e3o urgente das opera\u00e7\u00f5es log\u00edsticas, que historicamente t\u00eam sido reativas e, portanto, ineficazes diante das crises. Mario Veraldo, CEO da MTM Logix, enfatiza a transi\u00e7\u00e3o para uma gest\u00e3o preditiva da cadeia de suprimentos, apoiada por tecnologia, como essencial para manter a competitividade das empresas.<\/p>\n<p>Recentes eventos, como as enchentes no Rio Grande do Sul em 2024, danificaram mais de 8 mil quil\u00f4metros de rodovias, afetando 40% das transportadoras locais e levando preju\u00edzos superiores a R$ 1 milh\u00e3o por empresa atingida. Ao mesmo tempo, a seca na Amaz\u00f4nia reduziu em 9% a movimenta\u00e7\u00e3o de gr\u00e3os pelos rios do Arco Norte, gerando perdas bilion\u00e1rias para a ind\u00fastria agroneg\u00f3cio, mesmo em um contexto de supersafra.<\/p>\n<p>\u201cEventos clim\u00e1ticos, que eram considerados raros, tornaram-se comuns. Os l\u00edderes devem entender que a volatilidade clim\u00e1tica \u00e9 uma nova norma\u201d, alerta Veraldo. Fen\u00f4menos como furac\u00f5es intensificados rapidamente e enchentes que fragmentam as malhas rodovi\u00e1rias demonstram que a estrutura tradicional, que espera a crise se desenrolar, j\u00e1 n\u00e3o atende \u00e0s necessidades atuais.<\/p>\n<p>Al\u00e9m das perdas diretas, h\u00e1 custos ocultos substanciais. Em 2024, o Brasil gastou US$ 2,3 bilh\u00f5es em demurrage de cont\u00eaineres, a maior parte relacionada a paralisa\u00e7\u00f5es clim\u00e1ticas. Adicionalmente, espera-se um aumento de 11,5% nos pr\u00eamios de seguro de carga em 2025, e 32,3% das transportadoras afetadas pelas enchentes necessitando de cr\u00e9dito para sustentar suas opera\u00e7\u00f5es.<\/p>\n<p>\u201cO modelo reativo \u2014 esperar o porto fechar para buscar alternativas \u2014 pertence a um passado sem a volatilidade clim\u00e1tica que enfrentamos hoje. Sua maior falha \u00e9 o tempo de espera,\u201d afirma Veraldo. Neste contexto, a efici\u00eancia do transporte alternativo se deteriora rapidamente, multiplicando custos.<\/p>\n<p>A ado\u00e7\u00e3o de uma log\u00edstica preditiva permite que as empresas integrem dados meteorol\u00f3gicos, informa\u00e7\u00f5es de rastreamento de navios e alertas de portos em tempo real, possibilitando a implementa\u00e7\u00e3o de planos de conting\u00eancia antes que uma crise se consolide. Isso pode incluir o redirecionamento de cargas para outros portos, ajustes na documenta\u00e7\u00e3o e recalibra\u00e7\u00e3o autom\u00e1tica das rotas de transporte rodovi\u00e1rio.<\/p>\n<p>Veraldo conclui que a habilidade de transformar previs\u00f5es em a\u00e7\u00f5es ser\u00e1 um diferencial crucial para a resili\u00eancia das empresas nos pr\u00f3ximos anos. \u201cGerenciar o risco clim\u00e1tico n\u00e3o ser\u00e1 opcional. No futuro, as empresas avaliar\u00e3o seus parceiros n\u00e3o apenas pelo custo, mas pela \u2018resili\u00eancia ao real investido\u2019&quot;, ressalta.<\/p>\n<p>A mudan\u00e7a para uma log\u00edstica preditiva n\u00e3o s\u00f3 minimiza os impactos negativos de eventos clim\u00e1ticos, mas tamb\u00e9m fortalece a mobilidade geral, garantindo que o transporte de bens e servi\u00e7os continue fluido e eficiente, mesmo em tempos de incerteza. Isso resulta em uma rede de suprimentos mais robusta, beneficiando n\u00e3o apenas as empresas, mas toda a sociedade, ao garantir o acesso a produtos e recursos essenciais. <\/p>\n<p><strong>Fonte: logweb<\/strong><\/p>\n","protected":false},"excerpt":{"rendered":"<p>Volatilidade Clim\u00e1tica Exige Ado\u00e7\u00e3o de Log\u00edstica Preditiva A crescente intensidade dos eventos clim\u00e1ticos extremos no Brasil transformou a volatilidade clim\u00e1tica de um risco espor\u00e1dico em uma realidade permanente. Esta mudan\u00e7a exige uma adapta\u00e7\u00e3o urgente das opera\u00e7\u00f5es log\u00edsticas, que historicamente t\u00eam sido reativas e, portanto, ineficazes diante das crises. Mario Veraldo, CEO da MTM Logix, enfatiza &hellip;<\/p>\n","protected":false},"author":4,"featured_media":4808,"comment_status":"","ping_status":"open","sticky":false,"template":"","format":"standard","meta":{"footnotes":""},"categories":[62],"tags":[],"coauthors":[42],"class_list":["post-4807","post","type-post","status-publish","format-standard","has-post-thumbnail","hentry","category-logistica"],"yoast_head":"<!-- This site is optimized with the Yoast SEO Premium plugin v25.5 (Yoast SEO v27.4) - https:\/\/yoast.com\/product\/yoast-seo-premium-wordpress\/ -->\n<title>Mudan\u00e7as clim\u00e1ticas demandam log\u00edstica preditiva adaptativa. - Motorista.com.br<\/title>\n<meta name=\"robots\" content=\"index, follow, max-snippet:-1, max-image-preview:large, max-video-preview:-1\" \/>\n<link rel=\"canonical\" href=\"https:\/\/motorista.com.br\/noticias\/2025\/09\/25\/mudancas-climaticas-demandam-logistica-preditiva-adaptativa\/\" \/>\n<meta property=\"og:locale\" content=\"pt_BR\" \/>\n<meta property=\"og:type\" content=\"article\" \/>\n<meta property=\"og:title\" content=\"Mudan\u00e7as clim\u00e1ticas demandam log\u00edstica preditiva adaptativa.\" \/>\n<meta property=\"og:description\" content=\"Volatilidade Clim\u00e1tica Exige Ado\u00e7\u00e3o de Log\u00edstica Preditiva A crescente intensidade dos eventos clim\u00e1ticos extremos no Brasil transformou a volatilidade clim\u00e1tica de um risco espor\u00e1dico em uma realidade permanente. Esta mudan\u00e7a exige uma adapta\u00e7\u00e3o urgente das opera\u00e7\u00f5es log\u00edsticas, que historicamente t\u00eam sido reativas e, portanto, ineficazes diante das crises. Mario Veraldo, CEO da MTM Logix, enfatiza &hellip;\" \/>\n<meta property=\"og:url\" content=\"https:\/\/motorista.com.br\/noticias\/2025\/09\/25\/mudancas-climaticas-demandam-logistica-preditiva-adaptativa\/\" \/>\n<meta property=\"og:site_name\" content=\"Motorista.com.br\" \/>\n<meta property=\"article:published_time\" content=\"2025-09-25T22:48:09+00:00\" \/>\n<meta name=\"author\" content=\"Equipe Reda\u00e7\u00e3o\" \/>\n<meta name=\"twitter:card\" content=\"summary_large_image\" \/>\n<meta name=\"twitter:label1\" content=\"Escrito por\" \/>\n\t<meta name=\"twitter:data1\" content=\"Equipe Reda\u00e7\u00e3o\" \/>\n\t<meta name=\"twitter:label2\" content=\"Est. tempo de leitura\" \/>\n\t<meta name=\"twitter:data2\" content=\"3 minutos\" \/>\n\t<meta name=\"twitter:label3\" content=\"Written by\" \/>\n\t<meta name=\"twitter:data3\" content=\"Equipe Reda\u00e7\u00e3o\" \/>\n<script type=\"application\/ld+json\" class=\"yoast-schema-graph\">{\"@context\":\"https:\\\/\\\/schema.org\",\"@graph\":[{\"@type\":\"Article\",\"@id\":\"https:\\\/\\\/motorista.com.br\\\/noticias\\\/2025\\\/09\\\/25\\\/mudancas-climaticas-demandam-logistica-preditiva-adaptativa\\\/#article\",\"isPartOf\":{\"@id\":\"https:\\\/\\\/motorista.com.br\\\/noticias\\\/2025\\\/09\\\/25\\\/mudancas-climaticas-demandam-logistica-preditiva-adaptativa\\\/\"},\"author\":{\"name\":\"Equipe Reda\u00e7\u00e3o\",\"@id\":\"https:\\\/\\\/motorista.com.br\\\/noticias\\\/#\\\/schema\\\/person\\\/dc93afc2981c0e3ce6bc3c053fd847be\"},\"headline\":\"Mudan\u00e7as clim\u00e1ticas demandam log\u00edstica preditiva adaptativa.\",\"datePublished\":\"2025-09-25T22:48:09+00:00\",\"mainEntityOfPage\":{\"@id\":\"https:\\\/\\\/motorista.com.br\\\/noticias\\\/2025\\\/09\\\/25\\\/mudancas-climaticas-demandam-logistica-preditiva-adaptativa\\\/\"},\"wordCount\":529,\"publisher\":{\"@id\":\"https:\\\/\\\/motorista.com.br\\\/noticias\\\/#organization\"},\"image\":{\"@id\":\"https:\\\/\\\/motorista.com.br\\\/noticias\\\/2025\\\/09\\\/25\\\/mudancas-climaticas-demandam-logistica-preditiva-adaptativa\\\/#primaryimage\"},\"thumbnailUrl\":\"https:\\\/\\\/motorista.com.br\\\/noticias\\\/wp-content\\\/uploads\\\/2025\\\/09\\\/eventos-climaticos.jpg\",\"articleSection\":[\"Log\u00edstica\"],\"inLanguage\":\"pt-BR\"},{\"@type\":\"WebPage\",\"@id\":\"https:\\\/\\\/motorista.com.br\\\/noticias\\\/2025\\\/09\\\/25\\\/mudancas-climaticas-demandam-logistica-preditiva-adaptativa\\\/\",\"url\":\"https:\\\/\\\/motorista.com.br\\\/noticias\\\/2025\\\/09\\\/25\\\/mudancas-climaticas-demandam-logistica-preditiva-adaptativa\\\/\",\"name\":\"Mudan\u00e7as clim\u00e1ticas demandam log\u00edstica preditiva adaptativa. - Motorista.com.br\",\"isPartOf\":{\"@id\":\"https:\\\/\\\/motorista.com.br\\\/noticias\\\/#website\"},\"primaryImageOfPage\":{\"@id\":\"https:\\\/\\\/motorista.com.br\\\/noticias\\\/2025\\\/09\\\/25\\\/mudancas-climaticas-demandam-logistica-preditiva-adaptativa\\\/#primaryimage\"},\"image\":{\"@id\":\"https:\\\/\\\/motorista.com.br\\\/noticias\\\/2025\\\/09\\\/25\\\/mudancas-climaticas-demandam-logistica-preditiva-adaptativa\\\/#primaryimage\"},\"thumbnailUrl\":\"https:\\\/\\\/motorista.com.br\\\/noticias\\\/wp-content\\\/uploads\\\/2025\\\/09\\\/eventos-climaticos.jpg\",\"datePublished\":\"2025-09-25T22:48:09+00:00\",\"breadcrumb\":{\"@id\":\"https:\\\/\\\/motorista.com.br\\\/noticias\\\/2025\\\/09\\\/25\\\/mudancas-climaticas-demandam-logistica-preditiva-adaptativa\\\/#breadcrumb\"},\"inLanguage\":\"pt-BR\",\"potentialAction\":[{\"@type\":\"ReadAction\",\"target\":[\"https:\\\/\\\/motorista.com.br\\\/noticias\\\/2025\\\/09\\\/25\\\/mudancas-climaticas-demandam-logistica-preditiva-adaptativa\\\/\"]}]},{\"@type\":\"ImageObject\",\"inLanguage\":\"pt-BR\",\"@id\":\"https:\\\/\\\/motorista.com.br\\\/noticias\\\/2025\\\/09\\\/25\\\/mudancas-climaticas-demandam-logistica-preditiva-adaptativa\\\/#primaryimage\",\"url\":\"https:\\\/\\\/motorista.com.br\\\/noticias\\\/wp-content\\\/uploads\\\/2025\\\/09\\\/eventos-climaticos.jpg\",\"contentUrl\":\"https:\\\/\\\/motorista.com.br\\\/noticias\\\/wp-content\\\/uploads\\\/2025\\\/09\\\/eventos-climaticos.jpg\",\"width\":800,\"height\":420},{\"@type\":\"BreadcrumbList\",\"@id\":\"https:\\\/\\\/motorista.com.br\\\/noticias\\\/2025\\\/09\\\/25\\\/mudancas-climaticas-demandam-logistica-preditiva-adaptativa\\\/#breadcrumb\",\"itemListElement\":[{\"@type\":\"ListItem\",\"position\":1,\"name\":\"In\u00edcio\",\"item\":\"https:\\\/\\\/motorista.com.br\\\/noticias\\\/\"},{\"@type\":\"ListItem\",\"position\":2,\"name\":\"Mudan\u00e7as clim\u00e1ticas demandam log\u00edstica preditiva adaptativa.\"}]},{\"@type\":\"WebSite\",\"@id\":\"https:\\\/\\\/motorista.com.br\\\/noticias\\\/#website\",\"url\":\"https:\\\/\\\/motorista.com.br\\\/noticias\\\/\",\"name\":\"Motorista.com.br\",\"description\":\"Not\u00edcia do Motorista\",\"publisher\":{\"@id\":\"https:\\\/\\\/motorista.com.br\\\/noticias\\\/#organization\"},\"potentialAction\":[{\"@type\":\"SearchAction\",\"target\":{\"@type\":\"EntryPoint\",\"urlTemplate\":\"https:\\\/\\\/motorista.com.br\\\/noticias\\\/?s={search_term_string}\"},\"query-input\":{\"@type\":\"PropertyValueSpecification\",\"valueRequired\":true,\"valueName\":\"search_term_string\"}}],\"inLanguage\":\"pt-BR\"},{\"@type\":\"Organization\",\"@id\":\"https:\\\/\\\/motorista.com.br\\\/noticias\\\/#organization\",\"name\":\"Motorista.com.br\",\"url\":\"https:\\\/\\\/motorista.com.br\\\/noticias\\\/\",\"logo\":{\"@type\":\"ImageObject\",\"inLanguage\":\"pt-BR\",\"@id\":\"https:\\\/\\\/motorista.com.br\\\/noticias\\\/#\\\/schema\\\/logo\\\/image\\\/\",\"url\":\"https:\\\/\\\/motorista.com.br\\\/noticias\\\/wp-content\\\/uploads\\\/2025\\\/06\\\/Design-sem-nome-9.png\",\"contentUrl\":\"https:\\\/\\\/motorista.com.br\\\/noticias\\\/wp-content\\\/uploads\\\/2025\\\/06\\\/Design-sem-nome-9.png\",\"width\":150,\"height\":85,\"caption\":\"Motorista.com.br\"},\"image\":{\"@id\":\"https:\\\/\\\/motorista.com.br\\\/noticias\\\/#\\\/schema\\\/logo\\\/image\\\/\"}},{\"@type\":\"Person\",\"@id\":\"https:\\\/\\\/motorista.com.br\\\/noticias\\\/#\\\/schema\\\/person\\\/dc93afc2981c0e3ce6bc3c053fd847be\",\"name\":\"Equipe Reda\u00e7\u00e3o\",\"image\":{\"@type\":\"ImageObject\",\"inLanguage\":\"pt-BR\",\"@id\":\"https:\\\/\\\/secure.gravatar.com\\\/avatar\\\/4f525efbf18dd2bb300ccad28bfb99d95a9465a5ba268407c8c37b37e1f28d2d?s=96&d=mm&r=g9e099043a0c61e9ae27e293b9fa75ffc\",\"url\":\"https:\\\/\\\/secure.gravatar.com\\\/avatar\\\/4f525efbf18dd2bb300ccad28bfb99d95a9465a5ba268407c8c37b37e1f28d2d?s=96&d=mm&r=g\",\"contentUrl\":\"https:\\\/\\\/secure.gravatar.com\\\/avatar\\\/4f525efbf18dd2bb300ccad28bfb99d95a9465a5ba268407c8c37b37e1f28d2d?s=96&d=mm&r=g\",\"caption\":\"Equipe Reda\u00e7\u00e3o\"},\"description\":\"Equipe de reda\u00e7\u00e3o \u00e9 um grupo de profissionais que trabalham juntos para criar conte\u00fado escrito para Motorista.com.br\",\"url\":\"https:\\\/\\\/motorista.com.br\\\/noticias\\\/author\\\/equiperedacao\\\/\"}]}<\/script>\n<!-- \/ Yoast SEO Premium plugin. -->","yoast_head_json":{"title":"Mudan\u00e7as clim\u00e1ticas demandam log\u00edstica preditiva adaptativa. - Motorista.com.br","robots":{"index":"index","follow":"follow","max-snippet":"max-snippet:-1","max-image-preview":"max-image-preview:large","max-video-preview":"max-video-preview:-1"},"canonical":"https:\/\/motorista.com.br\/noticias\/2025\/09\/25\/mudancas-climaticas-demandam-logistica-preditiva-adaptativa\/","og_locale":"pt_BR","og_type":"article","og_title":"Mudan\u00e7as clim\u00e1ticas demandam log\u00edstica preditiva adaptativa.","og_description":"Volatilidade Clim\u00e1tica Exige Ado\u00e7\u00e3o de Log\u00edstica Preditiva A crescente intensidade dos eventos clim\u00e1ticos extremos no Brasil transformou a volatilidade clim\u00e1tica de um risco espor\u00e1dico em uma realidade permanente. Esta mudan\u00e7a exige uma adapta\u00e7\u00e3o urgente das opera\u00e7\u00f5es log\u00edsticas, que historicamente t\u00eam sido reativas e, portanto, ineficazes diante das crises. Mario Veraldo, CEO da MTM Logix, enfatiza &hellip;","og_url":"https:\/\/motorista.com.br\/noticias\/2025\/09\/25\/mudancas-climaticas-demandam-logistica-preditiva-adaptativa\/","og_site_name":"Motorista.com.br","article_published_time":"2025-09-25T22:48:09+00:00","author":"Equipe Reda\u00e7\u00e3o","twitter_card":"summary_large_image","twitter_misc":{"Escrito por":"Equipe Reda\u00e7\u00e3o","Est. tempo de leitura":"3 minutos","Written by":"Equipe Reda\u00e7\u00e3o"},"schema":{"@context":"https:\/\/schema.org","@graph":[{"@type":"Article","@id":"https:\/\/motorista.com.br\/noticias\/2025\/09\/25\/mudancas-climaticas-demandam-logistica-preditiva-adaptativa\/#article","isPartOf":{"@id":"https:\/\/motorista.com.br\/noticias\/2025\/09\/25\/mudancas-climaticas-demandam-logistica-preditiva-adaptativa\/"},"author":{"name":"Equipe Reda\u00e7\u00e3o","@id":"https:\/\/motorista.com.br\/noticias\/#\/schema\/person\/dc93afc2981c0e3ce6bc3c053fd847be"},"headline":"Mudan\u00e7as clim\u00e1ticas demandam log\u00edstica preditiva adaptativa.","datePublished":"2025-09-25T22:48:09+00:00","mainEntityOfPage":{"@id":"https:\/\/motorista.com.br\/noticias\/2025\/09\/25\/mudancas-climaticas-demandam-logistica-preditiva-adaptativa\/"},"wordCount":529,"publisher":{"@id":"https:\/\/motorista.com.br\/noticias\/#organization"},"image":{"@id":"https:\/\/motorista.com.br\/noticias\/2025\/09\/25\/mudancas-climaticas-demandam-logistica-preditiva-adaptativa\/#primaryimage"},"thumbnailUrl":"https:\/\/motorista.com.br\/noticias\/wp-content\/uploads\/2025\/09\/eventos-climaticos.jpg","articleSection":["Log\u00edstica"],"inLanguage":"pt-BR"},{"@type":"WebPage","@id":"https:\/\/motorista.com.br\/noticias\/2025\/09\/25\/mudancas-climaticas-demandam-logistica-preditiva-adaptativa\/","url":"https:\/\/motorista.com.br\/noticias\/2025\/09\/25\/mudancas-climaticas-demandam-logistica-preditiva-adaptativa\/","name":"Mudan\u00e7as clim\u00e1ticas demandam log\u00edstica preditiva adaptativa. - Motorista.com.br","isPartOf":{"@id":"https:\/\/motorista.com.br\/noticias\/#website"},"primaryImageOfPage":{"@id":"https:\/\/motorista.com.br\/noticias\/2025\/09\/25\/mudancas-climaticas-demandam-logistica-preditiva-adaptativa\/#primaryimage"},"image":{"@id":"https:\/\/motorista.com.br\/noticias\/2025\/09\/25\/mudancas-climaticas-demandam-logistica-preditiva-adaptativa\/#primaryimage"},"thumbnailUrl":"https:\/\/motorista.com.br\/noticias\/wp-content\/uploads\/2025\/09\/eventos-climaticos.jpg","datePublished":"2025-09-25T22:48:09+00:00","breadcrumb":{"@id":"https:\/\/motorista.com.br\/noticias\/2025\/09\/25\/mudancas-climaticas-demandam-logistica-preditiva-adaptativa\/#breadcrumb"},"inLanguage":"pt-BR","potentialAction":[{"@type":"ReadAction","target":["https:\/\/motorista.com.br\/noticias\/2025\/09\/25\/mudancas-climaticas-demandam-logistica-preditiva-adaptativa\/"]}]},{"@type":"ImageObject","inLanguage":"pt-BR","@id":"https:\/\/motorista.com.br\/noticias\/2025\/09\/25\/mudancas-climaticas-demandam-logistica-preditiva-adaptativa\/#primaryimage","url":"https:\/\/motorista.com.br\/noticias\/wp-content\/uploads\/2025\/09\/eventos-climaticos.jpg","contentUrl":"https:\/\/motorista.com.br\/noticias\/wp-content\/uploads\/2025\/09\/eventos-climaticos.jpg","width":800,"height":420},{"@type":"BreadcrumbList","@id":"https:\/\/motorista.com.br\/noticias\/2025\/09\/25\/mudancas-climaticas-demandam-logistica-preditiva-adaptativa\/#breadcrumb","itemListElement":[{"@type":"ListItem","position":1,"name":"In\u00edcio","item":"https:\/\/motorista.com.br\/noticias\/"},{"@type":"ListItem","position":2,"name":"Mudan\u00e7as clim\u00e1ticas demandam log\u00edstica preditiva adaptativa."}]},{"@type":"WebSite","@id":"https:\/\/motorista.com.br\/noticias\/#website","url":"https:\/\/motorista.com.br\/noticias\/","name":"Motorista.com.br","description":"Not\u00edcia do Motorista","publisher":{"@id":"https:\/\/motorista.com.br\/noticias\/#organization"},"potentialAction":[{"@type":"SearchAction","target":{"@type":"EntryPoint","urlTemplate":"https:\/\/motorista.com.br\/noticias\/?s={search_term_string}"},"query-input":{"@type":"PropertyValueSpecification","valueRequired":true,"valueName":"search_term_string"}}],"inLanguage":"pt-BR"},{"@type":"Organization","@id":"https:\/\/motorista.com.br\/noticias\/#organization","name":"Motorista.com.br","url":"https:\/\/motorista.com.br\/noticias\/","logo":{"@type":"ImageObject","inLanguage":"pt-BR","@id":"https:\/\/motorista.com.br\/noticias\/#\/schema\/logo\/image\/","url":"https:\/\/motorista.com.br\/noticias\/wp-content\/uploads\/2025\/06\/Design-sem-nome-9.png","contentUrl":"https:\/\/motorista.com.br\/noticias\/wp-content\/uploads\/2025\/06\/Design-sem-nome-9.png","width":150,"height":85,"caption":"Motorista.com.br"},"image":{"@id":"https:\/\/motorista.com.br\/noticias\/#\/schema\/logo\/image\/"}},{"@type":"Person","@id":"https:\/\/motorista.com.br\/noticias\/#\/schema\/person\/dc93afc2981c0e3ce6bc3c053fd847be","name":"Equipe Reda\u00e7\u00e3o","image":{"@type":"ImageObject","inLanguage":"pt-BR","@id":"https:\/\/secure.gravatar.com\/avatar\/4f525efbf18dd2bb300ccad28bfb99d95a9465a5ba268407c8c37b37e1f28d2d?s=96&d=mm&r=g9e099043a0c61e9ae27e293b9fa75ffc","url":"https:\/\/secure.gravatar.com\/avatar\/4f525efbf18dd2bb300ccad28bfb99d95a9465a5ba268407c8c37b37e1f28d2d?s=96&d=mm&r=g","contentUrl":"https:\/\/secure.gravatar.com\/avatar\/4f525efbf18dd2bb300ccad28bfb99d95a9465a5ba268407c8c37b37e1f28d2d?s=96&d=mm&r=g","caption":"Equipe Reda\u00e7\u00e3o"},"description":"Equipe de reda\u00e7\u00e3o \u00e9 um grupo de profissionais que trabalham juntos para criar conte\u00fado escrito para Motorista.com.br","url":"https:\/\/motorista.com.br\/noticias\/author\/equiperedacao\/"}]}},"_links":{"self":[{"href":"https:\/\/motorista.com.br\/noticias\/wp-json\/wp\/v2\/posts\/4807","targetHints":{"allow":["GET"]}}],"collection":[{"href":"https:\/\/motorista.com.br\/noticias\/wp-json\/wp\/v2\/posts"}],"about":[{"href":"https:\/\/motorista.com.br\/noticias\/wp-json\/wp\/v2\/types\/post"}],"author":[{"embeddable":true,"href":"https:\/\/motorista.com.br\/noticias\/wp-json\/wp\/v2\/users\/4"}],"replies":[{"embeddable":true,"href":"https:\/\/motorista.com.br\/noticias\/wp-json\/wp\/v2\/comments?post=4807"}],"version-history":[{"count":0,"href":"https:\/\/motorista.com.br\/noticias\/wp-json\/wp\/v2\/posts\/4807\/revisions"}],"wp:featuredmedia":[{"embeddable":true,"href":"https:\/\/motorista.com.br\/noticias\/wp-json\/wp\/v2\/media\/4808"}],"wp:attachment":[{"href":"https:\/\/motorista.com.br\/noticias\/wp-json\/wp\/v2\/media?parent=4807"}],"wp:term":[{"taxonomy":"category","embeddable":true,"href":"https:\/\/motorista.com.br\/noticias\/wp-json\/wp\/v2\/categories?post=4807"},{"taxonomy":"post_tag","embeddable":true,"href":"https:\/\/motorista.com.br\/noticias\/wp-json\/wp\/v2\/tags?post=4807"},{"taxonomy":"author","embeddable":true,"href":"https:\/\/motorista.com.br\/noticias\/wp-json\/wp\/v2\/coauthors?post=4807"}],"curies":[{"name":"wp","href":"https:\/\/api.w.org\/{rel}","templated":true}]}}