{"id":4803,"date":"2025-09-25T17:41:22","date_gmt":"2025-09-25T20:41:22","guid":{"rendered":"https:\/\/motorista.com.br\/noticias\/2025\/09\/25\/anfavea-propoe-limite-de-5-no-imposto-seletivo-para-evitar-aumento-de-precos\/"},"modified":"2025-09-25T17:41:22","modified_gmt":"2025-09-25T20:41:22","slug":"anfavea-propoe-limite-de-5-no-imposto-seletivo-para-evitar-aumento-de-precos","status":"publish","type":"post","link":"https:\/\/motorista.com.br\/noticias\/2025\/09\/25\/anfavea-propoe-limite-de-5-no-imposto-seletivo-para-evitar-aumento-de-precos\/","title":{"rendered":"Anfavea prop\u00f5e limite de 5% no Imposto Seletivo para evitar aumento de pre\u00e7os."},"content":{"rendered":"<p><\/p>\n<p><strong>Anfavea Defende Teto de 5% para Imposto Seletivo: Reflex\u00f5es sobre o Impacto na Mobilidade e no Setor Automotivo<\/strong><\/p>\n<p>A Anfavea (Associa\u00e7\u00e3o Nacional dos Fabricantes de Ve\u00edculos Automotores) est\u00e1 em destaque ao defender um teto de 5% para o Imposto Seletivo que incidir\u00e1 sobre autom\u00f3veis e ve\u00edculos leves. Essa proposta surge em um momento crucial, com a regulamenta\u00e7\u00e3o da Reforma Tribut\u00e1ria prestes a ser debatida no Senado. A inten\u00e7\u00e3o \u00e9 clara: garantir previsibilidade para as empresas do setor e evitar uma eleva\u00e7\u00e3o na carga tribut\u00e1ria que poderia pressionar os pre\u00e7os dos autom\u00f3veis.<\/p>\n<p><strong>Consequ\u00eancias para o Setor e para o Consumidor<\/strong><\/p>\n<p>A proposta da Anfavea n\u00e3o \u00e9 um pedido de tratamento especial, mas sim um apelo por justi\u00e7a fiscal, alinhando o setor automotivo aos outros segmentos da economia que j\u00e1 possuem limites estabelecidos para o Imposto Seletivo. Se n\u00e3o houver um teto definido, a carga tribut\u00e1ria poder\u00e1 variar entre 10% e 35%, o que certamente impactaria o pre\u00e7o dos ve\u00edculos novos. Essa situa\u00e7\u00e3o poderia resultar em um maior n\u00famero de consumidores optando por autom\u00f3veis usados, incluindo os menos eficientes em termos de emiss\u00e3o de poluentes.<\/p>\n<p>Essa poss\u00edvel invers\u00e3o do incentivo \u00e0 compra de ve\u00edculos novos, que s\u00e3o geralmente mais seguros e mais limpos, pode ter um efeito negativo na renova\u00e7\u00e3o da frota nacional. Com uma frota envelhecida, a mobilidade urbana se tornaria ainda mais problem\u00e1tica, causando aumento de emiss\u00f5es poluentes e, consequentemente, riscos \u00e0 sa\u00fade da popula\u00e7\u00e3o. <\/p>\n<p><strong>Est\u00edmulo \u00e0 Inova\u00e7\u00e3o e Sustentabilidade<\/strong><\/p>\n<p>O teto de 5% tamb\u00e9m asseguraria que o est\u00edmulo a tecnologias menos poluentes permanecesse intacto, com faixas de al\u00edquotas menores conforme o n\u00edvel de emiss\u00e3o de cada ve\u00edculo. Isso significa que, ao definir um limite claro, o governo n\u00e3o apenas protege o setor, mas tamb\u00e9m incentiva a inova\u00e7\u00e3o no desenvolvimento de ve\u00edculos mais sustent\u00e1veis. <\/p>\n<p>A previsibilidade tribut\u00e1ria pode incentivar os fabricantes a manter os investimos planejados, somando R$ 190 bilh\u00f5es nos pr\u00f3ximos anos. Isso n\u00e3o s\u00f3 geraria novos empregos, mas tamb\u00e9m impulsionaria a economia, criando um ciclo positivo que beneficiaria tanto os motoristas quanto a mobilidade urbana como um todo.<\/p>\n<p><strong>Uma Oportunidade para a Mobilidade Urbana<\/strong><\/p>\n<p>Diante desse cen\u00e1rio, a oportunidade que se apresenta ao Senado \u00e9 significativa. Ao estabelecer um teto para o Imposto Seletivo, est\u00e1-se criando um ambiente mais favor\u00e1vel \u00e0 aquisi\u00e7\u00e3o de ve\u00edculos novos e ao fortalecimento da ind\u00fastria automotiva. Esse ambiente prop\u00edcio pode transformar a mobilidade urbana, tornando-a mais eficiente e menos impactante ao meio ambiente.<\/p>\n<p>As decis\u00f5es que ser\u00e3o tomadas nas pr\u00f3ximas vota\u00e7\u00f5es ter\u00e3o repercuss\u00f5es que v\u00e3o muito al\u00e9m da ind\u00fastria automobil\u00edstica. Elas impactar\u00e3o diretamente a qualidade de vida dos cidad\u00e3os e a sa\u00fade p\u00fablica ao possibilitar um tr\u00e2nsito mais seguro e limpo. Portanto, \u00e9 fundamental que os legisladores considerem n\u00e3o apenas as repercuss\u00f5es fiscais, mas tamb\u00e9m os efeitos globais na mobilidade e no bem-estar da popula\u00e7\u00e3o.<\/p>\n<p><strong>Conclus\u00e3o<\/strong><\/p>\n<p>Assim, a defesa da Anfavea por um teto de 5% para o Imposto Seletivo \u00e9 um chamado \u00e0 responsabilidade fiscal, que promete n\u00e3o apenas assegurar a sa\u00fade do setor automotivo, mas tamb\u00e9m contribuir para um futuro mais sustent\u00e1vel e com melhor qualidade de vida para todos.<\/p>\n<p>Fonte: blogdocaminhoneiro<\/p>\n","protected":false},"excerpt":{"rendered":"<p>Anfavea Defende Teto de 5% para Imposto Seletivo: Reflex\u00f5es sobre o Impacto na Mobilidade e no Setor Automotivo A Anfavea (Associa\u00e7\u00e3o Nacional dos Fabricantes de Ve\u00edculos Automotores) est\u00e1 em destaque ao defender um teto de 5% para o Imposto Seletivo que incidir\u00e1 sobre autom\u00f3veis e ve\u00edculos leves. Essa proposta surge em um momento crucial, com &hellip;<\/p>\n","protected":false},"author":4,"featured_media":4804,"comment_status":"","ping_status":"open","sticky":false,"template":"","format":"standard","meta":{"footnotes":""},"categories":[78,77],"tags":[],"coauthors":[42],"class_list":["post-4803","post","type-post","status-publish","format-standard","has-post-thumbnail","hentry","category-carreteiro","category-motorista"],"yoast_head":"<!-- This site is optimized with the Yoast SEO Premium plugin v25.5 (Yoast SEO v27.4) - https:\/\/yoast.com\/product\/yoast-seo-premium-wordpress\/ -->\n<title>Anfavea prop\u00f5e limite de 5% no Imposto Seletivo para evitar aumento de pre\u00e7os. - Motorista.com.br<\/title>\n<meta name=\"robots\" content=\"index, follow, max-snippet:-1, max-image-preview:large, max-video-preview:-1\" \/>\n<link rel=\"canonical\" href=\"https:\/\/motorista.com.br\/noticias\/2025\/09\/25\/anfavea-propoe-limite-de-5-no-imposto-seletivo-para-evitar-aumento-de-precos\/\" \/>\n<meta property=\"og:locale\" content=\"pt_BR\" \/>\n<meta property=\"og:type\" content=\"article\" \/>\n<meta property=\"og:title\" content=\"Anfavea prop\u00f5e limite de 5% no Imposto Seletivo para evitar aumento de pre\u00e7os.\" \/>\n<meta property=\"og:description\" content=\"Anfavea Defende Teto de 5% para Imposto Seletivo: Reflex\u00f5es sobre o Impacto na Mobilidade e no Setor Automotivo A Anfavea (Associa\u00e7\u00e3o Nacional dos Fabricantes de Ve\u00edculos Automotores) est\u00e1 em destaque ao defender um teto de 5% para o Imposto Seletivo que incidir\u00e1 sobre autom\u00f3veis e ve\u00edculos leves. Essa proposta surge em um momento crucial, com &hellip;\" \/>\n<meta property=\"og:url\" content=\"https:\/\/motorista.com.br\/noticias\/2025\/09\/25\/anfavea-propoe-limite-de-5-no-imposto-seletivo-para-evitar-aumento-de-precos\/\" \/>\n<meta property=\"og:site_name\" content=\"Motorista.com.br\" \/>\n<meta property=\"article:published_time\" content=\"2025-09-25T20:41:22+00:00\" \/>\n<meta name=\"author\" content=\"Equipe Reda\u00e7\u00e3o\" \/>\n<meta name=\"twitter:card\" content=\"summary_large_image\" \/>\n<meta name=\"twitter:label1\" content=\"Escrito por\" \/>\n\t<meta name=\"twitter:data1\" content=\"Equipe Reda\u00e7\u00e3o\" \/>\n\t<meta name=\"twitter:label2\" content=\"Est. tempo de leitura\" \/>\n\t<meta name=\"twitter:data2\" content=\"3 minutos\" \/>\n\t<meta name=\"twitter:label3\" content=\"Written by\" \/>\n\t<meta name=\"twitter:data3\" content=\"Equipe Reda\u00e7\u00e3o\" \/>\n<script type=\"application\/ld+json\" class=\"yoast-schema-graph\">{\"@context\":\"https:\\\/\\\/schema.org\",\"@graph\":[{\"@type\":\"Article\",\"@id\":\"https:\\\/\\\/motorista.com.br\\\/noticias\\\/2025\\\/09\\\/25\\\/anfavea-propoe-limite-de-5-no-imposto-seletivo-para-evitar-aumento-de-precos\\\/#article\",\"isPartOf\":{\"@id\":\"https:\\\/\\\/motorista.com.br\\\/noticias\\\/2025\\\/09\\\/25\\\/anfavea-propoe-limite-de-5-no-imposto-seletivo-para-evitar-aumento-de-precos\\\/\"},\"author\":{\"name\":\"Equipe Reda\u00e7\u00e3o\",\"@id\":\"https:\\\/\\\/motorista.com.br\\\/noticias\\\/#\\\/schema\\\/person\\\/dc93afc2981c0e3ce6bc3c053fd847be\"},\"headline\":\"Anfavea prop\u00f5e limite de 5% no Imposto Seletivo para evitar aumento de pre\u00e7os.\",\"datePublished\":\"2025-09-25T20:41:22+00:00\",\"mainEntityOfPage\":{\"@id\":\"https:\\\/\\\/motorista.com.br\\\/noticias\\\/2025\\\/09\\\/25\\\/anfavea-propoe-limite-de-5-no-imposto-seletivo-para-evitar-aumento-de-precos\\\/\"},\"wordCount\":589,\"publisher\":{\"@id\":\"https:\\\/\\\/motorista.com.br\\\/noticias\\\/#organization\"},\"image\":{\"@id\":\"https:\\\/\\\/motorista.com.br\\\/noticias\\\/2025\\\/09\\\/25\\\/anfavea-propoe-limite-de-5-no-imposto-seletivo-para-evitar-aumento-de-precos\\\/#primaryimage\"},\"thumbnailUrl\":\"https:\\\/\\\/motorista.com.br\\\/noticias\\\/wp-content\\\/uploads\\\/2025\\\/09\\\/linha-de-montagem-de-automoveis.jpg\",\"articleSection\":[\"Carreteiro\",\"Motorista\"],\"inLanguage\":\"pt-BR\"},{\"@type\":\"WebPage\",\"@id\":\"https:\\\/\\\/motorista.com.br\\\/noticias\\\/2025\\\/09\\\/25\\\/anfavea-propoe-limite-de-5-no-imposto-seletivo-para-evitar-aumento-de-precos\\\/\",\"url\":\"https:\\\/\\\/motorista.com.br\\\/noticias\\\/2025\\\/09\\\/25\\\/anfavea-propoe-limite-de-5-no-imposto-seletivo-para-evitar-aumento-de-precos\\\/\",\"name\":\"Anfavea prop\u00f5e limite de 5% no Imposto Seletivo para evitar aumento de pre\u00e7os. - Motorista.com.br\",\"isPartOf\":{\"@id\":\"https:\\\/\\\/motorista.com.br\\\/noticias\\\/#website\"},\"primaryImageOfPage\":{\"@id\":\"https:\\\/\\\/motorista.com.br\\\/noticias\\\/2025\\\/09\\\/25\\\/anfavea-propoe-limite-de-5-no-imposto-seletivo-para-evitar-aumento-de-precos\\\/#primaryimage\"},\"image\":{\"@id\":\"https:\\\/\\\/motorista.com.br\\\/noticias\\\/2025\\\/09\\\/25\\\/anfavea-propoe-limite-de-5-no-imposto-seletivo-para-evitar-aumento-de-precos\\\/#primaryimage\"},\"thumbnailUrl\":\"https:\\\/\\\/motorista.com.br\\\/noticias\\\/wp-content\\\/uploads\\\/2025\\\/09\\\/linha-de-montagem-de-automoveis.jpg\",\"datePublished\":\"2025-09-25T20:41:22+00:00\",\"breadcrumb\":{\"@id\":\"https:\\\/\\\/motorista.com.br\\\/noticias\\\/2025\\\/09\\\/25\\\/anfavea-propoe-limite-de-5-no-imposto-seletivo-para-evitar-aumento-de-precos\\\/#breadcrumb\"},\"inLanguage\":\"pt-BR\",\"potentialAction\":[{\"@type\":\"ReadAction\",\"target\":[\"https:\\\/\\\/motorista.com.br\\\/noticias\\\/2025\\\/09\\\/25\\\/anfavea-propoe-limite-de-5-no-imposto-seletivo-para-evitar-aumento-de-precos\\\/\"]}]},{\"@type\":\"ImageObject\",\"inLanguage\":\"pt-BR\",\"@id\":\"https:\\\/\\\/motorista.com.br\\\/noticias\\\/2025\\\/09\\\/25\\\/anfavea-propoe-limite-de-5-no-imposto-seletivo-para-evitar-aumento-de-precos\\\/#primaryimage\",\"url\":\"https:\\\/\\\/motorista.com.br\\\/noticias\\\/wp-content\\\/uploads\\\/2025\\\/09\\\/linha-de-montagem-de-automoveis.jpg\",\"contentUrl\":\"https:\\\/\\\/motorista.com.br\\\/noticias\\\/wp-content\\\/uploads\\\/2025\\\/09\\\/linha-de-montagem-de-automoveis.jpg\",\"width\":1200,\"height\":800},{\"@type\":\"BreadcrumbList\",\"@id\":\"https:\\\/\\\/motorista.com.br\\\/noticias\\\/2025\\\/09\\\/25\\\/anfavea-propoe-limite-de-5-no-imposto-seletivo-para-evitar-aumento-de-precos\\\/#breadcrumb\",\"itemListElement\":[{\"@type\":\"ListItem\",\"position\":1,\"name\":\"In\u00edcio\",\"item\":\"https:\\\/\\\/motorista.com.br\\\/noticias\\\/\"},{\"@type\":\"ListItem\",\"position\":2,\"name\":\"Anfavea prop\u00f5e limite de 5% no Imposto Seletivo para evitar aumento de pre\u00e7os.\"}]},{\"@type\":\"WebSite\",\"@id\":\"https:\\\/\\\/motorista.com.br\\\/noticias\\\/#website\",\"url\":\"https:\\\/\\\/motorista.com.br\\\/noticias\\\/\",\"name\":\"Motorista.com.br\",\"description\":\"Not\u00edcia do Motorista\",\"publisher\":{\"@id\":\"https:\\\/\\\/motorista.com.br\\\/noticias\\\/#organization\"},\"potentialAction\":[{\"@type\":\"SearchAction\",\"target\":{\"@type\":\"EntryPoint\",\"urlTemplate\":\"https:\\\/\\\/motorista.com.br\\\/noticias\\\/?s={search_term_string}\"},\"query-input\":{\"@type\":\"PropertyValueSpecification\",\"valueRequired\":true,\"valueName\":\"search_term_string\"}}],\"inLanguage\":\"pt-BR\"},{\"@type\":\"Organization\",\"@id\":\"https:\\\/\\\/motorista.com.br\\\/noticias\\\/#organization\",\"name\":\"Motorista.com.br\",\"url\":\"https:\\\/\\\/motorista.com.br\\\/noticias\\\/\",\"logo\":{\"@type\":\"ImageObject\",\"inLanguage\":\"pt-BR\",\"@id\":\"https:\\\/\\\/motorista.com.br\\\/noticias\\\/#\\\/schema\\\/logo\\\/image\\\/\",\"url\":\"https:\\\/\\\/motorista.com.br\\\/noticias\\\/wp-content\\\/uploads\\\/2025\\\/06\\\/Design-sem-nome-9.png\",\"contentUrl\":\"https:\\\/\\\/motorista.com.br\\\/noticias\\\/wp-content\\\/uploads\\\/2025\\\/06\\\/Design-sem-nome-9.png\",\"width\":150,\"height\":85,\"caption\":\"Motorista.com.br\"},\"image\":{\"@id\":\"https:\\\/\\\/motorista.com.br\\\/noticias\\\/#\\\/schema\\\/logo\\\/image\\\/\"}},{\"@type\":\"Person\",\"@id\":\"https:\\\/\\\/motorista.com.br\\\/noticias\\\/#\\\/schema\\\/person\\\/dc93afc2981c0e3ce6bc3c053fd847be\",\"name\":\"Equipe Reda\u00e7\u00e3o\",\"image\":{\"@type\":\"ImageObject\",\"inLanguage\":\"pt-BR\",\"@id\":\"https:\\\/\\\/secure.gravatar.com\\\/avatar\\\/4f525efbf18dd2bb300ccad28bfb99d95a9465a5ba268407c8c37b37e1f28d2d?s=96&d=mm&r=g9e099043a0c61e9ae27e293b9fa75ffc\",\"url\":\"https:\\\/\\\/secure.gravatar.com\\\/avatar\\\/4f525efbf18dd2bb300ccad28bfb99d95a9465a5ba268407c8c37b37e1f28d2d?s=96&d=mm&r=g\",\"contentUrl\":\"https:\\\/\\\/secure.gravatar.com\\\/avatar\\\/4f525efbf18dd2bb300ccad28bfb99d95a9465a5ba268407c8c37b37e1f28d2d?s=96&d=mm&r=g\",\"caption\":\"Equipe Reda\u00e7\u00e3o\"},\"description\":\"Equipe de reda\u00e7\u00e3o \u00e9 um grupo de profissionais que trabalham juntos para criar conte\u00fado escrito para Motorista.com.br\",\"url\":\"https:\\\/\\\/motorista.com.br\\\/noticias\\\/author\\\/equiperedacao\\\/\"}]}<\/script>\n<!-- \/ Yoast SEO Premium plugin. -->","yoast_head_json":{"title":"Anfavea prop\u00f5e limite de 5% no Imposto Seletivo para evitar aumento de pre\u00e7os. - Motorista.com.br","robots":{"index":"index","follow":"follow","max-snippet":"max-snippet:-1","max-image-preview":"max-image-preview:large","max-video-preview":"max-video-preview:-1"},"canonical":"https:\/\/motorista.com.br\/noticias\/2025\/09\/25\/anfavea-propoe-limite-de-5-no-imposto-seletivo-para-evitar-aumento-de-precos\/","og_locale":"pt_BR","og_type":"article","og_title":"Anfavea prop\u00f5e limite de 5% no Imposto Seletivo para evitar aumento de pre\u00e7os.","og_description":"Anfavea Defende Teto de 5% para Imposto Seletivo: Reflex\u00f5es sobre o Impacto na Mobilidade e no Setor Automotivo A Anfavea (Associa\u00e7\u00e3o Nacional dos Fabricantes de Ve\u00edculos Automotores) est\u00e1 em destaque ao defender um teto de 5% para o Imposto Seletivo que incidir\u00e1 sobre autom\u00f3veis e ve\u00edculos leves. Essa proposta surge em um momento crucial, com &hellip;","og_url":"https:\/\/motorista.com.br\/noticias\/2025\/09\/25\/anfavea-propoe-limite-de-5-no-imposto-seletivo-para-evitar-aumento-de-precos\/","og_site_name":"Motorista.com.br","article_published_time":"2025-09-25T20:41:22+00:00","author":"Equipe Reda\u00e7\u00e3o","twitter_card":"summary_large_image","twitter_misc":{"Escrito por":"Equipe Reda\u00e7\u00e3o","Est. tempo de leitura":"3 minutos","Written by":"Equipe Reda\u00e7\u00e3o"},"schema":{"@context":"https:\/\/schema.org","@graph":[{"@type":"Article","@id":"https:\/\/motorista.com.br\/noticias\/2025\/09\/25\/anfavea-propoe-limite-de-5-no-imposto-seletivo-para-evitar-aumento-de-precos\/#article","isPartOf":{"@id":"https:\/\/motorista.com.br\/noticias\/2025\/09\/25\/anfavea-propoe-limite-de-5-no-imposto-seletivo-para-evitar-aumento-de-precos\/"},"author":{"name":"Equipe Reda\u00e7\u00e3o","@id":"https:\/\/motorista.com.br\/noticias\/#\/schema\/person\/dc93afc2981c0e3ce6bc3c053fd847be"},"headline":"Anfavea prop\u00f5e limite de 5% no Imposto Seletivo para evitar aumento de pre\u00e7os.","datePublished":"2025-09-25T20:41:22+00:00","mainEntityOfPage":{"@id":"https:\/\/motorista.com.br\/noticias\/2025\/09\/25\/anfavea-propoe-limite-de-5-no-imposto-seletivo-para-evitar-aumento-de-precos\/"},"wordCount":589,"publisher":{"@id":"https:\/\/motorista.com.br\/noticias\/#organization"},"image":{"@id":"https:\/\/motorista.com.br\/noticias\/2025\/09\/25\/anfavea-propoe-limite-de-5-no-imposto-seletivo-para-evitar-aumento-de-precos\/#primaryimage"},"thumbnailUrl":"https:\/\/motorista.com.br\/noticias\/wp-content\/uploads\/2025\/09\/linha-de-montagem-de-automoveis.jpg","articleSection":["Carreteiro","Motorista"],"inLanguage":"pt-BR"},{"@type":"WebPage","@id":"https:\/\/motorista.com.br\/noticias\/2025\/09\/25\/anfavea-propoe-limite-de-5-no-imposto-seletivo-para-evitar-aumento-de-precos\/","url":"https:\/\/motorista.com.br\/noticias\/2025\/09\/25\/anfavea-propoe-limite-de-5-no-imposto-seletivo-para-evitar-aumento-de-precos\/","name":"Anfavea prop\u00f5e limite de 5% no Imposto Seletivo para evitar aumento de pre\u00e7os. - Motorista.com.br","isPartOf":{"@id":"https:\/\/motorista.com.br\/noticias\/#website"},"primaryImageOfPage":{"@id":"https:\/\/motorista.com.br\/noticias\/2025\/09\/25\/anfavea-propoe-limite-de-5-no-imposto-seletivo-para-evitar-aumento-de-precos\/#primaryimage"},"image":{"@id":"https:\/\/motorista.com.br\/noticias\/2025\/09\/25\/anfavea-propoe-limite-de-5-no-imposto-seletivo-para-evitar-aumento-de-precos\/#primaryimage"},"thumbnailUrl":"https:\/\/motorista.com.br\/noticias\/wp-content\/uploads\/2025\/09\/linha-de-montagem-de-automoveis.jpg","datePublished":"2025-09-25T20:41:22+00:00","breadcrumb":{"@id":"https:\/\/motorista.com.br\/noticias\/2025\/09\/25\/anfavea-propoe-limite-de-5-no-imposto-seletivo-para-evitar-aumento-de-precos\/#breadcrumb"},"inLanguage":"pt-BR","potentialAction":[{"@type":"ReadAction","target":["https:\/\/motorista.com.br\/noticias\/2025\/09\/25\/anfavea-propoe-limite-de-5-no-imposto-seletivo-para-evitar-aumento-de-precos\/"]}]},{"@type":"ImageObject","inLanguage":"pt-BR","@id":"https:\/\/motorista.com.br\/noticias\/2025\/09\/25\/anfavea-propoe-limite-de-5-no-imposto-seletivo-para-evitar-aumento-de-precos\/#primaryimage","url":"https:\/\/motorista.com.br\/noticias\/wp-content\/uploads\/2025\/09\/linha-de-montagem-de-automoveis.jpg","contentUrl":"https:\/\/motorista.com.br\/noticias\/wp-content\/uploads\/2025\/09\/linha-de-montagem-de-automoveis.jpg","width":1200,"height":800},{"@type":"BreadcrumbList","@id":"https:\/\/motorista.com.br\/noticias\/2025\/09\/25\/anfavea-propoe-limite-de-5-no-imposto-seletivo-para-evitar-aumento-de-precos\/#breadcrumb","itemListElement":[{"@type":"ListItem","position":1,"name":"In\u00edcio","item":"https:\/\/motorista.com.br\/noticias\/"},{"@type":"ListItem","position":2,"name":"Anfavea prop\u00f5e limite de 5% no Imposto Seletivo para evitar aumento de pre\u00e7os."}]},{"@type":"WebSite","@id":"https:\/\/motorista.com.br\/noticias\/#website","url":"https:\/\/motorista.com.br\/noticias\/","name":"Motorista.com.br","description":"Not\u00edcia do Motorista","publisher":{"@id":"https:\/\/motorista.com.br\/noticias\/#organization"},"potentialAction":[{"@type":"SearchAction","target":{"@type":"EntryPoint","urlTemplate":"https:\/\/motorista.com.br\/noticias\/?s={search_term_string}"},"query-input":{"@type":"PropertyValueSpecification","valueRequired":true,"valueName":"search_term_string"}}],"inLanguage":"pt-BR"},{"@type":"Organization","@id":"https:\/\/motorista.com.br\/noticias\/#organization","name":"Motorista.com.br","url":"https:\/\/motorista.com.br\/noticias\/","logo":{"@type":"ImageObject","inLanguage":"pt-BR","@id":"https:\/\/motorista.com.br\/noticias\/#\/schema\/logo\/image\/","url":"https:\/\/motorista.com.br\/noticias\/wp-content\/uploads\/2025\/06\/Design-sem-nome-9.png","contentUrl":"https:\/\/motorista.com.br\/noticias\/wp-content\/uploads\/2025\/06\/Design-sem-nome-9.png","width":150,"height":85,"caption":"Motorista.com.br"},"image":{"@id":"https:\/\/motorista.com.br\/noticias\/#\/schema\/logo\/image\/"}},{"@type":"Person","@id":"https:\/\/motorista.com.br\/noticias\/#\/schema\/person\/dc93afc2981c0e3ce6bc3c053fd847be","name":"Equipe Reda\u00e7\u00e3o","image":{"@type":"ImageObject","inLanguage":"pt-BR","@id":"https:\/\/secure.gravatar.com\/avatar\/4f525efbf18dd2bb300ccad28bfb99d95a9465a5ba268407c8c37b37e1f28d2d?s=96&d=mm&r=g9e099043a0c61e9ae27e293b9fa75ffc","url":"https:\/\/secure.gravatar.com\/avatar\/4f525efbf18dd2bb300ccad28bfb99d95a9465a5ba268407c8c37b37e1f28d2d?s=96&d=mm&r=g","contentUrl":"https:\/\/secure.gravatar.com\/avatar\/4f525efbf18dd2bb300ccad28bfb99d95a9465a5ba268407c8c37b37e1f28d2d?s=96&d=mm&r=g","caption":"Equipe Reda\u00e7\u00e3o"},"description":"Equipe de reda\u00e7\u00e3o \u00e9 um grupo de profissionais que trabalham juntos para criar conte\u00fado escrito para Motorista.com.br","url":"https:\/\/motorista.com.br\/noticias\/author\/equiperedacao\/"}]}},"_links":{"self":[{"href":"https:\/\/motorista.com.br\/noticias\/wp-json\/wp\/v2\/posts\/4803","targetHints":{"allow":["GET"]}}],"collection":[{"href":"https:\/\/motorista.com.br\/noticias\/wp-json\/wp\/v2\/posts"}],"about":[{"href":"https:\/\/motorista.com.br\/noticias\/wp-json\/wp\/v2\/types\/post"}],"author":[{"embeddable":true,"href":"https:\/\/motorista.com.br\/noticias\/wp-json\/wp\/v2\/users\/4"}],"replies":[{"embeddable":true,"href":"https:\/\/motorista.com.br\/noticias\/wp-json\/wp\/v2\/comments?post=4803"}],"version-history":[{"count":0,"href":"https:\/\/motorista.com.br\/noticias\/wp-json\/wp\/v2\/posts\/4803\/revisions"}],"wp:featuredmedia":[{"embeddable":true,"href":"https:\/\/motorista.com.br\/noticias\/wp-json\/wp\/v2\/media\/4804"}],"wp:attachment":[{"href":"https:\/\/motorista.com.br\/noticias\/wp-json\/wp\/v2\/media?parent=4803"}],"wp:term":[{"taxonomy":"category","embeddable":true,"href":"https:\/\/motorista.com.br\/noticias\/wp-json\/wp\/v2\/categories?post=4803"},{"taxonomy":"post_tag","embeddable":true,"href":"https:\/\/motorista.com.br\/noticias\/wp-json\/wp\/v2\/tags?post=4803"},{"taxonomy":"author","embeddable":true,"href":"https:\/\/motorista.com.br\/noticias\/wp-json\/wp\/v2\/coauthors?post=4803"}],"curies":[{"name":"wp","href":"https:\/\/api.w.org\/{rel}","templated":true}]}}