{"id":4801,"date":"2025-09-25T17:37:27","date_gmt":"2025-09-25T20:37:27","guid":{"rendered":"https:\/\/motorista.com.br\/noticias\/2025\/09\/25\/clientes-podem-agora-dividir-pagamentos-no-ifood\/"},"modified":"2025-09-25T17:37:27","modified_gmt":"2025-09-25T20:37:27","slug":"clientes-podem-agora-dividir-pagamentos-no-ifood","status":"publish","type":"post","link":"https:\/\/motorista.com.br\/noticias\/2025\/09\/25\/clientes-podem-agora-dividir-pagamentos-no-ifood\/","title":{"rendered":"Clientes podem agora dividir pagamentos no iFood."},"content":{"rendered":"<p><\/p>\n<p><strong>Clientes agora podem parcelar compras no iFood: Um impacto na mobilidade e no cotidiano dos motoristas<\/strong><\/p>\n<p>Recentemente, o iFood implementou a op\u00e7\u00e3o de parcelamento para compras em 38 mil estabelecimentos no Brasil, com foco espec\u00edfico nas compras de mercado. Essa nova funcionalidade n\u00e3o apenas facilita a vida dos consumidores, mas tamb\u00e9m apresenta interessantes repercuss\u00f5es para motoristas e para a mobilidade urbana em geral.<\/p>\n<p><strong>Facilidade para o consumidor<\/strong><\/p>\n<p>Ao poder parcelar suas compras, os usu\u00e1rios do iFood ganham maior flexibilidade financeira. Essa possibilidade significa que ao inv\u00e9s de optar por compras menores ou comprometer seu or\u00e7amento mensal, o consumidor pode planejar e adquirir itens essenciais de uma s\u00f3 vez, aliviando a press\u00e3o sobre as finan\u00e7as pessoais. Para os motoristas de entrega, isso pode gerar um aumento nas compras, uma vez que mais consumidores podem se sentir incentivados a adquirir produtos em maior quantidade.<\/p>\n<p><strong>Efeito na demanda por entregas<\/strong><\/p>\n<p>Com a possibilidade de realizar compras maiores, h\u00e1 uma previs\u00e3o de que os pedidos e, consequentemente, a demanda por entregas aumentem. Isso pode levar a uma melhoria na efici\u00eancia dos motoristas, que poder\u00e3o otimizar suas rotas e aumentar o n\u00famero de entregas realizadas em um \u00fanico per\u00edodo. Esse aumento na demanda tamb\u00e9m pode resultar em mais oportunidades de trabalho, beneficiando aqueles no setor de transporte e entrega.<\/p>\n<p><strong>Mobilidade urbana e impacto ambiental<\/strong><\/p>\n<p>Por outro lado, essa expans\u00e3o na demanda por entregas tamb\u00e9m levanta quest\u00f5es para a mobilidade urbana. O incremento no n\u00famero de ve\u00edculos circulando pode contribuir para o congestionamento nas cidades e eleva a necessidade de um planejamento urbano mais inteligente. O aumento das entregas pode pressionar as infraestruturas existentes, exigindo solu\u00e7\u00f5es que incentivem o uso de transportes mais sustent\u00e1veis, ajudando assim a mitigar os impactos ambientais.<\/p>\n<p><strong>Conclus\u00e3o<\/strong><\/p>\n<p>A nova funcionalidade do iFood de permitir o parcelamento de compras traz benef\u00edcios diretos aos consumidores, que podem planejar suas compras de forma mais eficaz, e indiretos aos motoristas, que podem experimentar um aumento na demanda de entregas. Entretanto, essa evolu\u00e7\u00e3o precisa ser acompanhada por um planejamento cuidadoso em rela\u00e7\u00e3o \u00e0 mobilidade urbana, para garantir que a cidade se adapte a essas novas din\u00e2micas sem prejudicar o tr\u00e2nsito ou o meio ambiente. Assim, tanto motoristas quanto consumidores podem se beneficiar de um cen\u00e1rio de compras mais eficiente e sustent\u00e1vel. <\/p>\n<p><strong>Fonte: motorista.com.br<\/strong><\/p>\n","protected":false},"excerpt":{"rendered":"<p>Clientes agora podem parcelar compras no iFood: Um impacto na mobilidade e no cotidiano dos motoristas Recentemente, o iFood implementou a op\u00e7\u00e3o de parcelamento para compras em 38 mil estabelecimentos no Brasil, com foco espec\u00edfico nas compras de mercado. Essa nova funcionalidade n\u00e3o apenas facilita a vida dos consumidores, mas tamb\u00e9m apresenta interessantes repercuss\u00f5es para &hellip;<\/p>\n","protected":false},"author":4,"featured_media":4802,"comment_status":"","ping_status":"open","sticky":false,"template":"","format":"standard","meta":{"footnotes":""},"categories":[49,77],"tags":[],"coauthors":[42],"class_list":["post-4801","post","type-post","status-publish","format-standard","has-post-thumbnail","hentry","category-aplicativos","category-motorista"],"yoast_head":"<!-- This site is optimized with the Yoast SEO Premium plugin v25.5 (Yoast SEO v27.4) - https:\/\/yoast.com\/product\/yoast-seo-premium-wordpress\/ -->\n<title>Clientes podem agora dividir pagamentos no iFood. - Motorista.com.br<\/title>\n<meta name=\"robots\" content=\"index, follow, max-snippet:-1, max-image-preview:large, max-video-preview:-1\" \/>\n<link rel=\"canonical\" href=\"https:\/\/motorista.com.br\/noticias\/2025\/09\/25\/clientes-podem-agora-dividir-pagamentos-no-ifood\/\" \/>\n<meta property=\"og:locale\" content=\"pt_BR\" \/>\n<meta property=\"og:type\" content=\"article\" \/>\n<meta property=\"og:title\" content=\"Clientes podem agora dividir pagamentos no iFood.\" \/>\n<meta property=\"og:description\" content=\"Clientes agora podem parcelar compras no iFood: Um impacto na mobilidade e no cotidiano dos motoristas Recentemente, o iFood implementou a op\u00e7\u00e3o de parcelamento para compras em 38 mil estabelecimentos no Brasil, com foco espec\u00edfico nas compras de mercado. Essa nova funcionalidade n\u00e3o apenas facilita a vida dos consumidores, mas tamb\u00e9m apresenta interessantes repercuss\u00f5es para &hellip;\" \/>\n<meta property=\"og:url\" content=\"https:\/\/motorista.com.br\/noticias\/2025\/09\/25\/clientes-podem-agora-dividir-pagamentos-no-ifood\/\" \/>\n<meta property=\"og:site_name\" content=\"Motorista.com.br\" \/>\n<meta property=\"article:published_time\" content=\"2025-09-25T20:37:27+00:00\" \/>\n<meta name=\"author\" content=\"Equipe Reda\u00e7\u00e3o\" \/>\n<meta name=\"twitter:card\" content=\"summary_large_image\" \/>\n<meta name=\"twitter:label1\" content=\"Escrito por\" \/>\n\t<meta name=\"twitter:data1\" content=\"Equipe Reda\u00e7\u00e3o\" \/>\n\t<meta name=\"twitter:label2\" content=\"Est. tempo de leitura\" \/>\n\t<meta name=\"twitter:data2\" content=\"2 minutos\" \/>\n\t<meta name=\"twitter:label3\" content=\"Written by\" \/>\n\t<meta name=\"twitter:data3\" content=\"Equipe Reda\u00e7\u00e3o\" \/>\n<script type=\"application\/ld+json\" class=\"yoast-schema-graph\">{\"@context\":\"https:\\\/\\\/schema.org\",\"@graph\":[{\"@type\":\"Article\",\"@id\":\"https:\\\/\\\/motorista.com.br\\\/noticias\\\/2025\\\/09\\\/25\\\/clientes-podem-agora-dividir-pagamentos-no-ifood\\\/#article\",\"isPartOf\":{\"@id\":\"https:\\\/\\\/motorista.com.br\\\/noticias\\\/2025\\\/09\\\/25\\\/clientes-podem-agora-dividir-pagamentos-no-ifood\\\/\"},\"author\":{\"name\":\"Equipe Reda\u00e7\u00e3o\",\"@id\":\"https:\\\/\\\/motorista.com.br\\\/noticias\\\/#\\\/schema\\\/person\\\/dc93afc2981c0e3ce6bc3c053fd847be\"},\"headline\":\"Clientes podem agora dividir pagamentos no iFood.\",\"datePublished\":\"2025-09-25T20:37:27+00:00\",\"mainEntityOfPage\":{\"@id\":\"https:\\\/\\\/motorista.com.br\\\/noticias\\\/2025\\\/09\\\/25\\\/clientes-podem-agora-dividir-pagamentos-no-ifood\\\/\"},\"wordCount\":415,\"publisher\":{\"@id\":\"https:\\\/\\\/motorista.com.br\\\/noticias\\\/#organization\"},\"image\":{\"@id\":\"https:\\\/\\\/motorista.com.br\\\/noticias\\\/2025\\\/09\\\/25\\\/clientes-podem-agora-dividir-pagamentos-no-ifood\\\/#primaryimage\"},\"thumbnailUrl\":\"https:\\\/\\\/motorista.com.br\\\/noticias\\\/wp-content\\\/uploads\\\/2025\\\/09\\\/iFood-Pago.png\",\"articleSection\":[\"Aplicativos\",\"Motorista\"],\"inLanguage\":\"pt-BR\"},{\"@type\":\"WebPage\",\"@id\":\"https:\\\/\\\/motorista.com.br\\\/noticias\\\/2025\\\/09\\\/25\\\/clientes-podem-agora-dividir-pagamentos-no-ifood\\\/\",\"url\":\"https:\\\/\\\/motorista.com.br\\\/noticias\\\/2025\\\/09\\\/25\\\/clientes-podem-agora-dividir-pagamentos-no-ifood\\\/\",\"name\":\"Clientes podem agora dividir pagamentos no iFood. - Motorista.com.br\",\"isPartOf\":{\"@id\":\"https:\\\/\\\/motorista.com.br\\\/noticias\\\/#website\"},\"primaryImageOfPage\":{\"@id\":\"https:\\\/\\\/motorista.com.br\\\/noticias\\\/2025\\\/09\\\/25\\\/clientes-podem-agora-dividir-pagamentos-no-ifood\\\/#primaryimage\"},\"image\":{\"@id\":\"https:\\\/\\\/motorista.com.br\\\/noticias\\\/2025\\\/09\\\/25\\\/clientes-podem-agora-dividir-pagamentos-no-ifood\\\/#primaryimage\"},\"thumbnailUrl\":\"https:\\\/\\\/motorista.com.br\\\/noticias\\\/wp-content\\\/uploads\\\/2025\\\/09\\\/iFood-Pago.png\",\"datePublished\":\"2025-09-25T20:37:27+00:00\",\"breadcrumb\":{\"@id\":\"https:\\\/\\\/motorista.com.br\\\/noticias\\\/2025\\\/09\\\/25\\\/clientes-podem-agora-dividir-pagamentos-no-ifood\\\/#breadcrumb\"},\"inLanguage\":\"pt-BR\",\"potentialAction\":[{\"@type\":\"ReadAction\",\"target\":[\"https:\\\/\\\/motorista.com.br\\\/noticias\\\/2025\\\/09\\\/25\\\/clientes-podem-agora-dividir-pagamentos-no-ifood\\\/\"]}]},{\"@type\":\"ImageObject\",\"inLanguage\":\"pt-BR\",\"@id\":\"https:\\\/\\\/motorista.com.br\\\/noticias\\\/2025\\\/09\\\/25\\\/clientes-podem-agora-dividir-pagamentos-no-ifood\\\/#primaryimage\",\"url\":\"https:\\\/\\\/motorista.com.br\\\/noticias\\\/wp-content\\\/uploads\\\/2025\\\/09\\\/iFood-Pago.png\",\"contentUrl\":\"https:\\\/\\\/motorista.com.br\\\/noticias\\\/wp-content\\\/uploads\\\/2025\\\/09\\\/iFood-Pago.png\",\"width\":600,\"height\":350},{\"@type\":\"BreadcrumbList\",\"@id\":\"https:\\\/\\\/motorista.com.br\\\/noticias\\\/2025\\\/09\\\/25\\\/clientes-podem-agora-dividir-pagamentos-no-ifood\\\/#breadcrumb\",\"itemListElement\":[{\"@type\":\"ListItem\",\"position\":1,\"name\":\"In\u00edcio\",\"item\":\"https:\\\/\\\/motorista.com.br\\\/noticias\\\/\"},{\"@type\":\"ListItem\",\"position\":2,\"name\":\"Clientes podem agora dividir pagamentos no iFood.\"}]},{\"@type\":\"WebSite\",\"@id\":\"https:\\\/\\\/motorista.com.br\\\/noticias\\\/#website\",\"url\":\"https:\\\/\\\/motorista.com.br\\\/noticias\\\/\",\"name\":\"Motorista.com.br\",\"description\":\"Not\u00edcia do Motorista\",\"publisher\":{\"@id\":\"https:\\\/\\\/motorista.com.br\\\/noticias\\\/#organization\"},\"potentialAction\":[{\"@type\":\"SearchAction\",\"target\":{\"@type\":\"EntryPoint\",\"urlTemplate\":\"https:\\\/\\\/motorista.com.br\\\/noticias\\\/?s={search_term_string}\"},\"query-input\":{\"@type\":\"PropertyValueSpecification\",\"valueRequired\":true,\"valueName\":\"search_term_string\"}}],\"inLanguage\":\"pt-BR\"},{\"@type\":\"Organization\",\"@id\":\"https:\\\/\\\/motorista.com.br\\\/noticias\\\/#organization\",\"name\":\"Motorista.com.br\",\"url\":\"https:\\\/\\\/motorista.com.br\\\/noticias\\\/\",\"logo\":{\"@type\":\"ImageObject\",\"inLanguage\":\"pt-BR\",\"@id\":\"https:\\\/\\\/motorista.com.br\\\/noticias\\\/#\\\/schema\\\/logo\\\/image\\\/\",\"url\":\"https:\\\/\\\/motorista.com.br\\\/noticias\\\/wp-content\\\/uploads\\\/2025\\\/06\\\/Design-sem-nome-9.png\",\"contentUrl\":\"https:\\\/\\\/motorista.com.br\\\/noticias\\\/wp-content\\\/uploads\\\/2025\\\/06\\\/Design-sem-nome-9.png\",\"width\":150,\"height\":85,\"caption\":\"Motorista.com.br\"},\"image\":{\"@id\":\"https:\\\/\\\/motorista.com.br\\\/noticias\\\/#\\\/schema\\\/logo\\\/image\\\/\"}},{\"@type\":\"Person\",\"@id\":\"https:\\\/\\\/motorista.com.br\\\/noticias\\\/#\\\/schema\\\/person\\\/dc93afc2981c0e3ce6bc3c053fd847be\",\"name\":\"Equipe Reda\u00e7\u00e3o\",\"image\":{\"@type\":\"ImageObject\",\"inLanguage\":\"pt-BR\",\"@id\":\"https:\\\/\\\/secure.gravatar.com\\\/avatar\\\/4f525efbf18dd2bb300ccad28bfb99d95a9465a5ba268407c8c37b37e1f28d2d?s=96&d=mm&r=g9e099043a0c61e9ae27e293b9fa75ffc\",\"url\":\"https:\\\/\\\/secure.gravatar.com\\\/avatar\\\/4f525efbf18dd2bb300ccad28bfb99d95a9465a5ba268407c8c37b37e1f28d2d?s=96&d=mm&r=g\",\"contentUrl\":\"https:\\\/\\\/secure.gravatar.com\\\/avatar\\\/4f525efbf18dd2bb300ccad28bfb99d95a9465a5ba268407c8c37b37e1f28d2d?s=96&d=mm&r=g\",\"caption\":\"Equipe Reda\u00e7\u00e3o\"},\"description\":\"Equipe de reda\u00e7\u00e3o \u00e9 um grupo de profissionais que trabalham juntos para criar conte\u00fado escrito para Motorista.com.br\",\"url\":\"https:\\\/\\\/motorista.com.br\\\/noticias\\\/author\\\/equiperedacao\\\/\"}]}<\/script>\n<!-- \/ Yoast SEO Premium plugin. -->","yoast_head_json":{"title":"Clientes podem agora dividir pagamentos no iFood. - Motorista.com.br","robots":{"index":"index","follow":"follow","max-snippet":"max-snippet:-1","max-image-preview":"max-image-preview:large","max-video-preview":"max-video-preview:-1"},"canonical":"https:\/\/motorista.com.br\/noticias\/2025\/09\/25\/clientes-podem-agora-dividir-pagamentos-no-ifood\/","og_locale":"pt_BR","og_type":"article","og_title":"Clientes podem agora dividir pagamentos no iFood.","og_description":"Clientes agora podem parcelar compras no iFood: Um impacto na mobilidade e no cotidiano dos motoristas Recentemente, o iFood implementou a op\u00e7\u00e3o de parcelamento para compras em 38 mil estabelecimentos no Brasil, com foco espec\u00edfico nas compras de mercado. Essa nova funcionalidade n\u00e3o apenas facilita a vida dos consumidores, mas tamb\u00e9m apresenta interessantes repercuss\u00f5es para &hellip;","og_url":"https:\/\/motorista.com.br\/noticias\/2025\/09\/25\/clientes-podem-agora-dividir-pagamentos-no-ifood\/","og_site_name":"Motorista.com.br","article_published_time":"2025-09-25T20:37:27+00:00","author":"Equipe Reda\u00e7\u00e3o","twitter_card":"summary_large_image","twitter_misc":{"Escrito por":"Equipe Reda\u00e7\u00e3o","Est. tempo de leitura":"2 minutos","Written by":"Equipe Reda\u00e7\u00e3o"},"schema":{"@context":"https:\/\/schema.org","@graph":[{"@type":"Article","@id":"https:\/\/motorista.com.br\/noticias\/2025\/09\/25\/clientes-podem-agora-dividir-pagamentos-no-ifood\/#article","isPartOf":{"@id":"https:\/\/motorista.com.br\/noticias\/2025\/09\/25\/clientes-podem-agora-dividir-pagamentos-no-ifood\/"},"author":{"name":"Equipe Reda\u00e7\u00e3o","@id":"https:\/\/motorista.com.br\/noticias\/#\/schema\/person\/dc93afc2981c0e3ce6bc3c053fd847be"},"headline":"Clientes podem agora dividir pagamentos no iFood.","datePublished":"2025-09-25T20:37:27+00:00","mainEntityOfPage":{"@id":"https:\/\/motorista.com.br\/noticias\/2025\/09\/25\/clientes-podem-agora-dividir-pagamentos-no-ifood\/"},"wordCount":415,"publisher":{"@id":"https:\/\/motorista.com.br\/noticias\/#organization"},"image":{"@id":"https:\/\/motorista.com.br\/noticias\/2025\/09\/25\/clientes-podem-agora-dividir-pagamentos-no-ifood\/#primaryimage"},"thumbnailUrl":"https:\/\/motorista.com.br\/noticias\/wp-content\/uploads\/2025\/09\/iFood-Pago.png","articleSection":["Aplicativos","Motorista"],"inLanguage":"pt-BR"},{"@type":"WebPage","@id":"https:\/\/motorista.com.br\/noticias\/2025\/09\/25\/clientes-podem-agora-dividir-pagamentos-no-ifood\/","url":"https:\/\/motorista.com.br\/noticias\/2025\/09\/25\/clientes-podem-agora-dividir-pagamentos-no-ifood\/","name":"Clientes podem agora dividir pagamentos no iFood. - Motorista.com.br","isPartOf":{"@id":"https:\/\/motorista.com.br\/noticias\/#website"},"primaryImageOfPage":{"@id":"https:\/\/motorista.com.br\/noticias\/2025\/09\/25\/clientes-podem-agora-dividir-pagamentos-no-ifood\/#primaryimage"},"image":{"@id":"https:\/\/motorista.com.br\/noticias\/2025\/09\/25\/clientes-podem-agora-dividir-pagamentos-no-ifood\/#primaryimage"},"thumbnailUrl":"https:\/\/motorista.com.br\/noticias\/wp-content\/uploads\/2025\/09\/iFood-Pago.png","datePublished":"2025-09-25T20:37:27+00:00","breadcrumb":{"@id":"https:\/\/motorista.com.br\/noticias\/2025\/09\/25\/clientes-podem-agora-dividir-pagamentos-no-ifood\/#breadcrumb"},"inLanguage":"pt-BR","potentialAction":[{"@type":"ReadAction","target":["https:\/\/motorista.com.br\/noticias\/2025\/09\/25\/clientes-podem-agora-dividir-pagamentos-no-ifood\/"]}]},{"@type":"ImageObject","inLanguage":"pt-BR","@id":"https:\/\/motorista.com.br\/noticias\/2025\/09\/25\/clientes-podem-agora-dividir-pagamentos-no-ifood\/#primaryimage","url":"https:\/\/motorista.com.br\/noticias\/wp-content\/uploads\/2025\/09\/iFood-Pago.png","contentUrl":"https:\/\/motorista.com.br\/noticias\/wp-content\/uploads\/2025\/09\/iFood-Pago.png","width":600,"height":350},{"@type":"BreadcrumbList","@id":"https:\/\/motorista.com.br\/noticias\/2025\/09\/25\/clientes-podem-agora-dividir-pagamentos-no-ifood\/#breadcrumb","itemListElement":[{"@type":"ListItem","position":1,"name":"In\u00edcio","item":"https:\/\/motorista.com.br\/noticias\/"},{"@type":"ListItem","position":2,"name":"Clientes podem agora dividir pagamentos no iFood."}]},{"@type":"WebSite","@id":"https:\/\/motorista.com.br\/noticias\/#website","url":"https:\/\/motorista.com.br\/noticias\/","name":"Motorista.com.br","description":"Not\u00edcia do Motorista","publisher":{"@id":"https:\/\/motorista.com.br\/noticias\/#organization"},"potentialAction":[{"@type":"SearchAction","target":{"@type":"EntryPoint","urlTemplate":"https:\/\/motorista.com.br\/noticias\/?s={search_term_string}"},"query-input":{"@type":"PropertyValueSpecification","valueRequired":true,"valueName":"search_term_string"}}],"inLanguage":"pt-BR"},{"@type":"Organization","@id":"https:\/\/motorista.com.br\/noticias\/#organization","name":"Motorista.com.br","url":"https:\/\/motorista.com.br\/noticias\/","logo":{"@type":"ImageObject","inLanguage":"pt-BR","@id":"https:\/\/motorista.com.br\/noticias\/#\/schema\/logo\/image\/","url":"https:\/\/motorista.com.br\/noticias\/wp-content\/uploads\/2025\/06\/Design-sem-nome-9.png","contentUrl":"https:\/\/motorista.com.br\/noticias\/wp-content\/uploads\/2025\/06\/Design-sem-nome-9.png","width":150,"height":85,"caption":"Motorista.com.br"},"image":{"@id":"https:\/\/motorista.com.br\/noticias\/#\/schema\/logo\/image\/"}},{"@type":"Person","@id":"https:\/\/motorista.com.br\/noticias\/#\/schema\/person\/dc93afc2981c0e3ce6bc3c053fd847be","name":"Equipe Reda\u00e7\u00e3o","image":{"@type":"ImageObject","inLanguage":"pt-BR","@id":"https:\/\/secure.gravatar.com\/avatar\/4f525efbf18dd2bb300ccad28bfb99d95a9465a5ba268407c8c37b37e1f28d2d?s=96&d=mm&r=g9e099043a0c61e9ae27e293b9fa75ffc","url":"https:\/\/secure.gravatar.com\/avatar\/4f525efbf18dd2bb300ccad28bfb99d95a9465a5ba268407c8c37b37e1f28d2d?s=96&d=mm&r=g","contentUrl":"https:\/\/secure.gravatar.com\/avatar\/4f525efbf18dd2bb300ccad28bfb99d95a9465a5ba268407c8c37b37e1f28d2d?s=96&d=mm&r=g","caption":"Equipe Reda\u00e7\u00e3o"},"description":"Equipe de reda\u00e7\u00e3o \u00e9 um grupo de profissionais que trabalham juntos para criar conte\u00fado escrito para Motorista.com.br","url":"https:\/\/motorista.com.br\/noticias\/author\/equiperedacao\/"}]}},"_links":{"self":[{"href":"https:\/\/motorista.com.br\/noticias\/wp-json\/wp\/v2\/posts\/4801","targetHints":{"allow":["GET"]}}],"collection":[{"href":"https:\/\/motorista.com.br\/noticias\/wp-json\/wp\/v2\/posts"}],"about":[{"href":"https:\/\/motorista.com.br\/noticias\/wp-json\/wp\/v2\/types\/post"}],"author":[{"embeddable":true,"href":"https:\/\/motorista.com.br\/noticias\/wp-json\/wp\/v2\/users\/4"}],"replies":[{"embeddable":true,"href":"https:\/\/motorista.com.br\/noticias\/wp-json\/wp\/v2\/comments?post=4801"}],"version-history":[{"count":0,"href":"https:\/\/motorista.com.br\/noticias\/wp-json\/wp\/v2\/posts\/4801\/revisions"}],"wp:featuredmedia":[{"embeddable":true,"href":"https:\/\/motorista.com.br\/noticias\/wp-json\/wp\/v2\/media\/4802"}],"wp:attachment":[{"href":"https:\/\/motorista.com.br\/noticias\/wp-json\/wp\/v2\/media?parent=4801"}],"wp:term":[{"taxonomy":"category","embeddable":true,"href":"https:\/\/motorista.com.br\/noticias\/wp-json\/wp\/v2\/categories?post=4801"},{"taxonomy":"post_tag","embeddable":true,"href":"https:\/\/motorista.com.br\/noticias\/wp-json\/wp\/v2\/tags?post=4801"},{"taxonomy":"author","embeddable":true,"href":"https:\/\/motorista.com.br\/noticias\/wp-json\/wp\/v2\/coauthors?post=4801"}],"curies":[{"name":"wp","href":"https:\/\/api.w.org\/{rel}","templated":true}]}}