{"id":4797,"date":"2025-09-25T13:32:35","date_gmt":"2025-09-25T16:32:35","guid":{"rendered":"https:\/\/motorista.com.br\/noticias\/2025\/09\/25\/quatro-passageiros-no-carro-nova-regra-da-uber-preocupa-motoristas\/"},"modified":"2025-09-25T13:32:35","modified_gmt":"2025-09-25T16:32:35","slug":"quatro-passageiros-no-carro-nova-regra-da-uber-preocupa-motoristas","status":"publish","type":"post","link":"https:\/\/motorista.com.br\/noticias\/2025\/09\/25\/quatro-passageiros-no-carro-nova-regra-da-uber-preocupa-motoristas\/","title":{"rendered":"Quatro passageiros no carro? Nova regra da Uber preocupa motoristas."},"content":{"rendered":"<p><\/p>\n<p><strong>Quatro passageiros no carro? Decis\u00e3o da Uber aumenta inseguran\u00e7a do motorista<\/strong><\/p>\n<p>Depois de anos de incertezas, a Uber finalmente se posicionou sobre a quest\u00e3o controversa da possibilidade de levar quatro passageiros: agora \u00e9 oficialmente permitido. Durante a pandemia, muitos motoristas habituaram-se a transportar apenas tr\u00eas pessoas, todos no banco traseiro, incentivados at\u00e9 pela pr\u00f3pria empresa, que implementou medidas, como acr\u00edlicos nos ve\u00edculos, para limitar o contato fisico. Com essa nova diretriz, os condutores t\u00eam a op\u00e7\u00e3o de recusar, mas isso levanta importantes quest\u00f5es sobre seguran\u00e7a e conforto nas corridas.<\/p>\n<h3>Conforto ou seguran\u00e7a?<\/h3>\n<p>A decis\u00e3o de aceitar um quarto passageiro pode parecer uma oportunidade de aumentar a renda, mas entendemos as preocupa\u00e7\u00f5es dos motoristas. O risco de assaltos, por exemplo, \u00e9 uma realidade quando um cliente se senta ao lado do condutor, especialmente em situa\u00e7\u00f5es onde passageiros adicionais podem se tornar uma amea\u00e7a. Al\u00e9m disso, o peso extra impacta n\u00e3o s\u00f3 o conforto, mas tamb\u00e9m a mec\u00e2nica do ve\u00edculo, resultando em maior consumo de combust\u00edvel e desgaste acelerado, o que pode ser um fator significativo no custo de opera\u00e7\u00e3o do carro.<\/p>\n<h3>Uber x 99: o que \u00e9 diferente?<\/h3>\n<p>Uma quest\u00e3o adicional \u00e9 a compara\u00e7\u00e3o com a 99, que mant\u00e9m o limite de tr\u00eas passageiros. Essa diferen\u00e7a gera confus\u00e3o tanto entre usu\u00e1rios quanto entre motoristas. O passageiro que abre o aplicativo da Uber e v\u00ea a op\u00e7\u00e3o de quatro passageiros pode n\u00e3o estar ciente de que nem todos os motoristas aceitam essa configura\u00e7\u00e3o, levando a desentendimentos e cancelamentos de corridas. Isso, certamente, impacta a mobilidade geral, pois se trata de um sistema que deveria proporcionar efici\u00eancia, mas que acaba criando impasses.<\/p>\n<h3>A contradi\u00e7\u00e3o do posicionamento da Uber<\/h3>\n<p>Enquanto a Uber afirma que o motorista pode recusar corridas com quatro passageiros, h\u00e1 penaliza\u00e7\u00f5es associadas a essas recusas, o que torna essa &quot;liberdade&quot; uma armadilha. A reputa\u00e7\u00e3o do motorista est\u00e1 em jogo: um simples relato de um passageiro pode resultar em notifica\u00e7\u00f5es e, em casos mais graves, at\u00e9 em bloqueios do aplicativo. Assim, a promessa de autonomia se desfaz diante da necessidade de manter uma boa avalia\u00e7\u00e3o, gerando uma press\u00e3o que pode intensificar a inseguran\u00e7a desses profissionais.<\/p>\n<h3>Como se proteger nessa situa\u00e7\u00e3o?<\/h3>\n<p>Para motoristas que preferem n\u00e3o transportar quatro passageiros, \u00e9 essencial documentar tudo via aplicativo. \u00c9 recomendado usar o chat para esclarecer que a recusa est\u00e1 ligada a quest\u00f5es de seguran\u00e7a. Aceitar tr\u00eas passageiros e solicitar que o cliente chame outro carro pode acarretar avalia\u00e7\u00f5es negativas, prejudicando a conta e, por consequ\u00eancia, a fonte de renda.<\/p>\n<p>A responsabilidade por essa situa\u00e7\u00e3o novamente recai sobre os motoristas. A Uber, ao n\u00e3o assumir uma posi\u00e7\u00e3o mais clara, transferiu o problema para aqueles que est\u00e3o efetivamente nas ruas, criando uma sensa\u00e7\u00e3o de desprotec\u00e7\u00e3o. Essa din\u00e2mica prejudica a confian\u00e7a na plataforma e, consequentemente, a satisfa\u00e7\u00e3o dos usu\u00e1rios, que esperam um servi\u00e7o seguro e est\u00e1vel.<\/p>\n<p>Em suma, a decis\u00e3o da Uber de permitir quatro passageiros n\u00e3o apenas destaca as inseguran\u00e7as enfrentadas pelos motoristas, mas tamb\u00e9m reflete um dilema maior em rela\u00e7\u00e3o \u00e0 mobilidade urbana. \u00c9 fundamental que os motoristas avaliem o risco e o tamanho da recompensa ao aceitar essa nova configura\u00e7\u00e3o \u2013 afinal, a seguran\u00e7a deve sempre estar em primeiro lugar. E voc\u00ea, como se posiciona diante dessa situa\u00e7\u00e3o? Compartilhe sua opini\u00e3o!<\/p>\n","protected":false},"excerpt":{"rendered":"<p>Quatro passageiros no carro? Decis\u00e3o da Uber aumenta inseguran\u00e7a do motorista Depois de anos de incertezas, a Uber finalmente se posicionou sobre a quest\u00e3o controversa da possibilidade de levar quatro passageiros: agora \u00e9 oficialmente permitido. Durante a pandemia, muitos motoristas habituaram-se a transportar apenas tr\u00eas pessoas, todos no banco traseiro, incentivados at\u00e9 pela pr\u00f3pria empresa, &hellip;<\/p>\n","protected":false},"author":4,"featured_media":4798,"comment_status":"","ping_status":"open","sticky":false,"template":"","format":"standard","meta":{"footnotes":""},"categories":[49,77],"tags":[],"coauthors":[42],"class_list":["post-4797","post","type-post","status-publish","format-standard","has-post-thumbnail","hentry","category-aplicativos","category-motorista"],"yoast_head":"<!-- This site is optimized with the Yoast SEO Premium plugin v25.5 (Yoast SEO v27.4) - https:\/\/yoast.com\/product\/yoast-seo-premium-wordpress\/ -->\n<title>Quatro passageiros no carro? Nova regra da Uber preocupa motoristas. - Motorista.com.br<\/title>\n<meta name=\"robots\" content=\"index, follow, max-snippet:-1, max-image-preview:large, max-video-preview:-1\" \/>\n<link rel=\"canonical\" href=\"https:\/\/motorista.com.br\/noticias\/2025\/09\/25\/quatro-passageiros-no-carro-nova-regra-da-uber-preocupa-motoristas\/\" \/>\n<meta property=\"og:locale\" content=\"pt_BR\" \/>\n<meta property=\"og:type\" content=\"article\" \/>\n<meta property=\"og:title\" content=\"Quatro passageiros no carro? Nova regra da Uber preocupa motoristas.\" \/>\n<meta property=\"og:description\" content=\"Quatro passageiros no carro? Decis\u00e3o da Uber aumenta inseguran\u00e7a do motorista Depois de anos de incertezas, a Uber finalmente se posicionou sobre a quest\u00e3o controversa da possibilidade de levar quatro passageiros: agora \u00e9 oficialmente permitido. Durante a pandemia, muitos motoristas habituaram-se a transportar apenas tr\u00eas pessoas, todos no banco traseiro, incentivados at\u00e9 pela pr\u00f3pria empresa, &hellip;\" \/>\n<meta property=\"og:url\" content=\"https:\/\/motorista.com.br\/noticias\/2025\/09\/25\/quatro-passageiros-no-carro-nova-regra-da-uber-preocupa-motoristas\/\" \/>\n<meta property=\"og:site_name\" content=\"Motorista.com.br\" \/>\n<meta property=\"article:published_time\" content=\"2025-09-25T16:32:35+00:00\" \/>\n<meta name=\"author\" content=\"Equipe Reda\u00e7\u00e3o\" \/>\n<meta name=\"twitter:card\" content=\"summary_large_image\" \/>\n<meta name=\"twitter:label1\" content=\"Escrito por\" \/>\n\t<meta name=\"twitter:data1\" content=\"Equipe Reda\u00e7\u00e3o\" \/>\n\t<meta name=\"twitter:label2\" content=\"Est. tempo de leitura\" \/>\n\t<meta name=\"twitter:data2\" content=\"3 minutos\" \/>\n\t<meta name=\"twitter:label3\" content=\"Written by\" \/>\n\t<meta name=\"twitter:data3\" content=\"Equipe Reda\u00e7\u00e3o\" \/>\n<script type=\"application\/ld+json\" class=\"yoast-schema-graph\">{\"@context\":\"https:\\\/\\\/schema.org\",\"@graph\":[{\"@type\":\"Article\",\"@id\":\"https:\\\/\\\/motorista.com.br\\\/noticias\\\/2025\\\/09\\\/25\\\/quatro-passageiros-no-carro-nova-regra-da-uber-preocupa-motoristas\\\/#article\",\"isPartOf\":{\"@id\":\"https:\\\/\\\/motorista.com.br\\\/noticias\\\/2025\\\/09\\\/25\\\/quatro-passageiros-no-carro-nova-regra-da-uber-preocupa-motoristas\\\/\"},\"author\":{\"name\":\"Equipe Reda\u00e7\u00e3o\",\"@id\":\"https:\\\/\\\/motorista.com.br\\\/noticias\\\/#\\\/schema\\\/person\\\/dc93afc2981c0e3ce6bc3c053fd847be\"},\"headline\":\"Quatro passageiros no carro? Nova regra da Uber preocupa motoristas.\",\"datePublished\":\"2025-09-25T16:32:35+00:00\",\"mainEntityOfPage\":{\"@id\":\"https:\\\/\\\/motorista.com.br\\\/noticias\\\/2025\\\/09\\\/25\\\/quatro-passageiros-no-carro-nova-regra-da-uber-preocupa-motoristas\\\/\"},\"wordCount\":605,\"publisher\":{\"@id\":\"https:\\\/\\\/motorista.com.br\\\/noticias\\\/#organization\"},\"image\":{\"@id\":\"https:\\\/\\\/motorista.com.br\\\/noticias\\\/2025\\\/09\\\/25\\\/quatro-passageiros-no-carro-nova-regra-da-uber-preocupa-motoristas\\\/#primaryimage\"},\"thumbnailUrl\":\"https:\\\/\\\/motorista.com.br\\\/noticias\\\/wp-content\\\/uploads\\\/2025\\\/09\\\/Ian-Rocha-para-o-55content-e1758812544538.jpeg\",\"articleSection\":[\"Aplicativos\",\"Motorista\"],\"inLanguage\":\"pt-BR\"},{\"@type\":\"WebPage\",\"@id\":\"https:\\\/\\\/motorista.com.br\\\/noticias\\\/2025\\\/09\\\/25\\\/quatro-passageiros-no-carro-nova-regra-da-uber-preocupa-motoristas\\\/\",\"url\":\"https:\\\/\\\/motorista.com.br\\\/noticias\\\/2025\\\/09\\\/25\\\/quatro-passageiros-no-carro-nova-regra-da-uber-preocupa-motoristas\\\/\",\"name\":\"Quatro passageiros no carro? Nova regra da Uber preocupa motoristas. - Motorista.com.br\",\"isPartOf\":{\"@id\":\"https:\\\/\\\/motorista.com.br\\\/noticias\\\/#website\"},\"primaryImageOfPage\":{\"@id\":\"https:\\\/\\\/motorista.com.br\\\/noticias\\\/2025\\\/09\\\/25\\\/quatro-passageiros-no-carro-nova-regra-da-uber-preocupa-motoristas\\\/#primaryimage\"},\"image\":{\"@id\":\"https:\\\/\\\/motorista.com.br\\\/noticias\\\/2025\\\/09\\\/25\\\/quatro-passageiros-no-carro-nova-regra-da-uber-preocupa-motoristas\\\/#primaryimage\"},\"thumbnailUrl\":\"https:\\\/\\\/motorista.com.br\\\/noticias\\\/wp-content\\\/uploads\\\/2025\\\/09\\\/Ian-Rocha-para-o-55content-e1758812544538.jpeg\",\"datePublished\":\"2025-09-25T16:32:35+00:00\",\"breadcrumb\":{\"@id\":\"https:\\\/\\\/motorista.com.br\\\/noticias\\\/2025\\\/09\\\/25\\\/quatro-passageiros-no-carro-nova-regra-da-uber-preocupa-motoristas\\\/#breadcrumb\"},\"inLanguage\":\"pt-BR\",\"potentialAction\":[{\"@type\":\"ReadAction\",\"target\":[\"https:\\\/\\\/motorista.com.br\\\/noticias\\\/2025\\\/09\\\/25\\\/quatro-passageiros-no-carro-nova-regra-da-uber-preocupa-motoristas\\\/\"]}]},{\"@type\":\"ImageObject\",\"inLanguage\":\"pt-BR\",\"@id\":\"https:\\\/\\\/motorista.com.br\\\/noticias\\\/2025\\\/09\\\/25\\\/quatro-passageiros-no-carro-nova-regra-da-uber-preocupa-motoristas\\\/#primaryimage\",\"url\":\"https:\\\/\\\/motorista.com.br\\\/noticias\\\/wp-content\\\/uploads\\\/2025\\\/09\\\/Ian-Rocha-para-o-55content-e1758812544538.jpeg\",\"contentUrl\":\"https:\\\/\\\/motorista.com.br\\\/noticias\\\/wp-content\\\/uploads\\\/2025\\\/09\\\/Ian-Rocha-para-o-55content-e1758812544538.jpeg\",\"width\":960,\"height\":678},{\"@type\":\"BreadcrumbList\",\"@id\":\"https:\\\/\\\/motorista.com.br\\\/noticias\\\/2025\\\/09\\\/25\\\/quatro-passageiros-no-carro-nova-regra-da-uber-preocupa-motoristas\\\/#breadcrumb\",\"itemListElement\":[{\"@type\":\"ListItem\",\"position\":1,\"name\":\"In\u00edcio\",\"item\":\"https:\\\/\\\/motorista.com.br\\\/noticias\\\/\"},{\"@type\":\"ListItem\",\"position\":2,\"name\":\"Quatro passageiros no carro? Nova regra da Uber preocupa motoristas.\"}]},{\"@type\":\"WebSite\",\"@id\":\"https:\\\/\\\/motorista.com.br\\\/noticias\\\/#website\",\"url\":\"https:\\\/\\\/motorista.com.br\\\/noticias\\\/\",\"name\":\"Motorista.com.br\",\"description\":\"Not\u00edcia do Motorista\",\"publisher\":{\"@id\":\"https:\\\/\\\/motorista.com.br\\\/noticias\\\/#organization\"},\"potentialAction\":[{\"@type\":\"SearchAction\",\"target\":{\"@type\":\"EntryPoint\",\"urlTemplate\":\"https:\\\/\\\/motorista.com.br\\\/noticias\\\/?s={search_term_string}\"},\"query-input\":{\"@type\":\"PropertyValueSpecification\",\"valueRequired\":true,\"valueName\":\"search_term_string\"}}],\"inLanguage\":\"pt-BR\"},{\"@type\":\"Organization\",\"@id\":\"https:\\\/\\\/motorista.com.br\\\/noticias\\\/#organization\",\"name\":\"Motorista.com.br\",\"url\":\"https:\\\/\\\/motorista.com.br\\\/noticias\\\/\",\"logo\":{\"@type\":\"ImageObject\",\"inLanguage\":\"pt-BR\",\"@id\":\"https:\\\/\\\/motorista.com.br\\\/noticias\\\/#\\\/schema\\\/logo\\\/image\\\/\",\"url\":\"https:\\\/\\\/motorista.com.br\\\/noticias\\\/wp-content\\\/uploads\\\/2025\\\/06\\\/Design-sem-nome-9.png\",\"contentUrl\":\"https:\\\/\\\/motorista.com.br\\\/noticias\\\/wp-content\\\/uploads\\\/2025\\\/06\\\/Design-sem-nome-9.png\",\"width\":150,\"height\":85,\"caption\":\"Motorista.com.br\"},\"image\":{\"@id\":\"https:\\\/\\\/motorista.com.br\\\/noticias\\\/#\\\/schema\\\/logo\\\/image\\\/\"}},{\"@type\":\"Person\",\"@id\":\"https:\\\/\\\/motorista.com.br\\\/noticias\\\/#\\\/schema\\\/person\\\/dc93afc2981c0e3ce6bc3c053fd847be\",\"name\":\"Equipe Reda\u00e7\u00e3o\",\"image\":{\"@type\":\"ImageObject\",\"inLanguage\":\"pt-BR\",\"@id\":\"https:\\\/\\\/secure.gravatar.com\\\/avatar\\\/4f525efbf18dd2bb300ccad28bfb99d95a9465a5ba268407c8c37b37e1f28d2d?s=96&d=mm&r=g9e099043a0c61e9ae27e293b9fa75ffc\",\"url\":\"https:\\\/\\\/secure.gravatar.com\\\/avatar\\\/4f525efbf18dd2bb300ccad28bfb99d95a9465a5ba268407c8c37b37e1f28d2d?s=96&d=mm&r=g\",\"contentUrl\":\"https:\\\/\\\/secure.gravatar.com\\\/avatar\\\/4f525efbf18dd2bb300ccad28bfb99d95a9465a5ba268407c8c37b37e1f28d2d?s=96&d=mm&r=g\",\"caption\":\"Equipe Reda\u00e7\u00e3o\"},\"description\":\"Equipe de reda\u00e7\u00e3o \u00e9 um grupo de profissionais que trabalham juntos para criar conte\u00fado escrito para Motorista.com.br\",\"url\":\"https:\\\/\\\/motorista.com.br\\\/noticias\\\/author\\\/equiperedacao\\\/\"}]}<\/script>\n<!-- \/ Yoast SEO Premium plugin. -->","yoast_head_json":{"title":"Quatro passageiros no carro? Nova regra da Uber preocupa motoristas. - Motorista.com.br","robots":{"index":"index","follow":"follow","max-snippet":"max-snippet:-1","max-image-preview":"max-image-preview:large","max-video-preview":"max-video-preview:-1"},"canonical":"https:\/\/motorista.com.br\/noticias\/2025\/09\/25\/quatro-passageiros-no-carro-nova-regra-da-uber-preocupa-motoristas\/","og_locale":"pt_BR","og_type":"article","og_title":"Quatro passageiros no carro? Nova regra da Uber preocupa motoristas.","og_description":"Quatro passageiros no carro? Decis\u00e3o da Uber aumenta inseguran\u00e7a do motorista Depois de anos de incertezas, a Uber finalmente se posicionou sobre a quest\u00e3o controversa da possibilidade de levar quatro passageiros: agora \u00e9 oficialmente permitido. Durante a pandemia, muitos motoristas habituaram-se a transportar apenas tr\u00eas pessoas, todos no banco traseiro, incentivados at\u00e9 pela pr\u00f3pria empresa, &hellip;","og_url":"https:\/\/motorista.com.br\/noticias\/2025\/09\/25\/quatro-passageiros-no-carro-nova-regra-da-uber-preocupa-motoristas\/","og_site_name":"Motorista.com.br","article_published_time":"2025-09-25T16:32:35+00:00","author":"Equipe Reda\u00e7\u00e3o","twitter_card":"summary_large_image","twitter_misc":{"Escrito por":"Equipe Reda\u00e7\u00e3o","Est. tempo de leitura":"3 minutos","Written by":"Equipe Reda\u00e7\u00e3o"},"schema":{"@context":"https:\/\/schema.org","@graph":[{"@type":"Article","@id":"https:\/\/motorista.com.br\/noticias\/2025\/09\/25\/quatro-passageiros-no-carro-nova-regra-da-uber-preocupa-motoristas\/#article","isPartOf":{"@id":"https:\/\/motorista.com.br\/noticias\/2025\/09\/25\/quatro-passageiros-no-carro-nova-regra-da-uber-preocupa-motoristas\/"},"author":{"name":"Equipe Reda\u00e7\u00e3o","@id":"https:\/\/motorista.com.br\/noticias\/#\/schema\/person\/dc93afc2981c0e3ce6bc3c053fd847be"},"headline":"Quatro passageiros no carro? Nova regra da Uber preocupa motoristas.","datePublished":"2025-09-25T16:32:35+00:00","mainEntityOfPage":{"@id":"https:\/\/motorista.com.br\/noticias\/2025\/09\/25\/quatro-passageiros-no-carro-nova-regra-da-uber-preocupa-motoristas\/"},"wordCount":605,"publisher":{"@id":"https:\/\/motorista.com.br\/noticias\/#organization"},"image":{"@id":"https:\/\/motorista.com.br\/noticias\/2025\/09\/25\/quatro-passageiros-no-carro-nova-regra-da-uber-preocupa-motoristas\/#primaryimage"},"thumbnailUrl":"https:\/\/motorista.com.br\/noticias\/wp-content\/uploads\/2025\/09\/Ian-Rocha-para-o-55content-e1758812544538.jpeg","articleSection":["Aplicativos","Motorista"],"inLanguage":"pt-BR"},{"@type":"WebPage","@id":"https:\/\/motorista.com.br\/noticias\/2025\/09\/25\/quatro-passageiros-no-carro-nova-regra-da-uber-preocupa-motoristas\/","url":"https:\/\/motorista.com.br\/noticias\/2025\/09\/25\/quatro-passageiros-no-carro-nova-regra-da-uber-preocupa-motoristas\/","name":"Quatro passageiros no carro? Nova regra da Uber preocupa motoristas. - Motorista.com.br","isPartOf":{"@id":"https:\/\/motorista.com.br\/noticias\/#website"},"primaryImageOfPage":{"@id":"https:\/\/motorista.com.br\/noticias\/2025\/09\/25\/quatro-passageiros-no-carro-nova-regra-da-uber-preocupa-motoristas\/#primaryimage"},"image":{"@id":"https:\/\/motorista.com.br\/noticias\/2025\/09\/25\/quatro-passageiros-no-carro-nova-regra-da-uber-preocupa-motoristas\/#primaryimage"},"thumbnailUrl":"https:\/\/motorista.com.br\/noticias\/wp-content\/uploads\/2025\/09\/Ian-Rocha-para-o-55content-e1758812544538.jpeg","datePublished":"2025-09-25T16:32:35+00:00","breadcrumb":{"@id":"https:\/\/motorista.com.br\/noticias\/2025\/09\/25\/quatro-passageiros-no-carro-nova-regra-da-uber-preocupa-motoristas\/#breadcrumb"},"inLanguage":"pt-BR","potentialAction":[{"@type":"ReadAction","target":["https:\/\/motorista.com.br\/noticias\/2025\/09\/25\/quatro-passageiros-no-carro-nova-regra-da-uber-preocupa-motoristas\/"]}]},{"@type":"ImageObject","inLanguage":"pt-BR","@id":"https:\/\/motorista.com.br\/noticias\/2025\/09\/25\/quatro-passageiros-no-carro-nova-regra-da-uber-preocupa-motoristas\/#primaryimage","url":"https:\/\/motorista.com.br\/noticias\/wp-content\/uploads\/2025\/09\/Ian-Rocha-para-o-55content-e1758812544538.jpeg","contentUrl":"https:\/\/motorista.com.br\/noticias\/wp-content\/uploads\/2025\/09\/Ian-Rocha-para-o-55content-e1758812544538.jpeg","width":960,"height":678},{"@type":"BreadcrumbList","@id":"https:\/\/motorista.com.br\/noticias\/2025\/09\/25\/quatro-passageiros-no-carro-nova-regra-da-uber-preocupa-motoristas\/#breadcrumb","itemListElement":[{"@type":"ListItem","position":1,"name":"In\u00edcio","item":"https:\/\/motorista.com.br\/noticias\/"},{"@type":"ListItem","position":2,"name":"Quatro passageiros no carro? Nova regra da Uber preocupa motoristas."}]},{"@type":"WebSite","@id":"https:\/\/motorista.com.br\/noticias\/#website","url":"https:\/\/motorista.com.br\/noticias\/","name":"Motorista.com.br","description":"Not\u00edcia do Motorista","publisher":{"@id":"https:\/\/motorista.com.br\/noticias\/#organization"},"potentialAction":[{"@type":"SearchAction","target":{"@type":"EntryPoint","urlTemplate":"https:\/\/motorista.com.br\/noticias\/?s={search_term_string}"},"query-input":{"@type":"PropertyValueSpecification","valueRequired":true,"valueName":"search_term_string"}}],"inLanguage":"pt-BR"},{"@type":"Organization","@id":"https:\/\/motorista.com.br\/noticias\/#organization","name":"Motorista.com.br","url":"https:\/\/motorista.com.br\/noticias\/","logo":{"@type":"ImageObject","inLanguage":"pt-BR","@id":"https:\/\/motorista.com.br\/noticias\/#\/schema\/logo\/image\/","url":"https:\/\/motorista.com.br\/noticias\/wp-content\/uploads\/2025\/06\/Design-sem-nome-9.png","contentUrl":"https:\/\/motorista.com.br\/noticias\/wp-content\/uploads\/2025\/06\/Design-sem-nome-9.png","width":150,"height":85,"caption":"Motorista.com.br"},"image":{"@id":"https:\/\/motorista.com.br\/noticias\/#\/schema\/logo\/image\/"}},{"@type":"Person","@id":"https:\/\/motorista.com.br\/noticias\/#\/schema\/person\/dc93afc2981c0e3ce6bc3c053fd847be","name":"Equipe Reda\u00e7\u00e3o","image":{"@type":"ImageObject","inLanguage":"pt-BR","@id":"https:\/\/secure.gravatar.com\/avatar\/4f525efbf18dd2bb300ccad28bfb99d95a9465a5ba268407c8c37b37e1f28d2d?s=96&d=mm&r=g9e099043a0c61e9ae27e293b9fa75ffc","url":"https:\/\/secure.gravatar.com\/avatar\/4f525efbf18dd2bb300ccad28bfb99d95a9465a5ba268407c8c37b37e1f28d2d?s=96&d=mm&r=g","contentUrl":"https:\/\/secure.gravatar.com\/avatar\/4f525efbf18dd2bb300ccad28bfb99d95a9465a5ba268407c8c37b37e1f28d2d?s=96&d=mm&r=g","caption":"Equipe Reda\u00e7\u00e3o"},"description":"Equipe de reda\u00e7\u00e3o \u00e9 um grupo de profissionais que trabalham juntos para criar conte\u00fado escrito para Motorista.com.br","url":"https:\/\/motorista.com.br\/noticias\/author\/equiperedacao\/"}]}},"_links":{"self":[{"href":"https:\/\/motorista.com.br\/noticias\/wp-json\/wp\/v2\/posts\/4797","targetHints":{"allow":["GET"]}}],"collection":[{"href":"https:\/\/motorista.com.br\/noticias\/wp-json\/wp\/v2\/posts"}],"about":[{"href":"https:\/\/motorista.com.br\/noticias\/wp-json\/wp\/v2\/types\/post"}],"author":[{"embeddable":true,"href":"https:\/\/motorista.com.br\/noticias\/wp-json\/wp\/v2\/users\/4"}],"replies":[{"embeddable":true,"href":"https:\/\/motorista.com.br\/noticias\/wp-json\/wp\/v2\/comments?post=4797"}],"version-history":[{"count":0,"href":"https:\/\/motorista.com.br\/noticias\/wp-json\/wp\/v2\/posts\/4797\/revisions"}],"wp:featuredmedia":[{"embeddable":true,"href":"https:\/\/motorista.com.br\/noticias\/wp-json\/wp\/v2\/media\/4798"}],"wp:attachment":[{"href":"https:\/\/motorista.com.br\/noticias\/wp-json\/wp\/v2\/media?parent=4797"}],"wp:term":[{"taxonomy":"category","embeddable":true,"href":"https:\/\/motorista.com.br\/noticias\/wp-json\/wp\/v2\/categories?post=4797"},{"taxonomy":"post_tag","embeddable":true,"href":"https:\/\/motorista.com.br\/noticias\/wp-json\/wp\/v2\/tags?post=4797"},{"taxonomy":"author","embeddable":true,"href":"https:\/\/motorista.com.br\/noticias\/wp-json\/wp\/v2\/coauthors?post=4797"}],"curies":[{"name":"wp","href":"https:\/\/api.w.org\/{rel}","templated":true}]}}