{"id":4111,"date":"2025-09-06T17:06:31","date_gmt":"2025-09-06T20:06:31","guid":{"rendered":"https:\/\/motorista.com.br\/noticias\/2025\/09\/06\/grilo-mobilidade-avalia-carro-eletrico-da-byd-para-entregas-urbanas\/"},"modified":"2025-09-06T17:06:31","modified_gmt":"2025-09-06T20:06:31","slug":"grilo-mobilidade-avalia-carro-eletrico-da-byd-para-entregas-urbanas","status":"publish","type":"post","link":"https:\/\/motorista.com.br\/noticias\/2025\/09\/06\/grilo-mobilidade-avalia-carro-eletrico-da-byd-para-entregas-urbanas\/","title":{"rendered":"Grilo Mobilidade avalia carro el\u00e9trico da BYD para entregas urbanas."},"content":{"rendered":"<p><\/p>\n<p><strong>Grilo Mobilidade testa ve\u00edculo el\u00e9trico da BYD para entregas urbanas<\/strong><\/p>\n<p>A Grilo Mobilidade est\u00e1 atualmente realizando testes com o ve\u00edculo el\u00e9trico Dolphin Mini Cargo, da BYD, focado na log\u00edstica de \u00faltima milha em ambientes urbanos. Este modelo, caracterizado pelo seu tamanho compacto e efici\u00eancia energ\u00e9tica, pode representar uma mudan\u00e7a significativa na forma como as entregas s\u00e3o realizadas nas cidades.<\/p>\n<p>Os motoristas que operam em \u00e1reas urbanas frequentemente enfrentam uma s\u00e9rie de desafios, como congestionamentos e a crescente preocupa\u00e7\u00e3o com a polui\u00e7\u00e3o do ar. A introdu\u00e7\u00e3o de ve\u00edculos el\u00e9tricos como o Dolphin Mini Cargo n\u00e3o s\u00f3 promete reduzir a emiss\u00e3o de gases poluentes, mas tamb\u00e9m pode proporcionar uma experi\u00eancia de condu\u00e7\u00e3o mais suave e econ\u00f4mica. Com uma autonomia adequada para percursos urbanos, esses ve\u00edculos podem reduzir os custos operacionais relacionados ao combust\u00edvel e \u00e0 manuten\u00e7\u00e3o, beneficiando diretamente os motoristas.<\/p>\n<p>Al\u00e9m disso, a implementa\u00e7\u00e3o de ve\u00edculos el\u00e9tricos na log\u00edstica urbana pode ter um impacto positivo na mobilidade geral. Com menos ve\u00edculos movidos a combust\u00edveis f\u00f3sseis nas ruas, espera-se uma diminui\u00e7\u00e3o no tr\u00e1fego, resultando em menos tempo perdido em engarrafamentos. Isso \u00e9 especialmente relevante em centros urbanos, onde a efici\u00eancia no transporte \u00e9 crucial para a satisfa\u00e7\u00e3o do consumidor.<\/p>\n<p>A Grilo Mobilidade n\u00e3o apenas est\u00e1 investindo em tecnologia sustent\u00e1vel, mas tamb\u00e9m contribuindo para um futuro mais verde e eficiente nas entregas urbanas. A aceita\u00e7\u00e3o e adapta\u00e7\u00e3o de ve\u00edculos el\u00e9tricos podem ser um passo em dire\u00e7\u00e3o a cidades menos polu\u00eddas e mais focadas na mobilidade sustent\u00e1vel, refor\u00e7ando a responsabilidade social e ambiental do setor de entregas.<\/p>\n<p>A evolu\u00e7\u00e3o das pr\u00e1ticas log\u00edsticas, representada por testes como o da Grilo Mobilidade, pode transformar a din\u00e2mica de transporte nas cidades, criando um ambiente mais saud\u00e1vel e din\u00e2mico para motoristas e cidad\u00e3os. A transi\u00e7\u00e3o para a mobilidade el\u00e9trica n\u00e3o \u00e9 apenas uma tend\u00eancia, mas uma necessidade para enfrentar os desafios contempor\u00e2neos da mobilidade urbana. <\/p>\n<p><em>Fonte: 55content<\/em><\/p>\n","protected":false},"excerpt":{"rendered":"<p>Grilo Mobilidade testa ve\u00edculo el\u00e9trico da BYD para entregas urbanas A Grilo Mobilidade est\u00e1 atualmente realizando testes com o ve\u00edculo el\u00e9trico Dolphin Mini Cargo, da BYD, focado na log\u00edstica de \u00faltima milha em ambientes urbanos. Este modelo, caracterizado pelo seu tamanho compacto e efici\u00eancia energ\u00e9tica, pode representar uma mudan\u00e7a significativa na forma como as entregas &hellip;<\/p>\n","protected":false},"author":4,"featured_media":4112,"comment_status":"","ping_status":"open","sticky":false,"template":"","format":"standard","meta":{"footnotes":""},"categories":[49,77],"tags":[],"coauthors":[42],"class_list":["post-4111","post","type-post","status-publish","format-standard","has-post-thumbnail","hentry","category-aplicativos","category-motorista"],"yoast_head":"<!-- This site is optimized with the Yoast SEO Premium plugin v25.5 (Yoast SEO v27.4) - https:\/\/yoast.com\/product\/yoast-seo-premium-wordpress\/ -->\n<title>Grilo Mobilidade avalia carro el\u00e9trico da BYD para entregas urbanas. - Motorista.com.br<\/title>\n<meta name=\"robots\" content=\"index, follow, max-snippet:-1, max-image-preview:large, max-video-preview:-1\" \/>\n<link rel=\"canonical\" href=\"https:\/\/motorista.com.br\/noticias\/2025\/09\/06\/grilo-mobilidade-avalia-carro-eletrico-da-byd-para-entregas-urbanas\/\" \/>\n<meta property=\"og:locale\" content=\"pt_BR\" \/>\n<meta property=\"og:type\" content=\"article\" \/>\n<meta property=\"og:title\" content=\"Grilo Mobilidade avalia carro el\u00e9trico da BYD para entregas urbanas.\" \/>\n<meta property=\"og:description\" content=\"Grilo Mobilidade testa ve\u00edculo el\u00e9trico da BYD para entregas urbanas A Grilo Mobilidade est\u00e1 atualmente realizando testes com o ve\u00edculo el\u00e9trico Dolphin Mini Cargo, da BYD, focado na log\u00edstica de \u00faltima milha em ambientes urbanos. Este modelo, caracterizado pelo seu tamanho compacto e efici\u00eancia energ\u00e9tica, pode representar uma mudan\u00e7a significativa na forma como as entregas &hellip;\" \/>\n<meta property=\"og:url\" content=\"https:\/\/motorista.com.br\/noticias\/2025\/09\/06\/grilo-mobilidade-avalia-carro-eletrico-da-byd-para-entregas-urbanas\/\" \/>\n<meta property=\"og:site_name\" content=\"Motorista.com.br\" \/>\n<meta property=\"article:published_time\" content=\"2025-09-06T20:06:31+00:00\" \/>\n<meta name=\"author\" content=\"Equipe Reda\u00e7\u00e3o\" \/>\n<meta name=\"twitter:card\" content=\"summary_large_image\" \/>\n<meta name=\"twitter:label1\" content=\"Escrito por\" \/>\n\t<meta name=\"twitter:data1\" content=\"Equipe Reda\u00e7\u00e3o\" \/>\n\t<meta name=\"twitter:label2\" content=\"Est. tempo de leitura\" \/>\n\t<meta name=\"twitter:data2\" content=\"2 minutos\" \/>\n\t<meta name=\"twitter:label3\" content=\"Written by\" \/>\n\t<meta name=\"twitter:data3\" content=\"Equipe Reda\u00e7\u00e3o\" \/>\n<script type=\"application\/ld+json\" class=\"yoast-schema-graph\">{\"@context\":\"https:\\\/\\\/schema.org\",\"@graph\":[{\"@type\":\"Article\",\"@id\":\"https:\\\/\\\/motorista.com.br\\\/noticias\\\/2025\\\/09\\\/06\\\/grilo-mobilidade-avalia-carro-eletrico-da-byd-para-entregas-urbanas\\\/#article\",\"isPartOf\":{\"@id\":\"https:\\\/\\\/motorista.com.br\\\/noticias\\\/2025\\\/09\\\/06\\\/grilo-mobilidade-avalia-carro-eletrico-da-byd-para-entregas-urbanas\\\/\"},\"author\":{\"name\":\"Equipe Reda\u00e7\u00e3o\",\"@id\":\"https:\\\/\\\/motorista.com.br\\\/noticias\\\/#\\\/schema\\\/person\\\/dc93afc2981c0e3ce6bc3c053fd847be\"},\"headline\":\"Grilo Mobilidade avalia carro el\u00e9trico da BYD para entregas urbanas.\",\"datePublished\":\"2025-09-06T20:06:31+00:00\",\"mainEntityOfPage\":{\"@id\":\"https:\\\/\\\/motorista.com.br\\\/noticias\\\/2025\\\/09\\\/06\\\/grilo-mobilidade-avalia-carro-eletrico-da-byd-para-entregas-urbanas\\\/\"},\"wordCount\":374,\"publisher\":{\"@id\":\"https:\\\/\\\/motorista.com.br\\\/noticias\\\/#organization\"},\"image\":{\"@id\":\"https:\\\/\\\/motorista.com.br\\\/noticias\\\/2025\\\/09\\\/06\\\/grilo-mobilidade-avalia-carro-eletrico-da-byd-para-entregas-urbanas\\\/#primaryimage\"},\"thumbnailUrl\":\"https:\\\/\\\/motorista.com.br\\\/noticias\\\/wp-content\\\/uploads\\\/2025\\\/09\\\/Captura-de-Tela-2025-09-05-as-08.51.31.png\",\"articleSection\":[\"Aplicativos\",\"Motorista\"],\"inLanguage\":\"pt-BR\"},{\"@type\":\"WebPage\",\"@id\":\"https:\\\/\\\/motorista.com.br\\\/noticias\\\/2025\\\/09\\\/06\\\/grilo-mobilidade-avalia-carro-eletrico-da-byd-para-entregas-urbanas\\\/\",\"url\":\"https:\\\/\\\/motorista.com.br\\\/noticias\\\/2025\\\/09\\\/06\\\/grilo-mobilidade-avalia-carro-eletrico-da-byd-para-entregas-urbanas\\\/\",\"name\":\"Grilo Mobilidade avalia carro el\u00e9trico da BYD para entregas urbanas. - Motorista.com.br\",\"isPartOf\":{\"@id\":\"https:\\\/\\\/motorista.com.br\\\/noticias\\\/#website\"},\"primaryImageOfPage\":{\"@id\":\"https:\\\/\\\/motorista.com.br\\\/noticias\\\/2025\\\/09\\\/06\\\/grilo-mobilidade-avalia-carro-eletrico-da-byd-para-entregas-urbanas\\\/#primaryimage\"},\"image\":{\"@id\":\"https:\\\/\\\/motorista.com.br\\\/noticias\\\/2025\\\/09\\\/06\\\/grilo-mobilidade-avalia-carro-eletrico-da-byd-para-entregas-urbanas\\\/#primaryimage\"},\"thumbnailUrl\":\"https:\\\/\\\/motorista.com.br\\\/noticias\\\/wp-content\\\/uploads\\\/2025\\\/09\\\/Captura-de-Tela-2025-09-05-as-08.51.31.png\",\"datePublished\":\"2025-09-06T20:06:31+00:00\",\"breadcrumb\":{\"@id\":\"https:\\\/\\\/motorista.com.br\\\/noticias\\\/2025\\\/09\\\/06\\\/grilo-mobilidade-avalia-carro-eletrico-da-byd-para-entregas-urbanas\\\/#breadcrumb\"},\"inLanguage\":\"pt-BR\",\"potentialAction\":[{\"@type\":\"ReadAction\",\"target\":[\"https:\\\/\\\/motorista.com.br\\\/noticias\\\/2025\\\/09\\\/06\\\/grilo-mobilidade-avalia-carro-eletrico-da-byd-para-entregas-urbanas\\\/\"]}]},{\"@type\":\"ImageObject\",\"inLanguage\":\"pt-BR\",\"@id\":\"https:\\\/\\\/motorista.com.br\\\/noticias\\\/2025\\\/09\\\/06\\\/grilo-mobilidade-avalia-carro-eletrico-da-byd-para-entregas-urbanas\\\/#primaryimage\",\"url\":\"https:\\\/\\\/motorista.com.br\\\/noticias\\\/wp-content\\\/uploads\\\/2025\\\/09\\\/Captura-de-Tela-2025-09-05-as-08.51.31.png\",\"contentUrl\":\"https:\\\/\\\/motorista.com.br\\\/noticias\\\/wp-content\\\/uploads\\\/2025\\\/09\\\/Captura-de-Tela-2025-09-05-as-08.51.31.png\",\"width\":1164,\"height\":772},{\"@type\":\"BreadcrumbList\",\"@id\":\"https:\\\/\\\/motorista.com.br\\\/noticias\\\/2025\\\/09\\\/06\\\/grilo-mobilidade-avalia-carro-eletrico-da-byd-para-entregas-urbanas\\\/#breadcrumb\",\"itemListElement\":[{\"@type\":\"ListItem\",\"position\":1,\"name\":\"In\u00edcio\",\"item\":\"https:\\\/\\\/motorista.com.br\\\/noticias\\\/\"},{\"@type\":\"ListItem\",\"position\":2,\"name\":\"Grilo Mobilidade avalia carro el\u00e9trico da BYD para entregas urbanas.\"}]},{\"@type\":\"WebSite\",\"@id\":\"https:\\\/\\\/motorista.com.br\\\/noticias\\\/#website\",\"url\":\"https:\\\/\\\/motorista.com.br\\\/noticias\\\/\",\"name\":\"Motorista.com.br\",\"description\":\"Not\u00edcia do Motorista\",\"publisher\":{\"@id\":\"https:\\\/\\\/motorista.com.br\\\/noticias\\\/#organization\"},\"potentialAction\":[{\"@type\":\"SearchAction\",\"target\":{\"@type\":\"EntryPoint\",\"urlTemplate\":\"https:\\\/\\\/motorista.com.br\\\/noticias\\\/?s={search_term_string}\"},\"query-input\":{\"@type\":\"PropertyValueSpecification\",\"valueRequired\":true,\"valueName\":\"search_term_string\"}}],\"inLanguage\":\"pt-BR\"},{\"@type\":\"Organization\",\"@id\":\"https:\\\/\\\/motorista.com.br\\\/noticias\\\/#organization\",\"name\":\"Motorista.com.br\",\"url\":\"https:\\\/\\\/motorista.com.br\\\/noticias\\\/\",\"logo\":{\"@type\":\"ImageObject\",\"inLanguage\":\"pt-BR\",\"@id\":\"https:\\\/\\\/motorista.com.br\\\/noticias\\\/#\\\/schema\\\/logo\\\/image\\\/\",\"url\":\"https:\\\/\\\/motorista.com.br\\\/noticias\\\/wp-content\\\/uploads\\\/2025\\\/06\\\/Design-sem-nome-9.png\",\"contentUrl\":\"https:\\\/\\\/motorista.com.br\\\/noticias\\\/wp-content\\\/uploads\\\/2025\\\/06\\\/Design-sem-nome-9.png\",\"width\":150,\"height\":85,\"caption\":\"Motorista.com.br\"},\"image\":{\"@id\":\"https:\\\/\\\/motorista.com.br\\\/noticias\\\/#\\\/schema\\\/logo\\\/image\\\/\"}},{\"@type\":\"Person\",\"@id\":\"https:\\\/\\\/motorista.com.br\\\/noticias\\\/#\\\/schema\\\/person\\\/dc93afc2981c0e3ce6bc3c053fd847be\",\"name\":\"Equipe Reda\u00e7\u00e3o\",\"image\":{\"@type\":\"ImageObject\",\"inLanguage\":\"pt-BR\",\"@id\":\"https:\\\/\\\/secure.gravatar.com\\\/avatar\\\/4f525efbf18dd2bb300ccad28bfb99d95a9465a5ba268407c8c37b37e1f28d2d?s=96&d=mm&r=g9e099043a0c61e9ae27e293b9fa75ffc\",\"url\":\"https:\\\/\\\/secure.gravatar.com\\\/avatar\\\/4f525efbf18dd2bb300ccad28bfb99d95a9465a5ba268407c8c37b37e1f28d2d?s=96&d=mm&r=g\",\"contentUrl\":\"https:\\\/\\\/secure.gravatar.com\\\/avatar\\\/4f525efbf18dd2bb300ccad28bfb99d95a9465a5ba268407c8c37b37e1f28d2d?s=96&d=mm&r=g\",\"caption\":\"Equipe Reda\u00e7\u00e3o\"},\"description\":\"Equipe de reda\u00e7\u00e3o \u00e9 um grupo de profissionais que trabalham juntos para criar conte\u00fado escrito para Motorista.com.br\",\"url\":\"https:\\\/\\\/motorista.com.br\\\/noticias\\\/author\\\/equiperedacao\\\/\"}]}<\/script>\n<!-- \/ Yoast SEO Premium plugin. -->","yoast_head_json":{"title":"Grilo Mobilidade avalia carro el\u00e9trico da BYD para entregas urbanas. - Motorista.com.br","robots":{"index":"index","follow":"follow","max-snippet":"max-snippet:-1","max-image-preview":"max-image-preview:large","max-video-preview":"max-video-preview:-1"},"canonical":"https:\/\/motorista.com.br\/noticias\/2025\/09\/06\/grilo-mobilidade-avalia-carro-eletrico-da-byd-para-entregas-urbanas\/","og_locale":"pt_BR","og_type":"article","og_title":"Grilo Mobilidade avalia carro el\u00e9trico da BYD para entregas urbanas.","og_description":"Grilo Mobilidade testa ve\u00edculo el\u00e9trico da BYD para entregas urbanas A Grilo Mobilidade est\u00e1 atualmente realizando testes com o ve\u00edculo el\u00e9trico Dolphin Mini Cargo, da BYD, focado na log\u00edstica de \u00faltima milha em ambientes urbanos. Este modelo, caracterizado pelo seu tamanho compacto e efici\u00eancia energ\u00e9tica, pode representar uma mudan\u00e7a significativa na forma como as entregas &hellip;","og_url":"https:\/\/motorista.com.br\/noticias\/2025\/09\/06\/grilo-mobilidade-avalia-carro-eletrico-da-byd-para-entregas-urbanas\/","og_site_name":"Motorista.com.br","article_published_time":"2025-09-06T20:06:31+00:00","author":"Equipe Reda\u00e7\u00e3o","twitter_card":"summary_large_image","twitter_misc":{"Escrito por":"Equipe Reda\u00e7\u00e3o","Est. tempo de leitura":"2 minutos","Written by":"Equipe Reda\u00e7\u00e3o"},"schema":{"@context":"https:\/\/schema.org","@graph":[{"@type":"Article","@id":"https:\/\/motorista.com.br\/noticias\/2025\/09\/06\/grilo-mobilidade-avalia-carro-eletrico-da-byd-para-entregas-urbanas\/#article","isPartOf":{"@id":"https:\/\/motorista.com.br\/noticias\/2025\/09\/06\/grilo-mobilidade-avalia-carro-eletrico-da-byd-para-entregas-urbanas\/"},"author":{"name":"Equipe Reda\u00e7\u00e3o","@id":"https:\/\/motorista.com.br\/noticias\/#\/schema\/person\/dc93afc2981c0e3ce6bc3c053fd847be"},"headline":"Grilo Mobilidade avalia carro el\u00e9trico da BYD para entregas urbanas.","datePublished":"2025-09-06T20:06:31+00:00","mainEntityOfPage":{"@id":"https:\/\/motorista.com.br\/noticias\/2025\/09\/06\/grilo-mobilidade-avalia-carro-eletrico-da-byd-para-entregas-urbanas\/"},"wordCount":374,"publisher":{"@id":"https:\/\/motorista.com.br\/noticias\/#organization"},"image":{"@id":"https:\/\/motorista.com.br\/noticias\/2025\/09\/06\/grilo-mobilidade-avalia-carro-eletrico-da-byd-para-entregas-urbanas\/#primaryimage"},"thumbnailUrl":"https:\/\/motorista.com.br\/noticias\/wp-content\/uploads\/2025\/09\/Captura-de-Tela-2025-09-05-as-08.51.31.png","articleSection":["Aplicativos","Motorista"],"inLanguage":"pt-BR"},{"@type":"WebPage","@id":"https:\/\/motorista.com.br\/noticias\/2025\/09\/06\/grilo-mobilidade-avalia-carro-eletrico-da-byd-para-entregas-urbanas\/","url":"https:\/\/motorista.com.br\/noticias\/2025\/09\/06\/grilo-mobilidade-avalia-carro-eletrico-da-byd-para-entregas-urbanas\/","name":"Grilo Mobilidade avalia carro el\u00e9trico da BYD para entregas urbanas. - Motorista.com.br","isPartOf":{"@id":"https:\/\/motorista.com.br\/noticias\/#website"},"primaryImageOfPage":{"@id":"https:\/\/motorista.com.br\/noticias\/2025\/09\/06\/grilo-mobilidade-avalia-carro-eletrico-da-byd-para-entregas-urbanas\/#primaryimage"},"image":{"@id":"https:\/\/motorista.com.br\/noticias\/2025\/09\/06\/grilo-mobilidade-avalia-carro-eletrico-da-byd-para-entregas-urbanas\/#primaryimage"},"thumbnailUrl":"https:\/\/motorista.com.br\/noticias\/wp-content\/uploads\/2025\/09\/Captura-de-Tela-2025-09-05-as-08.51.31.png","datePublished":"2025-09-06T20:06:31+00:00","breadcrumb":{"@id":"https:\/\/motorista.com.br\/noticias\/2025\/09\/06\/grilo-mobilidade-avalia-carro-eletrico-da-byd-para-entregas-urbanas\/#breadcrumb"},"inLanguage":"pt-BR","potentialAction":[{"@type":"ReadAction","target":["https:\/\/motorista.com.br\/noticias\/2025\/09\/06\/grilo-mobilidade-avalia-carro-eletrico-da-byd-para-entregas-urbanas\/"]}]},{"@type":"ImageObject","inLanguage":"pt-BR","@id":"https:\/\/motorista.com.br\/noticias\/2025\/09\/06\/grilo-mobilidade-avalia-carro-eletrico-da-byd-para-entregas-urbanas\/#primaryimage","url":"https:\/\/motorista.com.br\/noticias\/wp-content\/uploads\/2025\/09\/Captura-de-Tela-2025-09-05-as-08.51.31.png","contentUrl":"https:\/\/motorista.com.br\/noticias\/wp-content\/uploads\/2025\/09\/Captura-de-Tela-2025-09-05-as-08.51.31.png","width":1164,"height":772},{"@type":"BreadcrumbList","@id":"https:\/\/motorista.com.br\/noticias\/2025\/09\/06\/grilo-mobilidade-avalia-carro-eletrico-da-byd-para-entregas-urbanas\/#breadcrumb","itemListElement":[{"@type":"ListItem","position":1,"name":"In\u00edcio","item":"https:\/\/motorista.com.br\/noticias\/"},{"@type":"ListItem","position":2,"name":"Grilo Mobilidade avalia carro el\u00e9trico da BYD para entregas urbanas."}]},{"@type":"WebSite","@id":"https:\/\/motorista.com.br\/noticias\/#website","url":"https:\/\/motorista.com.br\/noticias\/","name":"Motorista.com.br","description":"Not\u00edcia do Motorista","publisher":{"@id":"https:\/\/motorista.com.br\/noticias\/#organization"},"potentialAction":[{"@type":"SearchAction","target":{"@type":"EntryPoint","urlTemplate":"https:\/\/motorista.com.br\/noticias\/?s={search_term_string}"},"query-input":{"@type":"PropertyValueSpecification","valueRequired":true,"valueName":"search_term_string"}}],"inLanguage":"pt-BR"},{"@type":"Organization","@id":"https:\/\/motorista.com.br\/noticias\/#organization","name":"Motorista.com.br","url":"https:\/\/motorista.com.br\/noticias\/","logo":{"@type":"ImageObject","inLanguage":"pt-BR","@id":"https:\/\/motorista.com.br\/noticias\/#\/schema\/logo\/image\/","url":"https:\/\/motorista.com.br\/noticias\/wp-content\/uploads\/2025\/06\/Design-sem-nome-9.png","contentUrl":"https:\/\/motorista.com.br\/noticias\/wp-content\/uploads\/2025\/06\/Design-sem-nome-9.png","width":150,"height":85,"caption":"Motorista.com.br"},"image":{"@id":"https:\/\/motorista.com.br\/noticias\/#\/schema\/logo\/image\/"}},{"@type":"Person","@id":"https:\/\/motorista.com.br\/noticias\/#\/schema\/person\/dc93afc2981c0e3ce6bc3c053fd847be","name":"Equipe Reda\u00e7\u00e3o","image":{"@type":"ImageObject","inLanguage":"pt-BR","@id":"https:\/\/secure.gravatar.com\/avatar\/4f525efbf18dd2bb300ccad28bfb99d95a9465a5ba268407c8c37b37e1f28d2d?s=96&d=mm&r=g9e099043a0c61e9ae27e293b9fa75ffc","url":"https:\/\/secure.gravatar.com\/avatar\/4f525efbf18dd2bb300ccad28bfb99d95a9465a5ba268407c8c37b37e1f28d2d?s=96&d=mm&r=g","contentUrl":"https:\/\/secure.gravatar.com\/avatar\/4f525efbf18dd2bb300ccad28bfb99d95a9465a5ba268407c8c37b37e1f28d2d?s=96&d=mm&r=g","caption":"Equipe Reda\u00e7\u00e3o"},"description":"Equipe de reda\u00e7\u00e3o \u00e9 um grupo de profissionais que trabalham juntos para criar conte\u00fado escrito para Motorista.com.br","url":"https:\/\/motorista.com.br\/noticias\/author\/equiperedacao\/"}]}},"_links":{"self":[{"href":"https:\/\/motorista.com.br\/noticias\/wp-json\/wp\/v2\/posts\/4111","targetHints":{"allow":["GET"]}}],"collection":[{"href":"https:\/\/motorista.com.br\/noticias\/wp-json\/wp\/v2\/posts"}],"about":[{"href":"https:\/\/motorista.com.br\/noticias\/wp-json\/wp\/v2\/types\/post"}],"author":[{"embeddable":true,"href":"https:\/\/motorista.com.br\/noticias\/wp-json\/wp\/v2\/users\/4"}],"replies":[{"embeddable":true,"href":"https:\/\/motorista.com.br\/noticias\/wp-json\/wp\/v2\/comments?post=4111"}],"version-history":[{"count":0,"href":"https:\/\/motorista.com.br\/noticias\/wp-json\/wp\/v2\/posts\/4111\/revisions"}],"wp:featuredmedia":[{"embeddable":true,"href":"https:\/\/motorista.com.br\/noticias\/wp-json\/wp\/v2\/media\/4112"}],"wp:attachment":[{"href":"https:\/\/motorista.com.br\/noticias\/wp-json\/wp\/v2\/media?parent=4111"}],"wp:term":[{"taxonomy":"category","embeddable":true,"href":"https:\/\/motorista.com.br\/noticias\/wp-json\/wp\/v2\/categories?post=4111"},{"taxonomy":"post_tag","embeddable":true,"href":"https:\/\/motorista.com.br\/noticias\/wp-json\/wp\/v2\/tags?post=4111"},{"taxonomy":"author","embeddable":true,"href":"https:\/\/motorista.com.br\/noticias\/wp-json\/wp\/v2\/coauthors?post=4111"}],"curies":[{"name":"wp","href":"https:\/\/api.w.org\/{rel}","templated":true}]}}