{"id":3519,"date":"2025-08-21T03:17:57","date_gmt":"2025-08-21T06:17:57","guid":{"rendered":"https:\/\/motorista.com.br\/noticias\/2025\/08\/21\/pessoa-do-btg-politica-monetaria-supera-a-fiscal\/"},"modified":"2025-08-21T03:17:57","modified_gmt":"2025-08-21T06:17:57","slug":"pessoa-do-btg-politica-monetaria-supera-a-fiscal","status":"publish","type":"post","link":"https:\/\/motorista.com.br\/noticias\/2025\/08\/21\/pessoa-do-btg-politica-monetaria-supera-a-fiscal\/","title":{"rendered":"Pess\u00f4a, do BTG: Pol\u00edtica monet\u00e1ria supera a fiscal."},"content":{"rendered":"<p><\/p>\n<h3>Pol\u00edtica Monet\u00e1ria e seus Impactos na Mobilidade<\/h3>\n<p>A economia brasileira est\u00e1 se preparando para um \u201cpouso suave\u201d, segundo Samuel Pess\u00f4a, chefe de pesquisa econ\u00f4mica do BTG Pactual. Em um contexto onde a pol\u00edtica monet\u00e1ria \u00e9 bastante contracionista e a fiscal \u00e9 expansionista, a primeira parece estar prevalecendo, resultando em uma desacelera\u00e7\u00e3o econ\u00f4mica significativa, com a taxa Selic atualmente a 15% ao ano.<\/p>\n<p>Essas mudan\u00e7as macroecon\u00f4micas t\u00eam implica\u00e7\u00f5es diretas na mobilidade dos cidad\u00e3os e na vida dos motoristas. A restri\u00e7\u00e3o ao cr\u00e9dito e a eleva\u00e7\u00e3o dos juros desestimulam investimentos em infraestrutura, o que pode levar a um aumento das dificuldades de mobilidade nas grandes cidades. Se os setores c\u00edclicos da economia, que representam cerca de 70% do PIB, desaceleram de 4% em 2024 para apenas 1%, podemos esperar um impacto reflexivo nas obras de melhoria de estradas e transporte p\u00fablico, essenciais para a mobilidade urbana.<\/p>\n<p>Al\u00e9m disso, a desacelera\u00e7\u00e3o na pol\u00edtica fiscal, que indica um crescimento de gastos prim\u00e1rios abaixo de 2% nesse ano, poder\u00e1 resultar em cortes ou atrasos em projetos de transporte, diretamente afetando os motoristas que dependem de um sistema vi\u00e1rio eficiente e seguro. No entanto, a manuten\u00e7\u00e3o do pleno emprego, com um hiato menor do que a m\u00e9dia hist\u00f3rica, sugere que, enquanto a economia resfria, ainda h\u00e1 oportunidades de mobilidade vi\u00e1vel para a popula\u00e7\u00e3o.<\/p>\n<p>Proje\u00e7\u00f5es apontam um crescimento do PIB de 1,9% em 2025 e 1,5% em 2026, mas a intensifica\u00e7\u00e3o da desacelera\u00e7\u00e3o pode ser um fator que atrapalha ainda mais o cen\u00e1rio de mobilidade. Se, por um lado, a pol\u00edtica monet\u00e1ria restritiva combate a infla\u00e7\u00e3o, por outro, os motoristas podem enfrentar um cen\u00e1rio de estradas mal conservadas e servi\u00e7os de transporte insuficientes.<\/p>\n<p>A combina\u00e7\u00e3o de juros elevados e um ambiente econ\u00f4mico mais fraco, como destacado pela economista-chefe do JP Morgan, Cassiana Fernandez, refor\u00e7a a ideia de que as press\u00f5es inflacion\u00e1rias est\u00e3o diminuindo, mas a mobilidade urbana tende a sofrer com a falta de investimentos essenciais. Os motoristas precisam ficar atentos a essas din\u00e2micas, pois a sa\u00fade econ\u00f4mica reflete frequentemente na qualidade de vida e na efici\u00eancia de transporte.<\/p>\n<p>Assim, \u00e9 crucial que as pol\u00edticas p\u00fablicas n\u00e3o apenas respondam \u00e0s exig\u00eancias econ\u00f4micas, mas que tamb\u00e9m considerem a vitalidade da mobilidade urbana como um pilar essencial para o desenvolvimento social e econ\u00f4mico do pa\u00eds. A interse\u00e7\u00e3o entre economia e mobilidade \u00e9 um aspecto que merece aten\u00e7\u00e3o especial, especialmente em tempos de transi\u00e7\u00e3o econ\u00f4mica.<\/p>\n<p><strong>Fonte:<\/strong> Money Times<\/p>\n","protected":false},"excerpt":{"rendered":"<p>Pol\u00edtica Monet\u00e1ria e seus Impactos na Mobilidade A economia brasileira est\u00e1 se preparando para um \u201cpouso suave\u201d, segundo Samuel Pess\u00f4a, chefe de pesquisa econ\u00f4mica do BTG Pactual. Em um contexto onde a pol\u00edtica monet\u00e1ria \u00e9 bastante contracionista e a fiscal \u00e9 expansionista, a primeira parece estar prevalecendo, resultando em uma desacelera\u00e7\u00e3o econ\u00f4mica significativa, com a &hellip;<\/p>\n","protected":false},"author":4,"featured_media":3520,"comment_status":"","ping_status":"open","sticky":false,"template":"","format":"standard","meta":{"footnotes":""},"categories":[61],"tags":[],"coauthors":[42],"class_list":["post-3519","post","type-post","status-publish","format-standard","has-post-thumbnail","hentry","category-mercado-financeiro"],"yoast_head":"<!-- This site is optimized with the Yoast SEO Premium plugin v25.5 (Yoast SEO v27.4) - https:\/\/yoast.com\/product\/yoast-seo-premium-wordpress\/ -->\n<title>Pess\u00f4a, do BTG: Pol\u00edtica monet\u00e1ria supera a fiscal. - Motorista.com.br<\/title>\n<meta name=\"robots\" content=\"index, follow, max-snippet:-1, max-image-preview:large, max-video-preview:-1\" \/>\n<link rel=\"canonical\" href=\"https:\/\/motorista.com.br\/noticias\/2025\/08\/21\/pessoa-do-btg-politica-monetaria-supera-a-fiscal\/\" \/>\n<meta property=\"og:locale\" content=\"pt_BR\" \/>\n<meta property=\"og:type\" content=\"article\" \/>\n<meta property=\"og:title\" content=\"Pess\u00f4a, do BTG: Pol\u00edtica monet\u00e1ria supera a fiscal.\" \/>\n<meta property=\"og:description\" content=\"Pol\u00edtica Monet\u00e1ria e seus Impactos na Mobilidade A economia brasileira est\u00e1 se preparando para um \u201cpouso suave\u201d, segundo Samuel Pess\u00f4a, chefe de pesquisa econ\u00f4mica do BTG Pactual. Em um contexto onde a pol\u00edtica monet\u00e1ria \u00e9 bastante contracionista e a fiscal \u00e9 expansionista, a primeira parece estar prevalecendo, resultando em uma desacelera\u00e7\u00e3o econ\u00f4mica significativa, com a &hellip;\" \/>\n<meta property=\"og:url\" content=\"https:\/\/motorista.com.br\/noticias\/2025\/08\/21\/pessoa-do-btg-politica-monetaria-supera-a-fiscal\/\" \/>\n<meta property=\"og:site_name\" content=\"Motorista.com.br\" \/>\n<meta property=\"article:published_time\" content=\"2025-08-21T06:17:57+00:00\" \/>\n<meta name=\"author\" content=\"Equipe Reda\u00e7\u00e3o\" \/>\n<meta name=\"twitter:card\" content=\"summary_large_image\" \/>\n<meta name=\"twitter:label1\" content=\"Escrito por\" \/>\n\t<meta name=\"twitter:data1\" content=\"Equipe Reda\u00e7\u00e3o\" \/>\n\t<meta name=\"twitter:label2\" content=\"Est. tempo de leitura\" \/>\n\t<meta name=\"twitter:data2\" content=\"2 minutos\" \/>\n\t<meta name=\"twitter:label3\" content=\"Written by\" \/>\n\t<meta name=\"twitter:data3\" content=\"Equipe Reda\u00e7\u00e3o\" \/>\n<script type=\"application\/ld+json\" class=\"yoast-schema-graph\">{\"@context\":\"https:\\\/\\\/schema.org\",\"@graph\":[{\"@type\":\"Article\",\"@id\":\"https:\\\/\\\/motorista.com.br\\\/noticias\\\/2025\\\/08\\\/21\\\/pessoa-do-btg-politica-monetaria-supera-a-fiscal\\\/#article\",\"isPartOf\":{\"@id\":\"https:\\\/\\\/motorista.com.br\\\/noticias\\\/2025\\\/08\\\/21\\\/pessoa-do-btg-politica-monetaria-supera-a-fiscal\\\/\"},\"author\":{\"name\":\"Equipe Reda\u00e7\u00e3o\",\"@id\":\"https:\\\/\\\/motorista.com.br\\\/noticias\\\/#\\\/schema\\\/person\\\/dc93afc2981c0e3ce6bc3c053fd847be\"},\"headline\":\"Pess\u00f4a, do BTG: Pol\u00edtica monet\u00e1ria supera a fiscal.\",\"datePublished\":\"2025-08-21T06:17:57+00:00\",\"mainEntityOfPage\":{\"@id\":\"https:\\\/\\\/motorista.com.br\\\/noticias\\\/2025\\\/08\\\/21\\\/pessoa-do-btg-politica-monetaria-supera-a-fiscal\\\/\"},\"wordCount\":454,\"publisher\":{\"@id\":\"https:\\\/\\\/motorista.com.br\\\/noticias\\\/#organization\"},\"image\":{\"@id\":\"https:\\\/\\\/motorista.com.br\\\/noticias\\\/2025\\\/08\\\/21\\\/pessoa-do-btg-politica-monetaria-supera-a-fiscal\\\/#primaryimage\"},\"thumbnailUrl\":\"https:\\\/\\\/motorista.com.br\\\/noticias\\\/wp-content\\\/uploads\\\/2025\\\/08\\\/pib.jpg\",\"articleSection\":[\"Mercado Financeiro\"],\"inLanguage\":\"pt-BR\"},{\"@type\":\"WebPage\",\"@id\":\"https:\\\/\\\/motorista.com.br\\\/noticias\\\/2025\\\/08\\\/21\\\/pessoa-do-btg-politica-monetaria-supera-a-fiscal\\\/\",\"url\":\"https:\\\/\\\/motorista.com.br\\\/noticias\\\/2025\\\/08\\\/21\\\/pessoa-do-btg-politica-monetaria-supera-a-fiscal\\\/\",\"name\":\"Pess\u00f4a, do BTG: Pol\u00edtica monet\u00e1ria supera a fiscal. - Motorista.com.br\",\"isPartOf\":{\"@id\":\"https:\\\/\\\/motorista.com.br\\\/noticias\\\/#website\"},\"primaryImageOfPage\":{\"@id\":\"https:\\\/\\\/motorista.com.br\\\/noticias\\\/2025\\\/08\\\/21\\\/pessoa-do-btg-politica-monetaria-supera-a-fiscal\\\/#primaryimage\"},\"image\":{\"@id\":\"https:\\\/\\\/motorista.com.br\\\/noticias\\\/2025\\\/08\\\/21\\\/pessoa-do-btg-politica-monetaria-supera-a-fiscal\\\/#primaryimage\"},\"thumbnailUrl\":\"https:\\\/\\\/motorista.com.br\\\/noticias\\\/wp-content\\\/uploads\\\/2025\\\/08\\\/pib.jpg\",\"datePublished\":\"2025-08-21T06:17:57+00:00\",\"breadcrumb\":{\"@id\":\"https:\\\/\\\/motorista.com.br\\\/noticias\\\/2025\\\/08\\\/21\\\/pessoa-do-btg-politica-monetaria-supera-a-fiscal\\\/#breadcrumb\"},\"inLanguage\":\"pt-BR\",\"potentialAction\":[{\"@type\":\"ReadAction\",\"target\":[\"https:\\\/\\\/motorista.com.br\\\/noticias\\\/2025\\\/08\\\/21\\\/pessoa-do-btg-politica-monetaria-supera-a-fiscal\\\/\"]}]},{\"@type\":\"ImageObject\",\"inLanguage\":\"pt-BR\",\"@id\":\"https:\\\/\\\/motorista.com.br\\\/noticias\\\/2025\\\/08\\\/21\\\/pessoa-do-btg-politica-monetaria-supera-a-fiscal\\\/#primaryimage\",\"url\":\"https:\\\/\\\/motorista.com.br\\\/noticias\\\/wp-content\\\/uploads\\\/2025\\\/08\\\/pib.jpg\",\"contentUrl\":\"https:\\\/\\\/motorista.com.br\\\/noticias\\\/wp-content\\\/uploads\\\/2025\\\/08\\\/pib.jpg\",\"width\":1280,\"height\":680},{\"@type\":\"BreadcrumbList\",\"@id\":\"https:\\\/\\\/motorista.com.br\\\/noticias\\\/2025\\\/08\\\/21\\\/pessoa-do-btg-politica-monetaria-supera-a-fiscal\\\/#breadcrumb\",\"itemListElement\":[{\"@type\":\"ListItem\",\"position\":1,\"name\":\"In\u00edcio\",\"item\":\"https:\\\/\\\/motorista.com.br\\\/noticias\\\/\"},{\"@type\":\"ListItem\",\"position\":2,\"name\":\"Pess\u00f4a, do BTG: Pol\u00edtica monet\u00e1ria supera a fiscal.\"}]},{\"@type\":\"WebSite\",\"@id\":\"https:\\\/\\\/motorista.com.br\\\/noticias\\\/#website\",\"url\":\"https:\\\/\\\/motorista.com.br\\\/noticias\\\/\",\"name\":\"Motorista.com.br\",\"description\":\"Not\u00edcia do Motorista\",\"publisher\":{\"@id\":\"https:\\\/\\\/motorista.com.br\\\/noticias\\\/#organization\"},\"potentialAction\":[{\"@type\":\"SearchAction\",\"target\":{\"@type\":\"EntryPoint\",\"urlTemplate\":\"https:\\\/\\\/motorista.com.br\\\/noticias\\\/?s={search_term_string}\"},\"query-input\":{\"@type\":\"PropertyValueSpecification\",\"valueRequired\":true,\"valueName\":\"search_term_string\"}}],\"inLanguage\":\"pt-BR\"},{\"@type\":\"Organization\",\"@id\":\"https:\\\/\\\/motorista.com.br\\\/noticias\\\/#organization\",\"name\":\"Motorista.com.br\",\"url\":\"https:\\\/\\\/motorista.com.br\\\/noticias\\\/\",\"logo\":{\"@type\":\"ImageObject\",\"inLanguage\":\"pt-BR\",\"@id\":\"https:\\\/\\\/motorista.com.br\\\/noticias\\\/#\\\/schema\\\/logo\\\/image\\\/\",\"url\":\"https:\\\/\\\/motorista.com.br\\\/noticias\\\/wp-content\\\/uploads\\\/2025\\\/06\\\/Design-sem-nome-9.png\",\"contentUrl\":\"https:\\\/\\\/motorista.com.br\\\/noticias\\\/wp-content\\\/uploads\\\/2025\\\/06\\\/Design-sem-nome-9.png\",\"width\":150,\"height\":85,\"caption\":\"Motorista.com.br\"},\"image\":{\"@id\":\"https:\\\/\\\/motorista.com.br\\\/noticias\\\/#\\\/schema\\\/logo\\\/image\\\/\"}},{\"@type\":\"Person\",\"@id\":\"https:\\\/\\\/motorista.com.br\\\/noticias\\\/#\\\/schema\\\/person\\\/dc93afc2981c0e3ce6bc3c053fd847be\",\"name\":\"Equipe Reda\u00e7\u00e3o\",\"image\":{\"@type\":\"ImageObject\",\"inLanguage\":\"pt-BR\",\"@id\":\"https:\\\/\\\/secure.gravatar.com\\\/avatar\\\/4f525efbf18dd2bb300ccad28bfb99d95a9465a5ba268407c8c37b37e1f28d2d?s=96&d=mm&r=g9e099043a0c61e9ae27e293b9fa75ffc\",\"url\":\"https:\\\/\\\/secure.gravatar.com\\\/avatar\\\/4f525efbf18dd2bb300ccad28bfb99d95a9465a5ba268407c8c37b37e1f28d2d?s=96&d=mm&r=g\",\"contentUrl\":\"https:\\\/\\\/secure.gravatar.com\\\/avatar\\\/4f525efbf18dd2bb300ccad28bfb99d95a9465a5ba268407c8c37b37e1f28d2d?s=96&d=mm&r=g\",\"caption\":\"Equipe Reda\u00e7\u00e3o\"},\"description\":\"Equipe de reda\u00e7\u00e3o \u00e9 um grupo de profissionais que trabalham juntos para criar conte\u00fado escrito para Motorista.com.br\",\"url\":\"https:\\\/\\\/motorista.com.br\\\/noticias\\\/author\\\/equiperedacao\\\/\"}]}<\/script>\n<!-- \/ Yoast SEO Premium plugin. -->","yoast_head_json":{"title":"Pess\u00f4a, do BTG: Pol\u00edtica monet\u00e1ria supera a fiscal. - Motorista.com.br","robots":{"index":"index","follow":"follow","max-snippet":"max-snippet:-1","max-image-preview":"max-image-preview:large","max-video-preview":"max-video-preview:-1"},"canonical":"https:\/\/motorista.com.br\/noticias\/2025\/08\/21\/pessoa-do-btg-politica-monetaria-supera-a-fiscal\/","og_locale":"pt_BR","og_type":"article","og_title":"Pess\u00f4a, do BTG: Pol\u00edtica monet\u00e1ria supera a fiscal.","og_description":"Pol\u00edtica Monet\u00e1ria e seus Impactos na Mobilidade A economia brasileira est\u00e1 se preparando para um \u201cpouso suave\u201d, segundo Samuel Pess\u00f4a, chefe de pesquisa econ\u00f4mica do BTG Pactual. Em um contexto onde a pol\u00edtica monet\u00e1ria \u00e9 bastante contracionista e a fiscal \u00e9 expansionista, a primeira parece estar prevalecendo, resultando em uma desacelera\u00e7\u00e3o econ\u00f4mica significativa, com a &hellip;","og_url":"https:\/\/motorista.com.br\/noticias\/2025\/08\/21\/pessoa-do-btg-politica-monetaria-supera-a-fiscal\/","og_site_name":"Motorista.com.br","article_published_time":"2025-08-21T06:17:57+00:00","author":"Equipe Reda\u00e7\u00e3o","twitter_card":"summary_large_image","twitter_misc":{"Escrito por":"Equipe Reda\u00e7\u00e3o","Est. tempo de leitura":"2 minutos","Written by":"Equipe Reda\u00e7\u00e3o"},"schema":{"@context":"https:\/\/schema.org","@graph":[{"@type":"Article","@id":"https:\/\/motorista.com.br\/noticias\/2025\/08\/21\/pessoa-do-btg-politica-monetaria-supera-a-fiscal\/#article","isPartOf":{"@id":"https:\/\/motorista.com.br\/noticias\/2025\/08\/21\/pessoa-do-btg-politica-monetaria-supera-a-fiscal\/"},"author":{"name":"Equipe Reda\u00e7\u00e3o","@id":"https:\/\/motorista.com.br\/noticias\/#\/schema\/person\/dc93afc2981c0e3ce6bc3c053fd847be"},"headline":"Pess\u00f4a, do BTG: Pol\u00edtica monet\u00e1ria supera a fiscal.","datePublished":"2025-08-21T06:17:57+00:00","mainEntityOfPage":{"@id":"https:\/\/motorista.com.br\/noticias\/2025\/08\/21\/pessoa-do-btg-politica-monetaria-supera-a-fiscal\/"},"wordCount":454,"publisher":{"@id":"https:\/\/motorista.com.br\/noticias\/#organization"},"image":{"@id":"https:\/\/motorista.com.br\/noticias\/2025\/08\/21\/pessoa-do-btg-politica-monetaria-supera-a-fiscal\/#primaryimage"},"thumbnailUrl":"https:\/\/motorista.com.br\/noticias\/wp-content\/uploads\/2025\/08\/pib.jpg","articleSection":["Mercado Financeiro"],"inLanguage":"pt-BR"},{"@type":"WebPage","@id":"https:\/\/motorista.com.br\/noticias\/2025\/08\/21\/pessoa-do-btg-politica-monetaria-supera-a-fiscal\/","url":"https:\/\/motorista.com.br\/noticias\/2025\/08\/21\/pessoa-do-btg-politica-monetaria-supera-a-fiscal\/","name":"Pess\u00f4a, do BTG: Pol\u00edtica monet\u00e1ria supera a fiscal. - Motorista.com.br","isPartOf":{"@id":"https:\/\/motorista.com.br\/noticias\/#website"},"primaryImageOfPage":{"@id":"https:\/\/motorista.com.br\/noticias\/2025\/08\/21\/pessoa-do-btg-politica-monetaria-supera-a-fiscal\/#primaryimage"},"image":{"@id":"https:\/\/motorista.com.br\/noticias\/2025\/08\/21\/pessoa-do-btg-politica-monetaria-supera-a-fiscal\/#primaryimage"},"thumbnailUrl":"https:\/\/motorista.com.br\/noticias\/wp-content\/uploads\/2025\/08\/pib.jpg","datePublished":"2025-08-21T06:17:57+00:00","breadcrumb":{"@id":"https:\/\/motorista.com.br\/noticias\/2025\/08\/21\/pessoa-do-btg-politica-monetaria-supera-a-fiscal\/#breadcrumb"},"inLanguage":"pt-BR","potentialAction":[{"@type":"ReadAction","target":["https:\/\/motorista.com.br\/noticias\/2025\/08\/21\/pessoa-do-btg-politica-monetaria-supera-a-fiscal\/"]}]},{"@type":"ImageObject","inLanguage":"pt-BR","@id":"https:\/\/motorista.com.br\/noticias\/2025\/08\/21\/pessoa-do-btg-politica-monetaria-supera-a-fiscal\/#primaryimage","url":"https:\/\/motorista.com.br\/noticias\/wp-content\/uploads\/2025\/08\/pib.jpg","contentUrl":"https:\/\/motorista.com.br\/noticias\/wp-content\/uploads\/2025\/08\/pib.jpg","width":1280,"height":680},{"@type":"BreadcrumbList","@id":"https:\/\/motorista.com.br\/noticias\/2025\/08\/21\/pessoa-do-btg-politica-monetaria-supera-a-fiscal\/#breadcrumb","itemListElement":[{"@type":"ListItem","position":1,"name":"In\u00edcio","item":"https:\/\/motorista.com.br\/noticias\/"},{"@type":"ListItem","position":2,"name":"Pess\u00f4a, do BTG: Pol\u00edtica monet\u00e1ria supera a fiscal."}]},{"@type":"WebSite","@id":"https:\/\/motorista.com.br\/noticias\/#website","url":"https:\/\/motorista.com.br\/noticias\/","name":"Motorista.com.br","description":"Not\u00edcia do Motorista","publisher":{"@id":"https:\/\/motorista.com.br\/noticias\/#organization"},"potentialAction":[{"@type":"SearchAction","target":{"@type":"EntryPoint","urlTemplate":"https:\/\/motorista.com.br\/noticias\/?s={search_term_string}"},"query-input":{"@type":"PropertyValueSpecification","valueRequired":true,"valueName":"search_term_string"}}],"inLanguage":"pt-BR"},{"@type":"Organization","@id":"https:\/\/motorista.com.br\/noticias\/#organization","name":"Motorista.com.br","url":"https:\/\/motorista.com.br\/noticias\/","logo":{"@type":"ImageObject","inLanguage":"pt-BR","@id":"https:\/\/motorista.com.br\/noticias\/#\/schema\/logo\/image\/","url":"https:\/\/motorista.com.br\/noticias\/wp-content\/uploads\/2025\/06\/Design-sem-nome-9.png","contentUrl":"https:\/\/motorista.com.br\/noticias\/wp-content\/uploads\/2025\/06\/Design-sem-nome-9.png","width":150,"height":85,"caption":"Motorista.com.br"},"image":{"@id":"https:\/\/motorista.com.br\/noticias\/#\/schema\/logo\/image\/"}},{"@type":"Person","@id":"https:\/\/motorista.com.br\/noticias\/#\/schema\/person\/dc93afc2981c0e3ce6bc3c053fd847be","name":"Equipe Reda\u00e7\u00e3o","image":{"@type":"ImageObject","inLanguage":"pt-BR","@id":"https:\/\/secure.gravatar.com\/avatar\/4f525efbf18dd2bb300ccad28bfb99d95a9465a5ba268407c8c37b37e1f28d2d?s=96&d=mm&r=g9e099043a0c61e9ae27e293b9fa75ffc","url":"https:\/\/secure.gravatar.com\/avatar\/4f525efbf18dd2bb300ccad28bfb99d95a9465a5ba268407c8c37b37e1f28d2d?s=96&d=mm&r=g","contentUrl":"https:\/\/secure.gravatar.com\/avatar\/4f525efbf18dd2bb300ccad28bfb99d95a9465a5ba268407c8c37b37e1f28d2d?s=96&d=mm&r=g","caption":"Equipe Reda\u00e7\u00e3o"},"description":"Equipe de reda\u00e7\u00e3o \u00e9 um grupo de profissionais que trabalham juntos para criar conte\u00fado escrito para Motorista.com.br","url":"https:\/\/motorista.com.br\/noticias\/author\/equiperedacao\/"}]}},"_links":{"self":[{"href":"https:\/\/motorista.com.br\/noticias\/wp-json\/wp\/v2\/posts\/3519","targetHints":{"allow":["GET"]}}],"collection":[{"href":"https:\/\/motorista.com.br\/noticias\/wp-json\/wp\/v2\/posts"}],"about":[{"href":"https:\/\/motorista.com.br\/noticias\/wp-json\/wp\/v2\/types\/post"}],"author":[{"embeddable":true,"href":"https:\/\/motorista.com.br\/noticias\/wp-json\/wp\/v2\/users\/4"}],"replies":[{"embeddable":true,"href":"https:\/\/motorista.com.br\/noticias\/wp-json\/wp\/v2\/comments?post=3519"}],"version-history":[{"count":0,"href":"https:\/\/motorista.com.br\/noticias\/wp-json\/wp\/v2\/posts\/3519\/revisions"}],"wp:featuredmedia":[{"embeddable":true,"href":"https:\/\/motorista.com.br\/noticias\/wp-json\/wp\/v2\/media\/3520"}],"wp:attachment":[{"href":"https:\/\/motorista.com.br\/noticias\/wp-json\/wp\/v2\/media?parent=3519"}],"wp:term":[{"taxonomy":"category","embeddable":true,"href":"https:\/\/motorista.com.br\/noticias\/wp-json\/wp\/v2\/categories?post=3519"},{"taxonomy":"post_tag","embeddable":true,"href":"https:\/\/motorista.com.br\/noticias\/wp-json\/wp\/v2\/tags?post=3519"},{"taxonomy":"author","embeddable":true,"href":"https:\/\/motorista.com.br\/noticias\/wp-json\/wp\/v2\/coauthors?post=3519"}],"curies":[{"name":"wp","href":"https:\/\/api.w.org\/{rel}","templated":true}]}}