{"id":3517,"date":"2025-08-21T03:00:38","date_gmt":"2025-08-21T06:00:38","guid":{"rendered":"https:\/\/motorista.com.br\/noticias\/2025\/08\/21\/indrive-apresenta-modo-empresarial-com-seguro-de-ate-r170-para-pacotes\/"},"modified":"2025-08-21T03:00:38","modified_gmt":"2025-08-21T06:00:38","slug":"indrive-apresenta-modo-empresarial-com-seguro-de-ate-r170-para-pacotes","status":"publish","type":"post","link":"https:\/\/motorista.com.br\/noticias\/2025\/08\/21\/indrive-apresenta-modo-empresarial-com-seguro-de-ate-r170-para-pacotes\/","title":{"rendered":"inDrive apresenta Modo Empresarial com seguro de at\u00e9 R$170 para pacotes."},"content":{"rendered":"<p><\/p>\n<h1>inDrive Lan\u00e7a Modo Empresarial com Seguro para Pacotes de at\u00e9 R$170<\/h1>\n<p>O inDrive.Entregas, parte da plataforma de mobilidade inDrive, introduziu recentemente o &quot;Modo Empresarial&quot; no Brasil. Essa inova\u00e7\u00e3o, focada no suporte a pequenas e m\u00e9dias empresas (PMEs), surge como uma resposta \u00e0 crescente demanda do segmento B2B, que busca solu\u00e7\u00f5es log\u00edsticas mais eficientes.<\/p>\n<p>Estat\u00edsticas apontam que o inDrive.Entregas viu um impressionante crescimento de 37% no n\u00famero de clientes empresariais no primeiro trimestre de 2025, em compara\u00e7\u00e3o com o mesmo per\u00edodo do ano anterior. Esse aumento pode ser atribu\u00eddo, em grande parte, ao surgimento de lojas online e dark stores, que necessitam de servi\u00e7os de entrega mais personalizados.<\/p>\n<p>A nova funcionalidade j\u00e1 est\u00e1 dispon\u00edvel em v\u00e1rias cidades, incluindo S\u00e3o Paulo, Curitiba e Bras\u00edlia, e pode ser ativada de forma simples pelo aplicativo, sem custos adicionais, contratos ou cadastros complicados. Isso facilita a ades\u00e3o de PMEs que buscam agilidade e praticidade em suas opera\u00e7\u00f5es de entrega.<\/p>\n<p>Entre os principais recursos oferecidos est\u00e3o o atendimento priorit\u00e1rio e um seguro para pacotes de at\u00e9 R$ 170 contra perdas ou roubos, intermediado pela parceira MIC. Al\u00e9m disso, o recurso de rotas multiponto \u00e9 uma inova\u00e7\u00e3o que pode otimizar ainda mais as entregas, aumentando a efici\u00eancia log\u00edstica.<\/p>\n<p>Essas melhorias n\u00e3o apenas aumentam a satisfa\u00e7\u00e3o dos clientes, mas tamb\u00e9m evidenciam um aspecto relevante da mobilidade urbana: a interconex\u00e3o de servi\u00e7os. Ao permitir que PMEs acessem ferramentas que promovem controle, confiabilidade e agilidade, o inDrive contribuir\u00e1 para um ambiente mais colaborativo. Essa din\u00e2mica pode desonerar o tr\u00e1fego urbano ao permitir entregas mais eficazes, minimizando congestionamentos e racionalizando o uso das vias p\u00fablicas.<\/p>\n<p>O suporte dedicado ao cliente resultou em um aumento de 50% na satisfa\u00e7\u00e3o dos usu\u00e1rios, um sinal de que tais inova\u00e7\u00f5es realmente fazem a diferen\u00e7a. Dessa forma, ao integrar recursos que atendem a demandas espec\u00edficas das empresas e ao mesmo tempo beneficiam a mobilidade geral, o inDrive se posiciona como um ator chave na transforma\u00e7\u00e3o log\u00edstica do Brasil.<\/p>\n<p>As entregas de pacotes de at\u00e9 R$ 350 e 20 kg para envios realizados por carros, ou at\u00e9 10 kg para motos e bicicletas, configuram uma proposta robusta e alinhada com as tend\u00eancias de neg\u00f3cio e mobilidade sustent\u00e1veis.<\/p>\n<p>A nova funcionalidade do inDrive representa n\u00e3o apenas uma resposta \u00e0s necessidades das PMEs, mas tamb\u00e9m um passo significativo em dire\u00e7\u00e3o a um sistema de mobilidade mais eficiente e interconectado.<\/p>\n<p><strong>Fonte: 55content<\/strong><\/p>\n","protected":false},"excerpt":{"rendered":"<p>inDrive Lan\u00e7a Modo Empresarial com Seguro para Pacotes de at\u00e9 R$170 O inDrive.Entregas, parte da plataforma de mobilidade inDrive, introduziu recentemente o &quot;Modo Empresarial&quot; no Brasil. Essa inova\u00e7\u00e3o, focada no suporte a pequenas e m\u00e9dias empresas (PMEs), surge como uma resposta \u00e0 crescente demanda do segmento B2B, que busca solu\u00e7\u00f5es log\u00edsticas mais eficientes. Estat\u00edsticas apontam &hellip;<\/p>\n","protected":false},"author":4,"featured_media":3518,"comment_status":"","ping_status":"open","sticky":false,"template":"","format":"standard","meta":{"footnotes":""},"categories":[49,77],"tags":[],"coauthors":[42],"class_list":["post-3517","post","type-post","status-publish","format-standard","has-post-thumbnail","hentry","category-aplicativos","category-motorista"],"yoast_head":"<!-- This site is optimized with the Yoast SEO Premium plugin v25.5 (Yoast SEO v27.4) - https:\/\/yoast.com\/product\/yoast-seo-premium-wordpress\/ -->\n<title>inDrive apresenta Modo Empresarial com seguro de at\u00e9 R$170 para pacotes. - Motorista.com.br<\/title>\n<meta name=\"robots\" content=\"index, follow, max-snippet:-1, max-image-preview:large, max-video-preview:-1\" \/>\n<link rel=\"canonical\" href=\"https:\/\/motorista.com.br\/noticias\/2025\/08\/21\/indrive-apresenta-modo-empresarial-com-seguro-de-ate-r170-para-pacotes\/\" \/>\n<meta property=\"og:locale\" content=\"pt_BR\" \/>\n<meta property=\"og:type\" content=\"article\" \/>\n<meta property=\"og:title\" content=\"inDrive apresenta Modo Empresarial com seguro de at\u00e9 R$170 para pacotes.\" \/>\n<meta property=\"og:description\" content=\"inDrive Lan\u00e7a Modo Empresarial com Seguro para Pacotes de at\u00e9 R$170 O inDrive.Entregas, parte da plataforma de mobilidade inDrive, introduziu recentemente o &quot;Modo Empresarial&quot; no Brasil. Essa inova\u00e7\u00e3o, focada no suporte a pequenas e m\u00e9dias empresas (PMEs), surge como uma resposta \u00e0 crescente demanda do segmento B2B, que busca solu\u00e7\u00f5es log\u00edsticas mais eficientes. Estat\u00edsticas apontam &hellip;\" \/>\n<meta property=\"og:url\" content=\"https:\/\/motorista.com.br\/noticias\/2025\/08\/21\/indrive-apresenta-modo-empresarial-com-seguro-de-ate-r170-para-pacotes\/\" \/>\n<meta property=\"og:site_name\" content=\"Motorista.com.br\" \/>\n<meta property=\"article:published_time\" content=\"2025-08-21T06:00:38+00:00\" \/>\n<meta name=\"author\" content=\"Equipe Reda\u00e7\u00e3o\" \/>\n<meta name=\"twitter:card\" content=\"summary_large_image\" \/>\n<meta name=\"twitter:label1\" content=\"Escrito por\" \/>\n\t<meta name=\"twitter:data1\" content=\"Equipe Reda\u00e7\u00e3o\" \/>\n\t<meta name=\"twitter:label2\" content=\"Est. tempo de leitura\" \/>\n\t<meta name=\"twitter:data2\" content=\"2 minutos\" \/>\n\t<meta name=\"twitter:label3\" content=\"Written by\" \/>\n\t<meta name=\"twitter:data3\" content=\"Equipe Reda\u00e7\u00e3o\" \/>\n<script type=\"application\/ld+json\" class=\"yoast-schema-graph\">{\"@context\":\"https:\\\/\\\/schema.org\",\"@graph\":[{\"@type\":\"Article\",\"@id\":\"https:\\\/\\\/motorista.com.br\\\/noticias\\\/2025\\\/08\\\/21\\\/indrive-apresenta-modo-empresarial-com-seguro-de-ate-r170-para-pacotes\\\/#article\",\"isPartOf\":{\"@id\":\"https:\\\/\\\/motorista.com.br\\\/noticias\\\/2025\\\/08\\\/21\\\/indrive-apresenta-modo-empresarial-com-seguro-de-ate-r170-para-pacotes\\\/\"},\"author\":{\"name\":\"Equipe Reda\u00e7\u00e3o\",\"@id\":\"https:\\\/\\\/motorista.com.br\\\/noticias\\\/#\\\/schema\\\/person\\\/dc93afc2981c0e3ce6bc3c053fd847be\"},\"headline\":\"inDrive apresenta Modo Empresarial com seguro de at\u00e9 R$170 para pacotes.\",\"datePublished\":\"2025-08-21T06:00:38+00:00\",\"mainEntityOfPage\":{\"@id\":\"https:\\\/\\\/motorista.com.br\\\/noticias\\\/2025\\\/08\\\/21\\\/indrive-apresenta-modo-empresarial-com-seguro-de-ate-r170-para-pacotes\\\/\"},\"wordCount\":443,\"publisher\":{\"@id\":\"https:\\\/\\\/motorista.com.br\\\/noticias\\\/#organization\"},\"image\":{\"@id\":\"https:\\\/\\\/motorista.com.br\\\/noticias\\\/2025\\\/08\\\/21\\\/indrive-apresenta-modo-empresarial-com-seguro-de-ate-r170-para-pacotes\\\/#primaryimage\"},\"thumbnailUrl\":\"https:\\\/\\\/motorista.com.br\\\/noticias\\\/wp-content\\\/uploads\\\/2025\\\/08\\\/Imagem-DivulgacaoinDrive.png\",\"articleSection\":[\"Aplicativos\",\"Motorista\"],\"inLanguage\":\"pt-BR\"},{\"@type\":\"WebPage\",\"@id\":\"https:\\\/\\\/motorista.com.br\\\/noticias\\\/2025\\\/08\\\/21\\\/indrive-apresenta-modo-empresarial-com-seguro-de-ate-r170-para-pacotes\\\/\",\"url\":\"https:\\\/\\\/motorista.com.br\\\/noticias\\\/2025\\\/08\\\/21\\\/indrive-apresenta-modo-empresarial-com-seguro-de-ate-r170-para-pacotes\\\/\",\"name\":\"inDrive apresenta Modo Empresarial com seguro de at\u00e9 R$170 para pacotes. - Motorista.com.br\",\"isPartOf\":{\"@id\":\"https:\\\/\\\/motorista.com.br\\\/noticias\\\/#website\"},\"primaryImageOfPage\":{\"@id\":\"https:\\\/\\\/motorista.com.br\\\/noticias\\\/2025\\\/08\\\/21\\\/indrive-apresenta-modo-empresarial-com-seguro-de-ate-r170-para-pacotes\\\/#primaryimage\"},\"image\":{\"@id\":\"https:\\\/\\\/motorista.com.br\\\/noticias\\\/2025\\\/08\\\/21\\\/indrive-apresenta-modo-empresarial-com-seguro-de-ate-r170-para-pacotes\\\/#primaryimage\"},\"thumbnailUrl\":\"https:\\\/\\\/motorista.com.br\\\/noticias\\\/wp-content\\\/uploads\\\/2025\\\/08\\\/Imagem-DivulgacaoinDrive.png\",\"datePublished\":\"2025-08-21T06:00:38+00:00\",\"breadcrumb\":{\"@id\":\"https:\\\/\\\/motorista.com.br\\\/noticias\\\/2025\\\/08\\\/21\\\/indrive-apresenta-modo-empresarial-com-seguro-de-ate-r170-para-pacotes\\\/#breadcrumb\"},\"inLanguage\":\"pt-BR\",\"potentialAction\":[{\"@type\":\"ReadAction\",\"target\":[\"https:\\\/\\\/motorista.com.br\\\/noticias\\\/2025\\\/08\\\/21\\\/indrive-apresenta-modo-empresarial-com-seguro-de-ate-r170-para-pacotes\\\/\"]}]},{\"@type\":\"ImageObject\",\"inLanguage\":\"pt-BR\",\"@id\":\"https:\\\/\\\/motorista.com.br\\\/noticias\\\/2025\\\/08\\\/21\\\/indrive-apresenta-modo-empresarial-com-seguro-de-ate-r170-para-pacotes\\\/#primaryimage\",\"url\":\"https:\\\/\\\/motorista.com.br\\\/noticias\\\/wp-content\\\/uploads\\\/2025\\\/08\\\/Imagem-DivulgacaoinDrive.png\",\"contentUrl\":\"https:\\\/\\\/motorista.com.br\\\/noticias\\\/wp-content\\\/uploads\\\/2025\\\/08\\\/Imagem-DivulgacaoinDrive.png\",\"width\":600,\"height\":350},{\"@type\":\"BreadcrumbList\",\"@id\":\"https:\\\/\\\/motorista.com.br\\\/noticias\\\/2025\\\/08\\\/21\\\/indrive-apresenta-modo-empresarial-com-seguro-de-ate-r170-para-pacotes\\\/#breadcrumb\",\"itemListElement\":[{\"@type\":\"ListItem\",\"position\":1,\"name\":\"In\u00edcio\",\"item\":\"https:\\\/\\\/motorista.com.br\\\/noticias\\\/\"},{\"@type\":\"ListItem\",\"position\":2,\"name\":\"inDrive apresenta Modo Empresarial com seguro de at\u00e9 R$170 para pacotes.\"}]},{\"@type\":\"WebSite\",\"@id\":\"https:\\\/\\\/motorista.com.br\\\/noticias\\\/#website\",\"url\":\"https:\\\/\\\/motorista.com.br\\\/noticias\\\/\",\"name\":\"Motorista.com.br\",\"description\":\"Not\u00edcia do Motorista\",\"publisher\":{\"@id\":\"https:\\\/\\\/motorista.com.br\\\/noticias\\\/#organization\"},\"potentialAction\":[{\"@type\":\"SearchAction\",\"target\":{\"@type\":\"EntryPoint\",\"urlTemplate\":\"https:\\\/\\\/motorista.com.br\\\/noticias\\\/?s={search_term_string}\"},\"query-input\":{\"@type\":\"PropertyValueSpecification\",\"valueRequired\":true,\"valueName\":\"search_term_string\"}}],\"inLanguage\":\"pt-BR\"},{\"@type\":\"Organization\",\"@id\":\"https:\\\/\\\/motorista.com.br\\\/noticias\\\/#organization\",\"name\":\"Motorista.com.br\",\"url\":\"https:\\\/\\\/motorista.com.br\\\/noticias\\\/\",\"logo\":{\"@type\":\"ImageObject\",\"inLanguage\":\"pt-BR\",\"@id\":\"https:\\\/\\\/motorista.com.br\\\/noticias\\\/#\\\/schema\\\/logo\\\/image\\\/\",\"url\":\"https:\\\/\\\/motorista.com.br\\\/noticias\\\/wp-content\\\/uploads\\\/2025\\\/06\\\/Design-sem-nome-9.png\",\"contentUrl\":\"https:\\\/\\\/motorista.com.br\\\/noticias\\\/wp-content\\\/uploads\\\/2025\\\/06\\\/Design-sem-nome-9.png\",\"width\":150,\"height\":85,\"caption\":\"Motorista.com.br\"},\"image\":{\"@id\":\"https:\\\/\\\/motorista.com.br\\\/noticias\\\/#\\\/schema\\\/logo\\\/image\\\/\"}},{\"@type\":\"Person\",\"@id\":\"https:\\\/\\\/motorista.com.br\\\/noticias\\\/#\\\/schema\\\/person\\\/dc93afc2981c0e3ce6bc3c053fd847be\",\"name\":\"Equipe Reda\u00e7\u00e3o\",\"image\":{\"@type\":\"ImageObject\",\"inLanguage\":\"pt-BR\",\"@id\":\"https:\\\/\\\/secure.gravatar.com\\\/avatar\\\/4f525efbf18dd2bb300ccad28bfb99d95a9465a5ba268407c8c37b37e1f28d2d?s=96&d=mm&r=g9e099043a0c61e9ae27e293b9fa75ffc\",\"url\":\"https:\\\/\\\/secure.gravatar.com\\\/avatar\\\/4f525efbf18dd2bb300ccad28bfb99d95a9465a5ba268407c8c37b37e1f28d2d?s=96&d=mm&r=g\",\"contentUrl\":\"https:\\\/\\\/secure.gravatar.com\\\/avatar\\\/4f525efbf18dd2bb300ccad28bfb99d95a9465a5ba268407c8c37b37e1f28d2d?s=96&d=mm&r=g\",\"caption\":\"Equipe Reda\u00e7\u00e3o\"},\"description\":\"Equipe de reda\u00e7\u00e3o \u00e9 um grupo de profissionais que trabalham juntos para criar conte\u00fado escrito para Motorista.com.br\",\"url\":\"https:\\\/\\\/motorista.com.br\\\/noticias\\\/author\\\/equiperedacao\\\/\"}]}<\/script>\n<!-- \/ Yoast SEO Premium plugin. -->","yoast_head_json":{"title":"inDrive apresenta Modo Empresarial com seguro de at\u00e9 R$170 para pacotes. - Motorista.com.br","robots":{"index":"index","follow":"follow","max-snippet":"max-snippet:-1","max-image-preview":"max-image-preview:large","max-video-preview":"max-video-preview:-1"},"canonical":"https:\/\/motorista.com.br\/noticias\/2025\/08\/21\/indrive-apresenta-modo-empresarial-com-seguro-de-ate-r170-para-pacotes\/","og_locale":"pt_BR","og_type":"article","og_title":"inDrive apresenta Modo Empresarial com seguro de at\u00e9 R$170 para pacotes.","og_description":"inDrive Lan\u00e7a Modo Empresarial com Seguro para Pacotes de at\u00e9 R$170 O inDrive.Entregas, parte da plataforma de mobilidade inDrive, introduziu recentemente o &quot;Modo Empresarial&quot; no Brasil. Essa inova\u00e7\u00e3o, focada no suporte a pequenas e m\u00e9dias empresas (PMEs), surge como uma resposta \u00e0 crescente demanda do segmento B2B, que busca solu\u00e7\u00f5es log\u00edsticas mais eficientes. Estat\u00edsticas apontam &hellip;","og_url":"https:\/\/motorista.com.br\/noticias\/2025\/08\/21\/indrive-apresenta-modo-empresarial-com-seguro-de-ate-r170-para-pacotes\/","og_site_name":"Motorista.com.br","article_published_time":"2025-08-21T06:00:38+00:00","author":"Equipe Reda\u00e7\u00e3o","twitter_card":"summary_large_image","twitter_misc":{"Escrito por":"Equipe Reda\u00e7\u00e3o","Est. tempo de leitura":"2 minutos","Written by":"Equipe Reda\u00e7\u00e3o"},"schema":{"@context":"https:\/\/schema.org","@graph":[{"@type":"Article","@id":"https:\/\/motorista.com.br\/noticias\/2025\/08\/21\/indrive-apresenta-modo-empresarial-com-seguro-de-ate-r170-para-pacotes\/#article","isPartOf":{"@id":"https:\/\/motorista.com.br\/noticias\/2025\/08\/21\/indrive-apresenta-modo-empresarial-com-seguro-de-ate-r170-para-pacotes\/"},"author":{"name":"Equipe Reda\u00e7\u00e3o","@id":"https:\/\/motorista.com.br\/noticias\/#\/schema\/person\/dc93afc2981c0e3ce6bc3c053fd847be"},"headline":"inDrive apresenta Modo Empresarial com seguro de at\u00e9 R$170 para pacotes.","datePublished":"2025-08-21T06:00:38+00:00","mainEntityOfPage":{"@id":"https:\/\/motorista.com.br\/noticias\/2025\/08\/21\/indrive-apresenta-modo-empresarial-com-seguro-de-ate-r170-para-pacotes\/"},"wordCount":443,"publisher":{"@id":"https:\/\/motorista.com.br\/noticias\/#organization"},"image":{"@id":"https:\/\/motorista.com.br\/noticias\/2025\/08\/21\/indrive-apresenta-modo-empresarial-com-seguro-de-ate-r170-para-pacotes\/#primaryimage"},"thumbnailUrl":"https:\/\/motorista.com.br\/noticias\/wp-content\/uploads\/2025\/08\/Imagem-DivulgacaoinDrive.png","articleSection":["Aplicativos","Motorista"],"inLanguage":"pt-BR"},{"@type":"WebPage","@id":"https:\/\/motorista.com.br\/noticias\/2025\/08\/21\/indrive-apresenta-modo-empresarial-com-seguro-de-ate-r170-para-pacotes\/","url":"https:\/\/motorista.com.br\/noticias\/2025\/08\/21\/indrive-apresenta-modo-empresarial-com-seguro-de-ate-r170-para-pacotes\/","name":"inDrive apresenta Modo Empresarial com seguro de at\u00e9 R$170 para pacotes. - Motorista.com.br","isPartOf":{"@id":"https:\/\/motorista.com.br\/noticias\/#website"},"primaryImageOfPage":{"@id":"https:\/\/motorista.com.br\/noticias\/2025\/08\/21\/indrive-apresenta-modo-empresarial-com-seguro-de-ate-r170-para-pacotes\/#primaryimage"},"image":{"@id":"https:\/\/motorista.com.br\/noticias\/2025\/08\/21\/indrive-apresenta-modo-empresarial-com-seguro-de-ate-r170-para-pacotes\/#primaryimage"},"thumbnailUrl":"https:\/\/motorista.com.br\/noticias\/wp-content\/uploads\/2025\/08\/Imagem-DivulgacaoinDrive.png","datePublished":"2025-08-21T06:00:38+00:00","breadcrumb":{"@id":"https:\/\/motorista.com.br\/noticias\/2025\/08\/21\/indrive-apresenta-modo-empresarial-com-seguro-de-ate-r170-para-pacotes\/#breadcrumb"},"inLanguage":"pt-BR","potentialAction":[{"@type":"ReadAction","target":["https:\/\/motorista.com.br\/noticias\/2025\/08\/21\/indrive-apresenta-modo-empresarial-com-seguro-de-ate-r170-para-pacotes\/"]}]},{"@type":"ImageObject","inLanguage":"pt-BR","@id":"https:\/\/motorista.com.br\/noticias\/2025\/08\/21\/indrive-apresenta-modo-empresarial-com-seguro-de-ate-r170-para-pacotes\/#primaryimage","url":"https:\/\/motorista.com.br\/noticias\/wp-content\/uploads\/2025\/08\/Imagem-DivulgacaoinDrive.png","contentUrl":"https:\/\/motorista.com.br\/noticias\/wp-content\/uploads\/2025\/08\/Imagem-DivulgacaoinDrive.png","width":600,"height":350},{"@type":"BreadcrumbList","@id":"https:\/\/motorista.com.br\/noticias\/2025\/08\/21\/indrive-apresenta-modo-empresarial-com-seguro-de-ate-r170-para-pacotes\/#breadcrumb","itemListElement":[{"@type":"ListItem","position":1,"name":"In\u00edcio","item":"https:\/\/motorista.com.br\/noticias\/"},{"@type":"ListItem","position":2,"name":"inDrive apresenta Modo Empresarial com seguro de at\u00e9 R$170 para pacotes."}]},{"@type":"WebSite","@id":"https:\/\/motorista.com.br\/noticias\/#website","url":"https:\/\/motorista.com.br\/noticias\/","name":"Motorista.com.br","description":"Not\u00edcia do Motorista","publisher":{"@id":"https:\/\/motorista.com.br\/noticias\/#organization"},"potentialAction":[{"@type":"SearchAction","target":{"@type":"EntryPoint","urlTemplate":"https:\/\/motorista.com.br\/noticias\/?s={search_term_string}"},"query-input":{"@type":"PropertyValueSpecification","valueRequired":true,"valueName":"search_term_string"}}],"inLanguage":"pt-BR"},{"@type":"Organization","@id":"https:\/\/motorista.com.br\/noticias\/#organization","name":"Motorista.com.br","url":"https:\/\/motorista.com.br\/noticias\/","logo":{"@type":"ImageObject","inLanguage":"pt-BR","@id":"https:\/\/motorista.com.br\/noticias\/#\/schema\/logo\/image\/","url":"https:\/\/motorista.com.br\/noticias\/wp-content\/uploads\/2025\/06\/Design-sem-nome-9.png","contentUrl":"https:\/\/motorista.com.br\/noticias\/wp-content\/uploads\/2025\/06\/Design-sem-nome-9.png","width":150,"height":85,"caption":"Motorista.com.br"},"image":{"@id":"https:\/\/motorista.com.br\/noticias\/#\/schema\/logo\/image\/"}},{"@type":"Person","@id":"https:\/\/motorista.com.br\/noticias\/#\/schema\/person\/dc93afc2981c0e3ce6bc3c053fd847be","name":"Equipe Reda\u00e7\u00e3o","image":{"@type":"ImageObject","inLanguage":"pt-BR","@id":"https:\/\/secure.gravatar.com\/avatar\/4f525efbf18dd2bb300ccad28bfb99d95a9465a5ba268407c8c37b37e1f28d2d?s=96&d=mm&r=g9e099043a0c61e9ae27e293b9fa75ffc","url":"https:\/\/secure.gravatar.com\/avatar\/4f525efbf18dd2bb300ccad28bfb99d95a9465a5ba268407c8c37b37e1f28d2d?s=96&d=mm&r=g","contentUrl":"https:\/\/secure.gravatar.com\/avatar\/4f525efbf18dd2bb300ccad28bfb99d95a9465a5ba268407c8c37b37e1f28d2d?s=96&d=mm&r=g","caption":"Equipe Reda\u00e7\u00e3o"},"description":"Equipe de reda\u00e7\u00e3o \u00e9 um grupo de profissionais que trabalham juntos para criar conte\u00fado escrito para Motorista.com.br","url":"https:\/\/motorista.com.br\/noticias\/author\/equiperedacao\/"}]}},"_links":{"self":[{"href":"https:\/\/motorista.com.br\/noticias\/wp-json\/wp\/v2\/posts\/3517","targetHints":{"allow":["GET"]}}],"collection":[{"href":"https:\/\/motorista.com.br\/noticias\/wp-json\/wp\/v2\/posts"}],"about":[{"href":"https:\/\/motorista.com.br\/noticias\/wp-json\/wp\/v2\/types\/post"}],"author":[{"embeddable":true,"href":"https:\/\/motorista.com.br\/noticias\/wp-json\/wp\/v2\/users\/4"}],"replies":[{"embeddable":true,"href":"https:\/\/motorista.com.br\/noticias\/wp-json\/wp\/v2\/comments?post=3517"}],"version-history":[{"count":0,"href":"https:\/\/motorista.com.br\/noticias\/wp-json\/wp\/v2\/posts\/3517\/revisions"}],"wp:featuredmedia":[{"embeddable":true,"href":"https:\/\/motorista.com.br\/noticias\/wp-json\/wp\/v2\/media\/3518"}],"wp:attachment":[{"href":"https:\/\/motorista.com.br\/noticias\/wp-json\/wp\/v2\/media?parent=3517"}],"wp:term":[{"taxonomy":"category","embeddable":true,"href":"https:\/\/motorista.com.br\/noticias\/wp-json\/wp\/v2\/categories?post=3517"},{"taxonomy":"post_tag","embeddable":true,"href":"https:\/\/motorista.com.br\/noticias\/wp-json\/wp\/v2\/tags?post=3517"},{"taxonomy":"author","embeddable":true,"href":"https:\/\/motorista.com.br\/noticias\/wp-json\/wp\/v2\/coauthors?post=3517"}],"curies":[{"name":"wp","href":"https:\/\/api.w.org\/{rel}","templated":true}]}}