{"id":3221,"date":"2025-08-13T19:00:43","date_gmt":"2025-08-13T22:00:43","guid":{"rendered":"https:\/\/motorista.com.br\/noticias\/2025\/08\/13\/juristas-destacam-prioridades-para-novo-marco-dos-portos-na-camara\/"},"modified":"2025-08-13T19:00:43","modified_gmt":"2025-08-13T22:00:43","slug":"juristas-destacam-prioridades-para-novo-marco-dos-portos-na-camara","status":"publish","type":"post","link":"https:\/\/motorista.com.br\/noticias\/2025\/08\/13\/juristas-destacam-prioridades-para-novo-marco-dos-portos-na-camara\/","title":{"rendered":"Juristas destacam prioridades para novo marco dos portos na C\u00e2mara"},"content":{"rendered":"<p><\/p>\n<h3>Na C\u00e2mara, juristas apontam prioridades para o novo marco regulat\u00f3rio dos portos<\/h3>\n<p>Neste momento crucial para a log\u00edstica brasileira, o novo marco regulat\u00f3rio dos portos promete trazer significativas mudan\u00e7as que impactar\u00e3o diretamente motoristas e a mobilidade em geral. Durante uma discuss\u00e3o recente na C\u00e2mara, juristas destacaram a import\u00e2ncia de priorizar a moderniza\u00e7\u00e3o e a efici\u00eancia no setor portu\u00e1rio.<\/p>\n<p>Um dos principais benef\u00edcios desse novo marco regulat\u00f3rio \u00e9 a efici\u00eancia no escoamento de cargas. Com a ado\u00e7\u00e3o de novas diretrizes, o tempo de espera para descarga e carga pode ser drasticamente reduzido, beneficiando n\u00e3o apenas os operadores log\u00edsticos, mas tamb\u00e9m motoristas que dependem de um fluxo cont\u00ednuo de mercadorias. Menos tempo parado significa mais produtividade e menores custos operacionais.<\/p>\n<p>Al\u00e9m disso, a proposta pode incentivar a constru\u00e7\u00e3o de infraestrutura moderna, com investimentos em estradas e acessos que ligam os portos \u00e0s principais rodovias. Isso n\u00e3o s\u00f3 melhora a condi\u00e7\u00e3o das vias, mas tamb\u00e9m promove uma circula\u00e7\u00e3o mais fluida, essencial para motoristas que enfrentam diariamente congestionamentos. A interliga\u00e7\u00e3o eficiente das rotas contribui para uma mobilidade urbana mais organizada, reduzindo a polui\u00e7\u00e3o e melhorando a qualidade de vida nas \u00e1reas circunvizinhas.<\/p>\n<p>Outro ponto importante \u00e9 a expectativa de que o novo marco traga maior competi\u00e7\u00e3o ao setor. Com isso, empresas que atuam no transporte de cargas ter\u00e3o mais op\u00e7\u00f5es e tarifas mais justas. Essa competitividade pode refletir em pre\u00e7os mais baixos para o consumidor final, al\u00e9m de estimular o crescimento econ\u00f4mico regional, impactando positivamente a movimenta\u00e7\u00e3o de bens e servi\u00e7os nas cidades.<\/p>\n<p>No entanto, \u00e9 fundamental que essas mudan\u00e7as venham acompanhadas de regulamenta\u00e7\u00f5es adequadas para assegurar a prote\u00e7\u00e3o dos motoristas e de todos os trabalhadores envolvidos na log\u00edstica. Proteger os direitos e garantir condi\u00e7\u00f5es de trabalho seguras s\u00e3o tamb\u00e9m responsabilidades que devem estar na pauta das discuss\u00f5es sobre o novo marco regulat\u00f3rio.<\/p>\n<p>Com um marco regulat\u00f3rio efetivo, os motoristas poder\u00e3o esperar um sistema portu\u00e1rio mais eficiente e uma mobilidade geral mais flu\u00edda. Essa transforma\u00e7\u00e3o n\u00e3o se limita \u00e0s estradas, mas se reflete em um mercado mais din\u00e2mico e justo, que pode impactar de maneira positiva toda a cadeia log\u00edstica do Brasil.<\/p>\n<p><strong>Fonte:<\/strong> ibl<\/p>\n","protected":false},"excerpt":{"rendered":"<p>Na C\u00e2mara, juristas apontam prioridades para o novo marco regulat\u00f3rio dos portos Neste momento crucial para a log\u00edstica brasileira, o novo marco regulat\u00f3rio dos portos promete trazer significativas mudan\u00e7as que impactar\u00e3o diretamente motoristas e a mobilidade em geral. Durante uma discuss\u00e3o recente na C\u00e2mara, juristas destacaram a import\u00e2ncia de priorizar a moderniza\u00e7\u00e3o e a efici\u00eancia &hellip;<\/p>\n","protected":false},"author":4,"featured_media":3222,"comment_status":"","ping_status":"open","sticky":false,"template":"","format":"standard","meta":{"footnotes":""},"categories":[62],"tags":[],"coauthors":[42],"class_list":["post-3221","post","type-post","status-publish","format-standard","has-post-thumbnail","hentry","category-logistica"],"yoast_head":"<!-- This site is optimized with the Yoast SEO Premium plugin v25.5 (Yoast SEO v27.4) - https:\/\/yoast.com\/product\/yoast-seo-premium-wordpress\/ -->\n<title>Juristas destacam prioridades para novo marco dos portos na C\u00e2mara - Motorista.com.br<\/title>\n<meta name=\"robots\" content=\"index, follow, max-snippet:-1, max-image-preview:large, max-video-preview:-1\" \/>\n<link rel=\"canonical\" href=\"https:\/\/motorista.com.br\/noticias\/2025\/08\/13\/juristas-destacam-prioridades-para-novo-marco-dos-portos-na-camara\/\" \/>\n<meta property=\"og:locale\" content=\"pt_BR\" \/>\n<meta property=\"og:type\" content=\"article\" \/>\n<meta property=\"og:title\" content=\"Juristas destacam prioridades para novo marco dos portos na C\u00e2mara\" \/>\n<meta property=\"og:description\" content=\"Na C\u00e2mara, juristas apontam prioridades para o novo marco regulat\u00f3rio dos portos Neste momento crucial para a log\u00edstica brasileira, o novo marco regulat\u00f3rio dos portos promete trazer significativas mudan\u00e7as que impactar\u00e3o diretamente motoristas e a mobilidade em geral. Durante uma discuss\u00e3o recente na C\u00e2mara, juristas destacaram a import\u00e2ncia de priorizar a moderniza\u00e7\u00e3o e a efici\u00eancia &hellip;\" \/>\n<meta property=\"og:url\" content=\"https:\/\/motorista.com.br\/noticias\/2025\/08\/13\/juristas-destacam-prioridades-para-novo-marco-dos-portos-na-camara\/\" \/>\n<meta property=\"og:site_name\" content=\"Motorista.com.br\" \/>\n<meta property=\"article:published_time\" content=\"2025-08-13T22:00:43+00:00\" \/>\n<meta name=\"author\" content=\"Equipe Reda\u00e7\u00e3o\" \/>\n<meta name=\"twitter:card\" content=\"summary_large_image\" \/>\n<meta name=\"twitter:label1\" content=\"Escrito por\" \/>\n\t<meta name=\"twitter:data1\" content=\"Equipe Reda\u00e7\u00e3o\" \/>\n\t<meta name=\"twitter:label2\" content=\"Est. tempo de leitura\" \/>\n\t<meta name=\"twitter:data2\" content=\"2 minutos\" \/>\n\t<meta name=\"twitter:label3\" content=\"Written by\" \/>\n\t<meta name=\"twitter:data3\" content=\"Equipe Reda\u00e7\u00e3o\" \/>\n<script type=\"application\/ld+json\" class=\"yoast-schema-graph\">{\"@context\":\"https:\\\/\\\/schema.org\",\"@graph\":[{\"@type\":\"Article\",\"@id\":\"https:\\\/\\\/motorista.com.br\\\/noticias\\\/2025\\\/08\\\/13\\\/juristas-destacam-prioridades-para-novo-marco-dos-portos-na-camara\\\/#article\",\"isPartOf\":{\"@id\":\"https:\\\/\\\/motorista.com.br\\\/noticias\\\/2025\\\/08\\\/13\\\/juristas-destacam-prioridades-para-novo-marco-dos-portos-na-camara\\\/\"},\"author\":{\"name\":\"Equipe Reda\u00e7\u00e3o\",\"@id\":\"https:\\\/\\\/motorista.com.br\\\/noticias\\\/#\\\/schema\\\/person\\\/dc93afc2981c0e3ce6bc3c053fd847be\"},\"headline\":\"Juristas destacam prioridades para novo marco dos portos na C\u00e2mara\",\"datePublished\":\"2025-08-13T22:00:43+00:00\",\"mainEntityOfPage\":{\"@id\":\"https:\\\/\\\/motorista.com.br\\\/noticias\\\/2025\\\/08\\\/13\\\/juristas-destacam-prioridades-para-novo-marco-dos-portos-na-camara\\\/\"},\"wordCount\":411,\"publisher\":{\"@id\":\"https:\\\/\\\/motorista.com.br\\\/noticias\\\/#organization\"},\"image\":{\"@id\":\"https:\\\/\\\/motorista.com.br\\\/noticias\\\/2025\\\/08\\\/13\\\/juristas-destacam-prioridades-para-novo-marco-dos-portos-na-camara\\\/#primaryimage\"},\"thumbnailUrl\":\"https:\\\/\\\/motorista.com.br\\\/noticias\\\/wp-content\\\/uploads\\\/2025\\\/08\\\/WhatsApp-Image-2025-08-13-at-17.15.27.jpeg\",\"articleSection\":[\"Log\u00edstica\"],\"inLanguage\":\"pt-BR\"},{\"@type\":\"WebPage\",\"@id\":\"https:\\\/\\\/motorista.com.br\\\/noticias\\\/2025\\\/08\\\/13\\\/juristas-destacam-prioridades-para-novo-marco-dos-portos-na-camara\\\/\",\"url\":\"https:\\\/\\\/motorista.com.br\\\/noticias\\\/2025\\\/08\\\/13\\\/juristas-destacam-prioridades-para-novo-marco-dos-portos-na-camara\\\/\",\"name\":\"Juristas destacam prioridades para novo marco dos portos na C\u00e2mara - Motorista.com.br\",\"isPartOf\":{\"@id\":\"https:\\\/\\\/motorista.com.br\\\/noticias\\\/#website\"},\"primaryImageOfPage\":{\"@id\":\"https:\\\/\\\/motorista.com.br\\\/noticias\\\/2025\\\/08\\\/13\\\/juristas-destacam-prioridades-para-novo-marco-dos-portos-na-camara\\\/#primaryimage\"},\"image\":{\"@id\":\"https:\\\/\\\/motorista.com.br\\\/noticias\\\/2025\\\/08\\\/13\\\/juristas-destacam-prioridades-para-novo-marco-dos-portos-na-camara\\\/#primaryimage\"},\"thumbnailUrl\":\"https:\\\/\\\/motorista.com.br\\\/noticias\\\/wp-content\\\/uploads\\\/2025\\\/08\\\/WhatsApp-Image-2025-08-13-at-17.15.27.jpeg\",\"datePublished\":\"2025-08-13T22:00:43+00:00\",\"breadcrumb\":{\"@id\":\"https:\\\/\\\/motorista.com.br\\\/noticias\\\/2025\\\/08\\\/13\\\/juristas-destacam-prioridades-para-novo-marco-dos-portos-na-camara\\\/#breadcrumb\"},\"inLanguage\":\"pt-BR\",\"potentialAction\":[{\"@type\":\"ReadAction\",\"target\":[\"https:\\\/\\\/motorista.com.br\\\/noticias\\\/2025\\\/08\\\/13\\\/juristas-destacam-prioridades-para-novo-marco-dos-portos-na-camara\\\/\"]}]},{\"@type\":\"ImageObject\",\"inLanguage\":\"pt-BR\",\"@id\":\"https:\\\/\\\/motorista.com.br\\\/noticias\\\/2025\\\/08\\\/13\\\/juristas-destacam-prioridades-para-novo-marco-dos-portos-na-camara\\\/#primaryimage\",\"url\":\"https:\\\/\\\/motorista.com.br\\\/noticias\\\/wp-content\\\/uploads\\\/2025\\\/08\\\/WhatsApp-Image-2025-08-13-at-17.15.27.jpeg\",\"contentUrl\":\"https:\\\/\\\/motorista.com.br\\\/noticias\\\/wp-content\\\/uploads\\\/2025\\\/08\\\/WhatsApp-Image-2025-08-13-at-17.15.27.jpeg\",\"width\":1600,\"height\":1200},{\"@type\":\"BreadcrumbList\",\"@id\":\"https:\\\/\\\/motorista.com.br\\\/noticias\\\/2025\\\/08\\\/13\\\/juristas-destacam-prioridades-para-novo-marco-dos-portos-na-camara\\\/#breadcrumb\",\"itemListElement\":[{\"@type\":\"ListItem\",\"position\":1,\"name\":\"In\u00edcio\",\"item\":\"https:\\\/\\\/motorista.com.br\\\/noticias\\\/\"},{\"@type\":\"ListItem\",\"position\":2,\"name\":\"Juristas destacam prioridades para novo marco dos portos na C\u00e2mara\"}]},{\"@type\":\"WebSite\",\"@id\":\"https:\\\/\\\/motorista.com.br\\\/noticias\\\/#website\",\"url\":\"https:\\\/\\\/motorista.com.br\\\/noticias\\\/\",\"name\":\"Motorista.com.br\",\"description\":\"Not\u00edcia do Motorista\",\"publisher\":{\"@id\":\"https:\\\/\\\/motorista.com.br\\\/noticias\\\/#organization\"},\"potentialAction\":[{\"@type\":\"SearchAction\",\"target\":{\"@type\":\"EntryPoint\",\"urlTemplate\":\"https:\\\/\\\/motorista.com.br\\\/noticias\\\/?s={search_term_string}\"},\"query-input\":{\"@type\":\"PropertyValueSpecification\",\"valueRequired\":true,\"valueName\":\"search_term_string\"}}],\"inLanguage\":\"pt-BR\"},{\"@type\":\"Organization\",\"@id\":\"https:\\\/\\\/motorista.com.br\\\/noticias\\\/#organization\",\"name\":\"Motorista.com.br\",\"url\":\"https:\\\/\\\/motorista.com.br\\\/noticias\\\/\",\"logo\":{\"@type\":\"ImageObject\",\"inLanguage\":\"pt-BR\",\"@id\":\"https:\\\/\\\/motorista.com.br\\\/noticias\\\/#\\\/schema\\\/logo\\\/image\\\/\",\"url\":\"https:\\\/\\\/motorista.com.br\\\/noticias\\\/wp-content\\\/uploads\\\/2025\\\/06\\\/Design-sem-nome-9.png\",\"contentUrl\":\"https:\\\/\\\/motorista.com.br\\\/noticias\\\/wp-content\\\/uploads\\\/2025\\\/06\\\/Design-sem-nome-9.png\",\"width\":150,\"height\":85,\"caption\":\"Motorista.com.br\"},\"image\":{\"@id\":\"https:\\\/\\\/motorista.com.br\\\/noticias\\\/#\\\/schema\\\/logo\\\/image\\\/\"}},{\"@type\":\"Person\",\"@id\":\"https:\\\/\\\/motorista.com.br\\\/noticias\\\/#\\\/schema\\\/person\\\/dc93afc2981c0e3ce6bc3c053fd847be\",\"name\":\"Equipe Reda\u00e7\u00e3o\",\"image\":{\"@type\":\"ImageObject\",\"inLanguage\":\"pt-BR\",\"@id\":\"https:\\\/\\\/secure.gravatar.com\\\/avatar\\\/4f525efbf18dd2bb300ccad28bfb99d95a9465a5ba268407c8c37b37e1f28d2d?s=96&d=mm&r=g9e099043a0c61e9ae27e293b9fa75ffc\",\"url\":\"https:\\\/\\\/secure.gravatar.com\\\/avatar\\\/4f525efbf18dd2bb300ccad28bfb99d95a9465a5ba268407c8c37b37e1f28d2d?s=96&d=mm&r=g\",\"contentUrl\":\"https:\\\/\\\/secure.gravatar.com\\\/avatar\\\/4f525efbf18dd2bb300ccad28bfb99d95a9465a5ba268407c8c37b37e1f28d2d?s=96&d=mm&r=g\",\"caption\":\"Equipe Reda\u00e7\u00e3o\"},\"description\":\"Equipe de reda\u00e7\u00e3o \u00e9 um grupo de profissionais que trabalham juntos para criar conte\u00fado escrito para Motorista.com.br\",\"url\":\"https:\\\/\\\/motorista.com.br\\\/noticias\\\/author\\\/equiperedacao\\\/\"}]}<\/script>\n<!-- \/ Yoast SEO Premium plugin. -->","yoast_head_json":{"title":"Juristas destacam prioridades para novo marco dos portos na C\u00e2mara - Motorista.com.br","robots":{"index":"index","follow":"follow","max-snippet":"max-snippet:-1","max-image-preview":"max-image-preview:large","max-video-preview":"max-video-preview:-1"},"canonical":"https:\/\/motorista.com.br\/noticias\/2025\/08\/13\/juristas-destacam-prioridades-para-novo-marco-dos-portos-na-camara\/","og_locale":"pt_BR","og_type":"article","og_title":"Juristas destacam prioridades para novo marco dos portos na C\u00e2mara","og_description":"Na C\u00e2mara, juristas apontam prioridades para o novo marco regulat\u00f3rio dos portos Neste momento crucial para a log\u00edstica brasileira, o novo marco regulat\u00f3rio dos portos promete trazer significativas mudan\u00e7as que impactar\u00e3o diretamente motoristas e a mobilidade em geral. Durante uma discuss\u00e3o recente na C\u00e2mara, juristas destacaram a import\u00e2ncia de priorizar a moderniza\u00e7\u00e3o e a efici\u00eancia &hellip;","og_url":"https:\/\/motorista.com.br\/noticias\/2025\/08\/13\/juristas-destacam-prioridades-para-novo-marco-dos-portos-na-camara\/","og_site_name":"Motorista.com.br","article_published_time":"2025-08-13T22:00:43+00:00","author":"Equipe Reda\u00e7\u00e3o","twitter_card":"summary_large_image","twitter_misc":{"Escrito por":"Equipe Reda\u00e7\u00e3o","Est. tempo de leitura":"2 minutos","Written by":"Equipe Reda\u00e7\u00e3o"},"schema":{"@context":"https:\/\/schema.org","@graph":[{"@type":"Article","@id":"https:\/\/motorista.com.br\/noticias\/2025\/08\/13\/juristas-destacam-prioridades-para-novo-marco-dos-portos-na-camara\/#article","isPartOf":{"@id":"https:\/\/motorista.com.br\/noticias\/2025\/08\/13\/juristas-destacam-prioridades-para-novo-marco-dos-portos-na-camara\/"},"author":{"name":"Equipe Reda\u00e7\u00e3o","@id":"https:\/\/motorista.com.br\/noticias\/#\/schema\/person\/dc93afc2981c0e3ce6bc3c053fd847be"},"headline":"Juristas destacam prioridades para novo marco dos portos na C\u00e2mara","datePublished":"2025-08-13T22:00:43+00:00","mainEntityOfPage":{"@id":"https:\/\/motorista.com.br\/noticias\/2025\/08\/13\/juristas-destacam-prioridades-para-novo-marco-dos-portos-na-camara\/"},"wordCount":411,"publisher":{"@id":"https:\/\/motorista.com.br\/noticias\/#organization"},"image":{"@id":"https:\/\/motorista.com.br\/noticias\/2025\/08\/13\/juristas-destacam-prioridades-para-novo-marco-dos-portos-na-camara\/#primaryimage"},"thumbnailUrl":"https:\/\/motorista.com.br\/noticias\/wp-content\/uploads\/2025\/08\/WhatsApp-Image-2025-08-13-at-17.15.27.jpeg","articleSection":["Log\u00edstica"],"inLanguage":"pt-BR"},{"@type":"WebPage","@id":"https:\/\/motorista.com.br\/noticias\/2025\/08\/13\/juristas-destacam-prioridades-para-novo-marco-dos-portos-na-camara\/","url":"https:\/\/motorista.com.br\/noticias\/2025\/08\/13\/juristas-destacam-prioridades-para-novo-marco-dos-portos-na-camara\/","name":"Juristas destacam prioridades para novo marco dos portos na C\u00e2mara - Motorista.com.br","isPartOf":{"@id":"https:\/\/motorista.com.br\/noticias\/#website"},"primaryImageOfPage":{"@id":"https:\/\/motorista.com.br\/noticias\/2025\/08\/13\/juristas-destacam-prioridades-para-novo-marco-dos-portos-na-camara\/#primaryimage"},"image":{"@id":"https:\/\/motorista.com.br\/noticias\/2025\/08\/13\/juristas-destacam-prioridades-para-novo-marco-dos-portos-na-camara\/#primaryimage"},"thumbnailUrl":"https:\/\/motorista.com.br\/noticias\/wp-content\/uploads\/2025\/08\/WhatsApp-Image-2025-08-13-at-17.15.27.jpeg","datePublished":"2025-08-13T22:00:43+00:00","breadcrumb":{"@id":"https:\/\/motorista.com.br\/noticias\/2025\/08\/13\/juristas-destacam-prioridades-para-novo-marco-dos-portos-na-camara\/#breadcrumb"},"inLanguage":"pt-BR","potentialAction":[{"@type":"ReadAction","target":["https:\/\/motorista.com.br\/noticias\/2025\/08\/13\/juristas-destacam-prioridades-para-novo-marco-dos-portos-na-camara\/"]}]},{"@type":"ImageObject","inLanguage":"pt-BR","@id":"https:\/\/motorista.com.br\/noticias\/2025\/08\/13\/juristas-destacam-prioridades-para-novo-marco-dos-portos-na-camara\/#primaryimage","url":"https:\/\/motorista.com.br\/noticias\/wp-content\/uploads\/2025\/08\/WhatsApp-Image-2025-08-13-at-17.15.27.jpeg","contentUrl":"https:\/\/motorista.com.br\/noticias\/wp-content\/uploads\/2025\/08\/WhatsApp-Image-2025-08-13-at-17.15.27.jpeg","width":1600,"height":1200},{"@type":"BreadcrumbList","@id":"https:\/\/motorista.com.br\/noticias\/2025\/08\/13\/juristas-destacam-prioridades-para-novo-marco-dos-portos-na-camara\/#breadcrumb","itemListElement":[{"@type":"ListItem","position":1,"name":"In\u00edcio","item":"https:\/\/motorista.com.br\/noticias\/"},{"@type":"ListItem","position":2,"name":"Juristas destacam prioridades para novo marco dos portos na C\u00e2mara"}]},{"@type":"WebSite","@id":"https:\/\/motorista.com.br\/noticias\/#website","url":"https:\/\/motorista.com.br\/noticias\/","name":"Motorista.com.br","description":"Not\u00edcia do Motorista","publisher":{"@id":"https:\/\/motorista.com.br\/noticias\/#organization"},"potentialAction":[{"@type":"SearchAction","target":{"@type":"EntryPoint","urlTemplate":"https:\/\/motorista.com.br\/noticias\/?s={search_term_string}"},"query-input":{"@type":"PropertyValueSpecification","valueRequired":true,"valueName":"search_term_string"}}],"inLanguage":"pt-BR"},{"@type":"Organization","@id":"https:\/\/motorista.com.br\/noticias\/#organization","name":"Motorista.com.br","url":"https:\/\/motorista.com.br\/noticias\/","logo":{"@type":"ImageObject","inLanguage":"pt-BR","@id":"https:\/\/motorista.com.br\/noticias\/#\/schema\/logo\/image\/","url":"https:\/\/motorista.com.br\/noticias\/wp-content\/uploads\/2025\/06\/Design-sem-nome-9.png","contentUrl":"https:\/\/motorista.com.br\/noticias\/wp-content\/uploads\/2025\/06\/Design-sem-nome-9.png","width":150,"height":85,"caption":"Motorista.com.br"},"image":{"@id":"https:\/\/motorista.com.br\/noticias\/#\/schema\/logo\/image\/"}},{"@type":"Person","@id":"https:\/\/motorista.com.br\/noticias\/#\/schema\/person\/dc93afc2981c0e3ce6bc3c053fd847be","name":"Equipe Reda\u00e7\u00e3o","image":{"@type":"ImageObject","inLanguage":"pt-BR","@id":"https:\/\/secure.gravatar.com\/avatar\/4f525efbf18dd2bb300ccad28bfb99d95a9465a5ba268407c8c37b37e1f28d2d?s=96&d=mm&r=g9e099043a0c61e9ae27e293b9fa75ffc","url":"https:\/\/secure.gravatar.com\/avatar\/4f525efbf18dd2bb300ccad28bfb99d95a9465a5ba268407c8c37b37e1f28d2d?s=96&d=mm&r=g","contentUrl":"https:\/\/secure.gravatar.com\/avatar\/4f525efbf18dd2bb300ccad28bfb99d95a9465a5ba268407c8c37b37e1f28d2d?s=96&d=mm&r=g","caption":"Equipe Reda\u00e7\u00e3o"},"description":"Equipe de reda\u00e7\u00e3o \u00e9 um grupo de profissionais que trabalham juntos para criar conte\u00fado escrito para Motorista.com.br","url":"https:\/\/motorista.com.br\/noticias\/author\/equiperedacao\/"}]}},"_links":{"self":[{"href":"https:\/\/motorista.com.br\/noticias\/wp-json\/wp\/v2\/posts\/3221","targetHints":{"allow":["GET"]}}],"collection":[{"href":"https:\/\/motorista.com.br\/noticias\/wp-json\/wp\/v2\/posts"}],"about":[{"href":"https:\/\/motorista.com.br\/noticias\/wp-json\/wp\/v2\/types\/post"}],"author":[{"embeddable":true,"href":"https:\/\/motorista.com.br\/noticias\/wp-json\/wp\/v2\/users\/4"}],"replies":[{"embeddable":true,"href":"https:\/\/motorista.com.br\/noticias\/wp-json\/wp\/v2\/comments?post=3221"}],"version-history":[{"count":0,"href":"https:\/\/motorista.com.br\/noticias\/wp-json\/wp\/v2\/posts\/3221\/revisions"}],"wp:featuredmedia":[{"embeddable":true,"href":"https:\/\/motorista.com.br\/noticias\/wp-json\/wp\/v2\/media\/3222"}],"wp:attachment":[{"href":"https:\/\/motorista.com.br\/noticias\/wp-json\/wp\/v2\/media?parent=3221"}],"wp:term":[{"taxonomy":"category","embeddable":true,"href":"https:\/\/motorista.com.br\/noticias\/wp-json\/wp\/v2\/categories?post=3221"},{"taxonomy":"post_tag","embeddable":true,"href":"https:\/\/motorista.com.br\/noticias\/wp-json\/wp\/v2\/tags?post=3221"},{"taxonomy":"author","embeddable":true,"href":"https:\/\/motorista.com.br\/noticias\/wp-json\/wp\/v2\/coauthors?post=3221"}],"curies":[{"name":"wp","href":"https:\/\/api.w.org\/{rel}","templated":true}]}}