{"id":3203,"date":"2025-08-13T08:32:54","date_gmt":"2025-08-13T11:32:54","guid":{"rendered":"https:\/\/motorista.com.br\/noticias\/2025\/08\/13\/plano-de-contingencia-para-tarifa-de-trump-e-anunciado-hoje-impacto-no-ibovespa\/"},"modified":"2025-08-13T08:32:54","modified_gmt":"2025-08-13T11:32:54","slug":"plano-de-contingencia-para-tarifa-de-trump-e-anunciado-hoje-impacto-no-ibovespa","status":"publish","type":"post","link":"https:\/\/motorista.com.br\/noticias\/2025\/08\/13\/plano-de-contingencia-para-tarifa-de-trump-e-anunciado-hoje-impacto-no-ibovespa\/","title":{"rendered":"Plano de conting\u00eancia para tarifa de Trump \u00e9 anunciado hoje; impacto no Ibovespa"},"content":{"rendered":"<p><\/p>\n<p><strong>Plano de Conting\u00eancia Contra Tarifa de Trump: O Que Esperar do Ibovespa e Seus Impactos na Mobilidade<\/strong><\/p>\n<p>Hoje, \u00e0s 11h30, ser\u00e1 anunciada a cerim\u00f4nia de assinatura do plano de conting\u00eancia do governo brasileiro, que visa mitigar os efeitos da tarifa de 50% imposta pelos Estados Unidos sobre produtos brasileiros. Este esfor\u00e7o \u00e9 fundamental, especialmente para os setores exportadores que foram fortemente impactados por essa medida.<\/p>\n<p>A proposta inclui uma linha de cr\u00e9dito de R$ 30 bilh\u00f5es, destinada a apoiar as empresas afetadas. O presidente Luiz In\u00e1cio Lula da Silva enfatizou a import\u00e2ncia de n\u00e3o deixar nenhuma empresa para tr\u00e1s, buscando aux\u00edlio \u00e0s que dependem desses mercados. O impacto nas contas p\u00fablicas prometido pela ministra do Planejamento, Simone Tebet, ser\u00e1 m\u00ednimo, o que sugere um cuidado necess\u00e1rio com a destina\u00e7\u00e3o de recursos p\u00fablicos.<\/p>\n<p>A relev\u00e2ncia desse plano de conting\u00eancia vai al\u00e9m do suporte econ\u00f4mico: ele ressoa diretamente na mobilidade urbana. A recupera\u00e7\u00e3o das exporta\u00e7\u00f5es pode influenciar a estabilidade do mercado de trabalho, aumentando a renda e, consequentemente, a capacidade dos motoristas de adquirir ou manter ve\u00edculos, afetando assim a circula\u00e7\u00e3o e a produtividade nas cidades.<\/p>\n<p>Al\u00e9m disso, com a inje\u00e7\u00e3o de recursos e a sa\u00fade financeira das empresas melhorando, pode-se esperar um aumento nas compras governamentais de produtos e servi\u00e7os relacionados \u00e0 mobilidade. Isso inclui desde investimentos em infraestrutura at\u00e9 a renova\u00e7\u00e3o da frota de transporte p\u00fablico, promovendo um tr\u00e2nsito mais eficiente e uma melhor qualidade de vida nas \u00e1reas urbanas.<\/p>\n<p>A alta do Ibovespa ontem, que chegou a 137.913,68 pontos, reflete um otimismo moderado do mercado com as medidas tomadas. A expectativa \u00e9 que os balan\u00e7os de empresas e a resposta positiva a essas iniciativas ajudem a formar um ambiente mais favor\u00e1vel.<\/p>\n<p>Em um contexto global onde a incerteza ainda permeia as rela\u00e7\u00f5es comerciais, garantir a resili\u00eancia da economia brasileira torna-se vital. As medidas de conting\u00eancia n\u00e3o s\u00f3 buscam proteger o setor exportador, mas tamb\u00e9m t\u00eam o potencial de melhorar a mobilidade e a vida dos motoristas, que dependem de um mercado est\u00e1vel e acess\u00edvel.<\/p>\n<p>O acompanhamento desses eventos e das mudan\u00e7as no mercado ser\u00e1 crucial para entender o futuro econ\u00f4mico e o impacto direto sobre a mobilidade urbana no Brasil.<\/p>\n<p><strong>Fonte:<\/strong> motorista.com.br<\/p>\n","protected":false},"excerpt":{"rendered":"<p>Plano de Conting\u00eancia Contra Tarifa de Trump: O Que Esperar do Ibovespa e Seus Impactos na Mobilidade Hoje, \u00e0s 11h30, ser\u00e1 anunciada a cerim\u00f4nia de assinatura do plano de conting\u00eancia do governo brasileiro, que visa mitigar os efeitos da tarifa de 50% imposta pelos Estados Unidos sobre produtos brasileiros. Este esfor\u00e7o \u00e9 fundamental, especialmente para &hellip;<\/p>\n","protected":false},"author":4,"featured_media":3204,"comment_status":"","ping_status":"open","sticky":false,"template":"","format":"standard","meta":{"footnotes":""},"categories":[61],"tags":[],"coauthors":[42],"class_list":["post-3203","post","type-post","status-publish","format-standard","has-post-thumbnail","hentry","category-mercado-financeiro"],"yoast_head":"<!-- This site is optimized with the Yoast SEO Premium plugin v25.5 (Yoast SEO v27.4) - https:\/\/yoast.com\/product\/yoast-seo-premium-wordpress\/ -->\n<title>Plano de conting\u00eancia para tarifa de Trump \u00e9 anunciado hoje; impacto no Ibovespa - Motorista.com.br<\/title>\n<meta name=\"robots\" content=\"index, follow, max-snippet:-1, max-image-preview:large, max-video-preview:-1\" \/>\n<link rel=\"canonical\" href=\"https:\/\/motorista.com.br\/noticias\/2025\/08\/13\/plano-de-contingencia-para-tarifa-de-trump-e-anunciado-hoje-impacto-no-ibovespa\/\" \/>\n<meta property=\"og:locale\" content=\"pt_BR\" \/>\n<meta property=\"og:type\" content=\"article\" \/>\n<meta property=\"og:title\" content=\"Plano de conting\u00eancia para tarifa de Trump \u00e9 anunciado hoje; impacto no Ibovespa\" \/>\n<meta property=\"og:description\" content=\"Plano de Conting\u00eancia Contra Tarifa de Trump: O Que Esperar do Ibovespa e Seus Impactos na Mobilidade Hoje, \u00e0s 11h30, ser\u00e1 anunciada a cerim\u00f4nia de assinatura do plano de conting\u00eancia do governo brasileiro, que visa mitigar os efeitos da tarifa de 50% imposta pelos Estados Unidos sobre produtos brasileiros. Este esfor\u00e7o \u00e9 fundamental, especialmente para &hellip;\" \/>\n<meta property=\"og:url\" content=\"https:\/\/motorista.com.br\/noticias\/2025\/08\/13\/plano-de-contingencia-para-tarifa-de-trump-e-anunciado-hoje-impacto-no-ibovespa\/\" \/>\n<meta property=\"og:site_name\" content=\"Motorista.com.br\" \/>\n<meta property=\"article:published_time\" content=\"2025-08-13T11:32:54+00:00\" \/>\n<meta name=\"author\" content=\"Equipe Reda\u00e7\u00e3o\" \/>\n<meta name=\"twitter:card\" content=\"summary_large_image\" \/>\n<meta name=\"twitter:label1\" content=\"Escrito por\" \/>\n\t<meta name=\"twitter:data1\" content=\"Equipe Reda\u00e7\u00e3o\" \/>\n\t<meta name=\"twitter:label2\" content=\"Est. tempo de leitura\" \/>\n\t<meta name=\"twitter:data2\" content=\"2 minutos\" \/>\n\t<meta name=\"twitter:label3\" content=\"Written by\" \/>\n\t<meta name=\"twitter:data3\" content=\"Equipe Reda\u00e7\u00e3o\" \/>\n<script type=\"application\/ld+json\" class=\"yoast-schema-graph\">{\"@context\":\"https:\\\/\\\/schema.org\",\"@graph\":[{\"@type\":\"Article\",\"@id\":\"https:\\\/\\\/motorista.com.br\\\/noticias\\\/2025\\\/08\\\/13\\\/plano-de-contingencia-para-tarifa-de-trump-e-anunciado-hoje-impacto-no-ibovespa\\\/#article\",\"isPartOf\":{\"@id\":\"https:\\\/\\\/motorista.com.br\\\/noticias\\\/2025\\\/08\\\/13\\\/plano-de-contingencia-para-tarifa-de-trump-e-anunciado-hoje-impacto-no-ibovespa\\\/\"},\"author\":{\"name\":\"Equipe Reda\u00e7\u00e3o\",\"@id\":\"https:\\\/\\\/motorista.com.br\\\/noticias\\\/#\\\/schema\\\/person\\\/dc93afc2981c0e3ce6bc3c053fd847be\"},\"headline\":\"Plano de conting\u00eancia para tarifa de Trump \u00e9 anunciado hoje; impacto no Ibovespa\",\"datePublished\":\"2025-08-13T11:32:54+00:00\",\"mainEntityOfPage\":{\"@id\":\"https:\\\/\\\/motorista.com.br\\\/noticias\\\/2025\\\/08\\\/13\\\/plano-de-contingencia-para-tarifa-de-trump-e-anunciado-hoje-impacto-no-ibovespa\\\/\"},\"wordCount\":415,\"publisher\":{\"@id\":\"https:\\\/\\\/motorista.com.br\\\/noticias\\\/#organization\"},\"image\":{\"@id\":\"https:\\\/\\\/motorista.com.br\\\/noticias\\\/2025\\\/08\\\/13\\\/plano-de-contingencia-para-tarifa-de-trump-e-anunciado-hoje-impacto-no-ibovespa\\\/#primaryimage\"},\"thumbnailUrl\":\"https:\\\/\\\/motorista.com.br\\\/noticias\\\/wp-content\\\/uploads\\\/2025\\\/08\\\/lula-trump-tarifa.jpg\",\"articleSection\":[\"Mercado Financeiro\"],\"inLanguage\":\"pt-BR\"},{\"@type\":\"WebPage\",\"@id\":\"https:\\\/\\\/motorista.com.br\\\/noticias\\\/2025\\\/08\\\/13\\\/plano-de-contingencia-para-tarifa-de-trump-e-anunciado-hoje-impacto-no-ibovespa\\\/\",\"url\":\"https:\\\/\\\/motorista.com.br\\\/noticias\\\/2025\\\/08\\\/13\\\/plano-de-contingencia-para-tarifa-de-trump-e-anunciado-hoje-impacto-no-ibovespa\\\/\",\"name\":\"Plano de conting\u00eancia para tarifa de Trump \u00e9 anunciado hoje; impacto no Ibovespa - Motorista.com.br\",\"isPartOf\":{\"@id\":\"https:\\\/\\\/motorista.com.br\\\/noticias\\\/#website\"},\"primaryImageOfPage\":{\"@id\":\"https:\\\/\\\/motorista.com.br\\\/noticias\\\/2025\\\/08\\\/13\\\/plano-de-contingencia-para-tarifa-de-trump-e-anunciado-hoje-impacto-no-ibovespa\\\/#primaryimage\"},\"image\":{\"@id\":\"https:\\\/\\\/motorista.com.br\\\/noticias\\\/2025\\\/08\\\/13\\\/plano-de-contingencia-para-tarifa-de-trump-e-anunciado-hoje-impacto-no-ibovespa\\\/#primaryimage\"},\"thumbnailUrl\":\"https:\\\/\\\/motorista.com.br\\\/noticias\\\/wp-content\\\/uploads\\\/2025\\\/08\\\/lula-trump-tarifa.jpg\",\"datePublished\":\"2025-08-13T11:32:54+00:00\",\"breadcrumb\":{\"@id\":\"https:\\\/\\\/motorista.com.br\\\/noticias\\\/2025\\\/08\\\/13\\\/plano-de-contingencia-para-tarifa-de-trump-e-anunciado-hoje-impacto-no-ibovespa\\\/#breadcrumb\"},\"inLanguage\":\"pt-BR\",\"potentialAction\":[{\"@type\":\"ReadAction\",\"target\":[\"https:\\\/\\\/motorista.com.br\\\/noticias\\\/2025\\\/08\\\/13\\\/plano-de-contingencia-para-tarifa-de-trump-e-anunciado-hoje-impacto-no-ibovespa\\\/\"]}]},{\"@type\":\"ImageObject\",\"inLanguage\":\"pt-BR\",\"@id\":\"https:\\\/\\\/motorista.com.br\\\/noticias\\\/2025\\\/08\\\/13\\\/plano-de-contingencia-para-tarifa-de-trump-e-anunciado-hoje-impacto-no-ibovespa\\\/#primaryimage\",\"url\":\"https:\\\/\\\/motorista.com.br\\\/noticias\\\/wp-content\\\/uploads\\\/2025\\\/08\\\/lula-trump-tarifa.jpg\",\"contentUrl\":\"https:\\\/\\\/motorista.com.br\\\/noticias\\\/wp-content\\\/uploads\\\/2025\\\/08\\\/lula-trump-tarifa.jpg\",\"width\":1280,\"height\":680},{\"@type\":\"BreadcrumbList\",\"@id\":\"https:\\\/\\\/motorista.com.br\\\/noticias\\\/2025\\\/08\\\/13\\\/plano-de-contingencia-para-tarifa-de-trump-e-anunciado-hoje-impacto-no-ibovespa\\\/#breadcrumb\",\"itemListElement\":[{\"@type\":\"ListItem\",\"position\":1,\"name\":\"In\u00edcio\",\"item\":\"https:\\\/\\\/motorista.com.br\\\/noticias\\\/\"},{\"@type\":\"ListItem\",\"position\":2,\"name\":\"Plano de conting\u00eancia para tarifa de Trump \u00e9 anunciado hoje; impacto no Ibovespa\"}]},{\"@type\":\"WebSite\",\"@id\":\"https:\\\/\\\/motorista.com.br\\\/noticias\\\/#website\",\"url\":\"https:\\\/\\\/motorista.com.br\\\/noticias\\\/\",\"name\":\"Motorista.com.br\",\"description\":\"Not\u00edcia do Motorista\",\"publisher\":{\"@id\":\"https:\\\/\\\/motorista.com.br\\\/noticias\\\/#organization\"},\"potentialAction\":[{\"@type\":\"SearchAction\",\"target\":{\"@type\":\"EntryPoint\",\"urlTemplate\":\"https:\\\/\\\/motorista.com.br\\\/noticias\\\/?s={search_term_string}\"},\"query-input\":{\"@type\":\"PropertyValueSpecification\",\"valueRequired\":true,\"valueName\":\"search_term_string\"}}],\"inLanguage\":\"pt-BR\"},{\"@type\":\"Organization\",\"@id\":\"https:\\\/\\\/motorista.com.br\\\/noticias\\\/#organization\",\"name\":\"Motorista.com.br\",\"url\":\"https:\\\/\\\/motorista.com.br\\\/noticias\\\/\",\"logo\":{\"@type\":\"ImageObject\",\"inLanguage\":\"pt-BR\",\"@id\":\"https:\\\/\\\/motorista.com.br\\\/noticias\\\/#\\\/schema\\\/logo\\\/image\\\/\",\"url\":\"https:\\\/\\\/motorista.com.br\\\/noticias\\\/wp-content\\\/uploads\\\/2025\\\/06\\\/Design-sem-nome-9.png\",\"contentUrl\":\"https:\\\/\\\/motorista.com.br\\\/noticias\\\/wp-content\\\/uploads\\\/2025\\\/06\\\/Design-sem-nome-9.png\",\"width\":150,\"height\":85,\"caption\":\"Motorista.com.br\"},\"image\":{\"@id\":\"https:\\\/\\\/motorista.com.br\\\/noticias\\\/#\\\/schema\\\/logo\\\/image\\\/\"}},{\"@type\":\"Person\",\"@id\":\"https:\\\/\\\/motorista.com.br\\\/noticias\\\/#\\\/schema\\\/person\\\/dc93afc2981c0e3ce6bc3c053fd847be\",\"name\":\"Equipe Reda\u00e7\u00e3o\",\"image\":{\"@type\":\"ImageObject\",\"inLanguage\":\"pt-BR\",\"@id\":\"https:\\\/\\\/secure.gravatar.com\\\/avatar\\\/4f525efbf18dd2bb300ccad28bfb99d95a9465a5ba268407c8c37b37e1f28d2d?s=96&d=mm&r=g9e099043a0c61e9ae27e293b9fa75ffc\",\"url\":\"https:\\\/\\\/secure.gravatar.com\\\/avatar\\\/4f525efbf18dd2bb300ccad28bfb99d95a9465a5ba268407c8c37b37e1f28d2d?s=96&d=mm&r=g\",\"contentUrl\":\"https:\\\/\\\/secure.gravatar.com\\\/avatar\\\/4f525efbf18dd2bb300ccad28bfb99d95a9465a5ba268407c8c37b37e1f28d2d?s=96&d=mm&r=g\",\"caption\":\"Equipe Reda\u00e7\u00e3o\"},\"description\":\"Equipe de reda\u00e7\u00e3o \u00e9 um grupo de profissionais que trabalham juntos para criar conte\u00fado escrito para Motorista.com.br\",\"url\":\"https:\\\/\\\/motorista.com.br\\\/noticias\\\/author\\\/equiperedacao\\\/\"}]}<\/script>\n<!-- \/ Yoast SEO Premium plugin. -->","yoast_head_json":{"title":"Plano de conting\u00eancia para tarifa de Trump \u00e9 anunciado hoje; impacto no Ibovespa - Motorista.com.br","robots":{"index":"index","follow":"follow","max-snippet":"max-snippet:-1","max-image-preview":"max-image-preview:large","max-video-preview":"max-video-preview:-1"},"canonical":"https:\/\/motorista.com.br\/noticias\/2025\/08\/13\/plano-de-contingencia-para-tarifa-de-trump-e-anunciado-hoje-impacto-no-ibovespa\/","og_locale":"pt_BR","og_type":"article","og_title":"Plano de conting\u00eancia para tarifa de Trump \u00e9 anunciado hoje; impacto no Ibovespa","og_description":"Plano de Conting\u00eancia Contra Tarifa de Trump: O Que Esperar do Ibovespa e Seus Impactos na Mobilidade Hoje, \u00e0s 11h30, ser\u00e1 anunciada a cerim\u00f4nia de assinatura do plano de conting\u00eancia do governo brasileiro, que visa mitigar os efeitos da tarifa de 50% imposta pelos Estados Unidos sobre produtos brasileiros. Este esfor\u00e7o \u00e9 fundamental, especialmente para &hellip;","og_url":"https:\/\/motorista.com.br\/noticias\/2025\/08\/13\/plano-de-contingencia-para-tarifa-de-trump-e-anunciado-hoje-impacto-no-ibovespa\/","og_site_name":"Motorista.com.br","article_published_time":"2025-08-13T11:32:54+00:00","author":"Equipe Reda\u00e7\u00e3o","twitter_card":"summary_large_image","twitter_misc":{"Escrito por":"Equipe Reda\u00e7\u00e3o","Est. tempo de leitura":"2 minutos","Written by":"Equipe Reda\u00e7\u00e3o"},"schema":{"@context":"https:\/\/schema.org","@graph":[{"@type":"Article","@id":"https:\/\/motorista.com.br\/noticias\/2025\/08\/13\/plano-de-contingencia-para-tarifa-de-trump-e-anunciado-hoje-impacto-no-ibovespa\/#article","isPartOf":{"@id":"https:\/\/motorista.com.br\/noticias\/2025\/08\/13\/plano-de-contingencia-para-tarifa-de-trump-e-anunciado-hoje-impacto-no-ibovespa\/"},"author":{"name":"Equipe Reda\u00e7\u00e3o","@id":"https:\/\/motorista.com.br\/noticias\/#\/schema\/person\/dc93afc2981c0e3ce6bc3c053fd847be"},"headline":"Plano de conting\u00eancia para tarifa de Trump \u00e9 anunciado hoje; impacto no Ibovespa","datePublished":"2025-08-13T11:32:54+00:00","mainEntityOfPage":{"@id":"https:\/\/motorista.com.br\/noticias\/2025\/08\/13\/plano-de-contingencia-para-tarifa-de-trump-e-anunciado-hoje-impacto-no-ibovespa\/"},"wordCount":415,"publisher":{"@id":"https:\/\/motorista.com.br\/noticias\/#organization"},"image":{"@id":"https:\/\/motorista.com.br\/noticias\/2025\/08\/13\/plano-de-contingencia-para-tarifa-de-trump-e-anunciado-hoje-impacto-no-ibovespa\/#primaryimage"},"thumbnailUrl":"https:\/\/motorista.com.br\/noticias\/wp-content\/uploads\/2025\/08\/lula-trump-tarifa.jpg","articleSection":["Mercado Financeiro"],"inLanguage":"pt-BR"},{"@type":"WebPage","@id":"https:\/\/motorista.com.br\/noticias\/2025\/08\/13\/plano-de-contingencia-para-tarifa-de-trump-e-anunciado-hoje-impacto-no-ibovespa\/","url":"https:\/\/motorista.com.br\/noticias\/2025\/08\/13\/plano-de-contingencia-para-tarifa-de-trump-e-anunciado-hoje-impacto-no-ibovespa\/","name":"Plano de conting\u00eancia para tarifa de Trump \u00e9 anunciado hoje; impacto no Ibovespa - Motorista.com.br","isPartOf":{"@id":"https:\/\/motorista.com.br\/noticias\/#website"},"primaryImageOfPage":{"@id":"https:\/\/motorista.com.br\/noticias\/2025\/08\/13\/plano-de-contingencia-para-tarifa-de-trump-e-anunciado-hoje-impacto-no-ibovespa\/#primaryimage"},"image":{"@id":"https:\/\/motorista.com.br\/noticias\/2025\/08\/13\/plano-de-contingencia-para-tarifa-de-trump-e-anunciado-hoje-impacto-no-ibovespa\/#primaryimage"},"thumbnailUrl":"https:\/\/motorista.com.br\/noticias\/wp-content\/uploads\/2025\/08\/lula-trump-tarifa.jpg","datePublished":"2025-08-13T11:32:54+00:00","breadcrumb":{"@id":"https:\/\/motorista.com.br\/noticias\/2025\/08\/13\/plano-de-contingencia-para-tarifa-de-trump-e-anunciado-hoje-impacto-no-ibovespa\/#breadcrumb"},"inLanguage":"pt-BR","potentialAction":[{"@type":"ReadAction","target":["https:\/\/motorista.com.br\/noticias\/2025\/08\/13\/plano-de-contingencia-para-tarifa-de-trump-e-anunciado-hoje-impacto-no-ibovespa\/"]}]},{"@type":"ImageObject","inLanguage":"pt-BR","@id":"https:\/\/motorista.com.br\/noticias\/2025\/08\/13\/plano-de-contingencia-para-tarifa-de-trump-e-anunciado-hoje-impacto-no-ibovespa\/#primaryimage","url":"https:\/\/motorista.com.br\/noticias\/wp-content\/uploads\/2025\/08\/lula-trump-tarifa.jpg","contentUrl":"https:\/\/motorista.com.br\/noticias\/wp-content\/uploads\/2025\/08\/lula-trump-tarifa.jpg","width":1280,"height":680},{"@type":"BreadcrumbList","@id":"https:\/\/motorista.com.br\/noticias\/2025\/08\/13\/plano-de-contingencia-para-tarifa-de-trump-e-anunciado-hoje-impacto-no-ibovespa\/#breadcrumb","itemListElement":[{"@type":"ListItem","position":1,"name":"In\u00edcio","item":"https:\/\/motorista.com.br\/noticias\/"},{"@type":"ListItem","position":2,"name":"Plano de conting\u00eancia para tarifa de Trump \u00e9 anunciado hoje; impacto no Ibovespa"}]},{"@type":"WebSite","@id":"https:\/\/motorista.com.br\/noticias\/#website","url":"https:\/\/motorista.com.br\/noticias\/","name":"Motorista.com.br","description":"Not\u00edcia do Motorista","publisher":{"@id":"https:\/\/motorista.com.br\/noticias\/#organization"},"potentialAction":[{"@type":"SearchAction","target":{"@type":"EntryPoint","urlTemplate":"https:\/\/motorista.com.br\/noticias\/?s={search_term_string}"},"query-input":{"@type":"PropertyValueSpecification","valueRequired":true,"valueName":"search_term_string"}}],"inLanguage":"pt-BR"},{"@type":"Organization","@id":"https:\/\/motorista.com.br\/noticias\/#organization","name":"Motorista.com.br","url":"https:\/\/motorista.com.br\/noticias\/","logo":{"@type":"ImageObject","inLanguage":"pt-BR","@id":"https:\/\/motorista.com.br\/noticias\/#\/schema\/logo\/image\/","url":"https:\/\/motorista.com.br\/noticias\/wp-content\/uploads\/2025\/06\/Design-sem-nome-9.png","contentUrl":"https:\/\/motorista.com.br\/noticias\/wp-content\/uploads\/2025\/06\/Design-sem-nome-9.png","width":150,"height":85,"caption":"Motorista.com.br"},"image":{"@id":"https:\/\/motorista.com.br\/noticias\/#\/schema\/logo\/image\/"}},{"@type":"Person","@id":"https:\/\/motorista.com.br\/noticias\/#\/schema\/person\/dc93afc2981c0e3ce6bc3c053fd847be","name":"Equipe Reda\u00e7\u00e3o","image":{"@type":"ImageObject","inLanguage":"pt-BR","@id":"https:\/\/secure.gravatar.com\/avatar\/4f525efbf18dd2bb300ccad28bfb99d95a9465a5ba268407c8c37b37e1f28d2d?s=96&d=mm&r=g9e099043a0c61e9ae27e293b9fa75ffc","url":"https:\/\/secure.gravatar.com\/avatar\/4f525efbf18dd2bb300ccad28bfb99d95a9465a5ba268407c8c37b37e1f28d2d?s=96&d=mm&r=g","contentUrl":"https:\/\/secure.gravatar.com\/avatar\/4f525efbf18dd2bb300ccad28bfb99d95a9465a5ba268407c8c37b37e1f28d2d?s=96&d=mm&r=g","caption":"Equipe Reda\u00e7\u00e3o"},"description":"Equipe de reda\u00e7\u00e3o \u00e9 um grupo de profissionais que trabalham juntos para criar conte\u00fado escrito para Motorista.com.br","url":"https:\/\/motorista.com.br\/noticias\/author\/equiperedacao\/"}]}},"_links":{"self":[{"href":"https:\/\/motorista.com.br\/noticias\/wp-json\/wp\/v2\/posts\/3203","targetHints":{"allow":["GET"]}}],"collection":[{"href":"https:\/\/motorista.com.br\/noticias\/wp-json\/wp\/v2\/posts"}],"about":[{"href":"https:\/\/motorista.com.br\/noticias\/wp-json\/wp\/v2\/types\/post"}],"author":[{"embeddable":true,"href":"https:\/\/motorista.com.br\/noticias\/wp-json\/wp\/v2\/users\/4"}],"replies":[{"embeddable":true,"href":"https:\/\/motorista.com.br\/noticias\/wp-json\/wp\/v2\/comments?post=3203"}],"version-history":[{"count":0,"href":"https:\/\/motorista.com.br\/noticias\/wp-json\/wp\/v2\/posts\/3203\/revisions"}],"wp:featuredmedia":[{"embeddable":true,"href":"https:\/\/motorista.com.br\/noticias\/wp-json\/wp\/v2\/media\/3204"}],"wp:attachment":[{"href":"https:\/\/motorista.com.br\/noticias\/wp-json\/wp\/v2\/media?parent=3203"}],"wp:term":[{"taxonomy":"category","embeddable":true,"href":"https:\/\/motorista.com.br\/noticias\/wp-json\/wp\/v2\/categories?post=3203"},{"taxonomy":"post_tag","embeddable":true,"href":"https:\/\/motorista.com.br\/noticias\/wp-json\/wp\/v2\/tags?post=3203"},{"taxonomy":"author","embeddable":true,"href":"https:\/\/motorista.com.br\/noticias\/wp-json\/wp\/v2\/coauthors?post=3203"}],"curies":[{"name":"wp","href":"https:\/\/api.w.org\/{rel}","templated":true}]}}