{"id":3195,"date":"2025-08-13T02:50:52","date_gmt":"2025-08-13T05:50:52","guid":{"rendered":"https:\/\/motorista.com.br\/noticias\/2025\/08\/13\/99-traz-nova-abordagem-para-valorizar-motoristas-de-aplicativo\/"},"modified":"2025-08-13T02:50:52","modified_gmt":"2025-08-13T05:50:52","slug":"99-traz-nova-abordagem-para-valorizar-motoristas-de-aplicativo","status":"publish","type":"post","link":"https:\/\/motorista.com.br\/noticias\/2025\/08\/13\/99-traz-nova-abordagem-para-valorizar-motoristas-de-aplicativo\/","title":{"rendered":"99 traz nova abordagem para valorizar motoristas de aplicativo."},"content":{"rendered":"<p><\/p>\n<p><strong>99 Prop\u00f5e Novo Olhar Para Valorizar a Profiss\u00e3o de Motorista de Aplicativo em Campanha<\/strong><\/p>\n<p>Recentemente, a empresa 99 lan\u00e7ou uma campanha inovadora visando destacar a import\u00e2ncia dos motoristas de aplicativo no contexto da mobilidade urbana. Por meio de a\u00e7\u00f5es nas redes sociais e colabora\u00e7\u00f5es com influenciadores, a iniciativa busca desfazer os estigmas que muitas vezes cercam essa profiss\u00e3o, ressaltando o papel fundamental desses profissionais na din\u00e2mica das cidades.<\/p>\n<h3>Impacto na Mobilidade Urbana<\/h3>\n<p>A valoriza\u00e7\u00e3o dos motoristas de aplicativo tem repercuss\u00f5es significativas na mobilidade geral. Ao reconhecer e divulgar o trabalho desses profissionais, a 99 n\u00e3o apenas melhora a imagem da profiss\u00e3o, mas tamb\u00e9m contribui para a humaniza\u00e7\u00e3o da mobilidade. A comunica\u00e7\u00e3o aberta e positiva incentiva uma maior intera\u00e7\u00e3o entre motoristas e passageiros, o que pode resultar em um ambiente de transporte mais seguro e amig\u00e1vel.<\/p>\n<h3>Combate a Estigmas<\/h3>\n<p>Os motoristas de aplicativo frequentemente enfrentam preconceitos e desconfian\u00e7a por parte da sociedade. A campanha da 99 vem em um momento oportuno, buscando transformar essa percep\u00e7\u00e3o. Ao destacar hist\u00f3rias reais e valiosas dos motoristas, a campanha n\u00e3o s\u00f3 humaniza esses profissionais, mas tamb\u00e9m promove um di\u00e1logo mais construtivo sobre a presen\u00e7a deles nas nossas vidas di\u00e1rias.<\/p>\n<h3>Benef\u00edcios Diretos Para os Motoristas<\/h3>\n<p>Essa nova abordagem traz n\u00e3o apenas benef\u00edcios sociais, mas tamb\u00e9m profissionais. Ao promov\u00ea-los, a 99 fortalece a autoestima dos motoristas e, consequentemente, impacta de forma positiva na qualidade do servi\u00e7o prestado. Motoristas mais felizes e valorizados tendem a proporcionar uma experi\u00eancia melhor para os passageiros, o que, a longo prazo, pode resultar em um aumento na fideliza\u00e7\u00e3o e satisfa\u00e7\u00e3o dos usu\u00e1rios.<\/p>\n<h3>Conclus\u00e3o<\/h3>\n<p>A campanha da 99 \u00e9 um passo importante para valorizar a profiss\u00e3o de motorista de aplicativo e, consequentemente, melhorar a mobilidade urbana. Ao enfatizar a import\u00e2ncia desses profissionais, o debate sobre a mobilidade se diversifica, promovendo um ecossistema mais inclusivo e compreensivo, onde todos os envolvidos \u2014 motoristas, passageiros e a sociedade \u2014 se beneficiam.<\/p>\n<p>Essa mudan\u00e7a de percep\u00e7\u00e3o \u00e9 essencial para cultivar uma cultura de respeito e valoriza\u00e7\u00e3o, contribuindo n\u00e3o s\u00f3 para a dignidade dos motoristas, mas tamb\u00e9m para a melhoria geral do transporte urbano.<\/p>\n","protected":false},"excerpt":{"rendered":"<p>99 Prop\u00f5e Novo Olhar Para Valorizar a Profiss\u00e3o de Motorista de Aplicativo em Campanha Recentemente, a empresa 99 lan\u00e7ou uma campanha inovadora visando destacar a import\u00e2ncia dos motoristas de aplicativo no contexto da mobilidade urbana. Por meio de a\u00e7\u00f5es nas redes sociais e colabora\u00e7\u00f5es com influenciadores, a iniciativa busca desfazer os estigmas que muitas vezes &hellip;<\/p>\n","protected":false},"author":4,"featured_media":3196,"comment_status":"","ping_status":"open","sticky":false,"template":"","format":"standard","meta":{"footnotes":""},"categories":[49,77],"tags":[],"coauthors":[42],"class_list":["post-3195","post","type-post","status-publish","format-standard","has-post-thumbnail","hentry","category-aplicativos","category-motorista"],"yoast_head":"<!-- This site is optimized with the Yoast SEO Premium plugin v25.5 (Yoast SEO v27.4) - https:\/\/yoast.com\/product\/yoast-seo-premium-wordpress\/ -->\n<title>99 traz nova abordagem para valorizar motoristas de aplicativo. - Motorista.com.br<\/title>\n<meta name=\"robots\" content=\"index, follow, max-snippet:-1, max-image-preview:large, max-video-preview:-1\" \/>\n<link rel=\"canonical\" href=\"https:\/\/motorista.com.br\/noticias\/2025\/08\/13\/99-traz-nova-abordagem-para-valorizar-motoristas-de-aplicativo\/\" \/>\n<meta property=\"og:locale\" content=\"pt_BR\" \/>\n<meta property=\"og:type\" content=\"article\" \/>\n<meta property=\"og:title\" content=\"99 traz nova abordagem para valorizar motoristas de aplicativo.\" \/>\n<meta property=\"og:description\" content=\"99 Prop\u00f5e Novo Olhar Para Valorizar a Profiss\u00e3o de Motorista de Aplicativo em Campanha Recentemente, a empresa 99 lan\u00e7ou uma campanha inovadora visando destacar a import\u00e2ncia dos motoristas de aplicativo no contexto da mobilidade urbana. Por meio de a\u00e7\u00f5es nas redes sociais e colabora\u00e7\u00f5es com influenciadores, a iniciativa busca desfazer os estigmas que muitas vezes &hellip;\" \/>\n<meta property=\"og:url\" content=\"https:\/\/motorista.com.br\/noticias\/2025\/08\/13\/99-traz-nova-abordagem-para-valorizar-motoristas-de-aplicativo\/\" \/>\n<meta property=\"og:site_name\" content=\"Motorista.com.br\" \/>\n<meta property=\"article:published_time\" content=\"2025-08-13T05:50:52+00:00\" \/>\n<meta name=\"author\" content=\"Equipe Reda\u00e7\u00e3o\" \/>\n<meta name=\"twitter:card\" content=\"summary_large_image\" \/>\n<meta name=\"twitter:label1\" content=\"Escrito por\" \/>\n\t<meta name=\"twitter:data1\" content=\"Equipe Reda\u00e7\u00e3o\" \/>\n\t<meta name=\"twitter:label2\" content=\"Est. tempo de leitura\" \/>\n\t<meta name=\"twitter:data2\" content=\"2 minutos\" \/>\n\t<meta name=\"twitter:label3\" content=\"Written by\" \/>\n\t<meta name=\"twitter:data3\" content=\"Equipe Reda\u00e7\u00e3o\" \/>\n<script type=\"application\/ld+json\" class=\"yoast-schema-graph\">{\"@context\":\"https:\\\/\\\/schema.org\",\"@graph\":[{\"@type\":\"Article\",\"@id\":\"https:\\\/\\\/motorista.com.br\\\/noticias\\\/2025\\\/08\\\/13\\\/99-traz-nova-abordagem-para-valorizar-motoristas-de-aplicativo\\\/#article\",\"isPartOf\":{\"@id\":\"https:\\\/\\\/motorista.com.br\\\/noticias\\\/2025\\\/08\\\/13\\\/99-traz-nova-abordagem-para-valorizar-motoristas-de-aplicativo\\\/\"},\"author\":{\"name\":\"Equipe Reda\u00e7\u00e3o\",\"@id\":\"https:\\\/\\\/motorista.com.br\\\/noticias\\\/#\\\/schema\\\/person\\\/dc93afc2981c0e3ce6bc3c053fd847be\"},\"headline\":\"99 traz nova abordagem para valorizar motoristas de aplicativo.\",\"datePublished\":\"2025-08-13T05:50:52+00:00\",\"mainEntityOfPage\":{\"@id\":\"https:\\\/\\\/motorista.com.br\\\/noticias\\\/2025\\\/08\\\/13\\\/99-traz-nova-abordagem-para-valorizar-motoristas-de-aplicativo\\\/\"},\"wordCount\":388,\"publisher\":{\"@id\":\"https:\\\/\\\/motorista.com.br\\\/noticias\\\/#organization\"},\"image\":{\"@id\":\"https:\\\/\\\/motorista.com.br\\\/noticias\\\/2025\\\/08\\\/13\\\/99-traz-nova-abordagem-para-valorizar-motoristas-de-aplicativo\\\/#primaryimage\"},\"thumbnailUrl\":\"https:\\\/\\\/motorista.com.br\\\/noticias\\\/wp-content\\\/uploads\\\/2025\\\/08\\\/como-receber-mais-chamadas-na-99.jpg\",\"articleSection\":[\"Aplicativos\",\"Motorista\"],\"inLanguage\":\"pt-BR\"},{\"@type\":\"WebPage\",\"@id\":\"https:\\\/\\\/motorista.com.br\\\/noticias\\\/2025\\\/08\\\/13\\\/99-traz-nova-abordagem-para-valorizar-motoristas-de-aplicativo\\\/\",\"url\":\"https:\\\/\\\/motorista.com.br\\\/noticias\\\/2025\\\/08\\\/13\\\/99-traz-nova-abordagem-para-valorizar-motoristas-de-aplicativo\\\/\",\"name\":\"99 traz nova abordagem para valorizar motoristas de aplicativo. - Motorista.com.br\",\"isPartOf\":{\"@id\":\"https:\\\/\\\/motorista.com.br\\\/noticias\\\/#website\"},\"primaryImageOfPage\":{\"@id\":\"https:\\\/\\\/motorista.com.br\\\/noticias\\\/2025\\\/08\\\/13\\\/99-traz-nova-abordagem-para-valorizar-motoristas-de-aplicativo\\\/#primaryimage\"},\"image\":{\"@id\":\"https:\\\/\\\/motorista.com.br\\\/noticias\\\/2025\\\/08\\\/13\\\/99-traz-nova-abordagem-para-valorizar-motoristas-de-aplicativo\\\/#primaryimage\"},\"thumbnailUrl\":\"https:\\\/\\\/motorista.com.br\\\/noticias\\\/wp-content\\\/uploads\\\/2025\\\/08\\\/como-receber-mais-chamadas-na-99.jpg\",\"datePublished\":\"2025-08-13T05:50:52+00:00\",\"breadcrumb\":{\"@id\":\"https:\\\/\\\/motorista.com.br\\\/noticias\\\/2025\\\/08\\\/13\\\/99-traz-nova-abordagem-para-valorizar-motoristas-de-aplicativo\\\/#breadcrumb\"},\"inLanguage\":\"pt-BR\",\"potentialAction\":[{\"@type\":\"ReadAction\",\"target\":[\"https:\\\/\\\/motorista.com.br\\\/noticias\\\/2025\\\/08\\\/13\\\/99-traz-nova-abordagem-para-valorizar-motoristas-de-aplicativo\\\/\"]}]},{\"@type\":\"ImageObject\",\"inLanguage\":\"pt-BR\",\"@id\":\"https:\\\/\\\/motorista.com.br\\\/noticias\\\/2025\\\/08\\\/13\\\/99-traz-nova-abordagem-para-valorizar-motoristas-de-aplicativo\\\/#primaryimage\",\"url\":\"https:\\\/\\\/motorista.com.br\\\/noticias\\\/wp-content\\\/uploads\\\/2025\\\/08\\\/como-receber-mais-chamadas-na-99.jpg\",\"contentUrl\":\"https:\\\/\\\/motorista.com.br\\\/noticias\\\/wp-content\\\/uploads\\\/2025\\\/08\\\/como-receber-mais-chamadas-na-99.jpg\",\"width\":1000,\"height\":667},{\"@type\":\"BreadcrumbList\",\"@id\":\"https:\\\/\\\/motorista.com.br\\\/noticias\\\/2025\\\/08\\\/13\\\/99-traz-nova-abordagem-para-valorizar-motoristas-de-aplicativo\\\/#breadcrumb\",\"itemListElement\":[{\"@type\":\"ListItem\",\"position\":1,\"name\":\"In\u00edcio\",\"item\":\"https:\\\/\\\/motorista.com.br\\\/noticias\\\/\"},{\"@type\":\"ListItem\",\"position\":2,\"name\":\"99 traz nova abordagem para valorizar motoristas de aplicativo.\"}]},{\"@type\":\"WebSite\",\"@id\":\"https:\\\/\\\/motorista.com.br\\\/noticias\\\/#website\",\"url\":\"https:\\\/\\\/motorista.com.br\\\/noticias\\\/\",\"name\":\"Motorista.com.br\",\"description\":\"Not\u00edcia do Motorista\",\"publisher\":{\"@id\":\"https:\\\/\\\/motorista.com.br\\\/noticias\\\/#organization\"},\"potentialAction\":[{\"@type\":\"SearchAction\",\"target\":{\"@type\":\"EntryPoint\",\"urlTemplate\":\"https:\\\/\\\/motorista.com.br\\\/noticias\\\/?s={search_term_string}\"},\"query-input\":{\"@type\":\"PropertyValueSpecification\",\"valueRequired\":true,\"valueName\":\"search_term_string\"}}],\"inLanguage\":\"pt-BR\"},{\"@type\":\"Organization\",\"@id\":\"https:\\\/\\\/motorista.com.br\\\/noticias\\\/#organization\",\"name\":\"Motorista.com.br\",\"url\":\"https:\\\/\\\/motorista.com.br\\\/noticias\\\/\",\"logo\":{\"@type\":\"ImageObject\",\"inLanguage\":\"pt-BR\",\"@id\":\"https:\\\/\\\/motorista.com.br\\\/noticias\\\/#\\\/schema\\\/logo\\\/image\\\/\",\"url\":\"https:\\\/\\\/motorista.com.br\\\/noticias\\\/wp-content\\\/uploads\\\/2025\\\/06\\\/Design-sem-nome-9.png\",\"contentUrl\":\"https:\\\/\\\/motorista.com.br\\\/noticias\\\/wp-content\\\/uploads\\\/2025\\\/06\\\/Design-sem-nome-9.png\",\"width\":150,\"height\":85,\"caption\":\"Motorista.com.br\"},\"image\":{\"@id\":\"https:\\\/\\\/motorista.com.br\\\/noticias\\\/#\\\/schema\\\/logo\\\/image\\\/\"}},{\"@type\":\"Person\",\"@id\":\"https:\\\/\\\/motorista.com.br\\\/noticias\\\/#\\\/schema\\\/person\\\/dc93afc2981c0e3ce6bc3c053fd847be\",\"name\":\"Equipe Reda\u00e7\u00e3o\",\"image\":{\"@type\":\"ImageObject\",\"inLanguage\":\"pt-BR\",\"@id\":\"https:\\\/\\\/secure.gravatar.com\\\/avatar\\\/4f525efbf18dd2bb300ccad28bfb99d95a9465a5ba268407c8c37b37e1f28d2d?s=96&d=mm&r=g9e099043a0c61e9ae27e293b9fa75ffc\",\"url\":\"https:\\\/\\\/secure.gravatar.com\\\/avatar\\\/4f525efbf18dd2bb300ccad28bfb99d95a9465a5ba268407c8c37b37e1f28d2d?s=96&d=mm&r=g\",\"contentUrl\":\"https:\\\/\\\/secure.gravatar.com\\\/avatar\\\/4f525efbf18dd2bb300ccad28bfb99d95a9465a5ba268407c8c37b37e1f28d2d?s=96&d=mm&r=g\",\"caption\":\"Equipe Reda\u00e7\u00e3o\"},\"description\":\"Equipe de reda\u00e7\u00e3o \u00e9 um grupo de profissionais que trabalham juntos para criar conte\u00fado escrito para Motorista.com.br\",\"url\":\"https:\\\/\\\/motorista.com.br\\\/noticias\\\/author\\\/equiperedacao\\\/\"}]}<\/script>\n<!-- \/ Yoast SEO Premium plugin. -->","yoast_head_json":{"title":"99 traz nova abordagem para valorizar motoristas de aplicativo. - Motorista.com.br","robots":{"index":"index","follow":"follow","max-snippet":"max-snippet:-1","max-image-preview":"max-image-preview:large","max-video-preview":"max-video-preview:-1"},"canonical":"https:\/\/motorista.com.br\/noticias\/2025\/08\/13\/99-traz-nova-abordagem-para-valorizar-motoristas-de-aplicativo\/","og_locale":"pt_BR","og_type":"article","og_title":"99 traz nova abordagem para valorizar motoristas de aplicativo.","og_description":"99 Prop\u00f5e Novo Olhar Para Valorizar a Profiss\u00e3o de Motorista de Aplicativo em Campanha Recentemente, a empresa 99 lan\u00e7ou uma campanha inovadora visando destacar a import\u00e2ncia dos motoristas de aplicativo no contexto da mobilidade urbana. Por meio de a\u00e7\u00f5es nas redes sociais e colabora\u00e7\u00f5es com influenciadores, a iniciativa busca desfazer os estigmas que muitas vezes &hellip;","og_url":"https:\/\/motorista.com.br\/noticias\/2025\/08\/13\/99-traz-nova-abordagem-para-valorizar-motoristas-de-aplicativo\/","og_site_name":"Motorista.com.br","article_published_time":"2025-08-13T05:50:52+00:00","author":"Equipe Reda\u00e7\u00e3o","twitter_card":"summary_large_image","twitter_misc":{"Escrito por":"Equipe Reda\u00e7\u00e3o","Est. tempo de leitura":"2 minutos","Written by":"Equipe Reda\u00e7\u00e3o"},"schema":{"@context":"https:\/\/schema.org","@graph":[{"@type":"Article","@id":"https:\/\/motorista.com.br\/noticias\/2025\/08\/13\/99-traz-nova-abordagem-para-valorizar-motoristas-de-aplicativo\/#article","isPartOf":{"@id":"https:\/\/motorista.com.br\/noticias\/2025\/08\/13\/99-traz-nova-abordagem-para-valorizar-motoristas-de-aplicativo\/"},"author":{"name":"Equipe Reda\u00e7\u00e3o","@id":"https:\/\/motorista.com.br\/noticias\/#\/schema\/person\/dc93afc2981c0e3ce6bc3c053fd847be"},"headline":"99 traz nova abordagem para valorizar motoristas de aplicativo.","datePublished":"2025-08-13T05:50:52+00:00","mainEntityOfPage":{"@id":"https:\/\/motorista.com.br\/noticias\/2025\/08\/13\/99-traz-nova-abordagem-para-valorizar-motoristas-de-aplicativo\/"},"wordCount":388,"publisher":{"@id":"https:\/\/motorista.com.br\/noticias\/#organization"},"image":{"@id":"https:\/\/motorista.com.br\/noticias\/2025\/08\/13\/99-traz-nova-abordagem-para-valorizar-motoristas-de-aplicativo\/#primaryimage"},"thumbnailUrl":"https:\/\/motorista.com.br\/noticias\/wp-content\/uploads\/2025\/08\/como-receber-mais-chamadas-na-99.jpg","articleSection":["Aplicativos","Motorista"],"inLanguage":"pt-BR"},{"@type":"WebPage","@id":"https:\/\/motorista.com.br\/noticias\/2025\/08\/13\/99-traz-nova-abordagem-para-valorizar-motoristas-de-aplicativo\/","url":"https:\/\/motorista.com.br\/noticias\/2025\/08\/13\/99-traz-nova-abordagem-para-valorizar-motoristas-de-aplicativo\/","name":"99 traz nova abordagem para valorizar motoristas de aplicativo. - Motorista.com.br","isPartOf":{"@id":"https:\/\/motorista.com.br\/noticias\/#website"},"primaryImageOfPage":{"@id":"https:\/\/motorista.com.br\/noticias\/2025\/08\/13\/99-traz-nova-abordagem-para-valorizar-motoristas-de-aplicativo\/#primaryimage"},"image":{"@id":"https:\/\/motorista.com.br\/noticias\/2025\/08\/13\/99-traz-nova-abordagem-para-valorizar-motoristas-de-aplicativo\/#primaryimage"},"thumbnailUrl":"https:\/\/motorista.com.br\/noticias\/wp-content\/uploads\/2025\/08\/como-receber-mais-chamadas-na-99.jpg","datePublished":"2025-08-13T05:50:52+00:00","breadcrumb":{"@id":"https:\/\/motorista.com.br\/noticias\/2025\/08\/13\/99-traz-nova-abordagem-para-valorizar-motoristas-de-aplicativo\/#breadcrumb"},"inLanguage":"pt-BR","potentialAction":[{"@type":"ReadAction","target":["https:\/\/motorista.com.br\/noticias\/2025\/08\/13\/99-traz-nova-abordagem-para-valorizar-motoristas-de-aplicativo\/"]}]},{"@type":"ImageObject","inLanguage":"pt-BR","@id":"https:\/\/motorista.com.br\/noticias\/2025\/08\/13\/99-traz-nova-abordagem-para-valorizar-motoristas-de-aplicativo\/#primaryimage","url":"https:\/\/motorista.com.br\/noticias\/wp-content\/uploads\/2025\/08\/como-receber-mais-chamadas-na-99.jpg","contentUrl":"https:\/\/motorista.com.br\/noticias\/wp-content\/uploads\/2025\/08\/como-receber-mais-chamadas-na-99.jpg","width":1000,"height":667},{"@type":"BreadcrumbList","@id":"https:\/\/motorista.com.br\/noticias\/2025\/08\/13\/99-traz-nova-abordagem-para-valorizar-motoristas-de-aplicativo\/#breadcrumb","itemListElement":[{"@type":"ListItem","position":1,"name":"In\u00edcio","item":"https:\/\/motorista.com.br\/noticias\/"},{"@type":"ListItem","position":2,"name":"99 traz nova abordagem para valorizar motoristas de aplicativo."}]},{"@type":"WebSite","@id":"https:\/\/motorista.com.br\/noticias\/#website","url":"https:\/\/motorista.com.br\/noticias\/","name":"Motorista.com.br","description":"Not\u00edcia do Motorista","publisher":{"@id":"https:\/\/motorista.com.br\/noticias\/#organization"},"potentialAction":[{"@type":"SearchAction","target":{"@type":"EntryPoint","urlTemplate":"https:\/\/motorista.com.br\/noticias\/?s={search_term_string}"},"query-input":{"@type":"PropertyValueSpecification","valueRequired":true,"valueName":"search_term_string"}}],"inLanguage":"pt-BR"},{"@type":"Organization","@id":"https:\/\/motorista.com.br\/noticias\/#organization","name":"Motorista.com.br","url":"https:\/\/motorista.com.br\/noticias\/","logo":{"@type":"ImageObject","inLanguage":"pt-BR","@id":"https:\/\/motorista.com.br\/noticias\/#\/schema\/logo\/image\/","url":"https:\/\/motorista.com.br\/noticias\/wp-content\/uploads\/2025\/06\/Design-sem-nome-9.png","contentUrl":"https:\/\/motorista.com.br\/noticias\/wp-content\/uploads\/2025\/06\/Design-sem-nome-9.png","width":150,"height":85,"caption":"Motorista.com.br"},"image":{"@id":"https:\/\/motorista.com.br\/noticias\/#\/schema\/logo\/image\/"}},{"@type":"Person","@id":"https:\/\/motorista.com.br\/noticias\/#\/schema\/person\/dc93afc2981c0e3ce6bc3c053fd847be","name":"Equipe Reda\u00e7\u00e3o","image":{"@type":"ImageObject","inLanguage":"pt-BR","@id":"https:\/\/secure.gravatar.com\/avatar\/4f525efbf18dd2bb300ccad28bfb99d95a9465a5ba268407c8c37b37e1f28d2d?s=96&d=mm&r=g9e099043a0c61e9ae27e293b9fa75ffc","url":"https:\/\/secure.gravatar.com\/avatar\/4f525efbf18dd2bb300ccad28bfb99d95a9465a5ba268407c8c37b37e1f28d2d?s=96&d=mm&r=g","contentUrl":"https:\/\/secure.gravatar.com\/avatar\/4f525efbf18dd2bb300ccad28bfb99d95a9465a5ba268407c8c37b37e1f28d2d?s=96&d=mm&r=g","caption":"Equipe Reda\u00e7\u00e3o"},"description":"Equipe de reda\u00e7\u00e3o \u00e9 um grupo de profissionais que trabalham juntos para criar conte\u00fado escrito para Motorista.com.br","url":"https:\/\/motorista.com.br\/noticias\/author\/equiperedacao\/"}]}},"_links":{"self":[{"href":"https:\/\/motorista.com.br\/noticias\/wp-json\/wp\/v2\/posts\/3195","targetHints":{"allow":["GET"]}}],"collection":[{"href":"https:\/\/motorista.com.br\/noticias\/wp-json\/wp\/v2\/posts"}],"about":[{"href":"https:\/\/motorista.com.br\/noticias\/wp-json\/wp\/v2\/types\/post"}],"author":[{"embeddable":true,"href":"https:\/\/motorista.com.br\/noticias\/wp-json\/wp\/v2\/users\/4"}],"replies":[{"embeddable":true,"href":"https:\/\/motorista.com.br\/noticias\/wp-json\/wp\/v2\/comments?post=3195"}],"version-history":[{"count":0,"href":"https:\/\/motorista.com.br\/noticias\/wp-json\/wp\/v2\/posts\/3195\/revisions"}],"wp:featuredmedia":[{"embeddable":true,"href":"https:\/\/motorista.com.br\/noticias\/wp-json\/wp\/v2\/media\/3196"}],"wp:attachment":[{"href":"https:\/\/motorista.com.br\/noticias\/wp-json\/wp\/v2\/media?parent=3195"}],"wp:term":[{"taxonomy":"category","embeddable":true,"href":"https:\/\/motorista.com.br\/noticias\/wp-json\/wp\/v2\/categories?post=3195"},{"taxonomy":"post_tag","embeddable":true,"href":"https:\/\/motorista.com.br\/noticias\/wp-json\/wp\/v2\/tags?post=3195"},{"taxonomy":"author","embeddable":true,"href":"https:\/\/motorista.com.br\/noticias\/wp-json\/wp\/v2\/coauthors?post=3195"}],"curies":[{"name":"wp","href":"https:\/\/api.w.org\/{rel}","templated":true}]}}