{"id":3026,"date":"2025-08-08T22:12:32","date_gmt":"2025-08-09T01:12:32","guid":{"rendered":"https:\/\/motorista.com.br\/noticias\/2025\/08\/08\/r-5-milhoes-mes-da-cidade-para-uber-e-99-transporte-local-em-sao-carlos\/"},"modified":"2025-08-08T22:12:32","modified_gmt":"2025-08-09T01:12:32","slug":"r-5-milhoes-mes-da-cidade-para-uber-e-99-transporte-local-em-sao-carlos","status":"publish","type":"post","link":"https:\/\/motorista.com.br\/noticias\/2025\/08\/08\/r-5-milhoes-mes-da-cidade-para-uber-e-99-transporte-local-em-sao-carlos\/","title":{"rendered":"R$ 5 milh\u00f5es\/m\u00eas da cidade para Uber e 99: transporte local em S\u00e3o Carlos"},"content":{"rendered":"<p><\/p>\n<h3>R$ 5 milh\u00f5es mensais da economia da cidade v\u00e3o para a Uber e 99, mas esse dinheiro poderia ficar aqui, beneficiando motoristas em um app local<\/h3>\n<p>O transporte por aplicativo, que um dia simbolizou liberdade e rendimento r\u00e1pido, enfrenta desafios significativos em cidades do interior como S\u00e3o Carlos (SP). Hoje, muitos motoristas lidam com jornadas extenuantes, tarifas injustas e um sistema que parece beneficiar mais as plataformas do que os profissionais que rodam pelas ruas. <\/p>\n<p>A realidade econ\u00f4mica desses motoristas \u00e9 complexa. Um dado alarmante \u00e9 que entre R$ 4 e R$ 5 milh\u00f5es por m\u00eas s\u00e3o sugados da economia local devido \u00e0s taxas cobradas pelas plataformas como Uber e 99. Esse montante poderia ser reinvestido na cidade, fortalecendo um aplicativo local que, em vez de extrair recursos, pudesse gerar valor para motoristas, comerciantes e a popula\u00e7\u00e3o em geral.<\/p>\n<p><strong>A Coleta de Vozes em S\u00e3o Carlos<\/strong><\/p>\n<p>Motoristas como Marcelo Santos, que se tornou l\u00edder de uma cooperativa local, buscam resgatar a dignidade da profiss\u00e3o ao desenvolver uma plataforma pr\u00f3pria. A cooperativa, embora ainda enfrentando dificuldades, tem o potencial n\u00e3o s\u00f3 de melhorar as condi\u00e7\u00f5es de trabalho dos motoristas, mas tamb\u00e9m de criar um ciclo econ\u00f4mico favor\u00e1vel na regi\u00e3o.<\/p>\n<p>O impacto da reten\u00e7\u00e3o desses R$ 5 milh\u00f5es poderia ser sentido em v\u00e1rias frentes: maior poder de compra para os motoristas, mais recursos para o com\u00e9rcio local e, por consequ\u00eancia, uma mobilidade urbana mais sustent\u00e1vel. Com a cria\u00e7\u00e3o de um aplicativo local, a competitividade aumentaria, permitindo que os motoristas fossem compensados de maneira mais justa por seu trabalho.<\/p>\n<p><strong>Desafios Enfrentados pelos Motoristas<\/strong><\/p>\n<p>Enquanto organiza\u00e7\u00f5es como a Liga Coop tentam criar um modelo mais justo e transparente, motoristas como William Oliveira enfrentam uma dura realidade. Ele alterna entre diferentes aplicativos, mas mesmo assim percebe que os ganhos est\u00e3o diminuindo. A press\u00e3o para manter um padr\u00e3o de vida acaba levando muitos a trabalhar mais horas, sacrificando tempo com a fam\u00edlia e sua sa\u00fade mental e f\u00edsica.<\/p>\n<p>Os motoristas relatam a insatisfa\u00e7\u00e3o com o sistema atual, marcado pela falta de suporte e de um retorno financeiro que justifique os altos custos operacionais. Em contraste, um aplicativo local poderia garantir tarifas fixas e justas, al\u00e9m de proporcionar um suporte mais robusto e transparente.<\/p>\n<p><strong>A Nova Alternativa do Cooperativismo<\/strong><\/p>\n<p>A iniciativa cooperativa n\u00e3o \u00e9 apenas uma tentativa de melhorar os ganhos, mas um movimento vital para reverter a explora\u00e7\u00e3o que muitos motoristas sentem nas grandes plataformas. A vis\u00e3o de um modelo de neg\u00f3cios onde motoristas s\u00e3o tamb\u00e9m donos do aplicativo poderia levar a uma redu\u00e7\u00e3o das tarifas, um maior suporte regulamentar e, essencialmente, um trabalho mais digno.<\/p>\n<p>A\u00e7\u00f5es como essas almejam n\u00e3o s\u00f3 a sobreviv\u00eancia, mas uma transforma\u00e7\u00e3o na din\u00e2mica da mobilidade urbana. Ao direcionar os recursos localmente, motoristas e comerciantes se beneficiariam mutuamente, criando um ambiente mais equilibrado e sustent\u00e1vel para todos.<\/p>\n<p><strong>Dignidade e Sustentabilidade<\/strong><\/p>\n<p>A luta por dignidade na profiss\u00e3o de motorista de aplicativo em S\u00e3o Carlos \u00e9 emblem\u00e1tica de um problema maior que afeta muitos profissionais no Brasil. A resist\u00eancia dos motoristas em se adaptar a um novo modelo, como a Liga Coop, revela as barreiras culturais e institucionais que precisam ser superadas.<\/p>\n<p>A potencial cria\u00e7\u00e3o de um aplicativo local n\u00e3o \u00e9 apenas uma resposta aos desafios financeiros, mas uma proposta de mobilidade que prioriza a comunidade. Quando o dinheiro permanece na cidade, todos saem ganhando. \u00c9 hora de motoristas, usu\u00e1rios e o poder p\u00fablico se unirem para transformar a mobilidade nacional e garantir que o futuro dos aplicativos esteja nas m\u00e3os de quem realmente faz o trabalho.<\/p>\n<p><strong>Conclus\u00e3o<\/strong><\/p>\n<p>Diante desse cen\u00e1rio, fica evidente que reter os R$ 5 milh\u00f5es mensais na economia local por meio de um aplicativo gerido por motoristas pode beneficiar n\u00e3o apenas os profissionais do volante, mas toda a comunidade de S\u00e3o Carlos. \u00c9 uma quest\u00e3o de dignidade, justi\u00e7a e sustentabilidade, refletindo nosso compromisso com um futuro onde todos possam prosperar.<\/p>\n<p><strong>Fonte: 55content<\/strong><\/p>\n","protected":false},"excerpt":{"rendered":"<p>R$ 5 milh\u00f5es mensais da economia da cidade v\u00e3o para a Uber e 99, mas esse dinheiro poderia ficar aqui, beneficiando motoristas em um app local O transporte por aplicativo, que um dia simbolizou liberdade e rendimento r\u00e1pido, enfrenta desafios significativos em cidades do interior como S\u00e3o Carlos (SP). Hoje, muitos motoristas lidam com jornadas &hellip;<\/p>\n","protected":false},"author":4,"featured_media":3027,"comment_status":"","ping_status":"open","sticky":false,"template":"","format":"standard","meta":{"footnotes":""},"categories":[49,77],"tags":[],"coauthors":[42],"class_list":["post-3026","post","type-post","status-publish","format-standard","has-post-thumbnail","hentry","category-aplicativos","category-motorista"],"yoast_head":"<!-- This site is optimized with the Yoast SEO Premium plugin v27.6.1 (Yoast SEO v28.4) - https:\/\/yoast.com\/product\/yoast-seo-premium-wordpress\/ -->\n<title>R$ 5 milh\u00f5es\/m\u00eas da cidade para Uber e 99: transporte local em S\u00e3o Carlos - Motorista.com.br<\/title>\n<meta name=\"robots\" content=\"index, follow, max-snippet:-1, max-image-preview:large, max-video-preview:-1\" \/>\n<link rel=\"canonical\" href=\"https:\/\/motorista.com.br\/noticias\/2025\/08\/08\/r-5-milhoes-mes-da-cidade-para-uber-e-99-transporte-local-em-sao-carlos\/\" \/>\n<meta property=\"og:locale\" content=\"pt_BR\" \/>\n<meta property=\"og:type\" content=\"article\" \/>\n<meta property=\"og:title\" content=\"R$ 5 milh\u00f5es\/m\u00eas da cidade para Uber e 99: transporte local em S\u00e3o Carlos\" \/>\n<meta property=\"og:description\" content=\"R$ 5 milh\u00f5es mensais da economia da cidade v\u00e3o para a Uber e 99, mas esse dinheiro poderia ficar aqui, beneficiando motoristas em um app local O transporte por aplicativo, que um dia simbolizou liberdade e rendimento r\u00e1pido, enfrenta desafios significativos em cidades do interior como S\u00e3o Carlos (SP). Hoje, muitos motoristas lidam com jornadas &hellip;\" \/>\n<meta property=\"og:url\" content=\"https:\/\/motorista.com.br\/noticias\/2025\/08\/08\/r-5-milhoes-mes-da-cidade-para-uber-e-99-transporte-local-em-sao-carlos\/\" \/>\n<meta property=\"og:site_name\" content=\"Motorista.com.br\" \/>\n<meta property=\"article:published_time\" content=\"2025-08-09T01:12:32+00:00\" \/>\n<meta name=\"author\" content=\"Equipe Reda\u00e7\u00e3o\" \/>\n<meta name=\"twitter:card\" content=\"summary_large_image\" \/>\n<meta name=\"twitter:label1\" content=\"Escrito por\" \/>\n\t<meta name=\"twitter:data1\" content=\"Equipe Reda\u00e7\u00e3o\" \/>\n\t<meta name=\"twitter:label2\" content=\"Est. tempo de leitura\" \/>\n\t<meta name=\"twitter:data2\" content=\"3 minutos\" \/>\n\t<meta name=\"twitter:label3\" content=\"Written by\" \/>\n\t<meta name=\"twitter:data3\" content=\"Equipe Reda\u00e7\u00e3o\" \/>\n<script type=\"application\/ld+json\" class=\"yoast-schema-graph\">{\"@context\":\"https:\\\/\\\/schema.org\",\"@graph\":[{\"@type\":\"Article\",\"@id\":\"https:\\\/\\\/motorista.com.br\\\/noticias\\\/2025\\\/08\\\/08\\\/r-5-milhoes-mes-da-cidade-para-uber-e-99-transporte-local-em-sao-carlos\\\/#article\",\"isPartOf\":{\"@id\":\"https:\\\/\\\/motorista.com.br\\\/noticias\\\/2025\\\/08\\\/08\\\/r-5-milhoes-mes-da-cidade-para-uber-e-99-transporte-local-em-sao-carlos\\\/\"},\"author\":{\"name\":\"Equipe Reda\u00e7\u00e3o\",\"@id\":\"https:\\\/\\\/motorista.com.br\\\/noticias\\\/#\\\/schema\\\/person\\\/dc93afc2981c0e3ce6bc3c053fd847be\"},\"headline\":\"R$ 5 milh\u00f5es\\\/m\u00eas da cidade para Uber e 99: transporte local em S\u00e3o Carlos\",\"datePublished\":\"2025-08-09T01:12:32+00:00\",\"mainEntityOfPage\":{\"@id\":\"https:\\\/\\\/motorista.com.br\\\/noticias\\\/2025\\\/08\\\/08\\\/r-5-milhoes-mes-da-cidade-para-uber-e-99-transporte-local-em-sao-carlos\\\/\"},\"wordCount\":709,\"publisher\":{\"@id\":\"https:\\\/\\\/motorista.com.br\\\/noticias\\\/#organization\"},\"image\":{\"@id\":\"https:\\\/\\\/motorista.com.br\\\/noticias\\\/2025\\\/08\\\/08\\\/r-5-milhoes-mes-da-cidade-para-uber-e-99-transporte-local-em-sao-carlos\\\/#primaryimage\"},\"thumbnailUrl\":\"https:\\\/\\\/motorista.com.br\\\/noticias\\\/wp-content\\\/uploads\\\/2025\\\/08\\\/Imagem-ReproducaoInternet.png\",\"articleSection\":[\"Aplicativos\",\"Motorista\"],\"inLanguage\":\"pt-BR\"},{\"@type\":\"WebPage\",\"@id\":\"https:\\\/\\\/motorista.com.br\\\/noticias\\\/2025\\\/08\\\/08\\\/r-5-milhoes-mes-da-cidade-para-uber-e-99-transporte-local-em-sao-carlos\\\/\",\"url\":\"https:\\\/\\\/motorista.com.br\\\/noticias\\\/2025\\\/08\\\/08\\\/r-5-milhoes-mes-da-cidade-para-uber-e-99-transporte-local-em-sao-carlos\\\/\",\"name\":\"R$ 5 milh\u00f5es\\\/m\u00eas da cidade para Uber e 99: transporte local em S\u00e3o Carlos - Motorista.com.br\",\"isPartOf\":{\"@id\":\"https:\\\/\\\/motorista.com.br\\\/noticias\\\/#website\"},\"primaryImageOfPage\":{\"@id\":\"https:\\\/\\\/motorista.com.br\\\/noticias\\\/2025\\\/08\\\/08\\\/r-5-milhoes-mes-da-cidade-para-uber-e-99-transporte-local-em-sao-carlos\\\/#primaryimage\"},\"image\":{\"@id\":\"https:\\\/\\\/motorista.com.br\\\/noticias\\\/2025\\\/08\\\/08\\\/r-5-milhoes-mes-da-cidade-para-uber-e-99-transporte-local-em-sao-carlos\\\/#primaryimage\"},\"thumbnailUrl\":\"https:\\\/\\\/motorista.com.br\\\/noticias\\\/wp-content\\\/uploads\\\/2025\\\/08\\\/Imagem-ReproducaoInternet.png\",\"datePublished\":\"2025-08-09T01:12:32+00:00\",\"breadcrumb\":{\"@id\":\"https:\\\/\\\/motorista.com.br\\\/noticias\\\/2025\\\/08\\\/08\\\/r-5-milhoes-mes-da-cidade-para-uber-e-99-transporte-local-em-sao-carlos\\\/#breadcrumb\"},\"inLanguage\":\"pt-BR\",\"potentialAction\":[{\"@type\":\"ReadAction\",\"target\":[\"https:\\\/\\\/motorista.com.br\\\/noticias\\\/2025\\\/08\\\/08\\\/r-5-milhoes-mes-da-cidade-para-uber-e-99-transporte-local-em-sao-carlos\\\/\"]}]},{\"@type\":\"ImageObject\",\"inLanguage\":\"pt-BR\",\"@id\":\"https:\\\/\\\/motorista.com.br\\\/noticias\\\/2025\\\/08\\\/08\\\/r-5-milhoes-mes-da-cidade-para-uber-e-99-transporte-local-em-sao-carlos\\\/#primaryimage\",\"url\":\"https:\\\/\\\/motorista.com.br\\\/noticias\\\/wp-content\\\/uploads\\\/2025\\\/08\\\/Imagem-ReproducaoInternet.png\",\"contentUrl\":\"https:\\\/\\\/motorista.com.br\\\/noticias\\\/wp-content\\\/uploads\\\/2025\\\/08\\\/Imagem-ReproducaoInternet.png\",\"width\":600,\"height\":350},{\"@type\":\"BreadcrumbList\",\"@id\":\"https:\\\/\\\/motorista.com.br\\\/noticias\\\/2025\\\/08\\\/08\\\/r-5-milhoes-mes-da-cidade-para-uber-e-99-transporte-local-em-sao-carlos\\\/#breadcrumb\",\"itemListElement\":[{\"@type\":\"ListItem\",\"position\":1,\"name\":\"In\u00edcio\",\"item\":\"https:\\\/\\\/motorista.com.br\\\/noticias\\\/\"},{\"@type\":\"ListItem\",\"position\":2,\"name\":\"R$ 5 milh\u00f5es\\\/m\u00eas da cidade para Uber e 99: transporte local em S\u00e3o Carlos\"}]},{\"@type\":\"WebSite\",\"@id\":\"https:\\\/\\\/motorista.com.br\\\/noticias\\\/#website\",\"url\":\"https:\\\/\\\/motorista.com.br\\\/noticias\\\/\",\"name\":\"Motorista.com.br\",\"description\":\"Not\u00edcia do Motorista\",\"publisher\":{\"@id\":\"https:\\\/\\\/motorista.com.br\\\/noticias\\\/#organization\"},\"potentialAction\":[{\"@type\":\"SearchAction\",\"target\":{\"@type\":\"EntryPoint\",\"urlTemplate\":\"https:\\\/\\\/motorista.com.br\\\/noticias\\\/?s={search_term_string}\"},\"query-input\":{\"@type\":\"PropertyValueSpecification\",\"valueRequired\":true,\"valueName\":\"search_term_string\"}}],\"inLanguage\":\"pt-BR\"},{\"@type\":\"Organization\",\"@id\":\"https:\\\/\\\/motorista.com.br\\\/noticias\\\/#organization\",\"name\":\"Motorista.com.br\",\"url\":\"https:\\\/\\\/motorista.com.br\\\/noticias\\\/\",\"logo\":{\"@type\":\"ImageObject\",\"inLanguage\":\"pt-BR\",\"@id\":\"https:\\\/\\\/motorista.com.br\\\/noticias\\\/#\\\/schema\\\/logo\\\/image\\\/\",\"url\":\"https:\\\/\\\/motorista.com.br\\\/noticias\\\/wp-content\\\/uploads\\\/2025\\\/06\\\/Design-sem-nome-9.png\",\"contentUrl\":\"https:\\\/\\\/motorista.com.br\\\/noticias\\\/wp-content\\\/uploads\\\/2025\\\/06\\\/Design-sem-nome-9.png\",\"width\":150,\"height\":85,\"caption\":\"Motorista.com.br\"},\"image\":{\"@id\":\"https:\\\/\\\/motorista.com.br\\\/noticias\\\/#\\\/schema\\\/logo\\\/image\\\/\"}},{\"@type\":\"Person\",\"@id\":\"https:\\\/\\\/motorista.com.br\\\/noticias\\\/#\\\/schema\\\/person\\\/dc93afc2981c0e3ce6bc3c053fd847be\",\"name\":\"Equipe Reda\u00e7\u00e3o\",\"image\":{\"@type\":\"ImageObject\",\"inLanguage\":\"pt-BR\",\"@id\":\"https:\\\/\\\/secure.gravatar.com\\\/avatar\\\/4f525efbf18dd2bb300ccad28bfb99d95a9465a5ba268407c8c37b37e1f28d2d?s=96&d=mm&r=g9e099043a0c61e9ae27e293b9fa75ffc\",\"url\":\"https:\\\/\\\/secure.gravatar.com\\\/avatar\\\/4f525efbf18dd2bb300ccad28bfb99d95a9465a5ba268407c8c37b37e1f28d2d?s=96&d=mm&r=g\",\"contentUrl\":\"https:\\\/\\\/secure.gravatar.com\\\/avatar\\\/4f525efbf18dd2bb300ccad28bfb99d95a9465a5ba268407c8c37b37e1f28d2d?s=96&d=mm&r=g\",\"caption\":\"Equipe Reda\u00e7\u00e3o\"},\"description\":\"Equipe de reda\u00e7\u00e3o \u00e9 um grupo de profissionais que trabalham juntos para criar conte\u00fado escrito para Motorista.com.br\",\"url\":\"https:\\\/\\\/motorista.com.br\\\/noticias\\\/author\\\/equiperedacao\\\/\"}]}<\/script>\n<!-- \/ Yoast SEO Premium plugin. -->","yoast_head_json":{"title":"R$ 5 milh\u00f5es\/m\u00eas da cidade para Uber e 99: transporte local em S\u00e3o Carlos - Motorista.com.br","robots":{"index":"index","follow":"follow","max-snippet":"max-snippet:-1","max-image-preview":"max-image-preview:large","max-video-preview":"max-video-preview:-1"},"canonical":"https:\/\/motorista.com.br\/noticias\/2025\/08\/08\/r-5-milhoes-mes-da-cidade-para-uber-e-99-transporte-local-em-sao-carlos\/","og_locale":"pt_BR","og_type":"article","og_title":"R$ 5 milh\u00f5es\/m\u00eas da cidade para Uber e 99: transporte local em S\u00e3o Carlos","og_description":"R$ 5 milh\u00f5es mensais da economia da cidade v\u00e3o para a Uber e 99, mas esse dinheiro poderia ficar aqui, beneficiando motoristas em um app local O transporte por aplicativo, que um dia simbolizou liberdade e rendimento r\u00e1pido, enfrenta desafios significativos em cidades do interior como S\u00e3o Carlos (SP). Hoje, muitos motoristas lidam com jornadas &hellip;","og_url":"https:\/\/motorista.com.br\/noticias\/2025\/08\/08\/r-5-milhoes-mes-da-cidade-para-uber-e-99-transporte-local-em-sao-carlos\/","og_site_name":"Motorista.com.br","article_published_time":"2025-08-09T01:12:32+00:00","author":"Equipe Reda\u00e7\u00e3o","twitter_card":"summary_large_image","twitter_misc":{"Escrito por":"Equipe Reda\u00e7\u00e3o","Est. tempo de leitura":"3 minutos","Written by":"Equipe Reda\u00e7\u00e3o"},"schema":{"@context":"https:\/\/schema.org","@graph":[{"@type":"Article","@id":"https:\/\/motorista.com.br\/noticias\/2025\/08\/08\/r-5-milhoes-mes-da-cidade-para-uber-e-99-transporte-local-em-sao-carlos\/#article","isPartOf":{"@id":"https:\/\/motorista.com.br\/noticias\/2025\/08\/08\/r-5-milhoes-mes-da-cidade-para-uber-e-99-transporte-local-em-sao-carlos\/"},"author":{"name":"Equipe Reda\u00e7\u00e3o","@id":"https:\/\/motorista.com.br\/noticias\/#\/schema\/person\/dc93afc2981c0e3ce6bc3c053fd847be"},"headline":"R$ 5 milh\u00f5es\/m\u00eas da cidade para Uber e 99: transporte local em S\u00e3o Carlos","datePublished":"2025-08-09T01:12:32+00:00","mainEntityOfPage":{"@id":"https:\/\/motorista.com.br\/noticias\/2025\/08\/08\/r-5-milhoes-mes-da-cidade-para-uber-e-99-transporte-local-em-sao-carlos\/"},"wordCount":709,"publisher":{"@id":"https:\/\/motorista.com.br\/noticias\/#organization"},"image":{"@id":"https:\/\/motorista.com.br\/noticias\/2025\/08\/08\/r-5-milhoes-mes-da-cidade-para-uber-e-99-transporte-local-em-sao-carlos\/#primaryimage"},"thumbnailUrl":"https:\/\/motorista.com.br\/noticias\/wp-content\/uploads\/2025\/08\/Imagem-ReproducaoInternet.png","articleSection":["Aplicativos","Motorista"],"inLanguage":"pt-BR"},{"@type":"WebPage","@id":"https:\/\/motorista.com.br\/noticias\/2025\/08\/08\/r-5-milhoes-mes-da-cidade-para-uber-e-99-transporte-local-em-sao-carlos\/","url":"https:\/\/motorista.com.br\/noticias\/2025\/08\/08\/r-5-milhoes-mes-da-cidade-para-uber-e-99-transporte-local-em-sao-carlos\/","name":"R$ 5 milh\u00f5es\/m\u00eas da cidade para Uber e 99: transporte local em S\u00e3o Carlos - Motorista.com.br","isPartOf":{"@id":"https:\/\/motorista.com.br\/noticias\/#website"},"primaryImageOfPage":{"@id":"https:\/\/motorista.com.br\/noticias\/2025\/08\/08\/r-5-milhoes-mes-da-cidade-para-uber-e-99-transporte-local-em-sao-carlos\/#primaryimage"},"image":{"@id":"https:\/\/motorista.com.br\/noticias\/2025\/08\/08\/r-5-milhoes-mes-da-cidade-para-uber-e-99-transporte-local-em-sao-carlos\/#primaryimage"},"thumbnailUrl":"https:\/\/motorista.com.br\/noticias\/wp-content\/uploads\/2025\/08\/Imagem-ReproducaoInternet.png","datePublished":"2025-08-09T01:12:32+00:00","breadcrumb":{"@id":"https:\/\/motorista.com.br\/noticias\/2025\/08\/08\/r-5-milhoes-mes-da-cidade-para-uber-e-99-transporte-local-em-sao-carlos\/#breadcrumb"},"inLanguage":"pt-BR","potentialAction":[{"@type":"ReadAction","target":["https:\/\/motorista.com.br\/noticias\/2025\/08\/08\/r-5-milhoes-mes-da-cidade-para-uber-e-99-transporte-local-em-sao-carlos\/"]}]},{"@type":"ImageObject","inLanguage":"pt-BR","@id":"https:\/\/motorista.com.br\/noticias\/2025\/08\/08\/r-5-milhoes-mes-da-cidade-para-uber-e-99-transporte-local-em-sao-carlos\/#primaryimage","url":"https:\/\/motorista.com.br\/noticias\/wp-content\/uploads\/2025\/08\/Imagem-ReproducaoInternet.png","contentUrl":"https:\/\/motorista.com.br\/noticias\/wp-content\/uploads\/2025\/08\/Imagem-ReproducaoInternet.png","width":600,"height":350},{"@type":"BreadcrumbList","@id":"https:\/\/motorista.com.br\/noticias\/2025\/08\/08\/r-5-milhoes-mes-da-cidade-para-uber-e-99-transporte-local-em-sao-carlos\/#breadcrumb","itemListElement":[{"@type":"ListItem","position":1,"name":"In\u00edcio","item":"https:\/\/motorista.com.br\/noticias\/"},{"@type":"ListItem","position":2,"name":"R$ 5 milh\u00f5es\/m\u00eas da cidade para Uber e 99: transporte local em S\u00e3o Carlos"}]},{"@type":"WebSite","@id":"https:\/\/motorista.com.br\/noticias\/#website","url":"https:\/\/motorista.com.br\/noticias\/","name":"Motorista.com.br","description":"Not\u00edcia do Motorista","publisher":{"@id":"https:\/\/motorista.com.br\/noticias\/#organization"},"potentialAction":[{"@type":"SearchAction","target":{"@type":"EntryPoint","urlTemplate":"https:\/\/motorista.com.br\/noticias\/?s={search_term_string}"},"query-input":{"@type":"PropertyValueSpecification","valueRequired":true,"valueName":"search_term_string"}}],"inLanguage":"pt-BR"},{"@type":"Organization","@id":"https:\/\/motorista.com.br\/noticias\/#organization","name":"Motorista.com.br","url":"https:\/\/motorista.com.br\/noticias\/","logo":{"@type":"ImageObject","inLanguage":"pt-BR","@id":"https:\/\/motorista.com.br\/noticias\/#\/schema\/logo\/image\/","url":"https:\/\/motorista.com.br\/noticias\/wp-content\/uploads\/2025\/06\/Design-sem-nome-9.png","contentUrl":"https:\/\/motorista.com.br\/noticias\/wp-content\/uploads\/2025\/06\/Design-sem-nome-9.png","width":150,"height":85,"caption":"Motorista.com.br"},"image":{"@id":"https:\/\/motorista.com.br\/noticias\/#\/schema\/logo\/image\/"}},{"@type":"Person","@id":"https:\/\/motorista.com.br\/noticias\/#\/schema\/person\/dc93afc2981c0e3ce6bc3c053fd847be","name":"Equipe Reda\u00e7\u00e3o","image":{"@type":"ImageObject","inLanguage":"pt-BR","@id":"https:\/\/secure.gravatar.com\/avatar\/4f525efbf18dd2bb300ccad28bfb99d95a9465a5ba268407c8c37b37e1f28d2d?s=96&d=mm&r=g9e099043a0c61e9ae27e293b9fa75ffc","url":"https:\/\/secure.gravatar.com\/avatar\/4f525efbf18dd2bb300ccad28bfb99d95a9465a5ba268407c8c37b37e1f28d2d?s=96&d=mm&r=g","contentUrl":"https:\/\/secure.gravatar.com\/avatar\/4f525efbf18dd2bb300ccad28bfb99d95a9465a5ba268407c8c37b37e1f28d2d?s=96&d=mm&r=g","caption":"Equipe Reda\u00e7\u00e3o"},"description":"Equipe de reda\u00e7\u00e3o \u00e9 um grupo de profissionais que trabalham juntos para criar conte\u00fado escrito para Motorista.com.br","url":"https:\/\/motorista.com.br\/noticias\/author\/equiperedacao\/"}]}},"_links":{"self":[{"href":"https:\/\/motorista.com.br\/noticias\/wp-json\/wp\/v2\/posts\/3026","targetHints":{"allow":["GET"]}}],"collection":[{"href":"https:\/\/motorista.com.br\/noticias\/wp-json\/wp\/v2\/posts"}],"about":[{"href":"https:\/\/motorista.com.br\/noticias\/wp-json\/wp\/v2\/types\/post"}],"author":[{"embeddable":true,"href":"https:\/\/motorista.com.br\/noticias\/wp-json\/wp\/v2\/users\/4"}],"replies":[{"embeddable":true,"href":"https:\/\/motorista.com.br\/noticias\/wp-json\/wp\/v2\/comments?post=3026"}],"version-history":[{"count":0,"href":"https:\/\/motorista.com.br\/noticias\/wp-json\/wp\/v2\/posts\/3026\/revisions"}],"wp:featuredmedia":[{"embeddable":true,"href":"https:\/\/motorista.com.br\/noticias\/wp-json\/wp\/v2\/media\/3027"}],"wp:attachment":[{"href":"https:\/\/motorista.com.br\/noticias\/wp-json\/wp\/v2\/media?parent=3026"}],"wp:term":[{"taxonomy":"category","embeddable":true,"href":"https:\/\/motorista.com.br\/noticias\/wp-json\/wp\/v2\/categories?post=3026"},{"taxonomy":"post_tag","embeddable":true,"href":"https:\/\/motorista.com.br\/noticias\/wp-json\/wp\/v2\/tags?post=3026"},{"taxonomy":"author","embeddable":true,"href":"https:\/\/motorista.com.br\/noticias\/wp-json\/wp\/v2\/coauthors?post=3026"}],"curies":[{"name":"wp","href":"https:\/\/api.w.org\/{rel}","templated":true}]}}