{"id":2523,"date":"2025-08-05T02:52:08","date_gmt":"2025-08-05T05:52:08","guid":{"rendered":"https:\/\/motorista.com.br\/noticias\/2025\/08\/05\/uber-lanca-conta-para-adolescentes-com-supervisao-dos-pais\/"},"modified":"2025-08-05T02:52:08","modified_gmt":"2025-08-05T05:52:08","slug":"uber-lanca-conta-para-adolescentes-com-supervisao-dos-pais","status":"publish","type":"post","link":"https:\/\/motorista.com.br\/noticias\/2025\/08\/05\/uber-lanca-conta-para-adolescentes-com-supervisao-dos-pais\/","title":{"rendered":"Uber lan\u00e7a conta para adolescentes com supervis\u00e3o dos pais."},"content":{"rendered":"<p><\/p>\n<p><strong>Uber Introduz Conta para Adolescentes: Uma Nova Abordagem para a Mobilidade e Seguran\u00e7a<\/strong><\/p>\n<p>A Uber lan\u00e7ou recentemente a &quot;Uber conta teens&quot;, uma funcionalidade voltada para adolescentes entre 12 e 17 anos, permitindo que esses jovens tenham uma conta pr\u00f3pria no aplicativo, conectada \u00e0 de um respons\u00e1vel. Essa inova\u00e7\u00e3o n\u00e3o apenas reflete uma resposta \u00e0s necessidades dos usu\u00e1rios, mas tamb\u00e9m traz implica\u00e7\u00f5es significativas para a mobilidade urbana.<\/p>\n<p>A confirmar essa tend\u00eancia, a funcionalidade \u00e9 alimentada por recursos de seguran\u00e7a ativados automaticamente, garantindo que os respons\u00e1veis possam acompanhar as viagens em tempo real. Com a op\u00e7\u00e3o de monitorar cada trajeto, os pais podem se sentir mais tranquilos, sabendo que seus filhos est\u00e3o se deslocando de maneira segura.<\/p>\n<p>Um ponto crucial \u00e9 a funcionalidade U-Acompanha. Atrav\u00e9s dela, os respons\u00e1veis recebem atualiza\u00e7\u00f5es em tempo real sobre a viagem, incluindo informa\u00e7\u00f5es sobre o motorista e o ve\u00edculo. Al\u00e9m disso, o recurso U-C\u00f3digo exige que o adolescente informe um c\u00f3digo \u00fanico ao motorista antes do in\u00edcio da viagem, refor\u00e7ando a seguran\u00e7a e a responsabilidade.<\/p>\n<p>Estudos indicam que 82,5% dos respons\u00e1veis relataram que antes da implementa\u00e7\u00e3o dessa funcionalidade, frequentemente precisavam alterar seus compromissos pessoais ou profissionais para transportar os filhos. Agora, com a conta teens, mais de 75% dos respons\u00e1veis afirmam que ganharam mais tempo livre, o que n\u00e3o apenas melhora a qualidade de vida das fam\u00edlias, mas tamb\u00e9m impacta positivamente a mobilidade urbana. Ao permitir que os adolescentes realizem suas atividades de forma independente, reduz-se a press\u00e3o sobre o transporte familiar e, consequentemente, contribui-se para a diminui\u00e7\u00e3o do tr\u00e1fego nas principais vias.<\/p>\n<p>Al\u00e9m disso, a pesquisa revelou que 80,2% dos pais sentem maior seguran\u00e7a em rela\u00e7\u00e3o aos deslocamentos de seus filhos, destacando o acompanhamento em tempo real como uma caracter\u00edstica valiosa. As atividades realizadas pelos adolescentes, muitas vezes ligadas a escola e lazer, passaram a se expandir, com 83% afirmando que podem participar de eventos que antes eram invi\u00e1veis.<\/p>\n<p>Assim, a nova iniciativa da Uber n\u00e3o apenas facilita a mobilidade dos adolescentes, mas tamb\u00e9m redefine as din\u00e2micas familiares e a maneira como os jovens se inserem nas comunidades. Essa mudan\u00e7a demonstra que a tecnologia e a inova\u00e7\u00e3o caminham lado a lado em prol de uma sociedade mais segura e conectada.<\/p>\n<p><strong>Fonte: 55content<\/strong><\/p>\n","protected":false},"excerpt":{"rendered":"<p>Uber Introduz Conta para Adolescentes: Uma Nova Abordagem para a Mobilidade e Seguran\u00e7a A Uber lan\u00e7ou recentemente a &quot;Uber conta teens&quot;, uma funcionalidade voltada para adolescentes entre 12 e 17 anos, permitindo que esses jovens tenham uma conta pr\u00f3pria no aplicativo, conectada \u00e0 de um respons\u00e1vel. Essa inova\u00e7\u00e3o n\u00e3o apenas reflete uma resposta \u00e0s necessidades &hellip;<\/p>\n","protected":false},"author":4,"featured_media":2524,"comment_status":"","ping_status":"open","sticky":false,"template":"","format":"standard","meta":{"footnotes":""},"categories":[49,77],"tags":[],"coauthors":[42],"class_list":["post-2523","post","type-post","status-publish","format-standard","has-post-thumbnail","hentry","category-aplicativos","category-motorista"],"yoast_head":"<!-- This site is optimized with the Yoast SEO Premium plugin v25.5 (Yoast SEO v27.4) - https:\/\/yoast.com\/product\/yoast-seo-premium-wordpress\/ -->\n<title>Uber lan\u00e7a conta para adolescentes com supervis\u00e3o dos pais. - Motorista.com.br<\/title>\n<meta name=\"robots\" content=\"index, follow, max-snippet:-1, max-image-preview:large, max-video-preview:-1\" \/>\n<link rel=\"canonical\" href=\"https:\/\/motorista.com.br\/noticias\/2025\/08\/05\/uber-lanca-conta-para-adolescentes-com-supervisao-dos-pais\/\" \/>\n<meta property=\"og:locale\" content=\"pt_BR\" \/>\n<meta property=\"og:type\" content=\"article\" \/>\n<meta property=\"og:title\" content=\"Uber lan\u00e7a conta para adolescentes com supervis\u00e3o dos pais.\" \/>\n<meta property=\"og:description\" content=\"Uber Introduz Conta para Adolescentes: Uma Nova Abordagem para a Mobilidade e Seguran\u00e7a A Uber lan\u00e7ou recentemente a &quot;Uber conta teens&quot;, uma funcionalidade voltada para adolescentes entre 12 e 17 anos, permitindo que esses jovens tenham uma conta pr\u00f3pria no aplicativo, conectada \u00e0 de um respons\u00e1vel. Essa inova\u00e7\u00e3o n\u00e3o apenas reflete uma resposta \u00e0s necessidades &hellip;\" \/>\n<meta property=\"og:url\" content=\"https:\/\/motorista.com.br\/noticias\/2025\/08\/05\/uber-lanca-conta-para-adolescentes-com-supervisao-dos-pais\/\" \/>\n<meta property=\"og:site_name\" content=\"Motorista.com.br\" \/>\n<meta property=\"article:published_time\" content=\"2025-08-05T05:52:08+00:00\" \/>\n<meta name=\"author\" content=\"Equipe Reda\u00e7\u00e3o\" \/>\n<meta name=\"twitter:card\" content=\"summary_large_image\" \/>\n<meta name=\"twitter:label1\" content=\"Escrito por\" \/>\n\t<meta name=\"twitter:data1\" content=\"Equipe Reda\u00e7\u00e3o\" \/>\n\t<meta name=\"twitter:label2\" content=\"Est. tempo de leitura\" \/>\n\t<meta name=\"twitter:data2\" content=\"2 minutos\" \/>\n\t<meta name=\"twitter:label3\" content=\"Written by\" \/>\n\t<meta name=\"twitter:data3\" content=\"Equipe Reda\u00e7\u00e3o\" \/>\n<script type=\"application\/ld+json\" class=\"yoast-schema-graph\">{\"@context\":\"https:\\\/\\\/schema.org\",\"@graph\":[{\"@type\":\"Article\",\"@id\":\"https:\\\/\\\/motorista.com.br\\\/noticias\\\/2025\\\/08\\\/05\\\/uber-lanca-conta-para-adolescentes-com-supervisao-dos-pais\\\/#article\",\"isPartOf\":{\"@id\":\"https:\\\/\\\/motorista.com.br\\\/noticias\\\/2025\\\/08\\\/05\\\/uber-lanca-conta-para-adolescentes-com-supervisao-dos-pais\\\/\"},\"author\":{\"name\":\"Equipe Reda\u00e7\u00e3o\",\"@id\":\"https:\\\/\\\/motorista.com.br\\\/noticias\\\/#\\\/schema\\\/person\\\/dc93afc2981c0e3ce6bc3c053fd847be\"},\"headline\":\"Uber lan\u00e7a conta para adolescentes com supervis\u00e3o dos pais.\",\"datePublished\":\"2025-08-05T05:52:08+00:00\",\"mainEntityOfPage\":{\"@id\":\"https:\\\/\\\/motorista.com.br\\\/noticias\\\/2025\\\/08\\\/05\\\/uber-lanca-conta-para-adolescentes-com-supervisao-dos-pais\\\/\"},\"wordCount\":414,\"publisher\":{\"@id\":\"https:\\\/\\\/motorista.com.br\\\/noticias\\\/#organization\"},\"image\":{\"@id\":\"https:\\\/\\\/motorista.com.br\\\/noticias\\\/2025\\\/08\\\/05\\\/uber-lanca-conta-para-adolescentes-com-supervisao-dos-pais\\\/#primaryimage\"},\"thumbnailUrl\":\"https:\\\/\\\/motorista.com.br\\\/noticias\\\/wp-content\\\/uploads\\\/2025\\\/08\\\/unnamed-2-1024x767.png\",\"articleSection\":[\"Aplicativos\",\"Motorista\"],\"inLanguage\":\"pt-BR\"},{\"@type\":\"WebPage\",\"@id\":\"https:\\\/\\\/motorista.com.br\\\/noticias\\\/2025\\\/08\\\/05\\\/uber-lanca-conta-para-adolescentes-com-supervisao-dos-pais\\\/\",\"url\":\"https:\\\/\\\/motorista.com.br\\\/noticias\\\/2025\\\/08\\\/05\\\/uber-lanca-conta-para-adolescentes-com-supervisao-dos-pais\\\/\",\"name\":\"Uber lan\u00e7a conta para adolescentes com supervis\u00e3o dos pais. - Motorista.com.br\",\"isPartOf\":{\"@id\":\"https:\\\/\\\/motorista.com.br\\\/noticias\\\/#website\"},\"primaryImageOfPage\":{\"@id\":\"https:\\\/\\\/motorista.com.br\\\/noticias\\\/2025\\\/08\\\/05\\\/uber-lanca-conta-para-adolescentes-com-supervisao-dos-pais\\\/#primaryimage\"},\"image\":{\"@id\":\"https:\\\/\\\/motorista.com.br\\\/noticias\\\/2025\\\/08\\\/05\\\/uber-lanca-conta-para-adolescentes-com-supervisao-dos-pais\\\/#primaryimage\"},\"thumbnailUrl\":\"https:\\\/\\\/motorista.com.br\\\/noticias\\\/wp-content\\\/uploads\\\/2025\\\/08\\\/unnamed-2-1024x767.png\",\"datePublished\":\"2025-08-05T05:52:08+00:00\",\"breadcrumb\":{\"@id\":\"https:\\\/\\\/motorista.com.br\\\/noticias\\\/2025\\\/08\\\/05\\\/uber-lanca-conta-para-adolescentes-com-supervisao-dos-pais\\\/#breadcrumb\"},\"inLanguage\":\"pt-BR\",\"potentialAction\":[{\"@type\":\"ReadAction\",\"target\":[\"https:\\\/\\\/motorista.com.br\\\/noticias\\\/2025\\\/08\\\/05\\\/uber-lanca-conta-para-adolescentes-com-supervisao-dos-pais\\\/\"]}]},{\"@type\":\"ImageObject\",\"inLanguage\":\"pt-BR\",\"@id\":\"https:\\\/\\\/motorista.com.br\\\/noticias\\\/2025\\\/08\\\/05\\\/uber-lanca-conta-para-adolescentes-com-supervisao-dos-pais\\\/#primaryimage\",\"url\":\"https:\\\/\\\/motorista.com.br\\\/noticias\\\/wp-content\\\/uploads\\\/2025\\\/08\\\/unnamed-2-1024x767.png\",\"contentUrl\":\"https:\\\/\\\/motorista.com.br\\\/noticias\\\/wp-content\\\/uploads\\\/2025\\\/08\\\/unnamed-2-1024x767.png\",\"width\":1024,\"height\":767},{\"@type\":\"BreadcrumbList\",\"@id\":\"https:\\\/\\\/motorista.com.br\\\/noticias\\\/2025\\\/08\\\/05\\\/uber-lanca-conta-para-adolescentes-com-supervisao-dos-pais\\\/#breadcrumb\",\"itemListElement\":[{\"@type\":\"ListItem\",\"position\":1,\"name\":\"In\u00edcio\",\"item\":\"https:\\\/\\\/motorista.com.br\\\/noticias\\\/\"},{\"@type\":\"ListItem\",\"position\":2,\"name\":\"Uber lan\u00e7a conta para adolescentes com supervis\u00e3o dos pais.\"}]},{\"@type\":\"WebSite\",\"@id\":\"https:\\\/\\\/motorista.com.br\\\/noticias\\\/#website\",\"url\":\"https:\\\/\\\/motorista.com.br\\\/noticias\\\/\",\"name\":\"Motorista.com.br\",\"description\":\"Not\u00edcia do Motorista\",\"publisher\":{\"@id\":\"https:\\\/\\\/motorista.com.br\\\/noticias\\\/#organization\"},\"potentialAction\":[{\"@type\":\"SearchAction\",\"target\":{\"@type\":\"EntryPoint\",\"urlTemplate\":\"https:\\\/\\\/motorista.com.br\\\/noticias\\\/?s={search_term_string}\"},\"query-input\":{\"@type\":\"PropertyValueSpecification\",\"valueRequired\":true,\"valueName\":\"search_term_string\"}}],\"inLanguage\":\"pt-BR\"},{\"@type\":\"Organization\",\"@id\":\"https:\\\/\\\/motorista.com.br\\\/noticias\\\/#organization\",\"name\":\"Motorista.com.br\",\"url\":\"https:\\\/\\\/motorista.com.br\\\/noticias\\\/\",\"logo\":{\"@type\":\"ImageObject\",\"inLanguage\":\"pt-BR\",\"@id\":\"https:\\\/\\\/motorista.com.br\\\/noticias\\\/#\\\/schema\\\/logo\\\/image\\\/\",\"url\":\"https:\\\/\\\/motorista.com.br\\\/noticias\\\/wp-content\\\/uploads\\\/2025\\\/06\\\/Design-sem-nome-9.png\",\"contentUrl\":\"https:\\\/\\\/motorista.com.br\\\/noticias\\\/wp-content\\\/uploads\\\/2025\\\/06\\\/Design-sem-nome-9.png\",\"width\":150,\"height\":85,\"caption\":\"Motorista.com.br\"},\"image\":{\"@id\":\"https:\\\/\\\/motorista.com.br\\\/noticias\\\/#\\\/schema\\\/logo\\\/image\\\/\"}},{\"@type\":\"Person\",\"@id\":\"https:\\\/\\\/motorista.com.br\\\/noticias\\\/#\\\/schema\\\/person\\\/dc93afc2981c0e3ce6bc3c053fd847be\",\"name\":\"Equipe Reda\u00e7\u00e3o\",\"image\":{\"@type\":\"ImageObject\",\"inLanguage\":\"pt-BR\",\"@id\":\"https:\\\/\\\/secure.gravatar.com\\\/avatar\\\/4f525efbf18dd2bb300ccad28bfb99d95a9465a5ba268407c8c37b37e1f28d2d?s=96&d=mm&r=g9e099043a0c61e9ae27e293b9fa75ffc\",\"url\":\"https:\\\/\\\/secure.gravatar.com\\\/avatar\\\/4f525efbf18dd2bb300ccad28bfb99d95a9465a5ba268407c8c37b37e1f28d2d?s=96&d=mm&r=g\",\"contentUrl\":\"https:\\\/\\\/secure.gravatar.com\\\/avatar\\\/4f525efbf18dd2bb300ccad28bfb99d95a9465a5ba268407c8c37b37e1f28d2d?s=96&d=mm&r=g\",\"caption\":\"Equipe Reda\u00e7\u00e3o\"},\"description\":\"Equipe de reda\u00e7\u00e3o \u00e9 um grupo de profissionais que trabalham juntos para criar conte\u00fado escrito para Motorista.com.br\",\"url\":\"https:\\\/\\\/motorista.com.br\\\/noticias\\\/author\\\/equiperedacao\\\/\"}]}<\/script>\n<!-- \/ Yoast SEO Premium plugin. -->","yoast_head_json":{"title":"Uber lan\u00e7a conta para adolescentes com supervis\u00e3o dos pais. - Motorista.com.br","robots":{"index":"index","follow":"follow","max-snippet":"max-snippet:-1","max-image-preview":"max-image-preview:large","max-video-preview":"max-video-preview:-1"},"canonical":"https:\/\/motorista.com.br\/noticias\/2025\/08\/05\/uber-lanca-conta-para-adolescentes-com-supervisao-dos-pais\/","og_locale":"pt_BR","og_type":"article","og_title":"Uber lan\u00e7a conta para adolescentes com supervis\u00e3o dos pais.","og_description":"Uber Introduz Conta para Adolescentes: Uma Nova Abordagem para a Mobilidade e Seguran\u00e7a A Uber lan\u00e7ou recentemente a &quot;Uber conta teens&quot;, uma funcionalidade voltada para adolescentes entre 12 e 17 anos, permitindo que esses jovens tenham uma conta pr\u00f3pria no aplicativo, conectada \u00e0 de um respons\u00e1vel. Essa inova\u00e7\u00e3o n\u00e3o apenas reflete uma resposta \u00e0s necessidades &hellip;","og_url":"https:\/\/motorista.com.br\/noticias\/2025\/08\/05\/uber-lanca-conta-para-adolescentes-com-supervisao-dos-pais\/","og_site_name":"Motorista.com.br","article_published_time":"2025-08-05T05:52:08+00:00","author":"Equipe Reda\u00e7\u00e3o","twitter_card":"summary_large_image","twitter_misc":{"Escrito por":"Equipe Reda\u00e7\u00e3o","Est. tempo de leitura":"2 minutos","Written by":"Equipe Reda\u00e7\u00e3o"},"schema":{"@context":"https:\/\/schema.org","@graph":[{"@type":"Article","@id":"https:\/\/motorista.com.br\/noticias\/2025\/08\/05\/uber-lanca-conta-para-adolescentes-com-supervisao-dos-pais\/#article","isPartOf":{"@id":"https:\/\/motorista.com.br\/noticias\/2025\/08\/05\/uber-lanca-conta-para-adolescentes-com-supervisao-dos-pais\/"},"author":{"name":"Equipe Reda\u00e7\u00e3o","@id":"https:\/\/motorista.com.br\/noticias\/#\/schema\/person\/dc93afc2981c0e3ce6bc3c053fd847be"},"headline":"Uber lan\u00e7a conta para adolescentes com supervis\u00e3o dos pais.","datePublished":"2025-08-05T05:52:08+00:00","mainEntityOfPage":{"@id":"https:\/\/motorista.com.br\/noticias\/2025\/08\/05\/uber-lanca-conta-para-adolescentes-com-supervisao-dos-pais\/"},"wordCount":414,"publisher":{"@id":"https:\/\/motorista.com.br\/noticias\/#organization"},"image":{"@id":"https:\/\/motorista.com.br\/noticias\/2025\/08\/05\/uber-lanca-conta-para-adolescentes-com-supervisao-dos-pais\/#primaryimage"},"thumbnailUrl":"https:\/\/motorista.com.br\/noticias\/wp-content\/uploads\/2025\/08\/unnamed-2-1024x767.png","articleSection":["Aplicativos","Motorista"],"inLanguage":"pt-BR"},{"@type":"WebPage","@id":"https:\/\/motorista.com.br\/noticias\/2025\/08\/05\/uber-lanca-conta-para-adolescentes-com-supervisao-dos-pais\/","url":"https:\/\/motorista.com.br\/noticias\/2025\/08\/05\/uber-lanca-conta-para-adolescentes-com-supervisao-dos-pais\/","name":"Uber lan\u00e7a conta para adolescentes com supervis\u00e3o dos pais. - Motorista.com.br","isPartOf":{"@id":"https:\/\/motorista.com.br\/noticias\/#website"},"primaryImageOfPage":{"@id":"https:\/\/motorista.com.br\/noticias\/2025\/08\/05\/uber-lanca-conta-para-adolescentes-com-supervisao-dos-pais\/#primaryimage"},"image":{"@id":"https:\/\/motorista.com.br\/noticias\/2025\/08\/05\/uber-lanca-conta-para-adolescentes-com-supervisao-dos-pais\/#primaryimage"},"thumbnailUrl":"https:\/\/motorista.com.br\/noticias\/wp-content\/uploads\/2025\/08\/unnamed-2-1024x767.png","datePublished":"2025-08-05T05:52:08+00:00","breadcrumb":{"@id":"https:\/\/motorista.com.br\/noticias\/2025\/08\/05\/uber-lanca-conta-para-adolescentes-com-supervisao-dos-pais\/#breadcrumb"},"inLanguage":"pt-BR","potentialAction":[{"@type":"ReadAction","target":["https:\/\/motorista.com.br\/noticias\/2025\/08\/05\/uber-lanca-conta-para-adolescentes-com-supervisao-dos-pais\/"]}]},{"@type":"ImageObject","inLanguage":"pt-BR","@id":"https:\/\/motorista.com.br\/noticias\/2025\/08\/05\/uber-lanca-conta-para-adolescentes-com-supervisao-dos-pais\/#primaryimage","url":"https:\/\/motorista.com.br\/noticias\/wp-content\/uploads\/2025\/08\/unnamed-2-1024x767.png","contentUrl":"https:\/\/motorista.com.br\/noticias\/wp-content\/uploads\/2025\/08\/unnamed-2-1024x767.png","width":1024,"height":767},{"@type":"BreadcrumbList","@id":"https:\/\/motorista.com.br\/noticias\/2025\/08\/05\/uber-lanca-conta-para-adolescentes-com-supervisao-dos-pais\/#breadcrumb","itemListElement":[{"@type":"ListItem","position":1,"name":"In\u00edcio","item":"https:\/\/motorista.com.br\/noticias\/"},{"@type":"ListItem","position":2,"name":"Uber lan\u00e7a conta para adolescentes com supervis\u00e3o dos pais."}]},{"@type":"WebSite","@id":"https:\/\/motorista.com.br\/noticias\/#website","url":"https:\/\/motorista.com.br\/noticias\/","name":"Motorista.com.br","description":"Not\u00edcia do Motorista","publisher":{"@id":"https:\/\/motorista.com.br\/noticias\/#organization"},"potentialAction":[{"@type":"SearchAction","target":{"@type":"EntryPoint","urlTemplate":"https:\/\/motorista.com.br\/noticias\/?s={search_term_string}"},"query-input":{"@type":"PropertyValueSpecification","valueRequired":true,"valueName":"search_term_string"}}],"inLanguage":"pt-BR"},{"@type":"Organization","@id":"https:\/\/motorista.com.br\/noticias\/#organization","name":"Motorista.com.br","url":"https:\/\/motorista.com.br\/noticias\/","logo":{"@type":"ImageObject","inLanguage":"pt-BR","@id":"https:\/\/motorista.com.br\/noticias\/#\/schema\/logo\/image\/","url":"https:\/\/motorista.com.br\/noticias\/wp-content\/uploads\/2025\/06\/Design-sem-nome-9.png","contentUrl":"https:\/\/motorista.com.br\/noticias\/wp-content\/uploads\/2025\/06\/Design-sem-nome-9.png","width":150,"height":85,"caption":"Motorista.com.br"},"image":{"@id":"https:\/\/motorista.com.br\/noticias\/#\/schema\/logo\/image\/"}},{"@type":"Person","@id":"https:\/\/motorista.com.br\/noticias\/#\/schema\/person\/dc93afc2981c0e3ce6bc3c053fd847be","name":"Equipe Reda\u00e7\u00e3o","image":{"@type":"ImageObject","inLanguage":"pt-BR","@id":"https:\/\/secure.gravatar.com\/avatar\/4f525efbf18dd2bb300ccad28bfb99d95a9465a5ba268407c8c37b37e1f28d2d?s=96&d=mm&r=g9e099043a0c61e9ae27e293b9fa75ffc","url":"https:\/\/secure.gravatar.com\/avatar\/4f525efbf18dd2bb300ccad28bfb99d95a9465a5ba268407c8c37b37e1f28d2d?s=96&d=mm&r=g","contentUrl":"https:\/\/secure.gravatar.com\/avatar\/4f525efbf18dd2bb300ccad28bfb99d95a9465a5ba268407c8c37b37e1f28d2d?s=96&d=mm&r=g","caption":"Equipe Reda\u00e7\u00e3o"},"description":"Equipe de reda\u00e7\u00e3o \u00e9 um grupo de profissionais que trabalham juntos para criar conte\u00fado escrito para Motorista.com.br","url":"https:\/\/motorista.com.br\/noticias\/author\/equiperedacao\/"}]}},"_links":{"self":[{"href":"https:\/\/motorista.com.br\/noticias\/wp-json\/wp\/v2\/posts\/2523","targetHints":{"allow":["GET"]}}],"collection":[{"href":"https:\/\/motorista.com.br\/noticias\/wp-json\/wp\/v2\/posts"}],"about":[{"href":"https:\/\/motorista.com.br\/noticias\/wp-json\/wp\/v2\/types\/post"}],"author":[{"embeddable":true,"href":"https:\/\/motorista.com.br\/noticias\/wp-json\/wp\/v2\/users\/4"}],"replies":[{"embeddable":true,"href":"https:\/\/motorista.com.br\/noticias\/wp-json\/wp\/v2\/comments?post=2523"}],"version-history":[{"count":0,"href":"https:\/\/motorista.com.br\/noticias\/wp-json\/wp\/v2\/posts\/2523\/revisions"}],"wp:featuredmedia":[{"embeddable":true,"href":"https:\/\/motorista.com.br\/noticias\/wp-json\/wp\/v2\/media\/2524"}],"wp:attachment":[{"href":"https:\/\/motorista.com.br\/noticias\/wp-json\/wp\/v2\/media?parent=2523"}],"wp:term":[{"taxonomy":"category","embeddable":true,"href":"https:\/\/motorista.com.br\/noticias\/wp-json\/wp\/v2\/categories?post=2523"},{"taxonomy":"post_tag","embeddable":true,"href":"https:\/\/motorista.com.br\/noticias\/wp-json\/wp\/v2\/tags?post=2523"},{"taxonomy":"author","embeddable":true,"href":"https:\/\/motorista.com.br\/noticias\/wp-json\/wp\/v2\/coauthors?post=2523"}],"curies":[{"name":"wp","href":"https:\/\/api.w.org\/{rel}","templated":true}]}}