{"id":2515,"date":"2025-08-05T00:56:33","date_gmt":"2025-08-05T03:56:33","guid":{"rendered":"https:\/\/motorista.com.br\/noticias\/2025\/08\/05\/brasil-abandona-retaliacao-aos-eua-e-prioriza-apoio-aos-prejudicados-por-tarifas\/"},"modified":"2025-08-05T00:56:33","modified_gmt":"2025-08-05T03:56:33","slug":"brasil-abandona-retaliacao-aos-eua-e-prioriza-apoio-aos-prejudicados-por-tarifas","status":"publish","type":"post","link":"https:\/\/motorista.com.br\/noticias\/2025\/08\/05\/brasil-abandona-retaliacao-aos-eua-e-prioriza-apoio-aos-prejudicados-por-tarifas\/","title":{"rendered":"Brasil abandona retalia\u00e7\u00e3o aos EUA e prioriza apoio aos prejudicados por tarifas."},"content":{"rendered":"<p><\/p>\n<h3>Brasil deixa retalia\u00e7\u00e3o aos EUA de lado e foca em medidas de apoio a afetados por tarifa<\/h3>\n<p>O governo brasileiro decidiu, pelo menos por ora, n\u00e3o retaliar diretamente a tarifa de importa\u00e7\u00e3o de 50% imposta pelos Estados Unidos aos produtos brasileiros. Em vez disso, a aten\u00e7\u00e3o se volta para medidas de al\u00edvio a empresas que sofrem os impactos dessa decis\u00e3o, que entra em vigor nesta semana.<\/p>\n<p>As isen\u00e7\u00f5es concedidas na ordem executiva de Donald Trump beneficiaram setores vulner\u00e1veis da economia brasileira e trouxeram um certo al\u00edvio a investidores e lideran\u00e7as empresariais. Com essa abordagem mais cautelosa, Bras\u00edlia busca evitar o aumento das tens\u00f5es diplom\u00e1ticas, priorizando, assim, solu\u00e7\u00f5es imediatas para apoiar os exportadores. As medidas incluem linhas de cr\u00e9dito e financiamentos espec\u00edficos para a exporta\u00e7\u00e3o, que podem ajudar a estabilizar o setor e minimizar os efeitos adversos da nova tarifa.<\/p>\n<p>Este foco n\u00e3o apenas atenua o impacto econ\u00f4mico nas empresas, mas tamb\u00e9m pode influenciar positivamente a mobilidade geral no Brasil. Com a prote\u00e7\u00e3o e o suporte oferecidos, as empresas podem manter suas opera\u00e7\u00f5es e, consequentemente, preservar empregos. Isso \u00e9 fundamental, pois a continuidade das atividades industriais e agr\u00edcolas s\u00f3 pode resultar em um fluxo mais constante e eficiente nas cadeias de suprimentos, o que, por sua vez, contribui para uma mobilidade mais fluida, tanto urbana quanto rural.<\/p>\n<p>Al\u00e9m disso, a manuten\u00e7\u00e3o da for\u00e7a dos setores exportadores pode estimular a economia local. Quando as empresas mant\u00eam sua capacidade produtiva e conseguem exportar, elas geram receitas que podem ser reinvestidas em infraestrutura, aumentando a efici\u00eancia do transporte e da log\u00edstica. A melhoria da infraestrutura, por sua vez, favorece o tr\u00e1fego de mercadorias e a mobilidade de pessoas, criando um efeito positivo em cascata para toda a sociedade.<\/p>\n<p>Ainda assim, o governo brasileiro tamb\u00e9m avalia respostas \u00e0s tarifas que poderiam impactar empresas norte-americanas, mas v\u00ea essas contramedidas como \u00faltimo recurso. A busca por um entendimento diplom\u00e1tico mais amplo pode ser um caminho mais eficaz para evitar um escalonamento das tens\u00f5es, permitindo que Brasil e EUA explorem o potencial de um com\u00e9rcio mais equilibrado e vantajoso para ambas as partes.<\/p>\n<p>Al\u00e9m das medidas financeiras de apoio, a inten\u00e7\u00e3o do Brasil de levar o caso a uma queixa formal na Organiza\u00e7\u00e3o Mundial do Com\u00e9rcio (OMC) demonstra um compromisso com a diplomacia econ\u00f4mica. Embora a resolu\u00e7\u00e3o de conflitos dessa natureza seja complexa e muitas vezes demorada, essa postura pode criar um ambiente de negocia\u00e7\u00e3o mais construtivo e, a longo prazo, contribuir para a estabilidade do com\u00e9rcio internacional.<\/p>\n<p>O ministro da Fazenda, Fernando Haddad, enfatizou que as a\u00e7\u00f5es do governo visam proteger a soberania e a ind\u00fastria nacional, evitando o uso do termo &quot;retaliar&quot;. Essa estrat\u00e9gia pode ressaltar uma nova postura nas rela\u00e7\u00f5es comerciais, onde o di\u00e1logo e a prote\u00e7\u00e3o das economias locais s\u00e3o priorizados, contribuindo assim para um ambiente mais sustent\u00e1vel de neg\u00f3cios e mobilidade no Brasil.<\/p>\n<p><strong>Fonte: motorista.com.br<\/strong><\/p>\n","protected":false},"excerpt":{"rendered":"<p>Brasil deixa retalia\u00e7\u00e3o aos EUA de lado e foca em medidas de apoio a afetados por tarifa O governo brasileiro decidiu, pelo menos por ora, n\u00e3o retaliar diretamente a tarifa de importa\u00e7\u00e3o de 50% imposta pelos Estados Unidos aos produtos brasileiros. Em vez disso, a aten\u00e7\u00e3o se volta para medidas de al\u00edvio a empresas que &hellip;<\/p>\n","protected":false},"author":4,"featured_media":2516,"comment_status":"","ping_status":"open","sticky":false,"template":"","format":"standard","meta":{"footnotes":""},"categories":[61],"tags":[],"coauthors":[42],"class_list":["post-2515","post","type-post","status-publish","format-standard","has-post-thumbnail","hentry","category-mercado-financeiro"],"yoast_head":"<!-- This site is optimized with the Yoast SEO Premium plugin v25.5 (Yoast SEO v27.4) - https:\/\/yoast.com\/product\/yoast-seo-premium-wordpress\/ -->\n<title>Brasil abandona retalia\u00e7\u00e3o aos EUA e prioriza apoio aos prejudicados por tarifas. - Motorista.com.br<\/title>\n<meta name=\"robots\" content=\"index, follow, max-snippet:-1, max-image-preview:large, max-video-preview:-1\" \/>\n<link rel=\"canonical\" href=\"https:\/\/motorista.com.br\/noticias\/2025\/08\/05\/brasil-abandona-retaliacao-aos-eua-e-prioriza-apoio-aos-prejudicados-por-tarifas\/\" \/>\n<meta property=\"og:locale\" content=\"pt_BR\" \/>\n<meta property=\"og:type\" content=\"article\" \/>\n<meta property=\"og:title\" content=\"Brasil abandona retalia\u00e7\u00e3o aos EUA e prioriza apoio aos prejudicados por tarifas.\" \/>\n<meta property=\"og:description\" content=\"Brasil deixa retalia\u00e7\u00e3o aos EUA de lado e foca em medidas de apoio a afetados por tarifa O governo brasileiro decidiu, pelo menos por ora, n\u00e3o retaliar diretamente a tarifa de importa\u00e7\u00e3o de 50% imposta pelos Estados Unidos aos produtos brasileiros. Em vez disso, a aten\u00e7\u00e3o se volta para medidas de al\u00edvio a empresas que &hellip;\" \/>\n<meta property=\"og:url\" content=\"https:\/\/motorista.com.br\/noticias\/2025\/08\/05\/brasil-abandona-retaliacao-aos-eua-e-prioriza-apoio-aos-prejudicados-por-tarifas\/\" \/>\n<meta property=\"og:site_name\" content=\"Motorista.com.br\" \/>\n<meta property=\"article:published_time\" content=\"2025-08-05T03:56:33+00:00\" \/>\n<meta name=\"author\" content=\"Equipe Reda\u00e7\u00e3o\" \/>\n<meta name=\"twitter:card\" content=\"summary_large_image\" \/>\n<meta name=\"twitter:label1\" content=\"Escrito por\" \/>\n\t<meta name=\"twitter:data1\" content=\"Equipe Reda\u00e7\u00e3o\" \/>\n\t<meta name=\"twitter:label2\" content=\"Est. tempo de leitura\" \/>\n\t<meta name=\"twitter:data2\" content=\"3 minutos\" \/>\n\t<meta name=\"twitter:label3\" content=\"Written by\" \/>\n\t<meta name=\"twitter:data3\" content=\"Equipe Reda\u00e7\u00e3o\" \/>\n<script type=\"application\/ld+json\" class=\"yoast-schema-graph\">{\"@context\":\"https:\\\/\\\/schema.org\",\"@graph\":[{\"@type\":\"Article\",\"@id\":\"https:\\\/\\\/motorista.com.br\\\/noticias\\\/2025\\\/08\\\/05\\\/brasil-abandona-retaliacao-aos-eua-e-prioriza-apoio-aos-prejudicados-por-tarifas\\\/#article\",\"isPartOf\":{\"@id\":\"https:\\\/\\\/motorista.com.br\\\/noticias\\\/2025\\\/08\\\/05\\\/brasil-abandona-retaliacao-aos-eua-e-prioriza-apoio-aos-prejudicados-por-tarifas\\\/\"},\"author\":{\"name\":\"Equipe Reda\u00e7\u00e3o\",\"@id\":\"https:\\\/\\\/motorista.com.br\\\/noticias\\\/#\\\/schema\\\/person\\\/dc93afc2981c0e3ce6bc3c053fd847be\"},\"headline\":\"Brasil abandona retalia\u00e7\u00e3o aos EUA e prioriza apoio aos prejudicados por tarifas.\",\"datePublished\":\"2025-08-05T03:56:33+00:00\",\"mainEntityOfPage\":{\"@id\":\"https:\\\/\\\/motorista.com.br\\\/noticias\\\/2025\\\/08\\\/05\\\/brasil-abandona-retaliacao-aos-eua-e-prioriza-apoio-aos-prejudicados-por-tarifas\\\/\"},\"wordCount\":538,\"publisher\":{\"@id\":\"https:\\\/\\\/motorista.com.br\\\/noticias\\\/#organization\"},\"image\":{\"@id\":\"https:\\\/\\\/motorista.com.br\\\/noticias\\\/2025\\\/08\\\/05\\\/brasil-abandona-retaliacao-aos-eua-e-prioriza-apoio-aos-prejudicados-por-tarifas\\\/#primaryimage\"},\"thumbnailUrl\":\"https:\\\/\\\/motorista.com.br\\\/noticias\\\/wp-content\\\/uploads\\\/2025\\\/08\\\/presidente-luiz-inacio-lula-da-silva-durante-cerimonia-no-palacio-do-planalto-30072025-reutersadrian.png\",\"articleSection\":[\"Mercado Financeiro\"],\"inLanguage\":\"pt-BR\"},{\"@type\":\"WebPage\",\"@id\":\"https:\\\/\\\/motorista.com.br\\\/noticias\\\/2025\\\/08\\\/05\\\/brasil-abandona-retaliacao-aos-eua-e-prioriza-apoio-aos-prejudicados-por-tarifas\\\/\",\"url\":\"https:\\\/\\\/motorista.com.br\\\/noticias\\\/2025\\\/08\\\/05\\\/brasil-abandona-retaliacao-aos-eua-e-prioriza-apoio-aos-prejudicados-por-tarifas\\\/\",\"name\":\"Brasil abandona retalia\u00e7\u00e3o aos EUA e prioriza apoio aos prejudicados por tarifas. - Motorista.com.br\",\"isPartOf\":{\"@id\":\"https:\\\/\\\/motorista.com.br\\\/noticias\\\/#website\"},\"primaryImageOfPage\":{\"@id\":\"https:\\\/\\\/motorista.com.br\\\/noticias\\\/2025\\\/08\\\/05\\\/brasil-abandona-retaliacao-aos-eua-e-prioriza-apoio-aos-prejudicados-por-tarifas\\\/#primaryimage\"},\"image\":{\"@id\":\"https:\\\/\\\/motorista.com.br\\\/noticias\\\/2025\\\/08\\\/05\\\/brasil-abandona-retaliacao-aos-eua-e-prioriza-apoio-aos-prejudicados-por-tarifas\\\/#primaryimage\"},\"thumbnailUrl\":\"https:\\\/\\\/motorista.com.br\\\/noticias\\\/wp-content\\\/uploads\\\/2025\\\/08\\\/presidente-luiz-inacio-lula-da-silva-durante-cerimonia-no-palacio-do-planalto-30072025-reutersadrian.png\",\"datePublished\":\"2025-08-05T03:56:33+00:00\",\"breadcrumb\":{\"@id\":\"https:\\\/\\\/motorista.com.br\\\/noticias\\\/2025\\\/08\\\/05\\\/brasil-abandona-retaliacao-aos-eua-e-prioriza-apoio-aos-prejudicados-por-tarifas\\\/#breadcrumb\"},\"inLanguage\":\"pt-BR\",\"potentialAction\":[{\"@type\":\"ReadAction\",\"target\":[\"https:\\\/\\\/motorista.com.br\\\/noticias\\\/2025\\\/08\\\/05\\\/brasil-abandona-retaliacao-aos-eua-e-prioriza-apoio-aos-prejudicados-por-tarifas\\\/\"]}]},{\"@type\":\"ImageObject\",\"inLanguage\":\"pt-BR\",\"@id\":\"https:\\\/\\\/motorista.com.br\\\/noticias\\\/2025\\\/08\\\/05\\\/brasil-abandona-retaliacao-aos-eua-e-prioriza-apoio-aos-prejudicados-por-tarifas\\\/#primaryimage\",\"url\":\"https:\\\/\\\/motorista.com.br\\\/noticias\\\/wp-content\\\/uploads\\\/2025\\\/08\\\/presidente-luiz-inacio-lula-da-silva-durante-cerimonia-no-palacio-do-planalto-30072025-reutersadrian.png\",\"contentUrl\":\"https:\\\/\\\/motorista.com.br\\\/noticias\\\/wp-content\\\/uploads\\\/2025\\\/08\\\/presidente-luiz-inacio-lula-da-silva-durante-cerimonia-no-palacio-do-planalto-30072025-reutersadrian.png\",\"width\":1280,\"height\":680},{\"@type\":\"BreadcrumbList\",\"@id\":\"https:\\\/\\\/motorista.com.br\\\/noticias\\\/2025\\\/08\\\/05\\\/brasil-abandona-retaliacao-aos-eua-e-prioriza-apoio-aos-prejudicados-por-tarifas\\\/#breadcrumb\",\"itemListElement\":[{\"@type\":\"ListItem\",\"position\":1,\"name\":\"In\u00edcio\",\"item\":\"https:\\\/\\\/motorista.com.br\\\/noticias\\\/\"},{\"@type\":\"ListItem\",\"position\":2,\"name\":\"Brasil abandona retalia\u00e7\u00e3o aos EUA e prioriza apoio aos prejudicados por tarifas.\"}]},{\"@type\":\"WebSite\",\"@id\":\"https:\\\/\\\/motorista.com.br\\\/noticias\\\/#website\",\"url\":\"https:\\\/\\\/motorista.com.br\\\/noticias\\\/\",\"name\":\"Motorista.com.br\",\"description\":\"Not\u00edcia do Motorista\",\"publisher\":{\"@id\":\"https:\\\/\\\/motorista.com.br\\\/noticias\\\/#organization\"},\"potentialAction\":[{\"@type\":\"SearchAction\",\"target\":{\"@type\":\"EntryPoint\",\"urlTemplate\":\"https:\\\/\\\/motorista.com.br\\\/noticias\\\/?s={search_term_string}\"},\"query-input\":{\"@type\":\"PropertyValueSpecification\",\"valueRequired\":true,\"valueName\":\"search_term_string\"}}],\"inLanguage\":\"pt-BR\"},{\"@type\":\"Organization\",\"@id\":\"https:\\\/\\\/motorista.com.br\\\/noticias\\\/#organization\",\"name\":\"Motorista.com.br\",\"url\":\"https:\\\/\\\/motorista.com.br\\\/noticias\\\/\",\"logo\":{\"@type\":\"ImageObject\",\"inLanguage\":\"pt-BR\",\"@id\":\"https:\\\/\\\/motorista.com.br\\\/noticias\\\/#\\\/schema\\\/logo\\\/image\\\/\",\"url\":\"https:\\\/\\\/motorista.com.br\\\/noticias\\\/wp-content\\\/uploads\\\/2025\\\/06\\\/Design-sem-nome-9.png\",\"contentUrl\":\"https:\\\/\\\/motorista.com.br\\\/noticias\\\/wp-content\\\/uploads\\\/2025\\\/06\\\/Design-sem-nome-9.png\",\"width\":150,\"height\":85,\"caption\":\"Motorista.com.br\"},\"image\":{\"@id\":\"https:\\\/\\\/motorista.com.br\\\/noticias\\\/#\\\/schema\\\/logo\\\/image\\\/\"}},{\"@type\":\"Person\",\"@id\":\"https:\\\/\\\/motorista.com.br\\\/noticias\\\/#\\\/schema\\\/person\\\/dc93afc2981c0e3ce6bc3c053fd847be\",\"name\":\"Equipe Reda\u00e7\u00e3o\",\"image\":{\"@type\":\"ImageObject\",\"inLanguage\":\"pt-BR\",\"@id\":\"https:\\\/\\\/secure.gravatar.com\\\/avatar\\\/4f525efbf18dd2bb300ccad28bfb99d95a9465a5ba268407c8c37b37e1f28d2d?s=96&d=mm&r=g9e099043a0c61e9ae27e293b9fa75ffc\",\"url\":\"https:\\\/\\\/secure.gravatar.com\\\/avatar\\\/4f525efbf18dd2bb300ccad28bfb99d95a9465a5ba268407c8c37b37e1f28d2d?s=96&d=mm&r=g\",\"contentUrl\":\"https:\\\/\\\/secure.gravatar.com\\\/avatar\\\/4f525efbf18dd2bb300ccad28bfb99d95a9465a5ba268407c8c37b37e1f28d2d?s=96&d=mm&r=g\",\"caption\":\"Equipe Reda\u00e7\u00e3o\"},\"description\":\"Equipe de reda\u00e7\u00e3o \u00e9 um grupo de profissionais que trabalham juntos para criar conte\u00fado escrito para Motorista.com.br\",\"url\":\"https:\\\/\\\/motorista.com.br\\\/noticias\\\/author\\\/equiperedacao\\\/\"}]}<\/script>\n<!-- \/ Yoast SEO Premium plugin. -->","yoast_head_json":{"title":"Brasil abandona retalia\u00e7\u00e3o aos EUA e prioriza apoio aos prejudicados por tarifas. - Motorista.com.br","robots":{"index":"index","follow":"follow","max-snippet":"max-snippet:-1","max-image-preview":"max-image-preview:large","max-video-preview":"max-video-preview:-1"},"canonical":"https:\/\/motorista.com.br\/noticias\/2025\/08\/05\/brasil-abandona-retaliacao-aos-eua-e-prioriza-apoio-aos-prejudicados-por-tarifas\/","og_locale":"pt_BR","og_type":"article","og_title":"Brasil abandona retalia\u00e7\u00e3o aos EUA e prioriza apoio aos prejudicados por tarifas.","og_description":"Brasil deixa retalia\u00e7\u00e3o aos EUA de lado e foca em medidas de apoio a afetados por tarifa O governo brasileiro decidiu, pelo menos por ora, n\u00e3o retaliar diretamente a tarifa de importa\u00e7\u00e3o de 50% imposta pelos Estados Unidos aos produtos brasileiros. Em vez disso, a aten\u00e7\u00e3o se volta para medidas de al\u00edvio a empresas que &hellip;","og_url":"https:\/\/motorista.com.br\/noticias\/2025\/08\/05\/brasil-abandona-retaliacao-aos-eua-e-prioriza-apoio-aos-prejudicados-por-tarifas\/","og_site_name":"Motorista.com.br","article_published_time":"2025-08-05T03:56:33+00:00","author":"Equipe Reda\u00e7\u00e3o","twitter_card":"summary_large_image","twitter_misc":{"Escrito por":"Equipe Reda\u00e7\u00e3o","Est. tempo de leitura":"3 minutos","Written by":"Equipe Reda\u00e7\u00e3o"},"schema":{"@context":"https:\/\/schema.org","@graph":[{"@type":"Article","@id":"https:\/\/motorista.com.br\/noticias\/2025\/08\/05\/brasil-abandona-retaliacao-aos-eua-e-prioriza-apoio-aos-prejudicados-por-tarifas\/#article","isPartOf":{"@id":"https:\/\/motorista.com.br\/noticias\/2025\/08\/05\/brasil-abandona-retaliacao-aos-eua-e-prioriza-apoio-aos-prejudicados-por-tarifas\/"},"author":{"name":"Equipe Reda\u00e7\u00e3o","@id":"https:\/\/motorista.com.br\/noticias\/#\/schema\/person\/dc93afc2981c0e3ce6bc3c053fd847be"},"headline":"Brasil abandona retalia\u00e7\u00e3o aos EUA e prioriza apoio aos prejudicados por tarifas.","datePublished":"2025-08-05T03:56:33+00:00","mainEntityOfPage":{"@id":"https:\/\/motorista.com.br\/noticias\/2025\/08\/05\/brasil-abandona-retaliacao-aos-eua-e-prioriza-apoio-aos-prejudicados-por-tarifas\/"},"wordCount":538,"publisher":{"@id":"https:\/\/motorista.com.br\/noticias\/#organization"},"image":{"@id":"https:\/\/motorista.com.br\/noticias\/2025\/08\/05\/brasil-abandona-retaliacao-aos-eua-e-prioriza-apoio-aos-prejudicados-por-tarifas\/#primaryimage"},"thumbnailUrl":"https:\/\/motorista.com.br\/noticias\/wp-content\/uploads\/2025\/08\/presidente-luiz-inacio-lula-da-silva-durante-cerimonia-no-palacio-do-planalto-30072025-reutersadrian.png","articleSection":["Mercado Financeiro"],"inLanguage":"pt-BR"},{"@type":"WebPage","@id":"https:\/\/motorista.com.br\/noticias\/2025\/08\/05\/brasil-abandona-retaliacao-aos-eua-e-prioriza-apoio-aos-prejudicados-por-tarifas\/","url":"https:\/\/motorista.com.br\/noticias\/2025\/08\/05\/brasil-abandona-retaliacao-aos-eua-e-prioriza-apoio-aos-prejudicados-por-tarifas\/","name":"Brasil abandona retalia\u00e7\u00e3o aos EUA e prioriza apoio aos prejudicados por tarifas. - Motorista.com.br","isPartOf":{"@id":"https:\/\/motorista.com.br\/noticias\/#website"},"primaryImageOfPage":{"@id":"https:\/\/motorista.com.br\/noticias\/2025\/08\/05\/brasil-abandona-retaliacao-aos-eua-e-prioriza-apoio-aos-prejudicados-por-tarifas\/#primaryimage"},"image":{"@id":"https:\/\/motorista.com.br\/noticias\/2025\/08\/05\/brasil-abandona-retaliacao-aos-eua-e-prioriza-apoio-aos-prejudicados-por-tarifas\/#primaryimage"},"thumbnailUrl":"https:\/\/motorista.com.br\/noticias\/wp-content\/uploads\/2025\/08\/presidente-luiz-inacio-lula-da-silva-durante-cerimonia-no-palacio-do-planalto-30072025-reutersadrian.png","datePublished":"2025-08-05T03:56:33+00:00","breadcrumb":{"@id":"https:\/\/motorista.com.br\/noticias\/2025\/08\/05\/brasil-abandona-retaliacao-aos-eua-e-prioriza-apoio-aos-prejudicados-por-tarifas\/#breadcrumb"},"inLanguage":"pt-BR","potentialAction":[{"@type":"ReadAction","target":["https:\/\/motorista.com.br\/noticias\/2025\/08\/05\/brasil-abandona-retaliacao-aos-eua-e-prioriza-apoio-aos-prejudicados-por-tarifas\/"]}]},{"@type":"ImageObject","inLanguage":"pt-BR","@id":"https:\/\/motorista.com.br\/noticias\/2025\/08\/05\/brasil-abandona-retaliacao-aos-eua-e-prioriza-apoio-aos-prejudicados-por-tarifas\/#primaryimage","url":"https:\/\/motorista.com.br\/noticias\/wp-content\/uploads\/2025\/08\/presidente-luiz-inacio-lula-da-silva-durante-cerimonia-no-palacio-do-planalto-30072025-reutersadrian.png","contentUrl":"https:\/\/motorista.com.br\/noticias\/wp-content\/uploads\/2025\/08\/presidente-luiz-inacio-lula-da-silva-durante-cerimonia-no-palacio-do-planalto-30072025-reutersadrian.png","width":1280,"height":680},{"@type":"BreadcrumbList","@id":"https:\/\/motorista.com.br\/noticias\/2025\/08\/05\/brasil-abandona-retaliacao-aos-eua-e-prioriza-apoio-aos-prejudicados-por-tarifas\/#breadcrumb","itemListElement":[{"@type":"ListItem","position":1,"name":"In\u00edcio","item":"https:\/\/motorista.com.br\/noticias\/"},{"@type":"ListItem","position":2,"name":"Brasil abandona retalia\u00e7\u00e3o aos EUA e prioriza apoio aos prejudicados por tarifas."}]},{"@type":"WebSite","@id":"https:\/\/motorista.com.br\/noticias\/#website","url":"https:\/\/motorista.com.br\/noticias\/","name":"Motorista.com.br","description":"Not\u00edcia do Motorista","publisher":{"@id":"https:\/\/motorista.com.br\/noticias\/#organization"},"potentialAction":[{"@type":"SearchAction","target":{"@type":"EntryPoint","urlTemplate":"https:\/\/motorista.com.br\/noticias\/?s={search_term_string}"},"query-input":{"@type":"PropertyValueSpecification","valueRequired":true,"valueName":"search_term_string"}}],"inLanguage":"pt-BR"},{"@type":"Organization","@id":"https:\/\/motorista.com.br\/noticias\/#organization","name":"Motorista.com.br","url":"https:\/\/motorista.com.br\/noticias\/","logo":{"@type":"ImageObject","inLanguage":"pt-BR","@id":"https:\/\/motorista.com.br\/noticias\/#\/schema\/logo\/image\/","url":"https:\/\/motorista.com.br\/noticias\/wp-content\/uploads\/2025\/06\/Design-sem-nome-9.png","contentUrl":"https:\/\/motorista.com.br\/noticias\/wp-content\/uploads\/2025\/06\/Design-sem-nome-9.png","width":150,"height":85,"caption":"Motorista.com.br"},"image":{"@id":"https:\/\/motorista.com.br\/noticias\/#\/schema\/logo\/image\/"}},{"@type":"Person","@id":"https:\/\/motorista.com.br\/noticias\/#\/schema\/person\/dc93afc2981c0e3ce6bc3c053fd847be","name":"Equipe Reda\u00e7\u00e3o","image":{"@type":"ImageObject","inLanguage":"pt-BR","@id":"https:\/\/secure.gravatar.com\/avatar\/4f525efbf18dd2bb300ccad28bfb99d95a9465a5ba268407c8c37b37e1f28d2d?s=96&d=mm&r=g9e099043a0c61e9ae27e293b9fa75ffc","url":"https:\/\/secure.gravatar.com\/avatar\/4f525efbf18dd2bb300ccad28bfb99d95a9465a5ba268407c8c37b37e1f28d2d?s=96&d=mm&r=g","contentUrl":"https:\/\/secure.gravatar.com\/avatar\/4f525efbf18dd2bb300ccad28bfb99d95a9465a5ba268407c8c37b37e1f28d2d?s=96&d=mm&r=g","caption":"Equipe Reda\u00e7\u00e3o"},"description":"Equipe de reda\u00e7\u00e3o \u00e9 um grupo de profissionais que trabalham juntos para criar conte\u00fado escrito para Motorista.com.br","url":"https:\/\/motorista.com.br\/noticias\/author\/equiperedacao\/"}]}},"_links":{"self":[{"href":"https:\/\/motorista.com.br\/noticias\/wp-json\/wp\/v2\/posts\/2515","targetHints":{"allow":["GET"]}}],"collection":[{"href":"https:\/\/motorista.com.br\/noticias\/wp-json\/wp\/v2\/posts"}],"about":[{"href":"https:\/\/motorista.com.br\/noticias\/wp-json\/wp\/v2\/types\/post"}],"author":[{"embeddable":true,"href":"https:\/\/motorista.com.br\/noticias\/wp-json\/wp\/v2\/users\/4"}],"replies":[{"embeddable":true,"href":"https:\/\/motorista.com.br\/noticias\/wp-json\/wp\/v2\/comments?post=2515"}],"version-history":[{"count":0,"href":"https:\/\/motorista.com.br\/noticias\/wp-json\/wp\/v2\/posts\/2515\/revisions"}],"wp:featuredmedia":[{"embeddable":true,"href":"https:\/\/motorista.com.br\/noticias\/wp-json\/wp\/v2\/media\/2516"}],"wp:attachment":[{"href":"https:\/\/motorista.com.br\/noticias\/wp-json\/wp\/v2\/media?parent=2515"}],"wp:term":[{"taxonomy":"category","embeddable":true,"href":"https:\/\/motorista.com.br\/noticias\/wp-json\/wp\/v2\/categories?post=2515"},{"taxonomy":"post_tag","embeddable":true,"href":"https:\/\/motorista.com.br\/noticias\/wp-json\/wp\/v2\/tags?post=2515"},{"taxonomy":"author","embeddable":true,"href":"https:\/\/motorista.com.br\/noticias\/wp-json\/wp\/v2\/coauthors?post=2515"}],"curies":[{"name":"wp","href":"https:\/\/api.w.org\/{rel}","templated":true}]}}