{"id":2513,"date":"2025-08-05T00:22:56","date_gmt":"2025-08-05T03:22:56","guid":{"rendered":"https:\/\/motorista.com.br\/noticias\/2025\/08\/05\/mpf-sugere-isencao-de-multa-por-5-anos-na-dutra-free-flow\/"},"modified":"2025-08-05T00:22:56","modified_gmt":"2025-08-05T03:22:56","slug":"mpf-sugere-isencao-de-multa-por-5-anos-na-dutra-free-flow","status":"publish","type":"post","link":"https:\/\/motorista.com.br\/noticias\/2025\/08\/05\/mpf-sugere-isencao-de-multa-por-5-anos-na-dutra-free-flow\/","title":{"rendered":"MPF sugere isen\u00e7\u00e3o de multa por 5 anos na Dutra Free Flow"},"content":{"rendered":"<p><\/p>\n<p>O Minist\u00e9rio P\u00fablico Federal (MPF) prop\u00f4s um adiamento de cinco anos na aplica\u00e7\u00e3o de multas por n\u00e3o pagamento no novo sistema de ped\u00e1gio eletr\u00f4nico (free flow) na Rodovia Presidente Dutra, especialmente no trecho entre Aruj\u00e1 e S\u00e3o Paulo. Essa proposta foi discutida em uma audi\u00eancia p\u00fablica que contou com a presen\u00e7a de representantes da ANTT, da concession\u00e1ria CCR, pol\u00edticos e associa\u00e7\u00f5es.<\/p>\n<p>Uma das principais preocupa\u00e7\u00f5es do MPF gira em torno do risco de que o novo sistema possa gerar milh\u00f5es de multas indevidas, devido \u00e0 falta de clareza sobre como o m\u00e9todo de cobran\u00e7a funcionar\u00e1. O procurador Guilherme Gopfert enfatizou a necessidade de um per\u00edodo de adapta\u00e7\u00e3o antes da implementa\u00e7\u00e3o efetiva das multas, que est\u00e3o previstas para come\u00e7ar em junho de 2025. Para ele, o ideal seria abolir completamente a cobran\u00e7a de ped\u00e1gio neste trecho, mas, na aus\u00eancia dessa medida, a proposta de um tempo sem penalidades \u00e9 fundamental para que os motoristas se familiarizem com o novo m\u00e9todo.<\/p>\n<p>Gopfert tamb\u00e9m destacou que a falta de acesso a informa\u00e7\u00f5es claras sobre tarifas e formas de pagamento n\u00e3o pode levar \u00e0 puni\u00e7\u00e3o dos motoristas. Ele argumentou que os usu\u00e1rios da rodovia n\u00e3o devem ser penalizados por dificuldades informativas ou por op\u00e7\u00f5es de pagamento inadequadas.<\/p>\n<h3>Desafios e Oportunidades<\/h3>\n<p>O modelo free flow, que visa aumentar a fluidez do tr\u00e2nsito e garantir que os motoristas paguem proporcionalmente pela dist\u00e2ncia percorrida, tem enfrentado cr\u00edticas significativas. Parlamentares e representantes de usu\u00e1rios manifestaram preocupa\u00e7\u00f5es sobre a falta de informa\u00e7\u00e3o e as dificuldades tecnol\u00f3gicas, especialmente para aqueles que n\u00e3o possuem uma TAG eletr\u00f4nica. O vereador Guto Tavares, por exemplo, alertou para os impactos negativos nos ve\u00edculos pesados, como caminh\u00f5es, defendendo isen\u00e7\u00e3o de taxas para aqueles registrados na regi\u00e3o, dada a import\u00e2ncia da rodovia para a atividade econ\u00f4mica local.<\/p>\n<p>Por outro lado, a CCR defende a implementa\u00e7\u00e3o do free flow, alegando que tal sistema trar\u00e1 benef\u00edcios ao tr\u00e1fego e permitir\u00e1 ajustes nas tarifas de acordo com o fluxo da via. Segundo a concession\u00e1ria, a cobran\u00e7a ser\u00e1 restrita \u00e0 pista expressa, o que pode incentivar um uso mais consciente das vias.<\/p>\n<h3>Perspectivas para a Mobilidade<\/h3>\n<p>A proposta do MPF de prorrogar a aplica\u00e7\u00e3o de multas pode ser vista como uma oportunidade para promover um ambiente de aprendizado e adapta\u00e7\u00e3o para os motoristas. Esse tempo extra pode permitir que os usu\u00e1rios se familiarizem com as novas tecnologias e sistemas de pagamento, minimizando a probabilidade de penaliza\u00e7\u00f5es indevidas.<\/p>\n<p>Al\u00e9m disso, ao facilitar uma transi\u00e7\u00e3o mais suave para o sistema free flow, espera-se que haja uma melhoria n\u00e3o apenas na percep\u00e7\u00e3o do servi\u00e7o, mas tamb\u00e9m na mobilidade geral da regi\u00e3o. Com um tr\u00e1fego mais fluido e menos conflitos relacionados a multas, a rodovia pode se tornar um exemplo de efici\u00eancia para outras vias do pa\u00eds.<\/p>\n<p>Em resumo, enquanto as preocupa\u00e7\u00f5es e cr\u00edticas em torno do sistema free flow s\u00e3o v\u00e1lidas e compreens\u00edveis, a busca por solu\u00e7\u00f5es que priorizem a informa\u00e7\u00e3o e a educa\u00e7\u00e3o dos motoristas pode resultar em benef\u00edcios duradouros para a mobilidade e o transporte na regi\u00e3o.<\/p>\n<p><strong>Fonte: motorista.com<\/strong><\/p>\n","protected":false},"excerpt":{"rendered":"<p>O Minist\u00e9rio P\u00fablico Federal (MPF) prop\u00f4s um adiamento de cinco anos na aplica\u00e7\u00e3o de multas por n\u00e3o pagamento no novo sistema de ped\u00e1gio eletr\u00f4nico (free flow) na Rodovia Presidente Dutra, especialmente no trecho entre Aruj\u00e1 e S\u00e3o Paulo. Essa proposta foi discutida em uma audi\u00eancia p\u00fablica que contou com a presen\u00e7a de representantes da ANTT, &hellip;<\/p>\n","protected":false},"author":4,"featured_media":2514,"comment_status":"","ping_status":"open","sticky":false,"template":"","format":"standard","meta":{"footnotes":""},"categories":[77],"tags":[],"coauthors":[42],"class_list":["post-2513","post","type-post","status-publish","format-standard","has-post-thumbnail","hentry","category-motorista"],"yoast_head":"<!-- This site is optimized with the Yoast SEO Premium plugin v25.5 (Yoast SEO v27.4) - https:\/\/yoast.com\/product\/yoast-seo-premium-wordpress\/ -->\n<title>MPF sugere isen\u00e7\u00e3o de multa por 5 anos na Dutra Free Flow - Motorista.com.br<\/title>\n<meta name=\"robots\" content=\"index, follow, max-snippet:-1, max-image-preview:large, max-video-preview:-1\" \/>\n<link rel=\"canonical\" href=\"https:\/\/motorista.com.br\/noticias\/2025\/08\/05\/mpf-sugere-isencao-de-multa-por-5-anos-na-dutra-free-flow\/\" \/>\n<meta property=\"og:locale\" content=\"pt_BR\" \/>\n<meta property=\"og:type\" content=\"article\" \/>\n<meta property=\"og:title\" content=\"MPF sugere isen\u00e7\u00e3o de multa por 5 anos na Dutra Free Flow\" \/>\n<meta property=\"og:description\" content=\"O Minist\u00e9rio P\u00fablico Federal (MPF) prop\u00f4s um adiamento de cinco anos na aplica\u00e7\u00e3o de multas por n\u00e3o pagamento no novo sistema de ped\u00e1gio eletr\u00f4nico (free flow) na Rodovia Presidente Dutra, especialmente no trecho entre Aruj\u00e1 e S\u00e3o Paulo. Essa proposta foi discutida em uma audi\u00eancia p\u00fablica que contou com a presen\u00e7a de representantes da ANTT, &hellip;\" \/>\n<meta property=\"og:url\" content=\"https:\/\/motorista.com.br\/noticias\/2025\/08\/05\/mpf-sugere-isencao-de-multa-por-5-anos-na-dutra-free-flow\/\" \/>\n<meta property=\"og:site_name\" content=\"Motorista.com.br\" \/>\n<meta property=\"article:published_time\" content=\"2025-08-05T03:22:56+00:00\" \/>\n<meta name=\"author\" content=\"Equipe Reda\u00e7\u00e3o\" \/>\n<meta name=\"twitter:card\" content=\"summary_large_image\" \/>\n<meta name=\"twitter:label1\" content=\"Escrito por\" \/>\n\t<meta name=\"twitter:data1\" content=\"Equipe Reda\u00e7\u00e3o\" \/>\n\t<meta name=\"twitter:label2\" content=\"Est. tempo de leitura\" \/>\n\t<meta name=\"twitter:data2\" content=\"3 minutos\" \/>\n\t<meta name=\"twitter:label3\" content=\"Written by\" \/>\n\t<meta name=\"twitter:data3\" content=\"Equipe Reda\u00e7\u00e3o\" \/>\n<script type=\"application\/ld+json\" class=\"yoast-schema-graph\">{\"@context\":\"https:\\\/\\\/schema.org\",\"@graph\":[{\"@type\":\"Article\",\"@id\":\"https:\\\/\\\/motorista.com.br\\\/noticias\\\/2025\\\/08\\\/05\\\/mpf-sugere-isencao-de-multa-por-5-anos-na-dutra-free-flow\\\/#article\",\"isPartOf\":{\"@id\":\"https:\\\/\\\/motorista.com.br\\\/noticias\\\/2025\\\/08\\\/05\\\/mpf-sugere-isencao-de-multa-por-5-anos-na-dutra-free-flow\\\/\"},\"author\":{\"name\":\"Equipe Reda\u00e7\u00e3o\",\"@id\":\"https:\\\/\\\/motorista.com.br\\\/noticias\\\/#\\\/schema\\\/person\\\/dc93afc2981c0e3ce6bc3c053fd847be\"},\"headline\":\"MPF sugere isen\u00e7\u00e3o de multa por 5 anos na Dutra Free Flow\",\"datePublished\":\"2025-08-05T03:22:56+00:00\",\"mainEntityOfPage\":{\"@id\":\"https:\\\/\\\/motorista.com.br\\\/noticias\\\/2025\\\/08\\\/05\\\/mpf-sugere-isencao-de-multa-por-5-anos-na-dutra-free-flow\\\/\"},\"wordCount\":584,\"publisher\":{\"@id\":\"https:\\\/\\\/motorista.com.br\\\/noticias\\\/#organization\"},\"image\":{\"@id\":\"https:\\\/\\\/motorista.com.br\\\/noticias\\\/2025\\\/08\\\/05\\\/mpf-sugere-isencao-de-multa-por-5-anos-na-dutra-free-flow\\\/#primaryimage\"},\"thumbnailUrl\":\"https:\\\/\\\/motorista.com.br\\\/noticias\\\/wp-content\\\/uploads\\\/2025\\\/08\\\/free-flow-SP-1.jpg\",\"articleSection\":[\"Motorista\"],\"inLanguage\":\"pt-BR\"},{\"@type\":\"WebPage\",\"@id\":\"https:\\\/\\\/motorista.com.br\\\/noticias\\\/2025\\\/08\\\/05\\\/mpf-sugere-isencao-de-multa-por-5-anos-na-dutra-free-flow\\\/\",\"url\":\"https:\\\/\\\/motorista.com.br\\\/noticias\\\/2025\\\/08\\\/05\\\/mpf-sugere-isencao-de-multa-por-5-anos-na-dutra-free-flow\\\/\",\"name\":\"MPF sugere isen\u00e7\u00e3o de multa por 5 anos na Dutra Free Flow - Motorista.com.br\",\"isPartOf\":{\"@id\":\"https:\\\/\\\/motorista.com.br\\\/noticias\\\/#website\"},\"primaryImageOfPage\":{\"@id\":\"https:\\\/\\\/motorista.com.br\\\/noticias\\\/2025\\\/08\\\/05\\\/mpf-sugere-isencao-de-multa-por-5-anos-na-dutra-free-flow\\\/#primaryimage\"},\"image\":{\"@id\":\"https:\\\/\\\/motorista.com.br\\\/noticias\\\/2025\\\/08\\\/05\\\/mpf-sugere-isencao-de-multa-por-5-anos-na-dutra-free-flow\\\/#primaryimage\"},\"thumbnailUrl\":\"https:\\\/\\\/motorista.com.br\\\/noticias\\\/wp-content\\\/uploads\\\/2025\\\/08\\\/free-flow-SP-1.jpg\",\"datePublished\":\"2025-08-05T03:22:56+00:00\",\"breadcrumb\":{\"@id\":\"https:\\\/\\\/motorista.com.br\\\/noticias\\\/2025\\\/08\\\/05\\\/mpf-sugere-isencao-de-multa-por-5-anos-na-dutra-free-flow\\\/#breadcrumb\"},\"inLanguage\":\"pt-BR\",\"potentialAction\":[{\"@type\":\"ReadAction\",\"target\":[\"https:\\\/\\\/motorista.com.br\\\/noticias\\\/2025\\\/08\\\/05\\\/mpf-sugere-isencao-de-multa-por-5-anos-na-dutra-free-flow\\\/\"]}]},{\"@type\":\"ImageObject\",\"inLanguage\":\"pt-BR\",\"@id\":\"https:\\\/\\\/motorista.com.br\\\/noticias\\\/2025\\\/08\\\/05\\\/mpf-sugere-isencao-de-multa-por-5-anos-na-dutra-free-flow\\\/#primaryimage\",\"url\":\"https:\\\/\\\/motorista.com.br\\\/noticias\\\/wp-content\\\/uploads\\\/2025\\\/08\\\/free-flow-SP-1.jpg\",\"contentUrl\":\"https:\\\/\\\/motorista.com.br\\\/noticias\\\/wp-content\\\/uploads\\\/2025\\\/08\\\/free-flow-SP-1.jpg\",\"width\":860,\"height\":570},{\"@type\":\"BreadcrumbList\",\"@id\":\"https:\\\/\\\/motorista.com.br\\\/noticias\\\/2025\\\/08\\\/05\\\/mpf-sugere-isencao-de-multa-por-5-anos-na-dutra-free-flow\\\/#breadcrumb\",\"itemListElement\":[{\"@type\":\"ListItem\",\"position\":1,\"name\":\"In\u00edcio\",\"item\":\"https:\\\/\\\/motorista.com.br\\\/noticias\\\/\"},{\"@type\":\"ListItem\",\"position\":2,\"name\":\"MPF sugere isen\u00e7\u00e3o de multa por 5 anos na Dutra Free Flow\"}]},{\"@type\":\"WebSite\",\"@id\":\"https:\\\/\\\/motorista.com.br\\\/noticias\\\/#website\",\"url\":\"https:\\\/\\\/motorista.com.br\\\/noticias\\\/\",\"name\":\"Motorista.com.br\",\"description\":\"Not\u00edcia do Motorista\",\"publisher\":{\"@id\":\"https:\\\/\\\/motorista.com.br\\\/noticias\\\/#organization\"},\"potentialAction\":[{\"@type\":\"SearchAction\",\"target\":{\"@type\":\"EntryPoint\",\"urlTemplate\":\"https:\\\/\\\/motorista.com.br\\\/noticias\\\/?s={search_term_string}\"},\"query-input\":{\"@type\":\"PropertyValueSpecification\",\"valueRequired\":true,\"valueName\":\"search_term_string\"}}],\"inLanguage\":\"pt-BR\"},{\"@type\":\"Organization\",\"@id\":\"https:\\\/\\\/motorista.com.br\\\/noticias\\\/#organization\",\"name\":\"Motorista.com.br\",\"url\":\"https:\\\/\\\/motorista.com.br\\\/noticias\\\/\",\"logo\":{\"@type\":\"ImageObject\",\"inLanguage\":\"pt-BR\",\"@id\":\"https:\\\/\\\/motorista.com.br\\\/noticias\\\/#\\\/schema\\\/logo\\\/image\\\/\",\"url\":\"https:\\\/\\\/motorista.com.br\\\/noticias\\\/wp-content\\\/uploads\\\/2025\\\/06\\\/Design-sem-nome-9.png\",\"contentUrl\":\"https:\\\/\\\/motorista.com.br\\\/noticias\\\/wp-content\\\/uploads\\\/2025\\\/06\\\/Design-sem-nome-9.png\",\"width\":150,\"height\":85,\"caption\":\"Motorista.com.br\"},\"image\":{\"@id\":\"https:\\\/\\\/motorista.com.br\\\/noticias\\\/#\\\/schema\\\/logo\\\/image\\\/\"}},{\"@type\":\"Person\",\"@id\":\"https:\\\/\\\/motorista.com.br\\\/noticias\\\/#\\\/schema\\\/person\\\/dc93afc2981c0e3ce6bc3c053fd847be\",\"name\":\"Equipe Reda\u00e7\u00e3o\",\"image\":{\"@type\":\"ImageObject\",\"inLanguage\":\"pt-BR\",\"@id\":\"https:\\\/\\\/secure.gravatar.com\\\/avatar\\\/4f525efbf18dd2bb300ccad28bfb99d95a9465a5ba268407c8c37b37e1f28d2d?s=96&d=mm&r=g9e099043a0c61e9ae27e293b9fa75ffc\",\"url\":\"https:\\\/\\\/secure.gravatar.com\\\/avatar\\\/4f525efbf18dd2bb300ccad28bfb99d95a9465a5ba268407c8c37b37e1f28d2d?s=96&d=mm&r=g\",\"contentUrl\":\"https:\\\/\\\/secure.gravatar.com\\\/avatar\\\/4f525efbf18dd2bb300ccad28bfb99d95a9465a5ba268407c8c37b37e1f28d2d?s=96&d=mm&r=g\",\"caption\":\"Equipe Reda\u00e7\u00e3o\"},\"description\":\"Equipe de reda\u00e7\u00e3o \u00e9 um grupo de profissionais que trabalham juntos para criar conte\u00fado escrito para Motorista.com.br\",\"url\":\"https:\\\/\\\/motorista.com.br\\\/noticias\\\/author\\\/equiperedacao\\\/\"}]}<\/script>\n<!-- \/ Yoast SEO Premium plugin. -->","yoast_head_json":{"title":"MPF sugere isen\u00e7\u00e3o de multa por 5 anos na Dutra Free Flow - Motorista.com.br","robots":{"index":"index","follow":"follow","max-snippet":"max-snippet:-1","max-image-preview":"max-image-preview:large","max-video-preview":"max-video-preview:-1"},"canonical":"https:\/\/motorista.com.br\/noticias\/2025\/08\/05\/mpf-sugere-isencao-de-multa-por-5-anos-na-dutra-free-flow\/","og_locale":"pt_BR","og_type":"article","og_title":"MPF sugere isen\u00e7\u00e3o de multa por 5 anos na Dutra Free Flow","og_description":"O Minist\u00e9rio P\u00fablico Federal (MPF) prop\u00f4s um adiamento de cinco anos na aplica\u00e7\u00e3o de multas por n\u00e3o pagamento no novo sistema de ped\u00e1gio eletr\u00f4nico (free flow) na Rodovia Presidente Dutra, especialmente no trecho entre Aruj\u00e1 e S\u00e3o Paulo. Essa proposta foi discutida em uma audi\u00eancia p\u00fablica que contou com a presen\u00e7a de representantes da ANTT, &hellip;","og_url":"https:\/\/motorista.com.br\/noticias\/2025\/08\/05\/mpf-sugere-isencao-de-multa-por-5-anos-na-dutra-free-flow\/","og_site_name":"Motorista.com.br","article_published_time":"2025-08-05T03:22:56+00:00","author":"Equipe Reda\u00e7\u00e3o","twitter_card":"summary_large_image","twitter_misc":{"Escrito por":"Equipe Reda\u00e7\u00e3o","Est. tempo de leitura":"3 minutos","Written by":"Equipe Reda\u00e7\u00e3o"},"schema":{"@context":"https:\/\/schema.org","@graph":[{"@type":"Article","@id":"https:\/\/motorista.com.br\/noticias\/2025\/08\/05\/mpf-sugere-isencao-de-multa-por-5-anos-na-dutra-free-flow\/#article","isPartOf":{"@id":"https:\/\/motorista.com.br\/noticias\/2025\/08\/05\/mpf-sugere-isencao-de-multa-por-5-anos-na-dutra-free-flow\/"},"author":{"name":"Equipe Reda\u00e7\u00e3o","@id":"https:\/\/motorista.com.br\/noticias\/#\/schema\/person\/dc93afc2981c0e3ce6bc3c053fd847be"},"headline":"MPF sugere isen\u00e7\u00e3o de multa por 5 anos na Dutra Free Flow","datePublished":"2025-08-05T03:22:56+00:00","mainEntityOfPage":{"@id":"https:\/\/motorista.com.br\/noticias\/2025\/08\/05\/mpf-sugere-isencao-de-multa-por-5-anos-na-dutra-free-flow\/"},"wordCount":584,"publisher":{"@id":"https:\/\/motorista.com.br\/noticias\/#organization"},"image":{"@id":"https:\/\/motorista.com.br\/noticias\/2025\/08\/05\/mpf-sugere-isencao-de-multa-por-5-anos-na-dutra-free-flow\/#primaryimage"},"thumbnailUrl":"https:\/\/motorista.com.br\/noticias\/wp-content\/uploads\/2025\/08\/free-flow-SP-1.jpg","articleSection":["Motorista"],"inLanguage":"pt-BR"},{"@type":"WebPage","@id":"https:\/\/motorista.com.br\/noticias\/2025\/08\/05\/mpf-sugere-isencao-de-multa-por-5-anos-na-dutra-free-flow\/","url":"https:\/\/motorista.com.br\/noticias\/2025\/08\/05\/mpf-sugere-isencao-de-multa-por-5-anos-na-dutra-free-flow\/","name":"MPF sugere isen\u00e7\u00e3o de multa por 5 anos na Dutra Free Flow - Motorista.com.br","isPartOf":{"@id":"https:\/\/motorista.com.br\/noticias\/#website"},"primaryImageOfPage":{"@id":"https:\/\/motorista.com.br\/noticias\/2025\/08\/05\/mpf-sugere-isencao-de-multa-por-5-anos-na-dutra-free-flow\/#primaryimage"},"image":{"@id":"https:\/\/motorista.com.br\/noticias\/2025\/08\/05\/mpf-sugere-isencao-de-multa-por-5-anos-na-dutra-free-flow\/#primaryimage"},"thumbnailUrl":"https:\/\/motorista.com.br\/noticias\/wp-content\/uploads\/2025\/08\/free-flow-SP-1.jpg","datePublished":"2025-08-05T03:22:56+00:00","breadcrumb":{"@id":"https:\/\/motorista.com.br\/noticias\/2025\/08\/05\/mpf-sugere-isencao-de-multa-por-5-anos-na-dutra-free-flow\/#breadcrumb"},"inLanguage":"pt-BR","potentialAction":[{"@type":"ReadAction","target":["https:\/\/motorista.com.br\/noticias\/2025\/08\/05\/mpf-sugere-isencao-de-multa-por-5-anos-na-dutra-free-flow\/"]}]},{"@type":"ImageObject","inLanguage":"pt-BR","@id":"https:\/\/motorista.com.br\/noticias\/2025\/08\/05\/mpf-sugere-isencao-de-multa-por-5-anos-na-dutra-free-flow\/#primaryimage","url":"https:\/\/motorista.com.br\/noticias\/wp-content\/uploads\/2025\/08\/free-flow-SP-1.jpg","contentUrl":"https:\/\/motorista.com.br\/noticias\/wp-content\/uploads\/2025\/08\/free-flow-SP-1.jpg","width":860,"height":570},{"@type":"BreadcrumbList","@id":"https:\/\/motorista.com.br\/noticias\/2025\/08\/05\/mpf-sugere-isencao-de-multa-por-5-anos-na-dutra-free-flow\/#breadcrumb","itemListElement":[{"@type":"ListItem","position":1,"name":"In\u00edcio","item":"https:\/\/motorista.com.br\/noticias\/"},{"@type":"ListItem","position":2,"name":"MPF sugere isen\u00e7\u00e3o de multa por 5 anos na Dutra Free Flow"}]},{"@type":"WebSite","@id":"https:\/\/motorista.com.br\/noticias\/#website","url":"https:\/\/motorista.com.br\/noticias\/","name":"Motorista.com.br","description":"Not\u00edcia do Motorista","publisher":{"@id":"https:\/\/motorista.com.br\/noticias\/#organization"},"potentialAction":[{"@type":"SearchAction","target":{"@type":"EntryPoint","urlTemplate":"https:\/\/motorista.com.br\/noticias\/?s={search_term_string}"},"query-input":{"@type":"PropertyValueSpecification","valueRequired":true,"valueName":"search_term_string"}}],"inLanguage":"pt-BR"},{"@type":"Organization","@id":"https:\/\/motorista.com.br\/noticias\/#organization","name":"Motorista.com.br","url":"https:\/\/motorista.com.br\/noticias\/","logo":{"@type":"ImageObject","inLanguage":"pt-BR","@id":"https:\/\/motorista.com.br\/noticias\/#\/schema\/logo\/image\/","url":"https:\/\/motorista.com.br\/noticias\/wp-content\/uploads\/2025\/06\/Design-sem-nome-9.png","contentUrl":"https:\/\/motorista.com.br\/noticias\/wp-content\/uploads\/2025\/06\/Design-sem-nome-9.png","width":150,"height":85,"caption":"Motorista.com.br"},"image":{"@id":"https:\/\/motorista.com.br\/noticias\/#\/schema\/logo\/image\/"}},{"@type":"Person","@id":"https:\/\/motorista.com.br\/noticias\/#\/schema\/person\/dc93afc2981c0e3ce6bc3c053fd847be","name":"Equipe Reda\u00e7\u00e3o","image":{"@type":"ImageObject","inLanguage":"pt-BR","@id":"https:\/\/secure.gravatar.com\/avatar\/4f525efbf18dd2bb300ccad28bfb99d95a9465a5ba268407c8c37b37e1f28d2d?s=96&d=mm&r=g9e099043a0c61e9ae27e293b9fa75ffc","url":"https:\/\/secure.gravatar.com\/avatar\/4f525efbf18dd2bb300ccad28bfb99d95a9465a5ba268407c8c37b37e1f28d2d?s=96&d=mm&r=g","contentUrl":"https:\/\/secure.gravatar.com\/avatar\/4f525efbf18dd2bb300ccad28bfb99d95a9465a5ba268407c8c37b37e1f28d2d?s=96&d=mm&r=g","caption":"Equipe Reda\u00e7\u00e3o"},"description":"Equipe de reda\u00e7\u00e3o \u00e9 um grupo de profissionais que trabalham juntos para criar conte\u00fado escrito para Motorista.com.br","url":"https:\/\/motorista.com.br\/noticias\/author\/equiperedacao\/"}]}},"_links":{"self":[{"href":"https:\/\/motorista.com.br\/noticias\/wp-json\/wp\/v2\/posts\/2513","targetHints":{"allow":["GET"]}}],"collection":[{"href":"https:\/\/motorista.com.br\/noticias\/wp-json\/wp\/v2\/posts"}],"about":[{"href":"https:\/\/motorista.com.br\/noticias\/wp-json\/wp\/v2\/types\/post"}],"author":[{"embeddable":true,"href":"https:\/\/motorista.com.br\/noticias\/wp-json\/wp\/v2\/users\/4"}],"replies":[{"embeddable":true,"href":"https:\/\/motorista.com.br\/noticias\/wp-json\/wp\/v2\/comments?post=2513"}],"version-history":[{"count":0,"href":"https:\/\/motorista.com.br\/noticias\/wp-json\/wp\/v2\/posts\/2513\/revisions"}],"wp:featuredmedia":[{"embeddable":true,"href":"https:\/\/motorista.com.br\/noticias\/wp-json\/wp\/v2\/media\/2514"}],"wp:attachment":[{"href":"https:\/\/motorista.com.br\/noticias\/wp-json\/wp\/v2\/media?parent=2513"}],"wp:term":[{"taxonomy":"category","embeddable":true,"href":"https:\/\/motorista.com.br\/noticias\/wp-json\/wp\/v2\/categories?post=2513"},{"taxonomy":"post_tag","embeddable":true,"href":"https:\/\/motorista.com.br\/noticias\/wp-json\/wp\/v2\/tags?post=2513"},{"taxonomy":"author","embeddable":true,"href":"https:\/\/motorista.com.br\/noticias\/wp-json\/wp\/v2\/coauthors?post=2513"}],"curies":[{"name":"wp","href":"https:\/\/api.w.org\/{rel}","templated":true}]}}