{"id":2421,"date":"2025-08-04T01:00:47","date_gmt":"2025-08-04T04:00:47","guid":{"rendered":"https:\/\/motorista.com.br\/noticias\/2025\/08\/04\/uber-da-30-de-desconto-em-corridas-com-transporte-publico-integrado\/"},"modified":"2025-08-04T01:00:47","modified_gmt":"2025-08-04T04:00:47","slug":"uber-da-30-de-desconto-em-corridas-com-transporte-publico-integrado","status":"publish","type":"post","link":"https:\/\/motorista.com.br\/noticias\/2025\/08\/04\/uber-da-30-de-desconto-em-corridas-com-transporte-publico-integrado\/","title":{"rendered":"Uber d\u00e1 30% de desconto em corridas com transporte p\u00fablico integrado."},"content":{"rendered":"<p><\/p>\n<h3>Uber Oferece 30% de Desconto em Viagens Integradas ao Transporte P\u00fablico<\/h3>\n<p>A Uber lan\u00e7ou uma campanha que oferece 30% de desconto em viagens integradas ao transporte p\u00fablico at\u00e9 o dia 31 de agosto. Essa iniciativa, que abrange seis capitais brasileiras, tem como objetivo facilitar as conex\u00f5es entre \u00f4nibus, metr\u00f4 e transporte por aplicativo, promovendo uma mobilidade mais pr\u00e1tica e econ\u00f4mica.<\/p>\n<h4>Benef\u00edcios para os Motoristas e a Mobilidade Urbana<\/h4>\n<p>Essa a\u00e7\u00e3o pode trazer benef\u00edcios significativos tanto para os motoristas quanto para a mobilidade geral nas cidades. Para os motoristas de aplicativos, a estrat\u00e9gia de descontos pode aumentar o volume de corridas, especialmente nos hor\u00e1rios de pico, quando muitos usu\u00e1rios buscam uma solu\u00e7\u00e3o r\u00e1pida para se deslocar. Com a integra\u00e7\u00e3o ao transporte p\u00fablico, os motoristas podem se beneficiar de um fluxo consistente de passageiros, reduzindo o tempo ocioso entre corridas.<\/p>\n<p>Por outro lado, a promo\u00e7\u00e3o incentiva o uso do transporte p\u00fablico, contribuindo para a redu\u00e7\u00e3o do tr\u00e1fego nas grandes cidades. Isso \u00e9 especialmente relevante em um cen\u00e1rio de urbaniza\u00e7\u00e3o crescente, onde congestionamentos se tornaram um grande desafio. Ao utilizar o transporte p\u00fablico em conjunto com servi\u00e7os de carona, como o da Uber, os usu\u00e1rios conseguem otimizar suas rotas, economizando tempo e dinheiro.<\/p>\n<p>Al\u00e9m disso, essa a\u00e7\u00e3o pode ter um impacto positivo no meio ambiente. O uso combinado de meios de transporte ajuda a diminuir a emiss\u00e3o de carbono, uma vez que mais pessoas podem optar por n\u00e3o usar seus ve\u00edculos particulares e, consequentemente, contribuir para um tr\u00e2nsito menos intensivo.<\/p>\n<h4>Oportunidades para o Futuro<\/h4>\n<p>Com essa iniciativa, a Uber n\u00e3o apenas demonstra um compromisso com a mobilidade urbana, mas tamb\u00e9m oferece uma solu\u00e7\u00e3o que pode atender \u00e0s necessidades de seus usu\u00e1rios e melhorar a experi\u00eancia de viagem. A promo\u00e7\u00e3o ressalta a import\u00e2ncia da colabora\u00e7\u00e3o entre diferentes modos de transporte, criando um ecossistema em que todos podem ganhar.<\/p>\n<p>A esperan\u00e7a \u00e9 que este tipo de integra\u00e7\u00e3o se torne uma tend\u00eancia cada vez mais comum nas pol\u00edticas de mobilidade urbana, fazendo com que motoristas e usu\u00e1rios se beneficiem de um sistema mais interconectado e eficiente. Assim, a Uber n\u00e3o s\u00f3 promove seus servi\u00e7os, mas potencializa uma mudan\u00e7a positiva no cen\u00e1rio do transporte nas principais cidades do Brasil.<\/p>\n<p><strong>Fonte: 55content<\/strong><\/p>\n","protected":false},"excerpt":{"rendered":"<p>Uber Oferece 30% de Desconto em Viagens Integradas ao Transporte P\u00fablico A Uber lan\u00e7ou uma campanha que oferece 30% de desconto em viagens integradas ao transporte p\u00fablico at\u00e9 o dia 31 de agosto. Essa iniciativa, que abrange seis capitais brasileiras, tem como objetivo facilitar as conex\u00f5es entre \u00f4nibus, metr\u00f4 e transporte por aplicativo, promovendo uma &hellip;<\/p>\n","protected":false},"author":4,"featured_media":2422,"comment_status":"","ping_status":"open","sticky":false,"template":"","format":"standard","meta":{"footnotes":""},"categories":[49,77],"tags":[],"coauthors":[42],"class_list":["post-2421","post","type-post","status-publish","format-standard","has-post-thumbnail","hentry","category-aplicativos","category-motorista"],"yoast_head":"<!-- This site is optimized with the Yoast SEO Premium plugin v25.5 (Yoast SEO v27.4) - https:\/\/yoast.com\/product\/yoast-seo-premium-wordpress\/ -->\n<title>Uber d\u00e1 30% de desconto em corridas com transporte p\u00fablico integrado. - Motorista.com.br<\/title>\n<meta name=\"robots\" content=\"index, follow, max-snippet:-1, max-image-preview:large, max-video-preview:-1\" \/>\n<link rel=\"canonical\" href=\"https:\/\/motorista.com.br\/noticias\/2025\/08\/04\/uber-da-30-de-desconto-em-corridas-com-transporte-publico-integrado\/\" \/>\n<meta property=\"og:locale\" content=\"pt_BR\" \/>\n<meta property=\"og:type\" content=\"article\" \/>\n<meta property=\"og:title\" content=\"Uber d\u00e1 30% de desconto em corridas com transporte p\u00fablico integrado.\" \/>\n<meta property=\"og:description\" content=\"Uber Oferece 30% de Desconto em Viagens Integradas ao Transporte P\u00fablico A Uber lan\u00e7ou uma campanha que oferece 30% de desconto em viagens integradas ao transporte p\u00fablico at\u00e9 o dia 31 de agosto. Essa iniciativa, que abrange seis capitais brasileiras, tem como objetivo facilitar as conex\u00f5es entre \u00f4nibus, metr\u00f4 e transporte por aplicativo, promovendo uma &hellip;\" \/>\n<meta property=\"og:url\" content=\"https:\/\/motorista.com.br\/noticias\/2025\/08\/04\/uber-da-30-de-desconto-em-corridas-com-transporte-publico-integrado\/\" \/>\n<meta property=\"og:site_name\" content=\"Motorista.com.br\" \/>\n<meta property=\"article:published_time\" content=\"2025-08-04T04:00:47+00:00\" \/>\n<meta name=\"author\" content=\"Equipe Reda\u00e7\u00e3o\" \/>\n<meta name=\"twitter:card\" content=\"summary_large_image\" \/>\n<meta name=\"twitter:label1\" content=\"Escrito por\" \/>\n\t<meta name=\"twitter:data1\" content=\"Equipe Reda\u00e7\u00e3o\" \/>\n\t<meta name=\"twitter:label2\" content=\"Est. tempo de leitura\" \/>\n\t<meta name=\"twitter:data2\" content=\"2 minutos\" \/>\n\t<meta name=\"twitter:label3\" content=\"Written by\" \/>\n\t<meta name=\"twitter:data3\" content=\"Equipe Reda\u00e7\u00e3o\" \/>\n<script type=\"application\/ld+json\" class=\"yoast-schema-graph\">{\"@context\":\"https:\\\/\\\/schema.org\",\"@graph\":[{\"@type\":\"Article\",\"@id\":\"https:\\\/\\\/motorista.com.br\\\/noticias\\\/2025\\\/08\\\/04\\\/uber-da-30-de-desconto-em-corridas-com-transporte-publico-integrado\\\/#article\",\"isPartOf\":{\"@id\":\"https:\\\/\\\/motorista.com.br\\\/noticias\\\/2025\\\/08\\\/04\\\/uber-da-30-de-desconto-em-corridas-com-transporte-publico-integrado\\\/\"},\"author\":{\"name\":\"Equipe Reda\u00e7\u00e3o\",\"@id\":\"https:\\\/\\\/motorista.com.br\\\/noticias\\\/#\\\/schema\\\/person\\\/dc93afc2981c0e3ce6bc3c053fd847be\"},\"headline\":\"Uber d\u00e1 30% de desconto em corridas com transporte p\u00fablico integrado.\",\"datePublished\":\"2025-08-04T04:00:47+00:00\",\"mainEntityOfPage\":{\"@id\":\"https:\\\/\\\/motorista.com.br\\\/noticias\\\/2025\\\/08\\\/04\\\/uber-da-30-de-desconto-em-corridas-com-transporte-publico-integrado\\\/\"},\"wordCount\":418,\"publisher\":{\"@id\":\"https:\\\/\\\/motorista.com.br\\\/noticias\\\/#organization\"},\"image\":{\"@id\":\"https:\\\/\\\/motorista.com.br\\\/noticias\\\/2025\\\/08\\\/04\\\/uber-da-30-de-desconto-em-corridas-com-transporte-publico-integrado\\\/#primaryimage\"},\"thumbnailUrl\":\"https:\\\/\\\/motorista.com.br\\\/noticias\\\/wp-content\\\/uploads\\\/2025\\\/08\\\/Uber-desconto-integracao-transporte-publico.png\",\"articleSection\":[\"Aplicativos\",\"Motorista\"],\"inLanguage\":\"pt-BR\"},{\"@type\":\"WebPage\",\"@id\":\"https:\\\/\\\/motorista.com.br\\\/noticias\\\/2025\\\/08\\\/04\\\/uber-da-30-de-desconto-em-corridas-com-transporte-publico-integrado\\\/\",\"url\":\"https:\\\/\\\/motorista.com.br\\\/noticias\\\/2025\\\/08\\\/04\\\/uber-da-30-de-desconto-em-corridas-com-transporte-publico-integrado\\\/\",\"name\":\"Uber d\u00e1 30% de desconto em corridas com transporte p\u00fablico integrado. - Motorista.com.br\",\"isPartOf\":{\"@id\":\"https:\\\/\\\/motorista.com.br\\\/noticias\\\/#website\"},\"primaryImageOfPage\":{\"@id\":\"https:\\\/\\\/motorista.com.br\\\/noticias\\\/2025\\\/08\\\/04\\\/uber-da-30-de-desconto-em-corridas-com-transporte-publico-integrado\\\/#primaryimage\"},\"image\":{\"@id\":\"https:\\\/\\\/motorista.com.br\\\/noticias\\\/2025\\\/08\\\/04\\\/uber-da-30-de-desconto-em-corridas-com-transporte-publico-integrado\\\/#primaryimage\"},\"thumbnailUrl\":\"https:\\\/\\\/motorista.com.br\\\/noticias\\\/wp-content\\\/uploads\\\/2025\\\/08\\\/Uber-desconto-integracao-transporte-publico.png\",\"datePublished\":\"2025-08-04T04:00:47+00:00\",\"breadcrumb\":{\"@id\":\"https:\\\/\\\/motorista.com.br\\\/noticias\\\/2025\\\/08\\\/04\\\/uber-da-30-de-desconto-em-corridas-com-transporte-publico-integrado\\\/#breadcrumb\"},\"inLanguage\":\"pt-BR\",\"potentialAction\":[{\"@type\":\"ReadAction\",\"target\":[\"https:\\\/\\\/motorista.com.br\\\/noticias\\\/2025\\\/08\\\/04\\\/uber-da-30-de-desconto-em-corridas-com-transporte-publico-integrado\\\/\"]}]},{\"@type\":\"ImageObject\",\"inLanguage\":\"pt-BR\",\"@id\":\"https:\\\/\\\/motorista.com.br\\\/noticias\\\/2025\\\/08\\\/04\\\/uber-da-30-de-desconto-em-corridas-com-transporte-publico-integrado\\\/#primaryimage\",\"url\":\"https:\\\/\\\/motorista.com.br\\\/noticias\\\/wp-content\\\/uploads\\\/2025\\\/08\\\/Uber-desconto-integracao-transporte-publico.png\",\"contentUrl\":\"https:\\\/\\\/motorista.com.br\\\/noticias\\\/wp-content\\\/uploads\\\/2025\\\/08\\\/Uber-desconto-integracao-transporte-publico.png\",\"width\":1220,\"height\":702},{\"@type\":\"BreadcrumbList\",\"@id\":\"https:\\\/\\\/motorista.com.br\\\/noticias\\\/2025\\\/08\\\/04\\\/uber-da-30-de-desconto-em-corridas-com-transporte-publico-integrado\\\/#breadcrumb\",\"itemListElement\":[{\"@type\":\"ListItem\",\"position\":1,\"name\":\"In\u00edcio\",\"item\":\"https:\\\/\\\/motorista.com.br\\\/noticias\\\/\"},{\"@type\":\"ListItem\",\"position\":2,\"name\":\"Uber d\u00e1 30% de desconto em corridas com transporte p\u00fablico integrado.\"}]},{\"@type\":\"WebSite\",\"@id\":\"https:\\\/\\\/motorista.com.br\\\/noticias\\\/#website\",\"url\":\"https:\\\/\\\/motorista.com.br\\\/noticias\\\/\",\"name\":\"Motorista.com.br\",\"description\":\"Not\u00edcia do Motorista\",\"publisher\":{\"@id\":\"https:\\\/\\\/motorista.com.br\\\/noticias\\\/#organization\"},\"potentialAction\":[{\"@type\":\"SearchAction\",\"target\":{\"@type\":\"EntryPoint\",\"urlTemplate\":\"https:\\\/\\\/motorista.com.br\\\/noticias\\\/?s={search_term_string}\"},\"query-input\":{\"@type\":\"PropertyValueSpecification\",\"valueRequired\":true,\"valueName\":\"search_term_string\"}}],\"inLanguage\":\"pt-BR\"},{\"@type\":\"Organization\",\"@id\":\"https:\\\/\\\/motorista.com.br\\\/noticias\\\/#organization\",\"name\":\"Motorista.com.br\",\"url\":\"https:\\\/\\\/motorista.com.br\\\/noticias\\\/\",\"logo\":{\"@type\":\"ImageObject\",\"inLanguage\":\"pt-BR\",\"@id\":\"https:\\\/\\\/motorista.com.br\\\/noticias\\\/#\\\/schema\\\/logo\\\/image\\\/\",\"url\":\"https:\\\/\\\/motorista.com.br\\\/noticias\\\/wp-content\\\/uploads\\\/2025\\\/06\\\/Design-sem-nome-9.png\",\"contentUrl\":\"https:\\\/\\\/motorista.com.br\\\/noticias\\\/wp-content\\\/uploads\\\/2025\\\/06\\\/Design-sem-nome-9.png\",\"width\":150,\"height\":85,\"caption\":\"Motorista.com.br\"},\"image\":{\"@id\":\"https:\\\/\\\/motorista.com.br\\\/noticias\\\/#\\\/schema\\\/logo\\\/image\\\/\"}},{\"@type\":\"Person\",\"@id\":\"https:\\\/\\\/motorista.com.br\\\/noticias\\\/#\\\/schema\\\/person\\\/dc93afc2981c0e3ce6bc3c053fd847be\",\"name\":\"Equipe Reda\u00e7\u00e3o\",\"image\":{\"@type\":\"ImageObject\",\"inLanguage\":\"pt-BR\",\"@id\":\"https:\\\/\\\/secure.gravatar.com\\\/avatar\\\/4f525efbf18dd2bb300ccad28bfb99d95a9465a5ba268407c8c37b37e1f28d2d?s=96&d=mm&r=g9e099043a0c61e9ae27e293b9fa75ffc\",\"url\":\"https:\\\/\\\/secure.gravatar.com\\\/avatar\\\/4f525efbf18dd2bb300ccad28bfb99d95a9465a5ba268407c8c37b37e1f28d2d?s=96&d=mm&r=g\",\"contentUrl\":\"https:\\\/\\\/secure.gravatar.com\\\/avatar\\\/4f525efbf18dd2bb300ccad28bfb99d95a9465a5ba268407c8c37b37e1f28d2d?s=96&d=mm&r=g\",\"caption\":\"Equipe Reda\u00e7\u00e3o\"},\"description\":\"Equipe de reda\u00e7\u00e3o \u00e9 um grupo de profissionais que trabalham juntos para criar conte\u00fado escrito para Motorista.com.br\",\"url\":\"https:\\\/\\\/motorista.com.br\\\/noticias\\\/author\\\/equiperedacao\\\/\"}]}<\/script>\n<!-- \/ Yoast SEO Premium plugin. -->","yoast_head_json":{"title":"Uber d\u00e1 30% de desconto em corridas com transporte p\u00fablico integrado. - Motorista.com.br","robots":{"index":"index","follow":"follow","max-snippet":"max-snippet:-1","max-image-preview":"max-image-preview:large","max-video-preview":"max-video-preview:-1"},"canonical":"https:\/\/motorista.com.br\/noticias\/2025\/08\/04\/uber-da-30-de-desconto-em-corridas-com-transporte-publico-integrado\/","og_locale":"pt_BR","og_type":"article","og_title":"Uber d\u00e1 30% de desconto em corridas com transporte p\u00fablico integrado.","og_description":"Uber Oferece 30% de Desconto em Viagens Integradas ao Transporte P\u00fablico A Uber lan\u00e7ou uma campanha que oferece 30% de desconto em viagens integradas ao transporte p\u00fablico at\u00e9 o dia 31 de agosto. Essa iniciativa, que abrange seis capitais brasileiras, tem como objetivo facilitar as conex\u00f5es entre \u00f4nibus, metr\u00f4 e transporte por aplicativo, promovendo uma &hellip;","og_url":"https:\/\/motorista.com.br\/noticias\/2025\/08\/04\/uber-da-30-de-desconto-em-corridas-com-transporte-publico-integrado\/","og_site_name":"Motorista.com.br","article_published_time":"2025-08-04T04:00:47+00:00","author":"Equipe Reda\u00e7\u00e3o","twitter_card":"summary_large_image","twitter_misc":{"Escrito por":"Equipe Reda\u00e7\u00e3o","Est. tempo de leitura":"2 minutos","Written by":"Equipe Reda\u00e7\u00e3o"},"schema":{"@context":"https:\/\/schema.org","@graph":[{"@type":"Article","@id":"https:\/\/motorista.com.br\/noticias\/2025\/08\/04\/uber-da-30-de-desconto-em-corridas-com-transporte-publico-integrado\/#article","isPartOf":{"@id":"https:\/\/motorista.com.br\/noticias\/2025\/08\/04\/uber-da-30-de-desconto-em-corridas-com-transporte-publico-integrado\/"},"author":{"name":"Equipe Reda\u00e7\u00e3o","@id":"https:\/\/motorista.com.br\/noticias\/#\/schema\/person\/dc93afc2981c0e3ce6bc3c053fd847be"},"headline":"Uber d\u00e1 30% de desconto em corridas com transporte p\u00fablico integrado.","datePublished":"2025-08-04T04:00:47+00:00","mainEntityOfPage":{"@id":"https:\/\/motorista.com.br\/noticias\/2025\/08\/04\/uber-da-30-de-desconto-em-corridas-com-transporte-publico-integrado\/"},"wordCount":418,"publisher":{"@id":"https:\/\/motorista.com.br\/noticias\/#organization"},"image":{"@id":"https:\/\/motorista.com.br\/noticias\/2025\/08\/04\/uber-da-30-de-desconto-em-corridas-com-transporte-publico-integrado\/#primaryimage"},"thumbnailUrl":"https:\/\/motorista.com.br\/noticias\/wp-content\/uploads\/2025\/08\/Uber-desconto-integracao-transporte-publico.png","articleSection":["Aplicativos","Motorista"],"inLanguage":"pt-BR"},{"@type":"WebPage","@id":"https:\/\/motorista.com.br\/noticias\/2025\/08\/04\/uber-da-30-de-desconto-em-corridas-com-transporte-publico-integrado\/","url":"https:\/\/motorista.com.br\/noticias\/2025\/08\/04\/uber-da-30-de-desconto-em-corridas-com-transporte-publico-integrado\/","name":"Uber d\u00e1 30% de desconto em corridas com transporte p\u00fablico integrado. - Motorista.com.br","isPartOf":{"@id":"https:\/\/motorista.com.br\/noticias\/#website"},"primaryImageOfPage":{"@id":"https:\/\/motorista.com.br\/noticias\/2025\/08\/04\/uber-da-30-de-desconto-em-corridas-com-transporte-publico-integrado\/#primaryimage"},"image":{"@id":"https:\/\/motorista.com.br\/noticias\/2025\/08\/04\/uber-da-30-de-desconto-em-corridas-com-transporte-publico-integrado\/#primaryimage"},"thumbnailUrl":"https:\/\/motorista.com.br\/noticias\/wp-content\/uploads\/2025\/08\/Uber-desconto-integracao-transporte-publico.png","datePublished":"2025-08-04T04:00:47+00:00","breadcrumb":{"@id":"https:\/\/motorista.com.br\/noticias\/2025\/08\/04\/uber-da-30-de-desconto-em-corridas-com-transporte-publico-integrado\/#breadcrumb"},"inLanguage":"pt-BR","potentialAction":[{"@type":"ReadAction","target":["https:\/\/motorista.com.br\/noticias\/2025\/08\/04\/uber-da-30-de-desconto-em-corridas-com-transporte-publico-integrado\/"]}]},{"@type":"ImageObject","inLanguage":"pt-BR","@id":"https:\/\/motorista.com.br\/noticias\/2025\/08\/04\/uber-da-30-de-desconto-em-corridas-com-transporte-publico-integrado\/#primaryimage","url":"https:\/\/motorista.com.br\/noticias\/wp-content\/uploads\/2025\/08\/Uber-desconto-integracao-transporte-publico.png","contentUrl":"https:\/\/motorista.com.br\/noticias\/wp-content\/uploads\/2025\/08\/Uber-desconto-integracao-transporte-publico.png","width":1220,"height":702},{"@type":"BreadcrumbList","@id":"https:\/\/motorista.com.br\/noticias\/2025\/08\/04\/uber-da-30-de-desconto-em-corridas-com-transporte-publico-integrado\/#breadcrumb","itemListElement":[{"@type":"ListItem","position":1,"name":"In\u00edcio","item":"https:\/\/motorista.com.br\/noticias\/"},{"@type":"ListItem","position":2,"name":"Uber d\u00e1 30% de desconto em corridas com transporte p\u00fablico integrado."}]},{"@type":"WebSite","@id":"https:\/\/motorista.com.br\/noticias\/#website","url":"https:\/\/motorista.com.br\/noticias\/","name":"Motorista.com.br","description":"Not\u00edcia do Motorista","publisher":{"@id":"https:\/\/motorista.com.br\/noticias\/#organization"},"potentialAction":[{"@type":"SearchAction","target":{"@type":"EntryPoint","urlTemplate":"https:\/\/motorista.com.br\/noticias\/?s={search_term_string}"},"query-input":{"@type":"PropertyValueSpecification","valueRequired":true,"valueName":"search_term_string"}}],"inLanguage":"pt-BR"},{"@type":"Organization","@id":"https:\/\/motorista.com.br\/noticias\/#organization","name":"Motorista.com.br","url":"https:\/\/motorista.com.br\/noticias\/","logo":{"@type":"ImageObject","inLanguage":"pt-BR","@id":"https:\/\/motorista.com.br\/noticias\/#\/schema\/logo\/image\/","url":"https:\/\/motorista.com.br\/noticias\/wp-content\/uploads\/2025\/06\/Design-sem-nome-9.png","contentUrl":"https:\/\/motorista.com.br\/noticias\/wp-content\/uploads\/2025\/06\/Design-sem-nome-9.png","width":150,"height":85,"caption":"Motorista.com.br"},"image":{"@id":"https:\/\/motorista.com.br\/noticias\/#\/schema\/logo\/image\/"}},{"@type":"Person","@id":"https:\/\/motorista.com.br\/noticias\/#\/schema\/person\/dc93afc2981c0e3ce6bc3c053fd847be","name":"Equipe Reda\u00e7\u00e3o","image":{"@type":"ImageObject","inLanguage":"pt-BR","@id":"https:\/\/secure.gravatar.com\/avatar\/4f525efbf18dd2bb300ccad28bfb99d95a9465a5ba268407c8c37b37e1f28d2d?s=96&d=mm&r=g9e099043a0c61e9ae27e293b9fa75ffc","url":"https:\/\/secure.gravatar.com\/avatar\/4f525efbf18dd2bb300ccad28bfb99d95a9465a5ba268407c8c37b37e1f28d2d?s=96&d=mm&r=g","contentUrl":"https:\/\/secure.gravatar.com\/avatar\/4f525efbf18dd2bb300ccad28bfb99d95a9465a5ba268407c8c37b37e1f28d2d?s=96&d=mm&r=g","caption":"Equipe Reda\u00e7\u00e3o"},"description":"Equipe de reda\u00e7\u00e3o \u00e9 um grupo de profissionais que trabalham juntos para criar conte\u00fado escrito para Motorista.com.br","url":"https:\/\/motorista.com.br\/noticias\/author\/equiperedacao\/"}]}},"_links":{"self":[{"href":"https:\/\/motorista.com.br\/noticias\/wp-json\/wp\/v2\/posts\/2421","targetHints":{"allow":["GET"]}}],"collection":[{"href":"https:\/\/motorista.com.br\/noticias\/wp-json\/wp\/v2\/posts"}],"about":[{"href":"https:\/\/motorista.com.br\/noticias\/wp-json\/wp\/v2\/types\/post"}],"author":[{"embeddable":true,"href":"https:\/\/motorista.com.br\/noticias\/wp-json\/wp\/v2\/users\/4"}],"replies":[{"embeddable":true,"href":"https:\/\/motorista.com.br\/noticias\/wp-json\/wp\/v2\/comments?post=2421"}],"version-history":[{"count":0,"href":"https:\/\/motorista.com.br\/noticias\/wp-json\/wp\/v2\/posts\/2421\/revisions"}],"wp:featuredmedia":[{"embeddable":true,"href":"https:\/\/motorista.com.br\/noticias\/wp-json\/wp\/v2\/media\/2422"}],"wp:attachment":[{"href":"https:\/\/motorista.com.br\/noticias\/wp-json\/wp\/v2\/media?parent=2421"}],"wp:term":[{"taxonomy":"category","embeddable":true,"href":"https:\/\/motorista.com.br\/noticias\/wp-json\/wp\/v2\/categories?post=2421"},{"taxonomy":"post_tag","embeddable":true,"href":"https:\/\/motorista.com.br\/noticias\/wp-json\/wp\/v2\/tags?post=2421"},{"taxonomy":"author","embeddable":true,"href":"https:\/\/motorista.com.br\/noticias\/wp-json\/wp\/v2\/coauthors?post=2421"}],"curies":[{"name":"wp","href":"https:\/\/api.w.org\/{rel}","templated":true}]}}