{"id":2418,"date":"2025-08-04T00:39:19","date_gmt":"2025-08-04T03:39:19","guid":{"rendered":"https:\/\/motorista.com.br\/noticias\/2025\/08\/04\/ata-do-copom-balanca-comercial-e-dados-da-china-agitam-a-semana\/"},"modified":"2025-08-04T00:39:19","modified_gmt":"2025-08-04T03:39:19","slug":"ata-do-copom-balanca-comercial-e-dados-da-china-agitam-a-semana","status":"publish","type":"post","link":"https:\/\/motorista.com.br\/noticias\/2025\/08\/04\/ata-do-copom-balanca-comercial-e-dados-da-china-agitam-a-semana\/","title":{"rendered":"Ata do Copom, balan\u00e7a comercial e dados da China agitam a semana."},"content":{"rendered":"<p><\/p>\n<h3>Benef\u00edcios da Agenda Econ\u00f4mica para Motoristas e Mobilidade<\/h3>\n<p>A primeira semana de agosto traz uma s\u00e9rie de dados econ\u00f4micos importantes, com potencial impacto significativo na mobilidade e no cotidiano dos motoristas. Vamos analisar como a balan\u00e7a comercial, os PMIs e a ata do Copom podem influenciar direta ou indiretamente no cen\u00e1rio para quem dirige.<\/p>\n<h4>Proje\u00e7\u00f5es Econ\u00f4micas e o Combust\u00edvel<\/h4>\n<p>Um dos pontos centrais na agenda \u00e9 a divulga\u00e7\u00e3o do Relat\u00f3rio Focus, que traz previs\u00f5es sobre a infla\u00e7\u00e3o e taxa de juros. Quando o Copom determina altera\u00e7\u00f5es na Selic, isso reflete diretamente no pre\u00e7o dos combust\u00edveis. Aumento na taxa pode levar a uma alta nos custos operacionais, afetando o pre\u00e7o da gasolina e do etanol. Para motoristas, especialmente para aqueles que dependem de transporte para trabalhar, essa varia\u00e7\u00e3o pode significar ajustes no or\u00e7amento mensal e no planejamento financeiro.<\/p>\n<h4>O Impacto da Balan\u00e7a Comercial<\/h4>\n<p>A balan\u00e7a comercial \u00e9 outro indicador fundamental. Dados positivos podem levar \u00e0 valoriza\u00e7\u00e3o da moeda nacional, o que geralmente resulta em pre\u00e7os mais est\u00e1veis para produtos importados, incluindo autom\u00f3veis e pe\u00e7as de reposi\u00e7\u00e3o. Um mercado automotivo saud\u00e1vel se traduz em mais op\u00e7\u00f5es e potenciais redu\u00e7\u00f5es nos custos de manuten\u00e7\u00e3o, favorecendo motoristas e transportadoras. Por outro lado, balan\u00e7as negativas podem acarretar instabilidade.<\/p>\n<h4>PMIs e R\u00edtmo da Atividade<\/h4>\n<p>Os PMIs (\u00cdndices de Gerentes de Compras) de servi\u00e7os tamb\u00e9m t\u00eam um papel relevante. Indicadores de atividade econ\u00f4mica mais elevados na China, Jap\u00e3o e na Europa sinalizam uma recupera\u00e7\u00e3o do com\u00e9rcio global, o que pode aumentar a demanda por transporte e, consequentemente, gerar mais oportunidades de trabalho para motoristas. Para aqueles que atuam na entrega ou transporte de passageiros, melhores condi\u00e7\u00f5es econ\u00f4micas podem resultar em maior volume de servi\u00e7os, aumentando a renda.<\/p>\n<h4>Considera\u00e7\u00f5es Finais<\/h4>\n<p>Os dados econ\u00f4micos n\u00e3o s\u00e3o apenas estat\u00edsticas; eles t\u00eam efeitos tang\u00edveis no dia a dia dos motoristas e no panorama da mobilidade. Manter-se informado sobre esses indicadores pode ser um diferencial, auxiliando motoristas a tomarem decis\u00f5es mais estrat\u00e9gicas, seja no abastecimento, na contrata\u00e7\u00e3o de servi\u00e7os de transporte ou na manuten\u00e7\u00e3o de seus ve\u00edculos.<\/p>\n<p><strong>Fonte:<\/strong> Money Times<\/p>\n","protected":false},"excerpt":{"rendered":"<p>Benef\u00edcios da Agenda Econ\u00f4mica para Motoristas e Mobilidade A primeira semana de agosto traz uma s\u00e9rie de dados econ\u00f4micos importantes, com potencial impacto significativo na mobilidade e no cotidiano dos motoristas. Vamos analisar como a balan\u00e7a comercial, os PMIs e a ata do Copom podem influenciar direta ou indiretamente no cen\u00e1rio para quem dirige. Proje\u00e7\u00f5es &hellip;<\/p>\n","protected":false},"author":4,"featured_media":1857,"comment_status":"","ping_status":"open","sticky":false,"template":"","format":"standard","meta":{"footnotes":""},"categories":[61],"tags":[],"coauthors":[42],"class_list":["post-2418","post","type-post","status-publish","format-standard","has-post-thumbnail","hentry","category-mercado-financeiro"],"yoast_head":"<!-- This site is optimized with the Yoast SEO Premium plugin v25.5 (Yoast SEO v27.4) - https:\/\/yoast.com\/product\/yoast-seo-premium-wordpress\/ -->\n<title>Ata do Copom, balan\u00e7a comercial e dados da China agitam a semana. - Motorista.com.br<\/title>\n<meta name=\"robots\" content=\"index, follow, max-snippet:-1, max-image-preview:large, max-video-preview:-1\" \/>\n<link rel=\"canonical\" href=\"https:\/\/motorista.com.br\/noticias\/2025\/08\/04\/ata-do-copom-balanca-comercial-e-dados-da-china-agitam-a-semana\/\" \/>\n<meta property=\"og:locale\" content=\"pt_BR\" \/>\n<meta property=\"og:type\" content=\"article\" \/>\n<meta property=\"og:title\" content=\"Ata do Copom, balan\u00e7a comercial e dados da China agitam a semana.\" \/>\n<meta property=\"og:description\" content=\"Benef\u00edcios da Agenda Econ\u00f4mica para Motoristas e Mobilidade A primeira semana de agosto traz uma s\u00e9rie de dados econ\u00f4micos importantes, com potencial impacto significativo na mobilidade e no cotidiano dos motoristas. Vamos analisar como a balan\u00e7a comercial, os PMIs e a ata do Copom podem influenciar direta ou indiretamente no cen\u00e1rio para quem dirige. Proje\u00e7\u00f5es &hellip;\" \/>\n<meta property=\"og:url\" content=\"https:\/\/motorista.com.br\/noticias\/2025\/08\/04\/ata-do-copom-balanca-comercial-e-dados-da-china-agitam-a-semana\/\" \/>\n<meta property=\"og:site_name\" content=\"Motorista.com.br\" \/>\n<meta property=\"article:published_time\" content=\"2025-08-04T03:39:19+00:00\" \/>\n<meta name=\"author\" content=\"Equipe Reda\u00e7\u00e3o\" \/>\n<meta name=\"twitter:card\" content=\"summary_large_image\" \/>\n<meta name=\"twitter:label1\" content=\"Escrito por\" \/>\n\t<meta name=\"twitter:data1\" content=\"Equipe Reda\u00e7\u00e3o\" \/>\n\t<meta name=\"twitter:label2\" content=\"Est. tempo de leitura\" \/>\n\t<meta name=\"twitter:data2\" content=\"2 minutos\" \/>\n\t<meta name=\"twitter:label3\" content=\"Written by\" \/>\n\t<meta name=\"twitter:data3\" content=\"Equipe Reda\u00e7\u00e3o\" \/>\n<script type=\"application\/ld+json\" class=\"yoast-schema-graph\">{\"@context\":\"https:\\\/\\\/schema.org\",\"@graph\":[{\"@type\":\"Article\",\"@id\":\"https:\\\/\\\/motorista.com.br\\\/noticias\\\/2025\\\/08\\\/04\\\/ata-do-copom-balanca-comercial-e-dados-da-china-agitam-a-semana\\\/#article\",\"isPartOf\":{\"@id\":\"https:\\\/\\\/motorista.com.br\\\/noticias\\\/2025\\\/08\\\/04\\\/ata-do-copom-balanca-comercial-e-dados-da-china-agitam-a-semana\\\/\"},\"author\":{\"name\":\"Equipe Reda\u00e7\u00e3o\",\"@id\":\"https:\\\/\\\/motorista.com.br\\\/noticias\\\/#\\\/schema\\\/person\\\/dc93afc2981c0e3ce6bc3c053fd847be\"},\"headline\":\"Ata do Copom, balan\u00e7a comercial e dados da China agitam a semana.\",\"datePublished\":\"2025-08-04T03:39:19+00:00\",\"mainEntityOfPage\":{\"@id\":\"https:\\\/\\\/motorista.com.br\\\/noticias\\\/2025\\\/08\\\/04\\\/ata-do-copom-balanca-comercial-e-dados-da-china-agitam-a-semana\\\/\"},\"wordCount\":404,\"publisher\":{\"@id\":\"https:\\\/\\\/motorista.com.br\\\/noticias\\\/#organization\"},\"image\":{\"@id\":\"https:\\\/\\\/motorista.com.br\\\/noticias\\\/2025\\\/08\\\/04\\\/ata-do-copom-balanca-comercial-e-dados-da-china-agitam-a-semana\\\/#primaryimage\"},\"thumbnailUrl\":\"https:\\\/\\\/motorista.com.br\\\/noticias\\\/wp-content\\\/uploads\\\/2025\\\/07\\\/agenda-indicadores-mercados.jpg\",\"articleSection\":[\"Mercado Financeiro\"],\"inLanguage\":\"pt-BR\"},{\"@type\":\"WebPage\",\"@id\":\"https:\\\/\\\/motorista.com.br\\\/noticias\\\/2025\\\/08\\\/04\\\/ata-do-copom-balanca-comercial-e-dados-da-china-agitam-a-semana\\\/\",\"url\":\"https:\\\/\\\/motorista.com.br\\\/noticias\\\/2025\\\/08\\\/04\\\/ata-do-copom-balanca-comercial-e-dados-da-china-agitam-a-semana\\\/\",\"name\":\"Ata do Copom, balan\u00e7a comercial e dados da China agitam a semana. - Motorista.com.br\",\"isPartOf\":{\"@id\":\"https:\\\/\\\/motorista.com.br\\\/noticias\\\/#website\"},\"primaryImageOfPage\":{\"@id\":\"https:\\\/\\\/motorista.com.br\\\/noticias\\\/2025\\\/08\\\/04\\\/ata-do-copom-balanca-comercial-e-dados-da-china-agitam-a-semana\\\/#primaryimage\"},\"image\":{\"@id\":\"https:\\\/\\\/motorista.com.br\\\/noticias\\\/2025\\\/08\\\/04\\\/ata-do-copom-balanca-comercial-e-dados-da-china-agitam-a-semana\\\/#primaryimage\"},\"thumbnailUrl\":\"https:\\\/\\\/motorista.com.br\\\/noticias\\\/wp-content\\\/uploads\\\/2025\\\/07\\\/agenda-indicadores-mercados.jpg\",\"datePublished\":\"2025-08-04T03:39:19+00:00\",\"breadcrumb\":{\"@id\":\"https:\\\/\\\/motorista.com.br\\\/noticias\\\/2025\\\/08\\\/04\\\/ata-do-copom-balanca-comercial-e-dados-da-china-agitam-a-semana\\\/#breadcrumb\"},\"inLanguage\":\"pt-BR\",\"potentialAction\":[{\"@type\":\"ReadAction\",\"target\":[\"https:\\\/\\\/motorista.com.br\\\/noticias\\\/2025\\\/08\\\/04\\\/ata-do-copom-balanca-comercial-e-dados-da-china-agitam-a-semana\\\/\"]}]},{\"@type\":\"ImageObject\",\"inLanguage\":\"pt-BR\",\"@id\":\"https:\\\/\\\/motorista.com.br\\\/noticias\\\/2025\\\/08\\\/04\\\/ata-do-copom-balanca-comercial-e-dados-da-china-agitam-a-semana\\\/#primaryimage\",\"url\":\"https:\\\/\\\/motorista.com.br\\\/noticias\\\/wp-content\\\/uploads\\\/2025\\\/07\\\/agenda-indicadores-mercados.jpg\",\"contentUrl\":\"https:\\\/\\\/motorista.com.br\\\/noticias\\\/wp-content\\\/uploads\\\/2025\\\/07\\\/agenda-indicadores-mercados.jpg\",\"width\":1280,\"height\":680},{\"@type\":\"BreadcrumbList\",\"@id\":\"https:\\\/\\\/motorista.com.br\\\/noticias\\\/2025\\\/08\\\/04\\\/ata-do-copom-balanca-comercial-e-dados-da-china-agitam-a-semana\\\/#breadcrumb\",\"itemListElement\":[{\"@type\":\"ListItem\",\"position\":1,\"name\":\"In\u00edcio\",\"item\":\"https:\\\/\\\/motorista.com.br\\\/noticias\\\/\"},{\"@type\":\"ListItem\",\"position\":2,\"name\":\"Ata do Copom, balan\u00e7a comercial e dados da China agitam a semana.\"}]},{\"@type\":\"WebSite\",\"@id\":\"https:\\\/\\\/motorista.com.br\\\/noticias\\\/#website\",\"url\":\"https:\\\/\\\/motorista.com.br\\\/noticias\\\/\",\"name\":\"Motorista.com.br\",\"description\":\"Not\u00edcia do Motorista\",\"publisher\":{\"@id\":\"https:\\\/\\\/motorista.com.br\\\/noticias\\\/#organization\"},\"potentialAction\":[{\"@type\":\"SearchAction\",\"target\":{\"@type\":\"EntryPoint\",\"urlTemplate\":\"https:\\\/\\\/motorista.com.br\\\/noticias\\\/?s={search_term_string}\"},\"query-input\":{\"@type\":\"PropertyValueSpecification\",\"valueRequired\":true,\"valueName\":\"search_term_string\"}}],\"inLanguage\":\"pt-BR\"},{\"@type\":\"Organization\",\"@id\":\"https:\\\/\\\/motorista.com.br\\\/noticias\\\/#organization\",\"name\":\"Motorista.com.br\",\"url\":\"https:\\\/\\\/motorista.com.br\\\/noticias\\\/\",\"logo\":{\"@type\":\"ImageObject\",\"inLanguage\":\"pt-BR\",\"@id\":\"https:\\\/\\\/motorista.com.br\\\/noticias\\\/#\\\/schema\\\/logo\\\/image\\\/\",\"url\":\"https:\\\/\\\/motorista.com.br\\\/noticias\\\/wp-content\\\/uploads\\\/2025\\\/06\\\/Design-sem-nome-9.png\",\"contentUrl\":\"https:\\\/\\\/motorista.com.br\\\/noticias\\\/wp-content\\\/uploads\\\/2025\\\/06\\\/Design-sem-nome-9.png\",\"width\":150,\"height\":85,\"caption\":\"Motorista.com.br\"},\"image\":{\"@id\":\"https:\\\/\\\/motorista.com.br\\\/noticias\\\/#\\\/schema\\\/logo\\\/image\\\/\"}},{\"@type\":\"Person\",\"@id\":\"https:\\\/\\\/motorista.com.br\\\/noticias\\\/#\\\/schema\\\/person\\\/dc93afc2981c0e3ce6bc3c053fd847be\",\"name\":\"Equipe Reda\u00e7\u00e3o\",\"image\":{\"@type\":\"ImageObject\",\"inLanguage\":\"pt-BR\",\"@id\":\"https:\\\/\\\/secure.gravatar.com\\\/avatar\\\/4f525efbf18dd2bb300ccad28bfb99d95a9465a5ba268407c8c37b37e1f28d2d?s=96&d=mm&r=g9e099043a0c61e9ae27e293b9fa75ffc\",\"url\":\"https:\\\/\\\/secure.gravatar.com\\\/avatar\\\/4f525efbf18dd2bb300ccad28bfb99d95a9465a5ba268407c8c37b37e1f28d2d?s=96&d=mm&r=g\",\"contentUrl\":\"https:\\\/\\\/secure.gravatar.com\\\/avatar\\\/4f525efbf18dd2bb300ccad28bfb99d95a9465a5ba268407c8c37b37e1f28d2d?s=96&d=mm&r=g\",\"caption\":\"Equipe Reda\u00e7\u00e3o\"},\"description\":\"Equipe de reda\u00e7\u00e3o \u00e9 um grupo de profissionais que trabalham juntos para criar conte\u00fado escrito para Motorista.com.br\",\"url\":\"https:\\\/\\\/motorista.com.br\\\/noticias\\\/author\\\/equiperedacao\\\/\"}]}<\/script>\n<!-- \/ Yoast SEO Premium plugin. -->","yoast_head_json":{"title":"Ata do Copom, balan\u00e7a comercial e dados da China agitam a semana. - Motorista.com.br","robots":{"index":"index","follow":"follow","max-snippet":"max-snippet:-1","max-image-preview":"max-image-preview:large","max-video-preview":"max-video-preview:-1"},"canonical":"https:\/\/motorista.com.br\/noticias\/2025\/08\/04\/ata-do-copom-balanca-comercial-e-dados-da-china-agitam-a-semana\/","og_locale":"pt_BR","og_type":"article","og_title":"Ata do Copom, balan\u00e7a comercial e dados da China agitam a semana.","og_description":"Benef\u00edcios da Agenda Econ\u00f4mica para Motoristas e Mobilidade A primeira semana de agosto traz uma s\u00e9rie de dados econ\u00f4micos importantes, com potencial impacto significativo na mobilidade e no cotidiano dos motoristas. Vamos analisar como a balan\u00e7a comercial, os PMIs e a ata do Copom podem influenciar direta ou indiretamente no cen\u00e1rio para quem dirige. Proje\u00e7\u00f5es &hellip;","og_url":"https:\/\/motorista.com.br\/noticias\/2025\/08\/04\/ata-do-copom-balanca-comercial-e-dados-da-china-agitam-a-semana\/","og_site_name":"Motorista.com.br","article_published_time":"2025-08-04T03:39:19+00:00","author":"Equipe Reda\u00e7\u00e3o","twitter_card":"summary_large_image","twitter_misc":{"Escrito por":"Equipe Reda\u00e7\u00e3o","Est. tempo de leitura":"2 minutos","Written by":"Equipe Reda\u00e7\u00e3o"},"schema":{"@context":"https:\/\/schema.org","@graph":[{"@type":"Article","@id":"https:\/\/motorista.com.br\/noticias\/2025\/08\/04\/ata-do-copom-balanca-comercial-e-dados-da-china-agitam-a-semana\/#article","isPartOf":{"@id":"https:\/\/motorista.com.br\/noticias\/2025\/08\/04\/ata-do-copom-balanca-comercial-e-dados-da-china-agitam-a-semana\/"},"author":{"name":"Equipe Reda\u00e7\u00e3o","@id":"https:\/\/motorista.com.br\/noticias\/#\/schema\/person\/dc93afc2981c0e3ce6bc3c053fd847be"},"headline":"Ata do Copom, balan\u00e7a comercial e dados da China agitam a semana.","datePublished":"2025-08-04T03:39:19+00:00","mainEntityOfPage":{"@id":"https:\/\/motorista.com.br\/noticias\/2025\/08\/04\/ata-do-copom-balanca-comercial-e-dados-da-china-agitam-a-semana\/"},"wordCount":404,"publisher":{"@id":"https:\/\/motorista.com.br\/noticias\/#organization"},"image":{"@id":"https:\/\/motorista.com.br\/noticias\/2025\/08\/04\/ata-do-copom-balanca-comercial-e-dados-da-china-agitam-a-semana\/#primaryimage"},"thumbnailUrl":"https:\/\/motorista.com.br\/noticias\/wp-content\/uploads\/2025\/07\/agenda-indicadores-mercados.jpg","articleSection":["Mercado Financeiro"],"inLanguage":"pt-BR"},{"@type":"WebPage","@id":"https:\/\/motorista.com.br\/noticias\/2025\/08\/04\/ata-do-copom-balanca-comercial-e-dados-da-china-agitam-a-semana\/","url":"https:\/\/motorista.com.br\/noticias\/2025\/08\/04\/ata-do-copom-balanca-comercial-e-dados-da-china-agitam-a-semana\/","name":"Ata do Copom, balan\u00e7a comercial e dados da China agitam a semana. - Motorista.com.br","isPartOf":{"@id":"https:\/\/motorista.com.br\/noticias\/#website"},"primaryImageOfPage":{"@id":"https:\/\/motorista.com.br\/noticias\/2025\/08\/04\/ata-do-copom-balanca-comercial-e-dados-da-china-agitam-a-semana\/#primaryimage"},"image":{"@id":"https:\/\/motorista.com.br\/noticias\/2025\/08\/04\/ata-do-copom-balanca-comercial-e-dados-da-china-agitam-a-semana\/#primaryimage"},"thumbnailUrl":"https:\/\/motorista.com.br\/noticias\/wp-content\/uploads\/2025\/07\/agenda-indicadores-mercados.jpg","datePublished":"2025-08-04T03:39:19+00:00","breadcrumb":{"@id":"https:\/\/motorista.com.br\/noticias\/2025\/08\/04\/ata-do-copom-balanca-comercial-e-dados-da-china-agitam-a-semana\/#breadcrumb"},"inLanguage":"pt-BR","potentialAction":[{"@type":"ReadAction","target":["https:\/\/motorista.com.br\/noticias\/2025\/08\/04\/ata-do-copom-balanca-comercial-e-dados-da-china-agitam-a-semana\/"]}]},{"@type":"ImageObject","inLanguage":"pt-BR","@id":"https:\/\/motorista.com.br\/noticias\/2025\/08\/04\/ata-do-copom-balanca-comercial-e-dados-da-china-agitam-a-semana\/#primaryimage","url":"https:\/\/motorista.com.br\/noticias\/wp-content\/uploads\/2025\/07\/agenda-indicadores-mercados.jpg","contentUrl":"https:\/\/motorista.com.br\/noticias\/wp-content\/uploads\/2025\/07\/agenda-indicadores-mercados.jpg","width":1280,"height":680},{"@type":"BreadcrumbList","@id":"https:\/\/motorista.com.br\/noticias\/2025\/08\/04\/ata-do-copom-balanca-comercial-e-dados-da-china-agitam-a-semana\/#breadcrumb","itemListElement":[{"@type":"ListItem","position":1,"name":"In\u00edcio","item":"https:\/\/motorista.com.br\/noticias\/"},{"@type":"ListItem","position":2,"name":"Ata do Copom, balan\u00e7a comercial e dados da China agitam a semana."}]},{"@type":"WebSite","@id":"https:\/\/motorista.com.br\/noticias\/#website","url":"https:\/\/motorista.com.br\/noticias\/","name":"Motorista.com.br","description":"Not\u00edcia do Motorista","publisher":{"@id":"https:\/\/motorista.com.br\/noticias\/#organization"},"potentialAction":[{"@type":"SearchAction","target":{"@type":"EntryPoint","urlTemplate":"https:\/\/motorista.com.br\/noticias\/?s={search_term_string}"},"query-input":{"@type":"PropertyValueSpecification","valueRequired":true,"valueName":"search_term_string"}}],"inLanguage":"pt-BR"},{"@type":"Organization","@id":"https:\/\/motorista.com.br\/noticias\/#organization","name":"Motorista.com.br","url":"https:\/\/motorista.com.br\/noticias\/","logo":{"@type":"ImageObject","inLanguage":"pt-BR","@id":"https:\/\/motorista.com.br\/noticias\/#\/schema\/logo\/image\/","url":"https:\/\/motorista.com.br\/noticias\/wp-content\/uploads\/2025\/06\/Design-sem-nome-9.png","contentUrl":"https:\/\/motorista.com.br\/noticias\/wp-content\/uploads\/2025\/06\/Design-sem-nome-9.png","width":150,"height":85,"caption":"Motorista.com.br"},"image":{"@id":"https:\/\/motorista.com.br\/noticias\/#\/schema\/logo\/image\/"}},{"@type":"Person","@id":"https:\/\/motorista.com.br\/noticias\/#\/schema\/person\/dc93afc2981c0e3ce6bc3c053fd847be","name":"Equipe Reda\u00e7\u00e3o","image":{"@type":"ImageObject","inLanguage":"pt-BR","@id":"https:\/\/secure.gravatar.com\/avatar\/4f525efbf18dd2bb300ccad28bfb99d95a9465a5ba268407c8c37b37e1f28d2d?s=96&d=mm&r=g9e099043a0c61e9ae27e293b9fa75ffc","url":"https:\/\/secure.gravatar.com\/avatar\/4f525efbf18dd2bb300ccad28bfb99d95a9465a5ba268407c8c37b37e1f28d2d?s=96&d=mm&r=g","contentUrl":"https:\/\/secure.gravatar.com\/avatar\/4f525efbf18dd2bb300ccad28bfb99d95a9465a5ba268407c8c37b37e1f28d2d?s=96&d=mm&r=g","caption":"Equipe Reda\u00e7\u00e3o"},"description":"Equipe de reda\u00e7\u00e3o \u00e9 um grupo de profissionais que trabalham juntos para criar conte\u00fado escrito para Motorista.com.br","url":"https:\/\/motorista.com.br\/noticias\/author\/equiperedacao\/"}]}},"_links":{"self":[{"href":"https:\/\/motorista.com.br\/noticias\/wp-json\/wp\/v2\/posts\/2418","targetHints":{"allow":["GET"]}}],"collection":[{"href":"https:\/\/motorista.com.br\/noticias\/wp-json\/wp\/v2\/posts"}],"about":[{"href":"https:\/\/motorista.com.br\/noticias\/wp-json\/wp\/v2\/types\/post"}],"author":[{"embeddable":true,"href":"https:\/\/motorista.com.br\/noticias\/wp-json\/wp\/v2\/users\/4"}],"replies":[{"embeddable":true,"href":"https:\/\/motorista.com.br\/noticias\/wp-json\/wp\/v2\/comments?post=2418"}],"version-history":[{"count":0,"href":"https:\/\/motorista.com.br\/noticias\/wp-json\/wp\/v2\/posts\/2418\/revisions"}],"wp:featuredmedia":[{"embeddable":true,"href":"https:\/\/motorista.com.br\/noticias\/wp-json\/wp\/v2\/media\/1857"}],"wp:attachment":[{"href":"https:\/\/motorista.com.br\/noticias\/wp-json\/wp\/v2\/media?parent=2418"}],"wp:term":[{"taxonomy":"category","embeddable":true,"href":"https:\/\/motorista.com.br\/noticias\/wp-json\/wp\/v2\/categories?post=2418"},{"taxonomy":"post_tag","embeddable":true,"href":"https:\/\/motorista.com.br\/noticias\/wp-json\/wp\/v2\/tags?post=2418"},{"taxonomy":"author","embeddable":true,"href":"https:\/\/motorista.com.br\/noticias\/wp-json\/wp\/v2\/coauthors?post=2418"}],"curies":[{"name":"wp","href":"https:\/\/api.w.org\/{rel}","templated":true}]}}