{"id":2416,"date":"2025-08-04T00:15:53","date_gmt":"2025-08-04T03:15:53","guid":{"rendered":"https:\/\/motorista.com.br\/noticias\/2025\/08\/04\/projeto-sobre-isencao-de-dupla-tributacao-para-caminhoneiros-aguarda-no-senado\/"},"modified":"2025-08-04T00:15:53","modified_gmt":"2025-08-04T03:15:53","slug":"projeto-sobre-isencao-de-dupla-tributacao-para-caminhoneiros-aguarda-no-senado","status":"publish","type":"post","link":"https:\/\/motorista.com.br\/noticias\/2025\/08\/04\/projeto-sobre-isencao-de-dupla-tributacao-para-caminhoneiros-aguarda-no-senado\/","title":{"rendered":"Projeto sobre isen\u00e7\u00e3o de dupla tributa\u00e7\u00e3o para caminhoneiros aguarda no Senado."},"content":{"rendered":"<p><\/p>\n<p><strong>Proposta contra dupla tributa\u00e7\u00e3o a caminhoneiros est\u00e1 parada no Senado<\/strong><\/p>\n<p>O projeto de lei que busca proteger caminhoneiros aut\u00f4nomos de uma poss\u00edvel forma de dupla tributa\u00e7\u00e3o est\u00e1 h\u00e1 mais de um ano e meio sem avan\u00e7os no Senado. Proposto pelo senador Lucas Barreto (PSD-AP), o PL 1205\/2022 aguarda vota\u00e7\u00e3o na Comiss\u00e3o de Assuntos Econ\u00f4micos (CAE), sob a relatoria do senador Weverton (PDT-MA).<\/p>\n<p>Apresentada em maio de 2022, a proposta chegou \u00e0 CAE apenas em maio de 2023. Embora um relator tenha sido designado em novembro do mesmo ano, o projeto continua sem movimenta\u00e7\u00e3o. Caso obtivesse aprova\u00e7\u00e3o na CAE, ainda precisaria passar pela Comiss\u00e3o de Infraestrutura (CI) para seguir adiante, podendo ent\u00e3o ir \u00e0 C\u00e2mara dos Deputados, a menos que haja requerimento para vota\u00e7\u00e3o em plen\u00e1rio.<\/p>\n<p><strong>Dupla tributa\u00e7\u00e3o<\/strong><\/p>\n<p>O texto prop\u00f5e que o custo do combust\u00edvel utilizado pelos Transportadores Aut\u00f4nomos de Cargas (TACs) seja tratado como uma despesa ressarc\u00edvel, em vez de ser inclu\u00eddo integralmente no valor do frete. Isso significa que o combust\u00edvel seria pago separadamente pelo contratante do servi\u00e7o.<\/p>\n<p>Atualmente, os caminhoneiros pagam impostos sobre todo o valor do frete, incluindo uma parte apenas destinada ao combust\u00edvel. Essa situa\u00e7\u00e3o caracteriza uma dupla tributa\u00e7\u00e3o, pois o caminhoneiro j\u00e1 paga impostos ao adquirir o combust\u00edvel e, posteriormente, paga novamente sobre o valor que recebe pelo transporte.<\/p>\n<p>Ao estabelecer que o reembolso do diesel seja considerado uma despesa separada, a proposta busca evitar que esse custo seja tributado como se fosse lucro ou receita. A Ag\u00eancia Nacional de Transportes Terrestres (ANTT) seria respons\u00e1vel por fixar um valor de refer\u00eancia mensal para o litro do diesel, que poderia ser escolhido pelo caminhoneiro ou substitu\u00eddo pela apresenta\u00e7\u00e3o de nota fiscal de abastecimento.<\/p>\n<p>A proposta tem o intuito de equilibrar a rela\u00e7\u00e3o entre aut\u00f4nomos e grandes transportadoras, que, conforme o projeto, t\u00eam maior poder de barganha alavancado em negocia\u00e7\u00f5es com embarcadores. Essa medida tamb\u00e9m \u00e9 uma tentativa de prevenir distor\u00e7\u00f5es econ\u00f4micas similares \u00e0s que levaram \u00e0 greve dos caminhoneiros de 2018, que foi em parte impulsionada por reajustes frequentes e imprevis\u00edveis nos pre\u00e7os dos combust\u00edveis.<\/p>\n<p>A urg\u00eancia desta mat\u00e9ria \u00e9 enfatizada pelo autor do projeto, que argumenta sobre a necessidade de garantir a sa\u00fade financeira dos aut\u00f4nomos e de impedir a concentra\u00e7\u00e3o de mercado, que tem impacto negativo sobre a economia e o cotidiano da popula\u00e7\u00e3o. <\/p>\n<p>A aprova\u00e7\u00e3o desse projeto pode n\u00e3o apenas beneficiar os caminhoneiros, mas tamb\u00e9m promover uma mobilidade mais sustent\u00e1vel e eficiente, levando a uma redu\u00e7\u00e3o nos custos operacionais e, consequentemente, em tarifas de transporte, o que \u00e9 essencial para o desenvolvimento do setor log\u00edstico como um todo.<\/p>\n<p><strong>Fonte: IBL &#8211; Instituto Brasil Log\u00edstica<\/strong><\/p>\n","protected":false},"excerpt":{"rendered":"<p>Proposta contra dupla tributa\u00e7\u00e3o a caminhoneiros est\u00e1 parada no Senado O projeto de lei que busca proteger caminhoneiros aut\u00f4nomos de uma poss\u00edvel forma de dupla tributa\u00e7\u00e3o est\u00e1 h\u00e1 mais de um ano e meio sem avan\u00e7os no Senado. Proposto pelo senador Lucas Barreto (PSD-AP), o PL 1205\/2022 aguarda vota\u00e7\u00e3o na Comiss\u00e3o de Assuntos Econ\u00f4micos (CAE), &hellip;<\/p>\n","protected":false},"author":4,"featured_media":2417,"comment_status":"","ping_status":"open","sticky":false,"template":"","format":"standard","meta":{"footnotes":""},"categories":[77],"tags":[],"coauthors":[42],"class_list":["post-2416","post","type-post","status-publish","format-standard","has-post-thumbnail","hentry","category-motorista"],"yoast_head":"<!-- This site is optimized with the Yoast SEO Premium plugin v25.5 (Yoast SEO v27.4) - https:\/\/yoast.com\/product\/yoast-seo-premium-wordpress\/ -->\n<title>Projeto sobre isen\u00e7\u00e3o de dupla tributa\u00e7\u00e3o para caminhoneiros aguarda no Senado. - Motorista.com.br<\/title>\n<meta name=\"robots\" content=\"index, follow, max-snippet:-1, max-image-preview:large, max-video-preview:-1\" \/>\n<link rel=\"canonical\" href=\"https:\/\/motorista.com.br\/noticias\/2025\/08\/04\/projeto-sobre-isencao-de-dupla-tributacao-para-caminhoneiros-aguarda-no-senado\/\" \/>\n<meta property=\"og:locale\" content=\"pt_BR\" \/>\n<meta property=\"og:type\" content=\"article\" \/>\n<meta property=\"og:title\" content=\"Projeto sobre isen\u00e7\u00e3o de dupla tributa\u00e7\u00e3o para caminhoneiros aguarda no Senado.\" \/>\n<meta property=\"og:description\" content=\"Proposta contra dupla tributa\u00e7\u00e3o a caminhoneiros est\u00e1 parada no Senado O projeto de lei que busca proteger caminhoneiros aut\u00f4nomos de uma poss\u00edvel forma de dupla tributa\u00e7\u00e3o est\u00e1 h\u00e1 mais de um ano e meio sem avan\u00e7os no Senado. Proposto pelo senador Lucas Barreto (PSD-AP), o PL 1205\/2022 aguarda vota\u00e7\u00e3o na Comiss\u00e3o de Assuntos Econ\u00f4micos (CAE), &hellip;\" \/>\n<meta property=\"og:url\" content=\"https:\/\/motorista.com.br\/noticias\/2025\/08\/04\/projeto-sobre-isencao-de-dupla-tributacao-para-caminhoneiros-aguarda-no-senado\/\" \/>\n<meta property=\"og:site_name\" content=\"Motorista.com.br\" \/>\n<meta property=\"article:published_time\" content=\"2025-08-04T03:15:53+00:00\" \/>\n<meta name=\"author\" content=\"Equipe Reda\u00e7\u00e3o\" \/>\n<meta name=\"twitter:card\" content=\"summary_large_image\" \/>\n<meta name=\"twitter:label1\" content=\"Escrito por\" \/>\n\t<meta name=\"twitter:data1\" content=\"Equipe Reda\u00e7\u00e3o\" \/>\n\t<meta name=\"twitter:label2\" content=\"Est. tempo de leitura\" \/>\n\t<meta name=\"twitter:data2\" content=\"2 minutos\" \/>\n\t<meta name=\"twitter:label3\" content=\"Written by\" \/>\n\t<meta name=\"twitter:data3\" content=\"Equipe Reda\u00e7\u00e3o\" \/>\n<script type=\"application\/ld+json\" class=\"yoast-schema-graph\">{\"@context\":\"https:\\\/\\\/schema.org\",\"@graph\":[{\"@type\":\"Article\",\"@id\":\"https:\\\/\\\/motorista.com.br\\\/noticias\\\/2025\\\/08\\\/04\\\/projeto-sobre-isencao-de-dupla-tributacao-para-caminhoneiros-aguarda-no-senado\\\/#article\",\"isPartOf\":{\"@id\":\"https:\\\/\\\/motorista.com.br\\\/noticias\\\/2025\\\/08\\\/04\\\/projeto-sobre-isencao-de-dupla-tributacao-para-caminhoneiros-aguarda-no-senado\\\/\"},\"author\":{\"name\":\"Equipe Reda\u00e7\u00e3o\",\"@id\":\"https:\\\/\\\/motorista.com.br\\\/noticias\\\/#\\\/schema\\\/person\\\/dc93afc2981c0e3ce6bc3c053fd847be\"},\"headline\":\"Projeto sobre isen\u00e7\u00e3o de dupla tributa\u00e7\u00e3o para caminhoneiros aguarda no Senado.\",\"datePublished\":\"2025-08-04T03:15:53+00:00\",\"mainEntityOfPage\":{\"@id\":\"https:\\\/\\\/motorista.com.br\\\/noticias\\\/2025\\\/08\\\/04\\\/projeto-sobre-isencao-de-dupla-tributacao-para-caminhoneiros-aguarda-no-senado\\\/\"},\"wordCount\":490,\"publisher\":{\"@id\":\"https:\\\/\\\/motorista.com.br\\\/noticias\\\/#organization\"},\"image\":{\"@id\":\"https:\\\/\\\/motorista.com.br\\\/noticias\\\/2025\\\/08\\\/04\\\/projeto-sobre-isencao-de-dupla-tributacao-para-caminhoneiros-aguarda-no-senado\\\/#primaryimage\"},\"thumbnailUrl\":\"https:\\\/\\\/motorista.com.br\\\/noticias\\\/wp-content\\\/uploads\\\/2025\\\/08\\\/caminhoneiros.jpg\",\"articleSection\":[\"Motorista\"],\"inLanguage\":\"pt-BR\"},{\"@type\":\"WebPage\",\"@id\":\"https:\\\/\\\/motorista.com.br\\\/noticias\\\/2025\\\/08\\\/04\\\/projeto-sobre-isencao-de-dupla-tributacao-para-caminhoneiros-aguarda-no-senado\\\/\",\"url\":\"https:\\\/\\\/motorista.com.br\\\/noticias\\\/2025\\\/08\\\/04\\\/projeto-sobre-isencao-de-dupla-tributacao-para-caminhoneiros-aguarda-no-senado\\\/\",\"name\":\"Projeto sobre isen\u00e7\u00e3o de dupla tributa\u00e7\u00e3o para caminhoneiros aguarda no Senado. - Motorista.com.br\",\"isPartOf\":{\"@id\":\"https:\\\/\\\/motorista.com.br\\\/noticias\\\/#website\"},\"primaryImageOfPage\":{\"@id\":\"https:\\\/\\\/motorista.com.br\\\/noticias\\\/2025\\\/08\\\/04\\\/projeto-sobre-isencao-de-dupla-tributacao-para-caminhoneiros-aguarda-no-senado\\\/#primaryimage\"},\"image\":{\"@id\":\"https:\\\/\\\/motorista.com.br\\\/noticias\\\/2025\\\/08\\\/04\\\/projeto-sobre-isencao-de-dupla-tributacao-para-caminhoneiros-aguarda-no-senado\\\/#primaryimage\"},\"thumbnailUrl\":\"https:\\\/\\\/motorista.com.br\\\/noticias\\\/wp-content\\\/uploads\\\/2025\\\/08\\\/caminhoneiros.jpg\",\"datePublished\":\"2025-08-04T03:15:53+00:00\",\"breadcrumb\":{\"@id\":\"https:\\\/\\\/motorista.com.br\\\/noticias\\\/2025\\\/08\\\/04\\\/projeto-sobre-isencao-de-dupla-tributacao-para-caminhoneiros-aguarda-no-senado\\\/#breadcrumb\"},\"inLanguage\":\"pt-BR\",\"potentialAction\":[{\"@type\":\"ReadAction\",\"target\":[\"https:\\\/\\\/motorista.com.br\\\/noticias\\\/2025\\\/08\\\/04\\\/projeto-sobre-isencao-de-dupla-tributacao-para-caminhoneiros-aguarda-no-senado\\\/\"]}]},{\"@type\":\"ImageObject\",\"inLanguage\":\"pt-BR\",\"@id\":\"https:\\\/\\\/motorista.com.br\\\/noticias\\\/2025\\\/08\\\/04\\\/projeto-sobre-isencao-de-dupla-tributacao-para-caminhoneiros-aguarda-no-senado\\\/#primaryimage\",\"url\":\"https:\\\/\\\/motorista.com.br\\\/noticias\\\/wp-content\\\/uploads\\\/2025\\\/08\\\/caminhoneiros.jpg\",\"contentUrl\":\"https:\\\/\\\/motorista.com.br\\\/noticias\\\/wp-content\\\/uploads\\\/2025\\\/08\\\/caminhoneiros.jpg\",\"width\":1400,\"height\":460},{\"@type\":\"BreadcrumbList\",\"@id\":\"https:\\\/\\\/motorista.com.br\\\/noticias\\\/2025\\\/08\\\/04\\\/projeto-sobre-isencao-de-dupla-tributacao-para-caminhoneiros-aguarda-no-senado\\\/#breadcrumb\",\"itemListElement\":[{\"@type\":\"ListItem\",\"position\":1,\"name\":\"In\u00edcio\",\"item\":\"https:\\\/\\\/motorista.com.br\\\/noticias\\\/\"},{\"@type\":\"ListItem\",\"position\":2,\"name\":\"Projeto sobre isen\u00e7\u00e3o de dupla tributa\u00e7\u00e3o para caminhoneiros aguarda no Senado.\"}]},{\"@type\":\"WebSite\",\"@id\":\"https:\\\/\\\/motorista.com.br\\\/noticias\\\/#website\",\"url\":\"https:\\\/\\\/motorista.com.br\\\/noticias\\\/\",\"name\":\"Motorista.com.br\",\"description\":\"Not\u00edcia do Motorista\",\"publisher\":{\"@id\":\"https:\\\/\\\/motorista.com.br\\\/noticias\\\/#organization\"},\"potentialAction\":[{\"@type\":\"SearchAction\",\"target\":{\"@type\":\"EntryPoint\",\"urlTemplate\":\"https:\\\/\\\/motorista.com.br\\\/noticias\\\/?s={search_term_string}\"},\"query-input\":{\"@type\":\"PropertyValueSpecification\",\"valueRequired\":true,\"valueName\":\"search_term_string\"}}],\"inLanguage\":\"pt-BR\"},{\"@type\":\"Organization\",\"@id\":\"https:\\\/\\\/motorista.com.br\\\/noticias\\\/#organization\",\"name\":\"Motorista.com.br\",\"url\":\"https:\\\/\\\/motorista.com.br\\\/noticias\\\/\",\"logo\":{\"@type\":\"ImageObject\",\"inLanguage\":\"pt-BR\",\"@id\":\"https:\\\/\\\/motorista.com.br\\\/noticias\\\/#\\\/schema\\\/logo\\\/image\\\/\",\"url\":\"https:\\\/\\\/motorista.com.br\\\/noticias\\\/wp-content\\\/uploads\\\/2025\\\/06\\\/Design-sem-nome-9.png\",\"contentUrl\":\"https:\\\/\\\/motorista.com.br\\\/noticias\\\/wp-content\\\/uploads\\\/2025\\\/06\\\/Design-sem-nome-9.png\",\"width\":150,\"height\":85,\"caption\":\"Motorista.com.br\"},\"image\":{\"@id\":\"https:\\\/\\\/motorista.com.br\\\/noticias\\\/#\\\/schema\\\/logo\\\/image\\\/\"}},{\"@type\":\"Person\",\"@id\":\"https:\\\/\\\/motorista.com.br\\\/noticias\\\/#\\\/schema\\\/person\\\/dc93afc2981c0e3ce6bc3c053fd847be\",\"name\":\"Equipe Reda\u00e7\u00e3o\",\"image\":{\"@type\":\"ImageObject\",\"inLanguage\":\"pt-BR\",\"@id\":\"https:\\\/\\\/secure.gravatar.com\\\/avatar\\\/4f525efbf18dd2bb300ccad28bfb99d95a9465a5ba268407c8c37b37e1f28d2d?s=96&d=mm&r=g9e099043a0c61e9ae27e293b9fa75ffc\",\"url\":\"https:\\\/\\\/secure.gravatar.com\\\/avatar\\\/4f525efbf18dd2bb300ccad28bfb99d95a9465a5ba268407c8c37b37e1f28d2d?s=96&d=mm&r=g\",\"contentUrl\":\"https:\\\/\\\/secure.gravatar.com\\\/avatar\\\/4f525efbf18dd2bb300ccad28bfb99d95a9465a5ba268407c8c37b37e1f28d2d?s=96&d=mm&r=g\",\"caption\":\"Equipe Reda\u00e7\u00e3o\"},\"description\":\"Equipe de reda\u00e7\u00e3o \u00e9 um grupo de profissionais que trabalham juntos para criar conte\u00fado escrito para Motorista.com.br\",\"url\":\"https:\\\/\\\/motorista.com.br\\\/noticias\\\/author\\\/equiperedacao\\\/\"}]}<\/script>\n<!-- \/ Yoast SEO Premium plugin. -->","yoast_head_json":{"title":"Projeto sobre isen\u00e7\u00e3o de dupla tributa\u00e7\u00e3o para caminhoneiros aguarda no Senado. - Motorista.com.br","robots":{"index":"index","follow":"follow","max-snippet":"max-snippet:-1","max-image-preview":"max-image-preview:large","max-video-preview":"max-video-preview:-1"},"canonical":"https:\/\/motorista.com.br\/noticias\/2025\/08\/04\/projeto-sobre-isencao-de-dupla-tributacao-para-caminhoneiros-aguarda-no-senado\/","og_locale":"pt_BR","og_type":"article","og_title":"Projeto sobre isen\u00e7\u00e3o de dupla tributa\u00e7\u00e3o para caminhoneiros aguarda no Senado.","og_description":"Proposta contra dupla tributa\u00e7\u00e3o a caminhoneiros est\u00e1 parada no Senado O projeto de lei que busca proteger caminhoneiros aut\u00f4nomos de uma poss\u00edvel forma de dupla tributa\u00e7\u00e3o est\u00e1 h\u00e1 mais de um ano e meio sem avan\u00e7os no Senado. Proposto pelo senador Lucas Barreto (PSD-AP), o PL 1205\/2022 aguarda vota\u00e7\u00e3o na Comiss\u00e3o de Assuntos Econ\u00f4micos (CAE), &hellip;","og_url":"https:\/\/motorista.com.br\/noticias\/2025\/08\/04\/projeto-sobre-isencao-de-dupla-tributacao-para-caminhoneiros-aguarda-no-senado\/","og_site_name":"Motorista.com.br","article_published_time":"2025-08-04T03:15:53+00:00","author":"Equipe Reda\u00e7\u00e3o","twitter_card":"summary_large_image","twitter_misc":{"Escrito por":"Equipe Reda\u00e7\u00e3o","Est. tempo de leitura":"2 minutos","Written by":"Equipe Reda\u00e7\u00e3o"},"schema":{"@context":"https:\/\/schema.org","@graph":[{"@type":"Article","@id":"https:\/\/motorista.com.br\/noticias\/2025\/08\/04\/projeto-sobre-isencao-de-dupla-tributacao-para-caminhoneiros-aguarda-no-senado\/#article","isPartOf":{"@id":"https:\/\/motorista.com.br\/noticias\/2025\/08\/04\/projeto-sobre-isencao-de-dupla-tributacao-para-caminhoneiros-aguarda-no-senado\/"},"author":{"name":"Equipe Reda\u00e7\u00e3o","@id":"https:\/\/motorista.com.br\/noticias\/#\/schema\/person\/dc93afc2981c0e3ce6bc3c053fd847be"},"headline":"Projeto sobre isen\u00e7\u00e3o de dupla tributa\u00e7\u00e3o para caminhoneiros aguarda no Senado.","datePublished":"2025-08-04T03:15:53+00:00","mainEntityOfPage":{"@id":"https:\/\/motorista.com.br\/noticias\/2025\/08\/04\/projeto-sobre-isencao-de-dupla-tributacao-para-caminhoneiros-aguarda-no-senado\/"},"wordCount":490,"publisher":{"@id":"https:\/\/motorista.com.br\/noticias\/#organization"},"image":{"@id":"https:\/\/motorista.com.br\/noticias\/2025\/08\/04\/projeto-sobre-isencao-de-dupla-tributacao-para-caminhoneiros-aguarda-no-senado\/#primaryimage"},"thumbnailUrl":"https:\/\/motorista.com.br\/noticias\/wp-content\/uploads\/2025\/08\/caminhoneiros.jpg","articleSection":["Motorista"],"inLanguage":"pt-BR"},{"@type":"WebPage","@id":"https:\/\/motorista.com.br\/noticias\/2025\/08\/04\/projeto-sobre-isencao-de-dupla-tributacao-para-caminhoneiros-aguarda-no-senado\/","url":"https:\/\/motorista.com.br\/noticias\/2025\/08\/04\/projeto-sobre-isencao-de-dupla-tributacao-para-caminhoneiros-aguarda-no-senado\/","name":"Projeto sobre isen\u00e7\u00e3o de dupla tributa\u00e7\u00e3o para caminhoneiros aguarda no Senado. - Motorista.com.br","isPartOf":{"@id":"https:\/\/motorista.com.br\/noticias\/#website"},"primaryImageOfPage":{"@id":"https:\/\/motorista.com.br\/noticias\/2025\/08\/04\/projeto-sobre-isencao-de-dupla-tributacao-para-caminhoneiros-aguarda-no-senado\/#primaryimage"},"image":{"@id":"https:\/\/motorista.com.br\/noticias\/2025\/08\/04\/projeto-sobre-isencao-de-dupla-tributacao-para-caminhoneiros-aguarda-no-senado\/#primaryimage"},"thumbnailUrl":"https:\/\/motorista.com.br\/noticias\/wp-content\/uploads\/2025\/08\/caminhoneiros.jpg","datePublished":"2025-08-04T03:15:53+00:00","breadcrumb":{"@id":"https:\/\/motorista.com.br\/noticias\/2025\/08\/04\/projeto-sobre-isencao-de-dupla-tributacao-para-caminhoneiros-aguarda-no-senado\/#breadcrumb"},"inLanguage":"pt-BR","potentialAction":[{"@type":"ReadAction","target":["https:\/\/motorista.com.br\/noticias\/2025\/08\/04\/projeto-sobre-isencao-de-dupla-tributacao-para-caminhoneiros-aguarda-no-senado\/"]}]},{"@type":"ImageObject","inLanguage":"pt-BR","@id":"https:\/\/motorista.com.br\/noticias\/2025\/08\/04\/projeto-sobre-isencao-de-dupla-tributacao-para-caminhoneiros-aguarda-no-senado\/#primaryimage","url":"https:\/\/motorista.com.br\/noticias\/wp-content\/uploads\/2025\/08\/caminhoneiros.jpg","contentUrl":"https:\/\/motorista.com.br\/noticias\/wp-content\/uploads\/2025\/08\/caminhoneiros.jpg","width":1400,"height":460},{"@type":"BreadcrumbList","@id":"https:\/\/motorista.com.br\/noticias\/2025\/08\/04\/projeto-sobre-isencao-de-dupla-tributacao-para-caminhoneiros-aguarda-no-senado\/#breadcrumb","itemListElement":[{"@type":"ListItem","position":1,"name":"In\u00edcio","item":"https:\/\/motorista.com.br\/noticias\/"},{"@type":"ListItem","position":2,"name":"Projeto sobre isen\u00e7\u00e3o de dupla tributa\u00e7\u00e3o para caminhoneiros aguarda no Senado."}]},{"@type":"WebSite","@id":"https:\/\/motorista.com.br\/noticias\/#website","url":"https:\/\/motorista.com.br\/noticias\/","name":"Motorista.com.br","description":"Not\u00edcia do Motorista","publisher":{"@id":"https:\/\/motorista.com.br\/noticias\/#organization"},"potentialAction":[{"@type":"SearchAction","target":{"@type":"EntryPoint","urlTemplate":"https:\/\/motorista.com.br\/noticias\/?s={search_term_string}"},"query-input":{"@type":"PropertyValueSpecification","valueRequired":true,"valueName":"search_term_string"}}],"inLanguage":"pt-BR"},{"@type":"Organization","@id":"https:\/\/motorista.com.br\/noticias\/#organization","name":"Motorista.com.br","url":"https:\/\/motorista.com.br\/noticias\/","logo":{"@type":"ImageObject","inLanguage":"pt-BR","@id":"https:\/\/motorista.com.br\/noticias\/#\/schema\/logo\/image\/","url":"https:\/\/motorista.com.br\/noticias\/wp-content\/uploads\/2025\/06\/Design-sem-nome-9.png","contentUrl":"https:\/\/motorista.com.br\/noticias\/wp-content\/uploads\/2025\/06\/Design-sem-nome-9.png","width":150,"height":85,"caption":"Motorista.com.br"},"image":{"@id":"https:\/\/motorista.com.br\/noticias\/#\/schema\/logo\/image\/"}},{"@type":"Person","@id":"https:\/\/motorista.com.br\/noticias\/#\/schema\/person\/dc93afc2981c0e3ce6bc3c053fd847be","name":"Equipe Reda\u00e7\u00e3o","image":{"@type":"ImageObject","inLanguage":"pt-BR","@id":"https:\/\/secure.gravatar.com\/avatar\/4f525efbf18dd2bb300ccad28bfb99d95a9465a5ba268407c8c37b37e1f28d2d?s=96&d=mm&r=g9e099043a0c61e9ae27e293b9fa75ffc","url":"https:\/\/secure.gravatar.com\/avatar\/4f525efbf18dd2bb300ccad28bfb99d95a9465a5ba268407c8c37b37e1f28d2d?s=96&d=mm&r=g","contentUrl":"https:\/\/secure.gravatar.com\/avatar\/4f525efbf18dd2bb300ccad28bfb99d95a9465a5ba268407c8c37b37e1f28d2d?s=96&d=mm&r=g","caption":"Equipe Reda\u00e7\u00e3o"},"description":"Equipe de reda\u00e7\u00e3o \u00e9 um grupo de profissionais que trabalham juntos para criar conte\u00fado escrito para Motorista.com.br","url":"https:\/\/motorista.com.br\/noticias\/author\/equiperedacao\/"}]}},"_links":{"self":[{"href":"https:\/\/motorista.com.br\/noticias\/wp-json\/wp\/v2\/posts\/2416","targetHints":{"allow":["GET"]}}],"collection":[{"href":"https:\/\/motorista.com.br\/noticias\/wp-json\/wp\/v2\/posts"}],"about":[{"href":"https:\/\/motorista.com.br\/noticias\/wp-json\/wp\/v2\/types\/post"}],"author":[{"embeddable":true,"href":"https:\/\/motorista.com.br\/noticias\/wp-json\/wp\/v2\/users\/4"}],"replies":[{"embeddable":true,"href":"https:\/\/motorista.com.br\/noticias\/wp-json\/wp\/v2\/comments?post=2416"}],"version-history":[{"count":0,"href":"https:\/\/motorista.com.br\/noticias\/wp-json\/wp\/v2\/posts\/2416\/revisions"}],"wp:featuredmedia":[{"embeddable":true,"href":"https:\/\/motorista.com.br\/noticias\/wp-json\/wp\/v2\/media\/2417"}],"wp:attachment":[{"href":"https:\/\/motorista.com.br\/noticias\/wp-json\/wp\/v2\/media?parent=2416"}],"wp:term":[{"taxonomy":"category","embeddable":true,"href":"https:\/\/motorista.com.br\/noticias\/wp-json\/wp\/v2\/categories?post=2416"},{"taxonomy":"post_tag","embeddable":true,"href":"https:\/\/motorista.com.br\/noticias\/wp-json\/wp\/v2\/tags?post=2416"},{"taxonomy":"author","embeddable":true,"href":"https:\/\/motorista.com.br\/noticias\/wp-json\/wp\/v2\/coauthors?post=2416"}],"curies":[{"name":"wp","href":"https:\/\/api.w.org\/{rel}","templated":true}]}}