{"id":2410,"date":"2025-08-03T23:02:09","date_gmt":"2025-08-04T02:02:09","guid":{"rendered":"https:\/\/motorista.com.br\/noticias\/2025\/08\/03\/nova-portaria-da-secex-amplia-drawback-para-servicos-de-exportacao\/"},"modified":"2025-08-03T23:02:09","modified_gmt":"2025-08-04T02:02:09","slug":"nova-portaria-da-secex-amplia-drawback-para-servicos-de-exportacao","status":"publish","type":"post","link":"https:\/\/motorista.com.br\/noticias\/2025\/08\/03\/nova-portaria-da-secex-amplia-drawback-para-servicos-de-exportacao\/","title":{"rendered":"Nova Portaria da SECEX amplia drawback para servi\u00e7os de exporta\u00e7\u00e3o"},"content":{"rendered":"<p><\/p>\n<h3>Nova Portaria da SECEX amplia o regime de drawback para servi\u00e7os ligados \u00e0 exporta\u00e7\u00e3o<\/h3>\n<p>A Portaria SECEX n\u00ba 418, publicada em 25 de julho de 2025, representa um avan\u00e7o estrat\u00e9gico na pol\u00edtica de est\u00edmulo \u00e0s exporta\u00e7\u00f5es brasileiras. Ao atualizar a Portaria SECEX n\u00ba 44\/2020, a norma permite a aplica\u00e7\u00e3o do regime de drawback suspens\u00e3o tamb\u00e9m sobre servi\u00e7os, n\u00e3o se limitando apenas aos bens.<\/p>\n<p>Diante do atual cen\u00e1rio pol\u00edtico e econ\u00f4mico, em que o pa\u00eds enfrenta diversas amea\u00e7as tarif\u00e1rias, o governo busca fortalecer a competitividade das empresas brasileiras no mercado internacional. Essa nova regulamenta\u00e7\u00e3o \u00e9 essencial para reduzir a carga tribut\u00e1ria sobre servi\u00e7os que impactam diretamente as opera\u00e7\u00f5es de exporta\u00e7\u00e3o. O benef\u00edcio \u00e9 significativo, pois proporciona uma melhor adequa\u00e7\u00e3o das necessidades dos exportadores \u00e0s exig\u00eancias do mercado global.<\/p>\n<h4>Mas o que \u00e9 o drawback suspens\u00e3o?<\/h4>\n<p>O drawback suspens\u00e3o \u00e9 um regime aduaneiro especial que permite a suspens\u00e3o de tributos na importa\u00e7\u00e3o ou compra interna de insumos utilizados na produ\u00e7\u00e3o de bens destinados \u00e0 exporta\u00e7\u00e3o. Com a nova regulamenta\u00e7\u00e3o, os servi\u00e7os relacionados \u00e0s exporta\u00e7\u00f5es tamb\u00e9m se beneficiam, ampliando o escopo e os ganhos econ\u00f4micos para os exportadores e, consequentemente, para o setor de transporte.<\/p>\n<h4>E o que muda com a Portaria SECEX n\u00ba 418\/2025?<\/h4>\n<p>A norma autoriza a suspens\u00e3o das contribui\u00e7\u00f5es incidentes sobre servi\u00e7os, como PIS\/Pasep e Cofins, que se aplicam a servi\u00e7os importados ou adquiridos no mercado interno e que estejam diretamente ligados \u00e0 exporta\u00e7\u00e3o. Isso representa uma melhoria significativa nas condi\u00e7\u00f5es operacionais das empresas, que podem direcionar recursos adicionais para aumentar sua capacidade log\u00edstica e operacional.<\/p>\n<h4>Quais servi\u00e7os s\u00e3o beneficiados?<\/h4>\n<p>A suspens\u00e3o de tributos incide sobre servi\u00e7os listados no Anexo I da Portaria, incluindo:<\/p>\n<ul>\n<li>Transporte (rodovi\u00e1rio, ferrovi\u00e1rio, aquavi\u00e1rio, a\u00e9reo e multimodal);<\/li>\n<li>Armazenagem e manuseio de cargas;<\/li>\n<li>Intermedia\u00e7\u00e3o comercial;<\/li>\n<li>Loca\u00e7\u00e3o de cont\u00eaineres;<\/li>\n<li>Instala\u00e7\u00e3o de equipamentos;<\/li>\n<li>Agenciamento e remessas expressas.<\/li>\n<\/ul>\n<p>Esses servi\u00e7os s\u00e3o cruciais para a cadeia de exporta\u00e7\u00e3o e, ao aliviar o peso tribut\u00e1rio, fortalecem tamb\u00e9m a mobilidade de mercadorias e servi\u00e7os.<\/p>\n<h4>Regras e limita\u00e7\u00f5es<\/h4>\n<p>\u00c9 importante observar que a suspens\u00e3o n\u00e3o se aplica a v\u00e1rios cen\u00e1rios espec\u00edficos, incluindo atos concess\u00f3rios de fabricantes intermedi\u00e1rios ou servi\u00e7os prestados por empresas optantes pelo Simples Nacional. Portanto, a an\u00e1lise detalhada das condi\u00e7\u00f5es de cada opera\u00e7\u00e3o \u00e9 fundamental para garantir a utiliza\u00e7\u00e3o correta do benef\u00edcio.<\/p>\n<h4>Como utilizar o novo benef\u00edcio?<\/h4>\n<p>Para se beneficiar da suspens\u00e3o de tributos, as empresas precisam seguir um conjunto de passos, como incluir o c\u00f3digo NBS e comprovar a compatibilidade dos servi\u00e7os com os produtos exportados. A correta documenta\u00e7\u00e3o e o cumprimento dos requisitos s\u00e3o essenciais para evitar complica\u00e7\u00f5es fiscais.<\/p>\n<h4>Considera\u00e7\u00f5es finais<\/h4>\n<p>A amplia\u00e7\u00e3o do regime de drawback para abarcar servi\u00e7os estrat\u00e9gicos representa um avan\u00e7o significativo na desonera\u00e7\u00e3o das exporta\u00e7\u00f5es. Isso n\u00e3o apenas aumenta a efici\u00eancia operativa das empresas, mas tamb\u00e9m contribui para a melhoria da mobilidade de todo o setor log\u00edstico, impactando positivamente a competitividade brasileira no com\u00e9rcio internacional. Investir em melhorias operacionais se torna vital, n\u00e3o apenas para os exportadores, mas para o desenvolvimento do mercado como um todo.<\/p>\n<p>Contadores, advogados tributaristas, despachantes aduaneiros e gestores de com\u00e9rcio exterior devem se atualizar com urg\u00eancia sobre essa nova sistem\u00e1tica para otimizar os benef\u00edcios fiscais dispon\u00edveis.<\/p>\n<p><strong>Fonte:<\/strong> reformatributaria<\/p>\n","protected":false},"excerpt":{"rendered":"<p>Nova Portaria da SECEX amplia o regime de drawback para servi\u00e7os ligados \u00e0 exporta\u00e7\u00e3o A Portaria SECEX n\u00ba 418, publicada em 25 de julho de 2025, representa um avan\u00e7o estrat\u00e9gico na pol\u00edtica de est\u00edmulo \u00e0s exporta\u00e7\u00f5es brasileiras. Ao atualizar a Portaria SECEX n\u00ba 44\/2020, a norma permite a aplica\u00e7\u00e3o do regime de drawback suspens\u00e3o tamb\u00e9m &hellip;<\/p>\n","protected":false},"author":4,"featured_media":2411,"comment_status":"","ping_status":"open","sticky":false,"template":"","format":"standard","meta":{"footnotes":""},"categories":[35],"tags":[],"coauthors":[42],"class_list":["post-2410","post","type-post","status-publish","format-standard","has-post-thumbnail","hentry","category-legislacao"],"yoast_head":"<!-- This site is optimized with the Yoast SEO Premium plugin v25.5 (Yoast SEO v27.4) - https:\/\/yoast.com\/product\/yoast-seo-premium-wordpress\/ -->\n<title>Nova Portaria da SECEX amplia drawback para servi\u00e7os de exporta\u00e7\u00e3o - Motorista.com.br<\/title>\n<meta name=\"robots\" content=\"index, follow, max-snippet:-1, max-image-preview:large, max-video-preview:-1\" \/>\n<link rel=\"canonical\" href=\"https:\/\/motorista.com.br\/noticias\/2025\/08\/03\/nova-portaria-da-secex-amplia-drawback-para-servicos-de-exportacao\/\" \/>\n<meta property=\"og:locale\" content=\"pt_BR\" \/>\n<meta property=\"og:type\" content=\"article\" \/>\n<meta property=\"og:title\" content=\"Nova Portaria da SECEX amplia drawback para servi\u00e7os de exporta\u00e7\u00e3o\" \/>\n<meta property=\"og:description\" content=\"Nova Portaria da SECEX amplia o regime de drawback para servi\u00e7os ligados \u00e0 exporta\u00e7\u00e3o A Portaria SECEX n\u00ba 418, publicada em 25 de julho de 2025, representa um avan\u00e7o estrat\u00e9gico na pol\u00edtica de est\u00edmulo \u00e0s exporta\u00e7\u00f5es brasileiras. Ao atualizar a Portaria SECEX n\u00ba 44\/2020, a norma permite a aplica\u00e7\u00e3o do regime de drawback suspens\u00e3o tamb\u00e9m &hellip;\" \/>\n<meta property=\"og:url\" content=\"https:\/\/motorista.com.br\/noticias\/2025\/08\/03\/nova-portaria-da-secex-amplia-drawback-para-servicos-de-exportacao\/\" \/>\n<meta property=\"og:site_name\" content=\"Motorista.com.br\" \/>\n<meta property=\"article:published_time\" content=\"2025-08-04T02:02:09+00:00\" \/>\n<meta name=\"author\" content=\"Equipe Reda\u00e7\u00e3o\" \/>\n<meta name=\"twitter:card\" content=\"summary_large_image\" \/>\n<meta name=\"twitter:label1\" content=\"Escrito por\" \/>\n\t<meta name=\"twitter:data1\" content=\"Equipe Reda\u00e7\u00e3o\" \/>\n\t<meta name=\"twitter:label2\" content=\"Est. tempo de leitura\" \/>\n\t<meta name=\"twitter:data2\" content=\"3 minutos\" \/>\n\t<meta name=\"twitter:label3\" content=\"Written by\" \/>\n\t<meta name=\"twitter:data3\" content=\"Equipe Reda\u00e7\u00e3o\" \/>\n<script type=\"application\/ld+json\" class=\"yoast-schema-graph\">{\"@context\":\"https:\\\/\\\/schema.org\",\"@graph\":[{\"@type\":\"Article\",\"@id\":\"https:\\\/\\\/motorista.com.br\\\/noticias\\\/2025\\\/08\\\/03\\\/nova-portaria-da-secex-amplia-drawback-para-servicos-de-exportacao\\\/#article\",\"isPartOf\":{\"@id\":\"https:\\\/\\\/motorista.com.br\\\/noticias\\\/2025\\\/08\\\/03\\\/nova-portaria-da-secex-amplia-drawback-para-servicos-de-exportacao\\\/\"},\"author\":{\"name\":\"Equipe Reda\u00e7\u00e3o\",\"@id\":\"https:\\\/\\\/motorista.com.br\\\/noticias\\\/#\\\/schema\\\/person\\\/dc93afc2981c0e3ce6bc3c053fd847be\"},\"headline\":\"Nova Portaria da SECEX amplia drawback para servi\u00e7os de exporta\u00e7\u00e3o\",\"datePublished\":\"2025-08-04T02:02:09+00:00\",\"mainEntityOfPage\":{\"@id\":\"https:\\\/\\\/motorista.com.br\\\/noticias\\\/2025\\\/08\\\/03\\\/nova-portaria-da-secex-amplia-drawback-para-servicos-de-exportacao\\\/\"},\"wordCount\":617,\"publisher\":{\"@id\":\"https:\\\/\\\/motorista.com.br\\\/noticias\\\/#organization\"},\"image\":{\"@id\":\"https:\\\/\\\/motorista.com.br\\\/noticias\\\/2025\\\/08\\\/03\\\/nova-portaria-da-secex-amplia-drawback-para-servicos-de-exportacao\\\/#primaryimage\"},\"thumbnailUrl\":\"https:\\\/\\\/motorista.com.br\\\/noticias\\\/wp-content\\\/uploads\\\/2025\\\/08\\\/aerial-view-container-cargo-ship-sea-1.jpg\",\"articleSection\":[\"Legisla\u00e7\u00e3o\"],\"inLanguage\":\"pt-BR\"},{\"@type\":\"WebPage\",\"@id\":\"https:\\\/\\\/motorista.com.br\\\/noticias\\\/2025\\\/08\\\/03\\\/nova-portaria-da-secex-amplia-drawback-para-servicos-de-exportacao\\\/\",\"url\":\"https:\\\/\\\/motorista.com.br\\\/noticias\\\/2025\\\/08\\\/03\\\/nova-portaria-da-secex-amplia-drawback-para-servicos-de-exportacao\\\/\",\"name\":\"Nova Portaria da SECEX amplia drawback para servi\u00e7os de exporta\u00e7\u00e3o - Motorista.com.br\",\"isPartOf\":{\"@id\":\"https:\\\/\\\/motorista.com.br\\\/noticias\\\/#website\"},\"primaryImageOfPage\":{\"@id\":\"https:\\\/\\\/motorista.com.br\\\/noticias\\\/2025\\\/08\\\/03\\\/nova-portaria-da-secex-amplia-drawback-para-servicos-de-exportacao\\\/#primaryimage\"},\"image\":{\"@id\":\"https:\\\/\\\/motorista.com.br\\\/noticias\\\/2025\\\/08\\\/03\\\/nova-portaria-da-secex-amplia-drawback-para-servicos-de-exportacao\\\/#primaryimage\"},\"thumbnailUrl\":\"https:\\\/\\\/motorista.com.br\\\/noticias\\\/wp-content\\\/uploads\\\/2025\\\/08\\\/aerial-view-container-cargo-ship-sea-1.jpg\",\"datePublished\":\"2025-08-04T02:02:09+00:00\",\"breadcrumb\":{\"@id\":\"https:\\\/\\\/motorista.com.br\\\/noticias\\\/2025\\\/08\\\/03\\\/nova-portaria-da-secex-amplia-drawback-para-servicos-de-exportacao\\\/#breadcrumb\"},\"inLanguage\":\"pt-BR\",\"potentialAction\":[{\"@type\":\"ReadAction\",\"target\":[\"https:\\\/\\\/motorista.com.br\\\/noticias\\\/2025\\\/08\\\/03\\\/nova-portaria-da-secex-amplia-drawback-para-servicos-de-exportacao\\\/\"]}]},{\"@type\":\"ImageObject\",\"inLanguage\":\"pt-BR\",\"@id\":\"https:\\\/\\\/motorista.com.br\\\/noticias\\\/2025\\\/08\\\/03\\\/nova-portaria-da-secex-amplia-drawback-para-servicos-de-exportacao\\\/#primaryimage\",\"url\":\"https:\\\/\\\/motorista.com.br\\\/noticias\\\/wp-content\\\/uploads\\\/2025\\\/08\\\/aerial-view-container-cargo-ship-sea-1.jpg\",\"contentUrl\":\"https:\\\/\\\/motorista.com.br\\\/noticias\\\/wp-content\\\/uploads\\\/2025\\\/08\\\/aerial-view-container-cargo-ship-sea-1.jpg\",\"width\":1801,\"height\":1200},{\"@type\":\"BreadcrumbList\",\"@id\":\"https:\\\/\\\/motorista.com.br\\\/noticias\\\/2025\\\/08\\\/03\\\/nova-portaria-da-secex-amplia-drawback-para-servicos-de-exportacao\\\/#breadcrumb\",\"itemListElement\":[{\"@type\":\"ListItem\",\"position\":1,\"name\":\"In\u00edcio\",\"item\":\"https:\\\/\\\/motorista.com.br\\\/noticias\\\/\"},{\"@type\":\"ListItem\",\"position\":2,\"name\":\"Nova Portaria da SECEX amplia drawback para servi\u00e7os de exporta\u00e7\u00e3o\"}]},{\"@type\":\"WebSite\",\"@id\":\"https:\\\/\\\/motorista.com.br\\\/noticias\\\/#website\",\"url\":\"https:\\\/\\\/motorista.com.br\\\/noticias\\\/\",\"name\":\"Motorista.com.br\",\"description\":\"Not\u00edcia do Motorista\",\"publisher\":{\"@id\":\"https:\\\/\\\/motorista.com.br\\\/noticias\\\/#organization\"},\"potentialAction\":[{\"@type\":\"SearchAction\",\"target\":{\"@type\":\"EntryPoint\",\"urlTemplate\":\"https:\\\/\\\/motorista.com.br\\\/noticias\\\/?s={search_term_string}\"},\"query-input\":{\"@type\":\"PropertyValueSpecification\",\"valueRequired\":true,\"valueName\":\"search_term_string\"}}],\"inLanguage\":\"pt-BR\"},{\"@type\":\"Organization\",\"@id\":\"https:\\\/\\\/motorista.com.br\\\/noticias\\\/#organization\",\"name\":\"Motorista.com.br\",\"url\":\"https:\\\/\\\/motorista.com.br\\\/noticias\\\/\",\"logo\":{\"@type\":\"ImageObject\",\"inLanguage\":\"pt-BR\",\"@id\":\"https:\\\/\\\/motorista.com.br\\\/noticias\\\/#\\\/schema\\\/logo\\\/image\\\/\",\"url\":\"https:\\\/\\\/motorista.com.br\\\/noticias\\\/wp-content\\\/uploads\\\/2025\\\/06\\\/Design-sem-nome-9.png\",\"contentUrl\":\"https:\\\/\\\/motorista.com.br\\\/noticias\\\/wp-content\\\/uploads\\\/2025\\\/06\\\/Design-sem-nome-9.png\",\"width\":150,\"height\":85,\"caption\":\"Motorista.com.br\"},\"image\":{\"@id\":\"https:\\\/\\\/motorista.com.br\\\/noticias\\\/#\\\/schema\\\/logo\\\/image\\\/\"}},{\"@type\":\"Person\",\"@id\":\"https:\\\/\\\/motorista.com.br\\\/noticias\\\/#\\\/schema\\\/person\\\/dc93afc2981c0e3ce6bc3c053fd847be\",\"name\":\"Equipe Reda\u00e7\u00e3o\",\"image\":{\"@type\":\"ImageObject\",\"inLanguage\":\"pt-BR\",\"@id\":\"https:\\\/\\\/secure.gravatar.com\\\/avatar\\\/4f525efbf18dd2bb300ccad28bfb99d95a9465a5ba268407c8c37b37e1f28d2d?s=96&d=mm&r=g9e099043a0c61e9ae27e293b9fa75ffc\",\"url\":\"https:\\\/\\\/secure.gravatar.com\\\/avatar\\\/4f525efbf18dd2bb300ccad28bfb99d95a9465a5ba268407c8c37b37e1f28d2d?s=96&d=mm&r=g\",\"contentUrl\":\"https:\\\/\\\/secure.gravatar.com\\\/avatar\\\/4f525efbf18dd2bb300ccad28bfb99d95a9465a5ba268407c8c37b37e1f28d2d?s=96&d=mm&r=g\",\"caption\":\"Equipe Reda\u00e7\u00e3o\"},\"description\":\"Equipe de reda\u00e7\u00e3o \u00e9 um grupo de profissionais que trabalham juntos para criar conte\u00fado escrito para Motorista.com.br\",\"url\":\"https:\\\/\\\/motorista.com.br\\\/noticias\\\/author\\\/equiperedacao\\\/\"}]}<\/script>\n<!-- \/ Yoast SEO Premium plugin. -->","yoast_head_json":{"title":"Nova Portaria da SECEX amplia drawback para servi\u00e7os de exporta\u00e7\u00e3o - Motorista.com.br","robots":{"index":"index","follow":"follow","max-snippet":"max-snippet:-1","max-image-preview":"max-image-preview:large","max-video-preview":"max-video-preview:-1"},"canonical":"https:\/\/motorista.com.br\/noticias\/2025\/08\/03\/nova-portaria-da-secex-amplia-drawback-para-servicos-de-exportacao\/","og_locale":"pt_BR","og_type":"article","og_title":"Nova Portaria da SECEX amplia drawback para servi\u00e7os de exporta\u00e7\u00e3o","og_description":"Nova Portaria da SECEX amplia o regime de drawback para servi\u00e7os ligados \u00e0 exporta\u00e7\u00e3o A Portaria SECEX n\u00ba 418, publicada em 25 de julho de 2025, representa um avan\u00e7o estrat\u00e9gico na pol\u00edtica de est\u00edmulo \u00e0s exporta\u00e7\u00f5es brasileiras. Ao atualizar a Portaria SECEX n\u00ba 44\/2020, a norma permite a aplica\u00e7\u00e3o do regime de drawback suspens\u00e3o tamb\u00e9m &hellip;","og_url":"https:\/\/motorista.com.br\/noticias\/2025\/08\/03\/nova-portaria-da-secex-amplia-drawback-para-servicos-de-exportacao\/","og_site_name":"Motorista.com.br","article_published_time":"2025-08-04T02:02:09+00:00","author":"Equipe Reda\u00e7\u00e3o","twitter_card":"summary_large_image","twitter_misc":{"Escrito por":"Equipe Reda\u00e7\u00e3o","Est. tempo de leitura":"3 minutos","Written by":"Equipe Reda\u00e7\u00e3o"},"schema":{"@context":"https:\/\/schema.org","@graph":[{"@type":"Article","@id":"https:\/\/motorista.com.br\/noticias\/2025\/08\/03\/nova-portaria-da-secex-amplia-drawback-para-servicos-de-exportacao\/#article","isPartOf":{"@id":"https:\/\/motorista.com.br\/noticias\/2025\/08\/03\/nova-portaria-da-secex-amplia-drawback-para-servicos-de-exportacao\/"},"author":{"name":"Equipe Reda\u00e7\u00e3o","@id":"https:\/\/motorista.com.br\/noticias\/#\/schema\/person\/dc93afc2981c0e3ce6bc3c053fd847be"},"headline":"Nova Portaria da SECEX amplia drawback para servi\u00e7os de exporta\u00e7\u00e3o","datePublished":"2025-08-04T02:02:09+00:00","mainEntityOfPage":{"@id":"https:\/\/motorista.com.br\/noticias\/2025\/08\/03\/nova-portaria-da-secex-amplia-drawback-para-servicos-de-exportacao\/"},"wordCount":617,"publisher":{"@id":"https:\/\/motorista.com.br\/noticias\/#organization"},"image":{"@id":"https:\/\/motorista.com.br\/noticias\/2025\/08\/03\/nova-portaria-da-secex-amplia-drawback-para-servicos-de-exportacao\/#primaryimage"},"thumbnailUrl":"https:\/\/motorista.com.br\/noticias\/wp-content\/uploads\/2025\/08\/aerial-view-container-cargo-ship-sea-1.jpg","articleSection":["Legisla\u00e7\u00e3o"],"inLanguage":"pt-BR"},{"@type":"WebPage","@id":"https:\/\/motorista.com.br\/noticias\/2025\/08\/03\/nova-portaria-da-secex-amplia-drawback-para-servicos-de-exportacao\/","url":"https:\/\/motorista.com.br\/noticias\/2025\/08\/03\/nova-portaria-da-secex-amplia-drawback-para-servicos-de-exportacao\/","name":"Nova Portaria da SECEX amplia drawback para servi\u00e7os de exporta\u00e7\u00e3o - Motorista.com.br","isPartOf":{"@id":"https:\/\/motorista.com.br\/noticias\/#website"},"primaryImageOfPage":{"@id":"https:\/\/motorista.com.br\/noticias\/2025\/08\/03\/nova-portaria-da-secex-amplia-drawback-para-servicos-de-exportacao\/#primaryimage"},"image":{"@id":"https:\/\/motorista.com.br\/noticias\/2025\/08\/03\/nova-portaria-da-secex-amplia-drawback-para-servicos-de-exportacao\/#primaryimage"},"thumbnailUrl":"https:\/\/motorista.com.br\/noticias\/wp-content\/uploads\/2025\/08\/aerial-view-container-cargo-ship-sea-1.jpg","datePublished":"2025-08-04T02:02:09+00:00","breadcrumb":{"@id":"https:\/\/motorista.com.br\/noticias\/2025\/08\/03\/nova-portaria-da-secex-amplia-drawback-para-servicos-de-exportacao\/#breadcrumb"},"inLanguage":"pt-BR","potentialAction":[{"@type":"ReadAction","target":["https:\/\/motorista.com.br\/noticias\/2025\/08\/03\/nova-portaria-da-secex-amplia-drawback-para-servicos-de-exportacao\/"]}]},{"@type":"ImageObject","inLanguage":"pt-BR","@id":"https:\/\/motorista.com.br\/noticias\/2025\/08\/03\/nova-portaria-da-secex-amplia-drawback-para-servicos-de-exportacao\/#primaryimage","url":"https:\/\/motorista.com.br\/noticias\/wp-content\/uploads\/2025\/08\/aerial-view-container-cargo-ship-sea-1.jpg","contentUrl":"https:\/\/motorista.com.br\/noticias\/wp-content\/uploads\/2025\/08\/aerial-view-container-cargo-ship-sea-1.jpg","width":1801,"height":1200},{"@type":"BreadcrumbList","@id":"https:\/\/motorista.com.br\/noticias\/2025\/08\/03\/nova-portaria-da-secex-amplia-drawback-para-servicos-de-exportacao\/#breadcrumb","itemListElement":[{"@type":"ListItem","position":1,"name":"In\u00edcio","item":"https:\/\/motorista.com.br\/noticias\/"},{"@type":"ListItem","position":2,"name":"Nova Portaria da SECEX amplia drawback para servi\u00e7os de exporta\u00e7\u00e3o"}]},{"@type":"WebSite","@id":"https:\/\/motorista.com.br\/noticias\/#website","url":"https:\/\/motorista.com.br\/noticias\/","name":"Motorista.com.br","description":"Not\u00edcia do Motorista","publisher":{"@id":"https:\/\/motorista.com.br\/noticias\/#organization"},"potentialAction":[{"@type":"SearchAction","target":{"@type":"EntryPoint","urlTemplate":"https:\/\/motorista.com.br\/noticias\/?s={search_term_string}"},"query-input":{"@type":"PropertyValueSpecification","valueRequired":true,"valueName":"search_term_string"}}],"inLanguage":"pt-BR"},{"@type":"Organization","@id":"https:\/\/motorista.com.br\/noticias\/#organization","name":"Motorista.com.br","url":"https:\/\/motorista.com.br\/noticias\/","logo":{"@type":"ImageObject","inLanguage":"pt-BR","@id":"https:\/\/motorista.com.br\/noticias\/#\/schema\/logo\/image\/","url":"https:\/\/motorista.com.br\/noticias\/wp-content\/uploads\/2025\/06\/Design-sem-nome-9.png","contentUrl":"https:\/\/motorista.com.br\/noticias\/wp-content\/uploads\/2025\/06\/Design-sem-nome-9.png","width":150,"height":85,"caption":"Motorista.com.br"},"image":{"@id":"https:\/\/motorista.com.br\/noticias\/#\/schema\/logo\/image\/"}},{"@type":"Person","@id":"https:\/\/motorista.com.br\/noticias\/#\/schema\/person\/dc93afc2981c0e3ce6bc3c053fd847be","name":"Equipe Reda\u00e7\u00e3o","image":{"@type":"ImageObject","inLanguage":"pt-BR","@id":"https:\/\/secure.gravatar.com\/avatar\/4f525efbf18dd2bb300ccad28bfb99d95a9465a5ba268407c8c37b37e1f28d2d?s=96&d=mm&r=g9e099043a0c61e9ae27e293b9fa75ffc","url":"https:\/\/secure.gravatar.com\/avatar\/4f525efbf18dd2bb300ccad28bfb99d95a9465a5ba268407c8c37b37e1f28d2d?s=96&d=mm&r=g","contentUrl":"https:\/\/secure.gravatar.com\/avatar\/4f525efbf18dd2bb300ccad28bfb99d95a9465a5ba268407c8c37b37e1f28d2d?s=96&d=mm&r=g","caption":"Equipe Reda\u00e7\u00e3o"},"description":"Equipe de reda\u00e7\u00e3o \u00e9 um grupo de profissionais que trabalham juntos para criar conte\u00fado escrito para Motorista.com.br","url":"https:\/\/motorista.com.br\/noticias\/author\/equiperedacao\/"}]}},"_links":{"self":[{"href":"https:\/\/motorista.com.br\/noticias\/wp-json\/wp\/v2\/posts\/2410","targetHints":{"allow":["GET"]}}],"collection":[{"href":"https:\/\/motorista.com.br\/noticias\/wp-json\/wp\/v2\/posts"}],"about":[{"href":"https:\/\/motorista.com.br\/noticias\/wp-json\/wp\/v2\/types\/post"}],"author":[{"embeddable":true,"href":"https:\/\/motorista.com.br\/noticias\/wp-json\/wp\/v2\/users\/4"}],"replies":[{"embeddable":true,"href":"https:\/\/motorista.com.br\/noticias\/wp-json\/wp\/v2\/comments?post=2410"}],"version-history":[{"count":0,"href":"https:\/\/motorista.com.br\/noticias\/wp-json\/wp\/v2\/posts\/2410\/revisions"}],"wp:featuredmedia":[{"embeddable":true,"href":"https:\/\/motorista.com.br\/noticias\/wp-json\/wp\/v2\/media\/2411"}],"wp:attachment":[{"href":"https:\/\/motorista.com.br\/noticias\/wp-json\/wp\/v2\/media?parent=2410"}],"wp:term":[{"taxonomy":"category","embeddable":true,"href":"https:\/\/motorista.com.br\/noticias\/wp-json\/wp\/v2\/categories?post=2410"},{"taxonomy":"post_tag","embeddable":true,"href":"https:\/\/motorista.com.br\/noticias\/wp-json\/wp\/v2\/tags?post=2410"},{"taxonomy":"author","embeddable":true,"href":"https:\/\/motorista.com.br\/noticias\/wp-json\/wp\/v2\/coauthors?post=2410"}],"curies":[{"name":"wp","href":"https:\/\/api.w.org\/{rel}","templated":true}]}}