{"id":2299,"date":"2025-08-02T17:40:14","date_gmt":"2025-08-02T20:40:14","guid":{"rendered":"https:\/\/motorista.com.br\/noticias\/2025\/08\/02\/grupo-trino-ganha-premio-por-carrinho-tubular-de-carga\/"},"modified":"2025-08-02T17:40:14","modified_gmt":"2025-08-02T20:40:14","slug":"grupo-trino-ganha-premio-por-carrinho-tubular-de-carga","status":"publish","type":"post","link":"https:\/\/motorista.com.br\/noticias\/2025\/08\/02\/grupo-trino-ganha-premio-por-carrinho-tubular-de-carga\/","title":{"rendered":"Grupo Trino ganha pr\u00eamio por carrinho tubular de carga."},"content":{"rendered":"<p><\/p>\n<div data-block-type=\"unstyled\" data-block-weight=\"21\" data-block-id=\"3\">\n<h5><em>Equipamento melhora ergonomia e seguran\u00e7a na log\u00edstica de multinacional de eletrodom\u00e9sticos.<\/em><\/h5>\n<p>O Grupo Trino foi reconhecido com o pr\u00eamio de melhor Projeto do Programa de Excel\u00eancia em Transportes (Pex Transportes 2025), promovido pela fabricante Whirlpool, ap\u00f3s desenvolver um carrinho tubular exclusivo para movimenta\u00e7\u00e3o de cargas pesadas. A inova\u00e7\u00e3o, criada internamente pelo setor de Projetos da empresa, tem foco na ergonomia, efici\u00eancia operacional e seguran\u00e7a dos operadores.<\/p>\n<p>O carrinho utiliza um chassi tubular leve, rod\u00edzios de alta performance e sistema de amortecimento que garante estabilidade durante o transporte. Segundo Thiago Borba, gerente de log\u00edstica da Trino, a solu\u00e7\u00e3o reduziu o esfor\u00e7o f\u00edsico dos operadores e aumentou a produtividade, al\u00e9m de diminuir o tempo de movimenta\u00e7\u00e3o de cargas.<\/p>\n<p>Para desenvolver o equipamento, a empresa aplicou o M\u00e9todo de An\u00e1lise e Solu\u00e7\u00e3o de Problemas (MASP), que envolve etapas estruturadas de an\u00e1lise e valida\u00e7\u00e3o. De acordo com o diretor de log\u00edstica Gerson Barros, a metodologia ajudou a entender gargalos operacionais e a entregar um produto ajustado \u00e0s necessidades do cliente.<\/p>\n<p>O carrinho permitiu que os operadores manuseassem cargas com mais seguran\u00e7a e menos esfor\u00e7o, eliminando retrabalhos e evitando danos aos produtos. A inova\u00e7\u00e3o tamb\u00e9m melhorou as condi\u00e7\u00f5es de trabalho da equipe e tornou o processo mais confi\u00e1vel.<\/p>\n<p>A solu\u00e7\u00e3o poder\u00e1 ser adotada em outras opera\u00e7\u00f5es da empresa, tornando-se padr\u00e3o em novos projetos. O projeto destaca a import\u00e2ncia de iniciativas internas e de m\u00e9todos estruturados para gerar ganhos operacionais e competitivos.<\/p>\n<p>Al\u00e9m dos benef\u00edcios diretos para os operadores, essa inova\u00e7\u00e3o impacta positivamente na mobilidade geral, pois a efici\u00eancia log\u00edstica se reflete na agilidade do transporte e na entrega de produtos. Isso resulta em menos congestionamentos nas vias e na otimiza\u00e7\u00e3o dos recursos, promovendo um ambiente urbano mais fluido. Quando as opera\u00e7\u00f5es log\u00edsticas s\u00e3o realizadas de maneira eficiente, todos os atores na cadeia de mobilidade se beneficiam, melhorando a experi\u00eancia de motoristas e cidad\u00e3os em geral.<\/p>\n<p><strong>#log\u00edstica #inova\u00e7\u00e3o #GrupoTrino #transporte #Whirlpool<\/strong><\/p>\n<p><em style=\"font-size: 16px;\"><strong>Fonte<\/strong><\/em><em style=\"font-size: 16px;\"><strong>: Carta de Log\u00edstica<\/strong><\/em><\/p>\n<\/div>\n","protected":false},"excerpt":{"rendered":"<p>Equipamento melhora ergonomia e seguran\u00e7a na log\u00edstica de multinacional de eletrodom\u00e9sticos. O Grupo Trino foi reconhecido com o pr\u00eamio de melhor Projeto do Programa de Excel\u00eancia em Transportes (Pex Transportes 2025), promovido pela fabricante Whirlpool, ap\u00f3s desenvolver um carrinho tubular exclusivo para movimenta\u00e7\u00e3o de cargas pesadas. A inova\u00e7\u00e3o, criada internamente pelo setor de Projetos da &hellip;<\/p>\n","protected":false},"author":4,"featured_media":2300,"comment_status":"","ping_status":"open","sticky":false,"template":"","format":"standard","meta":{"footnotes":""},"categories":[62],"tags":[],"coauthors":[42],"class_list":["post-2299","post","type-post","status-publish","format-standard","has-post-thumbnail","hentry","category-logistica"],"yoast_head":"<!-- This site is optimized with the Yoast SEO Premium plugin v25.5 (Yoast SEO v27.4) - https:\/\/yoast.com\/product\/yoast-seo-premium-wordpress\/ -->\n<title>Grupo Trino ganha pr\u00eamio por carrinho tubular de carga. - Motorista.com.br<\/title>\n<meta name=\"robots\" content=\"index, follow, max-snippet:-1, max-image-preview:large, max-video-preview:-1\" \/>\n<link rel=\"canonical\" href=\"https:\/\/motorista.com.br\/noticias\/2025\/08\/02\/grupo-trino-ganha-premio-por-carrinho-tubular-de-carga\/\" \/>\n<meta property=\"og:locale\" content=\"pt_BR\" \/>\n<meta property=\"og:type\" content=\"article\" \/>\n<meta property=\"og:title\" content=\"Grupo Trino ganha pr\u00eamio por carrinho tubular de carga.\" \/>\n<meta property=\"og:description\" content=\"Equipamento melhora ergonomia e seguran\u00e7a na log\u00edstica de multinacional de eletrodom\u00e9sticos. O Grupo Trino foi reconhecido com o pr\u00eamio de melhor Projeto do Programa de Excel\u00eancia em Transportes (Pex Transportes 2025), promovido pela fabricante Whirlpool, ap\u00f3s desenvolver um carrinho tubular exclusivo para movimenta\u00e7\u00e3o de cargas pesadas. A inova\u00e7\u00e3o, criada internamente pelo setor de Projetos da &hellip;\" \/>\n<meta property=\"og:url\" content=\"https:\/\/motorista.com.br\/noticias\/2025\/08\/02\/grupo-trino-ganha-premio-por-carrinho-tubular-de-carga\/\" \/>\n<meta property=\"og:site_name\" content=\"Motorista.com.br\" \/>\n<meta property=\"article:published_time\" content=\"2025-08-02T20:40:14+00:00\" \/>\n<meta name=\"author\" content=\"Equipe Reda\u00e7\u00e3o\" \/>\n<meta name=\"twitter:card\" content=\"summary_large_image\" \/>\n<meta name=\"twitter:label1\" content=\"Escrito por\" \/>\n\t<meta name=\"twitter:data1\" content=\"Equipe Reda\u00e7\u00e3o\" \/>\n\t<meta name=\"twitter:label2\" content=\"Est. tempo de leitura\" \/>\n\t<meta name=\"twitter:data2\" content=\"2 minutos\" \/>\n\t<meta name=\"twitter:label3\" content=\"Written by\" \/>\n\t<meta name=\"twitter:data3\" content=\"Equipe Reda\u00e7\u00e3o\" \/>\n<script type=\"application\/ld+json\" class=\"yoast-schema-graph\">{\"@context\":\"https:\\\/\\\/schema.org\",\"@graph\":[{\"@type\":\"Article\",\"@id\":\"https:\\\/\\\/motorista.com.br\\\/noticias\\\/2025\\\/08\\\/02\\\/grupo-trino-ganha-premio-por-carrinho-tubular-de-carga\\\/#article\",\"isPartOf\":{\"@id\":\"https:\\\/\\\/motorista.com.br\\\/noticias\\\/2025\\\/08\\\/02\\\/grupo-trino-ganha-premio-por-carrinho-tubular-de-carga\\\/\"},\"author\":{\"name\":\"Equipe Reda\u00e7\u00e3o\",\"@id\":\"https:\\\/\\\/motorista.com.br\\\/noticias\\\/#\\\/schema\\\/person\\\/dc93afc2981c0e3ce6bc3c053fd847be\"},\"headline\":\"Grupo Trino ganha pr\u00eamio por carrinho tubular de carga.\",\"datePublished\":\"2025-08-02T20:40:14+00:00\",\"mainEntityOfPage\":{\"@id\":\"https:\\\/\\\/motorista.com.br\\\/noticias\\\/2025\\\/08\\\/02\\\/grupo-trino-ganha-premio-por-carrinho-tubular-de-carga\\\/\"},\"wordCount\":376,\"publisher\":{\"@id\":\"https:\\\/\\\/motorista.com.br\\\/noticias\\\/#organization\"},\"image\":{\"@id\":\"https:\\\/\\\/motorista.com.br\\\/noticias\\\/2025\\\/08\\\/02\\\/grupo-trino-ganha-premio-por-carrinho-tubular-de-carga\\\/#primaryimage\"},\"thumbnailUrl\":\"https:\\\/\\\/motorista.com.br\\\/noticias\\\/wp-content\\\/uploads\\\/2025\\\/08\\\/ID-CL-1000-px-x-830-px-Grupo.png\",\"articleSection\":[\"Log\u00edstica\"],\"inLanguage\":\"pt-BR\"},{\"@type\":\"WebPage\",\"@id\":\"https:\\\/\\\/motorista.com.br\\\/noticias\\\/2025\\\/08\\\/02\\\/grupo-trino-ganha-premio-por-carrinho-tubular-de-carga\\\/\",\"url\":\"https:\\\/\\\/motorista.com.br\\\/noticias\\\/2025\\\/08\\\/02\\\/grupo-trino-ganha-premio-por-carrinho-tubular-de-carga\\\/\",\"name\":\"Grupo Trino ganha pr\u00eamio por carrinho tubular de carga. - Motorista.com.br\",\"isPartOf\":{\"@id\":\"https:\\\/\\\/motorista.com.br\\\/noticias\\\/#website\"},\"primaryImageOfPage\":{\"@id\":\"https:\\\/\\\/motorista.com.br\\\/noticias\\\/2025\\\/08\\\/02\\\/grupo-trino-ganha-premio-por-carrinho-tubular-de-carga\\\/#primaryimage\"},\"image\":{\"@id\":\"https:\\\/\\\/motorista.com.br\\\/noticias\\\/2025\\\/08\\\/02\\\/grupo-trino-ganha-premio-por-carrinho-tubular-de-carga\\\/#primaryimage\"},\"thumbnailUrl\":\"https:\\\/\\\/motorista.com.br\\\/noticias\\\/wp-content\\\/uploads\\\/2025\\\/08\\\/ID-CL-1000-px-x-830-px-Grupo.png\",\"datePublished\":\"2025-08-02T20:40:14+00:00\",\"breadcrumb\":{\"@id\":\"https:\\\/\\\/motorista.com.br\\\/noticias\\\/2025\\\/08\\\/02\\\/grupo-trino-ganha-premio-por-carrinho-tubular-de-carga\\\/#breadcrumb\"},\"inLanguage\":\"pt-BR\",\"potentialAction\":[{\"@type\":\"ReadAction\",\"target\":[\"https:\\\/\\\/motorista.com.br\\\/noticias\\\/2025\\\/08\\\/02\\\/grupo-trino-ganha-premio-por-carrinho-tubular-de-carga\\\/\"]}]},{\"@type\":\"ImageObject\",\"inLanguage\":\"pt-BR\",\"@id\":\"https:\\\/\\\/motorista.com.br\\\/noticias\\\/2025\\\/08\\\/02\\\/grupo-trino-ganha-premio-por-carrinho-tubular-de-carga\\\/#primaryimage\",\"url\":\"https:\\\/\\\/motorista.com.br\\\/noticias\\\/wp-content\\\/uploads\\\/2025\\\/08\\\/ID-CL-1000-px-x-830-px-Grupo.png\",\"contentUrl\":\"https:\\\/\\\/motorista.com.br\\\/noticias\\\/wp-content\\\/uploads\\\/2025\\\/08\\\/ID-CL-1000-px-x-830-px-Grupo.png\",\"width\":1000,\"height\":821},{\"@type\":\"BreadcrumbList\",\"@id\":\"https:\\\/\\\/motorista.com.br\\\/noticias\\\/2025\\\/08\\\/02\\\/grupo-trino-ganha-premio-por-carrinho-tubular-de-carga\\\/#breadcrumb\",\"itemListElement\":[{\"@type\":\"ListItem\",\"position\":1,\"name\":\"In\u00edcio\",\"item\":\"https:\\\/\\\/motorista.com.br\\\/noticias\\\/\"},{\"@type\":\"ListItem\",\"position\":2,\"name\":\"Grupo Trino ganha pr\u00eamio por carrinho tubular de carga.\"}]},{\"@type\":\"WebSite\",\"@id\":\"https:\\\/\\\/motorista.com.br\\\/noticias\\\/#website\",\"url\":\"https:\\\/\\\/motorista.com.br\\\/noticias\\\/\",\"name\":\"Motorista.com.br\",\"description\":\"Not\u00edcia do Motorista\",\"publisher\":{\"@id\":\"https:\\\/\\\/motorista.com.br\\\/noticias\\\/#organization\"},\"potentialAction\":[{\"@type\":\"SearchAction\",\"target\":{\"@type\":\"EntryPoint\",\"urlTemplate\":\"https:\\\/\\\/motorista.com.br\\\/noticias\\\/?s={search_term_string}\"},\"query-input\":{\"@type\":\"PropertyValueSpecification\",\"valueRequired\":true,\"valueName\":\"search_term_string\"}}],\"inLanguage\":\"pt-BR\"},{\"@type\":\"Organization\",\"@id\":\"https:\\\/\\\/motorista.com.br\\\/noticias\\\/#organization\",\"name\":\"Motorista.com.br\",\"url\":\"https:\\\/\\\/motorista.com.br\\\/noticias\\\/\",\"logo\":{\"@type\":\"ImageObject\",\"inLanguage\":\"pt-BR\",\"@id\":\"https:\\\/\\\/motorista.com.br\\\/noticias\\\/#\\\/schema\\\/logo\\\/image\\\/\",\"url\":\"https:\\\/\\\/motorista.com.br\\\/noticias\\\/wp-content\\\/uploads\\\/2025\\\/06\\\/Design-sem-nome-9.png\",\"contentUrl\":\"https:\\\/\\\/motorista.com.br\\\/noticias\\\/wp-content\\\/uploads\\\/2025\\\/06\\\/Design-sem-nome-9.png\",\"width\":150,\"height\":85,\"caption\":\"Motorista.com.br\"},\"image\":{\"@id\":\"https:\\\/\\\/motorista.com.br\\\/noticias\\\/#\\\/schema\\\/logo\\\/image\\\/\"}},{\"@type\":\"Person\",\"@id\":\"https:\\\/\\\/motorista.com.br\\\/noticias\\\/#\\\/schema\\\/person\\\/dc93afc2981c0e3ce6bc3c053fd847be\",\"name\":\"Equipe Reda\u00e7\u00e3o\",\"image\":{\"@type\":\"ImageObject\",\"inLanguage\":\"pt-BR\",\"@id\":\"https:\\\/\\\/secure.gravatar.com\\\/avatar\\\/4f525efbf18dd2bb300ccad28bfb99d95a9465a5ba268407c8c37b37e1f28d2d?s=96&d=mm&r=g9e099043a0c61e9ae27e293b9fa75ffc\",\"url\":\"https:\\\/\\\/secure.gravatar.com\\\/avatar\\\/4f525efbf18dd2bb300ccad28bfb99d95a9465a5ba268407c8c37b37e1f28d2d?s=96&d=mm&r=g\",\"contentUrl\":\"https:\\\/\\\/secure.gravatar.com\\\/avatar\\\/4f525efbf18dd2bb300ccad28bfb99d95a9465a5ba268407c8c37b37e1f28d2d?s=96&d=mm&r=g\",\"caption\":\"Equipe Reda\u00e7\u00e3o\"},\"description\":\"Equipe de reda\u00e7\u00e3o \u00e9 um grupo de profissionais que trabalham juntos para criar conte\u00fado escrito para Motorista.com.br\",\"url\":\"https:\\\/\\\/motorista.com.br\\\/noticias\\\/author\\\/equiperedacao\\\/\"}]}<\/script>\n<!-- \/ Yoast SEO Premium plugin. -->","yoast_head_json":{"title":"Grupo Trino ganha pr\u00eamio por carrinho tubular de carga. - Motorista.com.br","robots":{"index":"index","follow":"follow","max-snippet":"max-snippet:-1","max-image-preview":"max-image-preview:large","max-video-preview":"max-video-preview:-1"},"canonical":"https:\/\/motorista.com.br\/noticias\/2025\/08\/02\/grupo-trino-ganha-premio-por-carrinho-tubular-de-carga\/","og_locale":"pt_BR","og_type":"article","og_title":"Grupo Trino ganha pr\u00eamio por carrinho tubular de carga.","og_description":"Equipamento melhora ergonomia e seguran\u00e7a na log\u00edstica de multinacional de eletrodom\u00e9sticos. O Grupo Trino foi reconhecido com o pr\u00eamio de melhor Projeto do Programa de Excel\u00eancia em Transportes (Pex Transportes 2025), promovido pela fabricante Whirlpool, ap\u00f3s desenvolver um carrinho tubular exclusivo para movimenta\u00e7\u00e3o de cargas pesadas. A inova\u00e7\u00e3o, criada internamente pelo setor de Projetos da &hellip;","og_url":"https:\/\/motorista.com.br\/noticias\/2025\/08\/02\/grupo-trino-ganha-premio-por-carrinho-tubular-de-carga\/","og_site_name":"Motorista.com.br","article_published_time":"2025-08-02T20:40:14+00:00","author":"Equipe Reda\u00e7\u00e3o","twitter_card":"summary_large_image","twitter_misc":{"Escrito por":"Equipe Reda\u00e7\u00e3o","Est. tempo de leitura":"2 minutos","Written by":"Equipe Reda\u00e7\u00e3o"},"schema":{"@context":"https:\/\/schema.org","@graph":[{"@type":"Article","@id":"https:\/\/motorista.com.br\/noticias\/2025\/08\/02\/grupo-trino-ganha-premio-por-carrinho-tubular-de-carga\/#article","isPartOf":{"@id":"https:\/\/motorista.com.br\/noticias\/2025\/08\/02\/grupo-trino-ganha-premio-por-carrinho-tubular-de-carga\/"},"author":{"name":"Equipe Reda\u00e7\u00e3o","@id":"https:\/\/motorista.com.br\/noticias\/#\/schema\/person\/dc93afc2981c0e3ce6bc3c053fd847be"},"headline":"Grupo Trino ganha pr\u00eamio por carrinho tubular de carga.","datePublished":"2025-08-02T20:40:14+00:00","mainEntityOfPage":{"@id":"https:\/\/motorista.com.br\/noticias\/2025\/08\/02\/grupo-trino-ganha-premio-por-carrinho-tubular-de-carga\/"},"wordCount":376,"publisher":{"@id":"https:\/\/motorista.com.br\/noticias\/#organization"},"image":{"@id":"https:\/\/motorista.com.br\/noticias\/2025\/08\/02\/grupo-trino-ganha-premio-por-carrinho-tubular-de-carga\/#primaryimage"},"thumbnailUrl":"https:\/\/motorista.com.br\/noticias\/wp-content\/uploads\/2025\/08\/ID-CL-1000-px-x-830-px-Grupo.png","articleSection":["Log\u00edstica"],"inLanguage":"pt-BR"},{"@type":"WebPage","@id":"https:\/\/motorista.com.br\/noticias\/2025\/08\/02\/grupo-trino-ganha-premio-por-carrinho-tubular-de-carga\/","url":"https:\/\/motorista.com.br\/noticias\/2025\/08\/02\/grupo-trino-ganha-premio-por-carrinho-tubular-de-carga\/","name":"Grupo Trino ganha pr\u00eamio por carrinho tubular de carga. - Motorista.com.br","isPartOf":{"@id":"https:\/\/motorista.com.br\/noticias\/#website"},"primaryImageOfPage":{"@id":"https:\/\/motorista.com.br\/noticias\/2025\/08\/02\/grupo-trino-ganha-premio-por-carrinho-tubular-de-carga\/#primaryimage"},"image":{"@id":"https:\/\/motorista.com.br\/noticias\/2025\/08\/02\/grupo-trino-ganha-premio-por-carrinho-tubular-de-carga\/#primaryimage"},"thumbnailUrl":"https:\/\/motorista.com.br\/noticias\/wp-content\/uploads\/2025\/08\/ID-CL-1000-px-x-830-px-Grupo.png","datePublished":"2025-08-02T20:40:14+00:00","breadcrumb":{"@id":"https:\/\/motorista.com.br\/noticias\/2025\/08\/02\/grupo-trino-ganha-premio-por-carrinho-tubular-de-carga\/#breadcrumb"},"inLanguage":"pt-BR","potentialAction":[{"@type":"ReadAction","target":["https:\/\/motorista.com.br\/noticias\/2025\/08\/02\/grupo-trino-ganha-premio-por-carrinho-tubular-de-carga\/"]}]},{"@type":"ImageObject","inLanguage":"pt-BR","@id":"https:\/\/motorista.com.br\/noticias\/2025\/08\/02\/grupo-trino-ganha-premio-por-carrinho-tubular-de-carga\/#primaryimage","url":"https:\/\/motorista.com.br\/noticias\/wp-content\/uploads\/2025\/08\/ID-CL-1000-px-x-830-px-Grupo.png","contentUrl":"https:\/\/motorista.com.br\/noticias\/wp-content\/uploads\/2025\/08\/ID-CL-1000-px-x-830-px-Grupo.png","width":1000,"height":821},{"@type":"BreadcrumbList","@id":"https:\/\/motorista.com.br\/noticias\/2025\/08\/02\/grupo-trino-ganha-premio-por-carrinho-tubular-de-carga\/#breadcrumb","itemListElement":[{"@type":"ListItem","position":1,"name":"In\u00edcio","item":"https:\/\/motorista.com.br\/noticias\/"},{"@type":"ListItem","position":2,"name":"Grupo Trino ganha pr\u00eamio por carrinho tubular de carga."}]},{"@type":"WebSite","@id":"https:\/\/motorista.com.br\/noticias\/#website","url":"https:\/\/motorista.com.br\/noticias\/","name":"Motorista.com.br","description":"Not\u00edcia do Motorista","publisher":{"@id":"https:\/\/motorista.com.br\/noticias\/#organization"},"potentialAction":[{"@type":"SearchAction","target":{"@type":"EntryPoint","urlTemplate":"https:\/\/motorista.com.br\/noticias\/?s={search_term_string}"},"query-input":{"@type":"PropertyValueSpecification","valueRequired":true,"valueName":"search_term_string"}}],"inLanguage":"pt-BR"},{"@type":"Organization","@id":"https:\/\/motorista.com.br\/noticias\/#organization","name":"Motorista.com.br","url":"https:\/\/motorista.com.br\/noticias\/","logo":{"@type":"ImageObject","inLanguage":"pt-BR","@id":"https:\/\/motorista.com.br\/noticias\/#\/schema\/logo\/image\/","url":"https:\/\/motorista.com.br\/noticias\/wp-content\/uploads\/2025\/06\/Design-sem-nome-9.png","contentUrl":"https:\/\/motorista.com.br\/noticias\/wp-content\/uploads\/2025\/06\/Design-sem-nome-9.png","width":150,"height":85,"caption":"Motorista.com.br"},"image":{"@id":"https:\/\/motorista.com.br\/noticias\/#\/schema\/logo\/image\/"}},{"@type":"Person","@id":"https:\/\/motorista.com.br\/noticias\/#\/schema\/person\/dc93afc2981c0e3ce6bc3c053fd847be","name":"Equipe Reda\u00e7\u00e3o","image":{"@type":"ImageObject","inLanguage":"pt-BR","@id":"https:\/\/secure.gravatar.com\/avatar\/4f525efbf18dd2bb300ccad28bfb99d95a9465a5ba268407c8c37b37e1f28d2d?s=96&d=mm&r=g9e099043a0c61e9ae27e293b9fa75ffc","url":"https:\/\/secure.gravatar.com\/avatar\/4f525efbf18dd2bb300ccad28bfb99d95a9465a5ba268407c8c37b37e1f28d2d?s=96&d=mm&r=g","contentUrl":"https:\/\/secure.gravatar.com\/avatar\/4f525efbf18dd2bb300ccad28bfb99d95a9465a5ba268407c8c37b37e1f28d2d?s=96&d=mm&r=g","caption":"Equipe Reda\u00e7\u00e3o"},"description":"Equipe de reda\u00e7\u00e3o \u00e9 um grupo de profissionais que trabalham juntos para criar conte\u00fado escrito para Motorista.com.br","url":"https:\/\/motorista.com.br\/noticias\/author\/equiperedacao\/"}]}},"_links":{"self":[{"href":"https:\/\/motorista.com.br\/noticias\/wp-json\/wp\/v2\/posts\/2299","targetHints":{"allow":["GET"]}}],"collection":[{"href":"https:\/\/motorista.com.br\/noticias\/wp-json\/wp\/v2\/posts"}],"about":[{"href":"https:\/\/motorista.com.br\/noticias\/wp-json\/wp\/v2\/types\/post"}],"author":[{"embeddable":true,"href":"https:\/\/motorista.com.br\/noticias\/wp-json\/wp\/v2\/users\/4"}],"replies":[{"embeddable":true,"href":"https:\/\/motorista.com.br\/noticias\/wp-json\/wp\/v2\/comments?post=2299"}],"version-history":[{"count":0,"href":"https:\/\/motorista.com.br\/noticias\/wp-json\/wp\/v2\/posts\/2299\/revisions"}],"wp:featuredmedia":[{"embeddable":true,"href":"https:\/\/motorista.com.br\/noticias\/wp-json\/wp\/v2\/media\/2300"}],"wp:attachment":[{"href":"https:\/\/motorista.com.br\/noticias\/wp-json\/wp\/v2\/media?parent=2299"}],"wp:term":[{"taxonomy":"category","embeddable":true,"href":"https:\/\/motorista.com.br\/noticias\/wp-json\/wp\/v2\/categories?post=2299"},{"taxonomy":"post_tag","embeddable":true,"href":"https:\/\/motorista.com.br\/noticias\/wp-json\/wp\/v2\/tags?post=2299"},{"taxonomy":"author","embeddable":true,"href":"https:\/\/motorista.com.br\/noticias\/wp-json\/wp\/v2\/coauthors?post=2299"}],"curies":[{"name":"wp","href":"https:\/\/api.w.org\/{rel}","templated":true}]}}