{"id":2295,"date":"2025-08-02T17:15:27","date_gmt":"2025-08-02T20:15:27","guid":{"rendered":"https:\/\/motorista.com.br\/noticias\/2025\/08\/02\/lideres-da-uber-e-ifood-discutem-colaboracao-em-mobilidade-e-entrega-no-brasil\/"},"modified":"2025-08-02T17:15:27","modified_gmt":"2025-08-02T20:15:27","slug":"lideres-da-uber-e-ifood-discutem-colaboracao-em-mobilidade-e-entrega-no-brasil","status":"publish","type":"post","link":"https:\/\/motorista.com.br\/noticias\/2025\/08\/02\/lideres-da-uber-e-ifood-discutem-colaboracao-em-mobilidade-e-entrega-no-brasil\/","title":{"rendered":"L\u00edderes da Uber e iFood discutem colabora\u00e7\u00e3o em mobilidade e entrega no Brasil."},"content":{"rendered":"<p><\/p>\n<p><strong>CEOs da Uber e iFood Falam Sobre Parceria Estrat\u00e9gica para Integrar Mobilidade e Delivery no Brasil<\/strong><\/p>\n<p>A recente parceria entre a Uber e o iFood, anunciada em maio, promete transformar a experi\u00eancia de mobilidade e entrega no Brasil. O CEO da Uber, Dara Khosrowshahi, e o CEO do iFood, Diego Barreto, se reuniram em S\u00e3o Paulo para discutir a integra\u00e7\u00e3o das plataformas, destacando seu potencial para oferecer solu\u00e7\u00f5es mais eficientes e acess\u00edveis para os consumidores.<\/p>\n<p>No encontro, Barreto explicou que a uni\u00e3o permitir\u00e1 que todos os usu\u00e1rios brasileiros acessem simultaneamente os servi\u00e7os de mobilidade e delivery, criando uma experi\u00eancia \u00fanica. Khosrowshahi ressalta a forte expectativa do p\u00fablico brasileiro quanto a servi\u00e7os sob demanda, uma tend\u00eancia que se fortalece rapidamente no pa\u00eds, tornando-o um l\u00edder no uso de tecnologia de transporte.<\/p>\n<p>Essa parceria n\u00e3o s\u00f3 busca melhorar a conveni\u00eancia para os consumidores, mas tamb\u00e9m impacta positivamente os motoristas e entregadores. Ao unir esfor\u00e7os, as empresas visam desenvolver produtos mais eficazes que atendam as necessidades de todos os envolvidos. Para os motoristas, isso significa mais acessibilidade a oportunidades de trabalho, enquanto os entregadores se beneficiam de uma rede ampliada de pedidos.<\/p>\n<p>A cita\u00e7\u00e3o de Khosrowshahi sobre a import\u00e2ncia de &quot;resolver as necessidades dos consumidores e parceiros&quot; reflete uma abordagem centrada na colabora\u00e7\u00e3o e inova\u00e7\u00e3o. Essa din\u00e2mica poder\u00e1 resultar em um ecossistema mais robusto para todos os atores da mobilidade e delivery, contribuindo para uma sociedade mais interconectada.<\/p>\n<p>A \u00eanfase na cultura de inova\u00e7\u00e3o das empresas tamb\u00e9m \u00e9 um ponto importante. Barreto destacou que tanto a Uber quanto o iFood compartilham uma mentalidade de crescimento e um compromisso com a excel\u00eancia, fatores que devem impulsionar o sucesso da colabora\u00e7\u00e3o. Isso pode facilitar a adapta\u00e7\u00e3o conjunta \u00e0s demandas locais, promovendo uma mobilidade mais \u00e1gil e responsiva.<\/p>\n<p>Os pr\u00f3ximos passos indicados por ambos os executivos prometem uma evolu\u00e7\u00e3o r\u00e1pida na integra\u00e7\u00e3o das plataformas. Para os usu\u00e1rios, essa alian\u00e7a representa uma oportunidade de ter acesso mais r\u00e1pido e eficaz a servi\u00e7os essenciais. Assim, a iniciativa n\u00e3o apenas redefine a entrega e o transporte, mas posiciona o Brasil na vanguarda dessas mudan\u00e7as.<\/p>\n<p>Al\u00e9m disso, a combina\u00e7\u00e3o de mobilidade e delivery pode resultar em um impacto positivo para a infraestrutura urbana, reduzindo congestionamentos e promovendo alternativas de transporte mais sustent\u00e1veis. \u00c0 medida que as empresas trabalham juntas, h\u00e1 um potencial significativo para desenvolver solu\u00e7\u00f5es inovadoras que beneficiem a sociedade como um todo.<\/p>\n<p>Em resumo, a parceria entre a Uber e o iFood destaca n\u00e3o apenas as inova\u00e7\u00f5es que podem surgir, mas tamb\u00e9m os benef\u00edcios diretos que os motoristas e a mobilidade geral poder\u00e3o experimentar com esse desenvolvimento. Como afirmaram os CEOs, as melhores solu\u00e7\u00f5es est\u00e3o por vir, prometendo um futuro mais eficiente e conectado para o setor.<\/p>\n<p><strong>Fonte: 55content<\/strong><\/p>\n","protected":false},"excerpt":{"rendered":"<p>CEOs da Uber e iFood Falam Sobre Parceria Estrat\u00e9gica para Integrar Mobilidade e Delivery no Brasil A recente parceria entre a Uber e o iFood, anunciada em maio, promete transformar a experi\u00eancia de mobilidade e entrega no Brasil. O CEO da Uber, Dara Khosrowshahi, e o CEO do iFood, Diego Barreto, se reuniram em S\u00e3o &hellip;<\/p>\n","protected":false},"author":4,"featured_media":2296,"comment_status":"","ping_status":"open","sticky":false,"template":"","format":"standard","meta":{"footnotes":""},"categories":[49,77],"tags":[],"coauthors":[42],"class_list":["post-2295","post","type-post","status-publish","format-standard","has-post-thumbnail","hentry","category-aplicativos","category-motorista"],"yoast_head":"<!-- This site is optimized with the Yoast SEO Premium plugin v25.5 (Yoast SEO v27.4) - https:\/\/yoast.com\/product\/yoast-seo-premium-wordpress\/ -->\n<title>L\u00edderes da Uber e iFood discutem colabora\u00e7\u00e3o em mobilidade e entrega no Brasil. - Motorista.com.br<\/title>\n<meta name=\"robots\" content=\"index, follow, max-snippet:-1, max-image-preview:large, max-video-preview:-1\" \/>\n<link rel=\"canonical\" href=\"https:\/\/motorista.com.br\/noticias\/2025\/08\/02\/lideres-da-uber-e-ifood-discutem-colaboracao-em-mobilidade-e-entrega-no-brasil\/\" \/>\n<meta property=\"og:locale\" content=\"pt_BR\" \/>\n<meta property=\"og:type\" content=\"article\" \/>\n<meta property=\"og:title\" content=\"L\u00edderes da Uber e iFood discutem colabora\u00e7\u00e3o em mobilidade e entrega no Brasil.\" \/>\n<meta property=\"og:description\" content=\"CEOs da Uber e iFood Falam Sobre Parceria Estrat\u00e9gica para Integrar Mobilidade e Delivery no Brasil A recente parceria entre a Uber e o iFood, anunciada em maio, promete transformar a experi\u00eancia de mobilidade e entrega no Brasil. O CEO da Uber, Dara Khosrowshahi, e o CEO do iFood, Diego Barreto, se reuniram em S\u00e3o &hellip;\" \/>\n<meta property=\"og:url\" content=\"https:\/\/motorista.com.br\/noticias\/2025\/08\/02\/lideres-da-uber-e-ifood-discutem-colaboracao-em-mobilidade-e-entrega-no-brasil\/\" \/>\n<meta property=\"og:site_name\" content=\"Motorista.com.br\" \/>\n<meta property=\"article:published_time\" content=\"2025-08-02T20:15:27+00:00\" \/>\n<meta name=\"author\" content=\"Equipe Reda\u00e7\u00e3o\" \/>\n<meta name=\"twitter:card\" content=\"summary_large_image\" \/>\n<meta name=\"twitter:label1\" content=\"Escrito por\" \/>\n\t<meta name=\"twitter:data1\" content=\"Equipe Reda\u00e7\u00e3o\" \/>\n\t<meta name=\"twitter:label2\" content=\"Est. tempo de leitura\" \/>\n\t<meta name=\"twitter:data2\" content=\"3 minutos\" \/>\n\t<meta name=\"twitter:label3\" content=\"Written by\" \/>\n\t<meta name=\"twitter:data3\" content=\"Equipe Reda\u00e7\u00e3o\" \/>\n<script type=\"application\/ld+json\" class=\"yoast-schema-graph\">{\"@context\":\"https:\\\/\\\/schema.org\",\"@graph\":[{\"@type\":\"Article\",\"@id\":\"https:\\\/\\\/motorista.com.br\\\/noticias\\\/2025\\\/08\\\/02\\\/lideres-da-uber-e-ifood-discutem-colaboracao-em-mobilidade-e-entrega-no-brasil\\\/#article\",\"isPartOf\":{\"@id\":\"https:\\\/\\\/motorista.com.br\\\/noticias\\\/2025\\\/08\\\/02\\\/lideres-da-uber-e-ifood-discutem-colaboracao-em-mobilidade-e-entrega-no-brasil\\\/\"},\"author\":{\"name\":\"Equipe Reda\u00e7\u00e3o\",\"@id\":\"https:\\\/\\\/motorista.com.br\\\/noticias\\\/#\\\/schema\\\/person\\\/dc93afc2981c0e3ce6bc3c053fd847be\"},\"headline\":\"L\u00edderes da Uber e iFood discutem colabora\u00e7\u00e3o em mobilidade e entrega no Brasil.\",\"datePublished\":\"2025-08-02T20:15:27+00:00\",\"mainEntityOfPage\":{\"@id\":\"https:\\\/\\\/motorista.com.br\\\/noticias\\\/2025\\\/08\\\/02\\\/lideres-da-uber-e-ifood-discutem-colaboracao-em-mobilidade-e-entrega-no-brasil\\\/\"},\"wordCount\":516,\"publisher\":{\"@id\":\"https:\\\/\\\/motorista.com.br\\\/noticias\\\/#organization\"},\"image\":{\"@id\":\"https:\\\/\\\/motorista.com.br\\\/noticias\\\/2025\\\/08\\\/02\\\/lideres-da-uber-e-ifood-discutem-colaboracao-em-mobilidade-e-entrega-no-brasil\\\/#primaryimage\"},\"thumbnailUrl\":\"https:\\\/\\\/motorista.com.br\\\/noticias\\\/wp-content\\\/uploads\\\/2025\\\/08\\\/daradiego.png\",\"articleSection\":[\"Aplicativos\",\"Motorista\"],\"inLanguage\":\"pt-BR\"},{\"@type\":\"WebPage\",\"@id\":\"https:\\\/\\\/motorista.com.br\\\/noticias\\\/2025\\\/08\\\/02\\\/lideres-da-uber-e-ifood-discutem-colaboracao-em-mobilidade-e-entrega-no-brasil\\\/\",\"url\":\"https:\\\/\\\/motorista.com.br\\\/noticias\\\/2025\\\/08\\\/02\\\/lideres-da-uber-e-ifood-discutem-colaboracao-em-mobilidade-e-entrega-no-brasil\\\/\",\"name\":\"L\u00edderes da Uber e iFood discutem colabora\u00e7\u00e3o em mobilidade e entrega no Brasil. - Motorista.com.br\",\"isPartOf\":{\"@id\":\"https:\\\/\\\/motorista.com.br\\\/noticias\\\/#website\"},\"primaryImageOfPage\":{\"@id\":\"https:\\\/\\\/motorista.com.br\\\/noticias\\\/2025\\\/08\\\/02\\\/lideres-da-uber-e-ifood-discutem-colaboracao-em-mobilidade-e-entrega-no-brasil\\\/#primaryimage\"},\"image\":{\"@id\":\"https:\\\/\\\/motorista.com.br\\\/noticias\\\/2025\\\/08\\\/02\\\/lideres-da-uber-e-ifood-discutem-colaboracao-em-mobilidade-e-entrega-no-brasil\\\/#primaryimage\"},\"thumbnailUrl\":\"https:\\\/\\\/motorista.com.br\\\/noticias\\\/wp-content\\\/uploads\\\/2025\\\/08\\\/daradiego.png\",\"datePublished\":\"2025-08-02T20:15:27+00:00\",\"breadcrumb\":{\"@id\":\"https:\\\/\\\/motorista.com.br\\\/noticias\\\/2025\\\/08\\\/02\\\/lideres-da-uber-e-ifood-discutem-colaboracao-em-mobilidade-e-entrega-no-brasil\\\/#breadcrumb\"},\"inLanguage\":\"pt-BR\",\"potentialAction\":[{\"@type\":\"ReadAction\",\"target\":[\"https:\\\/\\\/motorista.com.br\\\/noticias\\\/2025\\\/08\\\/02\\\/lideres-da-uber-e-ifood-discutem-colaboracao-em-mobilidade-e-entrega-no-brasil\\\/\"]}]},{\"@type\":\"ImageObject\",\"inLanguage\":\"pt-BR\",\"@id\":\"https:\\\/\\\/motorista.com.br\\\/noticias\\\/2025\\\/08\\\/02\\\/lideres-da-uber-e-ifood-discutem-colaboracao-em-mobilidade-e-entrega-no-brasil\\\/#primaryimage\",\"url\":\"https:\\\/\\\/motorista.com.br\\\/noticias\\\/wp-content\\\/uploads\\\/2025\\\/08\\\/daradiego.png\",\"contentUrl\":\"https:\\\/\\\/motorista.com.br\\\/noticias\\\/wp-content\\\/uploads\\\/2025\\\/08\\\/daradiego.png\",\"width\":600,\"height\":350},{\"@type\":\"BreadcrumbList\",\"@id\":\"https:\\\/\\\/motorista.com.br\\\/noticias\\\/2025\\\/08\\\/02\\\/lideres-da-uber-e-ifood-discutem-colaboracao-em-mobilidade-e-entrega-no-brasil\\\/#breadcrumb\",\"itemListElement\":[{\"@type\":\"ListItem\",\"position\":1,\"name\":\"In\u00edcio\",\"item\":\"https:\\\/\\\/motorista.com.br\\\/noticias\\\/\"},{\"@type\":\"ListItem\",\"position\":2,\"name\":\"L\u00edderes da Uber e iFood discutem colabora\u00e7\u00e3o em mobilidade e entrega no Brasil.\"}]},{\"@type\":\"WebSite\",\"@id\":\"https:\\\/\\\/motorista.com.br\\\/noticias\\\/#website\",\"url\":\"https:\\\/\\\/motorista.com.br\\\/noticias\\\/\",\"name\":\"Motorista.com.br\",\"description\":\"Not\u00edcia do Motorista\",\"publisher\":{\"@id\":\"https:\\\/\\\/motorista.com.br\\\/noticias\\\/#organization\"},\"potentialAction\":[{\"@type\":\"SearchAction\",\"target\":{\"@type\":\"EntryPoint\",\"urlTemplate\":\"https:\\\/\\\/motorista.com.br\\\/noticias\\\/?s={search_term_string}\"},\"query-input\":{\"@type\":\"PropertyValueSpecification\",\"valueRequired\":true,\"valueName\":\"search_term_string\"}}],\"inLanguage\":\"pt-BR\"},{\"@type\":\"Organization\",\"@id\":\"https:\\\/\\\/motorista.com.br\\\/noticias\\\/#organization\",\"name\":\"Motorista.com.br\",\"url\":\"https:\\\/\\\/motorista.com.br\\\/noticias\\\/\",\"logo\":{\"@type\":\"ImageObject\",\"inLanguage\":\"pt-BR\",\"@id\":\"https:\\\/\\\/motorista.com.br\\\/noticias\\\/#\\\/schema\\\/logo\\\/image\\\/\",\"url\":\"https:\\\/\\\/motorista.com.br\\\/noticias\\\/wp-content\\\/uploads\\\/2025\\\/06\\\/Design-sem-nome-9.png\",\"contentUrl\":\"https:\\\/\\\/motorista.com.br\\\/noticias\\\/wp-content\\\/uploads\\\/2025\\\/06\\\/Design-sem-nome-9.png\",\"width\":150,\"height\":85,\"caption\":\"Motorista.com.br\"},\"image\":{\"@id\":\"https:\\\/\\\/motorista.com.br\\\/noticias\\\/#\\\/schema\\\/logo\\\/image\\\/\"}},{\"@type\":\"Person\",\"@id\":\"https:\\\/\\\/motorista.com.br\\\/noticias\\\/#\\\/schema\\\/person\\\/dc93afc2981c0e3ce6bc3c053fd847be\",\"name\":\"Equipe Reda\u00e7\u00e3o\",\"image\":{\"@type\":\"ImageObject\",\"inLanguage\":\"pt-BR\",\"@id\":\"https:\\\/\\\/secure.gravatar.com\\\/avatar\\\/4f525efbf18dd2bb300ccad28bfb99d95a9465a5ba268407c8c37b37e1f28d2d?s=96&d=mm&r=g9e099043a0c61e9ae27e293b9fa75ffc\",\"url\":\"https:\\\/\\\/secure.gravatar.com\\\/avatar\\\/4f525efbf18dd2bb300ccad28bfb99d95a9465a5ba268407c8c37b37e1f28d2d?s=96&d=mm&r=g\",\"contentUrl\":\"https:\\\/\\\/secure.gravatar.com\\\/avatar\\\/4f525efbf18dd2bb300ccad28bfb99d95a9465a5ba268407c8c37b37e1f28d2d?s=96&d=mm&r=g\",\"caption\":\"Equipe Reda\u00e7\u00e3o\"},\"description\":\"Equipe de reda\u00e7\u00e3o \u00e9 um grupo de profissionais que trabalham juntos para criar conte\u00fado escrito para Motorista.com.br\",\"url\":\"https:\\\/\\\/motorista.com.br\\\/noticias\\\/author\\\/equiperedacao\\\/\"}]}<\/script>\n<!-- \/ Yoast SEO Premium plugin. -->","yoast_head_json":{"title":"L\u00edderes da Uber e iFood discutem colabora\u00e7\u00e3o em mobilidade e entrega no Brasil. - Motorista.com.br","robots":{"index":"index","follow":"follow","max-snippet":"max-snippet:-1","max-image-preview":"max-image-preview:large","max-video-preview":"max-video-preview:-1"},"canonical":"https:\/\/motorista.com.br\/noticias\/2025\/08\/02\/lideres-da-uber-e-ifood-discutem-colaboracao-em-mobilidade-e-entrega-no-brasil\/","og_locale":"pt_BR","og_type":"article","og_title":"L\u00edderes da Uber e iFood discutem colabora\u00e7\u00e3o em mobilidade e entrega no Brasil.","og_description":"CEOs da Uber e iFood Falam Sobre Parceria Estrat\u00e9gica para Integrar Mobilidade e Delivery no Brasil A recente parceria entre a Uber e o iFood, anunciada em maio, promete transformar a experi\u00eancia de mobilidade e entrega no Brasil. O CEO da Uber, Dara Khosrowshahi, e o CEO do iFood, Diego Barreto, se reuniram em S\u00e3o &hellip;","og_url":"https:\/\/motorista.com.br\/noticias\/2025\/08\/02\/lideres-da-uber-e-ifood-discutem-colaboracao-em-mobilidade-e-entrega-no-brasil\/","og_site_name":"Motorista.com.br","article_published_time":"2025-08-02T20:15:27+00:00","author":"Equipe Reda\u00e7\u00e3o","twitter_card":"summary_large_image","twitter_misc":{"Escrito por":"Equipe Reda\u00e7\u00e3o","Est. tempo de leitura":"3 minutos","Written by":"Equipe Reda\u00e7\u00e3o"},"schema":{"@context":"https:\/\/schema.org","@graph":[{"@type":"Article","@id":"https:\/\/motorista.com.br\/noticias\/2025\/08\/02\/lideres-da-uber-e-ifood-discutem-colaboracao-em-mobilidade-e-entrega-no-brasil\/#article","isPartOf":{"@id":"https:\/\/motorista.com.br\/noticias\/2025\/08\/02\/lideres-da-uber-e-ifood-discutem-colaboracao-em-mobilidade-e-entrega-no-brasil\/"},"author":{"name":"Equipe Reda\u00e7\u00e3o","@id":"https:\/\/motorista.com.br\/noticias\/#\/schema\/person\/dc93afc2981c0e3ce6bc3c053fd847be"},"headline":"L\u00edderes da Uber e iFood discutem colabora\u00e7\u00e3o em mobilidade e entrega no Brasil.","datePublished":"2025-08-02T20:15:27+00:00","mainEntityOfPage":{"@id":"https:\/\/motorista.com.br\/noticias\/2025\/08\/02\/lideres-da-uber-e-ifood-discutem-colaboracao-em-mobilidade-e-entrega-no-brasil\/"},"wordCount":516,"publisher":{"@id":"https:\/\/motorista.com.br\/noticias\/#organization"},"image":{"@id":"https:\/\/motorista.com.br\/noticias\/2025\/08\/02\/lideres-da-uber-e-ifood-discutem-colaboracao-em-mobilidade-e-entrega-no-brasil\/#primaryimage"},"thumbnailUrl":"https:\/\/motorista.com.br\/noticias\/wp-content\/uploads\/2025\/08\/daradiego.png","articleSection":["Aplicativos","Motorista"],"inLanguage":"pt-BR"},{"@type":"WebPage","@id":"https:\/\/motorista.com.br\/noticias\/2025\/08\/02\/lideres-da-uber-e-ifood-discutem-colaboracao-em-mobilidade-e-entrega-no-brasil\/","url":"https:\/\/motorista.com.br\/noticias\/2025\/08\/02\/lideres-da-uber-e-ifood-discutem-colaboracao-em-mobilidade-e-entrega-no-brasil\/","name":"L\u00edderes da Uber e iFood discutem colabora\u00e7\u00e3o em mobilidade e entrega no Brasil. - Motorista.com.br","isPartOf":{"@id":"https:\/\/motorista.com.br\/noticias\/#website"},"primaryImageOfPage":{"@id":"https:\/\/motorista.com.br\/noticias\/2025\/08\/02\/lideres-da-uber-e-ifood-discutem-colaboracao-em-mobilidade-e-entrega-no-brasil\/#primaryimage"},"image":{"@id":"https:\/\/motorista.com.br\/noticias\/2025\/08\/02\/lideres-da-uber-e-ifood-discutem-colaboracao-em-mobilidade-e-entrega-no-brasil\/#primaryimage"},"thumbnailUrl":"https:\/\/motorista.com.br\/noticias\/wp-content\/uploads\/2025\/08\/daradiego.png","datePublished":"2025-08-02T20:15:27+00:00","breadcrumb":{"@id":"https:\/\/motorista.com.br\/noticias\/2025\/08\/02\/lideres-da-uber-e-ifood-discutem-colaboracao-em-mobilidade-e-entrega-no-brasil\/#breadcrumb"},"inLanguage":"pt-BR","potentialAction":[{"@type":"ReadAction","target":["https:\/\/motorista.com.br\/noticias\/2025\/08\/02\/lideres-da-uber-e-ifood-discutem-colaboracao-em-mobilidade-e-entrega-no-brasil\/"]}]},{"@type":"ImageObject","inLanguage":"pt-BR","@id":"https:\/\/motorista.com.br\/noticias\/2025\/08\/02\/lideres-da-uber-e-ifood-discutem-colaboracao-em-mobilidade-e-entrega-no-brasil\/#primaryimage","url":"https:\/\/motorista.com.br\/noticias\/wp-content\/uploads\/2025\/08\/daradiego.png","contentUrl":"https:\/\/motorista.com.br\/noticias\/wp-content\/uploads\/2025\/08\/daradiego.png","width":600,"height":350},{"@type":"BreadcrumbList","@id":"https:\/\/motorista.com.br\/noticias\/2025\/08\/02\/lideres-da-uber-e-ifood-discutem-colaboracao-em-mobilidade-e-entrega-no-brasil\/#breadcrumb","itemListElement":[{"@type":"ListItem","position":1,"name":"In\u00edcio","item":"https:\/\/motorista.com.br\/noticias\/"},{"@type":"ListItem","position":2,"name":"L\u00edderes da Uber e iFood discutem colabora\u00e7\u00e3o em mobilidade e entrega no Brasil."}]},{"@type":"WebSite","@id":"https:\/\/motorista.com.br\/noticias\/#website","url":"https:\/\/motorista.com.br\/noticias\/","name":"Motorista.com.br","description":"Not\u00edcia do Motorista","publisher":{"@id":"https:\/\/motorista.com.br\/noticias\/#organization"},"potentialAction":[{"@type":"SearchAction","target":{"@type":"EntryPoint","urlTemplate":"https:\/\/motorista.com.br\/noticias\/?s={search_term_string}"},"query-input":{"@type":"PropertyValueSpecification","valueRequired":true,"valueName":"search_term_string"}}],"inLanguage":"pt-BR"},{"@type":"Organization","@id":"https:\/\/motorista.com.br\/noticias\/#organization","name":"Motorista.com.br","url":"https:\/\/motorista.com.br\/noticias\/","logo":{"@type":"ImageObject","inLanguage":"pt-BR","@id":"https:\/\/motorista.com.br\/noticias\/#\/schema\/logo\/image\/","url":"https:\/\/motorista.com.br\/noticias\/wp-content\/uploads\/2025\/06\/Design-sem-nome-9.png","contentUrl":"https:\/\/motorista.com.br\/noticias\/wp-content\/uploads\/2025\/06\/Design-sem-nome-9.png","width":150,"height":85,"caption":"Motorista.com.br"},"image":{"@id":"https:\/\/motorista.com.br\/noticias\/#\/schema\/logo\/image\/"}},{"@type":"Person","@id":"https:\/\/motorista.com.br\/noticias\/#\/schema\/person\/dc93afc2981c0e3ce6bc3c053fd847be","name":"Equipe Reda\u00e7\u00e3o","image":{"@type":"ImageObject","inLanguage":"pt-BR","@id":"https:\/\/secure.gravatar.com\/avatar\/4f525efbf18dd2bb300ccad28bfb99d95a9465a5ba268407c8c37b37e1f28d2d?s=96&d=mm&r=g9e099043a0c61e9ae27e293b9fa75ffc","url":"https:\/\/secure.gravatar.com\/avatar\/4f525efbf18dd2bb300ccad28bfb99d95a9465a5ba268407c8c37b37e1f28d2d?s=96&d=mm&r=g","contentUrl":"https:\/\/secure.gravatar.com\/avatar\/4f525efbf18dd2bb300ccad28bfb99d95a9465a5ba268407c8c37b37e1f28d2d?s=96&d=mm&r=g","caption":"Equipe Reda\u00e7\u00e3o"},"description":"Equipe de reda\u00e7\u00e3o \u00e9 um grupo de profissionais que trabalham juntos para criar conte\u00fado escrito para Motorista.com.br","url":"https:\/\/motorista.com.br\/noticias\/author\/equiperedacao\/"}]}},"_links":{"self":[{"href":"https:\/\/motorista.com.br\/noticias\/wp-json\/wp\/v2\/posts\/2295","targetHints":{"allow":["GET"]}}],"collection":[{"href":"https:\/\/motorista.com.br\/noticias\/wp-json\/wp\/v2\/posts"}],"about":[{"href":"https:\/\/motorista.com.br\/noticias\/wp-json\/wp\/v2\/types\/post"}],"author":[{"embeddable":true,"href":"https:\/\/motorista.com.br\/noticias\/wp-json\/wp\/v2\/users\/4"}],"replies":[{"embeddable":true,"href":"https:\/\/motorista.com.br\/noticias\/wp-json\/wp\/v2\/comments?post=2295"}],"version-history":[{"count":0,"href":"https:\/\/motorista.com.br\/noticias\/wp-json\/wp\/v2\/posts\/2295\/revisions"}],"wp:featuredmedia":[{"embeddable":true,"href":"https:\/\/motorista.com.br\/noticias\/wp-json\/wp\/v2\/media\/2296"}],"wp:attachment":[{"href":"https:\/\/motorista.com.br\/noticias\/wp-json\/wp\/v2\/media?parent=2295"}],"wp:term":[{"taxonomy":"category","embeddable":true,"href":"https:\/\/motorista.com.br\/noticias\/wp-json\/wp\/v2\/categories?post=2295"},{"taxonomy":"post_tag","embeddable":true,"href":"https:\/\/motorista.com.br\/noticias\/wp-json\/wp\/v2\/tags?post=2295"},{"taxonomy":"author","embeddable":true,"href":"https:\/\/motorista.com.br\/noticias\/wp-json\/wp\/v2\/coauthors?post=2295"}],"curies":[{"name":"wp","href":"https:\/\/api.w.org\/{rel}","templated":true}]}}