{"id":14409,"date":"2026-09-06T17:45:14","date_gmt":"2026-09-06T20:45:14","guid":{"rendered":"https:\/\/motorista.com.br\/noticias\/2026\/09\/06\/gestao-de-risco-perfil-do-motorista-e-lgpd-na-lei-no-15-485-2026\/"},"modified":"2026-09-06T17:45:14","modified_gmt":"2026-09-06T20:45:14","slug":"gestao-de-risco-perfil-do-motorista-e-lgpd-na-lei-no-15-485-2026","status":"publish","type":"post","link":"https:\/\/motorista.com.br\/noticias\/2026\/09\/06\/gestao-de-risco-perfil-do-motorista-e-lgpd-na-lei-no-15-485-2026\/","title":{"rendered":"Gest\u00e3o de risco, perfil do motorista e LGPD na Lei n\u00ba 15.485\/2026"},"content":{"rendered":"<p><\/p>\n<h3>Gerenciadoras de Risco, Perfil Profissional do Motorista e LGPD sob a \u00d3tica da Lei n\u00ba 15.485\/2026<\/h3>\n<p>Nos \u00faltimos anos, a rela\u00e7\u00e3o entre motoristas profissionais, especialmente os Transportadores Aut\u00f4nomos de Cargas (TAC), e as gerenciadoras de risco tem ganhado especial aten\u00e7\u00e3o. Uma pr\u00e1tica recorrente nesse cen\u00e1rio \u00e9 a reprova\u00e7\u00e3o do perfil do motorista, que pode ser definida por termos como \u201cperfil n\u00e3o aprovado\u201d ou \u201cn\u00e3o recomendado\u201d. Essa situa\u00e7\u00e3o, que parece simples \u00e0 primeira vista, pode ter consequ\u00eancias severas, resultando na perda de oportunidades de trabalho e impactos diretos na renda dos motoristas.<\/p>\n<p>A Lei n\u00ba 15.485\/2026, que modifica a Lei n\u00ba 11.442\/2007, traz um novo sopro de esperan\u00e7a ao setor, introduzindo diretrizes mais r\u00edgidas para o uso de dados pessoais. A ANTT agora possui a responsabilidade de regulamentar as condutas das empresas de gerenciamento de riscos, o que inclui a fiscaliza\u00e7\u00e3o sobre os dados utilizados para forma\u00e7\u00e3o do perfil profissional dos motoristas.<\/p>\n<p>Esta mudan\u00e7a legislativa n\u00e3o se resume apenas a garantir mais transpar\u00eancia; ela tamb\u00e9m refor\u00e7a a import\u00e2ncia da conformidade com a Lei Geral de Prote\u00e7\u00e3o de Dados Pessoais (LGPD). A nova norma pro\u00edbe que informa\u00e7\u00f5es n\u00e3o relacionadas \u00e0 opera\u00e7\u00e3o de transporte, oriundas de processos judiciais ainda n\u00e3o conclu\u00eddos, sejam utilizadas para barrar ou limitar contrata\u00e7\u00f5es. Tal disposi\u00e7\u00e3o visa proteger motoristas de decis\u00f5es que podem ser precipitadas e baseadas em dados irrelevantes \u00e0 sua atividade.<\/p>\n<p>Essas altera\u00e7\u00f5es t\u00eam um impacto significativo na mobilidade e na seguran\u00e7a do transporte rodovi\u00e1rio de cargas. Para os motoristas, especialmente os aut\u00f4nomos, \u00e9 vital entender que agora existem mecanismos legais para contestar informa\u00e7\u00f5es que possam afetar sua capacidade de trabalho. Isso promove um ambiente mais justo e equitativo, permitindo que motoristas questionem decis\u00f5es, solicitem revis\u00f5es e busquem corre\u00e7\u00f5es quando necess\u00e1rio.<\/p>\n<p>Al\u00e9m disso, a responsabilidade maior das gerenciadoras de risco exige delas uma governan\u00e7a mais rigorosa sobre como os dados s\u00e3o coletados e analisados. As transportadoras e empresas do setor log\u00edstico, por sua vez, precisam se adaptar a essa nova realidade, compreendendo que a an\u00e1lise do perfil profissional deve ser criteriosa e baseada em dados relevantes e leg\u00edtimos.<\/p>\n<p>O debate agora n\u00e3o \u00e9 apenas sobre a aprova\u00e7\u00e3o ou reprova\u00e7\u00e3o de motoristas, mas sobre a origem e a validade dos dados utilizados. Quest\u00f5es como \u201cquais dados foram utilizados?\u201d, \u201cqual \u00e9 a sua origem?\u201d e \u201cpara que finalidade foram coletados?\u201d tornam-se ainda mais cruciais. Isso n\u00e3o apenas apoia a luta dos motoristas por uma maior prote\u00e7\u00e3o de seus direitos, mas tamb\u00e9m, mais amplamente, possibilita uma mobilidade mais segura e eficiente no setor.<\/p>\n<p>Por fim, a Lei n\u00ba 15.485\/2026 n\u00e3o apenas promove a prote\u00e7\u00e3o dos motoristas, mas tamb\u00e9m estabelece um padr\u00e3o \u00e9tico e legal para a utiliza\u00e7\u00e3o de dados no transporte rodovi\u00e1rio de cargas. Os motoristas e as empresas t\u00eam agora um chamado \u00e0 a\u00e7\u00e3o, buscando uma mobilidade que respeite os direitos individuais e promova um mercado mais transparente e justo. A era da informa\u00e7\u00e3o deve ser, acima de tudo, uma era de responsabilidade.<\/p>\n","protected":false},"excerpt":{"rendered":"<p>Gerenciadoras de Risco, Perfil Profissional do Motorista e LGPD sob a \u00d3tica da Lei n\u00ba 15.485\/2026 Nos \u00faltimos anos, a rela\u00e7\u00e3o entre motoristas profissionais, especialmente os Transportadores Aut\u00f4nomos de Cargas (TAC), e as gerenciadoras de risco tem ganhado especial aten\u00e7\u00e3o. Uma pr\u00e1tica recorrente nesse cen\u00e1rio \u00e9 a reprova\u00e7\u00e3o do perfil do motorista, que pode ser &hellip;<\/p>\n","protected":false},"author":4,"featured_media":2046,"comment_status":"","ping_status":"open","sticky":false,"template":"","format":"standard","meta":{"footnotes":""},"categories":[78,77],"tags":[],"coauthors":[42],"class_list":["post-14409","post","type-post","status-publish","format-standard","has-post-thumbnail","hentry","category-carreteiro","category-motorista"],"yoast_head":"<!-- This site is optimized with the Yoast SEO Premium plugin v27.6.1 (Yoast SEO v28.4) - https:\/\/yoast.com\/product\/yoast-seo-premium-wordpress\/ -->\n<title>Gest\u00e3o de risco, perfil do motorista e LGPD na Lei n\u00ba 15.485\/2026 - Motorista.com.br<\/title>\n<meta name=\"robots\" content=\"index, follow, max-snippet:-1, max-image-preview:large, max-video-preview:-1\" \/>\n<link rel=\"canonical\" href=\"https:\/\/motorista.com.br\/noticias\/2026\/09\/06\/gestao-de-risco-perfil-do-motorista-e-lgpd-na-lei-no-15-485-2026\/\" \/>\n<meta property=\"og:locale\" content=\"pt_BR\" \/>\n<meta property=\"og:type\" content=\"article\" \/>\n<meta property=\"og:title\" content=\"Gest\u00e3o de risco, perfil do motorista e LGPD na Lei n\u00ba 15.485\/2026\" \/>\n<meta property=\"og:description\" content=\"Gerenciadoras de Risco, Perfil Profissional do Motorista e LGPD sob a \u00d3tica da Lei n\u00ba 15.485\/2026 Nos \u00faltimos anos, a rela\u00e7\u00e3o entre motoristas profissionais, especialmente os Transportadores Aut\u00f4nomos de Cargas (TAC), e as gerenciadoras de risco tem ganhado especial aten\u00e7\u00e3o. Uma pr\u00e1tica recorrente nesse cen\u00e1rio \u00e9 a reprova\u00e7\u00e3o do perfil do motorista, que pode ser &hellip;\" \/>\n<meta property=\"og:url\" content=\"https:\/\/motorista.com.br\/noticias\/2026\/09\/06\/gestao-de-risco-perfil-do-motorista-e-lgpd-na-lei-no-15-485-2026\/\" \/>\n<meta property=\"og:site_name\" content=\"Motorista.com.br\" \/>\n<meta property=\"article:published_time\" content=\"2026-09-06T20:45:14+00:00\" \/>\n<meta name=\"author\" content=\"Equipe Reda\u00e7\u00e3o\" \/>\n<meta name=\"twitter:card\" content=\"summary_large_image\" \/>\n<meta name=\"twitter:label1\" content=\"Escrito por\" \/>\n\t<meta name=\"twitter:data1\" content=\"Equipe Reda\u00e7\u00e3o\" \/>\n\t<meta name=\"twitter:label2\" content=\"Est. tempo de leitura\" \/>\n\t<meta name=\"twitter:data2\" content=\"3 minutos\" \/>\n\t<meta name=\"twitter:label3\" content=\"Written by\" \/>\n\t<meta name=\"twitter:data3\" content=\"Equipe Reda\u00e7\u00e3o\" \/>\n<script type=\"application\/ld+json\" class=\"yoast-schema-graph\">{\"@context\":\"https:\\\/\\\/schema.org\",\"@graph\":[{\"@type\":\"Article\",\"@id\":\"https:\\\/\\\/motorista.com.br\\\/noticias\\\/2026\\\/09\\\/06\\\/gestao-de-risco-perfil-do-motorista-e-lgpd-na-lei-no-15-485-2026\\\/#article\",\"isPartOf\":{\"@id\":\"https:\\\/\\\/motorista.com.br\\\/noticias\\\/2026\\\/09\\\/06\\\/gestao-de-risco-perfil-do-motorista-e-lgpd-na-lei-no-15-485-2026\\\/\"},\"author\":{\"name\":\"Equipe Reda\u00e7\u00e3o\",\"@id\":\"https:\\\/\\\/motorista.com.br\\\/noticias\\\/#\\\/schema\\\/person\\\/dc93afc2981c0e3ce6bc3c053fd847be\"},\"headline\":\"Gest\u00e3o de risco, perfil do motorista e LGPD na Lei n\u00ba 15.485\\\/2026\",\"datePublished\":\"2026-09-06T20:45:14+00:00\",\"mainEntityOfPage\":{\"@id\":\"https:\\\/\\\/motorista.com.br\\\/noticias\\\/2026\\\/09\\\/06\\\/gestao-de-risco-perfil-do-motorista-e-lgpd-na-lei-no-15-485-2026\\\/\"},\"wordCount\":546,\"publisher\":{\"@id\":\"https:\\\/\\\/motorista.com.br\\\/noticias\\\/#organization\"},\"image\":{\"@id\":\"https:\\\/\\\/motorista.com.br\\\/noticias\\\/2026\\\/09\\\/06\\\/gestao-de-risco-perfil-do-motorista-e-lgpd-na-lei-no-15-485-2026\\\/#primaryimage\"},\"thumbnailUrl\":\"https:\\\/\\\/motorista.com.br\\\/noticias\\\/wp-content\\\/uploads\\\/2025\\\/08\\\/caminhoneiro-triste-papeis-restricao.jpg\",\"articleSection\":[\"Carreteiro\",\"Motorista\"],\"inLanguage\":\"pt-BR\"},{\"@type\":\"WebPage\",\"@id\":\"https:\\\/\\\/motorista.com.br\\\/noticias\\\/2026\\\/09\\\/06\\\/gestao-de-risco-perfil-do-motorista-e-lgpd-na-lei-no-15-485-2026\\\/\",\"url\":\"https:\\\/\\\/motorista.com.br\\\/noticias\\\/2026\\\/09\\\/06\\\/gestao-de-risco-perfil-do-motorista-e-lgpd-na-lei-no-15-485-2026\\\/\",\"name\":\"Gest\u00e3o de risco, perfil do motorista e LGPD na Lei n\u00ba 15.485\\\/2026 - Motorista.com.br\",\"isPartOf\":{\"@id\":\"https:\\\/\\\/motorista.com.br\\\/noticias\\\/#website\"},\"primaryImageOfPage\":{\"@id\":\"https:\\\/\\\/motorista.com.br\\\/noticias\\\/2026\\\/09\\\/06\\\/gestao-de-risco-perfil-do-motorista-e-lgpd-na-lei-no-15-485-2026\\\/#primaryimage\"},\"image\":{\"@id\":\"https:\\\/\\\/motorista.com.br\\\/noticias\\\/2026\\\/09\\\/06\\\/gestao-de-risco-perfil-do-motorista-e-lgpd-na-lei-no-15-485-2026\\\/#primaryimage\"},\"thumbnailUrl\":\"https:\\\/\\\/motorista.com.br\\\/noticias\\\/wp-content\\\/uploads\\\/2025\\\/08\\\/caminhoneiro-triste-papeis-restricao.jpg\",\"datePublished\":\"2026-09-06T20:45:14+00:00\",\"breadcrumb\":{\"@id\":\"https:\\\/\\\/motorista.com.br\\\/noticias\\\/2026\\\/09\\\/06\\\/gestao-de-risco-perfil-do-motorista-e-lgpd-na-lei-no-15-485-2026\\\/#breadcrumb\"},\"inLanguage\":\"pt-BR\",\"potentialAction\":[{\"@type\":\"ReadAction\",\"target\":[\"https:\\\/\\\/motorista.com.br\\\/noticias\\\/2026\\\/09\\\/06\\\/gestao-de-risco-perfil-do-motorista-e-lgpd-na-lei-no-15-485-2026\\\/\"]}]},{\"@type\":\"ImageObject\",\"inLanguage\":\"pt-BR\",\"@id\":\"https:\\\/\\\/motorista.com.br\\\/noticias\\\/2026\\\/09\\\/06\\\/gestao-de-risco-perfil-do-motorista-e-lgpd-na-lei-no-15-485-2026\\\/#primaryimage\",\"url\":\"https:\\\/\\\/motorista.com.br\\\/noticias\\\/wp-content\\\/uploads\\\/2025\\\/08\\\/caminhoneiro-triste-papeis-restricao.jpg\",\"contentUrl\":\"https:\\\/\\\/motorista.com.br\\\/noticias\\\/wp-content\\\/uploads\\\/2025\\\/08\\\/caminhoneiro-triste-papeis-restricao.jpg\",\"width\":1200,\"height\":850},{\"@type\":\"BreadcrumbList\",\"@id\":\"https:\\\/\\\/motorista.com.br\\\/noticias\\\/2026\\\/09\\\/06\\\/gestao-de-risco-perfil-do-motorista-e-lgpd-na-lei-no-15-485-2026\\\/#breadcrumb\",\"itemListElement\":[{\"@type\":\"ListItem\",\"position\":1,\"name\":\"In\u00edcio\",\"item\":\"https:\\\/\\\/motorista.com.br\\\/noticias\\\/\"},{\"@type\":\"ListItem\",\"position\":2,\"name\":\"Gest\u00e3o de risco, perfil do motorista e LGPD na Lei n\u00ba 15.485\\\/2026\"}]},{\"@type\":\"WebSite\",\"@id\":\"https:\\\/\\\/motorista.com.br\\\/noticias\\\/#website\",\"url\":\"https:\\\/\\\/motorista.com.br\\\/noticias\\\/\",\"name\":\"Motorista.com.br\",\"description\":\"Not\u00edcia do Motorista\",\"publisher\":{\"@id\":\"https:\\\/\\\/motorista.com.br\\\/noticias\\\/#organization\"},\"potentialAction\":[{\"@type\":\"SearchAction\",\"target\":{\"@type\":\"EntryPoint\",\"urlTemplate\":\"https:\\\/\\\/motorista.com.br\\\/noticias\\\/?s={search_term_string}\"},\"query-input\":{\"@type\":\"PropertyValueSpecification\",\"valueRequired\":true,\"valueName\":\"search_term_string\"}}],\"inLanguage\":\"pt-BR\"},{\"@type\":\"Organization\",\"@id\":\"https:\\\/\\\/motorista.com.br\\\/noticias\\\/#organization\",\"name\":\"Motorista.com.br\",\"url\":\"https:\\\/\\\/motorista.com.br\\\/noticias\\\/\",\"logo\":{\"@type\":\"ImageObject\",\"inLanguage\":\"pt-BR\",\"@id\":\"https:\\\/\\\/motorista.com.br\\\/noticias\\\/#\\\/schema\\\/logo\\\/image\\\/\",\"url\":\"https:\\\/\\\/motorista.com.br\\\/noticias\\\/wp-content\\\/uploads\\\/2025\\\/06\\\/Design-sem-nome-9.png\",\"contentUrl\":\"https:\\\/\\\/motorista.com.br\\\/noticias\\\/wp-content\\\/uploads\\\/2025\\\/06\\\/Design-sem-nome-9.png\",\"width\":150,\"height\":85,\"caption\":\"Motorista.com.br\"},\"image\":{\"@id\":\"https:\\\/\\\/motorista.com.br\\\/noticias\\\/#\\\/schema\\\/logo\\\/image\\\/\"}},{\"@type\":\"Person\",\"@id\":\"https:\\\/\\\/motorista.com.br\\\/noticias\\\/#\\\/schema\\\/person\\\/dc93afc2981c0e3ce6bc3c053fd847be\",\"name\":\"Equipe Reda\u00e7\u00e3o\",\"image\":{\"@type\":\"ImageObject\",\"inLanguage\":\"pt-BR\",\"@id\":\"https:\\\/\\\/secure.gravatar.com\\\/avatar\\\/4f525efbf18dd2bb300ccad28bfb99d95a9465a5ba268407c8c37b37e1f28d2d?s=96&d=mm&r=g9e099043a0c61e9ae27e293b9fa75ffc\",\"url\":\"https:\\\/\\\/secure.gravatar.com\\\/avatar\\\/4f525efbf18dd2bb300ccad28bfb99d95a9465a5ba268407c8c37b37e1f28d2d?s=96&d=mm&r=g\",\"contentUrl\":\"https:\\\/\\\/secure.gravatar.com\\\/avatar\\\/4f525efbf18dd2bb300ccad28bfb99d95a9465a5ba268407c8c37b37e1f28d2d?s=96&d=mm&r=g\",\"caption\":\"Equipe Reda\u00e7\u00e3o\"},\"description\":\"Equipe de reda\u00e7\u00e3o \u00e9 um grupo de profissionais que trabalham juntos para criar conte\u00fado escrito para Motorista.com.br\",\"url\":\"https:\\\/\\\/motorista.com.br\\\/noticias\\\/author\\\/equiperedacao\\\/\"}]}<\/script>\n<!-- \/ Yoast SEO Premium plugin. -->","yoast_head_json":{"title":"Gest\u00e3o de risco, perfil do motorista e LGPD na Lei n\u00ba 15.485\/2026 - Motorista.com.br","robots":{"index":"index","follow":"follow","max-snippet":"max-snippet:-1","max-image-preview":"max-image-preview:large","max-video-preview":"max-video-preview:-1"},"canonical":"https:\/\/motorista.com.br\/noticias\/2026\/09\/06\/gestao-de-risco-perfil-do-motorista-e-lgpd-na-lei-no-15-485-2026\/","og_locale":"pt_BR","og_type":"article","og_title":"Gest\u00e3o de risco, perfil do motorista e LGPD na Lei n\u00ba 15.485\/2026","og_description":"Gerenciadoras de Risco, Perfil Profissional do Motorista e LGPD sob a \u00d3tica da Lei n\u00ba 15.485\/2026 Nos \u00faltimos anos, a rela\u00e7\u00e3o entre motoristas profissionais, especialmente os Transportadores Aut\u00f4nomos de Cargas (TAC), e as gerenciadoras de risco tem ganhado especial aten\u00e7\u00e3o. Uma pr\u00e1tica recorrente nesse cen\u00e1rio \u00e9 a reprova\u00e7\u00e3o do perfil do motorista, que pode ser &hellip;","og_url":"https:\/\/motorista.com.br\/noticias\/2026\/09\/06\/gestao-de-risco-perfil-do-motorista-e-lgpd-na-lei-no-15-485-2026\/","og_site_name":"Motorista.com.br","article_published_time":"2026-09-06T20:45:14+00:00","author":"Equipe Reda\u00e7\u00e3o","twitter_card":"summary_large_image","twitter_misc":{"Escrito por":"Equipe Reda\u00e7\u00e3o","Est. tempo de leitura":"3 minutos","Written by":"Equipe Reda\u00e7\u00e3o"},"schema":{"@context":"https:\/\/schema.org","@graph":[{"@type":"Article","@id":"https:\/\/motorista.com.br\/noticias\/2026\/09\/06\/gestao-de-risco-perfil-do-motorista-e-lgpd-na-lei-no-15-485-2026\/#article","isPartOf":{"@id":"https:\/\/motorista.com.br\/noticias\/2026\/09\/06\/gestao-de-risco-perfil-do-motorista-e-lgpd-na-lei-no-15-485-2026\/"},"author":{"name":"Equipe Reda\u00e7\u00e3o","@id":"https:\/\/motorista.com.br\/noticias\/#\/schema\/person\/dc93afc2981c0e3ce6bc3c053fd847be"},"headline":"Gest\u00e3o de risco, perfil do motorista e LGPD na Lei n\u00ba 15.485\/2026","datePublished":"2026-09-06T20:45:14+00:00","mainEntityOfPage":{"@id":"https:\/\/motorista.com.br\/noticias\/2026\/09\/06\/gestao-de-risco-perfil-do-motorista-e-lgpd-na-lei-no-15-485-2026\/"},"wordCount":546,"publisher":{"@id":"https:\/\/motorista.com.br\/noticias\/#organization"},"image":{"@id":"https:\/\/motorista.com.br\/noticias\/2026\/09\/06\/gestao-de-risco-perfil-do-motorista-e-lgpd-na-lei-no-15-485-2026\/#primaryimage"},"thumbnailUrl":"https:\/\/motorista.com.br\/noticias\/wp-content\/uploads\/2025\/08\/caminhoneiro-triste-papeis-restricao.jpg","articleSection":["Carreteiro","Motorista"],"inLanguage":"pt-BR"},{"@type":"WebPage","@id":"https:\/\/motorista.com.br\/noticias\/2026\/09\/06\/gestao-de-risco-perfil-do-motorista-e-lgpd-na-lei-no-15-485-2026\/","url":"https:\/\/motorista.com.br\/noticias\/2026\/09\/06\/gestao-de-risco-perfil-do-motorista-e-lgpd-na-lei-no-15-485-2026\/","name":"Gest\u00e3o de risco, perfil do motorista e LGPD na Lei n\u00ba 15.485\/2026 - Motorista.com.br","isPartOf":{"@id":"https:\/\/motorista.com.br\/noticias\/#website"},"primaryImageOfPage":{"@id":"https:\/\/motorista.com.br\/noticias\/2026\/09\/06\/gestao-de-risco-perfil-do-motorista-e-lgpd-na-lei-no-15-485-2026\/#primaryimage"},"image":{"@id":"https:\/\/motorista.com.br\/noticias\/2026\/09\/06\/gestao-de-risco-perfil-do-motorista-e-lgpd-na-lei-no-15-485-2026\/#primaryimage"},"thumbnailUrl":"https:\/\/motorista.com.br\/noticias\/wp-content\/uploads\/2025\/08\/caminhoneiro-triste-papeis-restricao.jpg","datePublished":"2026-09-06T20:45:14+00:00","breadcrumb":{"@id":"https:\/\/motorista.com.br\/noticias\/2026\/09\/06\/gestao-de-risco-perfil-do-motorista-e-lgpd-na-lei-no-15-485-2026\/#breadcrumb"},"inLanguage":"pt-BR","potentialAction":[{"@type":"ReadAction","target":["https:\/\/motorista.com.br\/noticias\/2026\/09\/06\/gestao-de-risco-perfil-do-motorista-e-lgpd-na-lei-no-15-485-2026\/"]}]},{"@type":"ImageObject","inLanguage":"pt-BR","@id":"https:\/\/motorista.com.br\/noticias\/2026\/09\/06\/gestao-de-risco-perfil-do-motorista-e-lgpd-na-lei-no-15-485-2026\/#primaryimage","url":"https:\/\/motorista.com.br\/noticias\/wp-content\/uploads\/2025\/08\/caminhoneiro-triste-papeis-restricao.jpg","contentUrl":"https:\/\/motorista.com.br\/noticias\/wp-content\/uploads\/2025\/08\/caminhoneiro-triste-papeis-restricao.jpg","width":1200,"height":850},{"@type":"BreadcrumbList","@id":"https:\/\/motorista.com.br\/noticias\/2026\/09\/06\/gestao-de-risco-perfil-do-motorista-e-lgpd-na-lei-no-15-485-2026\/#breadcrumb","itemListElement":[{"@type":"ListItem","position":1,"name":"In\u00edcio","item":"https:\/\/motorista.com.br\/noticias\/"},{"@type":"ListItem","position":2,"name":"Gest\u00e3o de risco, perfil do motorista e LGPD na Lei n\u00ba 15.485\/2026"}]},{"@type":"WebSite","@id":"https:\/\/motorista.com.br\/noticias\/#website","url":"https:\/\/motorista.com.br\/noticias\/","name":"Motorista.com.br","description":"Not\u00edcia do Motorista","publisher":{"@id":"https:\/\/motorista.com.br\/noticias\/#organization"},"potentialAction":[{"@type":"SearchAction","target":{"@type":"EntryPoint","urlTemplate":"https:\/\/motorista.com.br\/noticias\/?s={search_term_string}"},"query-input":{"@type":"PropertyValueSpecification","valueRequired":true,"valueName":"search_term_string"}}],"inLanguage":"pt-BR"},{"@type":"Organization","@id":"https:\/\/motorista.com.br\/noticias\/#organization","name":"Motorista.com.br","url":"https:\/\/motorista.com.br\/noticias\/","logo":{"@type":"ImageObject","inLanguage":"pt-BR","@id":"https:\/\/motorista.com.br\/noticias\/#\/schema\/logo\/image\/","url":"https:\/\/motorista.com.br\/noticias\/wp-content\/uploads\/2025\/06\/Design-sem-nome-9.png","contentUrl":"https:\/\/motorista.com.br\/noticias\/wp-content\/uploads\/2025\/06\/Design-sem-nome-9.png","width":150,"height":85,"caption":"Motorista.com.br"},"image":{"@id":"https:\/\/motorista.com.br\/noticias\/#\/schema\/logo\/image\/"}},{"@type":"Person","@id":"https:\/\/motorista.com.br\/noticias\/#\/schema\/person\/dc93afc2981c0e3ce6bc3c053fd847be","name":"Equipe Reda\u00e7\u00e3o","image":{"@type":"ImageObject","inLanguage":"pt-BR","@id":"https:\/\/secure.gravatar.com\/avatar\/4f525efbf18dd2bb300ccad28bfb99d95a9465a5ba268407c8c37b37e1f28d2d?s=96&d=mm&r=g9e099043a0c61e9ae27e293b9fa75ffc","url":"https:\/\/secure.gravatar.com\/avatar\/4f525efbf18dd2bb300ccad28bfb99d95a9465a5ba268407c8c37b37e1f28d2d?s=96&d=mm&r=g","contentUrl":"https:\/\/secure.gravatar.com\/avatar\/4f525efbf18dd2bb300ccad28bfb99d95a9465a5ba268407c8c37b37e1f28d2d?s=96&d=mm&r=g","caption":"Equipe Reda\u00e7\u00e3o"},"description":"Equipe de reda\u00e7\u00e3o \u00e9 um grupo de profissionais que trabalham juntos para criar conte\u00fado escrito para Motorista.com.br","url":"https:\/\/motorista.com.br\/noticias\/author\/equiperedacao\/"}]}},"_links":{"self":[{"href":"https:\/\/motorista.com.br\/noticias\/wp-json\/wp\/v2\/posts\/14409","targetHints":{"allow":["GET"]}}],"collection":[{"href":"https:\/\/motorista.com.br\/noticias\/wp-json\/wp\/v2\/posts"}],"about":[{"href":"https:\/\/motorista.com.br\/noticias\/wp-json\/wp\/v2\/types\/post"}],"author":[{"embeddable":true,"href":"https:\/\/motorista.com.br\/noticias\/wp-json\/wp\/v2\/users\/4"}],"replies":[{"embeddable":true,"href":"https:\/\/motorista.com.br\/noticias\/wp-json\/wp\/v2\/comments?post=14409"}],"version-history":[{"count":0,"href":"https:\/\/motorista.com.br\/noticias\/wp-json\/wp\/v2\/posts\/14409\/revisions"}],"wp:featuredmedia":[{"embeddable":true,"href":"https:\/\/motorista.com.br\/noticias\/wp-json\/wp\/v2\/media\/2046"}],"wp:attachment":[{"href":"https:\/\/motorista.com.br\/noticias\/wp-json\/wp\/v2\/media?parent=14409"}],"wp:term":[{"taxonomy":"category","embeddable":true,"href":"https:\/\/motorista.com.br\/noticias\/wp-json\/wp\/v2\/categories?post=14409"},{"taxonomy":"post_tag","embeddable":true,"href":"https:\/\/motorista.com.br\/noticias\/wp-json\/wp\/v2\/tags?post=14409"},{"taxonomy":"author","embeddable":true,"href":"https:\/\/motorista.com.br\/noticias\/wp-json\/wp\/v2\/coauthors?post=14409"}],"curies":[{"name":"wp","href":"https:\/\/api.w.org\/{rel}","templated":true}]}}