{"id":14407,"date":"2026-09-06T16:03:27","date_gmt":"2026-09-06T19:03:27","guid":{"rendered":"https:\/\/motorista.com.br\/noticias\/2026\/09\/06\/caminhoneiros-podem-ser-penalizados-por-adesivos-politicos-nos-veiculos\/"},"modified":"2026-09-06T16:03:27","modified_gmt":"2026-09-06T19:03:27","slug":"caminhoneiros-podem-ser-penalizados-por-adesivos-politicos-nos-veiculos","status":"publish","type":"post","link":"https:\/\/motorista.com.br\/noticias\/2026\/09\/06\/caminhoneiros-podem-ser-penalizados-por-adesivos-politicos-nos-veiculos\/","title":{"rendered":"Caminhoneiros podem ser penalizados por adesivos pol\u00edticos nos ve\u00edculos."},"content":{"rendered":"<p><\/p>\n<h3>Caminhoneiros podem ser multados por adesivos pol\u00edticos e at\u00e9 obrigados a retirar propaganda do caminh\u00e3o<\/h3>\n<p>Caminhoneiros que desejam exibir adesivos de candidatos em seus ve\u00edculos durante as Elei\u00e7\u00f5es de 2026 devem atentar para algumas regras importantes. Embora a propaganda seja permitida em caminh\u00f5es particulares, n\u00e3o \u00e9 qualquer tamanho ou formato que est\u00e1 liberado. <\/p>\n<p>De acordo com as normas do Tribunal Superior Eleitoral, os adesivos pl\u00e1sticos est\u00e3o liberados para autom\u00f3veis, caminh\u00f5es, motocicletas e bicicletas, desde que n\u00e3o excedam 0,5 metro quadrado. A coloca\u00e7\u00e3o deve ser espont\u00e2nea e gratuita, ou seja, n\u00e3o pode haver pagamento ao propriet\u00e1rio do ve\u00edculo para exibir a propaganda.<\/p>\n<p>No entanto, h\u00e1 uma exce\u00e7\u00e3o na coloca\u00e7\u00e3o de adesivos no para-brisa traseiro, onde \u00e9 permitido o uso de adesivos microperfurados ocupando toda a superf\u00edcie do vidro. Nas demais partes do caminh\u00e3o, a legisla\u00e7\u00e3o continua a limitar o tamanho dos adesivos, evitando que m\u00faltiplos adesivos pequenos sejam justapostos de forma a criar uma propaganda maior que a permitida.<\/p>\n<p>A regulamenta\u00e7\u00e3o muda drasticamente quando o caminh\u00e3o est\u00e1 prestando servi\u00e7os para o poder p\u00fablico. Mesmo sendo de propriedade particular, os ve\u00edculos utilizados em servi\u00e7os p\u00fablicos, como a coleta de lixo, n\u00e3o podem exibir propaganda eleitoral. Essa restri\u00e7\u00e3o tamb\u00e9m se aplica a \u00f4nibus e t\u00e1xis, al\u00e9m de motoristas de aplicativo cadastrados em plataformas como Uber e 99, que s\u00e3o considerados bens de uso comum e n\u00e3o podem circular com propagandas.<\/p>\n<p>Outro ponto importante a observar \u00e9 o chamado &quot;efeito outdoor&quot;. A propaganda eleitoral por outdoor \u00e9 estritamente proibida, e a justaposi\u00e7\u00e3o de v\u00e1rias pe\u00e7as que crie uma impress\u00e3o visual semelhante a um outdoor tamb\u00e9m \u00e9 considerada irregular. A resolu\u00e7\u00e3o do TSE prev\u00ea a retirada imediata da propaganda irregular e multa de R$ 5 mil a R$ 15 mil aos respons\u00e1veis.<\/p>\n<p>Vale notar que a propaganda irregular em bens particulares tem um tratamento diferente, n\u00e3o resultando em san\u00e7\u00f5es pecuni\u00e1rias. Contudo, em bens p\u00fablicos ou de uso comum, a n\u00e3o remo\u00e7\u00e3o da propaganda ap\u00f3s notifica\u00e7\u00e3o pode acarretar multas que variam de R$ 2 mil a R$ 8 mil.<\/p>\n<p>Essas regras visam n\u00e3o apenas organizar a propaganda pol\u00edtica, mas tamb\u00e9m garantir a seguran\u00e7a no tr\u00e2nsito e a visibilidade dos motoristas. A regulamenta\u00e7\u00e3o \u00e9 uma forma de preservar a mobilidade urbana, evitando distra\u00e7\u00f5es que possam resultar em acidentes. Al\u00e9m disso, a padroniza\u00e7\u00e3o na exibi\u00e7\u00e3o de propagandas contribui para um ambiente de tr\u00e1fego mais harmonioso e menos polu\u00eddo visualmente.<\/p>\n<p>Motoristas que encontrarem propaganda eleitoral fora das normas podem usar o aplicativo Pardal M\u00f3vel, dispon\u00edvel desde agosto, para fazer den\u00fancias. Essa ferramenta facilita o registro de informa\u00e7\u00f5es, fotos e v\u00eddeos, contribuindo para uma fiscaliza\u00e7\u00e3o mais eficiente e para a integridade do processo eleitoral.<\/p>\n<p>Fonte: brasildotrecho<\/p>\n","protected":false},"excerpt":{"rendered":"<p>Caminhoneiros podem ser multados por adesivos pol\u00edticos e at\u00e9 obrigados a retirar propaganda do caminh\u00e3o Caminhoneiros que desejam exibir adesivos de candidatos em seus ve\u00edculos durante as Elei\u00e7\u00f5es de 2026 devem atentar para algumas regras importantes. Embora a propaganda seja permitida em caminh\u00f5es particulares, n\u00e3o \u00e9 qualquer tamanho ou formato que est\u00e1 liberado. De acordo &hellip;<\/p>\n","protected":false},"author":4,"featured_media":14408,"comment_status":"","ping_status":"open","sticky":false,"template":"","format":"standard","meta":{"footnotes":""},"categories":[77],"tags":[],"coauthors":[42],"class_list":["post-14407","post","type-post","status-publish","format-standard","has-post-thumbnail","hentry","category-motorista"],"yoast_head":"<!-- This site is optimized with the Yoast SEO Premium plugin v27.6.1 (Yoast SEO v28.4) - https:\/\/yoast.com\/product\/yoast-seo-premium-wordpress\/ -->\n<title>Caminhoneiros podem ser penalizados por adesivos pol\u00edticos nos ve\u00edculos. - Motorista.com.br<\/title>\n<meta name=\"robots\" content=\"index, follow, max-snippet:-1, max-image-preview:large, max-video-preview:-1\" \/>\n<link rel=\"canonical\" href=\"https:\/\/motorista.com.br\/noticias\/2026\/09\/06\/caminhoneiros-podem-ser-penalizados-por-adesivos-politicos-nos-veiculos\/\" \/>\n<meta property=\"og:locale\" content=\"pt_BR\" \/>\n<meta property=\"og:type\" content=\"article\" \/>\n<meta property=\"og:title\" content=\"Caminhoneiros podem ser penalizados por adesivos pol\u00edticos nos ve\u00edculos.\" \/>\n<meta property=\"og:description\" content=\"Caminhoneiros podem ser multados por adesivos pol\u00edticos e at\u00e9 obrigados a retirar propaganda do caminh\u00e3o Caminhoneiros que desejam exibir adesivos de candidatos em seus ve\u00edculos durante as Elei\u00e7\u00f5es de 2026 devem atentar para algumas regras importantes. Embora a propaganda seja permitida em caminh\u00f5es particulares, n\u00e3o \u00e9 qualquer tamanho ou formato que est\u00e1 liberado. De acordo &hellip;\" \/>\n<meta property=\"og:url\" content=\"https:\/\/motorista.com.br\/noticias\/2026\/09\/06\/caminhoneiros-podem-ser-penalizados-por-adesivos-politicos-nos-veiculos\/\" \/>\n<meta property=\"og:site_name\" content=\"Motorista.com.br\" \/>\n<meta property=\"article:published_time\" content=\"2026-09-06T19:03:27+00:00\" \/>\n<meta name=\"author\" content=\"Equipe Reda\u00e7\u00e3o\" \/>\n<meta name=\"twitter:card\" content=\"summary_large_image\" \/>\n<meta name=\"twitter:label1\" content=\"Escrito por\" \/>\n\t<meta name=\"twitter:data1\" content=\"Equipe Reda\u00e7\u00e3o\" \/>\n\t<meta name=\"twitter:label2\" content=\"Est. tempo de leitura\" \/>\n\t<meta name=\"twitter:data2\" content=\"2 minutos\" \/>\n\t<meta name=\"twitter:label3\" content=\"Written by\" \/>\n\t<meta name=\"twitter:data3\" content=\"Equipe Reda\u00e7\u00e3o\" \/>\n<script type=\"application\/ld+json\" class=\"yoast-schema-graph\">{\"@context\":\"https:\\\/\\\/schema.org\",\"@graph\":[{\"@type\":\"Article\",\"@id\":\"https:\\\/\\\/motorista.com.br\\\/noticias\\\/2026\\\/09\\\/06\\\/caminhoneiros-podem-ser-penalizados-por-adesivos-politicos-nos-veiculos\\\/#article\",\"isPartOf\":{\"@id\":\"https:\\\/\\\/motorista.com.br\\\/noticias\\\/2026\\\/09\\\/06\\\/caminhoneiros-podem-ser-penalizados-por-adesivos-politicos-nos-veiculos\\\/\"},\"author\":{\"name\":\"Equipe Reda\u00e7\u00e3o\",\"@id\":\"https:\\\/\\\/motorista.com.br\\\/noticias\\\/#\\\/schema\\\/person\\\/dc93afc2981c0e3ce6bc3c053fd847be\"},\"headline\":\"Caminhoneiros podem ser penalizados por adesivos pol\u00edticos nos ve\u00edculos.\",\"datePublished\":\"2026-09-06T19:03:27+00:00\",\"mainEntityOfPage\":{\"@id\":\"https:\\\/\\\/motorista.com.br\\\/noticias\\\/2026\\\/09\\\/06\\\/caminhoneiros-podem-ser-penalizados-por-adesivos-politicos-nos-veiculos\\\/\"},\"wordCount\":505,\"publisher\":{\"@id\":\"https:\\\/\\\/motorista.com.br\\\/noticias\\\/#organization\"},\"image\":{\"@id\":\"https:\\\/\\\/motorista.com.br\\\/noticias\\\/2026\\\/09\\\/06\\\/caminhoneiros-podem-ser-penalizados-por-adesivos-politicos-nos-veiculos\\\/#primaryimage\"},\"thumbnailUrl\":\"https:\\\/\\\/motorista.com.br\\\/noticias\\\/wp-content\\\/uploads\\\/2026\\\/09\\\/Caminhoneiros-podem-ser-multados-por-adesivos-politicos-e-ate-obrigados-a-retirar-propaganda-do-cami.jpeg\",\"articleSection\":[\"Motorista\"],\"inLanguage\":\"pt-BR\"},{\"@type\":\"WebPage\",\"@id\":\"https:\\\/\\\/motorista.com.br\\\/noticias\\\/2026\\\/09\\\/06\\\/caminhoneiros-podem-ser-penalizados-por-adesivos-politicos-nos-veiculos\\\/\",\"url\":\"https:\\\/\\\/motorista.com.br\\\/noticias\\\/2026\\\/09\\\/06\\\/caminhoneiros-podem-ser-penalizados-por-adesivos-politicos-nos-veiculos\\\/\",\"name\":\"Caminhoneiros podem ser penalizados por adesivos pol\u00edticos nos ve\u00edculos. - Motorista.com.br\",\"isPartOf\":{\"@id\":\"https:\\\/\\\/motorista.com.br\\\/noticias\\\/#website\"},\"primaryImageOfPage\":{\"@id\":\"https:\\\/\\\/motorista.com.br\\\/noticias\\\/2026\\\/09\\\/06\\\/caminhoneiros-podem-ser-penalizados-por-adesivos-politicos-nos-veiculos\\\/#primaryimage\"},\"image\":{\"@id\":\"https:\\\/\\\/motorista.com.br\\\/noticias\\\/2026\\\/09\\\/06\\\/caminhoneiros-podem-ser-penalizados-por-adesivos-politicos-nos-veiculos\\\/#primaryimage\"},\"thumbnailUrl\":\"https:\\\/\\\/motorista.com.br\\\/noticias\\\/wp-content\\\/uploads\\\/2026\\\/09\\\/Caminhoneiros-podem-ser-multados-por-adesivos-politicos-e-ate-obrigados-a-retirar-propaganda-do-cami.jpeg\",\"datePublished\":\"2026-09-06T19:03:27+00:00\",\"breadcrumb\":{\"@id\":\"https:\\\/\\\/motorista.com.br\\\/noticias\\\/2026\\\/09\\\/06\\\/caminhoneiros-podem-ser-penalizados-por-adesivos-politicos-nos-veiculos\\\/#breadcrumb\"},\"inLanguage\":\"pt-BR\",\"potentialAction\":[{\"@type\":\"ReadAction\",\"target\":[\"https:\\\/\\\/motorista.com.br\\\/noticias\\\/2026\\\/09\\\/06\\\/caminhoneiros-podem-ser-penalizados-por-adesivos-politicos-nos-veiculos\\\/\"]}]},{\"@type\":\"ImageObject\",\"inLanguage\":\"pt-BR\",\"@id\":\"https:\\\/\\\/motorista.com.br\\\/noticias\\\/2026\\\/09\\\/06\\\/caminhoneiros-podem-ser-penalizados-por-adesivos-politicos-nos-veiculos\\\/#primaryimage\",\"url\":\"https:\\\/\\\/motorista.com.br\\\/noticias\\\/wp-content\\\/uploads\\\/2026\\\/09\\\/Caminhoneiros-podem-ser-multados-por-adesivos-politicos-e-ate-obrigados-a-retirar-propaganda-do-cami.jpeg\",\"contentUrl\":\"https:\\\/\\\/motorista.com.br\\\/noticias\\\/wp-content\\\/uploads\\\/2026\\\/09\\\/Caminhoneiros-podem-ser-multados-por-adesivos-politicos-e-ate-obrigados-a-retirar-propaganda-do-cami.jpeg\",\"width\":1280,\"height\":720},{\"@type\":\"BreadcrumbList\",\"@id\":\"https:\\\/\\\/motorista.com.br\\\/noticias\\\/2026\\\/09\\\/06\\\/caminhoneiros-podem-ser-penalizados-por-adesivos-politicos-nos-veiculos\\\/#breadcrumb\",\"itemListElement\":[{\"@type\":\"ListItem\",\"position\":1,\"name\":\"In\u00edcio\",\"item\":\"https:\\\/\\\/motorista.com.br\\\/noticias\\\/\"},{\"@type\":\"ListItem\",\"position\":2,\"name\":\"Caminhoneiros podem ser penalizados por adesivos pol\u00edticos nos ve\u00edculos.\"}]},{\"@type\":\"WebSite\",\"@id\":\"https:\\\/\\\/motorista.com.br\\\/noticias\\\/#website\",\"url\":\"https:\\\/\\\/motorista.com.br\\\/noticias\\\/\",\"name\":\"Motorista.com.br\",\"description\":\"Not\u00edcia do Motorista\",\"publisher\":{\"@id\":\"https:\\\/\\\/motorista.com.br\\\/noticias\\\/#organization\"},\"potentialAction\":[{\"@type\":\"SearchAction\",\"target\":{\"@type\":\"EntryPoint\",\"urlTemplate\":\"https:\\\/\\\/motorista.com.br\\\/noticias\\\/?s={search_term_string}\"},\"query-input\":{\"@type\":\"PropertyValueSpecification\",\"valueRequired\":true,\"valueName\":\"search_term_string\"}}],\"inLanguage\":\"pt-BR\"},{\"@type\":\"Organization\",\"@id\":\"https:\\\/\\\/motorista.com.br\\\/noticias\\\/#organization\",\"name\":\"Motorista.com.br\",\"url\":\"https:\\\/\\\/motorista.com.br\\\/noticias\\\/\",\"logo\":{\"@type\":\"ImageObject\",\"inLanguage\":\"pt-BR\",\"@id\":\"https:\\\/\\\/motorista.com.br\\\/noticias\\\/#\\\/schema\\\/logo\\\/image\\\/\",\"url\":\"https:\\\/\\\/motorista.com.br\\\/noticias\\\/wp-content\\\/uploads\\\/2025\\\/06\\\/Design-sem-nome-9.png\",\"contentUrl\":\"https:\\\/\\\/motorista.com.br\\\/noticias\\\/wp-content\\\/uploads\\\/2025\\\/06\\\/Design-sem-nome-9.png\",\"width\":150,\"height\":85,\"caption\":\"Motorista.com.br\"},\"image\":{\"@id\":\"https:\\\/\\\/motorista.com.br\\\/noticias\\\/#\\\/schema\\\/logo\\\/image\\\/\"}},{\"@type\":\"Person\",\"@id\":\"https:\\\/\\\/motorista.com.br\\\/noticias\\\/#\\\/schema\\\/person\\\/dc93afc2981c0e3ce6bc3c053fd847be\",\"name\":\"Equipe Reda\u00e7\u00e3o\",\"image\":{\"@type\":\"ImageObject\",\"inLanguage\":\"pt-BR\",\"@id\":\"https:\\\/\\\/secure.gravatar.com\\\/avatar\\\/4f525efbf18dd2bb300ccad28bfb99d95a9465a5ba268407c8c37b37e1f28d2d?s=96&d=mm&r=g9e099043a0c61e9ae27e293b9fa75ffc\",\"url\":\"https:\\\/\\\/secure.gravatar.com\\\/avatar\\\/4f525efbf18dd2bb300ccad28bfb99d95a9465a5ba268407c8c37b37e1f28d2d?s=96&d=mm&r=g\",\"contentUrl\":\"https:\\\/\\\/secure.gravatar.com\\\/avatar\\\/4f525efbf18dd2bb300ccad28bfb99d95a9465a5ba268407c8c37b37e1f28d2d?s=96&d=mm&r=g\",\"caption\":\"Equipe Reda\u00e7\u00e3o\"},\"description\":\"Equipe de reda\u00e7\u00e3o \u00e9 um grupo de profissionais que trabalham juntos para criar conte\u00fado escrito para Motorista.com.br\",\"url\":\"https:\\\/\\\/motorista.com.br\\\/noticias\\\/author\\\/equiperedacao\\\/\"}]}<\/script>\n<!-- \/ Yoast SEO Premium plugin. -->","yoast_head_json":{"title":"Caminhoneiros podem ser penalizados por adesivos pol\u00edticos nos ve\u00edculos. - Motorista.com.br","robots":{"index":"index","follow":"follow","max-snippet":"max-snippet:-1","max-image-preview":"max-image-preview:large","max-video-preview":"max-video-preview:-1"},"canonical":"https:\/\/motorista.com.br\/noticias\/2026\/09\/06\/caminhoneiros-podem-ser-penalizados-por-adesivos-politicos-nos-veiculos\/","og_locale":"pt_BR","og_type":"article","og_title":"Caminhoneiros podem ser penalizados por adesivos pol\u00edticos nos ve\u00edculos.","og_description":"Caminhoneiros podem ser multados por adesivos pol\u00edticos e at\u00e9 obrigados a retirar propaganda do caminh\u00e3o Caminhoneiros que desejam exibir adesivos de candidatos em seus ve\u00edculos durante as Elei\u00e7\u00f5es de 2026 devem atentar para algumas regras importantes. Embora a propaganda seja permitida em caminh\u00f5es particulares, n\u00e3o \u00e9 qualquer tamanho ou formato que est\u00e1 liberado. De acordo &hellip;","og_url":"https:\/\/motorista.com.br\/noticias\/2026\/09\/06\/caminhoneiros-podem-ser-penalizados-por-adesivos-politicos-nos-veiculos\/","og_site_name":"Motorista.com.br","article_published_time":"2026-09-06T19:03:27+00:00","author":"Equipe Reda\u00e7\u00e3o","twitter_card":"summary_large_image","twitter_misc":{"Escrito por":"Equipe Reda\u00e7\u00e3o","Est. tempo de leitura":"2 minutos","Written by":"Equipe Reda\u00e7\u00e3o"},"schema":{"@context":"https:\/\/schema.org","@graph":[{"@type":"Article","@id":"https:\/\/motorista.com.br\/noticias\/2026\/09\/06\/caminhoneiros-podem-ser-penalizados-por-adesivos-politicos-nos-veiculos\/#article","isPartOf":{"@id":"https:\/\/motorista.com.br\/noticias\/2026\/09\/06\/caminhoneiros-podem-ser-penalizados-por-adesivos-politicos-nos-veiculos\/"},"author":{"name":"Equipe Reda\u00e7\u00e3o","@id":"https:\/\/motorista.com.br\/noticias\/#\/schema\/person\/dc93afc2981c0e3ce6bc3c053fd847be"},"headline":"Caminhoneiros podem ser penalizados por adesivos pol\u00edticos nos ve\u00edculos.","datePublished":"2026-09-06T19:03:27+00:00","mainEntityOfPage":{"@id":"https:\/\/motorista.com.br\/noticias\/2026\/09\/06\/caminhoneiros-podem-ser-penalizados-por-adesivos-politicos-nos-veiculos\/"},"wordCount":505,"publisher":{"@id":"https:\/\/motorista.com.br\/noticias\/#organization"},"image":{"@id":"https:\/\/motorista.com.br\/noticias\/2026\/09\/06\/caminhoneiros-podem-ser-penalizados-por-adesivos-politicos-nos-veiculos\/#primaryimage"},"thumbnailUrl":"https:\/\/motorista.com.br\/noticias\/wp-content\/uploads\/2026\/09\/Caminhoneiros-podem-ser-multados-por-adesivos-politicos-e-ate-obrigados-a-retirar-propaganda-do-cami.jpeg","articleSection":["Motorista"],"inLanguage":"pt-BR"},{"@type":"WebPage","@id":"https:\/\/motorista.com.br\/noticias\/2026\/09\/06\/caminhoneiros-podem-ser-penalizados-por-adesivos-politicos-nos-veiculos\/","url":"https:\/\/motorista.com.br\/noticias\/2026\/09\/06\/caminhoneiros-podem-ser-penalizados-por-adesivos-politicos-nos-veiculos\/","name":"Caminhoneiros podem ser penalizados por adesivos pol\u00edticos nos ve\u00edculos. - Motorista.com.br","isPartOf":{"@id":"https:\/\/motorista.com.br\/noticias\/#website"},"primaryImageOfPage":{"@id":"https:\/\/motorista.com.br\/noticias\/2026\/09\/06\/caminhoneiros-podem-ser-penalizados-por-adesivos-politicos-nos-veiculos\/#primaryimage"},"image":{"@id":"https:\/\/motorista.com.br\/noticias\/2026\/09\/06\/caminhoneiros-podem-ser-penalizados-por-adesivos-politicos-nos-veiculos\/#primaryimage"},"thumbnailUrl":"https:\/\/motorista.com.br\/noticias\/wp-content\/uploads\/2026\/09\/Caminhoneiros-podem-ser-multados-por-adesivos-politicos-e-ate-obrigados-a-retirar-propaganda-do-cami.jpeg","datePublished":"2026-09-06T19:03:27+00:00","breadcrumb":{"@id":"https:\/\/motorista.com.br\/noticias\/2026\/09\/06\/caminhoneiros-podem-ser-penalizados-por-adesivos-politicos-nos-veiculos\/#breadcrumb"},"inLanguage":"pt-BR","potentialAction":[{"@type":"ReadAction","target":["https:\/\/motorista.com.br\/noticias\/2026\/09\/06\/caminhoneiros-podem-ser-penalizados-por-adesivos-politicos-nos-veiculos\/"]}]},{"@type":"ImageObject","inLanguage":"pt-BR","@id":"https:\/\/motorista.com.br\/noticias\/2026\/09\/06\/caminhoneiros-podem-ser-penalizados-por-adesivos-politicos-nos-veiculos\/#primaryimage","url":"https:\/\/motorista.com.br\/noticias\/wp-content\/uploads\/2026\/09\/Caminhoneiros-podem-ser-multados-por-adesivos-politicos-e-ate-obrigados-a-retirar-propaganda-do-cami.jpeg","contentUrl":"https:\/\/motorista.com.br\/noticias\/wp-content\/uploads\/2026\/09\/Caminhoneiros-podem-ser-multados-por-adesivos-politicos-e-ate-obrigados-a-retirar-propaganda-do-cami.jpeg","width":1280,"height":720},{"@type":"BreadcrumbList","@id":"https:\/\/motorista.com.br\/noticias\/2026\/09\/06\/caminhoneiros-podem-ser-penalizados-por-adesivos-politicos-nos-veiculos\/#breadcrumb","itemListElement":[{"@type":"ListItem","position":1,"name":"In\u00edcio","item":"https:\/\/motorista.com.br\/noticias\/"},{"@type":"ListItem","position":2,"name":"Caminhoneiros podem ser penalizados por adesivos pol\u00edticos nos ve\u00edculos."}]},{"@type":"WebSite","@id":"https:\/\/motorista.com.br\/noticias\/#website","url":"https:\/\/motorista.com.br\/noticias\/","name":"Motorista.com.br","description":"Not\u00edcia do Motorista","publisher":{"@id":"https:\/\/motorista.com.br\/noticias\/#organization"},"potentialAction":[{"@type":"SearchAction","target":{"@type":"EntryPoint","urlTemplate":"https:\/\/motorista.com.br\/noticias\/?s={search_term_string}"},"query-input":{"@type":"PropertyValueSpecification","valueRequired":true,"valueName":"search_term_string"}}],"inLanguage":"pt-BR"},{"@type":"Organization","@id":"https:\/\/motorista.com.br\/noticias\/#organization","name":"Motorista.com.br","url":"https:\/\/motorista.com.br\/noticias\/","logo":{"@type":"ImageObject","inLanguage":"pt-BR","@id":"https:\/\/motorista.com.br\/noticias\/#\/schema\/logo\/image\/","url":"https:\/\/motorista.com.br\/noticias\/wp-content\/uploads\/2025\/06\/Design-sem-nome-9.png","contentUrl":"https:\/\/motorista.com.br\/noticias\/wp-content\/uploads\/2025\/06\/Design-sem-nome-9.png","width":150,"height":85,"caption":"Motorista.com.br"},"image":{"@id":"https:\/\/motorista.com.br\/noticias\/#\/schema\/logo\/image\/"}},{"@type":"Person","@id":"https:\/\/motorista.com.br\/noticias\/#\/schema\/person\/dc93afc2981c0e3ce6bc3c053fd847be","name":"Equipe Reda\u00e7\u00e3o","image":{"@type":"ImageObject","inLanguage":"pt-BR","@id":"https:\/\/secure.gravatar.com\/avatar\/4f525efbf18dd2bb300ccad28bfb99d95a9465a5ba268407c8c37b37e1f28d2d?s=96&d=mm&r=g9e099043a0c61e9ae27e293b9fa75ffc","url":"https:\/\/secure.gravatar.com\/avatar\/4f525efbf18dd2bb300ccad28bfb99d95a9465a5ba268407c8c37b37e1f28d2d?s=96&d=mm&r=g","contentUrl":"https:\/\/secure.gravatar.com\/avatar\/4f525efbf18dd2bb300ccad28bfb99d95a9465a5ba268407c8c37b37e1f28d2d?s=96&d=mm&r=g","caption":"Equipe Reda\u00e7\u00e3o"},"description":"Equipe de reda\u00e7\u00e3o \u00e9 um grupo de profissionais que trabalham juntos para criar conte\u00fado escrito para Motorista.com.br","url":"https:\/\/motorista.com.br\/noticias\/author\/equiperedacao\/"}]}},"_links":{"self":[{"href":"https:\/\/motorista.com.br\/noticias\/wp-json\/wp\/v2\/posts\/14407","targetHints":{"allow":["GET"]}}],"collection":[{"href":"https:\/\/motorista.com.br\/noticias\/wp-json\/wp\/v2\/posts"}],"about":[{"href":"https:\/\/motorista.com.br\/noticias\/wp-json\/wp\/v2\/types\/post"}],"author":[{"embeddable":true,"href":"https:\/\/motorista.com.br\/noticias\/wp-json\/wp\/v2\/users\/4"}],"replies":[{"embeddable":true,"href":"https:\/\/motorista.com.br\/noticias\/wp-json\/wp\/v2\/comments?post=14407"}],"version-history":[{"count":0,"href":"https:\/\/motorista.com.br\/noticias\/wp-json\/wp\/v2\/posts\/14407\/revisions"}],"wp:featuredmedia":[{"embeddable":true,"href":"https:\/\/motorista.com.br\/noticias\/wp-json\/wp\/v2\/media\/14408"}],"wp:attachment":[{"href":"https:\/\/motorista.com.br\/noticias\/wp-json\/wp\/v2\/media?parent=14407"}],"wp:term":[{"taxonomy":"category","embeddable":true,"href":"https:\/\/motorista.com.br\/noticias\/wp-json\/wp\/v2\/categories?post=14407"},{"taxonomy":"post_tag","embeddable":true,"href":"https:\/\/motorista.com.br\/noticias\/wp-json\/wp\/v2\/tags?post=14407"},{"taxonomy":"author","embeddable":true,"href":"https:\/\/motorista.com.br\/noticias\/wp-json\/wp\/v2\/coauthors?post=14407"}],"curies":[{"name":"wp","href":"https:\/\/api.w.org\/{rel}","templated":true}]}}