{"id":14405,"date":"2026-09-06T15:31:36","date_gmt":"2026-09-06T18:31:36","guid":{"rendered":"https:\/\/motorista.com.br\/noticias\/2026\/09\/06\/transformacoes-no-setor-de-reposicao-automotiva\/"},"modified":"2026-09-06T15:31:36","modified_gmt":"2026-09-06T18:31:36","slug":"transformacoes-no-setor-de-reposicao-automotiva","status":"publish","type":"post","link":"https:\/\/motorista.com.br\/noticias\/2026\/09\/06\/transformacoes-no-setor-de-reposicao-automotiva\/","title":{"rendered":"Transforma\u00e7\u00f5es no setor de reposi\u00e7\u00e3o automotiva"},"content":{"rendered":"<p><\/p>\n<div itemprop=\"articleBody\">\n<p>A frota brasileira est\u00e1 envelhecendo e esse movimento j\u00e1 produz efeitos em toda a cadeia de reposi\u00e7\u00e3o. Segundo o Observat\u00f3rio Nacional de Seguran\u00e7a Vi\u00e1ria, a idade m\u00e9dia dos ve\u00edculos em circula\u00e7\u00e3o no pa\u00eds chegou a 15,43 anos, considerando todos os tipos de automotores.<\/p>\n<p>Esse dado dimensiona uma mudan\u00e7a relevante para o aftermarket: quando os carros permanecem mais tempo nas ruas, o ecossistema respons\u00e1vel por mant\u00ea-los em funcionamento precisa estar preparado para uma demanda mais prolongada e diversificada. Essa adapta\u00e7\u00e3o \u00e9 crucial para garantir a mobilidade geral, pois ve\u00edculos em boas condi\u00e7\u00f5es s\u00e3o fundamentais para a fluidez do tr\u00e1fego e para a redu\u00e7\u00e3o de congestionamentos.<\/p>\n<p>O envelhecimento da frota tamb\u00e9m ajuda a explicar o potencial de expans\u00e3o do segmento de reposi\u00e7\u00e3o no Brasil. Levantamentos indicam que as empresas fabricantes de autope\u00e7as geraram R$ 43 bilh\u00f5es em 2024, e a proje\u00e7\u00e3o \u00e9 que esse mercado alcance R$ 79 bilh\u00f5es em 2040, quase dobrando de tamanho, com um crescimento estimado entre 3% e 3,5% ao ano, sem descontar a infla\u00e7\u00e3o.<\/p>\n<p>\u00c9 importante ressaltar que uma frota mais antiga n\u00e3o implica apenas mais carros em oficinas, mas tamb\u00e9m reflete uma demanda de mercado em um segmento caracterizado pela enorme variedade de aplica\u00e7\u00f5es e componentes. O aftermarket brasileiro re\u00fane atualmente mais de 800 mil produtos ativos, distribu\u00eddos por 4.620 grupos de produtos e mais de 8.200 marcas. Essa diversidade necessariamente impacta a mobilidade, pois a rapidez e a efici\u00eancia na reposi\u00e7\u00e3o influenciam diretamente o tempo em que os ve\u00edculos ficam fora de circula\u00e7\u00e3o.<\/p>\n<p>Manter milhares de itens dispon\u00edveis exige um equil\u00edbrio entre variedade, capital imobilizado e velocidade de reposi\u00e7\u00e3o. A falta de uma pe\u00e7a correta pode prolongar o tempo em que um ve\u00edculo permanece parado, afetando n\u00e3o s\u00f3 o motorista, mas tamb\u00e9m o fluxo de transporte na comunidade. Al\u00e9m disso, estoques excessivos de itens de baixa rotatividade podem pressionar as opera\u00e7\u00f5es e, consequentemente, o custo de manuten\u00e7\u00e3o das frotas.<\/p>\n<p>Portanto, \u00e0 medida que a diversidade da frota e do cat\u00e1logo aumenta, se torna mais essencial trabalhar com intelig\u00eancia de dados e de distribui\u00e7\u00e3o para decidir o que adquirir, onde armazenar e como distribuir. A tecnologia pode contribuir para essa din\u00e2mica, mas deve ser complementada por uma gest\u00e3o operacional precisa, que abrange organiza\u00e7\u00e3o de cadastros, par\u00e2metros de estoque e integra\u00e7\u00e3o entre diversas \u00e1reas, como compras e atendimento ao cliente.<\/p>\n<p>O relacionamento pr\u00f3ximo entre oficinas e varejistas ganhou import\u00e2ncia nesse cen\u00e1rio. Uma frota que permanece em circula\u00e7\u00e3o por mais tempo cria la\u00e7os mais duradouros entre ve\u00edculo, reparador e fornecedores. A oferta de produtos e servi\u00e7os deve caminhar junto com um suporte especializado, pois encontrar a pe\u00e7a adequada e receber orienta\u00e7\u00e3o confi\u00e1vel pode ser t\u00e3o decisivo quanto o pre\u00e7o ou a marca para o motorista.<\/p>\n<p>O envelhecimento da frota, portanto, n\u00e3o s\u00f3 amplia o mercado potencial do aftermarket, mas tamb\u00e9m eleva a responsabilidade das partes envolvidas. O crescimento projetado pelo mercado n\u00e3o ser\u00e1 sustentado apenas por um aumento no n\u00famero de ve\u00edculos que necessitam de manuten\u00e7\u00e3o. Ser\u00e1 fundamental garantir que a pe\u00e7a certa chegue ao lugar certo, no momento adequado e com orienta\u00e7\u00e3o de qualidade para a aplica\u00e7\u00e3o correta. Assim, espera-se que diferentes agentes do setor de reposi\u00e7\u00e3o estejam preparados para aproveitar as boas perspectivas que se desenham \u00e0 frente.<\/p>\n<\/div>\n<p>Fonte: transportemoderno<\/p>\n","protected":false},"excerpt":{"rendered":"<p>A frota brasileira est\u00e1 envelhecendo e esse movimento j\u00e1 produz efeitos em toda a cadeia de reposi\u00e7\u00e3o. Segundo o Observat\u00f3rio Nacional de Seguran\u00e7a Vi\u00e1ria, a idade m\u00e9dia dos ve\u00edculos em circula\u00e7\u00e3o no pa\u00eds chegou a 15,43 anos, considerando todos os tipos de automotores. Esse dado dimensiona uma mudan\u00e7a relevante para o aftermarket: quando os carros &hellip;<\/p>\n","protected":false},"author":4,"featured_media":14406,"comment_status":"","ping_status":"open","sticky":false,"template":"","format":"standard","meta":{"footnotes":""},"categories":[62],"tags":[],"coauthors":[42],"class_list":["post-14405","post","type-post","status-publish","format-standard","has-post-thumbnail","hentry","category-logistica"],"yoast_head":"<!-- This site is optimized with the Yoast SEO Premium plugin v27.6.1 (Yoast SEO v28.4) - https:\/\/yoast.com\/product\/yoast-seo-premium-wordpress\/ -->\n<title>Transforma\u00e7\u00f5es no setor de reposi\u00e7\u00e3o automotiva - Motorista.com.br<\/title>\n<meta name=\"robots\" content=\"index, follow, max-snippet:-1, max-image-preview:large, max-video-preview:-1\" \/>\n<link rel=\"canonical\" href=\"https:\/\/motorista.com.br\/noticias\/2026\/09\/06\/transformacoes-no-setor-de-reposicao-automotiva\/\" \/>\n<meta property=\"og:locale\" content=\"pt_BR\" \/>\n<meta property=\"og:type\" content=\"article\" \/>\n<meta property=\"og:title\" content=\"Transforma\u00e7\u00f5es no setor de reposi\u00e7\u00e3o automotiva\" \/>\n<meta property=\"og:description\" content=\"A frota brasileira est\u00e1 envelhecendo e esse movimento j\u00e1 produz efeitos em toda a cadeia de reposi\u00e7\u00e3o. Segundo o Observat\u00f3rio Nacional de Seguran\u00e7a Vi\u00e1ria, a idade m\u00e9dia dos ve\u00edculos em circula\u00e7\u00e3o no pa\u00eds chegou a 15,43 anos, considerando todos os tipos de automotores. Esse dado dimensiona uma mudan\u00e7a relevante para o aftermarket: quando os carros &hellip;\" \/>\n<meta property=\"og:url\" content=\"https:\/\/motorista.com.br\/noticias\/2026\/09\/06\/transformacoes-no-setor-de-reposicao-automotiva\/\" \/>\n<meta property=\"og:site_name\" content=\"Motorista.com.br\" \/>\n<meta property=\"article:published_time\" content=\"2026-09-06T18:31:36+00:00\" \/>\n<meta name=\"author\" content=\"Equipe Reda\u00e7\u00e3o\" \/>\n<meta name=\"twitter:card\" content=\"summary_large_image\" \/>\n<meta name=\"twitter:label1\" content=\"Escrito por\" \/>\n\t<meta name=\"twitter:data1\" content=\"Equipe Reda\u00e7\u00e3o\" \/>\n\t<meta name=\"twitter:label2\" content=\"Est. tempo de leitura\" \/>\n\t<meta name=\"twitter:data2\" content=\"3 minutos\" \/>\n\t<meta name=\"twitter:label3\" content=\"Written by\" \/>\n\t<meta name=\"twitter:data3\" content=\"Equipe Reda\u00e7\u00e3o\" \/>\n<script type=\"application\/ld+json\" class=\"yoast-schema-graph\">{\"@context\":\"https:\\\/\\\/schema.org\",\"@graph\":[{\"@type\":\"Article\",\"@id\":\"https:\\\/\\\/motorista.com.br\\\/noticias\\\/2026\\\/09\\\/06\\\/transformacoes-no-setor-de-reposicao-automotiva\\\/#article\",\"isPartOf\":{\"@id\":\"https:\\\/\\\/motorista.com.br\\\/noticias\\\/2026\\\/09\\\/06\\\/transformacoes-no-setor-de-reposicao-automotiva\\\/\"},\"author\":{\"name\":\"Equipe Reda\u00e7\u00e3o\",\"@id\":\"https:\\\/\\\/motorista.com.br\\\/noticias\\\/#\\\/schema\\\/person\\\/dc93afc2981c0e3ce6bc3c053fd847be\"},\"headline\":\"Transforma\u00e7\u00f5es no setor de reposi\u00e7\u00e3o automotiva\",\"datePublished\":\"2026-09-06T18:31:36+00:00\",\"mainEntityOfPage\":{\"@id\":\"https:\\\/\\\/motorista.com.br\\\/noticias\\\/2026\\\/09\\\/06\\\/transformacoes-no-setor-de-reposicao-automotiva\\\/\"},\"wordCount\":601,\"publisher\":{\"@id\":\"https:\\\/\\\/motorista.com.br\\\/noticias\\\/#organization\"},\"image\":{\"@id\":\"https:\\\/\\\/motorista.com.br\\\/noticias\\\/2026\\\/09\\\/06\\\/transformacoes-no-setor-de-reposicao-automotiva\\\/#primaryimage\"},\"thumbnailUrl\":\"https:\\\/\\\/motorista.com.br\\\/noticias\\\/wp-content\\\/uploads\\\/2026\\\/09\\\/Artigo-1.jpg\",\"articleSection\":[\"Log\u00edstica\"],\"inLanguage\":\"pt-BR\"},{\"@type\":\"WebPage\",\"@id\":\"https:\\\/\\\/motorista.com.br\\\/noticias\\\/2026\\\/09\\\/06\\\/transformacoes-no-setor-de-reposicao-automotiva\\\/\",\"url\":\"https:\\\/\\\/motorista.com.br\\\/noticias\\\/2026\\\/09\\\/06\\\/transformacoes-no-setor-de-reposicao-automotiva\\\/\",\"name\":\"Transforma\u00e7\u00f5es no setor de reposi\u00e7\u00e3o automotiva - Motorista.com.br\",\"isPartOf\":{\"@id\":\"https:\\\/\\\/motorista.com.br\\\/noticias\\\/#website\"},\"primaryImageOfPage\":{\"@id\":\"https:\\\/\\\/motorista.com.br\\\/noticias\\\/2026\\\/09\\\/06\\\/transformacoes-no-setor-de-reposicao-automotiva\\\/#primaryimage\"},\"image\":{\"@id\":\"https:\\\/\\\/motorista.com.br\\\/noticias\\\/2026\\\/09\\\/06\\\/transformacoes-no-setor-de-reposicao-automotiva\\\/#primaryimage\"},\"thumbnailUrl\":\"https:\\\/\\\/motorista.com.br\\\/noticias\\\/wp-content\\\/uploads\\\/2026\\\/09\\\/Artigo-1.jpg\",\"datePublished\":\"2026-09-06T18:31:36+00:00\",\"breadcrumb\":{\"@id\":\"https:\\\/\\\/motorista.com.br\\\/noticias\\\/2026\\\/09\\\/06\\\/transformacoes-no-setor-de-reposicao-automotiva\\\/#breadcrumb\"},\"inLanguage\":\"pt-BR\",\"potentialAction\":[{\"@type\":\"ReadAction\",\"target\":[\"https:\\\/\\\/motorista.com.br\\\/noticias\\\/2026\\\/09\\\/06\\\/transformacoes-no-setor-de-reposicao-automotiva\\\/\"]}]},{\"@type\":\"ImageObject\",\"inLanguage\":\"pt-BR\",\"@id\":\"https:\\\/\\\/motorista.com.br\\\/noticias\\\/2026\\\/09\\\/06\\\/transformacoes-no-setor-de-reposicao-automotiva\\\/#primaryimage\",\"url\":\"https:\\\/\\\/motorista.com.br\\\/noticias\\\/wp-content\\\/uploads\\\/2026\\\/09\\\/Artigo-1.jpg\",\"contentUrl\":\"https:\\\/\\\/motorista.com.br\\\/noticias\\\/wp-content\\\/uploads\\\/2026\\\/09\\\/Artigo-1.jpg\",\"width\":1200,\"height\":675},{\"@type\":\"BreadcrumbList\",\"@id\":\"https:\\\/\\\/motorista.com.br\\\/noticias\\\/2026\\\/09\\\/06\\\/transformacoes-no-setor-de-reposicao-automotiva\\\/#breadcrumb\",\"itemListElement\":[{\"@type\":\"ListItem\",\"position\":1,\"name\":\"In\u00edcio\",\"item\":\"https:\\\/\\\/motorista.com.br\\\/noticias\\\/\"},{\"@type\":\"ListItem\",\"position\":2,\"name\":\"Transforma\u00e7\u00f5es no setor de reposi\u00e7\u00e3o automotiva\"}]},{\"@type\":\"WebSite\",\"@id\":\"https:\\\/\\\/motorista.com.br\\\/noticias\\\/#website\",\"url\":\"https:\\\/\\\/motorista.com.br\\\/noticias\\\/\",\"name\":\"Motorista.com.br\",\"description\":\"Not\u00edcia do Motorista\",\"publisher\":{\"@id\":\"https:\\\/\\\/motorista.com.br\\\/noticias\\\/#organization\"},\"potentialAction\":[{\"@type\":\"SearchAction\",\"target\":{\"@type\":\"EntryPoint\",\"urlTemplate\":\"https:\\\/\\\/motorista.com.br\\\/noticias\\\/?s={search_term_string}\"},\"query-input\":{\"@type\":\"PropertyValueSpecification\",\"valueRequired\":true,\"valueName\":\"search_term_string\"}}],\"inLanguage\":\"pt-BR\"},{\"@type\":\"Organization\",\"@id\":\"https:\\\/\\\/motorista.com.br\\\/noticias\\\/#organization\",\"name\":\"Motorista.com.br\",\"url\":\"https:\\\/\\\/motorista.com.br\\\/noticias\\\/\",\"logo\":{\"@type\":\"ImageObject\",\"inLanguage\":\"pt-BR\",\"@id\":\"https:\\\/\\\/motorista.com.br\\\/noticias\\\/#\\\/schema\\\/logo\\\/image\\\/\",\"url\":\"https:\\\/\\\/motorista.com.br\\\/noticias\\\/wp-content\\\/uploads\\\/2025\\\/06\\\/Design-sem-nome-9.png\",\"contentUrl\":\"https:\\\/\\\/motorista.com.br\\\/noticias\\\/wp-content\\\/uploads\\\/2025\\\/06\\\/Design-sem-nome-9.png\",\"width\":150,\"height\":85,\"caption\":\"Motorista.com.br\"},\"image\":{\"@id\":\"https:\\\/\\\/motorista.com.br\\\/noticias\\\/#\\\/schema\\\/logo\\\/image\\\/\"}},{\"@type\":\"Person\",\"@id\":\"https:\\\/\\\/motorista.com.br\\\/noticias\\\/#\\\/schema\\\/person\\\/dc93afc2981c0e3ce6bc3c053fd847be\",\"name\":\"Equipe Reda\u00e7\u00e3o\",\"image\":{\"@type\":\"ImageObject\",\"inLanguage\":\"pt-BR\",\"@id\":\"https:\\\/\\\/secure.gravatar.com\\\/avatar\\\/4f525efbf18dd2bb300ccad28bfb99d95a9465a5ba268407c8c37b37e1f28d2d?s=96&d=mm&r=g9e099043a0c61e9ae27e293b9fa75ffc\",\"url\":\"https:\\\/\\\/secure.gravatar.com\\\/avatar\\\/4f525efbf18dd2bb300ccad28bfb99d95a9465a5ba268407c8c37b37e1f28d2d?s=96&d=mm&r=g\",\"contentUrl\":\"https:\\\/\\\/secure.gravatar.com\\\/avatar\\\/4f525efbf18dd2bb300ccad28bfb99d95a9465a5ba268407c8c37b37e1f28d2d?s=96&d=mm&r=g\",\"caption\":\"Equipe Reda\u00e7\u00e3o\"},\"description\":\"Equipe de reda\u00e7\u00e3o \u00e9 um grupo de profissionais que trabalham juntos para criar conte\u00fado escrito para Motorista.com.br\",\"url\":\"https:\\\/\\\/motorista.com.br\\\/noticias\\\/author\\\/equiperedacao\\\/\"}]}<\/script>\n<!-- \/ Yoast SEO Premium plugin. -->","yoast_head_json":{"title":"Transforma\u00e7\u00f5es no setor de reposi\u00e7\u00e3o automotiva - Motorista.com.br","robots":{"index":"index","follow":"follow","max-snippet":"max-snippet:-1","max-image-preview":"max-image-preview:large","max-video-preview":"max-video-preview:-1"},"canonical":"https:\/\/motorista.com.br\/noticias\/2026\/09\/06\/transformacoes-no-setor-de-reposicao-automotiva\/","og_locale":"pt_BR","og_type":"article","og_title":"Transforma\u00e7\u00f5es no setor de reposi\u00e7\u00e3o automotiva","og_description":"A frota brasileira est\u00e1 envelhecendo e esse movimento j\u00e1 produz efeitos em toda a cadeia de reposi\u00e7\u00e3o. Segundo o Observat\u00f3rio Nacional de Seguran\u00e7a Vi\u00e1ria, a idade m\u00e9dia dos ve\u00edculos em circula\u00e7\u00e3o no pa\u00eds chegou a 15,43 anos, considerando todos os tipos de automotores. Esse dado dimensiona uma mudan\u00e7a relevante para o aftermarket: quando os carros &hellip;","og_url":"https:\/\/motorista.com.br\/noticias\/2026\/09\/06\/transformacoes-no-setor-de-reposicao-automotiva\/","og_site_name":"Motorista.com.br","article_published_time":"2026-09-06T18:31:36+00:00","author":"Equipe Reda\u00e7\u00e3o","twitter_card":"summary_large_image","twitter_misc":{"Escrito por":"Equipe Reda\u00e7\u00e3o","Est. tempo de leitura":"3 minutos","Written by":"Equipe Reda\u00e7\u00e3o"},"schema":{"@context":"https:\/\/schema.org","@graph":[{"@type":"Article","@id":"https:\/\/motorista.com.br\/noticias\/2026\/09\/06\/transformacoes-no-setor-de-reposicao-automotiva\/#article","isPartOf":{"@id":"https:\/\/motorista.com.br\/noticias\/2026\/09\/06\/transformacoes-no-setor-de-reposicao-automotiva\/"},"author":{"name":"Equipe Reda\u00e7\u00e3o","@id":"https:\/\/motorista.com.br\/noticias\/#\/schema\/person\/dc93afc2981c0e3ce6bc3c053fd847be"},"headline":"Transforma\u00e7\u00f5es no setor de reposi\u00e7\u00e3o automotiva","datePublished":"2026-09-06T18:31:36+00:00","mainEntityOfPage":{"@id":"https:\/\/motorista.com.br\/noticias\/2026\/09\/06\/transformacoes-no-setor-de-reposicao-automotiva\/"},"wordCount":601,"publisher":{"@id":"https:\/\/motorista.com.br\/noticias\/#organization"},"image":{"@id":"https:\/\/motorista.com.br\/noticias\/2026\/09\/06\/transformacoes-no-setor-de-reposicao-automotiva\/#primaryimage"},"thumbnailUrl":"https:\/\/motorista.com.br\/noticias\/wp-content\/uploads\/2026\/09\/Artigo-1.jpg","articleSection":["Log\u00edstica"],"inLanguage":"pt-BR"},{"@type":"WebPage","@id":"https:\/\/motorista.com.br\/noticias\/2026\/09\/06\/transformacoes-no-setor-de-reposicao-automotiva\/","url":"https:\/\/motorista.com.br\/noticias\/2026\/09\/06\/transformacoes-no-setor-de-reposicao-automotiva\/","name":"Transforma\u00e7\u00f5es no setor de reposi\u00e7\u00e3o automotiva - Motorista.com.br","isPartOf":{"@id":"https:\/\/motorista.com.br\/noticias\/#website"},"primaryImageOfPage":{"@id":"https:\/\/motorista.com.br\/noticias\/2026\/09\/06\/transformacoes-no-setor-de-reposicao-automotiva\/#primaryimage"},"image":{"@id":"https:\/\/motorista.com.br\/noticias\/2026\/09\/06\/transformacoes-no-setor-de-reposicao-automotiva\/#primaryimage"},"thumbnailUrl":"https:\/\/motorista.com.br\/noticias\/wp-content\/uploads\/2026\/09\/Artigo-1.jpg","datePublished":"2026-09-06T18:31:36+00:00","breadcrumb":{"@id":"https:\/\/motorista.com.br\/noticias\/2026\/09\/06\/transformacoes-no-setor-de-reposicao-automotiva\/#breadcrumb"},"inLanguage":"pt-BR","potentialAction":[{"@type":"ReadAction","target":["https:\/\/motorista.com.br\/noticias\/2026\/09\/06\/transformacoes-no-setor-de-reposicao-automotiva\/"]}]},{"@type":"ImageObject","inLanguage":"pt-BR","@id":"https:\/\/motorista.com.br\/noticias\/2026\/09\/06\/transformacoes-no-setor-de-reposicao-automotiva\/#primaryimage","url":"https:\/\/motorista.com.br\/noticias\/wp-content\/uploads\/2026\/09\/Artigo-1.jpg","contentUrl":"https:\/\/motorista.com.br\/noticias\/wp-content\/uploads\/2026\/09\/Artigo-1.jpg","width":1200,"height":675},{"@type":"BreadcrumbList","@id":"https:\/\/motorista.com.br\/noticias\/2026\/09\/06\/transformacoes-no-setor-de-reposicao-automotiva\/#breadcrumb","itemListElement":[{"@type":"ListItem","position":1,"name":"In\u00edcio","item":"https:\/\/motorista.com.br\/noticias\/"},{"@type":"ListItem","position":2,"name":"Transforma\u00e7\u00f5es no setor de reposi\u00e7\u00e3o automotiva"}]},{"@type":"WebSite","@id":"https:\/\/motorista.com.br\/noticias\/#website","url":"https:\/\/motorista.com.br\/noticias\/","name":"Motorista.com.br","description":"Not\u00edcia do Motorista","publisher":{"@id":"https:\/\/motorista.com.br\/noticias\/#organization"},"potentialAction":[{"@type":"SearchAction","target":{"@type":"EntryPoint","urlTemplate":"https:\/\/motorista.com.br\/noticias\/?s={search_term_string}"},"query-input":{"@type":"PropertyValueSpecification","valueRequired":true,"valueName":"search_term_string"}}],"inLanguage":"pt-BR"},{"@type":"Organization","@id":"https:\/\/motorista.com.br\/noticias\/#organization","name":"Motorista.com.br","url":"https:\/\/motorista.com.br\/noticias\/","logo":{"@type":"ImageObject","inLanguage":"pt-BR","@id":"https:\/\/motorista.com.br\/noticias\/#\/schema\/logo\/image\/","url":"https:\/\/motorista.com.br\/noticias\/wp-content\/uploads\/2025\/06\/Design-sem-nome-9.png","contentUrl":"https:\/\/motorista.com.br\/noticias\/wp-content\/uploads\/2025\/06\/Design-sem-nome-9.png","width":150,"height":85,"caption":"Motorista.com.br"},"image":{"@id":"https:\/\/motorista.com.br\/noticias\/#\/schema\/logo\/image\/"}},{"@type":"Person","@id":"https:\/\/motorista.com.br\/noticias\/#\/schema\/person\/dc93afc2981c0e3ce6bc3c053fd847be","name":"Equipe Reda\u00e7\u00e3o","image":{"@type":"ImageObject","inLanguage":"pt-BR","@id":"https:\/\/secure.gravatar.com\/avatar\/4f525efbf18dd2bb300ccad28bfb99d95a9465a5ba268407c8c37b37e1f28d2d?s=96&d=mm&r=g9e099043a0c61e9ae27e293b9fa75ffc","url":"https:\/\/secure.gravatar.com\/avatar\/4f525efbf18dd2bb300ccad28bfb99d95a9465a5ba268407c8c37b37e1f28d2d?s=96&d=mm&r=g","contentUrl":"https:\/\/secure.gravatar.com\/avatar\/4f525efbf18dd2bb300ccad28bfb99d95a9465a5ba268407c8c37b37e1f28d2d?s=96&d=mm&r=g","caption":"Equipe Reda\u00e7\u00e3o"},"description":"Equipe de reda\u00e7\u00e3o \u00e9 um grupo de profissionais que trabalham juntos para criar conte\u00fado escrito para Motorista.com.br","url":"https:\/\/motorista.com.br\/noticias\/author\/equiperedacao\/"}]}},"_links":{"self":[{"href":"https:\/\/motorista.com.br\/noticias\/wp-json\/wp\/v2\/posts\/14405","targetHints":{"allow":["GET"]}}],"collection":[{"href":"https:\/\/motorista.com.br\/noticias\/wp-json\/wp\/v2\/posts"}],"about":[{"href":"https:\/\/motorista.com.br\/noticias\/wp-json\/wp\/v2\/types\/post"}],"author":[{"embeddable":true,"href":"https:\/\/motorista.com.br\/noticias\/wp-json\/wp\/v2\/users\/4"}],"replies":[{"embeddable":true,"href":"https:\/\/motorista.com.br\/noticias\/wp-json\/wp\/v2\/comments?post=14405"}],"version-history":[{"count":0,"href":"https:\/\/motorista.com.br\/noticias\/wp-json\/wp\/v2\/posts\/14405\/revisions"}],"wp:featuredmedia":[{"embeddable":true,"href":"https:\/\/motorista.com.br\/noticias\/wp-json\/wp\/v2\/media\/14406"}],"wp:attachment":[{"href":"https:\/\/motorista.com.br\/noticias\/wp-json\/wp\/v2\/media?parent=14405"}],"wp:term":[{"taxonomy":"category","embeddable":true,"href":"https:\/\/motorista.com.br\/noticias\/wp-json\/wp\/v2\/categories?post=14405"},{"taxonomy":"post_tag","embeddable":true,"href":"https:\/\/motorista.com.br\/noticias\/wp-json\/wp\/v2\/tags?post=14405"},{"taxonomy":"author","embeddable":true,"href":"https:\/\/motorista.com.br\/noticias\/wp-json\/wp\/v2\/coauthors?post=14405"}],"curies":[{"name":"wp","href":"https:\/\/api.w.org\/{rel}","templated":true}]}}