{"id":14403,"date":"2026-09-06T15:30:17","date_gmt":"2026-09-06T18:30:17","guid":{"rendered":"https:\/\/motorista.com.br\/noticias\/2026\/09\/06\/zanin-solicita-acoes-apos-deltan-divulgar-informacoes-financeiras\/"},"modified":"2026-09-06T15:30:17","modified_gmt":"2026-09-06T18:30:17","slug":"zanin-solicita-acoes-apos-deltan-divulgar-informacoes-financeiras","status":"publish","type":"post","link":"https:\/\/motorista.com.br\/noticias\/2026\/09\/06\/zanin-solicita-acoes-apos-deltan-divulgar-informacoes-financeiras\/","title":{"rendered":"Zanin solicita a\u00e7\u00f5es ap\u00f3s Deltan divulgar informa\u00e7\u00f5es financeiras."},"content":{"rendered":"<p><\/p>\n<h3>Zanin Pede Provid\u00eancias Ap\u00f3s Deltan Dallagnol Publicar Dados Banc\u00e1rios e Fiscais<\/h3>\n<p>O ministro Cristiano Zanin, do Supremo Tribunal Federal (STF), manifestou a necessidade de a\u00e7\u00e3o ap\u00f3s o ex-procurador Deltan Dallagnol, atualmente candidato ao Senado pelo Novo no Paran\u00e1, tornar p\u00fablicos dados banc\u00e1rios e fiscais do magistrado durante o processo de registro de sua candidatura. A solicita\u00e7\u00e3o foi feita aos presidentes do STF, do Tribunal Superior Eleitoral (TSE) e do Tribunal Regional Eleitoral do Paran\u00e1 (TRE-PR), visando averiguar poss\u00edveis viola\u00e7\u00f5es de sigilo.<\/p>\n<p>Esse epis\u00f3dio veio \u00e0 tona ap\u00f3s a divulga\u00e7\u00e3o de informa\u00e7\u00f5es que revelaram que Dallagnol anexou ao seu registro documentos contendo dados sens\u00edveis de Zanin. Esses dados foram obtidos durante a opera\u00e7\u00e3o Lava Jato em 2019, mas foram subsequentemente considerados nulos pela Justi\u00e7a.<\/p>\n<h4>Defesa de Deltan Alega Inten\u00e7\u00e3o de Transpar\u00eancia<\/h4>\n<p>Deltan Dallagnol, por meio de suas redes sociais, justificou que sua defesa apresentou \u00e0 Justi\u00e7a Eleitoral c\u00f3pias de procedimentos do Conselho Nacional do Minist\u00e9rio P\u00fablico (CNMP) para responder \u00e0s contesta\u00e7\u00f5es feitas contra sua candidatura. A defesa de Dallagnol argumenta que os dados fiscais e banc\u00e1rios de Zanin eram parte dos documentos processuais necess\u00e1rios para garantir a transpar\u00eancia e a integridade do registro de candidatura.<\/p>\n<p>Os advogados afirmam que a apresenta\u00e7\u00e3o completa das reclama\u00e7\u00f5es teve como objetivo evitar a omiss\u00e3o de informa\u00e7\u00f5es relevantes para a an\u00e1lise do caso. Conforme explicado, a inclus\u00e3o desses dados \u00e9 vista como essencial para a decis\u00e3o da Justi\u00e7a Eleitoral, sendo parte do exerc\u00edcio pleno do direito pol\u00edtico ao se candidatar.<\/p>\n<h4>Reflex\u00e3o sobre os Impactos na Mobilidade e na Sociedade<\/h4>\n<p>A situa\u00e7\u00e3o envolvendo a divulga\u00e7\u00e3o de dados sigilosos exp\u00f5e quest\u00f5es mais amplas sobre privacidade, seguran\u00e7a e a \u00e9tica no ambiente pol\u00edtico. Para motoristas e cidad\u00e3os em geral, essa discuss\u00e3o \u00e9 relevante, pois levanta preocupa\u00e7\u00f5es sobre como a falta de prote\u00e7\u00e3o de dados pode afetar n\u00e3o apenas a esfera pol\u00edtica, mas tamb\u00e9m a vida cotidiana. <\/p>\n<p>Informa\u00e7\u00f5es confidenciais, quando expostas, podem trazer consequ\u00eancias indesejadas, criando um ambiente de desconfian\u00e7a entre cidad\u00e3os e institui\u00e7\u00f5es. A mobilidade \u00e9 diretamente impactada por essa din\u00e2mica, pois a confian\u00e7a na seguran\u00e7a e privacidade pode influenciar a disposi\u00e7\u00e3o das pessoas em se deslocar ou participar ativamente das quest\u00f5es sociais.<\/p>\n<p>Al\u00e9m disso, a maneira como essas situa\u00e7\u00f5es s\u00e3o tratadas pode servir de exemplo para a condu\u00e7\u00e3o de futuras intera\u00e7\u00f5es no espa\u00e7o p\u00fablico, tanto digital quanto f\u00edsico. Uma sociedade que valoriza a integridade e a seguran\u00e7a das informa\u00e7\u00f5es tende a promover um ambiente mais est\u00e1vel e confi\u00e1vel para todos os cidad\u00e3os, incluindo motoristas.<\/p>\n<p>Portanto, a demanda de Zanin por provid\u00eancias n\u00e3o \u00e9 apenas uma quest\u00e3o de justi\u00e7a individual, mas um reflexo da necessidade de estabelecer normas que garantam a privacidade e a dignidade de todos, essencial para promover um clima de respeito e colabora\u00e7\u00e3o na mobilidade urbana e social.<\/p>\n","protected":false},"excerpt":{"rendered":"<p>Zanin Pede Provid\u00eancias Ap\u00f3s Deltan Dallagnol Publicar Dados Banc\u00e1rios e Fiscais O ministro Cristiano Zanin, do Supremo Tribunal Federal (STF), manifestou a necessidade de a\u00e7\u00e3o ap\u00f3s o ex-procurador Deltan Dallagnol, atualmente candidato ao Senado pelo Novo no Paran\u00e1, tornar p\u00fablicos dados banc\u00e1rios e fiscais do magistrado durante o processo de registro de sua candidatura. A &hellip;<\/p>\n","protected":false},"author":4,"featured_media":14404,"comment_status":"","ping_status":"open","sticky":false,"template":"","format":"standard","meta":{"footnotes":""},"categories":[45],"tags":[],"coauthors":[42],"class_list":["post-14403","post","type-post","status-publish","format-standard","has-post-thumbnail","hentry","category-mundo"],"yoast_head":"<!-- This site is optimized with the Yoast SEO Premium plugin v27.6.1 (Yoast SEO v28.4) - https:\/\/yoast.com\/product\/yoast-seo-premium-wordpress\/ -->\n<title>Zanin solicita a\u00e7\u00f5es ap\u00f3s Deltan divulgar informa\u00e7\u00f5es financeiras. - Motorista.com.br<\/title>\n<meta name=\"robots\" content=\"index, follow, max-snippet:-1, max-image-preview:large, max-video-preview:-1\" \/>\n<link rel=\"canonical\" href=\"https:\/\/motorista.com.br\/noticias\/2026\/09\/06\/zanin-solicita-acoes-apos-deltan-divulgar-informacoes-financeiras\/\" \/>\n<meta property=\"og:locale\" content=\"pt_BR\" \/>\n<meta property=\"og:type\" content=\"article\" \/>\n<meta property=\"og:title\" content=\"Zanin solicita a\u00e7\u00f5es ap\u00f3s Deltan divulgar informa\u00e7\u00f5es financeiras.\" \/>\n<meta property=\"og:description\" content=\"Zanin Pede Provid\u00eancias Ap\u00f3s Deltan Dallagnol Publicar Dados Banc\u00e1rios e Fiscais O ministro Cristiano Zanin, do Supremo Tribunal Federal (STF), manifestou a necessidade de a\u00e7\u00e3o ap\u00f3s o ex-procurador Deltan Dallagnol, atualmente candidato ao Senado pelo Novo no Paran\u00e1, tornar p\u00fablicos dados banc\u00e1rios e fiscais do magistrado durante o processo de registro de sua candidatura. A &hellip;\" \/>\n<meta property=\"og:url\" content=\"https:\/\/motorista.com.br\/noticias\/2026\/09\/06\/zanin-solicita-acoes-apos-deltan-divulgar-informacoes-financeiras\/\" \/>\n<meta property=\"og:site_name\" content=\"Motorista.com.br\" \/>\n<meta property=\"article:published_time\" content=\"2026-09-06T18:30:17+00:00\" \/>\n<meta name=\"author\" content=\"Equipe Reda\u00e7\u00e3o\" \/>\n<meta name=\"twitter:card\" content=\"summary_large_image\" \/>\n<meta name=\"twitter:label1\" content=\"Escrito por\" \/>\n\t<meta name=\"twitter:data1\" content=\"Equipe Reda\u00e7\u00e3o\" \/>\n\t<meta name=\"twitter:label2\" content=\"Est. tempo de leitura\" \/>\n\t<meta name=\"twitter:data2\" content=\"3 minutos\" \/>\n\t<meta name=\"twitter:label3\" content=\"Written by\" \/>\n\t<meta name=\"twitter:data3\" content=\"Equipe Reda\u00e7\u00e3o\" \/>\n<script type=\"application\/ld+json\" class=\"yoast-schema-graph\">{\"@context\":\"https:\\\/\\\/schema.org\",\"@graph\":[{\"@type\":\"Article\",\"@id\":\"https:\\\/\\\/motorista.com.br\\\/noticias\\\/2026\\\/09\\\/06\\\/zanin-solicita-acoes-apos-deltan-divulgar-informacoes-financeiras\\\/#article\",\"isPartOf\":{\"@id\":\"https:\\\/\\\/motorista.com.br\\\/noticias\\\/2026\\\/09\\\/06\\\/zanin-solicita-acoes-apos-deltan-divulgar-informacoes-financeiras\\\/\"},\"author\":{\"name\":\"Equipe Reda\u00e7\u00e3o\",\"@id\":\"https:\\\/\\\/motorista.com.br\\\/noticias\\\/#\\\/schema\\\/person\\\/dc93afc2981c0e3ce6bc3c053fd847be\"},\"headline\":\"Zanin solicita a\u00e7\u00f5es ap\u00f3s Deltan divulgar informa\u00e7\u00f5es financeiras.\",\"datePublished\":\"2026-09-06T18:30:17+00:00\",\"mainEntityOfPage\":{\"@id\":\"https:\\\/\\\/motorista.com.br\\\/noticias\\\/2026\\\/09\\\/06\\\/zanin-solicita-acoes-apos-deltan-divulgar-informacoes-financeiras\\\/\"},\"wordCount\":535,\"publisher\":{\"@id\":\"https:\\\/\\\/motorista.com.br\\\/noticias\\\/#organization\"},\"image\":{\"@id\":\"https:\\\/\\\/motorista.com.br\\\/noticias\\\/2026\\\/09\\\/06\\\/zanin-solicita-acoes-apos-deltan-divulgar-informacoes-financeiras\\\/#primaryimage\"},\"thumbnailUrl\":\"https:\\\/\\\/motorista.com.br\\\/noticias\\\/wp-content\\\/uploads\\\/2026\\\/09\\\/20250627155043_ogImage_28.jpg\",\"articleSection\":[\"Mundo\"],\"inLanguage\":\"pt-BR\"},{\"@type\":\"WebPage\",\"@id\":\"https:\\\/\\\/motorista.com.br\\\/noticias\\\/2026\\\/09\\\/06\\\/zanin-solicita-acoes-apos-deltan-divulgar-informacoes-financeiras\\\/\",\"url\":\"https:\\\/\\\/motorista.com.br\\\/noticias\\\/2026\\\/09\\\/06\\\/zanin-solicita-acoes-apos-deltan-divulgar-informacoes-financeiras\\\/\",\"name\":\"Zanin solicita a\u00e7\u00f5es ap\u00f3s Deltan divulgar informa\u00e7\u00f5es financeiras. - Motorista.com.br\",\"isPartOf\":{\"@id\":\"https:\\\/\\\/motorista.com.br\\\/noticias\\\/#website\"},\"primaryImageOfPage\":{\"@id\":\"https:\\\/\\\/motorista.com.br\\\/noticias\\\/2026\\\/09\\\/06\\\/zanin-solicita-acoes-apos-deltan-divulgar-informacoes-financeiras\\\/#primaryimage\"},\"image\":{\"@id\":\"https:\\\/\\\/motorista.com.br\\\/noticias\\\/2026\\\/09\\\/06\\\/zanin-solicita-acoes-apos-deltan-divulgar-informacoes-financeiras\\\/#primaryimage\"},\"thumbnailUrl\":\"https:\\\/\\\/motorista.com.br\\\/noticias\\\/wp-content\\\/uploads\\\/2026\\\/09\\\/20250627155043_ogImage_28.jpg\",\"datePublished\":\"2026-09-06T18:30:17+00:00\",\"breadcrumb\":{\"@id\":\"https:\\\/\\\/motorista.com.br\\\/noticias\\\/2026\\\/09\\\/06\\\/zanin-solicita-acoes-apos-deltan-divulgar-informacoes-financeiras\\\/#breadcrumb\"},\"inLanguage\":\"pt-BR\",\"potentialAction\":[{\"@type\":\"ReadAction\",\"target\":[\"https:\\\/\\\/motorista.com.br\\\/noticias\\\/2026\\\/09\\\/06\\\/zanin-solicita-acoes-apos-deltan-divulgar-informacoes-financeiras\\\/\"]}]},{\"@type\":\"ImageObject\",\"inLanguage\":\"pt-BR\",\"@id\":\"https:\\\/\\\/motorista.com.br\\\/noticias\\\/2026\\\/09\\\/06\\\/zanin-solicita-acoes-apos-deltan-divulgar-informacoes-financeiras\\\/#primaryimage\",\"url\":\"https:\\\/\\\/motorista.com.br\\\/noticias\\\/wp-content\\\/uploads\\\/2026\\\/09\\\/20250627155043_ogImage_28.jpg\",\"contentUrl\":\"https:\\\/\\\/motorista.com.br\\\/noticias\\\/wp-content\\\/uploads\\\/2026\\\/09\\\/20250627155043_ogImage_28.jpg\",\"width\":730,\"height\":400},{\"@type\":\"BreadcrumbList\",\"@id\":\"https:\\\/\\\/motorista.com.br\\\/noticias\\\/2026\\\/09\\\/06\\\/zanin-solicita-acoes-apos-deltan-divulgar-informacoes-financeiras\\\/#breadcrumb\",\"itemListElement\":[{\"@type\":\"ListItem\",\"position\":1,\"name\":\"In\u00edcio\",\"item\":\"https:\\\/\\\/motorista.com.br\\\/noticias\\\/\"},{\"@type\":\"ListItem\",\"position\":2,\"name\":\"Zanin solicita a\u00e7\u00f5es ap\u00f3s Deltan divulgar informa\u00e7\u00f5es financeiras.\"}]},{\"@type\":\"WebSite\",\"@id\":\"https:\\\/\\\/motorista.com.br\\\/noticias\\\/#website\",\"url\":\"https:\\\/\\\/motorista.com.br\\\/noticias\\\/\",\"name\":\"Motorista.com.br\",\"description\":\"Not\u00edcia do Motorista\",\"publisher\":{\"@id\":\"https:\\\/\\\/motorista.com.br\\\/noticias\\\/#organization\"},\"potentialAction\":[{\"@type\":\"SearchAction\",\"target\":{\"@type\":\"EntryPoint\",\"urlTemplate\":\"https:\\\/\\\/motorista.com.br\\\/noticias\\\/?s={search_term_string}\"},\"query-input\":{\"@type\":\"PropertyValueSpecification\",\"valueRequired\":true,\"valueName\":\"search_term_string\"}}],\"inLanguage\":\"pt-BR\"},{\"@type\":\"Organization\",\"@id\":\"https:\\\/\\\/motorista.com.br\\\/noticias\\\/#organization\",\"name\":\"Motorista.com.br\",\"url\":\"https:\\\/\\\/motorista.com.br\\\/noticias\\\/\",\"logo\":{\"@type\":\"ImageObject\",\"inLanguage\":\"pt-BR\",\"@id\":\"https:\\\/\\\/motorista.com.br\\\/noticias\\\/#\\\/schema\\\/logo\\\/image\\\/\",\"url\":\"https:\\\/\\\/motorista.com.br\\\/noticias\\\/wp-content\\\/uploads\\\/2025\\\/06\\\/Design-sem-nome-9.png\",\"contentUrl\":\"https:\\\/\\\/motorista.com.br\\\/noticias\\\/wp-content\\\/uploads\\\/2025\\\/06\\\/Design-sem-nome-9.png\",\"width\":150,\"height\":85,\"caption\":\"Motorista.com.br\"},\"image\":{\"@id\":\"https:\\\/\\\/motorista.com.br\\\/noticias\\\/#\\\/schema\\\/logo\\\/image\\\/\"}},{\"@type\":\"Person\",\"@id\":\"https:\\\/\\\/motorista.com.br\\\/noticias\\\/#\\\/schema\\\/person\\\/dc93afc2981c0e3ce6bc3c053fd847be\",\"name\":\"Equipe Reda\u00e7\u00e3o\",\"image\":{\"@type\":\"ImageObject\",\"inLanguage\":\"pt-BR\",\"@id\":\"https:\\\/\\\/secure.gravatar.com\\\/avatar\\\/4f525efbf18dd2bb300ccad28bfb99d95a9465a5ba268407c8c37b37e1f28d2d?s=96&d=mm&r=g9e099043a0c61e9ae27e293b9fa75ffc\",\"url\":\"https:\\\/\\\/secure.gravatar.com\\\/avatar\\\/4f525efbf18dd2bb300ccad28bfb99d95a9465a5ba268407c8c37b37e1f28d2d?s=96&d=mm&r=g\",\"contentUrl\":\"https:\\\/\\\/secure.gravatar.com\\\/avatar\\\/4f525efbf18dd2bb300ccad28bfb99d95a9465a5ba268407c8c37b37e1f28d2d?s=96&d=mm&r=g\",\"caption\":\"Equipe Reda\u00e7\u00e3o\"},\"description\":\"Equipe de reda\u00e7\u00e3o \u00e9 um grupo de profissionais que trabalham juntos para criar conte\u00fado escrito para Motorista.com.br\",\"url\":\"https:\\\/\\\/motorista.com.br\\\/noticias\\\/author\\\/equiperedacao\\\/\"}]}<\/script>\n<!-- \/ Yoast SEO Premium plugin. -->","yoast_head_json":{"title":"Zanin solicita a\u00e7\u00f5es ap\u00f3s Deltan divulgar informa\u00e7\u00f5es financeiras. - Motorista.com.br","robots":{"index":"index","follow":"follow","max-snippet":"max-snippet:-1","max-image-preview":"max-image-preview:large","max-video-preview":"max-video-preview:-1"},"canonical":"https:\/\/motorista.com.br\/noticias\/2026\/09\/06\/zanin-solicita-acoes-apos-deltan-divulgar-informacoes-financeiras\/","og_locale":"pt_BR","og_type":"article","og_title":"Zanin solicita a\u00e7\u00f5es ap\u00f3s Deltan divulgar informa\u00e7\u00f5es financeiras.","og_description":"Zanin Pede Provid\u00eancias Ap\u00f3s Deltan Dallagnol Publicar Dados Banc\u00e1rios e Fiscais O ministro Cristiano Zanin, do Supremo Tribunal Federal (STF), manifestou a necessidade de a\u00e7\u00e3o ap\u00f3s o ex-procurador Deltan Dallagnol, atualmente candidato ao Senado pelo Novo no Paran\u00e1, tornar p\u00fablicos dados banc\u00e1rios e fiscais do magistrado durante o processo de registro de sua candidatura. A &hellip;","og_url":"https:\/\/motorista.com.br\/noticias\/2026\/09\/06\/zanin-solicita-acoes-apos-deltan-divulgar-informacoes-financeiras\/","og_site_name":"Motorista.com.br","article_published_time":"2026-09-06T18:30:17+00:00","author":"Equipe Reda\u00e7\u00e3o","twitter_card":"summary_large_image","twitter_misc":{"Escrito por":"Equipe Reda\u00e7\u00e3o","Est. tempo de leitura":"3 minutos","Written by":"Equipe Reda\u00e7\u00e3o"},"schema":{"@context":"https:\/\/schema.org","@graph":[{"@type":"Article","@id":"https:\/\/motorista.com.br\/noticias\/2026\/09\/06\/zanin-solicita-acoes-apos-deltan-divulgar-informacoes-financeiras\/#article","isPartOf":{"@id":"https:\/\/motorista.com.br\/noticias\/2026\/09\/06\/zanin-solicita-acoes-apos-deltan-divulgar-informacoes-financeiras\/"},"author":{"name":"Equipe Reda\u00e7\u00e3o","@id":"https:\/\/motorista.com.br\/noticias\/#\/schema\/person\/dc93afc2981c0e3ce6bc3c053fd847be"},"headline":"Zanin solicita a\u00e7\u00f5es ap\u00f3s Deltan divulgar informa\u00e7\u00f5es financeiras.","datePublished":"2026-09-06T18:30:17+00:00","mainEntityOfPage":{"@id":"https:\/\/motorista.com.br\/noticias\/2026\/09\/06\/zanin-solicita-acoes-apos-deltan-divulgar-informacoes-financeiras\/"},"wordCount":535,"publisher":{"@id":"https:\/\/motorista.com.br\/noticias\/#organization"},"image":{"@id":"https:\/\/motorista.com.br\/noticias\/2026\/09\/06\/zanin-solicita-acoes-apos-deltan-divulgar-informacoes-financeiras\/#primaryimage"},"thumbnailUrl":"https:\/\/motorista.com.br\/noticias\/wp-content\/uploads\/2026\/09\/20250627155043_ogImage_28.jpg","articleSection":["Mundo"],"inLanguage":"pt-BR"},{"@type":"WebPage","@id":"https:\/\/motorista.com.br\/noticias\/2026\/09\/06\/zanin-solicita-acoes-apos-deltan-divulgar-informacoes-financeiras\/","url":"https:\/\/motorista.com.br\/noticias\/2026\/09\/06\/zanin-solicita-acoes-apos-deltan-divulgar-informacoes-financeiras\/","name":"Zanin solicita a\u00e7\u00f5es ap\u00f3s Deltan divulgar informa\u00e7\u00f5es financeiras. - Motorista.com.br","isPartOf":{"@id":"https:\/\/motorista.com.br\/noticias\/#website"},"primaryImageOfPage":{"@id":"https:\/\/motorista.com.br\/noticias\/2026\/09\/06\/zanin-solicita-acoes-apos-deltan-divulgar-informacoes-financeiras\/#primaryimage"},"image":{"@id":"https:\/\/motorista.com.br\/noticias\/2026\/09\/06\/zanin-solicita-acoes-apos-deltan-divulgar-informacoes-financeiras\/#primaryimage"},"thumbnailUrl":"https:\/\/motorista.com.br\/noticias\/wp-content\/uploads\/2026\/09\/20250627155043_ogImage_28.jpg","datePublished":"2026-09-06T18:30:17+00:00","breadcrumb":{"@id":"https:\/\/motorista.com.br\/noticias\/2026\/09\/06\/zanin-solicita-acoes-apos-deltan-divulgar-informacoes-financeiras\/#breadcrumb"},"inLanguage":"pt-BR","potentialAction":[{"@type":"ReadAction","target":["https:\/\/motorista.com.br\/noticias\/2026\/09\/06\/zanin-solicita-acoes-apos-deltan-divulgar-informacoes-financeiras\/"]}]},{"@type":"ImageObject","inLanguage":"pt-BR","@id":"https:\/\/motorista.com.br\/noticias\/2026\/09\/06\/zanin-solicita-acoes-apos-deltan-divulgar-informacoes-financeiras\/#primaryimage","url":"https:\/\/motorista.com.br\/noticias\/wp-content\/uploads\/2026\/09\/20250627155043_ogImage_28.jpg","contentUrl":"https:\/\/motorista.com.br\/noticias\/wp-content\/uploads\/2026\/09\/20250627155043_ogImage_28.jpg","width":730,"height":400},{"@type":"BreadcrumbList","@id":"https:\/\/motorista.com.br\/noticias\/2026\/09\/06\/zanin-solicita-acoes-apos-deltan-divulgar-informacoes-financeiras\/#breadcrumb","itemListElement":[{"@type":"ListItem","position":1,"name":"In\u00edcio","item":"https:\/\/motorista.com.br\/noticias\/"},{"@type":"ListItem","position":2,"name":"Zanin solicita a\u00e7\u00f5es ap\u00f3s Deltan divulgar informa\u00e7\u00f5es financeiras."}]},{"@type":"WebSite","@id":"https:\/\/motorista.com.br\/noticias\/#website","url":"https:\/\/motorista.com.br\/noticias\/","name":"Motorista.com.br","description":"Not\u00edcia do Motorista","publisher":{"@id":"https:\/\/motorista.com.br\/noticias\/#organization"},"potentialAction":[{"@type":"SearchAction","target":{"@type":"EntryPoint","urlTemplate":"https:\/\/motorista.com.br\/noticias\/?s={search_term_string}"},"query-input":{"@type":"PropertyValueSpecification","valueRequired":true,"valueName":"search_term_string"}}],"inLanguage":"pt-BR"},{"@type":"Organization","@id":"https:\/\/motorista.com.br\/noticias\/#organization","name":"Motorista.com.br","url":"https:\/\/motorista.com.br\/noticias\/","logo":{"@type":"ImageObject","inLanguage":"pt-BR","@id":"https:\/\/motorista.com.br\/noticias\/#\/schema\/logo\/image\/","url":"https:\/\/motorista.com.br\/noticias\/wp-content\/uploads\/2025\/06\/Design-sem-nome-9.png","contentUrl":"https:\/\/motorista.com.br\/noticias\/wp-content\/uploads\/2025\/06\/Design-sem-nome-9.png","width":150,"height":85,"caption":"Motorista.com.br"},"image":{"@id":"https:\/\/motorista.com.br\/noticias\/#\/schema\/logo\/image\/"}},{"@type":"Person","@id":"https:\/\/motorista.com.br\/noticias\/#\/schema\/person\/dc93afc2981c0e3ce6bc3c053fd847be","name":"Equipe Reda\u00e7\u00e3o","image":{"@type":"ImageObject","inLanguage":"pt-BR","@id":"https:\/\/secure.gravatar.com\/avatar\/4f525efbf18dd2bb300ccad28bfb99d95a9465a5ba268407c8c37b37e1f28d2d?s=96&d=mm&r=g9e099043a0c61e9ae27e293b9fa75ffc","url":"https:\/\/secure.gravatar.com\/avatar\/4f525efbf18dd2bb300ccad28bfb99d95a9465a5ba268407c8c37b37e1f28d2d?s=96&d=mm&r=g","contentUrl":"https:\/\/secure.gravatar.com\/avatar\/4f525efbf18dd2bb300ccad28bfb99d95a9465a5ba268407c8c37b37e1f28d2d?s=96&d=mm&r=g","caption":"Equipe Reda\u00e7\u00e3o"},"description":"Equipe de reda\u00e7\u00e3o \u00e9 um grupo de profissionais que trabalham juntos para criar conte\u00fado escrito para Motorista.com.br","url":"https:\/\/motorista.com.br\/noticias\/author\/equiperedacao\/"}]}},"_links":{"self":[{"href":"https:\/\/motorista.com.br\/noticias\/wp-json\/wp\/v2\/posts\/14403","targetHints":{"allow":["GET"]}}],"collection":[{"href":"https:\/\/motorista.com.br\/noticias\/wp-json\/wp\/v2\/posts"}],"about":[{"href":"https:\/\/motorista.com.br\/noticias\/wp-json\/wp\/v2\/types\/post"}],"author":[{"embeddable":true,"href":"https:\/\/motorista.com.br\/noticias\/wp-json\/wp\/v2\/users\/4"}],"replies":[{"embeddable":true,"href":"https:\/\/motorista.com.br\/noticias\/wp-json\/wp\/v2\/comments?post=14403"}],"version-history":[{"count":0,"href":"https:\/\/motorista.com.br\/noticias\/wp-json\/wp\/v2\/posts\/14403\/revisions"}],"wp:featuredmedia":[{"embeddable":true,"href":"https:\/\/motorista.com.br\/noticias\/wp-json\/wp\/v2\/media\/14404"}],"wp:attachment":[{"href":"https:\/\/motorista.com.br\/noticias\/wp-json\/wp\/v2\/media?parent=14403"}],"wp:term":[{"taxonomy":"category","embeddable":true,"href":"https:\/\/motorista.com.br\/noticias\/wp-json\/wp\/v2\/categories?post=14403"},{"taxonomy":"post_tag","embeddable":true,"href":"https:\/\/motorista.com.br\/noticias\/wp-json\/wp\/v2\/tags?post=14403"},{"taxonomy":"author","embeddable":true,"href":"https:\/\/motorista.com.br\/noticias\/wp-json\/wp\/v2\/coauthors?post=14403"}],"curies":[{"name":"wp","href":"https:\/\/api.w.org\/{rel}","templated":true}]}}