{"id":14395,"date":"2026-09-06T05:41:51","date_gmt":"2026-09-06T08:41:51","guid":{"rendered":"https:\/\/motorista.com.br\/noticias\/2026\/09\/06\/veiculos-especiais-necessitam-de-autorizacao-para-circular-em-estradas\/"},"modified":"2026-09-06T05:41:51","modified_gmt":"2026-09-06T08:41:51","slug":"veiculos-especiais-necessitam-de-autorizacao-para-circular-em-estradas","status":"publish","type":"post","link":"https:\/\/motorista.com.br\/noticias\/2026\/09\/06\/veiculos-especiais-necessitam-de-autorizacao-para-circular-em-estradas\/","title":{"rendered":"Ve\u00edculos especiais necessitam de autoriza\u00e7\u00e3o para circular em estradas."},"content":{"rendered":"<p><\/p>\n<h2>Transportes Especiais Dependem de Autoriza\u00e7\u00e3o Especial para Tr\u00e1fego em Rodovias<\/h2>\n<p>Cargas consideradas especiais, como aquelas muito longas, altas ou pesadas, necessitam de uma autoriza\u00e7\u00e3o espec\u00edfica para circular nas rodovias brasileiras. Esse documento, conhecido como Autoriza\u00e7\u00e3o Especial de Tr\u00e2nsito (AET), \u00e9 essencial para garantir a seguran\u00e7a durante as opera\u00e7\u00f5es de transporte.<\/p>\n<h3>Regulamenta\u00e7\u00e3o e Seguran\u00e7a<\/h3>\n<p>O Contran estabelece normas que definem limites de peso, altura, comprimento e largura para os ve\u00edculos nas estradas do Brasil. Essas restri\u00e7\u00f5es s\u00e3o fundamentais, pois visam n\u00e3o apenas a preserva\u00e7\u00e3o da infraestrutura rodovi\u00e1ria, mas tamb\u00e9m a prote\u00e7\u00e3o de motoristas e outros usu\u00e1rios. Quando um ve\u00edculo ou sua carga excede esses limites, a AET se torna obrigat\u00f3ria, permitindo que o transporte ocorra de forma segura e controlada.<\/p>\n<p>A AET n\u00e3o apenas autoriza a circula\u00e7\u00e3o em condi\u00e7\u00f5es especiais, mas tamb\u00e9m \u00e9 uma maneira de assegurar que os transportadores estejam cientes das regulamenta\u00e7\u00f5es vigentes. Normas como a Resolu\u00e7\u00e3o Contran n\u00ba 882\/2021 e a Resolu\u00e7\u00e3o DNIT n\u00ba 11\/2022 s\u00e3o exemplos de como o transporte de cargas indivis\u00edveis deve seguir crit\u00e9rios espec\u00edficos, desde estruturas met\u00e1licas at\u00e9 m\u00e1quinas agr\u00edcolas.<\/p>\n<h3>Impactos na Mobilidade<\/h3>\n<p>A correta aplica\u00e7\u00e3o das regras acerca da AET contribui significativamente para a mobilidade geral nas rodovias. Quando as normas s\u00e3o seguidas, h\u00e1 uma diminui\u00e7\u00e3o dos riscos de acidentes, engarrafamentos e danos \u00e0 infraestrutura. Isso n\u00e3o apenas facilita o tr\u00e1fego de ve\u00edculos normais, mas tamb\u00e9m promove uma melhor fluidez no transporte de cargas especiais, que muitas vezes desempenham pap\u00e9is cruciais na economia, como no transporte de itens essenciais e equipamentos industriais.<\/p>\n<h3>Como Solicitar a AET<\/h3>\n<p>Para tr\u00e1fego em rodovias federais, a solicita\u00e7\u00e3o da AET deve ser feita online atrav\u00e9s do Sistema de Gerenciamento de Autoriza\u00e7\u00e3o Especial de Tr\u00e2nsito (SIAET). Esse sistema oferece uma plataforma eficiente para que os interessados organizem a documenta\u00e7\u00e3o necess\u00e1ria, levando em considera\u00e7\u00e3o as caracter\u00edsticas do ve\u00edculo e da carga.<\/p>\n<p>Em rodovias estaduais, a autoriza\u00e7\u00e3o deve ser requisitada diretamente com os Departamentos de Estradas de Rodagem de cada estado. \u00c9 crucial que essa autoriza\u00e7\u00e3o seja obtida antes do in\u00edcio das opera\u00e7\u00f5es, garantindo que todas as exig\u00eancias de seguran\u00e7a sejam atendidas.<\/p>\n<h3>Considera\u00e7\u00f5es Finais<\/h3>\n<p>Portanto, a AET \u00e9 mais do que apenas um documento; \u00e9 uma ferramenta vital que assegura a seguran\u00e7a no transporte de cargas especiais e contribui para uma mobilidade mais eficiente nas rodovias. Ao cumprir as regulamenta\u00e7\u00f5es, os motoristas n\u00e3o apenas protegem a si mesmos, mas tamb\u00e9m auxiliam na manuten\u00e7\u00e3o de um sistema de transporte que beneficia todos.<\/p>\n","protected":false},"excerpt":{"rendered":"<p>Transportes Especiais Dependem de Autoriza\u00e7\u00e3o Especial para Tr\u00e1fego em Rodovias Cargas consideradas especiais, como aquelas muito longas, altas ou pesadas, necessitam de uma autoriza\u00e7\u00e3o espec\u00edfica para circular nas rodovias brasileiras. Esse documento, conhecido como Autoriza\u00e7\u00e3o Especial de Tr\u00e2nsito (AET), \u00e9 essencial para garantir a seguran\u00e7a durante as opera\u00e7\u00f5es de transporte. Regulamenta\u00e7\u00e3o e Seguran\u00e7a O Contran &hellip;<\/p>\n","protected":false},"author":4,"featured_media":14396,"comment_status":"","ping_status":"open","sticky":false,"template":"","format":"standard","meta":{"footnotes":""},"categories":[78,77],"tags":[],"coauthors":[42],"class_list":["post-14395","post","type-post","status-publish","format-standard","has-post-thumbnail","hentry","category-carreteiro","category-motorista"],"yoast_head":"<!-- This site is optimized with the Yoast SEO Premium plugin v27.6.1 (Yoast SEO v28.4) - https:\/\/yoast.com\/product\/yoast-seo-premium-wordpress\/ -->\n<title>Ve\u00edculos especiais necessitam de autoriza\u00e7\u00e3o para circular em estradas. - Motorista.com.br<\/title>\n<meta name=\"robots\" content=\"index, follow, max-snippet:-1, max-image-preview:large, max-video-preview:-1\" \/>\n<link rel=\"canonical\" href=\"https:\/\/motorista.com.br\/noticias\/2026\/09\/06\/veiculos-especiais-necessitam-de-autorizacao-para-circular-em-estradas\/\" \/>\n<meta property=\"og:locale\" content=\"pt_BR\" \/>\n<meta property=\"og:type\" content=\"article\" \/>\n<meta property=\"og:title\" content=\"Ve\u00edculos especiais necessitam de autoriza\u00e7\u00e3o para circular em estradas.\" \/>\n<meta property=\"og:description\" content=\"Transportes Especiais Dependem de Autoriza\u00e7\u00e3o Especial para Tr\u00e1fego em Rodovias Cargas consideradas especiais, como aquelas muito longas, altas ou pesadas, necessitam de uma autoriza\u00e7\u00e3o espec\u00edfica para circular nas rodovias brasileiras. Esse documento, conhecido como Autoriza\u00e7\u00e3o Especial de Tr\u00e2nsito (AET), \u00e9 essencial para garantir a seguran\u00e7a durante as opera\u00e7\u00f5es de transporte. Regulamenta\u00e7\u00e3o e Seguran\u00e7a O Contran &hellip;\" \/>\n<meta property=\"og:url\" content=\"https:\/\/motorista.com.br\/noticias\/2026\/09\/06\/veiculos-especiais-necessitam-de-autorizacao-para-circular-em-estradas\/\" \/>\n<meta property=\"og:site_name\" content=\"Motorista.com.br\" \/>\n<meta property=\"article:published_time\" content=\"2026-09-06T08:41:51+00:00\" \/>\n<meta name=\"author\" content=\"Equipe Reda\u00e7\u00e3o\" \/>\n<meta name=\"twitter:card\" content=\"summary_large_image\" \/>\n<meta name=\"twitter:label1\" content=\"Escrito por\" \/>\n\t<meta name=\"twitter:data1\" content=\"Equipe Reda\u00e7\u00e3o\" \/>\n\t<meta name=\"twitter:label2\" content=\"Est. tempo de leitura\" \/>\n\t<meta name=\"twitter:data2\" content=\"2 minutos\" \/>\n\t<meta name=\"twitter:label3\" content=\"Written by\" \/>\n\t<meta name=\"twitter:data3\" content=\"Equipe Reda\u00e7\u00e3o\" \/>\n<script type=\"application\/ld+json\" class=\"yoast-schema-graph\">{\"@context\":\"https:\\\/\\\/schema.org\",\"@graph\":[{\"@type\":\"Article\",\"@id\":\"https:\\\/\\\/motorista.com.br\\\/noticias\\\/2026\\\/09\\\/06\\\/veiculos-especiais-necessitam-de-autorizacao-para-circular-em-estradas\\\/#article\",\"isPartOf\":{\"@id\":\"https:\\\/\\\/motorista.com.br\\\/noticias\\\/2026\\\/09\\\/06\\\/veiculos-especiais-necessitam-de-autorizacao-para-circular-em-estradas\\\/\"},\"author\":{\"name\":\"Equipe Reda\u00e7\u00e3o\",\"@id\":\"https:\\\/\\\/motorista.com.br\\\/noticias\\\/#\\\/schema\\\/person\\\/dc93afc2981c0e3ce6bc3c053fd847be\"},\"headline\":\"Ve\u00edculos especiais necessitam de autoriza\u00e7\u00e3o para circular em estradas.\",\"datePublished\":\"2026-09-06T08:41:51+00:00\",\"mainEntityOfPage\":{\"@id\":\"https:\\\/\\\/motorista.com.br\\\/noticias\\\/2026\\\/09\\\/06\\\/veiculos-especiais-necessitam-de-autorizacao-para-circular-em-estradas\\\/\"},\"wordCount\":468,\"publisher\":{\"@id\":\"https:\\\/\\\/motorista.com.br\\\/noticias\\\/#organization\"},\"image\":{\"@id\":\"https:\\\/\\\/motorista.com.br\\\/noticias\\\/2026\\\/09\\\/06\\\/veiculos-especiais-necessitam-de-autorizacao-para-circular-em-estradas\\\/#primaryimage\"},\"thumbnailUrl\":\"https:\\\/\\\/motorista.com.br\\\/noticias\\\/wp-content\\\/uploads\\\/2026\\\/09\\\/AET.jpg\",\"articleSection\":[\"Carreteiro\",\"Motorista\"],\"inLanguage\":\"pt-BR\"},{\"@type\":\"WebPage\",\"@id\":\"https:\\\/\\\/motorista.com.br\\\/noticias\\\/2026\\\/09\\\/06\\\/veiculos-especiais-necessitam-de-autorizacao-para-circular-em-estradas\\\/\",\"url\":\"https:\\\/\\\/motorista.com.br\\\/noticias\\\/2026\\\/09\\\/06\\\/veiculos-especiais-necessitam-de-autorizacao-para-circular-em-estradas\\\/\",\"name\":\"Ve\u00edculos especiais necessitam de autoriza\u00e7\u00e3o para circular em estradas. - Motorista.com.br\",\"isPartOf\":{\"@id\":\"https:\\\/\\\/motorista.com.br\\\/noticias\\\/#website\"},\"primaryImageOfPage\":{\"@id\":\"https:\\\/\\\/motorista.com.br\\\/noticias\\\/2026\\\/09\\\/06\\\/veiculos-especiais-necessitam-de-autorizacao-para-circular-em-estradas\\\/#primaryimage\"},\"image\":{\"@id\":\"https:\\\/\\\/motorista.com.br\\\/noticias\\\/2026\\\/09\\\/06\\\/veiculos-especiais-necessitam-de-autorizacao-para-circular-em-estradas\\\/#primaryimage\"},\"thumbnailUrl\":\"https:\\\/\\\/motorista.com.br\\\/noticias\\\/wp-content\\\/uploads\\\/2026\\\/09\\\/AET.jpg\",\"datePublished\":\"2026-09-06T08:41:51+00:00\",\"breadcrumb\":{\"@id\":\"https:\\\/\\\/motorista.com.br\\\/noticias\\\/2026\\\/09\\\/06\\\/veiculos-especiais-necessitam-de-autorizacao-para-circular-em-estradas\\\/#breadcrumb\"},\"inLanguage\":\"pt-BR\",\"potentialAction\":[{\"@type\":\"ReadAction\",\"target\":[\"https:\\\/\\\/motorista.com.br\\\/noticias\\\/2026\\\/09\\\/06\\\/veiculos-especiais-necessitam-de-autorizacao-para-circular-em-estradas\\\/\"]}]},{\"@type\":\"ImageObject\",\"inLanguage\":\"pt-BR\",\"@id\":\"https:\\\/\\\/motorista.com.br\\\/noticias\\\/2026\\\/09\\\/06\\\/veiculos-especiais-necessitam-de-autorizacao-para-circular-em-estradas\\\/#primaryimage\",\"url\":\"https:\\\/\\\/motorista.com.br\\\/noticias\\\/wp-content\\\/uploads\\\/2026\\\/09\\\/AET.jpg\",\"contentUrl\":\"https:\\\/\\\/motorista.com.br\\\/noticias\\\/wp-content\\\/uploads\\\/2026\\\/09\\\/AET.jpg\",\"width\":1200,\"height\":800},{\"@type\":\"BreadcrumbList\",\"@id\":\"https:\\\/\\\/motorista.com.br\\\/noticias\\\/2026\\\/09\\\/06\\\/veiculos-especiais-necessitam-de-autorizacao-para-circular-em-estradas\\\/#breadcrumb\",\"itemListElement\":[{\"@type\":\"ListItem\",\"position\":1,\"name\":\"In\u00edcio\",\"item\":\"https:\\\/\\\/motorista.com.br\\\/noticias\\\/\"},{\"@type\":\"ListItem\",\"position\":2,\"name\":\"Ve\u00edculos especiais necessitam de autoriza\u00e7\u00e3o para circular em estradas.\"}]},{\"@type\":\"WebSite\",\"@id\":\"https:\\\/\\\/motorista.com.br\\\/noticias\\\/#website\",\"url\":\"https:\\\/\\\/motorista.com.br\\\/noticias\\\/\",\"name\":\"Motorista.com.br\",\"description\":\"Not\u00edcia do Motorista\",\"publisher\":{\"@id\":\"https:\\\/\\\/motorista.com.br\\\/noticias\\\/#organization\"},\"potentialAction\":[{\"@type\":\"SearchAction\",\"target\":{\"@type\":\"EntryPoint\",\"urlTemplate\":\"https:\\\/\\\/motorista.com.br\\\/noticias\\\/?s={search_term_string}\"},\"query-input\":{\"@type\":\"PropertyValueSpecification\",\"valueRequired\":true,\"valueName\":\"search_term_string\"}}],\"inLanguage\":\"pt-BR\"},{\"@type\":\"Organization\",\"@id\":\"https:\\\/\\\/motorista.com.br\\\/noticias\\\/#organization\",\"name\":\"Motorista.com.br\",\"url\":\"https:\\\/\\\/motorista.com.br\\\/noticias\\\/\",\"logo\":{\"@type\":\"ImageObject\",\"inLanguage\":\"pt-BR\",\"@id\":\"https:\\\/\\\/motorista.com.br\\\/noticias\\\/#\\\/schema\\\/logo\\\/image\\\/\",\"url\":\"https:\\\/\\\/motorista.com.br\\\/noticias\\\/wp-content\\\/uploads\\\/2025\\\/06\\\/Design-sem-nome-9.png\",\"contentUrl\":\"https:\\\/\\\/motorista.com.br\\\/noticias\\\/wp-content\\\/uploads\\\/2025\\\/06\\\/Design-sem-nome-9.png\",\"width\":150,\"height\":85,\"caption\":\"Motorista.com.br\"},\"image\":{\"@id\":\"https:\\\/\\\/motorista.com.br\\\/noticias\\\/#\\\/schema\\\/logo\\\/image\\\/\"}},{\"@type\":\"Person\",\"@id\":\"https:\\\/\\\/motorista.com.br\\\/noticias\\\/#\\\/schema\\\/person\\\/dc93afc2981c0e3ce6bc3c053fd847be\",\"name\":\"Equipe Reda\u00e7\u00e3o\",\"image\":{\"@type\":\"ImageObject\",\"inLanguage\":\"pt-BR\",\"@id\":\"https:\\\/\\\/secure.gravatar.com\\\/avatar\\\/4f525efbf18dd2bb300ccad28bfb99d95a9465a5ba268407c8c37b37e1f28d2d?s=96&d=mm&r=g9e099043a0c61e9ae27e293b9fa75ffc\",\"url\":\"https:\\\/\\\/secure.gravatar.com\\\/avatar\\\/4f525efbf18dd2bb300ccad28bfb99d95a9465a5ba268407c8c37b37e1f28d2d?s=96&d=mm&r=g\",\"contentUrl\":\"https:\\\/\\\/secure.gravatar.com\\\/avatar\\\/4f525efbf18dd2bb300ccad28bfb99d95a9465a5ba268407c8c37b37e1f28d2d?s=96&d=mm&r=g\",\"caption\":\"Equipe Reda\u00e7\u00e3o\"},\"description\":\"Equipe de reda\u00e7\u00e3o \u00e9 um grupo de profissionais que trabalham juntos para criar conte\u00fado escrito para Motorista.com.br\",\"url\":\"https:\\\/\\\/motorista.com.br\\\/noticias\\\/author\\\/equiperedacao\\\/\"}]}<\/script>\n<!-- \/ Yoast SEO Premium plugin. -->","yoast_head_json":{"title":"Ve\u00edculos especiais necessitam de autoriza\u00e7\u00e3o para circular em estradas. - Motorista.com.br","robots":{"index":"index","follow":"follow","max-snippet":"max-snippet:-1","max-image-preview":"max-image-preview:large","max-video-preview":"max-video-preview:-1"},"canonical":"https:\/\/motorista.com.br\/noticias\/2026\/09\/06\/veiculos-especiais-necessitam-de-autorizacao-para-circular-em-estradas\/","og_locale":"pt_BR","og_type":"article","og_title":"Ve\u00edculos especiais necessitam de autoriza\u00e7\u00e3o para circular em estradas.","og_description":"Transportes Especiais Dependem de Autoriza\u00e7\u00e3o Especial para Tr\u00e1fego em Rodovias Cargas consideradas especiais, como aquelas muito longas, altas ou pesadas, necessitam de uma autoriza\u00e7\u00e3o espec\u00edfica para circular nas rodovias brasileiras. Esse documento, conhecido como Autoriza\u00e7\u00e3o Especial de Tr\u00e2nsito (AET), \u00e9 essencial para garantir a seguran\u00e7a durante as opera\u00e7\u00f5es de transporte. Regulamenta\u00e7\u00e3o e Seguran\u00e7a O Contran &hellip;","og_url":"https:\/\/motorista.com.br\/noticias\/2026\/09\/06\/veiculos-especiais-necessitam-de-autorizacao-para-circular-em-estradas\/","og_site_name":"Motorista.com.br","article_published_time":"2026-09-06T08:41:51+00:00","author":"Equipe Reda\u00e7\u00e3o","twitter_card":"summary_large_image","twitter_misc":{"Escrito por":"Equipe Reda\u00e7\u00e3o","Est. tempo de leitura":"2 minutos","Written by":"Equipe Reda\u00e7\u00e3o"},"schema":{"@context":"https:\/\/schema.org","@graph":[{"@type":"Article","@id":"https:\/\/motorista.com.br\/noticias\/2026\/09\/06\/veiculos-especiais-necessitam-de-autorizacao-para-circular-em-estradas\/#article","isPartOf":{"@id":"https:\/\/motorista.com.br\/noticias\/2026\/09\/06\/veiculos-especiais-necessitam-de-autorizacao-para-circular-em-estradas\/"},"author":{"name":"Equipe Reda\u00e7\u00e3o","@id":"https:\/\/motorista.com.br\/noticias\/#\/schema\/person\/dc93afc2981c0e3ce6bc3c053fd847be"},"headline":"Ve\u00edculos especiais necessitam de autoriza\u00e7\u00e3o para circular em estradas.","datePublished":"2026-09-06T08:41:51+00:00","mainEntityOfPage":{"@id":"https:\/\/motorista.com.br\/noticias\/2026\/09\/06\/veiculos-especiais-necessitam-de-autorizacao-para-circular-em-estradas\/"},"wordCount":468,"publisher":{"@id":"https:\/\/motorista.com.br\/noticias\/#organization"},"image":{"@id":"https:\/\/motorista.com.br\/noticias\/2026\/09\/06\/veiculos-especiais-necessitam-de-autorizacao-para-circular-em-estradas\/#primaryimage"},"thumbnailUrl":"https:\/\/motorista.com.br\/noticias\/wp-content\/uploads\/2026\/09\/AET.jpg","articleSection":["Carreteiro","Motorista"],"inLanguage":"pt-BR"},{"@type":"WebPage","@id":"https:\/\/motorista.com.br\/noticias\/2026\/09\/06\/veiculos-especiais-necessitam-de-autorizacao-para-circular-em-estradas\/","url":"https:\/\/motorista.com.br\/noticias\/2026\/09\/06\/veiculos-especiais-necessitam-de-autorizacao-para-circular-em-estradas\/","name":"Ve\u00edculos especiais necessitam de autoriza\u00e7\u00e3o para circular em estradas. - Motorista.com.br","isPartOf":{"@id":"https:\/\/motorista.com.br\/noticias\/#website"},"primaryImageOfPage":{"@id":"https:\/\/motorista.com.br\/noticias\/2026\/09\/06\/veiculos-especiais-necessitam-de-autorizacao-para-circular-em-estradas\/#primaryimage"},"image":{"@id":"https:\/\/motorista.com.br\/noticias\/2026\/09\/06\/veiculos-especiais-necessitam-de-autorizacao-para-circular-em-estradas\/#primaryimage"},"thumbnailUrl":"https:\/\/motorista.com.br\/noticias\/wp-content\/uploads\/2026\/09\/AET.jpg","datePublished":"2026-09-06T08:41:51+00:00","breadcrumb":{"@id":"https:\/\/motorista.com.br\/noticias\/2026\/09\/06\/veiculos-especiais-necessitam-de-autorizacao-para-circular-em-estradas\/#breadcrumb"},"inLanguage":"pt-BR","potentialAction":[{"@type":"ReadAction","target":["https:\/\/motorista.com.br\/noticias\/2026\/09\/06\/veiculos-especiais-necessitam-de-autorizacao-para-circular-em-estradas\/"]}]},{"@type":"ImageObject","inLanguage":"pt-BR","@id":"https:\/\/motorista.com.br\/noticias\/2026\/09\/06\/veiculos-especiais-necessitam-de-autorizacao-para-circular-em-estradas\/#primaryimage","url":"https:\/\/motorista.com.br\/noticias\/wp-content\/uploads\/2026\/09\/AET.jpg","contentUrl":"https:\/\/motorista.com.br\/noticias\/wp-content\/uploads\/2026\/09\/AET.jpg","width":1200,"height":800},{"@type":"BreadcrumbList","@id":"https:\/\/motorista.com.br\/noticias\/2026\/09\/06\/veiculos-especiais-necessitam-de-autorizacao-para-circular-em-estradas\/#breadcrumb","itemListElement":[{"@type":"ListItem","position":1,"name":"In\u00edcio","item":"https:\/\/motorista.com.br\/noticias\/"},{"@type":"ListItem","position":2,"name":"Ve\u00edculos especiais necessitam de autoriza\u00e7\u00e3o para circular em estradas."}]},{"@type":"WebSite","@id":"https:\/\/motorista.com.br\/noticias\/#website","url":"https:\/\/motorista.com.br\/noticias\/","name":"Motorista.com.br","description":"Not\u00edcia do Motorista","publisher":{"@id":"https:\/\/motorista.com.br\/noticias\/#organization"},"potentialAction":[{"@type":"SearchAction","target":{"@type":"EntryPoint","urlTemplate":"https:\/\/motorista.com.br\/noticias\/?s={search_term_string}"},"query-input":{"@type":"PropertyValueSpecification","valueRequired":true,"valueName":"search_term_string"}}],"inLanguage":"pt-BR"},{"@type":"Organization","@id":"https:\/\/motorista.com.br\/noticias\/#organization","name":"Motorista.com.br","url":"https:\/\/motorista.com.br\/noticias\/","logo":{"@type":"ImageObject","inLanguage":"pt-BR","@id":"https:\/\/motorista.com.br\/noticias\/#\/schema\/logo\/image\/","url":"https:\/\/motorista.com.br\/noticias\/wp-content\/uploads\/2025\/06\/Design-sem-nome-9.png","contentUrl":"https:\/\/motorista.com.br\/noticias\/wp-content\/uploads\/2025\/06\/Design-sem-nome-9.png","width":150,"height":85,"caption":"Motorista.com.br"},"image":{"@id":"https:\/\/motorista.com.br\/noticias\/#\/schema\/logo\/image\/"}},{"@type":"Person","@id":"https:\/\/motorista.com.br\/noticias\/#\/schema\/person\/dc93afc2981c0e3ce6bc3c053fd847be","name":"Equipe Reda\u00e7\u00e3o","image":{"@type":"ImageObject","inLanguage":"pt-BR","@id":"https:\/\/secure.gravatar.com\/avatar\/4f525efbf18dd2bb300ccad28bfb99d95a9465a5ba268407c8c37b37e1f28d2d?s=96&d=mm&r=g9e099043a0c61e9ae27e293b9fa75ffc","url":"https:\/\/secure.gravatar.com\/avatar\/4f525efbf18dd2bb300ccad28bfb99d95a9465a5ba268407c8c37b37e1f28d2d?s=96&d=mm&r=g","contentUrl":"https:\/\/secure.gravatar.com\/avatar\/4f525efbf18dd2bb300ccad28bfb99d95a9465a5ba268407c8c37b37e1f28d2d?s=96&d=mm&r=g","caption":"Equipe Reda\u00e7\u00e3o"},"description":"Equipe de reda\u00e7\u00e3o \u00e9 um grupo de profissionais que trabalham juntos para criar conte\u00fado escrito para Motorista.com.br","url":"https:\/\/motorista.com.br\/noticias\/author\/equiperedacao\/"}]}},"_links":{"self":[{"href":"https:\/\/motorista.com.br\/noticias\/wp-json\/wp\/v2\/posts\/14395","targetHints":{"allow":["GET"]}}],"collection":[{"href":"https:\/\/motorista.com.br\/noticias\/wp-json\/wp\/v2\/posts"}],"about":[{"href":"https:\/\/motorista.com.br\/noticias\/wp-json\/wp\/v2\/types\/post"}],"author":[{"embeddable":true,"href":"https:\/\/motorista.com.br\/noticias\/wp-json\/wp\/v2\/users\/4"}],"replies":[{"embeddable":true,"href":"https:\/\/motorista.com.br\/noticias\/wp-json\/wp\/v2\/comments?post=14395"}],"version-history":[{"count":0,"href":"https:\/\/motorista.com.br\/noticias\/wp-json\/wp\/v2\/posts\/14395\/revisions"}],"wp:featuredmedia":[{"embeddable":true,"href":"https:\/\/motorista.com.br\/noticias\/wp-json\/wp\/v2\/media\/14396"}],"wp:attachment":[{"href":"https:\/\/motorista.com.br\/noticias\/wp-json\/wp\/v2\/media?parent=14395"}],"wp:term":[{"taxonomy":"category","embeddable":true,"href":"https:\/\/motorista.com.br\/noticias\/wp-json\/wp\/v2\/categories?post=14395"},{"taxonomy":"post_tag","embeddable":true,"href":"https:\/\/motorista.com.br\/noticias\/wp-json\/wp\/v2\/tags?post=14395"},{"taxonomy":"author","embeddable":true,"href":"https:\/\/motorista.com.br\/noticias\/wp-json\/wp\/v2\/coauthors?post=14395"}],"curies":[{"name":"wp","href":"https:\/\/api.w.org\/{rel}","templated":true}]}}