{"id":14391,"date":"2026-09-06T03:29:11","date_gmt":"2026-09-06T06:29:11","guid":{"rendered":"https:\/\/motorista.com.br\/noticias\/2026\/09\/06\/amazon-otimiza-entregas-no-sul-com-centro-de-distribuicao-no-parana\/"},"modified":"2026-09-06T03:29:11","modified_gmt":"2026-09-06T06:29:11","slug":"amazon-otimiza-entregas-no-sul-com-centro-de-distribuicao-no-parana","status":"publish","type":"post","link":"https:\/\/motorista.com.br\/noticias\/2026\/09\/06\/amazon-otimiza-entregas-no-sul-com-centro-de-distribuicao-no-parana\/","title":{"rendered":"Amazon otimiza entregas no Sul com centro de distribui\u00e7\u00e3o no Paran\u00e1."},"content":{"rendered":"<p><\/p>\n<div>\n<p>A Amazon e a ID Logistics inauguraram recentemente seu primeiro <strong>centro de distribui\u00e7\u00e3o no Paran\u00e1<\/strong>, localizado em S\u00e3o Jos\u00e9 dos Pinhais. Essa nova opera\u00e7\u00e3o visa aprimorar a log\u00edstica voltada para a regi\u00e3o Sul, oferecendo entregas no mesmo dia para os consumidores paranaenses e reduzindo prazos para os moradores de Santa Catarina. Al\u00e9m disso, a proximidade do centro beneficiar\u00e1 vendedores parceiros, que poder\u00e3o enviar produtos com maior agilidade para todas as regi\u00f5es do Brasil.<\/p>\n<p>Com 24.000 m\u00b2 de \u00e1rea, o centro tem a capacidade inicial de processar mais de 700 mil pacotes semanalmente, e, durante per\u00edodos de maior demanda, poder\u00e1 contar com at\u00e9 900 trabalhadores diretos e indiretos. A opera\u00e7\u00e3o ocorre 24 horas por dia, utilizando tecnologia avan\u00e7ada para garantir integra\u00e7\u00e3o em tempo real e rastreabilidade de processos. Isso n\u00e3o apenas otimiza a efici\u00eancia log\u00edstica, mas tamb\u00e9m contribui para a redu\u00e7\u00e3o da emiss\u00e3o de carbono associada ao transporte, uma preocupa\u00e7\u00e3o crescente em um mundo onde a mobilidade sustent\u00e1vel \u00e9 cada vez mais necess\u00e1ria.<\/p>\n<figure>\n<img fetchpriority=\"high\" fetchpriority=\"high\" decoding=\"async\" width=\"800\" height=\"420\" alt=\"\" class=\"wp-image-318472 lazyload\" src=\"https:\/\/logweb.com.br\/wp-content\/uploads\/2026\/09\/Amazon-e-ID-Logistics.jpg\" srcset=\"https:\/\/logweb.com.br\/wp-content\/uploads\/2026\/09\/Amazon-e-ID-Logistics.jpg 800w, https:\/\/logweb.com.br\/wp-content\/uploads\/2026\/09\/Amazon-e-ID-Logistics-300x158.jpg 300w, https:\/\/logweb.com.br\/wp-content\/uploads\/2026\/09\/Amazon-e-ID-Logistics-768x403.jpg 768w\" data-sizes=\"auto\" data-eio-rwidth=\"800\" data-eio-rheight=\"420\"\/><br \/>\n<\/figure>\n<p><strong>Estrutura log\u00edstica apoia a expans\u00e3o do e-commerce<\/strong><\/p>\n<p>Com seis anos de presen\u00e7a no varejo brasileiro, a Amazon j\u00e1 conta com uma robusta estrutura log\u00edstica, abrigando mais de 300 centros em todo o pa\u00eds. A nova unidade no Paran\u00e1 representa um avan\u00e7o significativo, especialmente em uma regi\u00e3o onde a demanda por e-commerce est\u00e1 crescendo rapidamente. Somente em 2025, a empresa investiu mais de R$ 1,4 bilh\u00e3o na regi\u00e3o Sul para aprimorar suas opera\u00e7\u00f5es e atender ao aumento da demanda por entregas r\u00e1pidas.<\/p>\n<p>A opera\u00e7\u00e3o da ID Logistics com a Amazon n\u00e3o se limita apenas \u00e0 expans\u00e3o f\u00edsica, mas tamb\u00e9m \u00e0 cria\u00e7\u00e3o de um ecossistema log\u00edstico mais conectado e \u00e1gil, favorecendo a mobilidade geral do com\u00e9rcio e a experi\u00eancia do consumidor. Isso \u00e9 especialmente relevante em tempos em que a efici\u00eancia log\u00edstica pode resultar em entrega mais r\u00e1pida e atendimento melhorado.<\/p>\n<p>O novo centro de distribui\u00e7\u00e3o tamb\u00e9m traz grandes benef\u00edcios para os empreendedores locais, com opera\u00e7\u00f5es relacionadas ao programa FBA \u2013 Log\u00edstica da Amazon. Essa plataforma permite que pequenos e m\u00e9dios vendedores enviem seus produtos diretamente ao centro, permitindo que a Amazon cuide da armazenagem, separa\u00e7\u00e3o, embalagem e envio. Isso n\u00e3o apenas simplifica o processo para os vendedores, mas tamb\u00e9m aumenta sua visibilidade, permitindo que seus produtos sejam eleg\u00edveis ao selos Prime, o que significa frete r\u00e1pido e gratuito para os membros do programa.<\/p>\n<p>\u201cEste centro de distribui\u00e7\u00e3o no Paran\u00e1 n\u00e3o \u00e9 apenas uma expans\u00e3o log\u00edstica; ele representa um est\u00edmulo para a economia regional com a gera\u00e7\u00e3o de empregos e novas oportunidades para pequenos neg\u00f3cios alcan\u00e7arem clientes em todo o Brasil,\u201d afirma Ricardo Pagani, diretor de Opera\u00e7\u00f5es da Amazon Brasil. Essa vis\u00e3o de crescimento sustent\u00e1vel \u00e9 crucial para a mobilidade geral, pois um mercado mais din\u00e2mico contribui para um ambiente econ\u00f4mico mais saud\u00e1vel e acess\u00edvel.<\/p>\n<p>\u201cA parceria com a Amazon nos permite fortalecer nossa presen\u00e7a nacional, al\u00e9m de nos aproximar dos consumidores finais, refor\u00e7ando nosso papel estrat\u00e9gico no crescimento dos neg\u00f3cios,\u201d complementa Gilberto Lima, CEO da ID Logistics Brasil. Essa sinergia entre as empresas ressalta a import\u00e2ncia de solu\u00e7\u00f5es log\u00edsticas avan\u00e7adas no cen\u00e1rio atual, promovendo um fluxo mais eficiente de produtos e servi\u00e7os, essencial para a mobilidade urbana e regional.<\/p>\n<\/div>\n<p>Fonte: logweb<\/p>\n","protected":false},"excerpt":{"rendered":"<p>A Amazon e a ID Logistics inauguraram recentemente seu primeiro centro de distribui\u00e7\u00e3o no Paran\u00e1, localizado em S\u00e3o Jos\u00e9 dos Pinhais. Essa nova opera\u00e7\u00e3o visa aprimorar a log\u00edstica voltada para a regi\u00e3o Sul, oferecendo entregas no mesmo dia para os consumidores paranaenses e reduzindo prazos para os moradores de Santa Catarina. Al\u00e9m disso, a proximidade &hellip;<\/p>\n","protected":false},"author":4,"featured_media":14392,"comment_status":"","ping_status":"open","sticky":false,"template":"","format":"standard","meta":{"footnotes":""},"categories":[62],"tags":[],"coauthors":[42],"class_list":["post-14391","post","type-post","status-publish","format-standard","has-post-thumbnail","hentry","category-logistica"],"yoast_head":"<!-- This site is optimized with the Yoast SEO Premium plugin v27.6.1 (Yoast SEO v28.4) - https:\/\/yoast.com\/product\/yoast-seo-premium-wordpress\/ -->\n<title>Amazon otimiza entregas no Sul com centro de distribui\u00e7\u00e3o no Paran\u00e1. - Motorista.com.br<\/title>\n<meta name=\"robots\" content=\"index, follow, max-snippet:-1, max-image-preview:large, max-video-preview:-1\" \/>\n<link rel=\"canonical\" href=\"https:\/\/motorista.com.br\/noticias\/2026\/09\/06\/amazon-otimiza-entregas-no-sul-com-centro-de-distribuicao-no-parana\/\" \/>\n<meta property=\"og:locale\" content=\"pt_BR\" \/>\n<meta property=\"og:type\" content=\"article\" \/>\n<meta property=\"og:title\" content=\"Amazon otimiza entregas no Sul com centro de distribui\u00e7\u00e3o no Paran\u00e1.\" \/>\n<meta property=\"og:description\" content=\"A Amazon e a ID Logistics inauguraram recentemente seu primeiro centro de distribui\u00e7\u00e3o no Paran\u00e1, localizado em S\u00e3o Jos\u00e9 dos Pinhais. Essa nova opera\u00e7\u00e3o visa aprimorar a log\u00edstica voltada para a regi\u00e3o Sul, oferecendo entregas no mesmo dia para os consumidores paranaenses e reduzindo prazos para os moradores de Santa Catarina. Al\u00e9m disso, a proximidade &hellip;\" \/>\n<meta property=\"og:url\" content=\"https:\/\/motorista.com.br\/noticias\/2026\/09\/06\/amazon-otimiza-entregas-no-sul-com-centro-de-distribuicao-no-parana\/\" \/>\n<meta property=\"og:site_name\" content=\"Motorista.com.br\" \/>\n<meta property=\"article:published_time\" content=\"2026-09-06T06:29:11+00:00\" \/>\n<meta name=\"author\" content=\"Equipe Reda\u00e7\u00e3o\" \/>\n<meta name=\"twitter:card\" content=\"summary_large_image\" \/>\n<meta name=\"twitter:label1\" content=\"Escrito por\" \/>\n\t<meta name=\"twitter:data1\" content=\"Equipe Reda\u00e7\u00e3o\" \/>\n\t<meta name=\"twitter:label2\" content=\"Est. tempo de leitura\" \/>\n\t<meta name=\"twitter:data2\" content=\"3 minutos\" \/>\n\t<meta name=\"twitter:label3\" content=\"Written by\" \/>\n\t<meta name=\"twitter:data3\" content=\"Equipe Reda\u00e7\u00e3o\" \/>\n<script type=\"application\/ld+json\" class=\"yoast-schema-graph\">{\"@context\":\"https:\\\/\\\/schema.org\",\"@graph\":[{\"@type\":\"Article\",\"@id\":\"https:\\\/\\\/motorista.com.br\\\/noticias\\\/2026\\\/09\\\/06\\\/amazon-otimiza-entregas-no-sul-com-centro-de-distribuicao-no-parana\\\/#article\",\"isPartOf\":{\"@id\":\"https:\\\/\\\/motorista.com.br\\\/noticias\\\/2026\\\/09\\\/06\\\/amazon-otimiza-entregas-no-sul-com-centro-de-distribuicao-no-parana\\\/\"},\"author\":{\"name\":\"Equipe Reda\u00e7\u00e3o\",\"@id\":\"https:\\\/\\\/motorista.com.br\\\/noticias\\\/#\\\/schema\\\/person\\\/dc93afc2981c0e3ce6bc3c053fd847be\"},\"headline\":\"Amazon otimiza entregas no Sul com centro de distribui\u00e7\u00e3o no Paran\u00e1.\",\"datePublished\":\"2026-09-06T06:29:11+00:00\",\"mainEntityOfPage\":{\"@id\":\"https:\\\/\\\/motorista.com.br\\\/noticias\\\/2026\\\/09\\\/06\\\/amazon-otimiza-entregas-no-sul-com-centro-de-distribuicao-no-parana\\\/\"},\"wordCount\":601,\"publisher\":{\"@id\":\"https:\\\/\\\/motorista.com.br\\\/noticias\\\/#organization\"},\"image\":{\"@id\":\"https:\\\/\\\/motorista.com.br\\\/noticias\\\/2026\\\/09\\\/06\\\/amazon-otimiza-entregas-no-sul-com-centro-de-distribuicao-no-parana\\\/#primaryimage\"},\"thumbnailUrl\":\"https:\\\/\\\/motorista.com.br\\\/noticias\\\/wp-content\\\/uploads\\\/2026\\\/09\\\/Amazon-e-ID-Logistics.jpg\",\"articleSection\":[\"Log\u00edstica\"],\"inLanguage\":\"pt-BR\"},{\"@type\":\"WebPage\",\"@id\":\"https:\\\/\\\/motorista.com.br\\\/noticias\\\/2026\\\/09\\\/06\\\/amazon-otimiza-entregas-no-sul-com-centro-de-distribuicao-no-parana\\\/\",\"url\":\"https:\\\/\\\/motorista.com.br\\\/noticias\\\/2026\\\/09\\\/06\\\/amazon-otimiza-entregas-no-sul-com-centro-de-distribuicao-no-parana\\\/\",\"name\":\"Amazon otimiza entregas no Sul com centro de distribui\u00e7\u00e3o no Paran\u00e1. - Motorista.com.br\",\"isPartOf\":{\"@id\":\"https:\\\/\\\/motorista.com.br\\\/noticias\\\/#website\"},\"primaryImageOfPage\":{\"@id\":\"https:\\\/\\\/motorista.com.br\\\/noticias\\\/2026\\\/09\\\/06\\\/amazon-otimiza-entregas-no-sul-com-centro-de-distribuicao-no-parana\\\/#primaryimage\"},\"image\":{\"@id\":\"https:\\\/\\\/motorista.com.br\\\/noticias\\\/2026\\\/09\\\/06\\\/amazon-otimiza-entregas-no-sul-com-centro-de-distribuicao-no-parana\\\/#primaryimage\"},\"thumbnailUrl\":\"https:\\\/\\\/motorista.com.br\\\/noticias\\\/wp-content\\\/uploads\\\/2026\\\/09\\\/Amazon-e-ID-Logistics.jpg\",\"datePublished\":\"2026-09-06T06:29:11+00:00\",\"breadcrumb\":{\"@id\":\"https:\\\/\\\/motorista.com.br\\\/noticias\\\/2026\\\/09\\\/06\\\/amazon-otimiza-entregas-no-sul-com-centro-de-distribuicao-no-parana\\\/#breadcrumb\"},\"inLanguage\":\"pt-BR\",\"potentialAction\":[{\"@type\":\"ReadAction\",\"target\":[\"https:\\\/\\\/motorista.com.br\\\/noticias\\\/2026\\\/09\\\/06\\\/amazon-otimiza-entregas-no-sul-com-centro-de-distribuicao-no-parana\\\/\"]}]},{\"@type\":\"ImageObject\",\"inLanguage\":\"pt-BR\",\"@id\":\"https:\\\/\\\/motorista.com.br\\\/noticias\\\/2026\\\/09\\\/06\\\/amazon-otimiza-entregas-no-sul-com-centro-de-distribuicao-no-parana\\\/#primaryimage\",\"url\":\"https:\\\/\\\/motorista.com.br\\\/noticias\\\/wp-content\\\/uploads\\\/2026\\\/09\\\/Amazon-e-ID-Logistics.jpg\",\"contentUrl\":\"https:\\\/\\\/motorista.com.br\\\/noticias\\\/wp-content\\\/uploads\\\/2026\\\/09\\\/Amazon-e-ID-Logistics.jpg\",\"width\":800,\"height\":420},{\"@type\":\"BreadcrumbList\",\"@id\":\"https:\\\/\\\/motorista.com.br\\\/noticias\\\/2026\\\/09\\\/06\\\/amazon-otimiza-entregas-no-sul-com-centro-de-distribuicao-no-parana\\\/#breadcrumb\",\"itemListElement\":[{\"@type\":\"ListItem\",\"position\":1,\"name\":\"In\u00edcio\",\"item\":\"https:\\\/\\\/motorista.com.br\\\/noticias\\\/\"},{\"@type\":\"ListItem\",\"position\":2,\"name\":\"Amazon otimiza entregas no Sul com centro de distribui\u00e7\u00e3o no Paran\u00e1.\"}]},{\"@type\":\"WebSite\",\"@id\":\"https:\\\/\\\/motorista.com.br\\\/noticias\\\/#website\",\"url\":\"https:\\\/\\\/motorista.com.br\\\/noticias\\\/\",\"name\":\"Motorista.com.br\",\"description\":\"Not\u00edcia do Motorista\",\"publisher\":{\"@id\":\"https:\\\/\\\/motorista.com.br\\\/noticias\\\/#organization\"},\"potentialAction\":[{\"@type\":\"SearchAction\",\"target\":{\"@type\":\"EntryPoint\",\"urlTemplate\":\"https:\\\/\\\/motorista.com.br\\\/noticias\\\/?s={search_term_string}\"},\"query-input\":{\"@type\":\"PropertyValueSpecification\",\"valueRequired\":true,\"valueName\":\"search_term_string\"}}],\"inLanguage\":\"pt-BR\"},{\"@type\":\"Organization\",\"@id\":\"https:\\\/\\\/motorista.com.br\\\/noticias\\\/#organization\",\"name\":\"Motorista.com.br\",\"url\":\"https:\\\/\\\/motorista.com.br\\\/noticias\\\/\",\"logo\":{\"@type\":\"ImageObject\",\"inLanguage\":\"pt-BR\",\"@id\":\"https:\\\/\\\/motorista.com.br\\\/noticias\\\/#\\\/schema\\\/logo\\\/image\\\/\",\"url\":\"https:\\\/\\\/motorista.com.br\\\/noticias\\\/wp-content\\\/uploads\\\/2025\\\/06\\\/Design-sem-nome-9.png\",\"contentUrl\":\"https:\\\/\\\/motorista.com.br\\\/noticias\\\/wp-content\\\/uploads\\\/2025\\\/06\\\/Design-sem-nome-9.png\",\"width\":150,\"height\":85,\"caption\":\"Motorista.com.br\"},\"image\":{\"@id\":\"https:\\\/\\\/motorista.com.br\\\/noticias\\\/#\\\/schema\\\/logo\\\/image\\\/\"}},{\"@type\":\"Person\",\"@id\":\"https:\\\/\\\/motorista.com.br\\\/noticias\\\/#\\\/schema\\\/person\\\/dc93afc2981c0e3ce6bc3c053fd847be\",\"name\":\"Equipe Reda\u00e7\u00e3o\",\"image\":{\"@type\":\"ImageObject\",\"inLanguage\":\"pt-BR\",\"@id\":\"https:\\\/\\\/secure.gravatar.com\\\/avatar\\\/4f525efbf18dd2bb300ccad28bfb99d95a9465a5ba268407c8c37b37e1f28d2d?s=96&d=mm&r=g9e099043a0c61e9ae27e293b9fa75ffc\",\"url\":\"https:\\\/\\\/secure.gravatar.com\\\/avatar\\\/4f525efbf18dd2bb300ccad28bfb99d95a9465a5ba268407c8c37b37e1f28d2d?s=96&d=mm&r=g\",\"contentUrl\":\"https:\\\/\\\/secure.gravatar.com\\\/avatar\\\/4f525efbf18dd2bb300ccad28bfb99d95a9465a5ba268407c8c37b37e1f28d2d?s=96&d=mm&r=g\",\"caption\":\"Equipe Reda\u00e7\u00e3o\"},\"description\":\"Equipe de reda\u00e7\u00e3o \u00e9 um grupo de profissionais que trabalham juntos para criar conte\u00fado escrito para Motorista.com.br\",\"url\":\"https:\\\/\\\/motorista.com.br\\\/noticias\\\/author\\\/equiperedacao\\\/\"}]}<\/script>\n<!-- \/ Yoast SEO Premium plugin. -->","yoast_head_json":{"title":"Amazon otimiza entregas no Sul com centro de distribui\u00e7\u00e3o no Paran\u00e1. - Motorista.com.br","robots":{"index":"index","follow":"follow","max-snippet":"max-snippet:-1","max-image-preview":"max-image-preview:large","max-video-preview":"max-video-preview:-1"},"canonical":"https:\/\/motorista.com.br\/noticias\/2026\/09\/06\/amazon-otimiza-entregas-no-sul-com-centro-de-distribuicao-no-parana\/","og_locale":"pt_BR","og_type":"article","og_title":"Amazon otimiza entregas no Sul com centro de distribui\u00e7\u00e3o no Paran\u00e1.","og_description":"A Amazon e a ID Logistics inauguraram recentemente seu primeiro centro de distribui\u00e7\u00e3o no Paran\u00e1, localizado em S\u00e3o Jos\u00e9 dos Pinhais. Essa nova opera\u00e7\u00e3o visa aprimorar a log\u00edstica voltada para a regi\u00e3o Sul, oferecendo entregas no mesmo dia para os consumidores paranaenses e reduzindo prazos para os moradores de Santa Catarina. Al\u00e9m disso, a proximidade &hellip;","og_url":"https:\/\/motorista.com.br\/noticias\/2026\/09\/06\/amazon-otimiza-entregas-no-sul-com-centro-de-distribuicao-no-parana\/","og_site_name":"Motorista.com.br","article_published_time":"2026-09-06T06:29:11+00:00","author":"Equipe Reda\u00e7\u00e3o","twitter_card":"summary_large_image","twitter_misc":{"Escrito por":"Equipe Reda\u00e7\u00e3o","Est. tempo de leitura":"3 minutos","Written by":"Equipe Reda\u00e7\u00e3o"},"schema":{"@context":"https:\/\/schema.org","@graph":[{"@type":"Article","@id":"https:\/\/motorista.com.br\/noticias\/2026\/09\/06\/amazon-otimiza-entregas-no-sul-com-centro-de-distribuicao-no-parana\/#article","isPartOf":{"@id":"https:\/\/motorista.com.br\/noticias\/2026\/09\/06\/amazon-otimiza-entregas-no-sul-com-centro-de-distribuicao-no-parana\/"},"author":{"name":"Equipe Reda\u00e7\u00e3o","@id":"https:\/\/motorista.com.br\/noticias\/#\/schema\/person\/dc93afc2981c0e3ce6bc3c053fd847be"},"headline":"Amazon otimiza entregas no Sul com centro de distribui\u00e7\u00e3o no Paran\u00e1.","datePublished":"2026-09-06T06:29:11+00:00","mainEntityOfPage":{"@id":"https:\/\/motorista.com.br\/noticias\/2026\/09\/06\/amazon-otimiza-entregas-no-sul-com-centro-de-distribuicao-no-parana\/"},"wordCount":601,"publisher":{"@id":"https:\/\/motorista.com.br\/noticias\/#organization"},"image":{"@id":"https:\/\/motorista.com.br\/noticias\/2026\/09\/06\/amazon-otimiza-entregas-no-sul-com-centro-de-distribuicao-no-parana\/#primaryimage"},"thumbnailUrl":"https:\/\/motorista.com.br\/noticias\/wp-content\/uploads\/2026\/09\/Amazon-e-ID-Logistics.jpg","articleSection":["Log\u00edstica"],"inLanguage":"pt-BR"},{"@type":"WebPage","@id":"https:\/\/motorista.com.br\/noticias\/2026\/09\/06\/amazon-otimiza-entregas-no-sul-com-centro-de-distribuicao-no-parana\/","url":"https:\/\/motorista.com.br\/noticias\/2026\/09\/06\/amazon-otimiza-entregas-no-sul-com-centro-de-distribuicao-no-parana\/","name":"Amazon otimiza entregas no Sul com centro de distribui\u00e7\u00e3o no Paran\u00e1. - Motorista.com.br","isPartOf":{"@id":"https:\/\/motorista.com.br\/noticias\/#website"},"primaryImageOfPage":{"@id":"https:\/\/motorista.com.br\/noticias\/2026\/09\/06\/amazon-otimiza-entregas-no-sul-com-centro-de-distribuicao-no-parana\/#primaryimage"},"image":{"@id":"https:\/\/motorista.com.br\/noticias\/2026\/09\/06\/amazon-otimiza-entregas-no-sul-com-centro-de-distribuicao-no-parana\/#primaryimage"},"thumbnailUrl":"https:\/\/motorista.com.br\/noticias\/wp-content\/uploads\/2026\/09\/Amazon-e-ID-Logistics.jpg","datePublished":"2026-09-06T06:29:11+00:00","breadcrumb":{"@id":"https:\/\/motorista.com.br\/noticias\/2026\/09\/06\/amazon-otimiza-entregas-no-sul-com-centro-de-distribuicao-no-parana\/#breadcrumb"},"inLanguage":"pt-BR","potentialAction":[{"@type":"ReadAction","target":["https:\/\/motorista.com.br\/noticias\/2026\/09\/06\/amazon-otimiza-entregas-no-sul-com-centro-de-distribuicao-no-parana\/"]}]},{"@type":"ImageObject","inLanguage":"pt-BR","@id":"https:\/\/motorista.com.br\/noticias\/2026\/09\/06\/amazon-otimiza-entregas-no-sul-com-centro-de-distribuicao-no-parana\/#primaryimage","url":"https:\/\/motorista.com.br\/noticias\/wp-content\/uploads\/2026\/09\/Amazon-e-ID-Logistics.jpg","contentUrl":"https:\/\/motorista.com.br\/noticias\/wp-content\/uploads\/2026\/09\/Amazon-e-ID-Logistics.jpg","width":800,"height":420},{"@type":"BreadcrumbList","@id":"https:\/\/motorista.com.br\/noticias\/2026\/09\/06\/amazon-otimiza-entregas-no-sul-com-centro-de-distribuicao-no-parana\/#breadcrumb","itemListElement":[{"@type":"ListItem","position":1,"name":"In\u00edcio","item":"https:\/\/motorista.com.br\/noticias\/"},{"@type":"ListItem","position":2,"name":"Amazon otimiza entregas no Sul com centro de distribui\u00e7\u00e3o no Paran\u00e1."}]},{"@type":"WebSite","@id":"https:\/\/motorista.com.br\/noticias\/#website","url":"https:\/\/motorista.com.br\/noticias\/","name":"Motorista.com.br","description":"Not\u00edcia do Motorista","publisher":{"@id":"https:\/\/motorista.com.br\/noticias\/#organization"},"potentialAction":[{"@type":"SearchAction","target":{"@type":"EntryPoint","urlTemplate":"https:\/\/motorista.com.br\/noticias\/?s={search_term_string}"},"query-input":{"@type":"PropertyValueSpecification","valueRequired":true,"valueName":"search_term_string"}}],"inLanguage":"pt-BR"},{"@type":"Organization","@id":"https:\/\/motorista.com.br\/noticias\/#organization","name":"Motorista.com.br","url":"https:\/\/motorista.com.br\/noticias\/","logo":{"@type":"ImageObject","inLanguage":"pt-BR","@id":"https:\/\/motorista.com.br\/noticias\/#\/schema\/logo\/image\/","url":"https:\/\/motorista.com.br\/noticias\/wp-content\/uploads\/2025\/06\/Design-sem-nome-9.png","contentUrl":"https:\/\/motorista.com.br\/noticias\/wp-content\/uploads\/2025\/06\/Design-sem-nome-9.png","width":150,"height":85,"caption":"Motorista.com.br"},"image":{"@id":"https:\/\/motorista.com.br\/noticias\/#\/schema\/logo\/image\/"}},{"@type":"Person","@id":"https:\/\/motorista.com.br\/noticias\/#\/schema\/person\/dc93afc2981c0e3ce6bc3c053fd847be","name":"Equipe Reda\u00e7\u00e3o","image":{"@type":"ImageObject","inLanguage":"pt-BR","@id":"https:\/\/secure.gravatar.com\/avatar\/4f525efbf18dd2bb300ccad28bfb99d95a9465a5ba268407c8c37b37e1f28d2d?s=96&d=mm&r=g9e099043a0c61e9ae27e293b9fa75ffc","url":"https:\/\/secure.gravatar.com\/avatar\/4f525efbf18dd2bb300ccad28bfb99d95a9465a5ba268407c8c37b37e1f28d2d?s=96&d=mm&r=g","contentUrl":"https:\/\/secure.gravatar.com\/avatar\/4f525efbf18dd2bb300ccad28bfb99d95a9465a5ba268407c8c37b37e1f28d2d?s=96&d=mm&r=g","caption":"Equipe Reda\u00e7\u00e3o"},"description":"Equipe de reda\u00e7\u00e3o \u00e9 um grupo de profissionais que trabalham juntos para criar conte\u00fado escrito para Motorista.com.br","url":"https:\/\/motorista.com.br\/noticias\/author\/equiperedacao\/"}]}},"_links":{"self":[{"href":"https:\/\/motorista.com.br\/noticias\/wp-json\/wp\/v2\/posts\/14391","targetHints":{"allow":["GET"]}}],"collection":[{"href":"https:\/\/motorista.com.br\/noticias\/wp-json\/wp\/v2\/posts"}],"about":[{"href":"https:\/\/motorista.com.br\/noticias\/wp-json\/wp\/v2\/types\/post"}],"author":[{"embeddable":true,"href":"https:\/\/motorista.com.br\/noticias\/wp-json\/wp\/v2\/users\/4"}],"replies":[{"embeddable":true,"href":"https:\/\/motorista.com.br\/noticias\/wp-json\/wp\/v2\/comments?post=14391"}],"version-history":[{"count":0,"href":"https:\/\/motorista.com.br\/noticias\/wp-json\/wp\/v2\/posts\/14391\/revisions"}],"wp:featuredmedia":[{"embeddable":true,"href":"https:\/\/motorista.com.br\/noticias\/wp-json\/wp\/v2\/media\/14392"}],"wp:attachment":[{"href":"https:\/\/motorista.com.br\/noticias\/wp-json\/wp\/v2\/media?parent=14391"}],"wp:term":[{"taxonomy":"category","embeddable":true,"href":"https:\/\/motorista.com.br\/noticias\/wp-json\/wp\/v2\/categories?post=14391"},{"taxonomy":"post_tag","embeddable":true,"href":"https:\/\/motorista.com.br\/noticias\/wp-json\/wp\/v2\/tags?post=14391"},{"taxonomy":"author","embeddable":true,"href":"https:\/\/motorista.com.br\/noticias\/wp-json\/wp\/v2\/coauthors?post=14391"}],"curies":[{"name":"wp","href":"https:\/\/api.w.org\/{rel}","templated":true}]}}