{"id":14386,"date":"2026-09-05T21:29:37","date_gmt":"2026-09-06T00:29:37","guid":{"rendered":"https:\/\/motorista.com.br\/noticias\/2026\/09\/05\/gilmar-mendes-sugere-proibir-policiais-e-militares-nos-gabinetes-do-stf\/"},"modified":"2026-09-05T21:29:37","modified_gmt":"2026-09-06T00:29:37","slug":"gilmar-mendes-sugere-proibir-policiais-e-militares-nos-gabinetes-do-stf","status":"publish","type":"post","link":"https:\/\/motorista.com.br\/noticias\/2026\/09\/05\/gilmar-mendes-sugere-proibir-policiais-e-militares-nos-gabinetes-do-stf\/","title":{"rendered":"Gilmar Mendes sugere proibir policiais e militares nos gabinetes do STF."},"content":{"rendered":"<p><\/p>\n<h3>Gilmar Mendes prop\u00f5e barrar policiais e militares em gabinetes de ministros do STF<\/h3>\n<p>Recentemente, o ministro Gilmar Mendes sugeriu uma mudan\u00e7a no regimento do Supremo Tribunal Federal (STF) que visa restringir a presen\u00e7a de policiais e militares nos gabinetes dos ministros, exceto para atividades de seguran\u00e7a. Essa proposta surge em um contexto delicado, marcado por tens\u00f5es entre os ministros Alexandre de Moraes e Andr\u00e9 Mendon\u00e7a, especialmente em rela\u00e7\u00e3o a investiga\u00e7\u00f5es do Banco Master.<\/p>\n<p>Essa medida pode ser vista como uma tentativa de resguardar a independ\u00eancia do Judici\u00e1rio, garantindo que decis\u00f5es sejam tomadas sem a influ\u00eancia de agentes externos, que frequentemente podem intervir em um ambiente pol\u00edtico j\u00e1 conturbado. A presen\u00e7a de for\u00e7as de seguran\u00e7a nos gabinetes pode levantar preocupa\u00e7\u00f5es sobre a privacidade das discuss\u00f5es e a imparcialidade das delibera\u00e7\u00f5es, elementos fundamentais para a boa-f\u00e9 do processo judicial.<\/p>\n<h3>Benef\u00edcios para Motoristas e a Mobilidade Geral<\/h3>\n<p>A relev\u00e2ncia dessa discuss\u00e3o se estende al\u00e9m do \u00e2mbito jur\u00eddico e atinge a mobilidade urbana e a seguran\u00e7a p\u00fablica. Quando as institui\u00e7\u00f5es atuam de maneira independente, promovendo decis\u00f5es justas e imparciais, isso reflete diretamente na confian\u00e7a da sociedade nas autoridades. Um Judici\u00e1rio efetivo e respeitado possui um papel importante na manuten\u00e7\u00e3o da ordem p\u00fablica, o que, por sua vez, influencia a seguran\u00e7a nas ruas.<\/p>\n<p>Para os motoristas, especialmente aqueles que dependem do transporte p\u00fablico ou realizam fretes, uma atmosfera de seguran\u00e7a e confian\u00e7a nas institui\u00e7\u00f5es pode impactar diretamente a qualidade dos servi\u00e7os oferecidos. Estradas mais seguras e um ambiente menos propenso \u00e0 corrup\u00e7\u00e3o e \u00e0 viol\u00eancia podem diminuir os riscos envolvidos no deslocamento e facilitar a mobilidade. Isso \u00e9 crucial em um pa\u00eds onde o setor de transporte \u00e9 vital para a economia e a vida cotidiana das pessoas.<\/p>\n<p>Ademais, decis\u00f5es claras e imparciais em quest\u00f5es de seguran\u00e7a p\u00fablica e mobilidade urbana, promovidas por um sistema judicial efetivo, podem trazer melhorias na infraestrutura das cidades, assegurando que investimentos sejam feitos em benef\u00edcios reais para a popula\u00e7\u00e3o. Teoricamente, a mudan\u00e7a proposta por Mendes poderia ser um passo facilitador para que essa confian\u00e7a se solidifique, impactando positivamente a mobilidade e a seguran\u00e7a de todos.<\/p>\n<p>Em suma, a proposta de restri\u00e7\u00e3o \u00e0 atua\u00e7\u00e3o de policiais e militares nos gabinetes do STF pode ser um passo importante para fortalecer a independ\u00eancia do Judici\u00e1rio e, consequentemente, trazer benef\u00edcios diretos aos motoristas e \u00e0 mobilidade p\u00fablica em geral. A rela\u00e7\u00e3o entre seguran\u00e7a, justi\u00e7a e mobilidade \u00e9 intricada e merece aten\u00e7\u00e3o cont\u00ednua, pois impacta diretamente na qualidade de vida de todos os cidad\u00e3os.<\/p>\n","protected":false},"excerpt":{"rendered":"<p>Gilmar Mendes prop\u00f5e barrar policiais e militares em gabinetes de ministros do STF Recentemente, o ministro Gilmar Mendes sugeriu uma mudan\u00e7a no regimento do Supremo Tribunal Federal (STF) que visa restringir a presen\u00e7a de policiais e militares nos gabinetes dos ministros, exceto para atividades de seguran\u00e7a. Essa proposta surge em um contexto delicado, marcado por &hellip;<\/p>\n","protected":false},"author":4,"featured_media":14387,"comment_status":"","ping_status":"open","sticky":false,"template":"","format":"standard","meta":{"footnotes":""},"categories":[45],"tags":[],"coauthors":[42],"class_list":["post-14386","post","type-post","status-publish","format-standard","has-post-thumbnail","hentry","category-mundo"],"yoast_head":"<!-- This site is optimized with the Yoast SEO Premium plugin v27.6.1 (Yoast SEO v28.4) - https:\/\/yoast.com\/product\/yoast-seo-premium-wordpress\/ -->\n<title>Gilmar Mendes sugere proibir policiais e militares nos gabinetes do STF. - Motorista.com.br<\/title>\n<meta name=\"robots\" content=\"index, follow, max-snippet:-1, max-image-preview:large, max-video-preview:-1\" \/>\n<link rel=\"canonical\" href=\"https:\/\/motorista.com.br\/noticias\/2026\/09\/05\/gilmar-mendes-sugere-proibir-policiais-e-militares-nos-gabinetes-do-stf\/\" \/>\n<meta property=\"og:locale\" content=\"pt_BR\" \/>\n<meta property=\"og:type\" content=\"article\" \/>\n<meta property=\"og:title\" content=\"Gilmar Mendes sugere proibir policiais e militares nos gabinetes do STF.\" \/>\n<meta property=\"og:description\" content=\"Gilmar Mendes prop\u00f5e barrar policiais e militares em gabinetes de ministros do STF Recentemente, o ministro Gilmar Mendes sugeriu uma mudan\u00e7a no regimento do Supremo Tribunal Federal (STF) que visa restringir a presen\u00e7a de policiais e militares nos gabinetes dos ministros, exceto para atividades de seguran\u00e7a. Essa proposta surge em um contexto delicado, marcado por &hellip;\" \/>\n<meta property=\"og:url\" content=\"https:\/\/motorista.com.br\/noticias\/2026\/09\/05\/gilmar-mendes-sugere-proibir-policiais-e-militares-nos-gabinetes-do-stf\/\" \/>\n<meta property=\"og:site_name\" content=\"Motorista.com.br\" \/>\n<meta property=\"article:published_time\" content=\"2026-09-06T00:29:37+00:00\" \/>\n<meta name=\"author\" content=\"Equipe Reda\u00e7\u00e3o\" \/>\n<meta name=\"twitter:card\" content=\"summary_large_image\" \/>\n<meta name=\"twitter:label1\" content=\"Escrito por\" \/>\n\t<meta name=\"twitter:data1\" content=\"Equipe Reda\u00e7\u00e3o\" \/>\n\t<meta name=\"twitter:label2\" content=\"Est. tempo de leitura\" \/>\n\t<meta name=\"twitter:data2\" content=\"2 minutos\" \/>\n\t<meta name=\"twitter:label3\" content=\"Written by\" \/>\n\t<meta name=\"twitter:data3\" content=\"Equipe Reda\u00e7\u00e3o\" \/>\n<script type=\"application\/ld+json\" class=\"yoast-schema-graph\">{\"@context\":\"https:\\\/\\\/schema.org\",\"@graph\":[{\"@type\":\"Article\",\"@id\":\"https:\\\/\\\/motorista.com.br\\\/noticias\\\/2026\\\/09\\\/05\\\/gilmar-mendes-sugere-proibir-policiais-e-militares-nos-gabinetes-do-stf\\\/#article\",\"isPartOf\":{\"@id\":\"https:\\\/\\\/motorista.com.br\\\/noticias\\\/2026\\\/09\\\/05\\\/gilmar-mendes-sugere-proibir-policiais-e-militares-nos-gabinetes-do-stf\\\/\"},\"author\":{\"name\":\"Equipe Reda\u00e7\u00e3o\",\"@id\":\"https:\\\/\\\/motorista.com.br\\\/noticias\\\/#\\\/schema\\\/person\\\/dc93afc2981c0e3ce6bc3c053fd847be\"},\"headline\":\"Gilmar Mendes sugere proibir policiais e militares nos gabinetes do STF.\",\"datePublished\":\"2026-09-06T00:29:37+00:00\",\"mainEntityOfPage\":{\"@id\":\"https:\\\/\\\/motorista.com.br\\\/noticias\\\/2026\\\/09\\\/05\\\/gilmar-mendes-sugere-proibir-policiais-e-militares-nos-gabinetes-do-stf\\\/\"},\"wordCount\":476,\"publisher\":{\"@id\":\"https:\\\/\\\/motorista.com.br\\\/noticias\\\/#organization\"},\"image\":{\"@id\":\"https:\\\/\\\/motorista.com.br\\\/noticias\\\/2026\\\/09\\\/05\\\/gilmar-mendes-sugere-proibir-policiais-e-militares-nos-gabinetes-do-stf\\\/#primaryimage\"},\"thumbnailUrl\":\"https:\\\/\\\/motorista.com.br\\\/noticias\\\/wp-content\\\/uploads\\\/2026\\\/09\\\/54183804065_c73f74888e_k.jpg\",\"articleSection\":[\"Mundo\"],\"inLanguage\":\"pt-BR\"},{\"@type\":\"WebPage\",\"@id\":\"https:\\\/\\\/motorista.com.br\\\/noticias\\\/2026\\\/09\\\/05\\\/gilmar-mendes-sugere-proibir-policiais-e-militares-nos-gabinetes-do-stf\\\/\",\"url\":\"https:\\\/\\\/motorista.com.br\\\/noticias\\\/2026\\\/09\\\/05\\\/gilmar-mendes-sugere-proibir-policiais-e-militares-nos-gabinetes-do-stf\\\/\",\"name\":\"Gilmar Mendes sugere proibir policiais e militares nos gabinetes do STF. - Motorista.com.br\",\"isPartOf\":{\"@id\":\"https:\\\/\\\/motorista.com.br\\\/noticias\\\/#website\"},\"primaryImageOfPage\":{\"@id\":\"https:\\\/\\\/motorista.com.br\\\/noticias\\\/2026\\\/09\\\/05\\\/gilmar-mendes-sugere-proibir-policiais-e-militares-nos-gabinetes-do-stf\\\/#primaryimage\"},\"image\":{\"@id\":\"https:\\\/\\\/motorista.com.br\\\/noticias\\\/2026\\\/09\\\/05\\\/gilmar-mendes-sugere-proibir-policiais-e-militares-nos-gabinetes-do-stf\\\/#primaryimage\"},\"thumbnailUrl\":\"https:\\\/\\\/motorista.com.br\\\/noticias\\\/wp-content\\\/uploads\\\/2026\\\/09\\\/54183804065_c73f74888e_k.jpg\",\"datePublished\":\"2026-09-06T00:29:37+00:00\",\"breadcrumb\":{\"@id\":\"https:\\\/\\\/motorista.com.br\\\/noticias\\\/2026\\\/09\\\/05\\\/gilmar-mendes-sugere-proibir-policiais-e-militares-nos-gabinetes-do-stf\\\/#breadcrumb\"},\"inLanguage\":\"pt-BR\",\"potentialAction\":[{\"@type\":\"ReadAction\",\"target\":[\"https:\\\/\\\/motorista.com.br\\\/noticias\\\/2026\\\/09\\\/05\\\/gilmar-mendes-sugere-proibir-policiais-e-militares-nos-gabinetes-do-stf\\\/\"]}]},{\"@type\":\"ImageObject\",\"inLanguage\":\"pt-BR\",\"@id\":\"https:\\\/\\\/motorista.com.br\\\/noticias\\\/2026\\\/09\\\/05\\\/gilmar-mendes-sugere-proibir-policiais-e-militares-nos-gabinetes-do-stf\\\/#primaryimage\",\"url\":\"https:\\\/\\\/motorista.com.br\\\/noticias\\\/wp-content\\\/uploads\\\/2026\\\/09\\\/54183804065_c73f74888e_k.jpg\",\"contentUrl\":\"https:\\\/\\\/motorista.com.br\\\/noticias\\\/wp-content\\\/uploads\\\/2026\\\/09\\\/54183804065_c73f74888e_k.jpg\",\"width\":1200,\"height\":800},{\"@type\":\"BreadcrumbList\",\"@id\":\"https:\\\/\\\/motorista.com.br\\\/noticias\\\/2026\\\/09\\\/05\\\/gilmar-mendes-sugere-proibir-policiais-e-militares-nos-gabinetes-do-stf\\\/#breadcrumb\",\"itemListElement\":[{\"@type\":\"ListItem\",\"position\":1,\"name\":\"In\u00edcio\",\"item\":\"https:\\\/\\\/motorista.com.br\\\/noticias\\\/\"},{\"@type\":\"ListItem\",\"position\":2,\"name\":\"Gilmar Mendes sugere proibir policiais e militares nos gabinetes do STF.\"}]},{\"@type\":\"WebSite\",\"@id\":\"https:\\\/\\\/motorista.com.br\\\/noticias\\\/#website\",\"url\":\"https:\\\/\\\/motorista.com.br\\\/noticias\\\/\",\"name\":\"Motorista.com.br\",\"description\":\"Not\u00edcia do Motorista\",\"publisher\":{\"@id\":\"https:\\\/\\\/motorista.com.br\\\/noticias\\\/#organization\"},\"potentialAction\":[{\"@type\":\"SearchAction\",\"target\":{\"@type\":\"EntryPoint\",\"urlTemplate\":\"https:\\\/\\\/motorista.com.br\\\/noticias\\\/?s={search_term_string}\"},\"query-input\":{\"@type\":\"PropertyValueSpecification\",\"valueRequired\":true,\"valueName\":\"search_term_string\"}}],\"inLanguage\":\"pt-BR\"},{\"@type\":\"Organization\",\"@id\":\"https:\\\/\\\/motorista.com.br\\\/noticias\\\/#organization\",\"name\":\"Motorista.com.br\",\"url\":\"https:\\\/\\\/motorista.com.br\\\/noticias\\\/\",\"logo\":{\"@type\":\"ImageObject\",\"inLanguage\":\"pt-BR\",\"@id\":\"https:\\\/\\\/motorista.com.br\\\/noticias\\\/#\\\/schema\\\/logo\\\/image\\\/\",\"url\":\"https:\\\/\\\/motorista.com.br\\\/noticias\\\/wp-content\\\/uploads\\\/2025\\\/06\\\/Design-sem-nome-9.png\",\"contentUrl\":\"https:\\\/\\\/motorista.com.br\\\/noticias\\\/wp-content\\\/uploads\\\/2025\\\/06\\\/Design-sem-nome-9.png\",\"width\":150,\"height\":85,\"caption\":\"Motorista.com.br\"},\"image\":{\"@id\":\"https:\\\/\\\/motorista.com.br\\\/noticias\\\/#\\\/schema\\\/logo\\\/image\\\/\"}},{\"@type\":\"Person\",\"@id\":\"https:\\\/\\\/motorista.com.br\\\/noticias\\\/#\\\/schema\\\/person\\\/dc93afc2981c0e3ce6bc3c053fd847be\",\"name\":\"Equipe Reda\u00e7\u00e3o\",\"image\":{\"@type\":\"ImageObject\",\"inLanguage\":\"pt-BR\",\"@id\":\"https:\\\/\\\/secure.gravatar.com\\\/avatar\\\/4f525efbf18dd2bb300ccad28bfb99d95a9465a5ba268407c8c37b37e1f28d2d?s=96&d=mm&r=g9e099043a0c61e9ae27e293b9fa75ffc\",\"url\":\"https:\\\/\\\/secure.gravatar.com\\\/avatar\\\/4f525efbf18dd2bb300ccad28bfb99d95a9465a5ba268407c8c37b37e1f28d2d?s=96&d=mm&r=g\",\"contentUrl\":\"https:\\\/\\\/secure.gravatar.com\\\/avatar\\\/4f525efbf18dd2bb300ccad28bfb99d95a9465a5ba268407c8c37b37e1f28d2d?s=96&d=mm&r=g\",\"caption\":\"Equipe Reda\u00e7\u00e3o\"},\"description\":\"Equipe de reda\u00e7\u00e3o \u00e9 um grupo de profissionais que trabalham juntos para criar conte\u00fado escrito para Motorista.com.br\",\"url\":\"https:\\\/\\\/motorista.com.br\\\/noticias\\\/author\\\/equiperedacao\\\/\"}]}<\/script>\n<!-- \/ Yoast SEO Premium plugin. -->","yoast_head_json":{"title":"Gilmar Mendes sugere proibir policiais e militares nos gabinetes do STF. - Motorista.com.br","robots":{"index":"index","follow":"follow","max-snippet":"max-snippet:-1","max-image-preview":"max-image-preview:large","max-video-preview":"max-video-preview:-1"},"canonical":"https:\/\/motorista.com.br\/noticias\/2026\/09\/05\/gilmar-mendes-sugere-proibir-policiais-e-militares-nos-gabinetes-do-stf\/","og_locale":"pt_BR","og_type":"article","og_title":"Gilmar Mendes sugere proibir policiais e militares nos gabinetes do STF.","og_description":"Gilmar Mendes prop\u00f5e barrar policiais e militares em gabinetes de ministros do STF Recentemente, o ministro Gilmar Mendes sugeriu uma mudan\u00e7a no regimento do Supremo Tribunal Federal (STF) que visa restringir a presen\u00e7a de policiais e militares nos gabinetes dos ministros, exceto para atividades de seguran\u00e7a. Essa proposta surge em um contexto delicado, marcado por &hellip;","og_url":"https:\/\/motorista.com.br\/noticias\/2026\/09\/05\/gilmar-mendes-sugere-proibir-policiais-e-militares-nos-gabinetes-do-stf\/","og_site_name":"Motorista.com.br","article_published_time":"2026-09-06T00:29:37+00:00","author":"Equipe Reda\u00e7\u00e3o","twitter_card":"summary_large_image","twitter_misc":{"Escrito por":"Equipe Reda\u00e7\u00e3o","Est. tempo de leitura":"2 minutos","Written by":"Equipe Reda\u00e7\u00e3o"},"schema":{"@context":"https:\/\/schema.org","@graph":[{"@type":"Article","@id":"https:\/\/motorista.com.br\/noticias\/2026\/09\/05\/gilmar-mendes-sugere-proibir-policiais-e-militares-nos-gabinetes-do-stf\/#article","isPartOf":{"@id":"https:\/\/motorista.com.br\/noticias\/2026\/09\/05\/gilmar-mendes-sugere-proibir-policiais-e-militares-nos-gabinetes-do-stf\/"},"author":{"name":"Equipe Reda\u00e7\u00e3o","@id":"https:\/\/motorista.com.br\/noticias\/#\/schema\/person\/dc93afc2981c0e3ce6bc3c053fd847be"},"headline":"Gilmar Mendes sugere proibir policiais e militares nos gabinetes do STF.","datePublished":"2026-09-06T00:29:37+00:00","mainEntityOfPage":{"@id":"https:\/\/motorista.com.br\/noticias\/2026\/09\/05\/gilmar-mendes-sugere-proibir-policiais-e-militares-nos-gabinetes-do-stf\/"},"wordCount":476,"publisher":{"@id":"https:\/\/motorista.com.br\/noticias\/#organization"},"image":{"@id":"https:\/\/motorista.com.br\/noticias\/2026\/09\/05\/gilmar-mendes-sugere-proibir-policiais-e-militares-nos-gabinetes-do-stf\/#primaryimage"},"thumbnailUrl":"https:\/\/motorista.com.br\/noticias\/wp-content\/uploads\/2026\/09\/54183804065_c73f74888e_k.jpg","articleSection":["Mundo"],"inLanguage":"pt-BR"},{"@type":"WebPage","@id":"https:\/\/motorista.com.br\/noticias\/2026\/09\/05\/gilmar-mendes-sugere-proibir-policiais-e-militares-nos-gabinetes-do-stf\/","url":"https:\/\/motorista.com.br\/noticias\/2026\/09\/05\/gilmar-mendes-sugere-proibir-policiais-e-militares-nos-gabinetes-do-stf\/","name":"Gilmar Mendes sugere proibir policiais e militares nos gabinetes do STF. - Motorista.com.br","isPartOf":{"@id":"https:\/\/motorista.com.br\/noticias\/#website"},"primaryImageOfPage":{"@id":"https:\/\/motorista.com.br\/noticias\/2026\/09\/05\/gilmar-mendes-sugere-proibir-policiais-e-militares-nos-gabinetes-do-stf\/#primaryimage"},"image":{"@id":"https:\/\/motorista.com.br\/noticias\/2026\/09\/05\/gilmar-mendes-sugere-proibir-policiais-e-militares-nos-gabinetes-do-stf\/#primaryimage"},"thumbnailUrl":"https:\/\/motorista.com.br\/noticias\/wp-content\/uploads\/2026\/09\/54183804065_c73f74888e_k.jpg","datePublished":"2026-09-06T00:29:37+00:00","breadcrumb":{"@id":"https:\/\/motorista.com.br\/noticias\/2026\/09\/05\/gilmar-mendes-sugere-proibir-policiais-e-militares-nos-gabinetes-do-stf\/#breadcrumb"},"inLanguage":"pt-BR","potentialAction":[{"@type":"ReadAction","target":["https:\/\/motorista.com.br\/noticias\/2026\/09\/05\/gilmar-mendes-sugere-proibir-policiais-e-militares-nos-gabinetes-do-stf\/"]}]},{"@type":"ImageObject","inLanguage":"pt-BR","@id":"https:\/\/motorista.com.br\/noticias\/2026\/09\/05\/gilmar-mendes-sugere-proibir-policiais-e-militares-nos-gabinetes-do-stf\/#primaryimage","url":"https:\/\/motorista.com.br\/noticias\/wp-content\/uploads\/2026\/09\/54183804065_c73f74888e_k.jpg","contentUrl":"https:\/\/motorista.com.br\/noticias\/wp-content\/uploads\/2026\/09\/54183804065_c73f74888e_k.jpg","width":1200,"height":800},{"@type":"BreadcrumbList","@id":"https:\/\/motorista.com.br\/noticias\/2026\/09\/05\/gilmar-mendes-sugere-proibir-policiais-e-militares-nos-gabinetes-do-stf\/#breadcrumb","itemListElement":[{"@type":"ListItem","position":1,"name":"In\u00edcio","item":"https:\/\/motorista.com.br\/noticias\/"},{"@type":"ListItem","position":2,"name":"Gilmar Mendes sugere proibir policiais e militares nos gabinetes do STF."}]},{"@type":"WebSite","@id":"https:\/\/motorista.com.br\/noticias\/#website","url":"https:\/\/motorista.com.br\/noticias\/","name":"Motorista.com.br","description":"Not\u00edcia do Motorista","publisher":{"@id":"https:\/\/motorista.com.br\/noticias\/#organization"},"potentialAction":[{"@type":"SearchAction","target":{"@type":"EntryPoint","urlTemplate":"https:\/\/motorista.com.br\/noticias\/?s={search_term_string}"},"query-input":{"@type":"PropertyValueSpecification","valueRequired":true,"valueName":"search_term_string"}}],"inLanguage":"pt-BR"},{"@type":"Organization","@id":"https:\/\/motorista.com.br\/noticias\/#organization","name":"Motorista.com.br","url":"https:\/\/motorista.com.br\/noticias\/","logo":{"@type":"ImageObject","inLanguage":"pt-BR","@id":"https:\/\/motorista.com.br\/noticias\/#\/schema\/logo\/image\/","url":"https:\/\/motorista.com.br\/noticias\/wp-content\/uploads\/2025\/06\/Design-sem-nome-9.png","contentUrl":"https:\/\/motorista.com.br\/noticias\/wp-content\/uploads\/2025\/06\/Design-sem-nome-9.png","width":150,"height":85,"caption":"Motorista.com.br"},"image":{"@id":"https:\/\/motorista.com.br\/noticias\/#\/schema\/logo\/image\/"}},{"@type":"Person","@id":"https:\/\/motorista.com.br\/noticias\/#\/schema\/person\/dc93afc2981c0e3ce6bc3c053fd847be","name":"Equipe Reda\u00e7\u00e3o","image":{"@type":"ImageObject","inLanguage":"pt-BR","@id":"https:\/\/secure.gravatar.com\/avatar\/4f525efbf18dd2bb300ccad28bfb99d95a9465a5ba268407c8c37b37e1f28d2d?s=96&d=mm&r=g9e099043a0c61e9ae27e293b9fa75ffc","url":"https:\/\/secure.gravatar.com\/avatar\/4f525efbf18dd2bb300ccad28bfb99d95a9465a5ba268407c8c37b37e1f28d2d?s=96&d=mm&r=g","contentUrl":"https:\/\/secure.gravatar.com\/avatar\/4f525efbf18dd2bb300ccad28bfb99d95a9465a5ba268407c8c37b37e1f28d2d?s=96&d=mm&r=g","caption":"Equipe Reda\u00e7\u00e3o"},"description":"Equipe de reda\u00e7\u00e3o \u00e9 um grupo de profissionais que trabalham juntos para criar conte\u00fado escrito para Motorista.com.br","url":"https:\/\/motorista.com.br\/noticias\/author\/equiperedacao\/"}]}},"_links":{"self":[{"href":"https:\/\/motorista.com.br\/noticias\/wp-json\/wp\/v2\/posts\/14386","targetHints":{"allow":["GET"]}}],"collection":[{"href":"https:\/\/motorista.com.br\/noticias\/wp-json\/wp\/v2\/posts"}],"about":[{"href":"https:\/\/motorista.com.br\/noticias\/wp-json\/wp\/v2\/types\/post"}],"author":[{"embeddable":true,"href":"https:\/\/motorista.com.br\/noticias\/wp-json\/wp\/v2\/users\/4"}],"replies":[{"embeddable":true,"href":"https:\/\/motorista.com.br\/noticias\/wp-json\/wp\/v2\/comments?post=14386"}],"version-history":[{"count":0,"href":"https:\/\/motorista.com.br\/noticias\/wp-json\/wp\/v2\/posts\/14386\/revisions"}],"wp:featuredmedia":[{"embeddable":true,"href":"https:\/\/motorista.com.br\/noticias\/wp-json\/wp\/v2\/media\/14387"}],"wp:attachment":[{"href":"https:\/\/motorista.com.br\/noticias\/wp-json\/wp\/v2\/media?parent=14386"}],"wp:term":[{"taxonomy":"category","embeddable":true,"href":"https:\/\/motorista.com.br\/noticias\/wp-json\/wp\/v2\/categories?post=14386"},{"taxonomy":"post_tag","embeddable":true,"href":"https:\/\/motorista.com.br\/noticias\/wp-json\/wp\/v2\/tags?post=14386"},{"taxonomy":"author","embeddable":true,"href":"https:\/\/motorista.com.br\/noticias\/wp-json\/wp\/v2\/coauthors?post=14386"}],"curies":[{"name":"wp","href":"https:\/\/api.w.org\/{rel}","templated":true}]}}