{"id":14384,"date":"2026-09-05T21:28:06","date_gmt":"2026-09-06T00:28:06","guid":{"rendered":"https:\/\/motorista.com.br\/noticias\/2026\/09\/05\/tata-motors-avanca-na-aquisicao-da-iveco-formando-gigante-global-de-caminhoes\/"},"modified":"2026-09-05T21:28:06","modified_gmt":"2026-09-06T00:28:06","slug":"tata-motors-avanca-na-aquisicao-da-iveco-formando-gigante-global-de-caminhoes","status":"publish","type":"post","link":"https:\/\/motorista.com.br\/noticias\/2026\/09\/05\/tata-motors-avanca-na-aquisicao-da-iveco-formando-gigante-global-de-caminhoes\/","title":{"rendered":"Tata Motors avan\u00e7a na aquisi\u00e7\u00e3o da Iveco, formando gigante global de caminh\u00f5es."},"content":{"rendered":"<p><\/p>\n<div itemprop=\"articleBody\">\n<p>A Tata Motors inicia em 7 de setembro o per\u00edodo de aceita\u00e7\u00e3o da oferta volunt\u00e1ria em dinheiro para adquirir as a\u00e7\u00f5es ordin\u00e1rias da Iveco Group. A proposta prev\u00ea o pagamento de <strong>14,10 euros por a\u00e7\u00e3o<\/strong> e j\u00e1 recebeu o apoio un\u00e2nime do Conselho de Administra\u00e7\u00e3o da fabricante italiana, que recomenda aos acionistas aceitar a oferta e votar a favor das resolu\u00e7\u00f5es relacionadas \u00e0 opera\u00e7\u00e3o na Assembleia Geral Extraordin\u00e1ria, marcada para 16 de outubro.<\/p>\n<p>A opera\u00e7\u00e3o re\u00fane duas empresas com portf\u00f3lios e capacidades considerados complementares e com praticamente nenhuma sobreposi\u00e7\u00e3o em suas opera\u00e7\u00f5es industriais e geogr\u00e1ficas. Segundo o comunicado, a combina\u00e7\u00e3o resultar\u00e1 em um grupo com vendas superiores a 590 mil ve\u00edculos comerciais por ano e receita de aproximadamente 21 bilh\u00f5es de euros. A Europa responder\u00e1 por cerca de 46% da receita, a \u00cdndia por 32%, a Am\u00e9rica do Sul por 8% e as demais regi\u00f5es por 14%. As companhias tamb\u00e9m apontam posi\u00e7\u00f5es relevantes em mercados emergentes da \u00c1sia e da \u00c1frica.<\/p>\n<p>A Tata afirma que pretende apoiar e acelerar a estrat\u00e9gia j\u00e1 existente da Iveco e considera que a opera\u00e7\u00e3o poder\u00e1 ampliar as oportunidades de crescimento e cria\u00e7\u00e3o de valor no longo prazo. Para os motoristas e a mobilidade geral, essa uni\u00e3o pode trazer melhorias significativas. Com um portf\u00f3lio diversificado e investimento em novas tecnologias, espera-se que os ve\u00edculos desenvolvidos resultem em melhores padr\u00f5es de efici\u00eancia e sustentabilidade, favorecendo a redu\u00e7\u00e3o de emiss\u00f5es e o aumento da seguran\u00e7a nas estradas.<\/p>\n<h2 class=\"wp-block-heading\">Exor apoia opera\u00e7\u00e3o<\/h2>\n<p>A Exor, maior acionista da Iveco, assumiu um compromisso irrevog\u00e1vel de apoiar a oferta e vender sua participa\u00e7\u00e3o. A posi\u00e7\u00e3o corresponde a aproximadamente 27,06% das a\u00e7\u00f5es ordin\u00e1rias da fabricante e a 43,19% de todos os direitos de voto, segundo o comunicado.<\/p>\n<p>A oferta estabelece como condi\u00e7\u00e3o, entre outros requisitos, a obten\u00e7\u00e3o de pelo menos <strong>95% das a\u00e7\u00f5es ordin\u00e1rias<\/strong> da Iveco. O percentual poder\u00e1 ser automaticamente reduzido para 80% se os acionistas aprovarem a chamada <em>Back-End Resolution<\/em> na Assembleia Geral Extraordin\u00e1ria.<\/p>\n<p>Se alcan\u00e7ar 95% ou mais das a\u00e7\u00f5es, a Tata poder\u00e1 iniciar o procedimento de <em>squeeze-out<\/em> previsto pela legisla\u00e7\u00e3o holandesa para adquirir os pap\u00e9is remanescentes. A opera\u00e7\u00e3o poder\u00e1 ser precedida, a crit\u00e9rio da ofertante, por uma cis\u00e3o e uma venda de a\u00e7\u00f5es.<\/p>\n<p>Caso a participa\u00e7\u00e3o fique entre 80% e 95%, a Tata pretende implementar uma estrutura de cis\u00e3o e liquida\u00e7\u00e3o p\u00f3s-oferta, desde que as medidas sejam aprovadas pelos acionistas na assembleia. O resultado da ades\u00e3o, portanto, poder\u00e1 determinar n\u00e3o apenas a mudan\u00e7a de controle da Iveco, mas tamb\u00e9m uma altera\u00e7\u00e3o de sua estrutura societ\u00e1ria.<\/p>\n<h2 class=\"wp-block-heading\">Grupo ter\u00e1 presen\u00e7a em diferentes mercados<\/h2>\n<p>A escala \u00e9 um dos principais argumentos apresentados pelas companhias para a combina\u00e7\u00e3o. Tata Motors e Iveco afirmam que seus neg\u00f3cios s\u00e3o complementares e que a sobreposi\u00e7\u00e3o entre suas opera\u00e7\u00f5es industriais e geogr\u00e1ficas \u00e9 limitada. A uni\u00e3o permitir\u00e1 reunir uma base de clientes e uma presen\u00e7a geogr\u00e1fica mais diversificadas.<\/p>\n<p>As empresas tamb\u00e9m esperam obter ganhos de efici\u00eancia com o aumento dos volumes. Segundo o comunicado, a maior escala poder\u00e1 permitir melhor aproveitamento das opera\u00e7\u00f5es, distribui\u00e7\u00e3o dos investimentos de capital sobre uma base maior e redu\u00e7\u00e3o da volatilidade do fluxo de caixa. Para os motoristas, isso pode significar uma maior estabilidade no fornecimento de ve\u00edculos e servi\u00e7os, impactando positivamente a mobilidade geral.<\/p>\n<p>A combina\u00e7\u00e3o tamb\u00e9m dever\u00e1 ampliar a capacidade do grupo de investir em solu\u00e7\u00f5es de mobilidade inovadoras e sustent\u00e1veis. A Tata e a Iveco destacam ainda a possibilidade de aproveitar as redes de fornecedores das duas empresas para ampliar as oportunidades de crescimento. A estrat\u00e9gia prev\u00ea a preserva\u00e7\u00e3o das respectivas estruturas industriais e das comunidades de funcion\u00e1rios, medida que, segundo o comunicado, dever\u00e1 contribuir para uma integra\u00e7\u00e3o mais tranquila.<\/p>\n<h2 class=\"wp-block-heading\">FPT amplia import\u00e2ncia no neg\u00f3cio<\/h2>\n<p>A combina\u00e7\u00e3o tamb\u00e9m dever\u00e1 fortalecer as capacidades da FPT, empresa de sistemas de propuls\u00e3o da Iveco Group. O neg\u00f3cio acrescenta ao grupo uma atividade voltada ao desenvolvimento de tecnologias de propuls\u00e3o para ve\u00edculos comerciais, ampliando o conjunto de compet\u00eancias reunidas pela opera\u00e7\u00e3o.<\/p>\n<p>Para Tata e Iveco, essa capacidade ser\u00e1 relevante diante da transforma\u00e7\u00e3o da ind\u00fastria de ve\u00edculos comerciais, que exige investimentos em novas tecnologias e solu\u00e7\u00f5es de mobilidade. A expectativa \u00e9 que a uni\u00e3o das estruturas, fornecedores e compet\u00eancias das duas companhias aumente a capacidade de desenvolvimento e investimento do grupo, oferecendo uma nova gama de op\u00e7\u00f5es para motoristas e melhorando a efici\u00eancia do setor.<\/p>\n<h2 class=\"wp-block-heading\">Executivos destacam complementaridade<\/h2>\n<p>Girish Wagh, diretor-gerente e CEO da Tata Motors, afirmou que o in\u00edcio da oferta representa um marco na combina\u00e7\u00e3o de duas organiza\u00e7\u00f5es complementares e com compromisso compartilhado com excel\u00eancia, inova\u00e7\u00e3o e atendimento aos clientes.<\/p>\n<p>Segundo Wagh, a uni\u00e3o das duas empresas cria a possibilidade de formar um neg\u00f3cio de ve\u00edculos comerciais mais competitivo globalmente, com maior capacidade de atender clientes, investir em tecnologias futuras e gerar valor sustent\u00e1vel, beneficiando diretamente os motoristas e a mobilidade nas cidades.<\/p>\n<p>Olof Persson, CEO da Iveco Group, tamb\u00e9m destacou o aumento de escala e alcance proporcionado pela opera\u00e7\u00e3o. Para o executivo, a combina\u00e7\u00e3o poder\u00e1 acelerar a inova\u00e7\u00e3o e ampliar a oferta de produtos aos clientes, al\u00e9m de criar oportunidades de longo prazo para funcion\u00e1rios, fornecedores e parceiros.<\/p>\n<p>A Tata afirma ainda que pretende considerar os interesses de longo prazo dos diferentes p\u00fablicos ligados \u00e0 Iveco, incluindo funcion\u00e1rios, fornecedores e clientes. Para a empresa indiana, a opera\u00e7\u00e3o como uma subsidi\u00e1ria integralmente privada ser\u00e1 importante para sustentar a estrat\u00e9gia do neg\u00f3cio e a cria\u00e7\u00e3o de valor no longo prazo.<\/p>\n<h2 class=\"wp-block-heading\">Acionistas come\u00e7am a decidir em setembro<\/h2>\n<p>O per\u00edodo de aceita\u00e7\u00e3o da oferta come\u00e7a em 7 de setembro e termina em 26 de outubro. Antes disso, os acionistas se reunir\u00e3o em Assembleia Geral Extraordin\u00e1ria em 16 de outubro para votar as resolu\u00e7\u00f5es relacionadas \u00e0 opera\u00e7\u00e3o.<\/p>\n<p>A partir da ades\u00e3o dos acionistas e das decis\u00f5es tomadas na assembleia, ser\u00e3o definidos os pr\u00f3ximos passos da transa\u00e7\u00e3o, incluindo a possibilidade de retirada das a\u00e7\u00f5es da Iveco da estrutura de mercado caso sejam atingidos os n\u00edveis de participa\u00e7\u00e3o previstos na oferta.<\/p>\n<p>Essa movimenta\u00e7\u00e3o no setor pode trazer novas esperan\u00e7as aos motoristas, sinalizando um futuro mais promissor em termos de tecnologia e efici\u00eancia nos ve\u00edculos, al\u00e9m de um impacto positivo na mobilidade urbana e na infraestrutura de transporte.<\/p>\n<\/div>\n<p>Fonte: transportemoderno<\/p>\n","protected":false},"excerpt":{"rendered":"<p>A Tata Motors inicia em 7 de setembro o per\u00edodo de aceita\u00e7\u00e3o da oferta volunt\u00e1ria em dinheiro para adquirir as a\u00e7\u00f5es ordin\u00e1rias da Iveco Group. A proposta prev\u00ea o pagamento de 14,10 euros por a\u00e7\u00e3o e j\u00e1 recebeu o apoio un\u00e2nime do Conselho de Administra\u00e7\u00e3o da fabricante italiana, que recomenda aos acionistas aceitar a oferta &hellip;<\/p>\n","protected":false},"author":4,"featured_media":14385,"comment_status":"","ping_status":"open","sticky":false,"template":"","format":"standard","meta":{"footnotes":""},"categories":[62],"tags":[],"coauthors":[42],"class_list":["post-14384","post","type-post","status-publish","format-standard","has-post-thumbnail","hentry","category-logistica"],"yoast_head":"<!-- This site is optimized with the Yoast SEO Premium plugin v27.6.1 (Yoast SEO v28.4) - https:\/\/yoast.com\/product\/yoast-seo-premium-wordpress\/ -->\n<title>Tata Motors avan\u00e7a na aquisi\u00e7\u00e3o da Iveco, formando gigante global de caminh\u00f5es. - Motorista.com.br<\/title>\n<meta name=\"robots\" content=\"index, follow, max-snippet:-1, max-image-preview:large, max-video-preview:-1\" \/>\n<link rel=\"canonical\" href=\"https:\/\/motorista.com.br\/noticias\/2026\/09\/05\/tata-motors-avanca-na-aquisicao-da-iveco-formando-gigante-global-de-caminhoes\/\" \/>\n<meta property=\"og:locale\" content=\"pt_BR\" \/>\n<meta property=\"og:type\" content=\"article\" \/>\n<meta property=\"og:title\" content=\"Tata Motors avan\u00e7a na aquisi\u00e7\u00e3o da Iveco, formando gigante global de caminh\u00f5es.\" \/>\n<meta property=\"og:description\" content=\"A Tata Motors inicia em 7 de setembro o per\u00edodo de aceita\u00e7\u00e3o da oferta volunt\u00e1ria em dinheiro para adquirir as a\u00e7\u00f5es ordin\u00e1rias da Iveco Group. A proposta prev\u00ea o pagamento de 14,10 euros por a\u00e7\u00e3o e j\u00e1 recebeu o apoio un\u00e2nime do Conselho de Administra\u00e7\u00e3o da fabricante italiana, que recomenda aos acionistas aceitar a oferta &hellip;\" \/>\n<meta property=\"og:url\" content=\"https:\/\/motorista.com.br\/noticias\/2026\/09\/05\/tata-motors-avanca-na-aquisicao-da-iveco-formando-gigante-global-de-caminhoes\/\" \/>\n<meta property=\"og:site_name\" content=\"Motorista.com.br\" \/>\n<meta property=\"article:published_time\" content=\"2026-09-06T00:28:06+00:00\" \/>\n<meta name=\"author\" content=\"Equipe Reda\u00e7\u00e3o\" \/>\n<meta name=\"twitter:card\" content=\"summary_large_image\" \/>\n<meta name=\"twitter:label1\" content=\"Escrito por\" \/>\n\t<meta name=\"twitter:data1\" content=\"Equipe Reda\u00e7\u00e3o\" \/>\n\t<meta name=\"twitter:label2\" content=\"Est. tempo de leitura\" \/>\n\t<meta name=\"twitter:data2\" content=\"6 minutos\" \/>\n\t<meta name=\"twitter:label3\" content=\"Written by\" \/>\n\t<meta name=\"twitter:data3\" content=\"Equipe Reda\u00e7\u00e3o\" \/>\n<script type=\"application\/ld+json\" class=\"yoast-schema-graph\">{\"@context\":\"https:\\\/\\\/schema.org\",\"@graph\":[{\"@type\":\"Article\",\"@id\":\"https:\\\/\\\/motorista.com.br\\\/noticias\\\/2026\\\/09\\\/05\\\/tata-motors-avanca-na-aquisicao-da-iveco-formando-gigante-global-de-caminhoes\\\/#article\",\"isPartOf\":{\"@id\":\"https:\\\/\\\/motorista.com.br\\\/noticias\\\/2026\\\/09\\\/05\\\/tata-motors-avanca-na-aquisicao-da-iveco-formando-gigante-global-de-caminhoes\\\/\"},\"author\":{\"name\":\"Equipe Reda\u00e7\u00e3o\",\"@id\":\"https:\\\/\\\/motorista.com.br\\\/noticias\\\/#\\\/schema\\\/person\\\/dc93afc2981c0e3ce6bc3c053fd847be\"},\"headline\":\"Tata Motors avan\u00e7a na aquisi\u00e7\u00e3o da Iveco, formando gigante global de caminh\u00f5es.\",\"datePublished\":\"2026-09-06T00:28:06+00:00\",\"mainEntityOfPage\":{\"@id\":\"https:\\\/\\\/motorista.com.br\\\/noticias\\\/2026\\\/09\\\/05\\\/tata-motors-avanca-na-aquisicao-da-iveco-formando-gigante-global-de-caminhoes\\\/\"},\"wordCount\":1151,\"publisher\":{\"@id\":\"https:\\\/\\\/motorista.com.br\\\/noticias\\\/#organization\"},\"image\":{\"@id\":\"https:\\\/\\\/motorista.com.br\\\/noticias\\\/2026\\\/09\\\/05\\\/tata-motors-avanca-na-aquisicao-da-iveco-formando-gigante-global-de-caminhoes\\\/#primaryimage\"},\"thumbnailUrl\":\"https:\\\/\\\/motorista.com.br\\\/noticias\\\/wp-content\\\/uploads\\\/2026\\\/09\\\/Tata.jpg\",\"articleSection\":[\"Log\u00edstica\"],\"inLanguage\":\"pt-BR\"},{\"@type\":\"WebPage\",\"@id\":\"https:\\\/\\\/motorista.com.br\\\/noticias\\\/2026\\\/09\\\/05\\\/tata-motors-avanca-na-aquisicao-da-iveco-formando-gigante-global-de-caminhoes\\\/\",\"url\":\"https:\\\/\\\/motorista.com.br\\\/noticias\\\/2026\\\/09\\\/05\\\/tata-motors-avanca-na-aquisicao-da-iveco-formando-gigante-global-de-caminhoes\\\/\",\"name\":\"Tata Motors avan\u00e7a na aquisi\u00e7\u00e3o da Iveco, formando gigante global de caminh\u00f5es. - Motorista.com.br\",\"isPartOf\":{\"@id\":\"https:\\\/\\\/motorista.com.br\\\/noticias\\\/#website\"},\"primaryImageOfPage\":{\"@id\":\"https:\\\/\\\/motorista.com.br\\\/noticias\\\/2026\\\/09\\\/05\\\/tata-motors-avanca-na-aquisicao-da-iveco-formando-gigante-global-de-caminhoes\\\/#primaryimage\"},\"image\":{\"@id\":\"https:\\\/\\\/motorista.com.br\\\/noticias\\\/2026\\\/09\\\/05\\\/tata-motors-avanca-na-aquisicao-da-iveco-formando-gigante-global-de-caminhoes\\\/#primaryimage\"},\"thumbnailUrl\":\"https:\\\/\\\/motorista.com.br\\\/noticias\\\/wp-content\\\/uploads\\\/2026\\\/09\\\/Tata.jpg\",\"datePublished\":\"2026-09-06T00:28:06+00:00\",\"breadcrumb\":{\"@id\":\"https:\\\/\\\/motorista.com.br\\\/noticias\\\/2026\\\/09\\\/05\\\/tata-motors-avanca-na-aquisicao-da-iveco-formando-gigante-global-de-caminhoes\\\/#breadcrumb\"},\"inLanguage\":\"pt-BR\",\"potentialAction\":[{\"@type\":\"ReadAction\",\"target\":[\"https:\\\/\\\/motorista.com.br\\\/noticias\\\/2026\\\/09\\\/05\\\/tata-motors-avanca-na-aquisicao-da-iveco-formando-gigante-global-de-caminhoes\\\/\"]}]},{\"@type\":\"ImageObject\",\"inLanguage\":\"pt-BR\",\"@id\":\"https:\\\/\\\/motorista.com.br\\\/noticias\\\/2026\\\/09\\\/05\\\/tata-motors-avanca-na-aquisicao-da-iveco-formando-gigante-global-de-caminhoes\\\/#primaryimage\",\"url\":\"https:\\\/\\\/motorista.com.br\\\/noticias\\\/wp-content\\\/uploads\\\/2026\\\/09\\\/Tata.jpg\",\"contentUrl\":\"https:\\\/\\\/motorista.com.br\\\/noticias\\\/wp-content\\\/uploads\\\/2026\\\/09\\\/Tata.jpg\",\"width\":1600,\"height\":900},{\"@type\":\"BreadcrumbList\",\"@id\":\"https:\\\/\\\/motorista.com.br\\\/noticias\\\/2026\\\/09\\\/05\\\/tata-motors-avanca-na-aquisicao-da-iveco-formando-gigante-global-de-caminhoes\\\/#breadcrumb\",\"itemListElement\":[{\"@type\":\"ListItem\",\"position\":1,\"name\":\"In\u00edcio\",\"item\":\"https:\\\/\\\/motorista.com.br\\\/noticias\\\/\"},{\"@type\":\"ListItem\",\"position\":2,\"name\":\"Tata Motors avan\u00e7a na aquisi\u00e7\u00e3o da Iveco, formando gigante global de caminh\u00f5es.\"}]},{\"@type\":\"WebSite\",\"@id\":\"https:\\\/\\\/motorista.com.br\\\/noticias\\\/#website\",\"url\":\"https:\\\/\\\/motorista.com.br\\\/noticias\\\/\",\"name\":\"Motorista.com.br\",\"description\":\"Not\u00edcia do Motorista\",\"publisher\":{\"@id\":\"https:\\\/\\\/motorista.com.br\\\/noticias\\\/#organization\"},\"potentialAction\":[{\"@type\":\"SearchAction\",\"target\":{\"@type\":\"EntryPoint\",\"urlTemplate\":\"https:\\\/\\\/motorista.com.br\\\/noticias\\\/?s={search_term_string}\"},\"query-input\":{\"@type\":\"PropertyValueSpecification\",\"valueRequired\":true,\"valueName\":\"search_term_string\"}}],\"inLanguage\":\"pt-BR\"},{\"@type\":\"Organization\",\"@id\":\"https:\\\/\\\/motorista.com.br\\\/noticias\\\/#organization\",\"name\":\"Motorista.com.br\",\"url\":\"https:\\\/\\\/motorista.com.br\\\/noticias\\\/\",\"logo\":{\"@type\":\"ImageObject\",\"inLanguage\":\"pt-BR\",\"@id\":\"https:\\\/\\\/motorista.com.br\\\/noticias\\\/#\\\/schema\\\/logo\\\/image\\\/\",\"url\":\"https:\\\/\\\/motorista.com.br\\\/noticias\\\/wp-content\\\/uploads\\\/2025\\\/06\\\/Design-sem-nome-9.png\",\"contentUrl\":\"https:\\\/\\\/motorista.com.br\\\/noticias\\\/wp-content\\\/uploads\\\/2025\\\/06\\\/Design-sem-nome-9.png\",\"width\":150,\"height\":85,\"caption\":\"Motorista.com.br\"},\"image\":{\"@id\":\"https:\\\/\\\/motorista.com.br\\\/noticias\\\/#\\\/schema\\\/logo\\\/image\\\/\"}},{\"@type\":\"Person\",\"@id\":\"https:\\\/\\\/motorista.com.br\\\/noticias\\\/#\\\/schema\\\/person\\\/dc93afc2981c0e3ce6bc3c053fd847be\",\"name\":\"Equipe Reda\u00e7\u00e3o\",\"image\":{\"@type\":\"ImageObject\",\"inLanguage\":\"pt-BR\",\"@id\":\"https:\\\/\\\/secure.gravatar.com\\\/avatar\\\/4f525efbf18dd2bb300ccad28bfb99d95a9465a5ba268407c8c37b37e1f28d2d?s=96&d=mm&r=g9e099043a0c61e9ae27e293b9fa75ffc\",\"url\":\"https:\\\/\\\/secure.gravatar.com\\\/avatar\\\/4f525efbf18dd2bb300ccad28bfb99d95a9465a5ba268407c8c37b37e1f28d2d?s=96&d=mm&r=g\",\"contentUrl\":\"https:\\\/\\\/secure.gravatar.com\\\/avatar\\\/4f525efbf18dd2bb300ccad28bfb99d95a9465a5ba268407c8c37b37e1f28d2d?s=96&d=mm&r=g\",\"caption\":\"Equipe Reda\u00e7\u00e3o\"},\"description\":\"Equipe de reda\u00e7\u00e3o \u00e9 um grupo de profissionais que trabalham juntos para criar conte\u00fado escrito para Motorista.com.br\",\"url\":\"https:\\\/\\\/motorista.com.br\\\/noticias\\\/author\\\/equiperedacao\\\/\"}]}<\/script>\n<!-- \/ Yoast SEO Premium plugin. -->","yoast_head_json":{"title":"Tata Motors avan\u00e7a na aquisi\u00e7\u00e3o da Iveco, formando gigante global de caminh\u00f5es. - Motorista.com.br","robots":{"index":"index","follow":"follow","max-snippet":"max-snippet:-1","max-image-preview":"max-image-preview:large","max-video-preview":"max-video-preview:-1"},"canonical":"https:\/\/motorista.com.br\/noticias\/2026\/09\/05\/tata-motors-avanca-na-aquisicao-da-iveco-formando-gigante-global-de-caminhoes\/","og_locale":"pt_BR","og_type":"article","og_title":"Tata Motors avan\u00e7a na aquisi\u00e7\u00e3o da Iveco, formando gigante global de caminh\u00f5es.","og_description":"A Tata Motors inicia em 7 de setembro o per\u00edodo de aceita\u00e7\u00e3o da oferta volunt\u00e1ria em dinheiro para adquirir as a\u00e7\u00f5es ordin\u00e1rias da Iveco Group. A proposta prev\u00ea o pagamento de 14,10 euros por a\u00e7\u00e3o e j\u00e1 recebeu o apoio un\u00e2nime do Conselho de Administra\u00e7\u00e3o da fabricante italiana, que recomenda aos acionistas aceitar a oferta &hellip;","og_url":"https:\/\/motorista.com.br\/noticias\/2026\/09\/05\/tata-motors-avanca-na-aquisicao-da-iveco-formando-gigante-global-de-caminhoes\/","og_site_name":"Motorista.com.br","article_published_time":"2026-09-06T00:28:06+00:00","author":"Equipe Reda\u00e7\u00e3o","twitter_card":"summary_large_image","twitter_misc":{"Escrito por":"Equipe Reda\u00e7\u00e3o","Est. tempo de leitura":"6 minutos","Written by":"Equipe Reda\u00e7\u00e3o"},"schema":{"@context":"https:\/\/schema.org","@graph":[{"@type":"Article","@id":"https:\/\/motorista.com.br\/noticias\/2026\/09\/05\/tata-motors-avanca-na-aquisicao-da-iveco-formando-gigante-global-de-caminhoes\/#article","isPartOf":{"@id":"https:\/\/motorista.com.br\/noticias\/2026\/09\/05\/tata-motors-avanca-na-aquisicao-da-iveco-formando-gigante-global-de-caminhoes\/"},"author":{"name":"Equipe Reda\u00e7\u00e3o","@id":"https:\/\/motorista.com.br\/noticias\/#\/schema\/person\/dc93afc2981c0e3ce6bc3c053fd847be"},"headline":"Tata Motors avan\u00e7a na aquisi\u00e7\u00e3o da Iveco, formando gigante global de caminh\u00f5es.","datePublished":"2026-09-06T00:28:06+00:00","mainEntityOfPage":{"@id":"https:\/\/motorista.com.br\/noticias\/2026\/09\/05\/tata-motors-avanca-na-aquisicao-da-iveco-formando-gigante-global-de-caminhoes\/"},"wordCount":1151,"publisher":{"@id":"https:\/\/motorista.com.br\/noticias\/#organization"},"image":{"@id":"https:\/\/motorista.com.br\/noticias\/2026\/09\/05\/tata-motors-avanca-na-aquisicao-da-iveco-formando-gigante-global-de-caminhoes\/#primaryimage"},"thumbnailUrl":"https:\/\/motorista.com.br\/noticias\/wp-content\/uploads\/2026\/09\/Tata.jpg","articleSection":["Log\u00edstica"],"inLanguage":"pt-BR"},{"@type":"WebPage","@id":"https:\/\/motorista.com.br\/noticias\/2026\/09\/05\/tata-motors-avanca-na-aquisicao-da-iveco-formando-gigante-global-de-caminhoes\/","url":"https:\/\/motorista.com.br\/noticias\/2026\/09\/05\/tata-motors-avanca-na-aquisicao-da-iveco-formando-gigante-global-de-caminhoes\/","name":"Tata Motors avan\u00e7a na aquisi\u00e7\u00e3o da Iveco, formando gigante global de caminh\u00f5es. - Motorista.com.br","isPartOf":{"@id":"https:\/\/motorista.com.br\/noticias\/#website"},"primaryImageOfPage":{"@id":"https:\/\/motorista.com.br\/noticias\/2026\/09\/05\/tata-motors-avanca-na-aquisicao-da-iveco-formando-gigante-global-de-caminhoes\/#primaryimage"},"image":{"@id":"https:\/\/motorista.com.br\/noticias\/2026\/09\/05\/tata-motors-avanca-na-aquisicao-da-iveco-formando-gigante-global-de-caminhoes\/#primaryimage"},"thumbnailUrl":"https:\/\/motorista.com.br\/noticias\/wp-content\/uploads\/2026\/09\/Tata.jpg","datePublished":"2026-09-06T00:28:06+00:00","breadcrumb":{"@id":"https:\/\/motorista.com.br\/noticias\/2026\/09\/05\/tata-motors-avanca-na-aquisicao-da-iveco-formando-gigante-global-de-caminhoes\/#breadcrumb"},"inLanguage":"pt-BR","potentialAction":[{"@type":"ReadAction","target":["https:\/\/motorista.com.br\/noticias\/2026\/09\/05\/tata-motors-avanca-na-aquisicao-da-iveco-formando-gigante-global-de-caminhoes\/"]}]},{"@type":"ImageObject","inLanguage":"pt-BR","@id":"https:\/\/motorista.com.br\/noticias\/2026\/09\/05\/tata-motors-avanca-na-aquisicao-da-iveco-formando-gigante-global-de-caminhoes\/#primaryimage","url":"https:\/\/motorista.com.br\/noticias\/wp-content\/uploads\/2026\/09\/Tata.jpg","contentUrl":"https:\/\/motorista.com.br\/noticias\/wp-content\/uploads\/2026\/09\/Tata.jpg","width":1600,"height":900},{"@type":"BreadcrumbList","@id":"https:\/\/motorista.com.br\/noticias\/2026\/09\/05\/tata-motors-avanca-na-aquisicao-da-iveco-formando-gigante-global-de-caminhoes\/#breadcrumb","itemListElement":[{"@type":"ListItem","position":1,"name":"In\u00edcio","item":"https:\/\/motorista.com.br\/noticias\/"},{"@type":"ListItem","position":2,"name":"Tata Motors avan\u00e7a na aquisi\u00e7\u00e3o da Iveco, formando gigante global de caminh\u00f5es."}]},{"@type":"WebSite","@id":"https:\/\/motorista.com.br\/noticias\/#website","url":"https:\/\/motorista.com.br\/noticias\/","name":"Motorista.com.br","description":"Not\u00edcia do Motorista","publisher":{"@id":"https:\/\/motorista.com.br\/noticias\/#organization"},"potentialAction":[{"@type":"SearchAction","target":{"@type":"EntryPoint","urlTemplate":"https:\/\/motorista.com.br\/noticias\/?s={search_term_string}"},"query-input":{"@type":"PropertyValueSpecification","valueRequired":true,"valueName":"search_term_string"}}],"inLanguage":"pt-BR"},{"@type":"Organization","@id":"https:\/\/motorista.com.br\/noticias\/#organization","name":"Motorista.com.br","url":"https:\/\/motorista.com.br\/noticias\/","logo":{"@type":"ImageObject","inLanguage":"pt-BR","@id":"https:\/\/motorista.com.br\/noticias\/#\/schema\/logo\/image\/","url":"https:\/\/motorista.com.br\/noticias\/wp-content\/uploads\/2025\/06\/Design-sem-nome-9.png","contentUrl":"https:\/\/motorista.com.br\/noticias\/wp-content\/uploads\/2025\/06\/Design-sem-nome-9.png","width":150,"height":85,"caption":"Motorista.com.br"},"image":{"@id":"https:\/\/motorista.com.br\/noticias\/#\/schema\/logo\/image\/"}},{"@type":"Person","@id":"https:\/\/motorista.com.br\/noticias\/#\/schema\/person\/dc93afc2981c0e3ce6bc3c053fd847be","name":"Equipe Reda\u00e7\u00e3o","image":{"@type":"ImageObject","inLanguage":"pt-BR","@id":"https:\/\/secure.gravatar.com\/avatar\/4f525efbf18dd2bb300ccad28bfb99d95a9465a5ba268407c8c37b37e1f28d2d?s=96&d=mm&r=g9e099043a0c61e9ae27e293b9fa75ffc","url":"https:\/\/secure.gravatar.com\/avatar\/4f525efbf18dd2bb300ccad28bfb99d95a9465a5ba268407c8c37b37e1f28d2d?s=96&d=mm&r=g","contentUrl":"https:\/\/secure.gravatar.com\/avatar\/4f525efbf18dd2bb300ccad28bfb99d95a9465a5ba268407c8c37b37e1f28d2d?s=96&d=mm&r=g","caption":"Equipe Reda\u00e7\u00e3o"},"description":"Equipe de reda\u00e7\u00e3o \u00e9 um grupo de profissionais que trabalham juntos para criar conte\u00fado escrito para Motorista.com.br","url":"https:\/\/motorista.com.br\/noticias\/author\/equiperedacao\/"}]}},"_links":{"self":[{"href":"https:\/\/motorista.com.br\/noticias\/wp-json\/wp\/v2\/posts\/14384","targetHints":{"allow":["GET"]}}],"collection":[{"href":"https:\/\/motorista.com.br\/noticias\/wp-json\/wp\/v2\/posts"}],"about":[{"href":"https:\/\/motorista.com.br\/noticias\/wp-json\/wp\/v2\/types\/post"}],"author":[{"embeddable":true,"href":"https:\/\/motorista.com.br\/noticias\/wp-json\/wp\/v2\/users\/4"}],"replies":[{"embeddable":true,"href":"https:\/\/motorista.com.br\/noticias\/wp-json\/wp\/v2\/comments?post=14384"}],"version-history":[{"count":0,"href":"https:\/\/motorista.com.br\/noticias\/wp-json\/wp\/v2\/posts\/14384\/revisions"}],"wp:featuredmedia":[{"embeddable":true,"href":"https:\/\/motorista.com.br\/noticias\/wp-json\/wp\/v2\/media\/14385"}],"wp:attachment":[{"href":"https:\/\/motorista.com.br\/noticias\/wp-json\/wp\/v2\/media?parent=14384"}],"wp:term":[{"taxonomy":"category","embeddable":true,"href":"https:\/\/motorista.com.br\/noticias\/wp-json\/wp\/v2\/categories?post=14384"},{"taxonomy":"post_tag","embeddable":true,"href":"https:\/\/motorista.com.br\/noticias\/wp-json\/wp\/v2\/tags?post=14384"},{"taxonomy":"author","embeddable":true,"href":"https:\/\/motorista.com.br\/noticias\/wp-json\/wp\/v2\/coauthors?post=14384"}],"curies":[{"name":"wp","href":"https:\/\/api.w.org\/{rel}","templated":true}]}}