{"id":14378,"date":"2026-09-05T17:39:03","date_gmt":"2026-09-05T20:39:03","guid":{"rendered":"https:\/\/motorista.com.br\/noticias\/2026\/09\/05\/fenatran-ressalta-a-participacao-das-mulheres-no-transporte-de-carga\/"},"modified":"2026-09-05T17:39:03","modified_gmt":"2026-09-05T20:39:03","slug":"fenatran-ressalta-a-participacao-das-mulheres-no-transporte-de-carga","status":"publish","type":"post","link":"https:\/\/motorista.com.br\/noticias\/2026\/09\/05\/fenatran-ressalta-a-participacao-das-mulheres-no-transporte-de-carga\/","title":{"rendered":"Fenatran ressalta a participa\u00e7\u00e3o das mulheres no transporte de carga."},"content":{"rendered":"<p><\/p>\n<p><strong>Fenatran Destaca Presen\u00e7a Feminina no Transporte de Cargas<\/strong><\/p>\n<p>A crescente participa\u00e7\u00e3o feminina no setor de transporte rodovi\u00e1rio de cargas tem se mostrado um marco significativo na redefini\u00e7\u00e3o de um dos pilares da economia brasileira. Atualmente, as mulheres ocupam mais de 7% das fun\u00e7\u00f5es de motoristas, segundo dados da Ag\u00eancia Nacional de Transportes Terrestres (ANTT). Essa transforma\u00e7\u00e3o n\u00e3o \u00e9 apenas um reflexo de mudan\u00e7as sociais, mas tamb\u00e9m traz benef\u00edcios diretos para os motoristas e para a mobilidade geral nas cidades.<\/p>\n<p>O \u00cdndice de Equidade no Transporte Rodovi\u00e1rio de Cargas (TRC) tamb\u00e9m aponta avan\u00e7os, com uma pontua\u00e7\u00e3o de 46 em uma escala de 0 a 100, conforme pesquisa realizada pelo Instituto Paulista do Transporte de Cargas (IPTC). Embora a presen\u00e7a feminina represente cerca de 16% da for\u00e7a de trabalho no setor, h\u00e1 um potencial enorme para expans\u00e3o em \u00e1reas operacionais e de lideran\u00e7a. A inclus\u00e3o de mais mulheres no transporte n\u00e3o s\u00f3 melhora a diversidade, mas tamb\u00e9m enriquece o debate sobre seguran\u00e7a, efici\u00eancia e inova\u00e7\u00e3o nas pr\u00e1ticas de trabalho.<\/p>\n<p>A Fenatran, principal evento do transporte rodovi\u00e1rio na Am\u00e9rica Latina, abordar\u00e1 essa quest\u00e3o na quarta edi\u00e7\u00e3o do F\u00f3rum de Mulheres no Transporte e Log\u00edstica, que acontecer\u00e1 de 9 a 13 de novembro no S\u00e3o Paulo Expo. Organizado pelo Movimento Vez &amp; Voz, o f\u00f3rum ter\u00e1 como foco inspirar e capacitar mulheres em um setor tradicionalmente masculino, promovendo um ambiente de trabalho mais inclusivo e equitativo.<\/p>\n<p>A programa\u00e7\u00e3o do F\u00f3rum inclui pain\u00e9is sobre os desafios enfrentados pelas motoristas e as transforma\u00e7\u00f5es necess\u00e1rias para aumentar sua participa\u00e7\u00e3o. Esses debates s\u00e3o fundamentais para entender como a inclus\u00e3o feminina pode impactar positivamente a mobilidade urbana. A presen\u00e7a de mulheres no transporte rodovi\u00e1rio pode levar a uma maior preocupa\u00e7\u00e3o com a seguran\u00e7a da estrada e a efici\u00eancia log\u00edstica, aspectos cruciais para a melhoria da mobilidade nas cidades.<\/p>\n<p>Ana Jarrouge, idealizadora do Movimento Vez e Voz, destaca que, apesar dos avan\u00e7os, ainda h\u00e1 um longo caminho a percorrer. A transforma\u00e7\u00e3o do setor depende do comprometimento cont\u00ednuo das empresas, que precisam criar ambientes de trabalho mais acolhedores e respeitosos. Essa mudan\u00e7a n\u00e3o s\u00f3 beneficia as mulheres, mas tamb\u00e9m resulta em ganhos para toda a cadeia de transporte, melhorando a efici\u00eancia e aumentando a satisfa\u00e7\u00e3o dos motoristas.<\/p>\n<p>A 25\u00aa edi\u00e7\u00e3o da Fenatran reunir\u00e1 mais de 700 marcas expositoras, proporcionando uma oportunidade \u00fanica para conhecer inova\u00e7\u00f5es que podem contribuir para um futuro mais sustent\u00e1vel e eficiente no transporte. Al\u00e9m disso, atividades como a &quot;Fenatran Experience&quot; permitir\u00e3o aos visitantes testar caminh\u00f5es em diversas condi\u00e7\u00f5es, ressaltando a transi\u00e7\u00e3o para fontes de energia mais limpas e eficientes.<\/p>\n<p>A presen\u00e7a crescente de mulheres no transporte de cargas \u00e9 um passo importante para a evolu\u00e7\u00e3o do setor. Essa transforma\u00e7\u00e3o n\u00e3o apenas enriquece o ambiente profissional, mas tamb\u00e9m tem o potencial de gerar impactos positivos na mobilidade urbana, com melhorias na seguran\u00e7a, efici\u00eancia e inova\u00e7\u00e3o que beneficiam a todos. O engajamento de todos os atores envolvidos \u00e9 crucial para que essa mudan\u00e7a se torne uma realidade cada vez mais presente no dia a dia do transporte no Brasil.<\/p>\n","protected":false},"excerpt":{"rendered":"<p>Fenatran Destaca Presen\u00e7a Feminina no Transporte de Cargas A crescente participa\u00e7\u00e3o feminina no setor de transporte rodovi\u00e1rio de cargas tem se mostrado um marco significativo na redefini\u00e7\u00e3o de um dos pilares da economia brasileira. Atualmente, as mulheres ocupam mais de 7% das fun\u00e7\u00f5es de motoristas, segundo dados da Ag\u00eancia Nacional de Transportes Terrestres (ANTT). Essa &hellip;<\/p>\n","protected":false},"author":4,"featured_media":14379,"comment_status":"","ping_status":"open","sticky":false,"template":"","format":"standard","meta":{"footnotes":""},"categories":[78,77],"tags":[],"coauthors":[42],"class_list":["post-14378","post","type-post","status-publish","format-standard","has-post-thumbnail","hentry","category-carreteiro","category-motorista"],"yoast_head":"<!-- This site is optimized with the Yoast SEO Premium plugin v27.6.1 (Yoast SEO v28.4) - https:\/\/yoast.com\/product\/yoast-seo-premium-wordpress\/ -->\n<title>Fenatran ressalta a participa\u00e7\u00e3o das mulheres no transporte de carga. - Motorista.com.br<\/title>\n<meta name=\"robots\" content=\"index, follow, max-snippet:-1, max-image-preview:large, max-video-preview:-1\" \/>\n<link rel=\"canonical\" href=\"https:\/\/motorista.com.br\/noticias\/2026\/09\/05\/fenatran-ressalta-a-participacao-das-mulheres-no-transporte-de-carga\/\" \/>\n<meta property=\"og:locale\" content=\"pt_BR\" \/>\n<meta property=\"og:type\" content=\"article\" \/>\n<meta property=\"og:title\" content=\"Fenatran ressalta a participa\u00e7\u00e3o das mulheres no transporte de carga.\" \/>\n<meta property=\"og:description\" content=\"Fenatran Destaca Presen\u00e7a Feminina no Transporte de Cargas A crescente participa\u00e7\u00e3o feminina no setor de transporte rodovi\u00e1rio de cargas tem se mostrado um marco significativo na redefini\u00e7\u00e3o de um dos pilares da economia brasileira. Atualmente, as mulheres ocupam mais de 7% das fun\u00e7\u00f5es de motoristas, segundo dados da Ag\u00eancia Nacional de Transportes Terrestres (ANTT). Essa &hellip;\" \/>\n<meta property=\"og:url\" content=\"https:\/\/motorista.com.br\/noticias\/2026\/09\/05\/fenatran-ressalta-a-participacao-das-mulheres-no-transporte-de-carga\/\" \/>\n<meta property=\"og:site_name\" content=\"Motorista.com.br\" \/>\n<meta property=\"article:published_time\" content=\"2026-09-05T20:39:03+00:00\" \/>\n<meta name=\"author\" content=\"Equipe Reda\u00e7\u00e3o\" \/>\n<meta name=\"twitter:card\" content=\"summary_large_image\" \/>\n<meta name=\"twitter:label1\" content=\"Escrito por\" \/>\n\t<meta name=\"twitter:data1\" content=\"Equipe Reda\u00e7\u00e3o\" \/>\n\t<meta name=\"twitter:label2\" content=\"Est. tempo de leitura\" \/>\n\t<meta name=\"twitter:data2\" content=\"3 minutos\" \/>\n\t<meta name=\"twitter:label3\" content=\"Written by\" \/>\n\t<meta name=\"twitter:data3\" content=\"Equipe Reda\u00e7\u00e3o\" \/>\n<script type=\"application\/ld+json\" class=\"yoast-schema-graph\">{\"@context\":\"https:\\\/\\\/schema.org\",\"@graph\":[{\"@type\":\"Article\",\"@id\":\"https:\\\/\\\/motorista.com.br\\\/noticias\\\/2026\\\/09\\\/05\\\/fenatran-ressalta-a-participacao-das-mulheres-no-transporte-de-carga\\\/#article\",\"isPartOf\":{\"@id\":\"https:\\\/\\\/motorista.com.br\\\/noticias\\\/2026\\\/09\\\/05\\\/fenatran-ressalta-a-participacao-das-mulheres-no-transporte-de-carga\\\/\"},\"author\":{\"name\":\"Equipe Reda\u00e7\u00e3o\",\"@id\":\"https:\\\/\\\/motorista.com.br\\\/noticias\\\/#\\\/schema\\\/person\\\/dc93afc2981c0e3ce6bc3c053fd847be\"},\"headline\":\"Fenatran ressalta a participa\u00e7\u00e3o das mulheres no transporte de carga.\",\"datePublished\":\"2026-09-05T20:39:03+00:00\",\"mainEntityOfPage\":{\"@id\":\"https:\\\/\\\/motorista.com.br\\\/noticias\\\/2026\\\/09\\\/05\\\/fenatran-ressalta-a-participacao-das-mulheres-no-transporte-de-carga\\\/\"},\"wordCount\":574,\"publisher\":{\"@id\":\"https:\\\/\\\/motorista.com.br\\\/noticias\\\/#organization\"},\"image\":{\"@id\":\"https:\\\/\\\/motorista.com.br\\\/noticias\\\/2026\\\/09\\\/05\\\/fenatran-ressalta-a-participacao-das-mulheres-no-transporte-de-carga\\\/#primaryimage\"},\"thumbnailUrl\":\"https:\\\/\\\/motorista.com.br\\\/noticias\\\/wp-content\\\/uploads\\\/2026\\\/09\\\/image003.jpg\",\"articleSection\":[\"Carreteiro\",\"Motorista\"],\"inLanguage\":\"pt-BR\"},{\"@type\":\"WebPage\",\"@id\":\"https:\\\/\\\/motorista.com.br\\\/noticias\\\/2026\\\/09\\\/05\\\/fenatran-ressalta-a-participacao-das-mulheres-no-transporte-de-carga\\\/\",\"url\":\"https:\\\/\\\/motorista.com.br\\\/noticias\\\/2026\\\/09\\\/05\\\/fenatran-ressalta-a-participacao-das-mulheres-no-transporte-de-carga\\\/\",\"name\":\"Fenatran ressalta a participa\u00e7\u00e3o das mulheres no transporte de carga. - Motorista.com.br\",\"isPartOf\":{\"@id\":\"https:\\\/\\\/motorista.com.br\\\/noticias\\\/#website\"},\"primaryImageOfPage\":{\"@id\":\"https:\\\/\\\/motorista.com.br\\\/noticias\\\/2026\\\/09\\\/05\\\/fenatran-ressalta-a-participacao-das-mulheres-no-transporte-de-carga\\\/#primaryimage\"},\"image\":{\"@id\":\"https:\\\/\\\/motorista.com.br\\\/noticias\\\/2026\\\/09\\\/05\\\/fenatran-ressalta-a-participacao-das-mulheres-no-transporte-de-carga\\\/#primaryimage\"},\"thumbnailUrl\":\"https:\\\/\\\/motorista.com.br\\\/noticias\\\/wp-content\\\/uploads\\\/2026\\\/09\\\/image003.jpg\",\"datePublished\":\"2026-09-05T20:39:03+00:00\",\"breadcrumb\":{\"@id\":\"https:\\\/\\\/motorista.com.br\\\/noticias\\\/2026\\\/09\\\/05\\\/fenatran-ressalta-a-participacao-das-mulheres-no-transporte-de-carga\\\/#breadcrumb\"},\"inLanguage\":\"pt-BR\",\"potentialAction\":[{\"@type\":\"ReadAction\",\"target\":[\"https:\\\/\\\/motorista.com.br\\\/noticias\\\/2026\\\/09\\\/05\\\/fenatran-ressalta-a-participacao-das-mulheres-no-transporte-de-carga\\\/\"]}]},{\"@type\":\"ImageObject\",\"inLanguage\":\"pt-BR\",\"@id\":\"https:\\\/\\\/motorista.com.br\\\/noticias\\\/2026\\\/09\\\/05\\\/fenatran-ressalta-a-participacao-das-mulheres-no-transporte-de-carga\\\/#primaryimage\",\"url\":\"https:\\\/\\\/motorista.com.br\\\/noticias\\\/wp-content\\\/uploads\\\/2026\\\/09\\\/image003.jpg\",\"contentUrl\":\"https:\\\/\\\/motorista.com.br\\\/noticias\\\/wp-content\\\/uploads\\\/2026\\\/09\\\/image003.jpg\",\"width\":1300,\"height\":867},{\"@type\":\"BreadcrumbList\",\"@id\":\"https:\\\/\\\/motorista.com.br\\\/noticias\\\/2026\\\/09\\\/05\\\/fenatran-ressalta-a-participacao-das-mulheres-no-transporte-de-carga\\\/#breadcrumb\",\"itemListElement\":[{\"@type\":\"ListItem\",\"position\":1,\"name\":\"In\u00edcio\",\"item\":\"https:\\\/\\\/motorista.com.br\\\/noticias\\\/\"},{\"@type\":\"ListItem\",\"position\":2,\"name\":\"Fenatran ressalta a participa\u00e7\u00e3o das mulheres no transporte de carga.\"}]},{\"@type\":\"WebSite\",\"@id\":\"https:\\\/\\\/motorista.com.br\\\/noticias\\\/#website\",\"url\":\"https:\\\/\\\/motorista.com.br\\\/noticias\\\/\",\"name\":\"Motorista.com.br\",\"description\":\"Not\u00edcia do Motorista\",\"publisher\":{\"@id\":\"https:\\\/\\\/motorista.com.br\\\/noticias\\\/#organization\"},\"potentialAction\":[{\"@type\":\"SearchAction\",\"target\":{\"@type\":\"EntryPoint\",\"urlTemplate\":\"https:\\\/\\\/motorista.com.br\\\/noticias\\\/?s={search_term_string}\"},\"query-input\":{\"@type\":\"PropertyValueSpecification\",\"valueRequired\":true,\"valueName\":\"search_term_string\"}}],\"inLanguage\":\"pt-BR\"},{\"@type\":\"Organization\",\"@id\":\"https:\\\/\\\/motorista.com.br\\\/noticias\\\/#organization\",\"name\":\"Motorista.com.br\",\"url\":\"https:\\\/\\\/motorista.com.br\\\/noticias\\\/\",\"logo\":{\"@type\":\"ImageObject\",\"inLanguage\":\"pt-BR\",\"@id\":\"https:\\\/\\\/motorista.com.br\\\/noticias\\\/#\\\/schema\\\/logo\\\/image\\\/\",\"url\":\"https:\\\/\\\/motorista.com.br\\\/noticias\\\/wp-content\\\/uploads\\\/2025\\\/06\\\/Design-sem-nome-9.png\",\"contentUrl\":\"https:\\\/\\\/motorista.com.br\\\/noticias\\\/wp-content\\\/uploads\\\/2025\\\/06\\\/Design-sem-nome-9.png\",\"width\":150,\"height\":85,\"caption\":\"Motorista.com.br\"},\"image\":{\"@id\":\"https:\\\/\\\/motorista.com.br\\\/noticias\\\/#\\\/schema\\\/logo\\\/image\\\/\"}},{\"@type\":\"Person\",\"@id\":\"https:\\\/\\\/motorista.com.br\\\/noticias\\\/#\\\/schema\\\/person\\\/dc93afc2981c0e3ce6bc3c053fd847be\",\"name\":\"Equipe Reda\u00e7\u00e3o\",\"image\":{\"@type\":\"ImageObject\",\"inLanguage\":\"pt-BR\",\"@id\":\"https:\\\/\\\/secure.gravatar.com\\\/avatar\\\/4f525efbf18dd2bb300ccad28bfb99d95a9465a5ba268407c8c37b37e1f28d2d?s=96&d=mm&r=g9e099043a0c61e9ae27e293b9fa75ffc\",\"url\":\"https:\\\/\\\/secure.gravatar.com\\\/avatar\\\/4f525efbf18dd2bb300ccad28bfb99d95a9465a5ba268407c8c37b37e1f28d2d?s=96&d=mm&r=g\",\"contentUrl\":\"https:\\\/\\\/secure.gravatar.com\\\/avatar\\\/4f525efbf18dd2bb300ccad28bfb99d95a9465a5ba268407c8c37b37e1f28d2d?s=96&d=mm&r=g\",\"caption\":\"Equipe Reda\u00e7\u00e3o\"},\"description\":\"Equipe de reda\u00e7\u00e3o \u00e9 um grupo de profissionais que trabalham juntos para criar conte\u00fado escrito para Motorista.com.br\",\"url\":\"https:\\\/\\\/motorista.com.br\\\/noticias\\\/author\\\/equiperedacao\\\/\"}]}<\/script>\n<!-- \/ Yoast SEO Premium plugin. -->","yoast_head_json":{"title":"Fenatran ressalta a participa\u00e7\u00e3o das mulheres no transporte de carga. - Motorista.com.br","robots":{"index":"index","follow":"follow","max-snippet":"max-snippet:-1","max-image-preview":"max-image-preview:large","max-video-preview":"max-video-preview:-1"},"canonical":"https:\/\/motorista.com.br\/noticias\/2026\/09\/05\/fenatran-ressalta-a-participacao-das-mulheres-no-transporte-de-carga\/","og_locale":"pt_BR","og_type":"article","og_title":"Fenatran ressalta a participa\u00e7\u00e3o das mulheres no transporte de carga.","og_description":"Fenatran Destaca Presen\u00e7a Feminina no Transporte de Cargas A crescente participa\u00e7\u00e3o feminina no setor de transporte rodovi\u00e1rio de cargas tem se mostrado um marco significativo na redefini\u00e7\u00e3o de um dos pilares da economia brasileira. Atualmente, as mulheres ocupam mais de 7% das fun\u00e7\u00f5es de motoristas, segundo dados da Ag\u00eancia Nacional de Transportes Terrestres (ANTT). Essa &hellip;","og_url":"https:\/\/motorista.com.br\/noticias\/2026\/09\/05\/fenatran-ressalta-a-participacao-das-mulheres-no-transporte-de-carga\/","og_site_name":"Motorista.com.br","article_published_time":"2026-09-05T20:39:03+00:00","author":"Equipe Reda\u00e7\u00e3o","twitter_card":"summary_large_image","twitter_misc":{"Escrito por":"Equipe Reda\u00e7\u00e3o","Est. tempo de leitura":"3 minutos","Written by":"Equipe Reda\u00e7\u00e3o"},"schema":{"@context":"https:\/\/schema.org","@graph":[{"@type":"Article","@id":"https:\/\/motorista.com.br\/noticias\/2026\/09\/05\/fenatran-ressalta-a-participacao-das-mulheres-no-transporte-de-carga\/#article","isPartOf":{"@id":"https:\/\/motorista.com.br\/noticias\/2026\/09\/05\/fenatran-ressalta-a-participacao-das-mulheres-no-transporte-de-carga\/"},"author":{"name":"Equipe Reda\u00e7\u00e3o","@id":"https:\/\/motorista.com.br\/noticias\/#\/schema\/person\/dc93afc2981c0e3ce6bc3c053fd847be"},"headline":"Fenatran ressalta a participa\u00e7\u00e3o das mulheres no transporte de carga.","datePublished":"2026-09-05T20:39:03+00:00","mainEntityOfPage":{"@id":"https:\/\/motorista.com.br\/noticias\/2026\/09\/05\/fenatran-ressalta-a-participacao-das-mulheres-no-transporte-de-carga\/"},"wordCount":574,"publisher":{"@id":"https:\/\/motorista.com.br\/noticias\/#organization"},"image":{"@id":"https:\/\/motorista.com.br\/noticias\/2026\/09\/05\/fenatran-ressalta-a-participacao-das-mulheres-no-transporte-de-carga\/#primaryimage"},"thumbnailUrl":"https:\/\/motorista.com.br\/noticias\/wp-content\/uploads\/2026\/09\/image003.jpg","articleSection":["Carreteiro","Motorista"],"inLanguage":"pt-BR"},{"@type":"WebPage","@id":"https:\/\/motorista.com.br\/noticias\/2026\/09\/05\/fenatran-ressalta-a-participacao-das-mulheres-no-transporte-de-carga\/","url":"https:\/\/motorista.com.br\/noticias\/2026\/09\/05\/fenatran-ressalta-a-participacao-das-mulheres-no-transporte-de-carga\/","name":"Fenatran ressalta a participa\u00e7\u00e3o das mulheres no transporte de carga. - Motorista.com.br","isPartOf":{"@id":"https:\/\/motorista.com.br\/noticias\/#website"},"primaryImageOfPage":{"@id":"https:\/\/motorista.com.br\/noticias\/2026\/09\/05\/fenatran-ressalta-a-participacao-das-mulheres-no-transporte-de-carga\/#primaryimage"},"image":{"@id":"https:\/\/motorista.com.br\/noticias\/2026\/09\/05\/fenatran-ressalta-a-participacao-das-mulheres-no-transporte-de-carga\/#primaryimage"},"thumbnailUrl":"https:\/\/motorista.com.br\/noticias\/wp-content\/uploads\/2026\/09\/image003.jpg","datePublished":"2026-09-05T20:39:03+00:00","breadcrumb":{"@id":"https:\/\/motorista.com.br\/noticias\/2026\/09\/05\/fenatran-ressalta-a-participacao-das-mulheres-no-transporte-de-carga\/#breadcrumb"},"inLanguage":"pt-BR","potentialAction":[{"@type":"ReadAction","target":["https:\/\/motorista.com.br\/noticias\/2026\/09\/05\/fenatran-ressalta-a-participacao-das-mulheres-no-transporte-de-carga\/"]}]},{"@type":"ImageObject","inLanguage":"pt-BR","@id":"https:\/\/motorista.com.br\/noticias\/2026\/09\/05\/fenatran-ressalta-a-participacao-das-mulheres-no-transporte-de-carga\/#primaryimage","url":"https:\/\/motorista.com.br\/noticias\/wp-content\/uploads\/2026\/09\/image003.jpg","contentUrl":"https:\/\/motorista.com.br\/noticias\/wp-content\/uploads\/2026\/09\/image003.jpg","width":1300,"height":867},{"@type":"BreadcrumbList","@id":"https:\/\/motorista.com.br\/noticias\/2026\/09\/05\/fenatran-ressalta-a-participacao-das-mulheres-no-transporte-de-carga\/#breadcrumb","itemListElement":[{"@type":"ListItem","position":1,"name":"In\u00edcio","item":"https:\/\/motorista.com.br\/noticias\/"},{"@type":"ListItem","position":2,"name":"Fenatran ressalta a participa\u00e7\u00e3o das mulheres no transporte de carga."}]},{"@type":"WebSite","@id":"https:\/\/motorista.com.br\/noticias\/#website","url":"https:\/\/motorista.com.br\/noticias\/","name":"Motorista.com.br","description":"Not\u00edcia do Motorista","publisher":{"@id":"https:\/\/motorista.com.br\/noticias\/#organization"},"potentialAction":[{"@type":"SearchAction","target":{"@type":"EntryPoint","urlTemplate":"https:\/\/motorista.com.br\/noticias\/?s={search_term_string}"},"query-input":{"@type":"PropertyValueSpecification","valueRequired":true,"valueName":"search_term_string"}}],"inLanguage":"pt-BR"},{"@type":"Organization","@id":"https:\/\/motorista.com.br\/noticias\/#organization","name":"Motorista.com.br","url":"https:\/\/motorista.com.br\/noticias\/","logo":{"@type":"ImageObject","inLanguage":"pt-BR","@id":"https:\/\/motorista.com.br\/noticias\/#\/schema\/logo\/image\/","url":"https:\/\/motorista.com.br\/noticias\/wp-content\/uploads\/2025\/06\/Design-sem-nome-9.png","contentUrl":"https:\/\/motorista.com.br\/noticias\/wp-content\/uploads\/2025\/06\/Design-sem-nome-9.png","width":150,"height":85,"caption":"Motorista.com.br"},"image":{"@id":"https:\/\/motorista.com.br\/noticias\/#\/schema\/logo\/image\/"}},{"@type":"Person","@id":"https:\/\/motorista.com.br\/noticias\/#\/schema\/person\/dc93afc2981c0e3ce6bc3c053fd847be","name":"Equipe Reda\u00e7\u00e3o","image":{"@type":"ImageObject","inLanguage":"pt-BR","@id":"https:\/\/secure.gravatar.com\/avatar\/4f525efbf18dd2bb300ccad28bfb99d95a9465a5ba268407c8c37b37e1f28d2d?s=96&d=mm&r=g9e099043a0c61e9ae27e293b9fa75ffc","url":"https:\/\/secure.gravatar.com\/avatar\/4f525efbf18dd2bb300ccad28bfb99d95a9465a5ba268407c8c37b37e1f28d2d?s=96&d=mm&r=g","contentUrl":"https:\/\/secure.gravatar.com\/avatar\/4f525efbf18dd2bb300ccad28bfb99d95a9465a5ba268407c8c37b37e1f28d2d?s=96&d=mm&r=g","caption":"Equipe Reda\u00e7\u00e3o"},"description":"Equipe de reda\u00e7\u00e3o \u00e9 um grupo de profissionais que trabalham juntos para criar conte\u00fado escrito para Motorista.com.br","url":"https:\/\/motorista.com.br\/noticias\/author\/equiperedacao\/"}]}},"_links":{"self":[{"href":"https:\/\/motorista.com.br\/noticias\/wp-json\/wp\/v2\/posts\/14378","targetHints":{"allow":["GET"]}}],"collection":[{"href":"https:\/\/motorista.com.br\/noticias\/wp-json\/wp\/v2\/posts"}],"about":[{"href":"https:\/\/motorista.com.br\/noticias\/wp-json\/wp\/v2\/types\/post"}],"author":[{"embeddable":true,"href":"https:\/\/motorista.com.br\/noticias\/wp-json\/wp\/v2\/users\/4"}],"replies":[{"embeddable":true,"href":"https:\/\/motorista.com.br\/noticias\/wp-json\/wp\/v2\/comments?post=14378"}],"version-history":[{"count":0,"href":"https:\/\/motorista.com.br\/noticias\/wp-json\/wp\/v2\/posts\/14378\/revisions"}],"wp:featuredmedia":[{"embeddable":true,"href":"https:\/\/motorista.com.br\/noticias\/wp-json\/wp\/v2\/media\/14379"}],"wp:attachment":[{"href":"https:\/\/motorista.com.br\/noticias\/wp-json\/wp\/v2\/media?parent=14378"}],"wp:term":[{"taxonomy":"category","embeddable":true,"href":"https:\/\/motorista.com.br\/noticias\/wp-json\/wp\/v2\/categories?post=14378"},{"taxonomy":"post_tag","embeddable":true,"href":"https:\/\/motorista.com.br\/noticias\/wp-json\/wp\/v2\/tags?post=14378"},{"taxonomy":"author","embeddable":true,"href":"https:\/\/motorista.com.br\/noticias\/wp-json\/wp\/v2\/coauthors?post=14378"}],"curies":[{"name":"wp","href":"https:\/\/api.w.org\/{rel}","templated":true}]}}