{"id":14377,"date":"2026-09-05T16:06:49","date_gmt":"2026-09-05T19:06:49","guid":{"rendered":"https:\/\/motorista.com.br\/noticias\/2026\/09\/05\/diesel-tera-aumento-no-uso-de-biocombustiveis-mercado-bilionario-ate-2035-2\/"},"modified":"2026-09-05T16:06:49","modified_gmt":"2026-09-05T19:06:49","slug":"diesel-tera-aumento-no-uso-de-biocombustiveis-mercado-bilionario-ate-2035-2","status":"publish","type":"post","link":"https:\/\/motorista.com.br\/noticias\/2026\/09\/05\/diesel-tera-aumento-no-uso-de-biocombustiveis-mercado-bilionario-ate-2035-2\/","title":{"rendered":"Diesel ter\u00e1 aumento no uso de biocombust\u00edveis; mercado bilion\u00e1rio at\u00e9 2035."},"content":{"rendered":"<p><\/p>\n<p><strong>Diesel dever\u00e1 ganhar cada vez mais biocombust\u00edvel e setor prev\u00ea mercado bilion\u00e1rio at\u00e9 2035<\/strong><\/p>\n<p>A transforma\u00e7\u00e3o no combust\u00edvel utilizado por caminh\u00f5es no Brasil est\u00e1 se acelerando. Com a recente Lei do Combust\u00edvel do Futuro, h\u00e1 uma movimenta\u00e7\u00e3o crescente para ampliar o uso do biodiesel, al\u00e9m de incentivar alternativas como o biometano e o diesel verde. Essa evolu\u00e7\u00e3o n\u00e3o s\u00f3 promove uma transi\u00e7\u00e3o energ\u00e9tica, como tamb\u00e9m pode impactar positivamente a mobilidade e a sustentabilidade no transporte.<\/p>\n<p>Durante um debate na C\u00e2mara dos Deputados, representantes do governo e do setor produtivo revelaram que os projetos associados a essa nova pol\u00edtica totalizam, aproximadamente, R$ 200 bilh\u00f5es em investimentos realizados e planejados. Para o transporte rodovi\u00e1rio, um destaque est\u00e1 na previs\u00e3o de que o mercado de biodiesel para uso rodovi\u00e1rio e aquavi\u00e1rio possa atingir at\u00e9 25 milh\u00f5es de metros c\u00fabicos at\u00e9 2035. Esse crescimento pode significar uma maior oferta de combust\u00edveis mais limpos, beneficiando motoristas e contribuindo para a redu\u00e7\u00e3o das emiss\u00f5es de poluentes.<\/p>\n<p>O biometano tamb\u00e9m deve desempenhar um papel significativo nesse cen\u00e1rio. A Associa\u00e7\u00e3o Brasileira do Biog\u00e1s e do Biometano aponta que o Brasil possui potencial para produzir at\u00e9 120 milh\u00f5es de metros c\u00fabicos de biometano por dia, aproveitando res\u00edduos que atualmente s\u00e3o descartados. Isso n\u00e3o s\u00f3 ajuda na gest\u00e3o de res\u00edduos, como tamb\u00e9m pode gerar uma nova fonte de energia, contribuindo para a seguran\u00e7a energ\u00e9tica do pa\u00eds.<\/p>\n<p>A regulamenta\u00e7\u00e3o est\u00e1 avan\u00e7ando, e o diretor-geral da ANP, Artur Watt Neto, mencionou que decretos relacionados aos novos combust\u00edveis est\u00e3o em fase de conclus\u00e3o, com \u00eanfase na fiscaliza\u00e7\u00e3o do mercado. Para caminhoneiros e empresas de transporte, a transi\u00e7\u00e3o n\u00e3o se dar\u00e1 de forma abrupta; a inten\u00e7\u00e3o \u00e9 aumentar gradualmente a participa\u00e7\u00e3o de combust\u00edveis renov\u00e1veis, criando novas op\u00e7\u00f5es para ve\u00edculos pesados nos pr\u00f3ximos anos.<\/p>\n<p>Esse movimento em dire\u00e7\u00e3o a combust\u00edveis renov\u00e1veis tamb\u00e9m traz benef\u00edcios diretos para os motoristas, pois pode resultar em uma maior estabilidade nos pre\u00e7os dos combust\u00edveis ao longo do tempo. A diversifica\u00e7\u00e3o das fontes energ\u00e9ticas pode reduzir a depend\u00eancia de combust\u00edveis tradicionais, proporcionando alternativas mais sustent\u00e1veis e a longo prazo, potencializando uma mobilidade mais eficiente.<\/p>\n<p>Portanto, o futuro dos combust\u00edveis diesel no Brasil se configura promissor, gerando oportunidades n\u00e3o apenas para um mercado bilion\u00e1rio, mas tamb\u00e9m para um Transporte mais sustent\u00e1vel e eficiente.<\/p>\n<p><strong>Fonte: brasildotrecho<\/strong><\/p>\n","protected":false},"excerpt":{"rendered":"<p>Diesel dever\u00e1 ganhar cada vez mais biocombust\u00edvel e setor prev\u00ea mercado bilion\u00e1rio at\u00e9 2035 A transforma\u00e7\u00e3o no combust\u00edvel utilizado por caminh\u00f5es no Brasil est\u00e1 se acelerando. Com a recente Lei do Combust\u00edvel do Futuro, h\u00e1 uma movimenta\u00e7\u00e3o crescente para ampliar o uso do biodiesel, al\u00e9m de incentivar alternativas como o biometano e o diesel verde. &hellip;<\/p>\n","protected":false},"author":4,"featured_media":14373,"comment_status":"","ping_status":"open","sticky":false,"template":"","format":"standard","meta":{"footnotes":""},"categories":[77],"tags":[],"coauthors":[42],"class_list":["post-14377","post","type-post","status-publish","format-standard","has-post-thumbnail","hentry","category-motorista"],"yoast_head":"<!-- This site is optimized with the Yoast SEO Premium plugin v27.6.1 (Yoast SEO v28.4) - https:\/\/yoast.com\/product\/yoast-seo-premium-wordpress\/ -->\n<title>Diesel ter\u00e1 aumento no uso de biocombust\u00edveis; mercado bilion\u00e1rio at\u00e9 2035. - Motorista.com.br<\/title>\n<meta name=\"robots\" content=\"index, follow, max-snippet:-1, max-image-preview:large, max-video-preview:-1\" \/>\n<link rel=\"canonical\" href=\"https:\/\/motorista.com.br\/noticias\/2026\/09\/05\/diesel-tera-aumento-no-uso-de-biocombustiveis-mercado-bilionario-ate-2035-2\/\" \/>\n<meta property=\"og:locale\" content=\"pt_BR\" \/>\n<meta property=\"og:type\" content=\"article\" \/>\n<meta property=\"og:title\" content=\"Diesel ter\u00e1 aumento no uso de biocombust\u00edveis; mercado bilion\u00e1rio at\u00e9 2035.\" \/>\n<meta property=\"og:description\" content=\"Diesel dever\u00e1 ganhar cada vez mais biocombust\u00edvel e setor prev\u00ea mercado bilion\u00e1rio at\u00e9 2035 A transforma\u00e7\u00e3o no combust\u00edvel utilizado por caminh\u00f5es no Brasil est\u00e1 se acelerando. Com a recente Lei do Combust\u00edvel do Futuro, h\u00e1 uma movimenta\u00e7\u00e3o crescente para ampliar o uso do biodiesel, al\u00e9m de incentivar alternativas como o biometano e o diesel verde. &hellip;\" \/>\n<meta property=\"og:url\" content=\"https:\/\/motorista.com.br\/noticias\/2026\/09\/05\/diesel-tera-aumento-no-uso-de-biocombustiveis-mercado-bilionario-ate-2035-2\/\" \/>\n<meta property=\"og:site_name\" content=\"Motorista.com.br\" \/>\n<meta property=\"article:published_time\" content=\"2026-09-05T19:06:49+00:00\" \/>\n<meta name=\"author\" content=\"Equipe Reda\u00e7\u00e3o\" \/>\n<meta name=\"twitter:card\" content=\"summary_large_image\" \/>\n<meta name=\"twitter:label1\" content=\"Escrito por\" \/>\n\t<meta name=\"twitter:data1\" content=\"Equipe Reda\u00e7\u00e3o\" \/>\n\t<meta name=\"twitter:label2\" content=\"Est. tempo de leitura\" \/>\n\t<meta name=\"twitter:data2\" content=\"2 minutos\" \/>\n\t<meta name=\"twitter:label3\" content=\"Written by\" \/>\n\t<meta name=\"twitter:data3\" content=\"Equipe Reda\u00e7\u00e3o\" \/>\n<script type=\"application\/ld+json\" class=\"yoast-schema-graph\">{\"@context\":\"https:\\\/\\\/schema.org\",\"@graph\":[{\"@type\":\"Article\",\"@id\":\"https:\\\/\\\/motorista.com.br\\\/noticias\\\/2026\\\/09\\\/05\\\/diesel-tera-aumento-no-uso-de-biocombustiveis-mercado-bilionario-ate-2035-2\\\/#article\",\"isPartOf\":{\"@id\":\"https:\\\/\\\/motorista.com.br\\\/noticias\\\/2026\\\/09\\\/05\\\/diesel-tera-aumento-no-uso-de-biocombustiveis-mercado-bilionario-ate-2035-2\\\/\"},\"author\":{\"name\":\"Equipe Reda\u00e7\u00e3o\",\"@id\":\"https:\\\/\\\/motorista.com.br\\\/noticias\\\/#\\\/schema\\\/person\\\/dc93afc2981c0e3ce6bc3c053fd847be\"},\"headline\":\"Diesel ter\u00e1 aumento no uso de biocombust\u00edveis; mercado bilion\u00e1rio at\u00e9 2035.\",\"datePublished\":\"2026-09-05T19:06:49+00:00\",\"mainEntityOfPage\":{\"@id\":\"https:\\\/\\\/motorista.com.br\\\/noticias\\\/2026\\\/09\\\/05\\\/diesel-tera-aumento-no-uso-de-biocombustiveis-mercado-bilionario-ate-2035-2\\\/\"},\"wordCount\":451,\"publisher\":{\"@id\":\"https:\\\/\\\/motorista.com.br\\\/noticias\\\/#organization\"},\"image\":{\"@id\":\"https:\\\/\\\/motorista.com.br\\\/noticias\\\/2026\\\/09\\\/05\\\/diesel-tera-aumento-no-uso-de-biocombustiveis-mercado-bilionario-ate-2035-2\\\/#primaryimage\"},\"thumbnailUrl\":\"https:\\\/\\\/motorista.com.br\\\/noticias\\\/wp-content\\\/uploads\\\/2026\\\/09\\\/combustivel-do-futuro.jpg\",\"articleSection\":[\"Motorista\"],\"inLanguage\":\"pt-BR\"},{\"@type\":\"WebPage\",\"@id\":\"https:\\\/\\\/motorista.com.br\\\/noticias\\\/2026\\\/09\\\/05\\\/diesel-tera-aumento-no-uso-de-biocombustiveis-mercado-bilionario-ate-2035-2\\\/\",\"url\":\"https:\\\/\\\/motorista.com.br\\\/noticias\\\/2026\\\/09\\\/05\\\/diesel-tera-aumento-no-uso-de-biocombustiveis-mercado-bilionario-ate-2035-2\\\/\",\"name\":\"Diesel ter\u00e1 aumento no uso de biocombust\u00edveis; mercado bilion\u00e1rio at\u00e9 2035. - Motorista.com.br\",\"isPartOf\":{\"@id\":\"https:\\\/\\\/motorista.com.br\\\/noticias\\\/#website\"},\"primaryImageOfPage\":{\"@id\":\"https:\\\/\\\/motorista.com.br\\\/noticias\\\/2026\\\/09\\\/05\\\/diesel-tera-aumento-no-uso-de-biocombustiveis-mercado-bilionario-ate-2035-2\\\/#primaryimage\"},\"image\":{\"@id\":\"https:\\\/\\\/motorista.com.br\\\/noticias\\\/2026\\\/09\\\/05\\\/diesel-tera-aumento-no-uso-de-biocombustiveis-mercado-bilionario-ate-2035-2\\\/#primaryimage\"},\"thumbnailUrl\":\"https:\\\/\\\/motorista.com.br\\\/noticias\\\/wp-content\\\/uploads\\\/2026\\\/09\\\/combustivel-do-futuro.jpg\",\"datePublished\":\"2026-09-05T19:06:49+00:00\",\"breadcrumb\":{\"@id\":\"https:\\\/\\\/motorista.com.br\\\/noticias\\\/2026\\\/09\\\/05\\\/diesel-tera-aumento-no-uso-de-biocombustiveis-mercado-bilionario-ate-2035-2\\\/#breadcrumb\"},\"inLanguage\":\"pt-BR\",\"potentialAction\":[{\"@type\":\"ReadAction\",\"target\":[\"https:\\\/\\\/motorista.com.br\\\/noticias\\\/2026\\\/09\\\/05\\\/diesel-tera-aumento-no-uso-de-biocombustiveis-mercado-bilionario-ate-2035-2\\\/\"]}]},{\"@type\":\"ImageObject\",\"inLanguage\":\"pt-BR\",\"@id\":\"https:\\\/\\\/motorista.com.br\\\/noticias\\\/2026\\\/09\\\/05\\\/diesel-tera-aumento-no-uso-de-biocombustiveis-mercado-bilionario-ate-2035-2\\\/#primaryimage\",\"url\":\"https:\\\/\\\/motorista.com.br\\\/noticias\\\/wp-content\\\/uploads\\\/2026\\\/09\\\/combustivel-do-futuro.jpg\",\"contentUrl\":\"https:\\\/\\\/motorista.com.br\\\/noticias\\\/wp-content\\\/uploads\\\/2026\\\/09\\\/combustivel-do-futuro.jpg\",\"width\":1280,\"height\":720},{\"@type\":\"BreadcrumbList\",\"@id\":\"https:\\\/\\\/motorista.com.br\\\/noticias\\\/2026\\\/09\\\/05\\\/diesel-tera-aumento-no-uso-de-biocombustiveis-mercado-bilionario-ate-2035-2\\\/#breadcrumb\",\"itemListElement\":[{\"@type\":\"ListItem\",\"position\":1,\"name\":\"In\u00edcio\",\"item\":\"https:\\\/\\\/motorista.com.br\\\/noticias\\\/\"},{\"@type\":\"ListItem\",\"position\":2,\"name\":\"Diesel ter\u00e1 aumento no uso de biocombust\u00edveis; mercado bilion\u00e1rio at\u00e9 2035.\"}]},{\"@type\":\"WebSite\",\"@id\":\"https:\\\/\\\/motorista.com.br\\\/noticias\\\/#website\",\"url\":\"https:\\\/\\\/motorista.com.br\\\/noticias\\\/\",\"name\":\"Motorista.com.br\",\"description\":\"Not\u00edcia do Motorista\",\"publisher\":{\"@id\":\"https:\\\/\\\/motorista.com.br\\\/noticias\\\/#organization\"},\"potentialAction\":[{\"@type\":\"SearchAction\",\"target\":{\"@type\":\"EntryPoint\",\"urlTemplate\":\"https:\\\/\\\/motorista.com.br\\\/noticias\\\/?s={search_term_string}\"},\"query-input\":{\"@type\":\"PropertyValueSpecification\",\"valueRequired\":true,\"valueName\":\"search_term_string\"}}],\"inLanguage\":\"pt-BR\"},{\"@type\":\"Organization\",\"@id\":\"https:\\\/\\\/motorista.com.br\\\/noticias\\\/#organization\",\"name\":\"Motorista.com.br\",\"url\":\"https:\\\/\\\/motorista.com.br\\\/noticias\\\/\",\"logo\":{\"@type\":\"ImageObject\",\"inLanguage\":\"pt-BR\",\"@id\":\"https:\\\/\\\/motorista.com.br\\\/noticias\\\/#\\\/schema\\\/logo\\\/image\\\/\",\"url\":\"https:\\\/\\\/motorista.com.br\\\/noticias\\\/wp-content\\\/uploads\\\/2025\\\/06\\\/Design-sem-nome-9.png\",\"contentUrl\":\"https:\\\/\\\/motorista.com.br\\\/noticias\\\/wp-content\\\/uploads\\\/2025\\\/06\\\/Design-sem-nome-9.png\",\"width\":150,\"height\":85,\"caption\":\"Motorista.com.br\"},\"image\":{\"@id\":\"https:\\\/\\\/motorista.com.br\\\/noticias\\\/#\\\/schema\\\/logo\\\/image\\\/\"}},{\"@type\":\"Person\",\"@id\":\"https:\\\/\\\/motorista.com.br\\\/noticias\\\/#\\\/schema\\\/person\\\/dc93afc2981c0e3ce6bc3c053fd847be\",\"name\":\"Equipe Reda\u00e7\u00e3o\",\"image\":{\"@type\":\"ImageObject\",\"inLanguage\":\"pt-BR\",\"@id\":\"https:\\\/\\\/secure.gravatar.com\\\/avatar\\\/4f525efbf18dd2bb300ccad28bfb99d95a9465a5ba268407c8c37b37e1f28d2d?s=96&d=mm&r=g9e099043a0c61e9ae27e293b9fa75ffc\",\"url\":\"https:\\\/\\\/secure.gravatar.com\\\/avatar\\\/4f525efbf18dd2bb300ccad28bfb99d95a9465a5ba268407c8c37b37e1f28d2d?s=96&d=mm&r=g\",\"contentUrl\":\"https:\\\/\\\/secure.gravatar.com\\\/avatar\\\/4f525efbf18dd2bb300ccad28bfb99d95a9465a5ba268407c8c37b37e1f28d2d?s=96&d=mm&r=g\",\"caption\":\"Equipe Reda\u00e7\u00e3o\"},\"description\":\"Equipe de reda\u00e7\u00e3o \u00e9 um grupo de profissionais que trabalham juntos para criar conte\u00fado escrito para Motorista.com.br\",\"url\":\"https:\\\/\\\/motorista.com.br\\\/noticias\\\/author\\\/equiperedacao\\\/\"}]}<\/script>\n<!-- \/ Yoast SEO Premium plugin. -->","yoast_head_json":{"title":"Diesel ter\u00e1 aumento no uso de biocombust\u00edveis; mercado bilion\u00e1rio at\u00e9 2035. - Motorista.com.br","robots":{"index":"index","follow":"follow","max-snippet":"max-snippet:-1","max-image-preview":"max-image-preview:large","max-video-preview":"max-video-preview:-1"},"canonical":"https:\/\/motorista.com.br\/noticias\/2026\/09\/05\/diesel-tera-aumento-no-uso-de-biocombustiveis-mercado-bilionario-ate-2035-2\/","og_locale":"pt_BR","og_type":"article","og_title":"Diesel ter\u00e1 aumento no uso de biocombust\u00edveis; mercado bilion\u00e1rio at\u00e9 2035.","og_description":"Diesel dever\u00e1 ganhar cada vez mais biocombust\u00edvel e setor prev\u00ea mercado bilion\u00e1rio at\u00e9 2035 A transforma\u00e7\u00e3o no combust\u00edvel utilizado por caminh\u00f5es no Brasil est\u00e1 se acelerando. Com a recente Lei do Combust\u00edvel do Futuro, h\u00e1 uma movimenta\u00e7\u00e3o crescente para ampliar o uso do biodiesel, al\u00e9m de incentivar alternativas como o biometano e o diesel verde. &hellip;","og_url":"https:\/\/motorista.com.br\/noticias\/2026\/09\/05\/diesel-tera-aumento-no-uso-de-biocombustiveis-mercado-bilionario-ate-2035-2\/","og_site_name":"Motorista.com.br","article_published_time":"2026-09-05T19:06:49+00:00","author":"Equipe Reda\u00e7\u00e3o","twitter_card":"summary_large_image","twitter_misc":{"Escrito por":"Equipe Reda\u00e7\u00e3o","Est. tempo de leitura":"2 minutos","Written by":"Equipe Reda\u00e7\u00e3o"},"schema":{"@context":"https:\/\/schema.org","@graph":[{"@type":"Article","@id":"https:\/\/motorista.com.br\/noticias\/2026\/09\/05\/diesel-tera-aumento-no-uso-de-biocombustiveis-mercado-bilionario-ate-2035-2\/#article","isPartOf":{"@id":"https:\/\/motorista.com.br\/noticias\/2026\/09\/05\/diesel-tera-aumento-no-uso-de-biocombustiveis-mercado-bilionario-ate-2035-2\/"},"author":{"name":"Equipe Reda\u00e7\u00e3o","@id":"https:\/\/motorista.com.br\/noticias\/#\/schema\/person\/dc93afc2981c0e3ce6bc3c053fd847be"},"headline":"Diesel ter\u00e1 aumento no uso de biocombust\u00edveis; mercado bilion\u00e1rio at\u00e9 2035.","datePublished":"2026-09-05T19:06:49+00:00","mainEntityOfPage":{"@id":"https:\/\/motorista.com.br\/noticias\/2026\/09\/05\/diesel-tera-aumento-no-uso-de-biocombustiveis-mercado-bilionario-ate-2035-2\/"},"wordCount":451,"publisher":{"@id":"https:\/\/motorista.com.br\/noticias\/#organization"},"image":{"@id":"https:\/\/motorista.com.br\/noticias\/2026\/09\/05\/diesel-tera-aumento-no-uso-de-biocombustiveis-mercado-bilionario-ate-2035-2\/#primaryimage"},"thumbnailUrl":"https:\/\/motorista.com.br\/noticias\/wp-content\/uploads\/2026\/09\/combustivel-do-futuro.jpg","articleSection":["Motorista"],"inLanguage":"pt-BR"},{"@type":"WebPage","@id":"https:\/\/motorista.com.br\/noticias\/2026\/09\/05\/diesel-tera-aumento-no-uso-de-biocombustiveis-mercado-bilionario-ate-2035-2\/","url":"https:\/\/motorista.com.br\/noticias\/2026\/09\/05\/diesel-tera-aumento-no-uso-de-biocombustiveis-mercado-bilionario-ate-2035-2\/","name":"Diesel ter\u00e1 aumento no uso de biocombust\u00edveis; mercado bilion\u00e1rio at\u00e9 2035. - Motorista.com.br","isPartOf":{"@id":"https:\/\/motorista.com.br\/noticias\/#website"},"primaryImageOfPage":{"@id":"https:\/\/motorista.com.br\/noticias\/2026\/09\/05\/diesel-tera-aumento-no-uso-de-biocombustiveis-mercado-bilionario-ate-2035-2\/#primaryimage"},"image":{"@id":"https:\/\/motorista.com.br\/noticias\/2026\/09\/05\/diesel-tera-aumento-no-uso-de-biocombustiveis-mercado-bilionario-ate-2035-2\/#primaryimage"},"thumbnailUrl":"https:\/\/motorista.com.br\/noticias\/wp-content\/uploads\/2026\/09\/combustivel-do-futuro.jpg","datePublished":"2026-09-05T19:06:49+00:00","breadcrumb":{"@id":"https:\/\/motorista.com.br\/noticias\/2026\/09\/05\/diesel-tera-aumento-no-uso-de-biocombustiveis-mercado-bilionario-ate-2035-2\/#breadcrumb"},"inLanguage":"pt-BR","potentialAction":[{"@type":"ReadAction","target":["https:\/\/motorista.com.br\/noticias\/2026\/09\/05\/diesel-tera-aumento-no-uso-de-biocombustiveis-mercado-bilionario-ate-2035-2\/"]}]},{"@type":"ImageObject","inLanguage":"pt-BR","@id":"https:\/\/motorista.com.br\/noticias\/2026\/09\/05\/diesel-tera-aumento-no-uso-de-biocombustiveis-mercado-bilionario-ate-2035-2\/#primaryimage","url":"https:\/\/motorista.com.br\/noticias\/wp-content\/uploads\/2026\/09\/combustivel-do-futuro.jpg","contentUrl":"https:\/\/motorista.com.br\/noticias\/wp-content\/uploads\/2026\/09\/combustivel-do-futuro.jpg","width":1280,"height":720},{"@type":"BreadcrumbList","@id":"https:\/\/motorista.com.br\/noticias\/2026\/09\/05\/diesel-tera-aumento-no-uso-de-biocombustiveis-mercado-bilionario-ate-2035-2\/#breadcrumb","itemListElement":[{"@type":"ListItem","position":1,"name":"In\u00edcio","item":"https:\/\/motorista.com.br\/noticias\/"},{"@type":"ListItem","position":2,"name":"Diesel ter\u00e1 aumento no uso de biocombust\u00edveis; mercado bilion\u00e1rio at\u00e9 2035."}]},{"@type":"WebSite","@id":"https:\/\/motorista.com.br\/noticias\/#website","url":"https:\/\/motorista.com.br\/noticias\/","name":"Motorista.com.br","description":"Not\u00edcia do Motorista","publisher":{"@id":"https:\/\/motorista.com.br\/noticias\/#organization"},"potentialAction":[{"@type":"SearchAction","target":{"@type":"EntryPoint","urlTemplate":"https:\/\/motorista.com.br\/noticias\/?s={search_term_string}"},"query-input":{"@type":"PropertyValueSpecification","valueRequired":true,"valueName":"search_term_string"}}],"inLanguage":"pt-BR"},{"@type":"Organization","@id":"https:\/\/motorista.com.br\/noticias\/#organization","name":"Motorista.com.br","url":"https:\/\/motorista.com.br\/noticias\/","logo":{"@type":"ImageObject","inLanguage":"pt-BR","@id":"https:\/\/motorista.com.br\/noticias\/#\/schema\/logo\/image\/","url":"https:\/\/motorista.com.br\/noticias\/wp-content\/uploads\/2025\/06\/Design-sem-nome-9.png","contentUrl":"https:\/\/motorista.com.br\/noticias\/wp-content\/uploads\/2025\/06\/Design-sem-nome-9.png","width":150,"height":85,"caption":"Motorista.com.br"},"image":{"@id":"https:\/\/motorista.com.br\/noticias\/#\/schema\/logo\/image\/"}},{"@type":"Person","@id":"https:\/\/motorista.com.br\/noticias\/#\/schema\/person\/dc93afc2981c0e3ce6bc3c053fd847be","name":"Equipe Reda\u00e7\u00e3o","image":{"@type":"ImageObject","inLanguage":"pt-BR","@id":"https:\/\/secure.gravatar.com\/avatar\/4f525efbf18dd2bb300ccad28bfb99d95a9465a5ba268407c8c37b37e1f28d2d?s=96&d=mm&r=g9e099043a0c61e9ae27e293b9fa75ffc","url":"https:\/\/secure.gravatar.com\/avatar\/4f525efbf18dd2bb300ccad28bfb99d95a9465a5ba268407c8c37b37e1f28d2d?s=96&d=mm&r=g","contentUrl":"https:\/\/secure.gravatar.com\/avatar\/4f525efbf18dd2bb300ccad28bfb99d95a9465a5ba268407c8c37b37e1f28d2d?s=96&d=mm&r=g","caption":"Equipe Reda\u00e7\u00e3o"},"description":"Equipe de reda\u00e7\u00e3o \u00e9 um grupo de profissionais que trabalham juntos para criar conte\u00fado escrito para Motorista.com.br","url":"https:\/\/motorista.com.br\/noticias\/author\/equiperedacao\/"}]}},"_links":{"self":[{"href":"https:\/\/motorista.com.br\/noticias\/wp-json\/wp\/v2\/posts\/14377","targetHints":{"allow":["GET"]}}],"collection":[{"href":"https:\/\/motorista.com.br\/noticias\/wp-json\/wp\/v2\/posts"}],"about":[{"href":"https:\/\/motorista.com.br\/noticias\/wp-json\/wp\/v2\/types\/post"}],"author":[{"embeddable":true,"href":"https:\/\/motorista.com.br\/noticias\/wp-json\/wp\/v2\/users\/4"}],"replies":[{"embeddable":true,"href":"https:\/\/motorista.com.br\/noticias\/wp-json\/wp\/v2\/comments?post=14377"}],"version-history":[{"count":0,"href":"https:\/\/motorista.com.br\/noticias\/wp-json\/wp\/v2\/posts\/14377\/revisions"}],"wp:featuredmedia":[{"embeddable":true,"href":"https:\/\/motorista.com.br\/noticias\/wp-json\/wp\/v2\/media\/14373"}],"wp:attachment":[{"href":"https:\/\/motorista.com.br\/noticias\/wp-json\/wp\/v2\/media?parent=14377"}],"wp:term":[{"taxonomy":"category","embeddable":true,"href":"https:\/\/motorista.com.br\/noticias\/wp-json\/wp\/v2\/categories?post=14377"},{"taxonomy":"post_tag","embeddable":true,"href":"https:\/\/motorista.com.br\/noticias\/wp-json\/wp\/v2\/tags?post=14377"},{"taxonomy":"author","embeddable":true,"href":"https:\/\/motorista.com.br\/noticias\/wp-json\/wp\/v2\/coauthors?post=14377"}],"curies":[{"name":"wp","href":"https:\/\/api.w.org\/{rel}","templated":true}]}}